{"id":1401,"date":"2016-07-14T13:45:20","date_gmt":"2016-07-14T13:45:20","guid":{"rendered":"http:\/\/skoda-rowery.pl\/?p=1401"},"modified":"2016-12-05T08:48:25","modified_gmt":"2016-12-05T08:48:25","slug":"rasowy-sprinter-andre-greipel","status":"publish","type":"post","link":"https:\/\/www.welovecycling.com\/pl\/2016\/07\/14\/rasowy-sprinter-andre-greipel\/","title":{"rendered":"Rasowy sprinter: Andr\u00e9 Greipel"},"content":{"rendered":"<p style=\"text-align: justify\">M\u00f3wi si\u0119, \u017ce wy\u015bcig wygrywa ten zawodnik, kt\u00f3ry ma najwy\u017cszy pr\u00f3g tolerancji cierpienia. Sportowiec o wielkiej wytrzyma\u0142o\u015bci musi by\u0107 w stanie znie\u015b\u0107 potencjalne za\u017cenowanie i znosi\u0107 b\u00f3l bez narzekania, musi wiedzie\u0107, \u017ce wszystko sprowadza si\u0119 do umiej\u0119tno\u015bci zaci\u015bni\u0119cia z\u0119b\u00f3w i wytrzymania wi\u0119cej ni\u017c pozostali. A kto znajduje si\u0119 w\u015br\u00f3d ludzi, kt\u00f3rym uczucie to jest najbardziej znane? Niemiecki zawodnik Andr\u00e9 Greipel. Rasowy sprinter, Greipel jest jednym z najdoskonalszych kolarzy swojej epoki. Ka\u017cdego roku dodaje do swoich wynik\u00f3w coraz wi\u0119ksz\u0105 liczb\u0119 przebytych kilometr\u00f3w (i zwyci\u0119stw).<!--more--><\/p>\n<p style=\"text-align: justify\">Jak w przypadku ka\u017cdego sportowca tego kalibru, wspinaczka Greipela na szczyt \u015bwiata kolarskiego by\u0142a ci\u0119\u017ck\u0105 bitw\u0105. Tacy sportowcy doskonale wiedz\u0105, \u017ce wcale nie jest \u0142atwiej, gdy stajesz si\u0119 lepszy, po prostu jedziesz szybciej i ci\u0119\u017cej pracujesz. Jest to rotacja b\u00f3lu, przeciwno\u015bci losu, stawiania czo\u0142a wyzwaniom, poprawa i ostatecznie poczucie spe\u0142nienia, kt\u00f3re sprawia, \u017ce to wszystko warte jest wysi\u0142ku. Greipel wie, \u017ce cz\u0119\u015bci\u0105 kolarstwa jest zdolno\u015b\u0107 zmierzenia si\u0119 z dyskomfortem i nadania mu sensu. Przyjmuj\u0105c taki punkt widzenia, prawdziwy zawodnik zdaje sobie spraw\u0119, \u017ce nie ma znaczenia, czy walczysz w sprincie o medal olimpijski, jedziesz do znaku miasta, pocz\u0105tku szlaku lub do postoju z domow\u0105 lemoniad\u0105. Je\u015bli nigdy nie zmierzysz si\u0119 z b\u00f3lem, nie poczujesz istoty sportu.<\/p>\n<figure id=\"attachment_1403\" aria-describedby=\"caption-attachment-1403\" style=\"width: 1024px\" class=\"wp-caption alignnone\"><img loading=\"lazy\" decoding=\"async\" class=\"size-large wp-image-1403\" src=\"http:\/\/skoda-rowery.pl\/wp-content\/uploads\/2016\/07\/profimedia-0252538195-1024x681.jpg\" alt=\"Germany's Andre Greipel (L), wearing the best sprinter's green jersey speaks with Germany's Tony Martin, wearing the overall leader's yellow jersey, as they take the start of the 191.5 km sixth stage of the 102nd edition of the Tour de France cycling race on July 9, 2015, between Abbeville and Le Havre, northern France., Image: 252538195, License: Rights-managed, Restrictions: , Model Release: no, Credit line: Profimedia, AFP\" width=\"1024\" height=\"681\" srcset=\"https:\/\/d2p6e6u75xmxt8.cloudfront.net\/5\/2016\/07\/profimedia-0252538195-1024x681.jpg 1024w, https:\/\/d2p6e6u75xmxt8.cloudfront.net\/5\/2016\/07\/profimedia-0252538195-300x199.jpg 300w, https:\/\/d2p6e6u75xmxt8.cloudfront.net\/5\/2016\/07\/profimedia-0252538195-768x511.jpg 768w, https:\/\/d2p6e6u75xmxt8.cloudfront.net\/5\/2016\/07\/profimedia-0252538195-272x182.jpg 272w, https:\/\/d2p6e6u75xmxt8.cloudfront.net\/5\/2016\/07\/profimedia-0252538195.jpg 1250w\" sizes=\"auto, (max-width: 1024px) 100vw, 1024px\" \/><figcaption id=\"caption-attachment-1403\" class=\"wp-caption-text\">Germany&#8217;s Andre Greipel (L) Zdjecie: 252538195, License: Rights-managed, Restrictions: , Model Release: no, Credit line: Profimedia, AFP<\/figcaption><\/figure>\n<p style=\"text-align: justify\">Tour Down Under 2008 by\u0142 punktem zwrotnym w karierze kolarskiej Greipela. Wygra\u0142 klasyfikacj\u0119 og\u00f3ln\u0105 jedynie o 7 sekund przed miejscowym kolarzem Allanem Davidem, zanotowa\u0142 r\u00f3wnie\u017c imponuj\u0105ce wygrane w 4 etapach z mo\u017cliwych 6. Zastrzykiem motywacji i pewno\u015bci siebie, kt\u00f3rej potrzebowa\u0142 by\u0142o jego pierwsze zwyci\u0119stwo etapowe w Grand Tour, a p\u00f3\u017aniej w tym samym sezonie w Giro d&#8217;Italia.<\/p>\n<p style=\"text-align: justify\">Od tego czasu zanotowa\u0142 szereg osi\u0105gni\u0119\u0107 pod pseudonimem \u201eGorilla\u201d, kt\u00f3ry otrzyma\u0142 w 2008 roku dzi\u0119ki swojej fizycznej dominacji na drodze. Media sportowe lubi\u0105 go nazywa\u0107 w\u0142a\u015bnie tak, a jego nazwisko wpisa\u0142o si\u0119 na sta\u0142e w \u015bwiat medi\u00f3w kolarskich. Jego g\u0142\u00f3wne sukcesy to m.in. 20 zwyci\u0119stw w wy\u015bcigach Grand Tour, 10 w Tour de France, 4 w Vuelta a Espana i 6 w Giro d&#8217;Italia. Dominowa\u0142 r\u00f3wnie\u017c w klasyku Paris-Bourges, wygra\u0142 te\u017c og\u00f3ln\u0105 klasyfikacj\u0119 australijskiego wy\u015bcigu Tour Down Under ponownie w 2010 roku.<\/p>\n<p style=\"text-align: justify\">Jego kariera nadal nabiera tempa, a rok 2015 by\u0142 najbardziej udanym w jego karierze. Odnotowa\u0142 pierwsze zwyci\u0119stwo w sezonie w Volta ao Algarve, a nast\u0119pne w drugim etapie wy\u015bcigu Pary\u017c-Nicea &#8211; zwyci\u0119stwo, kt\u00f3re wzruszaj\u0105co zadedykowa\u0142 swojej chorej matce. Od tamtego czasu odni\u00f3s\u0142 szereg innych sukces\u00f3w. By\u0142 dumnym zwyci\u0119zc\u0105 drugiego etapu Tour de France, gdy w wietrznej aurze prze\u015bcign\u0105\u0142 Petera Sagana, Marka Cavendisha i Fabiana Cancellar\u0119. Wygra\u0142 tak\u017ce pi\u0105ty, pi\u0119tnasty i ostatni dwudziesty pierwszy etap, co da\u0142o mu najwi\u0119cej zwyci\u0119stw etapowych w\u015br\u00f3d wszystkich zawodnik\u00f3w w ubieg\u0142orocznym Tour de France.<\/p>\n<figure id=\"attachment_1404\" aria-describedby=\"caption-attachment-1404\" style=\"width: 1024px\" class=\"wp-caption alignnone\"><img loading=\"lazy\" decoding=\"async\" class=\"size-large wp-image-1404\" src=\"http:\/\/skoda-rowery.pl\/wp-content\/uploads\/2016\/07\/profimedia-0252844667-1024x718.jpg\" alt=\"Lotto Soudal team rider Andre Greipel of Germany celebrates on the podium wearing the best sprinter's green jersey following the 10th stage of the 102nd edition of the Tour de France cycling race over 167km between Tarbes and La Pierre-Saint-Martin, France, 14 July 2015., Image: 252844667, License: Rights-managed, Restrictions: , Model Release: no, Credit line: Profimedia, TEMP EPA\" width=\"1024\" height=\"718\" srcset=\"https:\/\/d2p6e6u75xmxt8.cloudfront.net\/5\/2016\/07\/profimedia-0252844667-1024x718.jpg 1024w, https:\/\/d2p6e6u75xmxt8.cloudfront.net\/5\/2016\/07\/profimedia-0252844667-300x210.jpg 300w, https:\/\/d2p6e6u75xmxt8.cloudfront.net\/5\/2016\/07\/profimedia-0252844667-768x539.jpg 768w, https:\/\/d2p6e6u75xmxt8.cloudfront.net\/5\/2016\/07\/profimedia-0252844667.jpg 1250w\" sizes=\"auto, (max-width: 1024px) 100vw, 1024px\" \/><figcaption id=\"caption-attachment-1404\" class=\"wp-caption-text\">Zdj\u0119cie: 252844667, License: Rights-managed, Restrictions: , Model Release: no, Credit line: Profimedia, TEMP EPA<\/figcaption><\/figure>\n<p style=\"text-align: justify\">\u015awiat profesjonalnego sprintu jest oczywi\u015bcie niezwykle konkurencyjny, ale gromadzi r\u00f3wnie\u017c niezwykle z\u017cytych i wspieraj\u0105cych si\u0119 ludzi. Poniewa\u017c sportowcy ci cz\u0119sto zmuszaj\u0105 swoje organizmy do skrajnego wysi\u0142ku, musz\u0105 polega\u0107 na sobie nawzajem, by dodawa\u0107 sobie otuchy i zagrzewa\u0107 do walki. Greipel \u015bciga si\u0119 dla ekipy UCI World Tour Lotto-Soudal, belgijskiej zawodowej ekipy kolarskiej z d\u0142ug\u0105 histori\u0105, je\u015bli chodzi o sponsor\u00f3w. Ekipa mo\u017ce liczy\u0107 r\u00f3wnie\u017c na firm\u0119 \u0160koda, kt\u00f3ra zapewnia zespo\u0142owi samochody oraz dowozi i odwozi ich sprz\u0119t z wy\u015bcigu. Tak wa\u017cni partnerzy udowadniaj\u0105, jak wiele stron musi wsp\u00f3\u0142pracowa\u0107, aby pojedynczy zawodnik, jak i ekipa kolarska maksymalnie wykorzysta\u0142a sw\u00f3j potencja\u0142. W d\u0105\u017ceniu do szczytu swoich mo\u017cliwo\u015bci chodzi o zmian\u0119 my\u015blenia o tym, co jest mo\u017cliwe do wykonania.<\/p>\n<p style=\"text-align: justify\">Inn\u0105 lekcj\u0105, kt\u00f3rej mo\u017cemy si\u0119 nauczy\u0107 od sportowca takiego jak Greipel jest to, w jakim stopniu kolarstwo mo\u017ce by\u0107 \u017ar\u00f3d\u0142em wspania\u0142ych prze\u017cy\u0107 i sensu w \u017cyciu tych, kt\u00f3rzy wejd\u0105 na jego wy\u017cszy poziom. Teoretycznie rower to prosta maszyna, ale mo\u017ce on wyczarowa\u0107 szerok\u0105 gam\u0119 emocji. Opr\u00f3cz wyostrzania zmys\u0142\u00f3w i podnoszenia na duchu tych, kt\u00f3rzy ogl\u0105daj\u0105, dla tych, kt\u00f3rzy \u015bcigaj\u0105 si\u0119, nie ma lepszego uczucia, ni\u017c jazda na swoim rowerze, kt\u00f3ry sprawia, \u017ce g\u00f3ry wydaj\u0105 si\u0119 p\u0142askimi drogami.<\/p>\n<p style=\"text-align: justify\"><img loading=\"lazy\" decoding=\"async\" class=\"alignnone size-large wp-image-1405\" src=\"http:\/\/skoda-rowery.pl\/wp-content\/uploads\/2016\/07\/4242224_4224242-1024x447.jpg\" alt=\"4242224_4224242\" width=\"1024\" height=\"447\" srcset=\"https:\/\/d2p6e6u75xmxt8.cloudfront.net\/5\/2016\/07\/4242224_4224242-1024x447.jpg 1024w, https:\/\/d2p6e6u75xmxt8.cloudfront.net\/5\/2016\/07\/4242224_4224242-300x131.jpg 300w, https:\/\/d2p6e6u75xmxt8.cloudfront.net\/5\/2016\/07\/4242224_4224242-768x335.jpg 768w, https:\/\/d2p6e6u75xmxt8.cloudfront.net\/5\/2016\/07\/4242224_4224242.jpg 1375w\" sizes=\"auto, (max-width: 1024px) 100vw, 1024px\" \/><\/p>\n<p style=\"text-align: justify\">Jego historia przypomina nam, \u017ce kolarstwo jest mieszank\u0105 wszystkiego: pi\u0119kna i rado\u015bci, wolno\u015bci i eskapizmu, b\u00f3lu i cierpienia. Jak wie Greipel, powy\u017csze aspekty s\u0105 nieod\u0142\u0105cznym elementem \u017cycia na dw\u00f3ch k\u00f3\u0142kach i dzi\u0119ki nim jest ono tak satysfakcjonuj\u0105ce. A Ciebie w jaki spos\u00f3b kolarstwo zach\u0119ci\u0142o do przekraczania w\u0142asnych granic?<\/p>\n<p style=\"text-align: justify\"><strong>\u0141\u0105czy nas kolarska pasja. \u0160koda nap\u0119dza rowery.<\/strong><\/p>\n<p style=\"text-align: justify\">\n","protected":false},"excerpt":{"rendered":"<p>M\u00f3wi si\u0119, \u017ce wy\u015bcig wygrywa ten zawodnik, kt\u00f3ry ma najwy\u017cszy pr\u00f3g tolerancji cierpienia. Sportowiec o wielkiej wytrzyma\u0142o\u015bci musi by\u0107 w [&hellip;]<\/p>\n","protected":false},"author":1,"featured_media":1402,"comment_status":"open","ping_status":"closed","sticky":false,"template":"","format":"standard","meta":{"footnotes":""},"categories":[1],"tags":[77],"global-categories":[],"class_list":["post-1401","post","type-post","status-publish","format-standard","has-post-thumbnail","hentry","category-uncategorized","tag-tour-de-france"],"yoast_head":"<!-- This site is optimized with the Yoast SEO Premium plugin v25.3 (Yoast SEO v25.9) - https:\/\/yoast.com\/wordpress\/plugins\/seo\/ -->\n<title>Rasowy sprinter: Andr\u00e9 Greipel - \u0160koda We Love Cycling - Poland<\/title>\n<meta name=\"robots\" content=\"index, follow, max-snippet:-1, max-image-preview:large, max-video-preview:-1\" \/>\n<link rel=\"canonical\" href=\"https:\/\/www.welovecycling.com\/pl\/2016\/07\/14\/rasowy-sprinter-andre-greipel\/\" \/>\n<meta property=\"og:locale\" content=\"pl_PL\" \/>\n<meta property=\"og:type\" content=\"article\" \/>\n<meta property=\"og:title\" content=\"Rasowy sprinter: Andr\u00e9 Greipel\" \/>\n<meta property=\"og:description\" content=\"M\u00f3wi si\u0119, \u017ce wy\u015bcig wygrywa ten zawodnik, kt\u00f3ry ma najwy\u017cszy pr\u00f3g tolerancji cierpienia. Sportowiec o wielkiej wytrzyma\u0142o\u015bci musi by\u0107 w [&hellip;]\" \/>\n<meta property=\"og:url\" content=\"https:\/\/www.welovecycling.com\/pl\/2016\/07\/14\/rasowy-sprinter-andre-greipel\/\" \/>\n<meta property=\"og:site_name\" content=\"\u0160koda We Love Cycling - Poland\" \/>\n<meta property=\"article:published_time\" content=\"2016-07-14T13:45:20+00:00\" \/>\n<meta property=\"article:modified_time\" content=\"2016-12-05T08:48:25+00:00\" \/>\n<meta property=\"og:image\" content=\"https:\/\/d2p6e6u75xmxt8.cloudfront.net\/5\/2016\/07\/profimedia-0252531559.jpg\" \/>\n\t<meta property=\"og:image:width\" content=\"1250\" \/>\n\t<meta property=\"og:image:height\" content=\"831\" \/>\n\t<meta property=\"og:image:type\" content=\"image\/jpeg\" \/>\n<meta name=\"author\" content=\"WeLoveCycling\" \/>\n<meta name=\"twitter:card\" content=\"summary_large_image\" \/>\n<meta name=\"twitter:label1\" content=\"Written by\" \/>\n\t<meta name=\"twitter:data1\" content=\"WeLoveCycling\" \/>\n\t<meta name=\"twitter:label2\" content=\"Est. reading time\" \/>\n\t<meta name=\"twitter:data2\" content=\"4 minutes\" \/>\n<script type=\"application\/ld+json\" class=\"yoast-schema-graph\">{\"@context\":\"https:\/\/schema.org\",\"@graph\":[{\"@type\":\"WebPage\",\"@id\":\"https:\/\/www.welovecycling.com\/pl\/2016\/07\/14\/rasowy-sprinter-andre-greipel\/\",\"url\":\"https:\/\/www.welovecycling.com\/pl\/2016\/07\/14\/rasowy-sprinter-andre-greipel\/\",\"name\":\"Rasowy sprinter: Andr\u00e9 Greipel - \u0160koda We Love Cycling - Poland\",\"isPartOf\":{\"@id\":\"https:\/\/www.welovecycling.com\/pl\/#website\"},\"primaryImageOfPage\":{\"@id\":\"https:\/\/www.welovecycling.com\/pl\/2016\/07\/14\/rasowy-sprinter-andre-greipel\/#primaryimage\"},\"image\":{\"@id\":\"https:\/\/www.welovecycling.com\/pl\/2016\/07\/14\/rasowy-sprinter-andre-greipel\/#primaryimage\"},\"thumbnailUrl\":\"https:\/\/d2p6e6u75xmxt8.cloudfront.net\/5\/2016\/07\/profimedia-0252531559.jpg\",\"datePublished\":\"2016-07-14T13:45:20+00:00\",\"dateModified\":\"2016-12-05T08:48:25+00:00\",\"author\":{\"@id\":\"https:\/\/www.welovecycling.com\/pl\/#\/schema\/person\/e5187c9cac8dd619ebc7b41bd73c2fd9\"},\"breadcrumb\":{\"@id\":\"https:\/\/www.welovecycling.com\/pl\/2016\/07\/14\/rasowy-sprinter-andre-greipel\/#breadcrumb\"},\"inLanguage\":\"pl-PL\",\"potentialAction\":[{\"@type\":\"ReadAction\",\"target\":[\"https:\/\/www.welovecycling.com\/pl\/2016\/07\/14\/rasowy-sprinter-andre-greipel\/\"]}]},{\"@type\":\"ImageObject\",\"inLanguage\":\"pl-PL\",\"@id\":\"https:\/\/www.welovecycling.com\/pl\/2016\/07\/14\/rasowy-sprinter-andre-greipel\/#primaryimage\",\"url\":\"https:\/\/d2p6e6u75xmxt8.cloudfront.net\/5\/2016\/07\/profimedia-0252531559.jpg\",\"contentUrl\":\"https:\/\/d2p6e6u75xmxt8.cloudfront.net\/5\/2016\/07\/profimedia-0252531559.jpg\",\"width\":1250,\"height\":831,\"caption\":\"Germany's Andre Greipel celebrates his green jersey of best sprinter on the podium at the end of the 191.5 km sixth stage of the 102nd edition of the Tour de France cycling race on July 9, 2015, between Abbeville and Le Havre, northern France., Image: 252531559, License: Rights-managed, Restrictions: , Model Release: no, Credit line: Profimedia, AFP\"},{\"@type\":\"BreadcrumbList\",\"@id\":\"https:\/\/www.welovecycling.com\/pl\/2016\/07\/14\/rasowy-sprinter-andre-greipel\/#breadcrumb\",\"itemListElement\":[{\"@type\":\"ListItem\",\"position\":1,\"name\":\"Home\",\"item\":\"https:\/\/www.welovecycling.com\/pl\/\"},{\"@type\":\"ListItem\",\"position\":2,\"name\":\"Rasowy sprinter: Andr\u00e9 Greipel\"}]},{\"@type\":\"WebSite\",\"@id\":\"https:\/\/www.welovecycling.com\/pl\/#website\",\"url\":\"https:\/\/www.welovecycling.com\/pl\/\",\"name\":\"\u0160koda We Love Cycling - Poland\",\"description\":\"\",\"potentialAction\":[{\"@type\":\"SearchAction\",\"target\":{\"@type\":\"EntryPoint\",\"urlTemplate\":\"https:\/\/www.welovecycling.com\/pl\/?s={search_term_string}\"},\"query-input\":{\"@type\":\"PropertyValueSpecification\",\"valueRequired\":true,\"valueName\":\"search_term_string\"}}],\"inLanguage\":\"pl-PL\"},{\"@type\":\"Person\",\"@id\":\"https:\/\/www.welovecycling.com\/pl\/#\/schema\/person\/e5187c9cac8dd619ebc7b41bd73c2fd9\",\"name\":\"WeLoveCycling\",\"image\":{\"@type\":\"ImageObject\",\"inLanguage\":\"pl-PL\",\"@id\":\"https:\/\/www.welovecycling.com\/pl\/#\/schema\/person\/image\/\",\"url\":\"https:\/\/secure.gravatar.com\/avatar\/7e1ee0ecc5e294b19ef32b9f6086e0afbb9da00c3cb0d465ba4695331f4a9187?s=96&d=mm&r=g\",\"contentUrl\":\"https:\/\/secure.gravatar.com\/avatar\/7e1ee0ecc5e294b19ef32b9f6086e0afbb9da00c3cb0d465ba4695331f4a9187?s=96&d=mm&r=g\",\"caption\":\"WeLoveCycling\"},\"url\":\"https:\/\/www.welovecycling.com\/pl\/author\/lukascech\/\"}]}<\/script>\n<!-- \/ Yoast SEO Premium plugin. -->","yoast_head_json":{"title":"Rasowy sprinter: Andr\u00e9 Greipel - \u0160koda We Love Cycling - Poland","robots":{"index":"index","follow":"follow","max-snippet":"max-snippet:-1","max-image-preview":"max-image-preview:large","max-video-preview":"max-video-preview:-1"},"canonical":"https:\/\/www.welovecycling.com\/pl\/2016\/07\/14\/rasowy-sprinter-andre-greipel\/","og_locale":"pl_PL","og_type":"article","og_title":"Rasowy sprinter: Andr\u00e9 Greipel","og_description":"M\u00f3wi si\u0119, \u017ce wy\u015bcig wygrywa ten zawodnik, kt\u00f3ry ma najwy\u017cszy pr\u00f3g tolerancji cierpienia. Sportowiec o wielkiej wytrzyma\u0142o\u015bci musi by\u0107 w [&hellip;]","og_url":"https:\/\/www.welovecycling.com\/pl\/2016\/07\/14\/rasowy-sprinter-andre-greipel\/","og_site_name":"\u0160koda We Love Cycling - Poland","article_published_time":"2016-07-14T13:45:20+00:00","article_modified_time":"2016-12-05T08:48:25+00:00","og_image":[{"width":1250,"height":831,"url":"https:\/\/d2p6e6u75xmxt8.cloudfront.net\/5\/2016\/07\/profimedia-0252531559.jpg","type":"image\/jpeg"}],"author":"WeLoveCycling","twitter_card":"summary_large_image","twitter_misc":{"Written by":"WeLoveCycling","Est. reading time":"4 minutes"},"schema":{"@context":"https:\/\/schema.org","@graph":[{"@type":"WebPage","@id":"https:\/\/www.welovecycling.com\/pl\/2016\/07\/14\/rasowy-sprinter-andre-greipel\/","url":"https:\/\/www.welovecycling.com\/pl\/2016\/07\/14\/rasowy-sprinter-andre-greipel\/","name":"Rasowy sprinter: Andr\u00e9 Greipel - \u0160koda We Love Cycling - Poland","isPartOf":{"@id":"https:\/\/www.welovecycling.com\/pl\/#website"},"primaryImageOfPage":{"@id":"https:\/\/www.welovecycling.com\/pl\/2016\/07\/14\/rasowy-sprinter-andre-greipel\/#primaryimage"},"image":{"@id":"https:\/\/www.welovecycling.com\/pl\/2016\/07\/14\/rasowy-sprinter-andre-greipel\/#primaryimage"},"thumbnailUrl":"https:\/\/d2p6e6u75xmxt8.cloudfront.net\/5\/2016\/07\/profimedia-0252531559.jpg","datePublished":"2016-07-14T13:45:20+00:00","dateModified":"2016-12-05T08:48:25+00:00","author":{"@id":"https:\/\/www.welovecycling.com\/pl\/#\/schema\/person\/e5187c9cac8dd619ebc7b41bd73c2fd9"},"breadcrumb":{"@id":"https:\/\/www.welovecycling.com\/pl\/2016\/07\/14\/rasowy-sprinter-andre-greipel\/#breadcrumb"},"inLanguage":"pl-PL","potentialAction":[{"@type":"ReadAction","target":["https:\/\/www.welovecycling.com\/pl\/2016\/07\/14\/rasowy-sprinter-andre-greipel\/"]}]},{"@type":"ImageObject","inLanguage":"pl-PL","@id":"https:\/\/www.welovecycling.com\/pl\/2016\/07\/14\/rasowy-sprinter-andre-greipel\/#primaryimage","url":"https:\/\/d2p6e6u75xmxt8.cloudfront.net\/5\/2016\/07\/profimedia-0252531559.jpg","contentUrl":"https:\/\/d2p6e6u75xmxt8.cloudfront.net\/5\/2016\/07\/profimedia-0252531559.jpg","width":1250,"height":831,"caption":"Germany's Andre Greipel celebrates his green jersey of best sprinter on the podium at the end of the 191.5 km sixth stage of the 102nd edition of the Tour de France cycling race on July 9, 2015, between Abbeville and Le Havre, northern France., Image: 252531559, License: Rights-managed, Restrictions: , Model Release: no, Credit line: Profimedia, AFP"},{"@type":"BreadcrumbList","@id":"https:\/\/www.welovecycling.com\/pl\/2016\/07\/14\/rasowy-sprinter-andre-greipel\/#breadcrumb","itemListElement":[{"@type":"ListItem","position":1,"name":"Home","item":"https:\/\/www.welovecycling.com\/pl\/"},{"@type":"ListItem","position":2,"name":"Rasowy sprinter: Andr\u00e9 Greipel"}]},{"@type":"WebSite","@id":"https:\/\/www.welovecycling.com\/pl\/#website","url":"https:\/\/www.welovecycling.com\/pl\/","name":"\u0160koda We Love Cycling - Poland","description":"","potentialAction":[{"@type":"SearchAction","target":{"@type":"EntryPoint","urlTemplate":"https:\/\/www.welovecycling.com\/pl\/?s={search_term_string}"},"query-input":{"@type":"PropertyValueSpecification","valueRequired":true,"valueName":"search_term_string"}}],"inLanguage":"pl-PL"},{"@type":"Person","@id":"https:\/\/www.welovecycling.com\/pl\/#\/schema\/person\/e5187c9cac8dd619ebc7b41bd73c2fd9","name":"WeLoveCycling","image":{"@type":"ImageObject","inLanguage":"pl-PL","@id":"https:\/\/www.welovecycling.com\/pl\/#\/schema\/person\/image\/","url":"https:\/\/secure.gravatar.com\/avatar\/7e1ee0ecc5e294b19ef32b9f6086e0afbb9da00c3cb0d465ba4695331f4a9187?s=96&d=mm&r=g","contentUrl":"https:\/\/secure.gravatar.com\/avatar\/7e1ee0ecc5e294b19ef32b9f6086e0afbb9da00c3cb0d465ba4695331f4a9187?s=96&d=mm&r=g","caption":"WeLoveCycling"},"url":"https:\/\/www.welovecycling.com\/pl\/author\/lukascech\/"}]}},"_links":{"self":[{"href":"https:\/\/www.welovecycling.com\/pl\/wp-json\/wp\/v2\/posts\/1401","targetHints":{"allow":["GET"]}}],"collection":[{"href":"https:\/\/www.welovecycling.com\/pl\/wp-json\/wp\/v2\/posts"}],"about":[{"href":"https:\/\/www.welovecycling.com\/pl\/wp-json\/wp\/v2\/types\/post"}],"author":[{"embeddable":true,"href":"https:\/\/www.welovecycling.com\/pl\/wp-json\/wp\/v2\/users\/1"}],"replies":[{"embeddable":true,"href":"https:\/\/www.welovecycling.com\/pl\/wp-json\/wp\/v2\/comments?post=1401"}],"version-history":[{"count":1,"href":"https:\/\/www.welovecycling.com\/pl\/wp-json\/wp\/v2\/posts\/1401\/revisions"}],"predecessor-version":[{"id":2430,"href":"https:\/\/www.welovecycling.com\/pl\/wp-json\/wp\/v2\/posts\/1401\/revisions\/2430"}],"wp:featuredmedia":[{"embeddable":true,"href":"https:\/\/www.welovecycling.com\/pl\/wp-json\/wp\/v2\/media\/1402"}],"wp:attachment":[{"href":"https:\/\/www.welovecycling.com\/pl\/wp-json\/wp\/v2\/media?parent=1401"}],"wp:term":[{"taxonomy":"category","embeddable":true,"href":"https:\/\/www.welovecycling.com\/pl\/wp-json\/wp\/v2\/categories?post=1401"},{"taxonomy":"post_tag","embeddable":true,"href":"https:\/\/www.welovecycling.com\/pl\/wp-json\/wp\/v2\/tags?post=1401"},{"taxonomy":"global-categories","embeddable":true,"href":"https:\/\/www.welovecycling.com\/pl\/wp-json\/wp\/v2\/global-categories?post=1401"}],"curies":[{"name":"wp","href":"https:\/\/api.w.org\/{rel}","templated":true}]}}