{"id":13982,"date":"2023-07-19T14:16:19","date_gmt":"2023-07-19T14:16:19","guid":{"rendered":"https:\/\/www.welovecycling.com\/pl\/?p=13982"},"modified":"2023-08-23T13:15:25","modified_gmt":"2023-08-23T13:15:25","slug":"2-tydzien-tour-de-france","status":"publish","type":"post","link":"https:\/\/www.welovecycling.com\/pl\/2023\/07\/19\/2-tydzien-tour-de-france\/","title":{"rendered":"2. tydzie\u0144 Tour de France"},"content":{"rendered":"<p><strong>Chyba nikt nie ma w\u0105tpliwo\u015bci, od czego zaczn\u0119 podsumowanie drugiego tygodnia najwi\u0119kszego francuskiego wy\u015bcigu etapowego.<\/strong><\/p>\n<p><strong>Grande Micha\u0142 Kwiatkowski na Gran Colombier w dniu \u015bwi\u0119ta narodowego Francji, czyli mistrz \u015bwiata z Ponferrady wygrywa sw\u00f3j drugi etap na TDF i otwiera tym samym czwart\u0105 dziesi\u0105tk\u0119 profesjonalnych wygranych. To by\u0142 w sumie tydzie\u0144 Micha\u0142a, ucieczka za ucieczk\u0105, pr\u00f3ba za pr\u00f3b\u0105, a\u017c wreszcie \u2013 ku uciesze kibic\u00f3w \u2013 si\u0119 uda\u0142o. Bez dobrych n\u00f3g i silnej psychiki na tym wy\u015bcigu nic nie wychodzi samo z siebie, wi\u0119c nie ma co ukrywa\u0107 \u2013 Micha\u0142 wr\u00f3ci\u0142 do dawnej formy. A \u017ce na Tour de France jak nigdzie indziej na \u015bwiecie walczy si\u0119 o wszystko, o ka\u017cd\u0105 klasyfikacj\u0119, o ka\u017cde miejsce w generalce, o ka\u017cdy punkt na lotnej premii, to zapewne nie jest to ostatnie s\u0142owo Micha\u0142a na tym wy\u015bcigu.<\/strong><\/p>\n<p>Sytuacja naszych dw\u00f3ch najlepszych kolarzy szosowych w ich grupach jest raczej jasna, ale tylko dla tych, kt\u00f3rzy znaj\u0105 si\u0119 na kolarstwie. Mo\u017cna krytykowa\u0107 zawodnik\u00f3w za to, \u017ce nie wygrywaj\u0105, ale nie zrobi tego nikt, kto ma elementarn\u0105 wiedz\u0119 o tym sporcie. Pami\u0119tam jak dzisiaj jeden z wy\u015bcig\u00f3w hiszpa\u0144skiej Vuelty \u2013 jechali\u015bmy go razem z Micha\u0142em, na pierwsze dziesi\u0119\u0107 etap\u00f3w z pi\u0119\u0107 by\u0142o idealnie skrojone pod Micha\u0142a i mia\u0142 na tym wy\u015bcigu \u015bwietne nogi. M\u00f3g\u0142 pr\u00f3bowa\u0107 codziennie wygra\u0107 etap, ale powiedzia\u0142 mi wtedy: \u201eJe\u015bli p\u00f3\u017aniej, w dalszej cz\u0119\u015bci zmaga\u0144, zabraknie mi si\u0142, by pom\u00f3c liderowi wygra\u0107 ca\u0142y wy\u015bcig, bo zu\u017cy\u0142em je nie tam gdzie trzeba, to b\u0119d\u0105 mi to wypomina\u0107 do ko\u0144ca moich dni w tej dru\u017cynie\u201d.<\/p>\n<p>Podzia\u0142 r\u00f3l jak w dobrze funkcjonuj\u0105cej firmie, w kt\u00f3rej ka\u017cdy jest odpowiedzialny za swoj\u0105 dzia\u0142k\u0119 i pracuje, by ca\u0142a firma osi\u0105gn\u0119\u0142a cel \u2013 tak samo skonstruowany jest spos\u00f3b my\u015blenia i planowania doboru sk\u0142adu pod ka\u017cdy wy\u015bcig w dru\u017cynie kolarskiej. I teraz na TDF sytuacja u\u0142o\u017cy\u0142a si\u0119 wreszcie tak, \u017ce Micha\u0142 ma woln\u0105 r\u0119k\u0119. Lider jego dru\u017cyny jedzie w okolicy pocz\u0105tku drugiej dziesi\u0105tki, czyli praktycznie niezauwa\u017cony przez og\u00f3lne media. Ma\u0142o tego, Thomas Pidcock, bo o nim mowa, jedzie wy\u015bcig z my\u015bl\u0105 o klasyfikacji generalnej po raz pierwszy w \u017cyciu, wi\u0119c szansa niepowodzenia jest du\u017ca. Dlatego cieszy fakt, \u017ce pomocnicy dru\u017cyny Ineos Grenadiers maj\u0105 woln\u0105 r\u0119k\u0119, dzi\u0119ki czemu wygrali dwa etapy z rz\u0119du. My, kibice, chcieliby\u015bmy cz\u0119\u015bciej ogl\u0105da\u0107 zar\u00f3wno Micha\u0142a, jak i Rafa\u0142a Majk\u0119 w takich akcjach, musimy jednak wzi\u0105\u0107 pod uwag\u0119 to, o czym pisa\u0142em wcze\u015bniej. Dop\u00f3ki Rafa\u0142 ma za swoimi plecami realnego kandydata na wygranie ca\u0142ego TDF, nie wystawi nosa, aby realizowa\u0107 swoje cele, nawet o centymetr za daleko. Tak by\u0142o, jest i b\u0119dzie.<\/p>\n<p>Tymczasem faworyci wy\u015bcigu robi\u0105 show, jakiego nie widzieli\u015bmy dawno. Ju\u017c zesz\u0142oroczny Tour de France by\u0142 superinteresuj\u0105cy, pierwszy tydzie\u0144 tegorocznej edycji by\u0142 mega, ale to, co si\u0119 dzia\u0142o w drugim tygodniu, podkr\u0119ca jeszcze bardziej apetyt na \u015bledzenie trzeciego. Tadej Pogacar dzie\u0144 po dniu, konsekwentnie odrabia po 3\u20134 sekundy do lidera wy\u015bcigu. Wida\u0107, \u017ce panowie s\u0105 na r\u00f3wnym poziomie fizycznym, ale Pogacar nie mo\u017ce znale\u017a\u0107 sposobu na Vingegaarda. Dlatego w trzecim tygodniu, niezwykle ci\u0119\u017ckim, decyduj\u0105cy mo\u017ce by\u0107 jeden dzie\u0144 kryzysu, a nawet jeden b\u0142\u0105d. Pami\u0119tamy taki s\u0142abszy dzie\u0144 u Pogacara w 2022 roku, kiedy to straci\u0142 tak wiele, \u017ce jego szanse na odrobienie strat zgas\u0142y i ostatecznie przegra\u0142 ca\u0142y wy\u015bcig. W tym roku mo\u017ce by\u0107 tak samo lub zupe\u0142nie odwrotnie \u2013 i to Du\u0144czyk zaliczy s\u0142abszy dzie\u0144. Trzeci tydzie\u0144 otwiera jazda indywidualna na czas, kt\u00f3ra mo\u017ce du\u017co wyja\u015bni\u0107. Pr\u00f3ba ta nie b\u0119dzie specjalnie d\u0142uga, ale niezwykle wa\u017cna. Bardzo istotny b\u0119dzie dobry rekonesans trasy, taktyka jazdy oraz dok\u0142adne \u015bledzenie poczyna\u0144 najwi\u0119kszego rywala. W tym tygodniu przed walcz\u0105cymi o klasyfikacj\u0119 generaln\u0105 jeszcze dwie g\u00f3rskie przeprawy, na etapach 17. i 20. Po tym zostaj\u0105 ju\u017c tylko Pola Elizejskie, na kt\u00f3rych z zasady generalna si\u0119 nie zmienia, aczkolwiek jak to na wy\u015bcigu \u2013 nigdy nie wiadomo, co komu wpadnie do g\u0142owy.<\/p>\n<p>&nbsp;<\/p>\n<p><span data-sheets-value=\"{&quot;1&quot;:2,&quot;2&quot;:&quot;Artyku\u0142 powsta\u0142 we wsp\u00f3\u0142pracy ze skoda-auto.pl&quot;}\" data-sheets-userformat=\"{&quot;2&quot;:1,&quot;3&quot;:{&quot;1&quot;:0}}\" data-sheets-hyperlink=\"http:\/\/www.skoda-auto.pl\/\"><a class=\"in-cell-link\" href=\"http:\/\/www.skoda-auto.pl\/\" target=\"_blank\" rel=\"noopener noreferrer\">Artyku\u0142 powsta\u0142 we wsp\u00f3\u0142pracy ze skoda-auto.pl<\/a><\/span><\/p>\n<p><a href=\"https:\/\/d2p6e6u75xmxt8.cloudfront.net\/5\/2030\/11\/1.webp\"><img loading=\"lazy\" decoding=\"async\" class=\"size-full wp-image-13777 aligncenter\" src=\"https:\/\/d2p6e6u75xmxt8.cloudfront.net\/5\/2030\/11\/1.webp\" alt=\"\" width=\"640\" height=\"350\" srcset=\"https:\/\/d2p6e6u75xmxt8.cloudfront.net\/5\/2030\/11\/1.webp 640w, https:\/\/d2p6e6u75xmxt8.cloudfront.net\/5\/2030\/11\/1-300x164.webp 300w, https:\/\/d2p6e6u75xmxt8.cloudfront.net\/5\/2030\/11\/1-400x219.webp 400w\" sizes=\"auto, (max-width: 640px) 100vw, 640px\" \/><\/a><\/p>\n<p>&nbsp;<\/p>\n","protected":false},"excerpt":{"rendered":"<p>Chyba nikt nie ma w\u0105tpliwo\u015bci, od czego zaczn\u0119 podsumowanie drugiego tygodnia najwi\u0119kszego francuskiego wy\u015bcigu etapowego. Grande Micha\u0142 Kwiatkowski na Gran [&hellip;]<\/p>\n","protected":false},"author":153,"featured_media":13983,"comment_status":"open","ping_status":"open","sticky":false,"template":"","format":"standard","meta":{"footnotes":""},"categories":[203,337,398,289,295],"tags":[108,176,73,77,399,82],"global-categories":[303],"class_list":["post-13982","post","type-post","status-publish","format-standard","has-post-thumbnail","hentry","category-bartosz-huzarski","category-tour-de-france","category-tour-de-france-2023","category-we-love-cycling","category-zawody","tag-bartosz-huzarski","tag-kolarstwo","tag-tdf","tag-tour-de-france","tag-tour-de-france-2023","tag-welovecycling","global-categories-cycling"],"yoast_head":"<!-- This site is optimized with the Yoast SEO Premium plugin v25.3 (Yoast SEO v25.9) - https:\/\/yoast.com\/wordpress\/plugins\/seo\/ -->\n<title>2. tydzie\u0144 Tour de France - \u0160koda We Love Cycling - Poland<\/title>\n<meta name=\"robots\" content=\"index, follow, max-snippet:-1, max-image-preview:large, max-video-preview:-1\" \/>\n<link rel=\"canonical\" href=\"https:\/\/www.welovecycling.com\/pl\/2023\/07\/19\/2-tydzien-tour-de-france\/\" \/>\n<meta property=\"og:locale\" content=\"pl_PL\" \/>\n<meta property=\"og:type\" content=\"article\" \/>\n<meta property=\"og:title\" content=\"2. tydzie\u0144 Tour de France\" \/>\n<meta property=\"og:description\" content=\"Chyba nikt nie ma w\u0105tpliwo\u015bci, od czego zaczn\u0119 podsumowanie drugiego tygodnia najwi\u0119kszego francuskiego wy\u015bcigu etapowego. Grande Micha\u0142 Kwiatkowski na Gran [&hellip;]\" \/>\n<meta property=\"og:url\" content=\"https:\/\/www.welovecycling.com\/pl\/2023\/07\/19\/2-tydzien-tour-de-france\/\" \/>\n<meta property=\"og:site_name\" content=\"\u0160koda We Love Cycling - Poland\" \/>\n<meta property=\"article:published_time\" content=\"2023-07-19T14:16:19+00:00\" \/>\n<meta property=\"article:modified_time\" content=\"2023-08-23T13:15:25+00:00\" \/>\n<meta property=\"og:image\" content=\"https:\/\/d2p6e6u75xmxt8.cloudfront.net\/5\/2023\/07\/SCSV2-4257_19-07.webp\" \/>\n\t<meta property=\"og:image:width\" content=\"1280\" \/>\n\t<meta property=\"og:image:height\" content=\"720\" \/>\n\t<meta property=\"og:image:type\" content=\"image\/webp\" \/>\n<meta name=\"author\" content=\"rafal\" \/>\n<meta name=\"twitter:card\" content=\"summary_large_image\" \/>\n<meta name=\"twitter:label1\" content=\"Written by\" \/>\n\t<meta name=\"twitter:data1\" content=\"Bartosz Huzarski\" \/>\n\t<meta name=\"twitter:label2\" content=\"Est. reading time\" \/>\n\t<meta name=\"twitter:data2\" content=\"5\" \/>\n<script type=\"application\/ld+json\" class=\"yoast-schema-graph\">{\"@context\":\"https:\/\/schema.org\",\"@graph\":[{\"@type\":\"WebPage\",\"@id\":\"https:\/\/www.welovecycling.com\/pl\/2023\/07\/19\/2-tydzien-tour-de-france\/\",\"url\":\"https:\/\/www.welovecycling.com\/pl\/2023\/07\/19\/2-tydzien-tour-de-france\/\",\"name\":\"2. tydzie\u0144 Tour de France - \u0160koda We Love Cycling - Poland\",\"isPartOf\":{\"@id\":\"https:\/\/www.welovecycling.com\/pl\/#website\"},\"primaryImageOfPage\":{\"@id\":\"https:\/\/www.welovecycling.com\/pl\/2023\/07\/19\/2-tydzien-tour-de-france\/#primaryimage\"},\"image\":{\"@id\":\"https:\/\/www.welovecycling.com\/pl\/2023\/07\/19\/2-tydzien-tour-de-france\/#primaryimage\"},\"thumbnailUrl\":\"https:\/\/d2p6e6u75xmxt8.cloudfront.net\/5\/2023\/07\/SCSV2-4257_19-07.webp\",\"datePublished\":\"2023-07-19T14:16:19+00:00\",\"dateModified\":\"2023-08-23T13:15:25+00:00\",\"author\":{\"@id\":\"https:\/\/www.welovecycling.com\/pl\/#\/schema\/person\/bf06ed916a1ef16618807fb60d2ebe42\"},\"breadcrumb\":{\"@id\":\"https:\/\/www.welovecycling.com\/pl\/2023\/07\/19\/2-tydzien-tour-de-france\/#breadcrumb\"},\"inLanguage\":\"pl-PL\",\"potentialAction\":[{\"@type\":\"ReadAction\",\"target\":[\"https:\/\/www.welovecycling.com\/pl\/2023\/07\/19\/2-tydzien-tour-de-france\/\"]}]},{\"@type\":\"ImageObject\",\"inLanguage\":\"pl-PL\",\"@id\":\"https:\/\/www.welovecycling.com\/pl\/2023\/07\/19\/2-tydzien-tour-de-france\/#primaryimage\",\"url\":\"https:\/\/d2p6e6u75xmxt8.cloudfront.net\/5\/2023\/07\/SCSV2-4257_19-07.webp\",\"contentUrl\":\"https:\/\/d2p6e6u75xmxt8.cloudfront.net\/5\/2023\/07\/SCSV2-4257_19-07.webp\",\"width\":1280,\"height\":720},{\"@type\":\"BreadcrumbList\",\"@id\":\"https:\/\/www.welovecycling.com\/pl\/2023\/07\/19\/2-tydzien-tour-de-france\/#breadcrumb\",\"itemListElement\":[{\"@type\":\"ListItem\",\"position\":1,\"name\":\"Home\",\"item\":\"https:\/\/www.welovecycling.com\/pl\/\"},{\"@type\":\"ListItem\",\"position\":2,\"name\":\"2. tydzie\u0144 Tour de France\"}]},{\"@type\":\"WebSite\",\"@id\":\"https:\/\/www.welovecycling.com\/pl\/#website\",\"url\":\"https:\/\/www.welovecycling.com\/pl\/\",\"name\":\"\u0160koda We Love Cycling - Poland\",\"description\":\"\",\"potentialAction\":[{\"@type\":\"SearchAction\",\"target\":{\"@type\":\"EntryPoint\",\"urlTemplate\":\"https:\/\/www.welovecycling.com\/pl\/?s={search_term_string}\"},\"query-input\":{\"@type\":\"PropertyValueSpecification\",\"valueRequired\":true,\"valueName\":\"search_term_string\"}}],\"inLanguage\":\"pl-PL\"},{\"@type\":\"Person\",\"@id\":\"https:\/\/www.welovecycling.com\/pl\/#\/schema\/person\/bf06ed916a1ef16618807fb60d2ebe42\",\"name\":\"rafal\",\"image\":{\"@type\":\"ImageObject\",\"inLanguage\":\"pl-PL\",\"@id\":\"https:\/\/www.welovecycling.com\/pl\/#\/schema\/person\/image\/\",\"url\":\"https:\/\/secure.gravatar.com\/avatar\/203f240e63bee214f6f3a0dacbeb600c7829c09716c2b9ee3230c6961debcde2?s=96&d=mm&r=g\",\"contentUrl\":\"https:\/\/secure.gravatar.com\/avatar\/203f240e63bee214f6f3a0dacbeb600c7829c09716c2b9ee3230c6961debcde2?s=96&d=mm&r=g\",\"caption\":\"rafal\"},\"url\":\"https:\/\/www.welovecycling.com\/pl\/author\/rafal\/\"}]}<\/script>\n<!-- \/ Yoast SEO Premium plugin. -->","yoast_head_json":{"title":"2. tydzie\u0144 Tour de France - \u0160koda We Love Cycling - Poland","robots":{"index":"index","follow":"follow","max-snippet":"max-snippet:-1","max-image-preview":"max-image-preview:large","max-video-preview":"max-video-preview:-1"},"canonical":"https:\/\/www.welovecycling.com\/pl\/2023\/07\/19\/2-tydzien-tour-de-france\/","og_locale":"pl_PL","og_type":"article","og_title":"2. tydzie\u0144 Tour de France","og_description":"Chyba nikt nie ma w\u0105tpliwo\u015bci, od czego zaczn\u0119 podsumowanie drugiego tygodnia najwi\u0119kszego francuskiego wy\u015bcigu etapowego. Grande Micha\u0142 Kwiatkowski na Gran [&hellip;]","og_url":"https:\/\/www.welovecycling.com\/pl\/2023\/07\/19\/2-tydzien-tour-de-france\/","og_site_name":"\u0160koda We Love Cycling - Poland","article_published_time":"2023-07-19T14:16:19+00:00","article_modified_time":"2023-08-23T13:15:25+00:00","og_image":[{"width":1280,"height":720,"url":"https:\/\/d2p6e6u75xmxt8.cloudfront.net\/5\/2023\/07\/SCSV2-4257_19-07.webp","type":"image\/webp"}],"author":"rafal","twitter_card":"summary_large_image","twitter_misc":{"Written by":"Bartosz Huzarski","Est. reading time":"5"},"schema":{"@context":"https:\/\/schema.org","@graph":[{"@type":"WebPage","@id":"https:\/\/www.welovecycling.com\/pl\/2023\/07\/19\/2-tydzien-tour-de-france\/","url":"https:\/\/www.welovecycling.com\/pl\/2023\/07\/19\/2-tydzien-tour-de-france\/","name":"2. tydzie\u0144 Tour de France - \u0160koda We Love Cycling - Poland","isPartOf":{"@id":"https:\/\/www.welovecycling.com\/pl\/#website"},"primaryImageOfPage":{"@id":"https:\/\/www.welovecycling.com\/pl\/2023\/07\/19\/2-tydzien-tour-de-france\/#primaryimage"},"image":{"@id":"https:\/\/www.welovecycling.com\/pl\/2023\/07\/19\/2-tydzien-tour-de-france\/#primaryimage"},"thumbnailUrl":"https:\/\/d2p6e6u75xmxt8.cloudfront.net\/5\/2023\/07\/SCSV2-4257_19-07.webp","datePublished":"2023-07-19T14:16:19+00:00","dateModified":"2023-08-23T13:15:25+00:00","author":{"@id":"https:\/\/www.welovecycling.com\/pl\/#\/schema\/person\/bf06ed916a1ef16618807fb60d2ebe42"},"breadcrumb":{"@id":"https:\/\/www.welovecycling.com\/pl\/2023\/07\/19\/2-tydzien-tour-de-france\/#breadcrumb"},"inLanguage":"pl-PL","potentialAction":[{"@type":"ReadAction","target":["https:\/\/www.welovecycling.com\/pl\/2023\/07\/19\/2-tydzien-tour-de-france\/"]}]},{"@type":"ImageObject","inLanguage":"pl-PL","@id":"https:\/\/www.welovecycling.com\/pl\/2023\/07\/19\/2-tydzien-tour-de-france\/#primaryimage","url":"https:\/\/d2p6e6u75xmxt8.cloudfront.net\/5\/2023\/07\/SCSV2-4257_19-07.webp","contentUrl":"https:\/\/d2p6e6u75xmxt8.cloudfront.net\/5\/2023\/07\/SCSV2-4257_19-07.webp","width":1280,"height":720},{"@type":"BreadcrumbList","@id":"https:\/\/www.welovecycling.com\/pl\/2023\/07\/19\/2-tydzien-tour-de-france\/#breadcrumb","itemListElement":[{"@type":"ListItem","position":1,"name":"Home","item":"https:\/\/www.welovecycling.com\/pl\/"},{"@type":"ListItem","position":2,"name":"2. tydzie\u0144 Tour de France"}]},{"@type":"WebSite","@id":"https:\/\/www.welovecycling.com\/pl\/#website","url":"https:\/\/www.welovecycling.com\/pl\/","name":"\u0160koda We Love Cycling - Poland","description":"","potentialAction":[{"@type":"SearchAction","target":{"@type":"EntryPoint","urlTemplate":"https:\/\/www.welovecycling.com\/pl\/?s={search_term_string}"},"query-input":{"@type":"PropertyValueSpecification","valueRequired":true,"valueName":"search_term_string"}}],"inLanguage":"pl-PL"},{"@type":"Person","@id":"https:\/\/www.welovecycling.com\/pl\/#\/schema\/person\/bf06ed916a1ef16618807fb60d2ebe42","name":"rafal","image":{"@type":"ImageObject","inLanguage":"pl-PL","@id":"https:\/\/www.welovecycling.com\/pl\/#\/schema\/person\/image\/","url":"https:\/\/secure.gravatar.com\/avatar\/203f240e63bee214f6f3a0dacbeb600c7829c09716c2b9ee3230c6961debcde2?s=96&d=mm&r=g","contentUrl":"https:\/\/secure.gravatar.com\/avatar\/203f240e63bee214f6f3a0dacbeb600c7829c09716c2b9ee3230c6961debcde2?s=96&d=mm&r=g","caption":"rafal"},"url":"https:\/\/www.welovecycling.com\/pl\/author\/rafal\/"}]}},"_links":{"self":[{"href":"https:\/\/www.welovecycling.com\/pl\/wp-json\/wp\/v2\/posts\/13982","targetHints":{"allow":["GET"]}}],"collection":[{"href":"https:\/\/www.welovecycling.com\/pl\/wp-json\/wp\/v2\/posts"}],"about":[{"href":"https:\/\/www.welovecycling.com\/pl\/wp-json\/wp\/v2\/types\/post"}],"author":[{"embeddable":true,"href":"https:\/\/www.welovecycling.com\/pl\/wp-json\/wp\/v2\/users\/153"}],"replies":[{"embeddable":true,"href":"https:\/\/www.welovecycling.com\/pl\/wp-json\/wp\/v2\/comments?post=13982"}],"version-history":[{"count":2,"href":"https:\/\/www.welovecycling.com\/pl\/wp-json\/wp\/v2\/posts\/13982\/revisions"}],"predecessor-version":[{"id":14171,"href":"https:\/\/www.welovecycling.com\/pl\/wp-json\/wp\/v2\/posts\/13982\/revisions\/14171"}],"wp:featuredmedia":[{"embeddable":true,"href":"https:\/\/www.welovecycling.com\/pl\/wp-json\/wp\/v2\/media\/13983"}],"wp:attachment":[{"href":"https:\/\/www.welovecycling.com\/pl\/wp-json\/wp\/v2\/media?parent=13982"}],"wp:term":[{"taxonomy":"category","embeddable":true,"href":"https:\/\/www.welovecycling.com\/pl\/wp-json\/wp\/v2\/categories?post=13982"},{"taxonomy":"post_tag","embeddable":true,"href":"https:\/\/www.welovecycling.com\/pl\/wp-json\/wp\/v2\/tags?post=13982"},{"taxonomy":"global-categories","embeddable":true,"href":"https:\/\/www.welovecycling.com\/pl\/wp-json\/wp\/v2\/global-categories?post=13982"}],"curies":[{"name":"wp","href":"https:\/\/api.w.org\/{rel}","templated":true}]}}