{"id":13959,"date":"2023-07-17T14:10:23","date_gmt":"2023-07-17T14:10:23","guid":{"rendered":"https:\/\/www.welovecycling.com\/pl\/?p=13959"},"modified":"2023-08-21T12:34:36","modified_gmt":"2023-08-21T12:34:36","slug":"piekne-chwile-na-tour-de-france-ten-wyscig-juz-przeszedl-do-historii","status":"publish","type":"post","link":"https:\/\/www.welovecycling.com\/pl\/2023\/07\/17\/piekne-chwile-na-tour-de-france-ten-wyscig-juz-przeszedl-do-historii\/","title":{"rendered":"Pi\u0119kne chwile na Tour de France! Ten wy\u015bcig ju\u017c przeszed\u0142 do historii"},"content":{"rendered":"<p><strong>Dla \u015bwiatowego kolarstwa to prawdziwa uczta, a dla polskiego \u2013 kolejne pi\u0119kne chwile. Micha\u0142 Kwiatkowski (Ineos Greanadiers) wygra\u0142 etap Tour de France i po raz kolejny zapisa\u0142 si\u0119 w historii najwi\u0119kszego wy\u015bcigu \u015bwiata.\u00a0<\/strong><\/p>\n<p><span data-contrast=\"auto\">O takich momentach marzy si\u0119 jako dziecko. Dla nich po\u015bwi\u0119ca si\u0119 znaczn\u0105 cz\u0119\u015b\u0107 \u017cycia i wylewa si\u00f3dme poty podczas morderczych trening\u00f3w. Niewielu jednak doczeka si\u0119 nagrody, a jednym ze szcz\u0119\u015bliwc\u00f3w zosta\u0142 w\u0142a\u015bnie Micha\u0142 Kwiatkowski.<\/span><span data-ccp-props=\"{&quot;134233118&quot;:false,&quot;201341983&quot;:0,&quot;335559739&quot;:160,&quot;335559740&quot;:257}\">\u00a0<\/span><\/p>\n<div class=\"embed-controller-wrapper\">\n<blockquote class=\"twitter-tweet\" data-width=\"500\" data-dnt=\"true\">\n<p lang=\"pl\" dir=\"ltr\">\u26f0\ufe0fLe Grand Colombier. <br \/>\ud83c\uddf5\ud83c\uddf1Le Grand Kwiatkowski.<a href=\"https:\/\/twitter.com\/hashtag\/TDF2023?src=hash&amp;ref_src=twsrc%5Etfw\">#TDF2023<\/a> | <a href=\"https:\/\/twitter.com\/kwiato?ref_src=twsrc%5Etfw\">@kwiato<\/a> | <a href=\"https:\/\/twitter.com\/INEOSGrenadiers?ref_src=twsrc%5Etfw\">@INEOSGrenadiers<\/a> <a href=\"https:\/\/t.co\/DTLA2OckGX\">pic.twitter.com\/DTLA2OckGX<\/a><\/p>\n<p>&mdash; Tour de France\u2122 (@LeTour) <a href=\"https:\/\/twitter.com\/LeTour\/status\/1679878120994750471?ref_src=twsrc%5Etfw\">July 14, 2023<\/a><\/p><\/blockquote>\n<p><script async data-src=\"https:\/\/platform.twitter.com\/widgets.js\" charset=\"utf-8\"><\/script><\/div>\n<p><span data-contrast=\"auto\">Wydawa\u0142o si\u0119, \u017ce Polak najlepsze kolarskie lata ma ju\u017c za sob\u0105. Od zdobycia przez niego mistrzostwa \u015bwiata wkr\u00f3tce minie dziewi\u0119\u0107 lat, a od etapowego triumfu na Wielkiej P\u0119tli \u2013 trzy. Od tamtej pory Polak rzadko wygrywa\u0142, wi\u0119c oczekiwania wobec niego podczas tegorocznego Tour de France nie by\u0142y wyg\u00f3rowane. Dlatego te\u017c pi\u0105tkowy sukces je\u015bli nie by\u0142 sensacj\u0105, to przynajmniej niespodziank\u0105 du\u017cego kalibru.<\/span><span data-ccp-props=\"{&quot;134233118&quot;:false,&quot;201341983&quot;:0,&quot;335559739&quot;:160,&quot;335559740&quot;:257}\">\u00a0<\/span><\/p>\n<p><b><span data-contrast=\"auto\">Strza\u0142 w \u201e10\u201d<\/span><\/b><span data-ccp-props=\"{&quot;134233118&quot;:false,&quot;201341983&quot;:0,&quot;335559739&quot;:160,&quot;335559740&quot;:257}\">\u00a0<\/span><\/p>\n<p><span data-contrast=\"auto\">Podczas tegorocznej Wielkiej P\u0119tli Polak mia\u0142 ju\u017c przeb\u0142yski wysokiej formy, ale na 13. etapie zostawi\u0142 rywali daleko w tyle. Na trasie z Chatillon-Sur-Chalaronne do Grand Colombier zdecydowa\u0142 si\u0119 na samotn\u0105 ucieczk\u0119, co okaza\u0142o si\u0119 strza\u0142em w dziesi\u0105tk\u0119.<\/span><span data-ccp-props=\"{&quot;134233118&quot;:false,&quot;201341983&quot;:0,&quot;335559739&quot;:160,&quot;335559740&quot;:257}\">\u00a0<\/span><\/p>\n<div class=\"embed-controller-wrapper\">\n<blockquote class=\"twitter-tweet\" data-width=\"500\" data-dnt=\"true\">\n<p lang=\"pl\" dir=\"ltr\">\ud835\udc00 \ud835\udc1f\ud835\udc1a\ud835\udc1b\ud835\udc2e\ud835\udc25\ud835\udc28\ud835\udc2e\ud835\udc2c \ud835\udc2b\ud835\udc1e\ud835\udc2c\ud835\udc2e\ud835\udc25\ud835\udc2d!<\/p>\n<p>\ud83c\uddf5\ud83c\uddf1 Micha\u0142 Kwiatkowski wins Stage 13 of the Tour de France on Grand Colombier \ud83d\udc4f<a href=\"https:\/\/twitter.com\/hashtag\/TDF2023?src=hash&amp;ref_src=twsrc%5Etfw\">#TDF2023<\/a> | <a href=\"https:\/\/twitter.com\/kwiato?ref_src=twsrc%5Etfw\">@kwiato<\/a> <a href=\"https:\/\/t.co\/reMZH21I6T\">pic.twitter.com\/reMZH21I6T<\/a><\/p>\n<p>&mdash; Eurosport (@eurosport) <a href=\"https:\/\/twitter.com\/eurosport\/status\/1679876040003313665?ref_src=twsrc%5Etfw\">July 14, 2023<\/a><\/p><\/blockquote>\n<p><script async data-src=\"https:\/\/platform.twitter.com\/widgets.js\" charset=\"utf-8\"><\/script><\/div>\n<p><span data-contrast=\"auto\">Kwiatkowski ju\u017c kilkaset metr\u00f3w przed met\u0105 wiedzia\u0142, \u017ce tego dnia nikt nie b\u0119dzie w stanie go dogoni\u0107. Chwil\u0119 p\u00f3\u017aniej cieszy\u0142 si\u0119 ze swojego drugiego etapowego zwyci\u0119stwa w Tour de France w karierze, a si\u00f3dmego w historii polskiego kolarstwa. Wcze\u015bniej dokonali tego Zenon Jasku\u0142a, Rafa\u0142 Majka (trzy razy) oraz Maciej Bodnar.<\/span><span data-ccp-props=\"{&quot;134233118&quot;:false,&quot;201341983&quot;:0,&quot;335559739&quot;:160,&quot;335559740&quot;:257}\">\u00a0<\/span><\/p>\n<p><span data-contrast=\"auto\">&#8211; Ostatnia wspinaczka by\u0142a po prostu szalona, a ekipa UAE-Team Emirates mocno naciska\u0142a za naszymi plecami. Nie s\u0105dzi\u0142em, \u017ce mo\u017cliwe jest dojechanie na pierwszym miejscu, a jednak si\u0119 uda\u0142o \u2013 cieszy\u0142 si\u0119 na mecie Kwiatkowski, a po wy\u015bcigu napisa\u0142 w mediach spo\u0142eczno\u015bciowych wymowne: \u201eNigdy si\u0119 nie poddawaj\u201d.<\/span><span data-ccp-props=\"{&quot;134233118&quot;:false,&quot;201341983&quot;:0,&quot;335559739&quot;:160,&quot;335559740&quot;:257}\">\u00a0<\/span><\/p>\n<div class=\"embed-controller-wrapper\">\n<blockquote class=\"twitter-tweet\" data-width=\"500\" data-dnt=\"true\">\n<p lang=\"en\" dir=\"ltr\">NEVER. GIVE. UP.<br \/>Vive la France! <a href=\"https:\/\/twitter.com\/hashtag\/TdF2023?src=hash&amp;ref_src=twsrc%5Etfw\">#TdF2023<\/a> <a href=\"https:\/\/twitter.com\/LeTour?ref_src=twsrc%5Etfw\">@LeTour<\/a> <a href=\"https:\/\/twitter.com\/INEOSGrenadiers?ref_src=twsrc%5Etfw\">@INEOSGrenadiers<\/a> <a href=\"https:\/\/t.co\/Wdy5frCO7h\">pic.twitter.com\/Wdy5frCO7h<\/a><\/p>\n<p>&mdash; Micha\u0142 Kwiatkowski (@kwiato) <a href=\"https:\/\/twitter.com\/kwiato\/status\/1679878895527395329?ref_src=twsrc%5Etfw\">July 14, 2023<\/a><\/p><\/blockquote>\n<p><script async data-src=\"https:\/\/platform.twitter.com\/widgets.js\" charset=\"utf-8\"><\/script><\/div>\n<p><b><span data-contrast=\"auto\">Pasjonuj\u0105ca walka o zwyci\u0119stwo w Tour de France<\/span><\/b><span data-ccp-props=\"{&quot;134233118&quot;:false,&quot;201341983&quot;:0,&quot;335559739&quot;:160,&quot;335559740&quot;:257}\">\u00a0<\/span><\/p>\n<p><span data-contrast=\"auto\">Podczas tegorocznej Wielkiej P\u0119tli nie tylko polscy kibice prze\u017cywaj\u0105 wielkie emocje, poniewa\u017c 110. edycja wy\u015bcigu ma w sobie wszystko to, co w kolarstwie najlepsze. A to oznacza, \u017ce o wskazaniu zdecydowanego faworyta nie mo\u017ce by\u0107 jeszcze mowy.<\/span><span data-ccp-props=\"{&quot;134233118&quot;:false,&quot;201341983&quot;:0,&quot;335559739&quot;:160,&quot;335559740&quot;:257}\">\u00a0<\/span><\/p>\n<p><span data-contrast=\"auto\">Co prawda od dziewi\u0119ciu dni w \u017c\u00f3\u0142tej koszulce lidera jedzie Du\u0144czyk Jonas Vingegaard (Jumbo Visma), ale po pi\u0119tach depcze mu S\u0142oweniec Tadej Pogacar (UAE Team Emirates) i wszystko wskazuje na to, \u017ce walka o wygran\u0105 rozstrzygnie si\u0119 w\u0142a\u015bnie mi\u0119dzy tymi zawodnikami.<\/span><span data-ccp-props=\"{&quot;134233118&quot;:false,&quot;201341983&quot;:0,&quot;335559739&quot;:160,&quot;335559740&quot;:257}\">\u00a0<\/span><\/p>\n<p><span data-contrast=\"auto\">O tym, kto zabierze \u017c\u00f3\u0142t\u0105 koszulk\u0119 do domu, zdecyduj\u0105 wi\u0119c pozosta\u0142e trzy g\u00f3rskie etapy oraz wtorkowa, 22-kilometrowa jazda na czas. Zako\u0144czenie wy\u015bcigu odb\u0119dzie si\u0119 w Pary\u017cu ju\u017c w najbli\u017csz\u0105 niedziel\u0119.<\/span><span data-ccp-props=\"{&quot;134233118&quot;:false,&quot;201341983&quot;:0,&quot;335559739&quot;:160,&quot;335559740&quot;:257}\">\u00a0<\/span><\/p>\n<p><span data-sheets-value=\"{&quot;1&quot;:2,&quot;2&quot;:&quot;Artyku\u0142 powsta\u0142 we wsp\u00f3\u0142pracy ze skoda-auto.pl&quot;}\" data-sheets-userformat=\"{&quot;2&quot;:1,&quot;3&quot;:{&quot;1&quot;:0}}\" data-sheets-hyperlink=\"http:\/\/www.skoda-auto.pl\/\"><a class=\"in-cell-link\" href=\"http:\/\/www.skoda-auto.pl\/\" target=\"_blank\" rel=\"noopener noreferrer\">Artyku\u0142 powsta\u0142 we wsp\u00f3\u0142pracy ze skoda-auto.pl<\/a><\/span><\/p>\n<p><a href=\"https:\/\/d2p6e6u75xmxt8.cloudfront.net\/5\/2030\/11\/2.webp\"><img loading=\"lazy\" decoding=\"async\" class=\"size-full wp-image-13774 aligncenter\" src=\"https:\/\/d2p6e6u75xmxt8.cloudfront.net\/5\/2030\/11\/2.webp\" alt=\"\" width=\"640\" height=\"350\" srcset=\"https:\/\/d2p6e6u75xmxt8.cloudfront.net\/5\/2030\/11\/2.webp 640w, https:\/\/d2p6e6u75xmxt8.cloudfront.net\/5\/2030\/11\/2-300x164.webp 300w, https:\/\/d2p6e6u75xmxt8.cloudfront.net\/5\/2030\/11\/2-400x219.webp 400w\" sizes=\"auto, (max-width: 640px) 100vw, 640px\" \/><\/a><\/p>\n","protected":false},"excerpt":{"rendered":"<p>Dla \u015bwiatowego kolarstwa to prawdziwa uczta, a dla polskiego \u2013 kolejne pi\u0119kne chwile. Micha\u0142 Kwiatkowski (Ineos Greanadiers) wygra\u0142 etap Tour [&hellip;]<\/p>\n","protected":false},"author":153,"featured_media":13960,"comment_status":"open","ping_status":"open","sticky":false,"template":"","format":"standard","meta":{"footnotes":""},"categories":[398],"tags":[176,91,191,404,77,399,146],"global-categories":[303],"class_list":["post-13959","post","type-post","status-publish","format-standard","has-post-thumbnail","hentry","category-tour-de-france-2023","tag-kolarstwo","tag-rowery","tag-skoda","tag-skodapolska","tag-tour-de-france","tag-tour-de-france-2023","tag-wyscig","global-categories-cycling"],"yoast_head":"<!-- This site is optimized with the Yoast SEO Premium plugin v25.3 (Yoast SEO v25.9) - https:\/\/yoast.com\/wordpress\/plugins\/seo\/ -->\n<title>Pi\u0119kne chwile na Tour de France! Ten wy\u015bcig ju\u017c przeszed\u0142 do historii - \u0160koda We Love Cycling - Poland<\/title>\n<meta name=\"robots\" content=\"index, follow, max-snippet:-1, max-image-preview:large, max-video-preview:-1\" \/>\n<link rel=\"canonical\" href=\"https:\/\/www.welovecycling.com\/pl\/2023\/07\/17\/piekne-chwile-na-tour-de-france-ten-wyscig-juz-przeszedl-do-historii\/\" \/>\n<meta property=\"og:locale\" content=\"pl_PL\" \/>\n<meta property=\"og:type\" content=\"article\" \/>\n<meta property=\"og:title\" content=\"Pi\u0119kne chwile na Tour de France! Ten wy\u015bcig ju\u017c przeszed\u0142 do historii\" \/>\n<meta property=\"og:description\" content=\"Dla \u015bwiatowego kolarstwa to prawdziwa uczta, a dla polskiego \u2013 kolejne pi\u0119kne chwile. Micha\u0142 Kwiatkowski (Ineos Greanadiers) wygra\u0142 etap Tour [&hellip;]\" \/>\n<meta property=\"og:url\" content=\"https:\/\/www.welovecycling.com\/pl\/2023\/07\/17\/piekne-chwile-na-tour-de-france-ten-wyscig-juz-przeszedl-do-historii\/\" \/>\n<meta property=\"og:site_name\" content=\"\u0160koda We Love Cycling - Poland\" \/>\n<meta property=\"article:published_time\" content=\"2023-07-17T14:10:23+00:00\" \/>\n<meta property=\"article:modified_time\" content=\"2023-08-21T12:34:36+00:00\" \/>\n<meta property=\"og:image\" content=\"https:\/\/d2p6e6u75xmxt8.cloudfront.net\/5\/2023\/07\/Jawor-17.09.webp\" \/>\n\t<meta property=\"og:image:width\" content=\"990\" \/>\n\t<meta property=\"og:image:height\" content=\"660\" \/>\n\t<meta property=\"og:image:type\" content=\"image\/webp\" \/>\n<meta name=\"author\" content=\"rafal\" \/>\n<meta name=\"twitter:card\" content=\"summary_large_image\" \/>\n<meta name=\"twitter:label1\" content=\"Written by\" \/>\n\t<meta name=\"twitter:data1\" content=\"Piotr Nowik\" \/>\n\t<meta name=\"twitter:label2\" content=\"Est. reading time\" \/>\n\t<meta name=\"twitter:data2\" content=\"4\" \/>\n<script type=\"application\/ld+json\" class=\"yoast-schema-graph\">{\"@context\":\"https:\/\/schema.org\",\"@graph\":[{\"@type\":\"WebPage\",\"@id\":\"https:\/\/www.welovecycling.com\/pl\/2023\/07\/17\/piekne-chwile-na-tour-de-france-ten-wyscig-juz-przeszedl-do-historii\/\",\"url\":\"https:\/\/www.welovecycling.com\/pl\/2023\/07\/17\/piekne-chwile-na-tour-de-france-ten-wyscig-juz-przeszedl-do-historii\/\",\"name\":\"Pi\u0119kne chwile na Tour de France! Ten wy\u015bcig ju\u017c przeszed\u0142 do historii - \u0160koda We Love Cycling - Poland\",\"isPartOf\":{\"@id\":\"https:\/\/www.welovecycling.com\/pl\/#website\"},\"primaryImageOfPage\":{\"@id\":\"https:\/\/www.welovecycling.com\/pl\/2023\/07\/17\/piekne-chwile-na-tour-de-france-ten-wyscig-juz-przeszedl-do-historii\/#primaryimage\"},\"image\":{\"@id\":\"https:\/\/www.welovecycling.com\/pl\/2023\/07\/17\/piekne-chwile-na-tour-de-france-ten-wyscig-juz-przeszedl-do-historii\/#primaryimage\"},\"thumbnailUrl\":\"https:\/\/d2p6e6u75xmxt8.cloudfront.net\/5\/2023\/07\/Jawor-17.09.webp\",\"datePublished\":\"2023-07-17T14:10:23+00:00\",\"dateModified\":\"2023-08-21T12:34:36+00:00\",\"author\":{\"@id\":\"https:\/\/www.welovecycling.com\/pl\/#\/schema\/person\/bf06ed916a1ef16618807fb60d2ebe42\"},\"breadcrumb\":{\"@id\":\"https:\/\/www.welovecycling.com\/pl\/2023\/07\/17\/piekne-chwile-na-tour-de-france-ten-wyscig-juz-przeszedl-do-historii\/#breadcrumb\"},\"inLanguage\":\"pl-PL\",\"potentialAction\":[{\"@type\":\"ReadAction\",\"target\":[\"https:\/\/www.welovecycling.com\/pl\/2023\/07\/17\/piekne-chwile-na-tour-de-france-ten-wyscig-juz-przeszedl-do-historii\/\"]}]},{\"@type\":\"ImageObject\",\"inLanguage\":\"pl-PL\",\"@id\":\"https:\/\/www.welovecycling.com\/pl\/2023\/07\/17\/piekne-chwile-na-tour-de-france-ten-wyscig-juz-przeszedl-do-historii\/#primaryimage\",\"url\":\"https:\/\/d2p6e6u75xmxt8.cloudfront.net\/5\/2023\/07\/Jawor-17.09.webp\",\"contentUrl\":\"https:\/\/d2p6e6u75xmxt8.cloudfront.net\/5\/2023\/07\/Jawor-17.09.webp\",\"width\":990,\"height\":660},{\"@type\":\"BreadcrumbList\",\"@id\":\"https:\/\/www.welovecycling.com\/pl\/2023\/07\/17\/piekne-chwile-na-tour-de-france-ten-wyscig-juz-przeszedl-do-historii\/#breadcrumb\",\"itemListElement\":[{\"@type\":\"ListItem\",\"position\":1,\"name\":\"Home\",\"item\":\"https:\/\/www.welovecycling.com\/pl\/\"},{\"@type\":\"ListItem\",\"position\":2,\"name\":\"Pi\u0119kne chwile na Tour de France! Ten wy\u015bcig ju\u017c przeszed\u0142 do historii\"}]},{\"@type\":\"WebSite\",\"@id\":\"https:\/\/www.welovecycling.com\/pl\/#website\",\"url\":\"https:\/\/www.welovecycling.com\/pl\/\",\"name\":\"\u0160koda We Love Cycling - Poland\",\"description\":\"\",\"potentialAction\":[{\"@type\":\"SearchAction\",\"target\":{\"@type\":\"EntryPoint\",\"urlTemplate\":\"https:\/\/www.welovecycling.com\/pl\/?s={search_term_string}\"},\"query-input\":{\"@type\":\"PropertyValueSpecification\",\"valueRequired\":true,\"valueName\":\"search_term_string\"}}],\"inLanguage\":\"pl-PL\"},{\"@type\":\"Person\",\"@id\":\"https:\/\/www.welovecycling.com\/pl\/#\/schema\/person\/bf06ed916a1ef16618807fb60d2ebe42\",\"name\":\"rafal\",\"image\":{\"@type\":\"ImageObject\",\"inLanguage\":\"pl-PL\",\"@id\":\"https:\/\/www.welovecycling.com\/pl\/#\/schema\/person\/image\/\",\"url\":\"https:\/\/secure.gravatar.com\/avatar\/203f240e63bee214f6f3a0dacbeb600c7829c09716c2b9ee3230c6961debcde2?s=96&d=mm&r=g\",\"contentUrl\":\"https:\/\/secure.gravatar.com\/avatar\/203f240e63bee214f6f3a0dacbeb600c7829c09716c2b9ee3230c6961debcde2?s=96&d=mm&r=g\",\"caption\":\"rafal\"},\"url\":\"https:\/\/www.welovecycling.com\/pl\/author\/rafal\/\"}]}<\/script>\n<!-- \/ Yoast SEO Premium plugin. -->","yoast_head_json":{"title":"Pi\u0119kne chwile na Tour de France! Ten wy\u015bcig ju\u017c przeszed\u0142 do historii - \u0160koda We Love Cycling - Poland","robots":{"index":"index","follow":"follow","max-snippet":"max-snippet:-1","max-image-preview":"max-image-preview:large","max-video-preview":"max-video-preview:-1"},"canonical":"https:\/\/www.welovecycling.com\/pl\/2023\/07\/17\/piekne-chwile-na-tour-de-france-ten-wyscig-juz-przeszedl-do-historii\/","og_locale":"pl_PL","og_type":"article","og_title":"Pi\u0119kne chwile na Tour de France! Ten wy\u015bcig ju\u017c przeszed\u0142 do historii","og_description":"Dla \u015bwiatowego kolarstwa to prawdziwa uczta, a dla polskiego \u2013 kolejne pi\u0119kne chwile. Micha\u0142 Kwiatkowski (Ineos Greanadiers) wygra\u0142 etap Tour [&hellip;]","og_url":"https:\/\/www.welovecycling.com\/pl\/2023\/07\/17\/piekne-chwile-na-tour-de-france-ten-wyscig-juz-przeszedl-do-historii\/","og_site_name":"\u0160koda We Love Cycling - Poland","article_published_time":"2023-07-17T14:10:23+00:00","article_modified_time":"2023-08-21T12:34:36+00:00","og_image":[{"width":990,"height":660,"url":"https:\/\/d2p6e6u75xmxt8.cloudfront.net\/5\/2023\/07\/Jawor-17.09.webp","type":"image\/webp"}],"author":"rafal","twitter_card":"summary_large_image","twitter_misc":{"Written by":"Piotr Nowik","Est. reading time":"4"},"schema":{"@context":"https:\/\/schema.org","@graph":[{"@type":"WebPage","@id":"https:\/\/www.welovecycling.com\/pl\/2023\/07\/17\/piekne-chwile-na-tour-de-france-ten-wyscig-juz-przeszedl-do-historii\/","url":"https:\/\/www.welovecycling.com\/pl\/2023\/07\/17\/piekne-chwile-na-tour-de-france-ten-wyscig-juz-przeszedl-do-historii\/","name":"Pi\u0119kne chwile na Tour de France! Ten wy\u015bcig ju\u017c przeszed\u0142 do historii - \u0160koda We Love Cycling - Poland","isPartOf":{"@id":"https:\/\/www.welovecycling.com\/pl\/#website"},"primaryImageOfPage":{"@id":"https:\/\/www.welovecycling.com\/pl\/2023\/07\/17\/piekne-chwile-na-tour-de-france-ten-wyscig-juz-przeszedl-do-historii\/#primaryimage"},"image":{"@id":"https:\/\/www.welovecycling.com\/pl\/2023\/07\/17\/piekne-chwile-na-tour-de-france-ten-wyscig-juz-przeszedl-do-historii\/#primaryimage"},"thumbnailUrl":"https:\/\/d2p6e6u75xmxt8.cloudfront.net\/5\/2023\/07\/Jawor-17.09.webp","datePublished":"2023-07-17T14:10:23+00:00","dateModified":"2023-08-21T12:34:36+00:00","author":{"@id":"https:\/\/www.welovecycling.com\/pl\/#\/schema\/person\/bf06ed916a1ef16618807fb60d2ebe42"},"breadcrumb":{"@id":"https:\/\/www.welovecycling.com\/pl\/2023\/07\/17\/piekne-chwile-na-tour-de-france-ten-wyscig-juz-przeszedl-do-historii\/#breadcrumb"},"inLanguage":"pl-PL","potentialAction":[{"@type":"ReadAction","target":["https:\/\/www.welovecycling.com\/pl\/2023\/07\/17\/piekne-chwile-na-tour-de-france-ten-wyscig-juz-przeszedl-do-historii\/"]}]},{"@type":"ImageObject","inLanguage":"pl-PL","@id":"https:\/\/www.welovecycling.com\/pl\/2023\/07\/17\/piekne-chwile-na-tour-de-france-ten-wyscig-juz-przeszedl-do-historii\/#primaryimage","url":"https:\/\/d2p6e6u75xmxt8.cloudfront.net\/5\/2023\/07\/Jawor-17.09.webp","contentUrl":"https:\/\/d2p6e6u75xmxt8.cloudfront.net\/5\/2023\/07\/Jawor-17.09.webp","width":990,"height":660},{"@type":"BreadcrumbList","@id":"https:\/\/www.welovecycling.com\/pl\/2023\/07\/17\/piekne-chwile-na-tour-de-france-ten-wyscig-juz-przeszedl-do-historii\/#breadcrumb","itemListElement":[{"@type":"ListItem","position":1,"name":"Home","item":"https:\/\/www.welovecycling.com\/pl\/"},{"@type":"ListItem","position":2,"name":"Pi\u0119kne chwile na Tour de France! Ten wy\u015bcig ju\u017c przeszed\u0142 do historii"}]},{"@type":"WebSite","@id":"https:\/\/www.welovecycling.com\/pl\/#website","url":"https:\/\/www.welovecycling.com\/pl\/","name":"\u0160koda We Love Cycling - Poland","description":"","potentialAction":[{"@type":"SearchAction","target":{"@type":"EntryPoint","urlTemplate":"https:\/\/www.welovecycling.com\/pl\/?s={search_term_string}"},"query-input":{"@type":"PropertyValueSpecification","valueRequired":true,"valueName":"search_term_string"}}],"inLanguage":"pl-PL"},{"@type":"Person","@id":"https:\/\/www.welovecycling.com\/pl\/#\/schema\/person\/bf06ed916a1ef16618807fb60d2ebe42","name":"rafal","image":{"@type":"ImageObject","inLanguage":"pl-PL","@id":"https:\/\/www.welovecycling.com\/pl\/#\/schema\/person\/image\/","url":"https:\/\/secure.gravatar.com\/avatar\/203f240e63bee214f6f3a0dacbeb600c7829c09716c2b9ee3230c6961debcde2?s=96&d=mm&r=g","contentUrl":"https:\/\/secure.gravatar.com\/avatar\/203f240e63bee214f6f3a0dacbeb600c7829c09716c2b9ee3230c6961debcde2?s=96&d=mm&r=g","caption":"rafal"},"url":"https:\/\/www.welovecycling.com\/pl\/author\/rafal\/"}]}},"_links":{"self":[{"href":"https:\/\/www.welovecycling.com\/pl\/wp-json\/wp\/v2\/posts\/13959","targetHints":{"allow":["GET"]}}],"collection":[{"href":"https:\/\/www.welovecycling.com\/pl\/wp-json\/wp\/v2\/posts"}],"about":[{"href":"https:\/\/www.welovecycling.com\/pl\/wp-json\/wp\/v2\/types\/post"}],"author":[{"embeddable":true,"href":"https:\/\/www.welovecycling.com\/pl\/wp-json\/wp\/v2\/users\/153"}],"replies":[{"embeddable":true,"href":"https:\/\/www.welovecycling.com\/pl\/wp-json\/wp\/v2\/comments?post=13959"}],"version-history":[{"count":2,"href":"https:\/\/www.welovecycling.com\/pl\/wp-json\/wp\/v2\/posts\/13959\/revisions"}],"predecessor-version":[{"id":14163,"href":"https:\/\/www.welovecycling.com\/pl\/wp-json\/wp\/v2\/posts\/13959\/revisions\/14163"}],"wp:featuredmedia":[{"embeddable":true,"href":"https:\/\/www.welovecycling.com\/pl\/wp-json\/wp\/v2\/media\/13960"}],"wp:attachment":[{"href":"https:\/\/www.welovecycling.com\/pl\/wp-json\/wp\/v2\/media?parent=13959"}],"wp:term":[{"taxonomy":"category","embeddable":true,"href":"https:\/\/www.welovecycling.com\/pl\/wp-json\/wp\/v2\/categories?post=13959"},{"taxonomy":"post_tag","embeddable":true,"href":"https:\/\/www.welovecycling.com\/pl\/wp-json\/wp\/v2\/tags?post=13959"},{"taxonomy":"global-categories","embeddable":true,"href":"https:\/\/www.welovecycling.com\/pl\/wp-json\/wp\/v2\/global-categories?post=13959"}],"curies":[{"name":"wp","href":"https:\/\/api.w.org\/{rel}","templated":true}]}}