{"id":13954,"date":"2023-07-14T09:50:27","date_gmt":"2023-07-14T09:50:27","guid":{"rendered":"https:\/\/www.welovecycling.com\/pl\/?p=13954"},"modified":"2023-07-19T07:18:16","modified_gmt":"2023-07-19T07:18:16","slug":"faworyci-nie-zawodza-w-pierwszym-tygodniu-tour-de-france","status":"publish","type":"post","link":"https:\/\/www.welovecycling.com\/pl\/2023\/07\/14\/faworyci-nie-zawodza-w-pierwszym-tygodniu-tour-de-france\/","title":{"rendered":"Faworyci nie zawodz\u0105 w pierwszym tygodniu Tour de France"},"content":{"rendered":"<h4>Za nami pierwszy tydzie\u0144 najwi\u0119kszego etapowego wy\u015bcigu kolarskiego na \u015bwiecie \u2013 ze startem w stolicy Kraju Bask\u00f3w Bilbao i met\u0105 niedzielnego etapu na Puy de D\u00f4me, gdzie Tour de France powr\u00f3ci\u0142o po 35 latach przerwy.<\/h4>\n<p>Tegoroczna konfiguracja trasy wprowadzi\u0142a nieco spokoju w peletonie. Brak typowych dla sprinter\u00f3w etap\u00f3w w pierwszych dniach pozwoli\u0142 u\u0142o\u017cy\u0107 nieco klasyfikacj\u0119 generaln\u0105 i roz\u0142o\u017cenie poszczeg\u00f3lnych koszulek. Dzi\u0119ki temu nie by\u0142o tak bardzo chaotycznie jak w poprzednich latach. Oczywi\u015bcie nerwy i stres panuj\u0105 na ka\u017cdym etapie wy\u015bcigu, ale w tym roku dotyczy\u0142y one mniejszej liczby zawodnik\u00f3w.<\/p>\n<p>Tour jak to Tour, bywa nieprzewidywalny \u2013 do\u015bwiadczyli\u015bmy zar\u00f3wno wielkich sportowych emocji, jak i rozczarowa\u0144. Pojedynki dw\u00f3ch najwi\u0119kszych faworyt\u00f3w Wielkiej P\u0119tli sprawi\u0142y, \u017ce pierwszy tydzie\u0144 by\u0142 bardziej emocjonuj\u0105cy ni\u017c ca\u0142e trzy tygodnie \u015bcigania we W\u0142oszech. W czasie pierwszych dni TDF upad\u0142y te\u017c marzenia. Kto z nas nie trzyma\u0142 kciuk\u00f3w za Marca Cavendisha walcz\u0105cego o rekordow\u0105 liczb\u0119 zwyci\u0119stw w wy\u015bcigu&#8230; Niestety nie w tym roku, a zapewne ju\u017c nigdy \u2013 Cav wycofa\u0142 si\u0119 po kraksie i z\u0142amaniu obojczyka, a obecny sezon ma by\u0107 jego ostatnim.<\/p>\n<p>W pierwszym nieco wyd\u0142u\u017conym, ale umownie zwanym tygodniem etapy wygrywali:<\/p>\n<p>\u2013 Adam Yates (przed swoim bratem bli\u017aniakiem Simonem),<\/p>\n<p>\u2013 Victor Lafay (to pierwsze od 15 lat zwyci\u0119stwo dla Francji),<\/p>\n<p>\u2013 Jasper Philipsen (po raz 1.),<\/p>\n<p>\u2013 Jasper Philipsen (po raz 2.),<\/p>\n<p>\u2013 Jai Hindley,<\/p>\n<p>\u2013 Tadej Pogacar,<\/p>\n<p>\u2013 Jasper Philipsen (po raz 3.),<\/p>\n<p>\u2013 Mads Pedersen,<\/p>\n<p>\u2013 Michael Woods.<\/p>\n<p>Po dziewi\u0119ciu etapach liderem wy\u015bcigu jest Jonas Vingegaard, kt\u00f3ry wyprzedza Tadeja Pogacara o 17 sekund. Na miejscu trzecim, ze strat\u0105 2:40, jedzie zwyci\u0119zca pi\u0105tego etapu i jednodniowy lider \u2013 Jai Hindley.<\/p>\n<p>Jonas wykaza\u0142 si\u0119 lepszymi nogami, dru\u017cyn\u0105 i taktyk\u0105 na pocz\u0105tku pierwszego tygodnia. Wydawa\u0142o si\u0119, \u017ce mniej szarpie, traci mniej si\u0142 w walce o pojedyncze sekundy, jedzie bardziej ekonomicznie i ma lepszy team. Dzi\u0119ki temu uciek\u0142 Tadejowi na pi\u0105tym etapie z met\u0105 w Laruns na 1:04. Kolejnego dnia zdecydowanie lepiej poradzi\u0142 sobie za to Pogacar, kt\u00f3ry wygra\u0142 sz\u00f3sty odcinek wy\u015bcigu, tym samym rewan\u017cuj\u0105c si\u0119 za poprzedni dzie\u0144 i zmniejszaj\u0105c o 28 sekund straty do najwi\u0119kszego rywala. Meta w niedzielne popo\u0142udnie pozwoli\u0142a Tadejowi odrobi\u0107 kolejne 8 sekund. Sprawa jest wi\u0119c ca\u0142y czas otwarta. S\u0142oweniec potrafi pojecha\u0107 na czas, tym etapem zapewni\u0142 sobie ju\u017c triumf w Wielkiej P\u0119tli. Jonas musi ucieka\u0107 w wysokich g\u00f3rach, a takich etap\u00f3w ma pi\u0119\u0107. Na jego szcz\u0119\u015bcie tegoroczna jazda indywidualna na czas jest kr\u00f3tka, ale mo\u017ce Tadej nie b\u0119dzie czeka\u0142 a\u017c tak d\u0142ugo \u2013 mo\u017ce odrobi\u0142 lekcje po zesz\u0142orocznej pora\u017cce.<\/p>\n<p>Nieco w cieniu swoich lider\u00f3w jad\u0105 wielcy kolarze, tacy jak Mathieu van der Poel, kt\u00f3ry zdecydowanie asystowa\u0142 przy trzech wygranych etapowych Philipsena, oraz Wout van Aert, dla kt\u00f3rego typowe dla sprinter\u00f3w odcinki s\u0105 chyba zbyt szybkie, a etapy g\u00f3rskie za ci\u0119\u017ckie. Jednak mimo wszystko my\u015bl\u0119, \u017ce zaraz po dniu przerwy ci dwaj panowie te\u017c dadz\u0105 o sobie zna\u0107. W ko\u0144cu to Tour de France.<\/p>\n<p><span data-sheets-value=\"{&quot;1&quot;:2,&quot;2&quot;:&quot;Artyku\u0142 powsta\u0142 we wsp\u00f3\u0142pracy ze skoda-auto.pl&quot;}\" data-sheets-userformat=\"{&quot;2&quot;:1,&quot;3&quot;:{&quot;1&quot;:0}}\" data-sheets-hyperlink=\"http:\/\/www.skoda-auto.pl\/\"><a class=\"in-cell-link\" href=\"http:\/\/www.skoda-auto.pl\/\" target=\"_blank\" rel=\"noopener noreferrer\">Artyku\u0142 powsta\u0142 we wsp\u00f3\u0142pracy ze skoda-auto.pl<\/a><\/span><\/p>\n<p><a href=\"https:\/\/d2p6e6u75xmxt8.cloudfront.net\/5\/2030\/11\/3.webp\"><img loading=\"lazy\" decoding=\"async\" class=\"size-full wp-image-13776 aligncenter\" src=\"https:\/\/d2p6e6u75xmxt8.cloudfront.net\/5\/2030\/11\/3.webp\" alt=\"\" width=\"640\" height=\"350\" srcset=\"https:\/\/d2p6e6u75xmxt8.cloudfront.net\/5\/2030\/11\/3.webp 640w, https:\/\/d2p6e6u75xmxt8.cloudfront.net\/5\/2030\/11\/3-300x164.webp 300w, https:\/\/d2p6e6u75xmxt8.cloudfront.net\/5\/2030\/11\/3-400x219.webp 400w\" sizes=\"auto, (max-width: 640px) 100vw, 640px\" \/><\/a><\/p>\n","protected":false},"excerpt":{"rendered":"<p>Za nami pierwszy tydzie\u0144 najwi\u0119kszego etapowego wy\u015bcigu kolarskiego na \u015bwiecie \u2013 ze startem w stolicy Kraju Bask\u00f3w Bilbao i met\u0105 [&hellip;]<\/p>\n","protected":false},"author":153,"featured_media":13955,"comment_status":"open","ping_status":"open","sticky":false,"template":"","format":"standard","meta":{"footnotes":""},"categories":[398],"tags":[108,176,405,191,404,77,399],"global-categories":[303],"class_list":["post-13954","post","type-post","status-publish","format-standard","has-post-thumbnail","hentry","category-tour-de-france-2023","tag-bartosz-huzarski","tag-kolarstwo","tag-rower","tag-skoda","tag-skodapolska","tag-tour-de-france","tag-tour-de-france-2023","global-categories-cycling"],"yoast_head":"<!-- This site is optimized with the Yoast SEO Premium plugin v25.3 (Yoast SEO v25.9) - https:\/\/yoast.com\/wordpress\/plugins\/seo\/ -->\n<title>Faworyci nie zawodz\u0105 w pierwszym tygodniu Tour de France - \u0160koda We Love Cycling - Poland<\/title>\n<meta name=\"robots\" content=\"index, follow, max-snippet:-1, max-image-preview:large, max-video-preview:-1\" \/>\n<link rel=\"canonical\" href=\"https:\/\/www.welovecycling.com\/pl\/2023\/07\/14\/faworyci-nie-zawodza-w-pierwszym-tygodniu-tour-de-france\/\" \/>\n<meta property=\"og:locale\" content=\"pl_PL\" \/>\n<meta property=\"og:type\" content=\"article\" \/>\n<meta property=\"og:title\" content=\"Faworyci nie zawodz\u0105 w pierwszym tygodniu Tour de France\" \/>\n<meta property=\"og:description\" content=\"Za nami pierwszy tydzie\u0144 najwi\u0119kszego etapowego wy\u015bcigu kolarskiego na \u015bwiecie \u2013 ze startem w stolicy Kraju Bask\u00f3w Bilbao i met\u0105 [&hellip;]\" \/>\n<meta property=\"og:url\" content=\"https:\/\/www.welovecycling.com\/pl\/2023\/07\/14\/faworyci-nie-zawodza-w-pierwszym-tygodniu-tour-de-france\/\" \/>\n<meta property=\"og:site_name\" content=\"\u0160koda We Love Cycling - Poland\" \/>\n<meta property=\"article:published_time\" content=\"2023-07-14T09:50:27+00:00\" \/>\n<meta property=\"article:modified_time\" content=\"2023-07-19T07:18:16+00:00\" \/>\n<meta property=\"og:image\" content=\"https:\/\/d2p6e6u75xmxt8.cloudfront.net\/5\/2023\/07\/SCSV2-4257_13-07-1.webp\" \/>\n\t<meta property=\"og:image:width\" content=\"1280\" \/>\n\t<meta property=\"og:image:height\" content=\"720\" \/>\n\t<meta property=\"og:image:type\" content=\"image\/webp\" \/>\n<meta name=\"author\" content=\"rafal\" \/>\n<meta name=\"twitter:card\" content=\"summary_large_image\" \/>\n<meta name=\"twitter:label1\" content=\"Written by\" \/>\n\t<meta name=\"twitter:data1\" content=\"Bartosz Huzarski\" \/>\n\t<meta name=\"twitter:label2\" content=\"Est. reading time\" \/>\n\t<meta name=\"twitter:data2\" content=\"4\" \/>\n<script type=\"application\/ld+json\" class=\"yoast-schema-graph\">{\"@context\":\"https:\/\/schema.org\",\"@graph\":[{\"@type\":\"WebPage\",\"@id\":\"https:\/\/www.welovecycling.com\/pl\/2023\/07\/14\/faworyci-nie-zawodza-w-pierwszym-tygodniu-tour-de-france\/\",\"url\":\"https:\/\/www.welovecycling.com\/pl\/2023\/07\/14\/faworyci-nie-zawodza-w-pierwszym-tygodniu-tour-de-france\/\",\"name\":\"Faworyci nie zawodz\u0105 w pierwszym tygodniu Tour de France - \u0160koda We Love Cycling - Poland\",\"isPartOf\":{\"@id\":\"https:\/\/www.welovecycling.com\/pl\/#website\"},\"primaryImageOfPage\":{\"@id\":\"https:\/\/www.welovecycling.com\/pl\/2023\/07\/14\/faworyci-nie-zawodza-w-pierwszym-tygodniu-tour-de-france\/#primaryimage\"},\"image\":{\"@id\":\"https:\/\/www.welovecycling.com\/pl\/2023\/07\/14\/faworyci-nie-zawodza-w-pierwszym-tygodniu-tour-de-france\/#primaryimage\"},\"thumbnailUrl\":\"https:\/\/d2p6e6u75xmxt8.cloudfront.net\/5\/2023\/07\/SCSV2-4257_13-07-1.webp\",\"datePublished\":\"2023-07-14T09:50:27+00:00\",\"dateModified\":\"2023-07-19T07:18:16+00:00\",\"author\":{\"@id\":\"https:\/\/www.welovecycling.com\/pl\/#\/schema\/person\/bf06ed916a1ef16618807fb60d2ebe42\"},\"breadcrumb\":{\"@id\":\"https:\/\/www.welovecycling.com\/pl\/2023\/07\/14\/faworyci-nie-zawodza-w-pierwszym-tygodniu-tour-de-france\/#breadcrumb\"},\"inLanguage\":\"pl-PL\",\"potentialAction\":[{\"@type\":\"ReadAction\",\"target\":[\"https:\/\/www.welovecycling.com\/pl\/2023\/07\/14\/faworyci-nie-zawodza-w-pierwszym-tygodniu-tour-de-france\/\"]}]},{\"@type\":\"ImageObject\",\"inLanguage\":\"pl-PL\",\"@id\":\"https:\/\/www.welovecycling.com\/pl\/2023\/07\/14\/faworyci-nie-zawodza-w-pierwszym-tygodniu-tour-de-france\/#primaryimage\",\"url\":\"https:\/\/d2p6e6u75xmxt8.cloudfront.net\/5\/2023\/07\/SCSV2-4257_13-07-1.webp\",\"contentUrl\":\"https:\/\/d2p6e6u75xmxt8.cloudfront.net\/5\/2023\/07\/SCSV2-4257_13-07-1.webp\",\"width\":1280,\"height\":720},{\"@type\":\"BreadcrumbList\",\"@id\":\"https:\/\/www.welovecycling.com\/pl\/2023\/07\/14\/faworyci-nie-zawodza-w-pierwszym-tygodniu-tour-de-france\/#breadcrumb\",\"itemListElement\":[{\"@type\":\"ListItem\",\"position\":1,\"name\":\"Home\",\"item\":\"https:\/\/www.welovecycling.com\/pl\/\"},{\"@type\":\"ListItem\",\"position\":2,\"name\":\"Faworyci nie zawodz\u0105 w pierwszym tygodniu Tour de France\"}]},{\"@type\":\"WebSite\",\"@id\":\"https:\/\/www.welovecycling.com\/pl\/#website\",\"url\":\"https:\/\/www.welovecycling.com\/pl\/\",\"name\":\"\u0160koda We Love Cycling - Poland\",\"description\":\"\",\"potentialAction\":[{\"@type\":\"SearchAction\",\"target\":{\"@type\":\"EntryPoint\",\"urlTemplate\":\"https:\/\/www.welovecycling.com\/pl\/?s={search_term_string}\"},\"query-input\":{\"@type\":\"PropertyValueSpecification\",\"valueRequired\":true,\"valueName\":\"search_term_string\"}}],\"inLanguage\":\"pl-PL\"},{\"@type\":\"Person\",\"@id\":\"https:\/\/www.welovecycling.com\/pl\/#\/schema\/person\/bf06ed916a1ef16618807fb60d2ebe42\",\"name\":\"rafal\",\"image\":{\"@type\":\"ImageObject\",\"inLanguage\":\"pl-PL\",\"@id\":\"https:\/\/www.welovecycling.com\/pl\/#\/schema\/person\/image\/\",\"url\":\"https:\/\/secure.gravatar.com\/avatar\/203f240e63bee214f6f3a0dacbeb600c7829c09716c2b9ee3230c6961debcde2?s=96&d=mm&r=g\",\"contentUrl\":\"https:\/\/secure.gravatar.com\/avatar\/203f240e63bee214f6f3a0dacbeb600c7829c09716c2b9ee3230c6961debcde2?s=96&d=mm&r=g\",\"caption\":\"rafal\"},\"url\":\"https:\/\/www.welovecycling.com\/pl\/author\/rafal\/\"}]}<\/script>\n<!-- \/ Yoast SEO Premium plugin. -->","yoast_head_json":{"title":"Faworyci nie zawodz\u0105 w pierwszym tygodniu Tour de France - \u0160koda We Love Cycling - Poland","robots":{"index":"index","follow":"follow","max-snippet":"max-snippet:-1","max-image-preview":"max-image-preview:large","max-video-preview":"max-video-preview:-1"},"canonical":"https:\/\/www.welovecycling.com\/pl\/2023\/07\/14\/faworyci-nie-zawodza-w-pierwszym-tygodniu-tour-de-france\/","og_locale":"pl_PL","og_type":"article","og_title":"Faworyci nie zawodz\u0105 w pierwszym tygodniu Tour de France","og_description":"Za nami pierwszy tydzie\u0144 najwi\u0119kszego etapowego wy\u015bcigu kolarskiego na \u015bwiecie \u2013 ze startem w stolicy Kraju Bask\u00f3w Bilbao i met\u0105 [&hellip;]","og_url":"https:\/\/www.welovecycling.com\/pl\/2023\/07\/14\/faworyci-nie-zawodza-w-pierwszym-tygodniu-tour-de-france\/","og_site_name":"\u0160koda We Love Cycling - Poland","article_published_time":"2023-07-14T09:50:27+00:00","article_modified_time":"2023-07-19T07:18:16+00:00","og_image":[{"width":1280,"height":720,"url":"https:\/\/d2p6e6u75xmxt8.cloudfront.net\/5\/2023\/07\/SCSV2-4257_13-07-1.webp","type":"image\/webp"}],"author":"rafal","twitter_card":"summary_large_image","twitter_misc":{"Written by":"Bartosz Huzarski","Est. reading time":"4"},"schema":{"@context":"https:\/\/schema.org","@graph":[{"@type":"WebPage","@id":"https:\/\/www.welovecycling.com\/pl\/2023\/07\/14\/faworyci-nie-zawodza-w-pierwszym-tygodniu-tour-de-france\/","url":"https:\/\/www.welovecycling.com\/pl\/2023\/07\/14\/faworyci-nie-zawodza-w-pierwszym-tygodniu-tour-de-france\/","name":"Faworyci nie zawodz\u0105 w pierwszym tygodniu Tour de France - \u0160koda We Love Cycling - Poland","isPartOf":{"@id":"https:\/\/www.welovecycling.com\/pl\/#website"},"primaryImageOfPage":{"@id":"https:\/\/www.welovecycling.com\/pl\/2023\/07\/14\/faworyci-nie-zawodza-w-pierwszym-tygodniu-tour-de-france\/#primaryimage"},"image":{"@id":"https:\/\/www.welovecycling.com\/pl\/2023\/07\/14\/faworyci-nie-zawodza-w-pierwszym-tygodniu-tour-de-france\/#primaryimage"},"thumbnailUrl":"https:\/\/d2p6e6u75xmxt8.cloudfront.net\/5\/2023\/07\/SCSV2-4257_13-07-1.webp","datePublished":"2023-07-14T09:50:27+00:00","dateModified":"2023-07-19T07:18:16+00:00","author":{"@id":"https:\/\/www.welovecycling.com\/pl\/#\/schema\/person\/bf06ed916a1ef16618807fb60d2ebe42"},"breadcrumb":{"@id":"https:\/\/www.welovecycling.com\/pl\/2023\/07\/14\/faworyci-nie-zawodza-w-pierwszym-tygodniu-tour-de-france\/#breadcrumb"},"inLanguage":"pl-PL","potentialAction":[{"@type":"ReadAction","target":["https:\/\/www.welovecycling.com\/pl\/2023\/07\/14\/faworyci-nie-zawodza-w-pierwszym-tygodniu-tour-de-france\/"]}]},{"@type":"ImageObject","inLanguage":"pl-PL","@id":"https:\/\/www.welovecycling.com\/pl\/2023\/07\/14\/faworyci-nie-zawodza-w-pierwszym-tygodniu-tour-de-france\/#primaryimage","url":"https:\/\/d2p6e6u75xmxt8.cloudfront.net\/5\/2023\/07\/SCSV2-4257_13-07-1.webp","contentUrl":"https:\/\/d2p6e6u75xmxt8.cloudfront.net\/5\/2023\/07\/SCSV2-4257_13-07-1.webp","width":1280,"height":720},{"@type":"BreadcrumbList","@id":"https:\/\/www.welovecycling.com\/pl\/2023\/07\/14\/faworyci-nie-zawodza-w-pierwszym-tygodniu-tour-de-france\/#breadcrumb","itemListElement":[{"@type":"ListItem","position":1,"name":"Home","item":"https:\/\/www.welovecycling.com\/pl\/"},{"@type":"ListItem","position":2,"name":"Faworyci nie zawodz\u0105 w pierwszym tygodniu Tour de France"}]},{"@type":"WebSite","@id":"https:\/\/www.welovecycling.com\/pl\/#website","url":"https:\/\/www.welovecycling.com\/pl\/","name":"\u0160koda We Love Cycling - Poland","description":"","potentialAction":[{"@type":"SearchAction","target":{"@type":"EntryPoint","urlTemplate":"https:\/\/www.welovecycling.com\/pl\/?s={search_term_string}"},"query-input":{"@type":"PropertyValueSpecification","valueRequired":true,"valueName":"search_term_string"}}],"inLanguage":"pl-PL"},{"@type":"Person","@id":"https:\/\/www.welovecycling.com\/pl\/#\/schema\/person\/bf06ed916a1ef16618807fb60d2ebe42","name":"rafal","image":{"@type":"ImageObject","inLanguage":"pl-PL","@id":"https:\/\/www.welovecycling.com\/pl\/#\/schema\/person\/image\/","url":"https:\/\/secure.gravatar.com\/avatar\/203f240e63bee214f6f3a0dacbeb600c7829c09716c2b9ee3230c6961debcde2?s=96&d=mm&r=g","contentUrl":"https:\/\/secure.gravatar.com\/avatar\/203f240e63bee214f6f3a0dacbeb600c7829c09716c2b9ee3230c6961debcde2?s=96&d=mm&r=g","caption":"rafal"},"url":"https:\/\/www.welovecycling.com\/pl\/author\/rafal\/"}]}},"_links":{"self":[{"href":"https:\/\/www.welovecycling.com\/pl\/wp-json\/wp\/v2\/posts\/13954","targetHints":{"allow":["GET"]}}],"collection":[{"href":"https:\/\/www.welovecycling.com\/pl\/wp-json\/wp\/v2\/posts"}],"about":[{"href":"https:\/\/www.welovecycling.com\/pl\/wp-json\/wp\/v2\/types\/post"}],"author":[{"embeddable":true,"href":"https:\/\/www.welovecycling.com\/pl\/wp-json\/wp\/v2\/users\/153"}],"replies":[{"embeddable":true,"href":"https:\/\/www.welovecycling.com\/pl\/wp-json\/wp\/v2\/comments?post=13954"}],"version-history":[{"count":2,"href":"https:\/\/www.welovecycling.com\/pl\/wp-json\/wp\/v2\/posts\/13954\/revisions"}],"predecessor-version":[{"id":13958,"href":"https:\/\/www.welovecycling.com\/pl\/wp-json\/wp\/v2\/posts\/13954\/revisions\/13958"}],"wp:featuredmedia":[{"embeddable":true,"href":"https:\/\/www.welovecycling.com\/pl\/wp-json\/wp\/v2\/media\/13955"}],"wp:attachment":[{"href":"https:\/\/www.welovecycling.com\/pl\/wp-json\/wp\/v2\/media?parent=13954"}],"wp:term":[{"taxonomy":"category","embeddable":true,"href":"https:\/\/www.welovecycling.com\/pl\/wp-json\/wp\/v2\/categories?post=13954"},{"taxonomy":"post_tag","embeddable":true,"href":"https:\/\/www.welovecycling.com\/pl\/wp-json\/wp\/v2\/tags?post=13954"},{"taxonomy":"global-categories","embeddable":true,"href":"https:\/\/www.welovecycling.com\/pl\/wp-json\/wp\/v2\/global-categories?post=13954"}],"curies":[{"name":"wp","href":"https:\/\/api.w.org\/{rel}","templated":true}]}}