{"id":1395,"date":"2016-07-13T14:53:42","date_gmt":"2016-07-13T14:53:42","guid":{"rendered":"http:\/\/skoda-rowery.pl\/?p=1395"},"modified":"2016-12-05T08:48:38","modified_gmt":"2016-12-05T08:48:38","slug":"konkurs-marki-skoda-wyrusz-w-nasz-interaktywny-tour-de-france-i-wygraj-2","status":"publish","type":"post","link":"https:\/\/www.welovecycling.com\/pl\/2016\/07\/13\/konkurs-marki-skoda-wyrusz-w-nasz-interaktywny-tour-de-france-i-wygraj-2\/","title":{"rendered":"Wyrusz w nasz interaktywny Tour de France i wygraj!"},"content":{"rendered":"<p>Marka \u0160koda od lat zwi\u0105zana jest z Tour de France. Zorganizowali\u015bmy konkurs, by wszyscy internaucie mogli poczu\u0107 w swoich domach nieod\u0142\u0105czne dla tego wy\u015bcigu emocje.\u00a0<!--more--><\/p>\n<h3 style=\"text-align: center\"><a href=\"http:\/\/skodatourdefrance.pl\"><span style=\"color: #008000\">&gt; WE\u0179 UDZIA\u0141 W KONKURSIE&lt;<\/span> <\/a><\/h3>\n<p style=\"text-align: justify\">W ramach konkursu uczestnik musi, rzucaj\u0105c kostk\u0105, pokona\u0107 21 p\u00f3l planszy (jest ich tyle samo ile etap\u00f3w Tour de France), odpowiadaj\u0105c na pytania. Po przekroczeniu mety pozostaje ju\u017c tylko jedno pytanie otwarte. Warto wykaza\u0107 si\u0119 oryginalno\u015bci\u0105 i kreatywno\u015bci\u0105. Ponad 100 wspania\u0142ych nagr\u00f3d czeka. W\u015br\u00f3d nich rower i rowerowe akcesoria: kask, bidon, czapka, plecak, chustka.<\/p>\n<p style=\"text-align: justify\">Konkurs trwa do 24 lipca 2016 roku, do godziny 23.59. Ach te emocje!<\/p>\n","protected":false},"excerpt":{"rendered":"<p>Marka \u0160koda od lat zwi\u0105zana jest z Tour de France. Zorganizowali\u015bmy konkurs, by wszyscy internaucie mogli poczu\u0107 w swoich domach [&hellip;]<\/p>\n","protected":false},"author":1,"featured_media":1397,"comment_status":"open","ping_status":"closed","sticky":false,"template":"","format":"standard","meta":{"footnotes":""},"categories":[1],"tags":[77],"global-categories":[],"class_list":["post-1395","post","type-post","status-publish","format-standard","has-post-thumbnail","hentry","category-uncategorized","tag-tour-de-france"],"yoast_head":"<!-- This site is optimized with the Yoast SEO Premium plugin v25.3 (Yoast SEO v25.9) - https:\/\/yoast.com\/wordpress\/plugins\/seo\/ -->\n<title>Wyrusz w nasz interaktywny Tour de France i wygraj! - \u0160koda We Love Cycling - Poland<\/title>\n<meta name=\"robots\" content=\"index, follow, max-snippet:-1, max-image-preview:large, max-video-preview:-1\" \/>\n<link rel=\"canonical\" href=\"https:\/\/www.welovecycling.com\/pl\/2016\/07\/13\/konkurs-marki-skoda-wyrusz-w-nasz-interaktywny-tour-de-france-i-wygraj-2\/\" \/>\n<meta property=\"og:locale\" content=\"pl_PL\" \/>\n<meta property=\"og:type\" content=\"article\" \/>\n<meta property=\"og:title\" content=\"Wyrusz w nasz interaktywny Tour de France i wygraj!\" \/>\n<meta property=\"og:description\" content=\"Marka \u0160koda od lat zwi\u0105zana jest z Tour de France. Zorganizowali\u015bmy konkurs, by wszyscy internaucie mogli poczu\u0107 w swoich domach [&hellip;]\" \/>\n<meta property=\"og:url\" content=\"https:\/\/www.welovecycling.com\/pl\/2016\/07\/13\/konkurs-marki-skoda-wyrusz-w-nasz-interaktywny-tour-de-france-i-wygraj-2\/\" \/>\n<meta property=\"og:site_name\" content=\"\u0160koda We Love Cycling - Poland\" \/>\n<meta property=\"article:published_time\" content=\"2016-07-13T14:53:42+00:00\" \/>\n<meta property=\"article:modified_time\" content=\"2016-12-05T08:48:38+00:00\" \/>\n<meta property=\"og:image\" content=\"https:\/\/d2p6e6u75xmxt8.cloudfront.net\/5\/2016\/07\/tdf_640x435_konkurs.jpg\" \/>\n\t<meta property=\"og:image:width\" content=\"650\" \/>\n\t<meta property=\"og:image:height\" content=\"435\" \/>\n\t<meta property=\"og:image:type\" content=\"image\/jpeg\" \/>\n<meta name=\"author\" content=\"WeLoveCycling\" \/>\n<meta name=\"twitter:card\" content=\"summary_large_image\" \/>\n<meta name=\"twitter:label1\" content=\"Written by\" \/>\n\t<meta name=\"twitter:data1\" content=\"WeLoveCycling\" \/>\n\t<meta name=\"twitter:label2\" content=\"Est. reading time\" \/>\n\t<meta name=\"twitter:data2\" content=\"1 minute\" \/>\n<script type=\"application\/ld+json\" class=\"yoast-schema-graph\">{\"@context\":\"https:\/\/schema.org\",\"@graph\":[{\"@type\":\"WebPage\",\"@id\":\"https:\/\/www.welovecycling.com\/pl\/2016\/07\/13\/konkurs-marki-skoda-wyrusz-w-nasz-interaktywny-tour-de-france-i-wygraj-2\/\",\"url\":\"https:\/\/www.welovecycling.com\/pl\/2016\/07\/13\/konkurs-marki-skoda-wyrusz-w-nasz-interaktywny-tour-de-france-i-wygraj-2\/\",\"name\":\"Wyrusz w nasz interaktywny Tour de France i wygraj! - \u0160koda We Love Cycling - Poland\",\"isPartOf\":{\"@id\":\"https:\/\/www.welovecycling.com\/pl\/#website\"},\"primaryImageOfPage\":{\"@id\":\"https:\/\/www.welovecycling.com\/pl\/2016\/07\/13\/konkurs-marki-skoda-wyrusz-w-nasz-interaktywny-tour-de-france-i-wygraj-2\/#primaryimage\"},\"image\":{\"@id\":\"https:\/\/www.welovecycling.com\/pl\/2016\/07\/13\/konkurs-marki-skoda-wyrusz-w-nasz-interaktywny-tour-de-france-i-wygraj-2\/#primaryimage\"},\"thumbnailUrl\":\"https:\/\/d2p6e6u75xmxt8.cloudfront.net\/5\/2016\/07\/tdf_640x435_konkurs.jpg\",\"datePublished\":\"2016-07-13T14:53:42+00:00\",\"dateModified\":\"2016-12-05T08:48:38+00:00\",\"author\":{\"@id\":\"https:\/\/www.welovecycling.com\/pl\/#\/schema\/person\/e5187c9cac8dd619ebc7b41bd73c2fd9\"},\"breadcrumb\":{\"@id\":\"https:\/\/www.welovecycling.com\/pl\/2016\/07\/13\/konkurs-marki-skoda-wyrusz-w-nasz-interaktywny-tour-de-france-i-wygraj-2\/#breadcrumb\"},\"inLanguage\":\"pl-PL\",\"potentialAction\":[{\"@type\":\"ReadAction\",\"target\":[\"https:\/\/www.welovecycling.com\/pl\/2016\/07\/13\/konkurs-marki-skoda-wyrusz-w-nasz-interaktywny-tour-de-france-i-wygraj-2\/\"]}]},{\"@type\":\"ImageObject\",\"inLanguage\":\"pl-PL\",\"@id\":\"https:\/\/www.welovecycling.com\/pl\/2016\/07\/13\/konkurs-marki-skoda-wyrusz-w-nasz-interaktywny-tour-de-france-i-wygraj-2\/#primaryimage\",\"url\":\"https:\/\/d2p6e6u75xmxt8.cloudfront.net\/5\/2016\/07\/tdf_640x435_konkurs.jpg\",\"contentUrl\":\"https:\/\/d2p6e6u75xmxt8.cloudfront.net\/5\/2016\/07\/tdf_640x435_konkurs.jpg\",\"width\":650,\"height\":435},{\"@type\":\"BreadcrumbList\",\"@id\":\"https:\/\/www.welovecycling.com\/pl\/2016\/07\/13\/konkurs-marki-skoda-wyrusz-w-nasz-interaktywny-tour-de-france-i-wygraj-2\/#breadcrumb\",\"itemListElement\":[{\"@type\":\"ListItem\",\"position\":1,\"name\":\"Home\",\"item\":\"https:\/\/www.welovecycling.com\/pl\/\"},{\"@type\":\"ListItem\",\"position\":2,\"name\":\"Wyrusz w nasz interaktywny Tour de France i wygraj!\"}]},{\"@type\":\"WebSite\",\"@id\":\"https:\/\/www.welovecycling.com\/pl\/#website\",\"url\":\"https:\/\/www.welovecycling.com\/pl\/\",\"name\":\"\u0160koda We Love Cycling - Poland\",\"description\":\"\",\"potentialAction\":[{\"@type\":\"SearchAction\",\"target\":{\"@type\":\"EntryPoint\",\"urlTemplate\":\"https:\/\/www.welovecycling.com\/pl\/?s={search_term_string}\"},\"query-input\":{\"@type\":\"PropertyValueSpecification\",\"valueRequired\":true,\"valueName\":\"search_term_string\"}}],\"inLanguage\":\"pl-PL\"},{\"@type\":\"Person\",\"@id\":\"https:\/\/www.welovecycling.com\/pl\/#\/schema\/person\/e5187c9cac8dd619ebc7b41bd73c2fd9\",\"name\":\"WeLoveCycling\",\"image\":{\"@type\":\"ImageObject\",\"inLanguage\":\"pl-PL\",\"@id\":\"https:\/\/www.welovecycling.com\/pl\/#\/schema\/person\/image\/\",\"url\":\"https:\/\/secure.gravatar.com\/avatar\/7e1ee0ecc5e294b19ef32b9f6086e0afbb9da00c3cb0d465ba4695331f4a9187?s=96&d=mm&r=g\",\"contentUrl\":\"https:\/\/secure.gravatar.com\/avatar\/7e1ee0ecc5e294b19ef32b9f6086e0afbb9da00c3cb0d465ba4695331f4a9187?s=96&d=mm&r=g\",\"caption\":\"WeLoveCycling\"},\"url\":\"https:\/\/www.welovecycling.com\/pl\/author\/lukascech\/\"}]}<\/script>\n<!-- \/ Yoast SEO Premium plugin. -->","yoast_head_json":{"title":"Wyrusz w nasz interaktywny Tour de France i wygraj! - \u0160koda We Love Cycling - Poland","robots":{"index":"index","follow":"follow","max-snippet":"max-snippet:-1","max-image-preview":"max-image-preview:large","max-video-preview":"max-video-preview:-1"},"canonical":"https:\/\/www.welovecycling.com\/pl\/2016\/07\/13\/konkurs-marki-skoda-wyrusz-w-nasz-interaktywny-tour-de-france-i-wygraj-2\/","og_locale":"pl_PL","og_type":"article","og_title":"Wyrusz w nasz interaktywny Tour de France i wygraj!","og_description":"Marka \u0160koda od lat zwi\u0105zana jest z Tour de France. Zorganizowali\u015bmy konkurs, by wszyscy internaucie mogli poczu\u0107 w swoich domach [&hellip;]","og_url":"https:\/\/www.welovecycling.com\/pl\/2016\/07\/13\/konkurs-marki-skoda-wyrusz-w-nasz-interaktywny-tour-de-france-i-wygraj-2\/","og_site_name":"\u0160koda We Love Cycling - Poland","article_published_time":"2016-07-13T14:53:42+00:00","article_modified_time":"2016-12-05T08:48:38+00:00","og_image":[{"width":650,"height":435,"url":"https:\/\/d2p6e6u75xmxt8.cloudfront.net\/5\/2016\/07\/tdf_640x435_konkurs.jpg","type":"image\/jpeg"}],"author":"WeLoveCycling","twitter_card":"summary_large_image","twitter_misc":{"Written by":"WeLoveCycling","Est. reading time":"1 minute"},"schema":{"@context":"https:\/\/schema.org","@graph":[{"@type":"WebPage","@id":"https:\/\/www.welovecycling.com\/pl\/2016\/07\/13\/konkurs-marki-skoda-wyrusz-w-nasz-interaktywny-tour-de-france-i-wygraj-2\/","url":"https:\/\/www.welovecycling.com\/pl\/2016\/07\/13\/konkurs-marki-skoda-wyrusz-w-nasz-interaktywny-tour-de-france-i-wygraj-2\/","name":"Wyrusz w nasz interaktywny Tour de France i wygraj! - \u0160koda We Love Cycling - Poland","isPartOf":{"@id":"https:\/\/www.welovecycling.com\/pl\/#website"},"primaryImageOfPage":{"@id":"https:\/\/www.welovecycling.com\/pl\/2016\/07\/13\/konkurs-marki-skoda-wyrusz-w-nasz-interaktywny-tour-de-france-i-wygraj-2\/#primaryimage"},"image":{"@id":"https:\/\/www.welovecycling.com\/pl\/2016\/07\/13\/konkurs-marki-skoda-wyrusz-w-nasz-interaktywny-tour-de-france-i-wygraj-2\/#primaryimage"},"thumbnailUrl":"https:\/\/d2p6e6u75xmxt8.cloudfront.net\/5\/2016\/07\/tdf_640x435_konkurs.jpg","datePublished":"2016-07-13T14:53:42+00:00","dateModified":"2016-12-05T08:48:38+00:00","author":{"@id":"https:\/\/www.welovecycling.com\/pl\/#\/schema\/person\/e5187c9cac8dd619ebc7b41bd73c2fd9"},"breadcrumb":{"@id":"https:\/\/www.welovecycling.com\/pl\/2016\/07\/13\/konkurs-marki-skoda-wyrusz-w-nasz-interaktywny-tour-de-france-i-wygraj-2\/#breadcrumb"},"inLanguage":"pl-PL","potentialAction":[{"@type":"ReadAction","target":["https:\/\/www.welovecycling.com\/pl\/2016\/07\/13\/konkurs-marki-skoda-wyrusz-w-nasz-interaktywny-tour-de-france-i-wygraj-2\/"]}]},{"@type":"ImageObject","inLanguage":"pl-PL","@id":"https:\/\/www.welovecycling.com\/pl\/2016\/07\/13\/konkurs-marki-skoda-wyrusz-w-nasz-interaktywny-tour-de-france-i-wygraj-2\/#primaryimage","url":"https:\/\/d2p6e6u75xmxt8.cloudfront.net\/5\/2016\/07\/tdf_640x435_konkurs.jpg","contentUrl":"https:\/\/d2p6e6u75xmxt8.cloudfront.net\/5\/2016\/07\/tdf_640x435_konkurs.jpg","width":650,"height":435},{"@type":"BreadcrumbList","@id":"https:\/\/www.welovecycling.com\/pl\/2016\/07\/13\/konkurs-marki-skoda-wyrusz-w-nasz-interaktywny-tour-de-france-i-wygraj-2\/#breadcrumb","itemListElement":[{"@type":"ListItem","position":1,"name":"Home","item":"https:\/\/www.welovecycling.com\/pl\/"},{"@type":"ListItem","position":2,"name":"Wyrusz w nasz interaktywny Tour de France i wygraj!"}]},{"@type":"WebSite","@id":"https:\/\/www.welovecycling.com\/pl\/#website","url":"https:\/\/www.welovecycling.com\/pl\/","name":"\u0160koda We Love Cycling - Poland","description":"","potentialAction":[{"@type":"SearchAction","target":{"@type":"EntryPoint","urlTemplate":"https:\/\/www.welovecycling.com\/pl\/?s={search_term_string}"},"query-input":{"@type":"PropertyValueSpecification","valueRequired":true,"valueName":"search_term_string"}}],"inLanguage":"pl-PL"},{"@type":"Person","@id":"https:\/\/www.welovecycling.com\/pl\/#\/schema\/person\/e5187c9cac8dd619ebc7b41bd73c2fd9","name":"WeLoveCycling","image":{"@type":"ImageObject","inLanguage":"pl-PL","@id":"https:\/\/www.welovecycling.com\/pl\/#\/schema\/person\/image\/","url":"https:\/\/secure.gravatar.com\/avatar\/7e1ee0ecc5e294b19ef32b9f6086e0afbb9da00c3cb0d465ba4695331f4a9187?s=96&d=mm&r=g","contentUrl":"https:\/\/secure.gravatar.com\/avatar\/7e1ee0ecc5e294b19ef32b9f6086e0afbb9da00c3cb0d465ba4695331f4a9187?s=96&d=mm&r=g","caption":"WeLoveCycling"},"url":"https:\/\/www.welovecycling.com\/pl\/author\/lukascech\/"}]}},"_links":{"self":[{"href":"https:\/\/www.welovecycling.com\/pl\/wp-json\/wp\/v2\/posts\/1395","targetHints":{"allow":["GET"]}}],"collection":[{"href":"https:\/\/www.welovecycling.com\/pl\/wp-json\/wp\/v2\/posts"}],"about":[{"href":"https:\/\/www.welovecycling.com\/pl\/wp-json\/wp\/v2\/types\/post"}],"author":[{"embeddable":true,"href":"https:\/\/www.welovecycling.com\/pl\/wp-json\/wp\/v2\/users\/1"}],"replies":[{"embeddable":true,"href":"https:\/\/www.welovecycling.com\/pl\/wp-json\/wp\/v2\/comments?post=1395"}],"version-history":[{"count":1,"href":"https:\/\/www.welovecycling.com\/pl\/wp-json\/wp\/v2\/posts\/1395\/revisions"}],"predecessor-version":[{"id":2432,"href":"https:\/\/www.welovecycling.com\/pl\/wp-json\/wp\/v2\/posts\/1395\/revisions\/2432"}],"wp:featuredmedia":[{"embeddable":true,"href":"https:\/\/www.welovecycling.com\/pl\/wp-json\/wp\/v2\/media\/1397"}],"wp:attachment":[{"href":"https:\/\/www.welovecycling.com\/pl\/wp-json\/wp\/v2\/media?parent=1395"}],"wp:term":[{"taxonomy":"category","embeddable":true,"href":"https:\/\/www.welovecycling.com\/pl\/wp-json\/wp\/v2\/categories?post=1395"},{"taxonomy":"post_tag","embeddable":true,"href":"https:\/\/www.welovecycling.com\/pl\/wp-json\/wp\/v2\/tags?post=1395"},{"taxonomy":"global-categories","embeddable":true,"href":"https:\/\/www.welovecycling.com\/pl\/wp-json\/wp\/v2\/global-categories?post=1395"}],"curies":[{"name":"wp","href":"https:\/\/api.w.org\/{rel}","templated":true}]}}