{"id":13949,"date":"2023-07-12T08:07:41","date_gmt":"2023-07-12T08:07:41","guid":{"rendered":"https:\/\/www.welovecycling.com\/pl\/?p=13949"},"modified":"2023-07-12T08:07:41","modified_gmt":"2023-07-12T08:07:41","slug":"6-tygodniowy-trening-przed-kolejnym-wyscigiem","status":"publish","type":"post","link":"https:\/\/www.welovecycling.com\/pl\/2023\/07\/12\/6-tygodniowy-trening-przed-kolejnym-wyscigiem\/","title":{"rendered":"6-tygodniowy trening  przed kolejnym wy\u015bcigiem"},"content":{"rendered":"<p><strong>Do\u015bwiadczeni kolarze zazwyczaj szybko dostosowuj\u0105 si\u0119 do swojej rutyny treningowej po rozpocz\u0119ciu sezonu. Mo\u017ce to jednak stanowi\u0107 problem, gdy pr\u00f3buj\u0105 osi\u0105gn\u0105\u0107 szczytow\u0105 form\u0119 przed wy\u015bcigiem. Je\u015bli chcesz wyj\u015b\u0107 z rutyny i jak najlepiej wykorzysta\u0107 ostatnie sze\u015b\u0107 tygodni przed startem, ten przewodnik jest w\u0142a\u015bnie dla Ciebie.<\/strong><\/p>\n<p>Wszystkie elementy tego sze\u015bciotygodniowego planu b\u0119d\u0105 przydatne przez ca\u0142y sezon. Nic nie stoi na przeszkodzie, by plan ten wyd\u0142u\u017cy\u0107 b\u0105d\u017a skr\u00f3ci\u0107 (np. do 4 tygodni), je\u015bli tylko zajdzie taka potrzeba. Jego celem jest zmiana rutyny, \u017ceby trening skutecznie stymulowa\u0142 cia\u0142o. Co tydzie\u0144 b\u0119dziemy wprowadza\u0107 nowy element, aby by\u0142o jasne, na co nale\u017cy zwr\u00f3ci\u0107 uwag\u0119.<\/p>\n<h2><strong>Pu\u0142apka treningu <\/strong><\/h2>\n<p>Kolarze stali si\u0119 o wiele lepsi w budowaniu solidnej bazy aerobowej \u2013 \u00a0prawdopodobnie dlatego, \u017ce na popularno\u015bci zyska\u0142 trening w strefie drugiej (pr\u00f3g aerobo\u00adwy). Swoj\u0105 rol\u0119 odegra\u0142y r\u00f3wnie\u017c wewn\u0119trzne platformy treningowe, takie jak na przyk\u0142ad <a href=\"http:\/\/zwift.com\/\">Zwift<\/a> \u2013 po prostu pomog\u0142y kolarzom utrzyma\u0107 kondycj\u0119 poza sezonem. Dobra baza aerobowa oznacza wi\u0119ksz\u0105 moc na <a href=\"https:\/\/www.welovecycling.com\/wide\/2019\/11\/19\/build-your-own-cycling-training-plan-lactate-threshold-workouts\/\">progu mleczanowym. <\/a>Takie przygotowanie na wiosn\u0119 daje kolarzom doskona\u0142y punkt wyj\u015bcia do zbudowania \u015bwietnej formy na wy\u015bcigi.<\/p>\n<p>Niestety skupienie si\u0119 na treningu w strefie drugiej i sprawno\u015bci aerobowej ma swoj\u0105 cen\u0119. Kolarzom cz\u0119sto brakuje treningu, kt\u00f3ry jest odpowiedzi\u0105 na konk\u00adretne wymogi okre\u015blonych wy\u015bcig\u00f3w \u2013 czyli na przyk\u0142ad szybkie sprinty, przyspieszanie z niskich pr\u0119dko\u015bci, powtarzaj\u0105ce si\u0119 wysi\u0142ki o du\u017cej mocy z ograniczon\u0105 regeneracj\u0105 i <a href=\"https:\/\/www.welovecycling.com\/wide\/2019\/11\/26\/build-your-own-cycling-training-plan-vo2-max-workouts\/\">praca nad pu\u0142apem tlenowym (VO2 max).<\/a> Tego typu elementy musimy doda\u0107 do naszego sze\u015bciotygodniowego planu, aby by\u0107 w jak najlepszej formie na wy\u015bcig.<\/p>\n<figure id=\"attachment_13951\" aria-describedby=\"caption-attachment-13951\" style=\"width: 900px\" class=\"wp-caption alignnone\"><a href=\"https:\/\/d2p6e6u75xmxt8.cloudfront.net\/5\/2023\/07\/wlc-12.07-2.webp\"><img loading=\"lazy\" decoding=\"async\" class=\"wp-image-13951 size-full\" src=\"https:\/\/d2p6e6u75xmxt8.cloudfront.net\/5\/2023\/07\/wlc-12.07-2.webp\" alt=\"\" width=\"900\" height=\"600\" srcset=\"https:\/\/d2p6e6u75xmxt8.cloudfront.net\/5\/2023\/07\/wlc-12.07-2.webp 900w, https:\/\/d2p6e6u75xmxt8.cloudfront.net\/5\/2023\/07\/wlc-12.07-2-300x200.webp 300w, https:\/\/d2p6e6u75xmxt8.cloudfront.net\/5\/2023\/07\/wlc-12.07-2-768x512.webp 768w, https:\/\/d2p6e6u75xmxt8.cloudfront.net\/5\/2023\/07\/wlc-12.07-2-400x267.webp 400w, https:\/\/d2p6e6u75xmxt8.cloudfront.net\/5\/2023\/07\/wlc-12.07-2-272x182.webp 272w\" sizes=\"auto, (max-width: 900px) 100vw, 900px\" \/><\/a><figcaption id=\"caption-attachment-13951\" class=\"wp-caption-text\">Praca nad progiem mleczanowym jest szczeg\u00f3lnie wa\u017cna dla rowerzyst\u00f3w koncentruj\u0105cych si\u0119 na kr\u00f3tszych wy\u015bcigach, w kt\u00f3rych wa\u017cne jest utrzymanie wysokiej intensywno\u015bci przez d\u0142u\u017cszy czas. \u00a9 Profimedia<\/figcaption><\/figure>\n<h2><strong>Opracowanie planu<\/strong><\/h2>\n<p>Pierwszym krokiem jest stworzenie planu na tygodnie, kt\u00f3re nam pozosta\u0142y do daty wy\u015bcigu. Zawsze gdy potrzebujemy nowego planu treningowego, wykonajmy poni\u017csze trzy kroki.<\/p>\n<ul>\n<li>Okre\u015blmy wymagania wydarzenia, do kt\u00f3rego si\u0119 przygotowujemy.<\/li>\n<li>Wybierzmy rodzaj treningu, kt\u00f3ry we\u017amie pod uwag\u0119 te wymagania.<\/li>\n<li>Dopasujmy nasz trening do realistycznego harmonogramu.<\/li>\n<\/ul>\n<p>Te sze\u015b\u0107 tygodni wystarczy, aby poczu\u0107 r\u00f3\u017cnic\u0119, kt\u00f3ra mo\u017ce mie\u0107 znacz\u0105cy wp\u0142yw na wyniki w dniu wy\u015bcigu. Je\u015bli b\u0119dziesz w stanie zacz\u0105\u0107 wcze\u015bniej, na pewno zadzia\u0142a to na Twoj\u0105 korzy\u015b\u0107.<\/p>\n<p>Idealnym scenariuszem jest wsp\u00f3\u0142praca z trenerem, kt\u00f3ry pomo\u017ce Ci dostosowa\u0107 plan do Twoich potrzeb. Je\u015bli jednak nie masz takiej mo\u017cliwo\u015bci, skorzystaj z gotowego planu, kt\u00f3ry znajdziesz w internecie.<\/p>\n<p>Innym sposobem na stworzenie niestandardowego planu jest jego samodzielne przygotowanie. Du\u017c\u0105 pomoc znajdziesz w naszym przewodniku po planach treningowych, kt\u00f3ry zawiera przyk\u0142adowe sesje treningowe dla progu mleczanowego i VO2 max. Og\u00f3lnie rzecz bior\u0105c, powiniene\u015b d\u0105\u017cy\u0107 do ni\u017cej opisanego podzia\u0142u trening\u00f3w.<\/p>\n<ul>\n<li><strong>Sesje strefy drugiej (baza aerobowa)<\/strong>: ogranicz te sesje do 30\u201350% czasu treningu.<\/li>\n<li><strong>Sesje progu mleczanowego<\/strong>: na nich warto si\u0119 skupi\u0107 i po\u015bwi\u0119ci\u0107 im 25\u201335% czasu.<\/li>\n<li><strong>Sesje VO2 max<\/strong>: one r\u00f3wnie\u017c s\u0105 Twoim priorytetem \u2013 powinny zaj\u0105\u0107 ok. 15\u201325% czasu.<\/li>\n<\/ul>\n<p>&nbsp;<\/p>\n<p>Oczywi\u015bcie nie mo\u017cna zapomina\u0107 o dniach odpoczynku i odpowiednim taperingu, gdy zbli\u017ca si\u0119 dzie\u0144 wy\u015bcigu. Do tych temat\u00f3w jeszcze wr\u00f3cimy.<\/p>\n<p><span data-sheets-value=\"{&quot;1&quot;:2,&quot;2&quot;:&quot;Artyku\u0142 powsta\u0142 we wsp\u00f3\u0142pracy ze skoda-auto.pl&quot;}\" data-sheets-userformat=\"{&quot;2&quot;:1,&quot;3&quot;:{&quot;1&quot;:0}}\" data-sheets-hyperlink=\"http:\/\/www.skoda-auto.pl\/\"><a class=\"in-cell-link\" href=\"http:\/\/www.skoda-auto.pl\/\" target=\"_blank\" rel=\"noopener noreferrer\">Artyku\u0142 powsta\u0142 we wsp\u00f3\u0142pracy ze skoda-auto.pl<\/a><\/span><\/p>\n<p><a href=\"https:\/\/d2p6e6u75xmxt8.cloudfront.net\/5\/2030\/11\/1.webp\"><img loading=\"lazy\" decoding=\"async\" class=\"size-full wp-image-13777 aligncenter\" src=\"https:\/\/d2p6e6u75xmxt8.cloudfront.net\/5\/2030\/11\/1.webp\" alt=\"\" width=\"640\" height=\"350\" srcset=\"https:\/\/d2p6e6u75xmxt8.cloudfront.net\/5\/2030\/11\/1.webp 640w, https:\/\/d2p6e6u75xmxt8.cloudfront.net\/5\/2030\/11\/1-300x164.webp 300w, https:\/\/d2p6e6u75xmxt8.cloudfront.net\/5\/2030\/11\/1-400x219.webp 400w\" sizes=\"auto, (max-width: 640px) 100vw, 640px\" \/><\/a><\/p>\n","protected":false},"excerpt":{"rendered":"<p>Do\u015bwiadczeni kolarze zazwyczaj szybko dostosowuj\u0105 si\u0119 do swojej rutyny treningowej po rozpocz\u0119ciu sezonu. Mo\u017ce to jednak stanowi\u0107 problem, gdy pr\u00f3buj\u0105 [&hellip;]<\/p>\n","protected":false},"author":153,"featured_media":13950,"comment_status":"open","ping_status":"open","sticky":false,"template":"","format":"standard","meta":{"footnotes":""},"categories":[4],"tags":[91,191,17,82,16],"global-categories":[303],"class_list":["post-13949","post","type-post","status-publish","format-standard","has-post-thumbnail","hentry","category-zdrowie-i-trening","tag-rowery","tag-skoda","tag-trening","tag-welovecycling","tag-zdrowie","global-categories-cycling"],"yoast_head":"<!-- This site is optimized with the Yoast SEO Premium plugin v25.3 (Yoast SEO v25.9) - https:\/\/yoast.com\/wordpress\/plugins\/seo\/ -->\n<title>6-tygodniowy trening przed kolejnym wy\u015bcigiem - \u0160koda We Love Cycling - Poland<\/title>\n<meta name=\"robots\" content=\"index, follow, max-snippet:-1, max-image-preview:large, max-video-preview:-1\" \/>\n<link rel=\"canonical\" href=\"https:\/\/www.welovecycling.com\/pl\/2023\/07\/12\/6-tygodniowy-trening-przed-kolejnym-wyscigiem\/\" \/>\n<meta property=\"og:locale\" content=\"pl_PL\" \/>\n<meta property=\"og:type\" content=\"article\" \/>\n<meta property=\"og:title\" content=\"6-tygodniowy trening przed kolejnym wy\u015bcigiem\" \/>\n<meta property=\"og:description\" content=\"Do\u015bwiadczeni kolarze zazwyczaj szybko dostosowuj\u0105 si\u0119 do swojej rutyny treningowej po rozpocz\u0119ciu sezonu. Mo\u017ce to jednak stanowi\u0107 problem, gdy pr\u00f3buj\u0105 [&hellip;]\" \/>\n<meta property=\"og:url\" content=\"https:\/\/www.welovecycling.com\/pl\/2023\/07\/12\/6-tygodniowy-trening-przed-kolejnym-wyscigiem\/\" \/>\n<meta property=\"og:site_name\" content=\"\u0160koda We Love Cycling - Poland\" \/>\n<meta property=\"article:published_time\" content=\"2023-07-12T08:07:41+00:00\" \/>\n<meta property=\"og:image\" content=\"https:\/\/d2p6e6u75xmxt8.cloudfront.net\/5\/2023\/07\/wlc-12.07.webp\" \/>\n\t<meta property=\"og:image:width\" content=\"1109\" \/>\n\t<meta property=\"og:image:height\" content=\"740\" \/>\n\t<meta property=\"og:image:type\" content=\"image\/webp\" \/>\n<meta name=\"author\" content=\"rafal\" \/>\n<meta name=\"twitter:card\" content=\"summary_large_image\" \/>\n<meta name=\"twitter:label1\" content=\"Written by\" \/>\n\t<meta name=\"twitter:data1\" content=\"Jiri Kaloc\" \/>\n\t<meta name=\"twitter:label2\" content=\"Est. reading time\" \/>\n\t<meta name=\"twitter:data2\" content=\"4\" \/>\n<script type=\"application\/ld+json\" class=\"yoast-schema-graph\">{\"@context\":\"https:\/\/schema.org\",\"@graph\":[{\"@type\":\"WebPage\",\"@id\":\"https:\/\/www.welovecycling.com\/pl\/2023\/07\/12\/6-tygodniowy-trening-przed-kolejnym-wyscigiem\/\",\"url\":\"https:\/\/www.welovecycling.com\/pl\/2023\/07\/12\/6-tygodniowy-trening-przed-kolejnym-wyscigiem\/\",\"name\":\"6-tygodniowy trening przed kolejnym wy\u015bcigiem - \u0160koda We Love Cycling - Poland\",\"isPartOf\":{\"@id\":\"https:\/\/www.welovecycling.com\/pl\/#website\"},\"primaryImageOfPage\":{\"@id\":\"https:\/\/www.welovecycling.com\/pl\/2023\/07\/12\/6-tygodniowy-trening-przed-kolejnym-wyscigiem\/#primaryimage\"},\"image\":{\"@id\":\"https:\/\/www.welovecycling.com\/pl\/2023\/07\/12\/6-tygodniowy-trening-przed-kolejnym-wyscigiem\/#primaryimage\"},\"thumbnailUrl\":\"https:\/\/d2p6e6u75xmxt8.cloudfront.net\/5\/2023\/07\/wlc-12.07.webp\",\"datePublished\":\"2023-07-12T08:07:41+00:00\",\"author\":{\"@id\":\"https:\/\/www.welovecycling.com\/pl\/#\/schema\/person\/bf06ed916a1ef16618807fb60d2ebe42\"},\"breadcrumb\":{\"@id\":\"https:\/\/www.welovecycling.com\/pl\/2023\/07\/12\/6-tygodniowy-trening-przed-kolejnym-wyscigiem\/#breadcrumb\"},\"inLanguage\":\"pl-PL\",\"potentialAction\":[{\"@type\":\"ReadAction\",\"target\":[\"https:\/\/www.welovecycling.com\/pl\/2023\/07\/12\/6-tygodniowy-trening-przed-kolejnym-wyscigiem\/\"]}]},{\"@type\":\"ImageObject\",\"inLanguage\":\"pl-PL\",\"@id\":\"https:\/\/www.welovecycling.com\/pl\/2023\/07\/12\/6-tygodniowy-trening-przed-kolejnym-wyscigiem\/#primaryimage\",\"url\":\"https:\/\/d2p6e6u75xmxt8.cloudfront.net\/5\/2023\/07\/wlc-12.07.webp\",\"contentUrl\":\"https:\/\/d2p6e6u75xmxt8.cloudfront.net\/5\/2023\/07\/wlc-12.07.webp\",\"width\":1109,\"height\":740},{\"@type\":\"BreadcrumbList\",\"@id\":\"https:\/\/www.welovecycling.com\/pl\/2023\/07\/12\/6-tygodniowy-trening-przed-kolejnym-wyscigiem\/#breadcrumb\",\"itemListElement\":[{\"@type\":\"ListItem\",\"position\":1,\"name\":\"Home\",\"item\":\"https:\/\/www.welovecycling.com\/pl\/\"},{\"@type\":\"ListItem\",\"position\":2,\"name\":\"6-tygodniowy trening przed kolejnym wy\u015bcigiem\"}]},{\"@type\":\"WebSite\",\"@id\":\"https:\/\/www.welovecycling.com\/pl\/#website\",\"url\":\"https:\/\/www.welovecycling.com\/pl\/\",\"name\":\"\u0160koda We Love Cycling - Poland\",\"description\":\"\",\"potentialAction\":[{\"@type\":\"SearchAction\",\"target\":{\"@type\":\"EntryPoint\",\"urlTemplate\":\"https:\/\/www.welovecycling.com\/pl\/?s={search_term_string}\"},\"query-input\":{\"@type\":\"PropertyValueSpecification\",\"valueRequired\":true,\"valueName\":\"search_term_string\"}}],\"inLanguage\":\"pl-PL\"},{\"@type\":\"Person\",\"@id\":\"https:\/\/www.welovecycling.com\/pl\/#\/schema\/person\/bf06ed916a1ef16618807fb60d2ebe42\",\"name\":\"rafal\",\"image\":{\"@type\":\"ImageObject\",\"inLanguage\":\"pl-PL\",\"@id\":\"https:\/\/www.welovecycling.com\/pl\/#\/schema\/person\/image\/\",\"url\":\"https:\/\/secure.gravatar.com\/avatar\/203f240e63bee214f6f3a0dacbeb600c7829c09716c2b9ee3230c6961debcde2?s=96&d=mm&r=g\",\"contentUrl\":\"https:\/\/secure.gravatar.com\/avatar\/203f240e63bee214f6f3a0dacbeb600c7829c09716c2b9ee3230c6961debcde2?s=96&d=mm&r=g\",\"caption\":\"rafal\"},\"url\":\"https:\/\/www.welovecycling.com\/pl\/author\/rafal\/\"}]}<\/script>\n<!-- \/ Yoast SEO Premium plugin. -->","yoast_head_json":{"title":"6-tygodniowy trening przed kolejnym wy\u015bcigiem - \u0160koda We Love Cycling - Poland","robots":{"index":"index","follow":"follow","max-snippet":"max-snippet:-1","max-image-preview":"max-image-preview:large","max-video-preview":"max-video-preview:-1"},"canonical":"https:\/\/www.welovecycling.com\/pl\/2023\/07\/12\/6-tygodniowy-trening-przed-kolejnym-wyscigiem\/","og_locale":"pl_PL","og_type":"article","og_title":"6-tygodniowy trening przed kolejnym wy\u015bcigiem","og_description":"Do\u015bwiadczeni kolarze zazwyczaj szybko dostosowuj\u0105 si\u0119 do swojej rutyny treningowej po rozpocz\u0119ciu sezonu. Mo\u017ce to jednak stanowi\u0107 problem, gdy pr\u00f3buj\u0105 [&hellip;]","og_url":"https:\/\/www.welovecycling.com\/pl\/2023\/07\/12\/6-tygodniowy-trening-przed-kolejnym-wyscigiem\/","og_site_name":"\u0160koda We Love Cycling - Poland","article_published_time":"2023-07-12T08:07:41+00:00","og_image":[{"width":1109,"height":740,"url":"https:\/\/d2p6e6u75xmxt8.cloudfront.net\/5\/2023\/07\/wlc-12.07.webp","type":"image\/webp"}],"author":"rafal","twitter_card":"summary_large_image","twitter_misc":{"Written by":"Jiri Kaloc","Est. reading time":"4"},"schema":{"@context":"https:\/\/schema.org","@graph":[{"@type":"WebPage","@id":"https:\/\/www.welovecycling.com\/pl\/2023\/07\/12\/6-tygodniowy-trening-przed-kolejnym-wyscigiem\/","url":"https:\/\/www.welovecycling.com\/pl\/2023\/07\/12\/6-tygodniowy-trening-przed-kolejnym-wyscigiem\/","name":"6-tygodniowy trening przed kolejnym wy\u015bcigiem - \u0160koda We Love Cycling - Poland","isPartOf":{"@id":"https:\/\/www.welovecycling.com\/pl\/#website"},"primaryImageOfPage":{"@id":"https:\/\/www.welovecycling.com\/pl\/2023\/07\/12\/6-tygodniowy-trening-przed-kolejnym-wyscigiem\/#primaryimage"},"image":{"@id":"https:\/\/www.welovecycling.com\/pl\/2023\/07\/12\/6-tygodniowy-trening-przed-kolejnym-wyscigiem\/#primaryimage"},"thumbnailUrl":"https:\/\/d2p6e6u75xmxt8.cloudfront.net\/5\/2023\/07\/wlc-12.07.webp","datePublished":"2023-07-12T08:07:41+00:00","author":{"@id":"https:\/\/www.welovecycling.com\/pl\/#\/schema\/person\/bf06ed916a1ef16618807fb60d2ebe42"},"breadcrumb":{"@id":"https:\/\/www.welovecycling.com\/pl\/2023\/07\/12\/6-tygodniowy-trening-przed-kolejnym-wyscigiem\/#breadcrumb"},"inLanguage":"pl-PL","potentialAction":[{"@type":"ReadAction","target":["https:\/\/www.welovecycling.com\/pl\/2023\/07\/12\/6-tygodniowy-trening-przed-kolejnym-wyscigiem\/"]}]},{"@type":"ImageObject","inLanguage":"pl-PL","@id":"https:\/\/www.welovecycling.com\/pl\/2023\/07\/12\/6-tygodniowy-trening-przed-kolejnym-wyscigiem\/#primaryimage","url":"https:\/\/d2p6e6u75xmxt8.cloudfront.net\/5\/2023\/07\/wlc-12.07.webp","contentUrl":"https:\/\/d2p6e6u75xmxt8.cloudfront.net\/5\/2023\/07\/wlc-12.07.webp","width":1109,"height":740},{"@type":"BreadcrumbList","@id":"https:\/\/www.welovecycling.com\/pl\/2023\/07\/12\/6-tygodniowy-trening-przed-kolejnym-wyscigiem\/#breadcrumb","itemListElement":[{"@type":"ListItem","position":1,"name":"Home","item":"https:\/\/www.welovecycling.com\/pl\/"},{"@type":"ListItem","position":2,"name":"6-tygodniowy trening przed kolejnym wy\u015bcigiem"}]},{"@type":"WebSite","@id":"https:\/\/www.welovecycling.com\/pl\/#website","url":"https:\/\/www.welovecycling.com\/pl\/","name":"\u0160koda We Love Cycling - Poland","description":"","potentialAction":[{"@type":"SearchAction","target":{"@type":"EntryPoint","urlTemplate":"https:\/\/www.welovecycling.com\/pl\/?s={search_term_string}"},"query-input":{"@type":"PropertyValueSpecification","valueRequired":true,"valueName":"search_term_string"}}],"inLanguage":"pl-PL"},{"@type":"Person","@id":"https:\/\/www.welovecycling.com\/pl\/#\/schema\/person\/bf06ed916a1ef16618807fb60d2ebe42","name":"rafal","image":{"@type":"ImageObject","inLanguage":"pl-PL","@id":"https:\/\/www.welovecycling.com\/pl\/#\/schema\/person\/image\/","url":"https:\/\/secure.gravatar.com\/avatar\/203f240e63bee214f6f3a0dacbeb600c7829c09716c2b9ee3230c6961debcde2?s=96&d=mm&r=g","contentUrl":"https:\/\/secure.gravatar.com\/avatar\/203f240e63bee214f6f3a0dacbeb600c7829c09716c2b9ee3230c6961debcde2?s=96&d=mm&r=g","caption":"rafal"},"url":"https:\/\/www.welovecycling.com\/pl\/author\/rafal\/"}]}},"_links":{"self":[{"href":"https:\/\/www.welovecycling.com\/pl\/wp-json\/wp\/v2\/posts\/13949","targetHints":{"allow":["GET"]}}],"collection":[{"href":"https:\/\/www.welovecycling.com\/pl\/wp-json\/wp\/v2\/posts"}],"about":[{"href":"https:\/\/www.welovecycling.com\/pl\/wp-json\/wp\/v2\/types\/post"}],"author":[{"embeddable":true,"href":"https:\/\/www.welovecycling.com\/pl\/wp-json\/wp\/v2\/users\/153"}],"replies":[{"embeddable":true,"href":"https:\/\/www.welovecycling.com\/pl\/wp-json\/wp\/v2\/comments?post=13949"}],"version-history":[{"count":2,"href":"https:\/\/www.welovecycling.com\/pl\/wp-json\/wp\/v2\/posts\/13949\/revisions"}],"predecessor-version":[{"id":13953,"href":"https:\/\/www.welovecycling.com\/pl\/wp-json\/wp\/v2\/posts\/13949\/revisions\/13953"}],"wp:featuredmedia":[{"embeddable":true,"href":"https:\/\/www.welovecycling.com\/pl\/wp-json\/wp\/v2\/media\/13950"}],"wp:attachment":[{"href":"https:\/\/www.welovecycling.com\/pl\/wp-json\/wp\/v2\/media?parent=13949"}],"wp:term":[{"taxonomy":"category","embeddable":true,"href":"https:\/\/www.welovecycling.com\/pl\/wp-json\/wp\/v2\/categories?post=13949"},{"taxonomy":"post_tag","embeddable":true,"href":"https:\/\/www.welovecycling.com\/pl\/wp-json\/wp\/v2\/tags?post=13949"},{"taxonomy":"global-categories","embeddable":true,"href":"https:\/\/www.welovecycling.com\/pl\/wp-json\/wp\/v2\/global-categories?post=13949"}],"curies":[{"name":"wp","href":"https:\/\/api.w.org\/{rel}","templated":true}]}}