{"id":13909,"date":"2023-06-30T05:57:46","date_gmt":"2023-06-30T05:57:46","guid":{"rendered":"https:\/\/www.welovecycling.com\/pl\/?p=13909"},"modified":"2023-07-19T07:20:51","modified_gmt":"2023-07-19T07:20:51","slug":"czas-na-swieto-kolarstwa","status":"publish","type":"post","link":"https:\/\/www.welovecycling.com\/pl\/2023\/06\/30\/czas-na-swieto-kolarstwa\/","title":{"rendered":"Czas na \u015bwi\u0119to kolarstwa!"},"content":{"rendered":"<h4><strong>Etapy rozpisane, sk\u0142ady przeanalizowane, szanse ocenione? No to startujemy! W sobot\u0119 zaczyna si\u0119 najwi\u0119kszy i najs\u0142ynniejszy wy\u015bcig \u015bwiata \u2013 Tour de France! To prawdziwa gratka dla fan\u00f3w kolarstwa. Kibice pi\u0142ki no\u017cnej maj\u0105 mundiale, lekkoatleci \u2013 igrzyska olimpijskie, a \u015bwi\u0119tem dla mi\u0142o\u015bnik\u00f3w rower\u00f3w jest w\u0142a\u015bnie Wielka P\u0119tla.<\/strong><\/h4>\n<p><strong>Marzenie od najm\u0142odszych lat<\/strong><\/p>\n<p>W tym roku Tour de France pojedzie po raz 110. i pod tym wzgl\u0119dem nie ma sobie r\u00f3wnych w\u015br\u00f3d Grand Tour\u00f3w. Cho\u0107 zwolennicy Giro d\u2019Italia oraz Vuelta a Espa\u00f1a co roku pr\u00f3buj\u0105 wyeksponowa\u0107 ich najlepsze cechy, to jednak Wielka P\u0119tla niezmiennie jest najbardziej presti\u017cow\u0105 imprez\u0105 kolarsk\u0105 na \u015bwiecie, a \u017c\u00f3\u0142ta koszulka lidera to marzenie ka\u017cdego zawodnika.<\/p>\n<div class=\"embed-controller-wrapper\">\n<blockquote class=\"twitter-tweet\" data-width=\"500\" data-dnt=\"true\">\n<p lang=\"fr\" dir=\"ltr\">\ud83d\udc9b Le <a href=\"https:\/\/twitter.com\/MaillotjauneLCL?ref_src=twsrc%5Etfw\">@MaillotjauneLCL<\/a> symbolise le Tour de France, et voici un cours non exhaustif sur son h\u00e9ritage ! \ud83d\udc68\u200d\ud83c\udfeb<a href=\"https:\/\/twitter.com\/hashtag\/TDF2023?src=hash&amp;ref_src=twsrc%5Etfw\">#TDF2023<\/a> <a href=\"https:\/\/t.co\/EM0iXytNJH\">pic.twitter.com\/EM0iXytNJH<\/a><\/p>\n<p>&mdash; Tour de France\u2122 (@LeTour) <a href=\"https:\/\/twitter.com\/LeTour\/status\/1673739817241264149?ref_src=twsrc%5Etfw\">June 27, 2023<\/a><\/p><\/blockquote>\n<p><script async data-src=\"https:\/\/platform.twitter.com\/widgets.js\" charset=\"utf-8\"><\/script><\/div>\n<p>W tegorocznym Tour de France pojad\u0105 22 zespo\u0142y, czyli 176 zawodnik\u00f3w. W\u015br\u00f3d nich jest dw\u00f3ch Polak\u00f3w. Rafa\u0142 Majka (UAE Team Emirates) b\u0119dzie wspiera\u0142 Tadeja Poga\u010dara w walce o wygranie klasyfikacji generalnej, cho\u0107 by\u0107 mo\u017ce Polak zaatakuje r\u00f3wnie\u017c w g\u00f3rach. Z kolei Micha\u0142 Kwiatkowski spr\u00f3buje wykr\u0119ci\u0107 jak najlepszy wynik z ekip\u0105 Ineos Grenadiers.<\/p>\n<div class=\"embed-controller-wrapper\">\n<blockquote class=\"twitter-tweet\" data-width=\"500\" data-dnt=\"true\">\n<p lang=\"fr\" dir=\"ltr\">21 stages. 21 battles. It begins Saturday.<br \/>21 \u00e9tapes. 21 batailles. D\u00e9but des hostilit\u00e9s samedi.<\/p>\n<p>\ud83d\udc9b <a href=\"https:\/\/twitter.com\/hashtag\/TDF2023?src=hash&amp;ref_src=twsrc%5Etfw\">#TDF2023<\/a> <a href=\"https:\/\/t.co\/ejwR7Y5Mmj\">pic.twitter.com\/ejwR7Y5Mmj<\/a><\/p>\n<p>&mdash; Tour de France\u2122 (@LeTour) <a href=\"https:\/\/twitter.com\/LeTour\/status\/1673270398052601856?ref_src=twsrc%5Etfw\">June 26, 2023<\/a><\/p><\/blockquote>\n<p><script async data-src=\"https:\/\/platform.twitter.com\/widgets.js\" charset=\"utf-8\"><\/script><\/div>\n<p>Polacy b\u0119d\u0105 musieli skupi\u0107 si\u0119 g\u0142\u00f3wnie na rolach pomocnik\u00f3w, kt\u00f3re w tym roku mog\u0105 by\u0107 kluczowe, poniewa\u017c faworyt\u00f3w do czo\u0142owych miejsc jest kilku. O trzeci triumf w imprezie b\u0119dzie walczy\u0142 S\u0142oweniec Poga\u010dar, ale sprawy na pewno nie zamierza u\u0142atwi\u0107 mu ubieg\u0142oroczny zwyci\u0119zca \u2013 Jonas Vingegaard (Jumbo-Visma), kt\u00f3ry ostatnimi czasy pokazywa\u0142 doskona\u0142\u0105 form\u0119. W stawce b\u0119dzie Egan Bernal (Ineos), kt\u00f3ry Wielk\u0105 P\u0119tl\u0119 wygra\u0142 w 2018 r. Ogromne nadzieje wi\u0105\u017ce si\u0119 r\u00f3wnie\u017c z wyst\u0119pem Wouta van Aerta (Jumbo-Visma). Zabraknie za to Primo\u017ea Rogli\u010da, zwyci\u0119zcy tegorocznego Giro d\u2019Italia, kt\u00f3ry z Wielk\u0105 P\u0119tl\u0105 mia\u0142 rachunki do wyr\u00f3wnania.<\/p>\n<p><strong>Niecodzienny start<\/strong><\/p>\n<p>Tegoroczne \u015bciganie zaczyna si\u0119 w\u2026 Kraju Bask\u00f3w. \u2013 Dzi\u0119ki Tour de France nasz region stanie si\u0119 jeszcze bardziej atrakcyjny. Jeste\u015bmy pe\u0142ni entuzjazmu, by powita\u0107 u siebie 110. edycj\u0119 Wielkiej P\u0119tli. To b\u0119dzie historyczny i wyj\u0105tkowy moment. Liczymy na wspania\u0142\u0105 atmosfer\u0119 podczas ca\u0142ego przejazdu \u2013 podkre\u015bla\u0142 Urkullu Renteria, prezydent Kraju Bask\u00f3w.<\/p>\n<div class=\"embed-controller-wrapper\">\n<blockquote class=\"twitter-tweet\" data-width=\"500\" data-dnt=\"true\">\n<p lang=\"en\" dir=\"ltr\">Counting down the days till the start of <a href=\"https:\/\/twitter.com\/LeTour?ref_src=twsrc%5Etfw\">@LeTour<\/a>\u23f1\ufe0f<a href=\"https:\/\/twitter.com\/hashtag\/TDF2023?src=hash&amp;ref_src=twsrc%5Etfw\">#TDF2023<\/a> <a href=\"https:\/\/t.co\/n8v5usuf58\">pic.twitter.com\/n8v5usuf58<\/a><\/p>\n<p>&mdash; Lotto Dstny (@lotto_dstny) <a href=\"https:\/\/twitter.com\/lotto_dstny\/status\/1674050263743709191?ref_src=twsrc%5Etfw\">June 28, 2023<\/a><\/p><\/blockquote>\n<p><script async data-src=\"https:\/\/platform.twitter.com\/widgets.js\" charset=\"utf-8\"><\/script><\/div>\n<p>W sobot\u0119 start i meta usytuowane b\u0119d\u0105 w Bilbao, a p\u00f3\u017aniej kolarze zalicz\u0105 jeszcze dwa etapy w Kraju Bask\u00f3w. We wtorek zamelduj\u0105 si\u0119 ju\u017c we Francji, a w \u015brod\u0119 pojad\u0105 pierwszy etap w g\u00f3rach. Trzy dni p\u00f3\u017aniej zawodnik\u00f3w czeka najd\u0142u\u017csza trasa podczas ca\u0142ego wy\u015bcigu \u2013 z Libourne do Limoges przejad\u0105 201 km.<\/p>\n<p>Do tego momentu mo\u017cna spodziewa\u0107 si\u0119 zmian w klasyfikacji generalnej, a decyduj\u0105cy b\u0119dzie ostatni tydzie\u0144. To wtedy zawodnicy stawi\u0105 czo\u0142a morderczym g\u00f3rskim podjazdom, a tak\u017ce dadz\u0105 z siebie wszystko podczas 22-kilometrowej jazdy na czas.<\/p>\n<div class=\"embed-controller-wrapper\">\n<blockquote class=\"twitter-tweet\" data-width=\"500\" data-dnt=\"true\">\n<p lang=\"fr\" dir=\"ltr\">\ud83d\udeb4\u200d\u2642\ufe0f\ud83d\udc9b Une course de l\u00e9gende, des d\u00e9cors \u00e9poustouflants&#8230;<\/p>\n<p>Rendez-vous du 1er au 23 juillet sur les antennes de <a href=\"https:\/\/twitter.com\/Francetele?ref_src=twsrc%5Etfw\">@Francetele<\/a> et sur <a href=\"https:\/\/twitter.com\/FranceTV?ref_src=twsrc%5Etfw\">@francetv<\/a> pour la 110e \u00e9dition du Tour de France ! <a href=\"https:\/\/twitter.com\/LeTour?ref_src=twsrc%5Etfw\">@LeTour<\/a> <a href=\"https:\/\/twitter.com\/hashtag\/TDF2023?src=hash&amp;ref_src=twsrc%5Etfw\">#TDF2023<\/a> <a href=\"https:\/\/t.co\/cU6SBRrUdb\">pic.twitter.com\/cU6SBRrUdb<\/a><\/p>\n<p>&mdash; Ancien compte France 3 (@AnciencompteF3) <a href=\"https:\/\/twitter.com\/AnciencompteF3\/status\/1674087762243518464?ref_src=twsrc%5Etfw\">June 28, 2023<\/a><\/p><\/blockquote>\n<p><script async data-src=\"https:\/\/platform.twitter.com\/widgets.js\" charset=\"utf-8\"><\/script><\/div>\n<p>Zako\u0144czenie wy\u015bcigu zaplanowano na 23 lipca, tradycyjnie w Pary\u017cu. Zawodnicy, kt\u00f3rzy pokonaj\u0105 110. Tour de France, b\u0119d\u0105 mieli w nogach 3410 km.<\/p>\n<p><span data-sheets-value=\"{&quot;1&quot;:2,&quot;2&quot;:&quot;Artyku\u0142 powsta\u0142 we wsp\u00f3\u0142pracy ze skoda-auto.pl&quot;}\" data-sheets-userformat=\"{&quot;2&quot;:1,&quot;3&quot;:{&quot;1&quot;:0}}\" data-sheets-hyperlink=\"http:\/\/www.skoda-auto.pl\/\"><a class=\"in-cell-link\" href=\"http:\/\/www.skoda-auto.pl\/\" target=\"_blank\" rel=\"noopener noreferrer\">Artyku\u0142 powsta\u0142 we wsp\u00f3\u0142pracy ze skoda-auto.pl<\/a><\/span><\/p>\n<p><a href=\"https:\/\/d2p6e6u75xmxt8.cloudfront.net\/5\/2030\/11\/2.webp\"><img loading=\"lazy\" decoding=\"async\" class=\"size-full wp-image-13774 aligncenter\" src=\"https:\/\/d2p6e6u75xmxt8.cloudfront.net\/5\/2030\/11\/2.webp\" alt=\"\" width=\"640\" height=\"350\" srcset=\"https:\/\/d2p6e6u75xmxt8.cloudfront.net\/5\/2030\/11\/2.webp 640w, https:\/\/d2p6e6u75xmxt8.cloudfront.net\/5\/2030\/11\/2-300x164.webp 300w, https:\/\/d2p6e6u75xmxt8.cloudfront.net\/5\/2030\/11\/2-400x219.webp 400w\" sizes=\"auto, (max-width: 640px) 100vw, 640px\" \/><\/a><\/p>\n","protected":false},"excerpt":{"rendered":"<p>Etapy rozpisane, sk\u0142ady przeanalizowane, szanse ocenione? No to startujemy! W sobot\u0119 zaczyna si\u0119 najwi\u0119kszy i najs\u0142ynniejszy wy\u015bcig \u015bwiata \u2013 Tour [&hellip;]<\/p>\n","protected":false},"author":153,"featured_media":13912,"comment_status":"open","ping_status":"open","sticky":false,"template":"","format":"standard","meta":{"footnotes":""},"categories":[398],"tags":[77,399,146],"global-categories":[303],"class_list":["post-13909","post","type-post","status-publish","format-standard","has-post-thumbnail","hentry","category-tour-de-france-2023","tag-tour-de-france","tag-tour-de-france-2023","tag-wyscig","global-categories-cycling"],"yoast_head":"<!-- This site is optimized with the Yoast SEO Premium plugin v25.3 (Yoast SEO v25.9) - https:\/\/yoast.com\/wordpress\/plugins\/seo\/ -->\n<title>Czas na \u015bwi\u0119to kolarstwa! - \u0160koda We Love Cycling - Poland<\/title>\n<meta name=\"robots\" content=\"index, follow, max-snippet:-1, max-image-preview:large, max-video-preview:-1\" \/>\n<link rel=\"canonical\" href=\"https:\/\/www.welovecycling.com\/pl\/2023\/06\/30\/czas-na-swieto-kolarstwa\/\" \/>\n<meta property=\"og:locale\" content=\"pl_PL\" \/>\n<meta property=\"og:type\" content=\"article\" \/>\n<meta property=\"og:title\" content=\"Czas na \u015bwi\u0119to kolarstwa!\" \/>\n<meta property=\"og:description\" content=\"Etapy rozpisane, sk\u0142ady przeanalizowane, szanse ocenione? No to startujemy! W sobot\u0119 zaczyna si\u0119 najwi\u0119kszy i najs\u0142ynniejszy wy\u015bcig \u015bwiata \u2013 Tour [&hellip;]\" \/>\n<meta property=\"og:url\" content=\"https:\/\/www.welovecycling.com\/pl\/2023\/06\/30\/czas-na-swieto-kolarstwa\/\" \/>\n<meta property=\"og:site_name\" content=\"\u0160koda We Love Cycling - Poland\" \/>\n<meta property=\"article:published_time\" content=\"2023-06-30T05:57:46+00:00\" \/>\n<meta property=\"article:modified_time\" content=\"2023-07-19T07:20:51+00:00\" \/>\n<meta property=\"og:image\" content=\"https:\/\/d2p6e6u75xmxt8.cloudfront.net\/5\/2023\/06\/TDF_TDFF2023WLC.webp\" \/>\n\t<meta property=\"og:image:width\" content=\"7776\" \/>\n\t<meta property=\"og:image:height\" content=\"5208\" \/>\n\t<meta property=\"og:image:type\" content=\"image\/webp\" \/>\n<meta name=\"author\" content=\"rafal\" \/>\n<meta name=\"twitter:card\" content=\"summary_large_image\" \/>\n<meta name=\"twitter:label1\" content=\"Written by\" \/>\n\t<meta name=\"twitter:data1\" content=\"Piotr Nowik\" \/>\n\t<meta name=\"twitter:label2\" content=\"Est. reading time\" \/>\n\t<meta name=\"twitter:data2\" content=\"6\" \/>\n<script type=\"application\/ld+json\" class=\"yoast-schema-graph\">{\"@context\":\"https:\/\/schema.org\",\"@graph\":[{\"@type\":\"WebPage\",\"@id\":\"https:\/\/www.welovecycling.com\/pl\/2023\/06\/30\/czas-na-swieto-kolarstwa\/\",\"url\":\"https:\/\/www.welovecycling.com\/pl\/2023\/06\/30\/czas-na-swieto-kolarstwa\/\",\"name\":\"Czas na \u015bwi\u0119to kolarstwa! - \u0160koda We Love Cycling - Poland\",\"isPartOf\":{\"@id\":\"https:\/\/www.welovecycling.com\/pl\/#website\"},\"primaryImageOfPage\":{\"@id\":\"https:\/\/www.welovecycling.com\/pl\/2023\/06\/30\/czas-na-swieto-kolarstwa\/#primaryimage\"},\"image\":{\"@id\":\"https:\/\/www.welovecycling.com\/pl\/2023\/06\/30\/czas-na-swieto-kolarstwa\/#primaryimage\"},\"thumbnailUrl\":\"https:\/\/d2p6e6u75xmxt8.cloudfront.net\/5\/2023\/06\/TDF_TDFF2023WLC.webp\",\"datePublished\":\"2023-06-30T05:57:46+00:00\",\"dateModified\":\"2023-07-19T07:20:51+00:00\",\"author\":{\"@id\":\"https:\/\/www.welovecycling.com\/pl\/#\/schema\/person\/bf06ed916a1ef16618807fb60d2ebe42\"},\"breadcrumb\":{\"@id\":\"https:\/\/www.welovecycling.com\/pl\/2023\/06\/30\/czas-na-swieto-kolarstwa\/#breadcrumb\"},\"inLanguage\":\"pl-PL\",\"potentialAction\":[{\"@type\":\"ReadAction\",\"target\":[\"https:\/\/www.welovecycling.com\/pl\/2023\/06\/30\/czas-na-swieto-kolarstwa\/\"]}]},{\"@type\":\"ImageObject\",\"inLanguage\":\"pl-PL\",\"@id\":\"https:\/\/www.welovecycling.com\/pl\/2023\/06\/30\/czas-na-swieto-kolarstwa\/#primaryimage\",\"url\":\"https:\/\/d2p6e6u75xmxt8.cloudfront.net\/5\/2023\/06\/TDF_TDFF2023WLC.webp\",\"contentUrl\":\"https:\/\/d2p6e6u75xmxt8.cloudfront.net\/5\/2023\/06\/TDF_TDFF2023WLC.webp\",\"width\":7776,\"height\":5208},{\"@type\":\"BreadcrumbList\",\"@id\":\"https:\/\/www.welovecycling.com\/pl\/2023\/06\/30\/czas-na-swieto-kolarstwa\/#breadcrumb\",\"itemListElement\":[{\"@type\":\"ListItem\",\"position\":1,\"name\":\"Home\",\"item\":\"https:\/\/www.welovecycling.com\/pl\/\"},{\"@type\":\"ListItem\",\"position\":2,\"name\":\"Czas na \u015bwi\u0119to kolarstwa!\"}]},{\"@type\":\"WebSite\",\"@id\":\"https:\/\/www.welovecycling.com\/pl\/#website\",\"url\":\"https:\/\/www.welovecycling.com\/pl\/\",\"name\":\"\u0160koda We Love Cycling - Poland\",\"description\":\"\",\"potentialAction\":[{\"@type\":\"SearchAction\",\"target\":{\"@type\":\"EntryPoint\",\"urlTemplate\":\"https:\/\/www.welovecycling.com\/pl\/?s={search_term_string}\"},\"query-input\":{\"@type\":\"PropertyValueSpecification\",\"valueRequired\":true,\"valueName\":\"search_term_string\"}}],\"inLanguage\":\"pl-PL\"},{\"@type\":\"Person\",\"@id\":\"https:\/\/www.welovecycling.com\/pl\/#\/schema\/person\/bf06ed916a1ef16618807fb60d2ebe42\",\"name\":\"rafal\",\"image\":{\"@type\":\"ImageObject\",\"inLanguage\":\"pl-PL\",\"@id\":\"https:\/\/www.welovecycling.com\/pl\/#\/schema\/person\/image\/\",\"url\":\"https:\/\/secure.gravatar.com\/avatar\/203f240e63bee214f6f3a0dacbeb600c7829c09716c2b9ee3230c6961debcde2?s=96&d=mm&r=g\",\"contentUrl\":\"https:\/\/secure.gravatar.com\/avatar\/203f240e63bee214f6f3a0dacbeb600c7829c09716c2b9ee3230c6961debcde2?s=96&d=mm&r=g\",\"caption\":\"rafal\"},\"url\":\"https:\/\/www.welovecycling.com\/pl\/author\/rafal\/\"}]}<\/script>\n<!-- \/ Yoast SEO Premium plugin. -->","yoast_head_json":{"title":"Czas na \u015bwi\u0119to kolarstwa! - \u0160koda We Love Cycling - Poland","robots":{"index":"index","follow":"follow","max-snippet":"max-snippet:-1","max-image-preview":"max-image-preview:large","max-video-preview":"max-video-preview:-1"},"canonical":"https:\/\/www.welovecycling.com\/pl\/2023\/06\/30\/czas-na-swieto-kolarstwa\/","og_locale":"pl_PL","og_type":"article","og_title":"Czas na \u015bwi\u0119to kolarstwa!","og_description":"Etapy rozpisane, sk\u0142ady przeanalizowane, szanse ocenione? No to startujemy! W sobot\u0119 zaczyna si\u0119 najwi\u0119kszy i najs\u0142ynniejszy wy\u015bcig \u015bwiata \u2013 Tour [&hellip;]","og_url":"https:\/\/www.welovecycling.com\/pl\/2023\/06\/30\/czas-na-swieto-kolarstwa\/","og_site_name":"\u0160koda We Love Cycling - Poland","article_published_time":"2023-06-30T05:57:46+00:00","article_modified_time":"2023-07-19T07:20:51+00:00","og_image":[{"width":7776,"height":5208,"url":"https:\/\/d2p6e6u75xmxt8.cloudfront.net\/5\/2023\/06\/TDF_TDFF2023WLC.webp","type":"image\/webp"}],"author":"rafal","twitter_card":"summary_large_image","twitter_misc":{"Written by":"Piotr Nowik","Est. reading time":"6"},"schema":{"@context":"https:\/\/schema.org","@graph":[{"@type":"WebPage","@id":"https:\/\/www.welovecycling.com\/pl\/2023\/06\/30\/czas-na-swieto-kolarstwa\/","url":"https:\/\/www.welovecycling.com\/pl\/2023\/06\/30\/czas-na-swieto-kolarstwa\/","name":"Czas na \u015bwi\u0119to kolarstwa! - \u0160koda We Love Cycling - Poland","isPartOf":{"@id":"https:\/\/www.welovecycling.com\/pl\/#website"},"primaryImageOfPage":{"@id":"https:\/\/www.welovecycling.com\/pl\/2023\/06\/30\/czas-na-swieto-kolarstwa\/#primaryimage"},"image":{"@id":"https:\/\/www.welovecycling.com\/pl\/2023\/06\/30\/czas-na-swieto-kolarstwa\/#primaryimage"},"thumbnailUrl":"https:\/\/d2p6e6u75xmxt8.cloudfront.net\/5\/2023\/06\/TDF_TDFF2023WLC.webp","datePublished":"2023-06-30T05:57:46+00:00","dateModified":"2023-07-19T07:20:51+00:00","author":{"@id":"https:\/\/www.welovecycling.com\/pl\/#\/schema\/person\/bf06ed916a1ef16618807fb60d2ebe42"},"breadcrumb":{"@id":"https:\/\/www.welovecycling.com\/pl\/2023\/06\/30\/czas-na-swieto-kolarstwa\/#breadcrumb"},"inLanguage":"pl-PL","potentialAction":[{"@type":"ReadAction","target":["https:\/\/www.welovecycling.com\/pl\/2023\/06\/30\/czas-na-swieto-kolarstwa\/"]}]},{"@type":"ImageObject","inLanguage":"pl-PL","@id":"https:\/\/www.welovecycling.com\/pl\/2023\/06\/30\/czas-na-swieto-kolarstwa\/#primaryimage","url":"https:\/\/d2p6e6u75xmxt8.cloudfront.net\/5\/2023\/06\/TDF_TDFF2023WLC.webp","contentUrl":"https:\/\/d2p6e6u75xmxt8.cloudfront.net\/5\/2023\/06\/TDF_TDFF2023WLC.webp","width":7776,"height":5208},{"@type":"BreadcrumbList","@id":"https:\/\/www.welovecycling.com\/pl\/2023\/06\/30\/czas-na-swieto-kolarstwa\/#breadcrumb","itemListElement":[{"@type":"ListItem","position":1,"name":"Home","item":"https:\/\/www.welovecycling.com\/pl\/"},{"@type":"ListItem","position":2,"name":"Czas na \u015bwi\u0119to kolarstwa!"}]},{"@type":"WebSite","@id":"https:\/\/www.welovecycling.com\/pl\/#website","url":"https:\/\/www.welovecycling.com\/pl\/","name":"\u0160koda We Love Cycling - Poland","description":"","potentialAction":[{"@type":"SearchAction","target":{"@type":"EntryPoint","urlTemplate":"https:\/\/www.welovecycling.com\/pl\/?s={search_term_string}"},"query-input":{"@type":"PropertyValueSpecification","valueRequired":true,"valueName":"search_term_string"}}],"inLanguage":"pl-PL"},{"@type":"Person","@id":"https:\/\/www.welovecycling.com\/pl\/#\/schema\/person\/bf06ed916a1ef16618807fb60d2ebe42","name":"rafal","image":{"@type":"ImageObject","inLanguage":"pl-PL","@id":"https:\/\/www.welovecycling.com\/pl\/#\/schema\/person\/image\/","url":"https:\/\/secure.gravatar.com\/avatar\/203f240e63bee214f6f3a0dacbeb600c7829c09716c2b9ee3230c6961debcde2?s=96&d=mm&r=g","contentUrl":"https:\/\/secure.gravatar.com\/avatar\/203f240e63bee214f6f3a0dacbeb600c7829c09716c2b9ee3230c6961debcde2?s=96&d=mm&r=g","caption":"rafal"},"url":"https:\/\/www.welovecycling.com\/pl\/author\/rafal\/"}]}},"_links":{"self":[{"href":"https:\/\/www.welovecycling.com\/pl\/wp-json\/wp\/v2\/posts\/13909","targetHints":{"allow":["GET"]}}],"collection":[{"href":"https:\/\/www.welovecycling.com\/pl\/wp-json\/wp\/v2\/posts"}],"about":[{"href":"https:\/\/www.welovecycling.com\/pl\/wp-json\/wp\/v2\/types\/post"}],"author":[{"embeddable":true,"href":"https:\/\/www.welovecycling.com\/pl\/wp-json\/wp\/v2\/users\/153"}],"replies":[{"embeddable":true,"href":"https:\/\/www.welovecycling.com\/pl\/wp-json\/wp\/v2\/comments?post=13909"}],"version-history":[{"count":3,"href":"https:\/\/www.welovecycling.com\/pl\/wp-json\/wp\/v2\/posts\/13909\/revisions"}],"predecessor-version":[{"id":13914,"href":"https:\/\/www.welovecycling.com\/pl\/wp-json\/wp\/v2\/posts\/13909\/revisions\/13914"}],"wp:featuredmedia":[{"embeddable":true,"href":"https:\/\/www.welovecycling.com\/pl\/wp-json\/wp\/v2\/media\/13912"}],"wp:attachment":[{"href":"https:\/\/www.welovecycling.com\/pl\/wp-json\/wp\/v2\/media?parent=13909"}],"wp:term":[{"taxonomy":"category","embeddable":true,"href":"https:\/\/www.welovecycling.com\/pl\/wp-json\/wp\/v2\/categories?post=13909"},{"taxonomy":"post_tag","embeddable":true,"href":"https:\/\/www.welovecycling.com\/pl\/wp-json\/wp\/v2\/tags?post=13909"},{"taxonomy":"global-categories","embeddable":true,"href":"https:\/\/www.welovecycling.com\/pl\/wp-json\/wp\/v2\/global-categories?post=13909"}],"curies":[{"name":"wp","href":"https:\/\/api.w.org\/{rel}","templated":true}]}}