{"id":13883,"date":"2023-06-12T14:15:46","date_gmt":"2023-06-12T14:15:46","guid":{"rendered":"https:\/\/www.welovecycling.com\/pl\/?p=13883"},"modified":"2023-07-19T07:21:19","modified_gmt":"2023-07-19T07:21:19","slug":"zaskoczenie-przed-tour-de-france-wyslal-jasny-sygnal","status":"publish","type":"post","link":"https:\/\/www.welovecycling.com\/pl\/2023\/06\/12\/zaskoczenie-przed-tour-de-france-wyslal-jasny-sygnal\/","title":{"rendered":"Zaskoczenie przed Tour de France. Wys\u0142a\u0142 jasny sygna\u0142"},"content":{"rendered":"<p><strong>Jonas Vingegaard (Team Jumbo\u2013Visma) nie mia\u0142 sobie r\u00f3wnych podczas Criterium du Dauphine. Du\u0144czyk wygra\u0142 pr\u00f3b\u0119 generaln\u0105 przed Tour de France i sta\u0142 si\u0119 jednym z faworyt\u00f3w do triumfu w lipcowej Wielkiej P\u0119tli.<\/strong><\/p>\n<p>Ostateczne odliczanie do Tour de France rozpocz\u0119te! Od lat Criterium du Dauphine jest jasnym sygna\u0142em, \u017ce wkr\u00f3tce zawodnicy wyjad\u0105 \u00a0na najwi\u0119ksz\u0105 scen\u0119 \u015bwiatowego kolarstwa. I to w\u0142a\u015bnie dlatego \u201eDelfinat\u201d nie jest traktowany jako etap przygotowa\u0144, ale pr\u00f3ba generalna przed Wielk\u0105 P\u0119tl\u0105.<\/p>\n<h2><strong>Jeden z najpi\u0119kniejszych wy\u015bcig\u00f3w na \u015bwiecie<\/strong><\/h2>\n<p>Tegoroczne Criterium du Dauphine mo\u017ce nie sko\u0144czy\u0142o si\u0119 niespodziank\u0105, ale dla wielu Jonas Vingegaard nie by\u0142 murowanym kandydatem do zwyci\u0119stwa.<\/p>\n<p>\u2013 To dla mnie bardzo dobry wynik. Dauphine to jeden z najpi\u0119kniejszych wy\u015bcig\u00f3w na \u015bwiecie, wi\u0119c jestem bardzo szcz\u0119\u015bliwy, \u017ce mog\u0142em tu wygra\u0107. Nigdy jednak nie by\u0142em sam, ca\u0142a dru\u017cyna w ci\u0105gu tygodnia wykona\u0142a wspania\u0142\u0105 prac\u0119 \u2013 przyzna\u0142 Vingegaard.<\/p>\n<div class=\"embed-controller-wrapper\">\n<blockquote class=\"twitter-tweet\" data-width=\"500\" data-dnt=\"true\">\n<p lang=\"nl\" dir=\"ltr\">\ud83e\udd85 Jonas Vingegaard a survol\u00e9 le <a href=\"https:\/\/twitter.com\/hashtag\/Dauphin%C3%A9?src=hash&amp;ref_src=twsrc%5Etfw\">#Dauphin\u00e9<\/a> 2023 \ud83c\udfc6<\/p>\n<p>\ud83e\udd85\u00a0Jonas Vingegaard soared to victory at the <a href=\"https:\/\/twitter.com\/hashtag\/Dauphin%C3%A9?src=hash&amp;ref_src=twsrc%5Etfw\">#Dauphin\u00e9<\/a> 2023 \ud83c\udfc6 <a href=\"https:\/\/t.co\/dGchKsCM1w\">pic.twitter.com\/dGchKsCM1w<\/a><\/p>\n<p>&mdash; Crit\u00e9rium du Dauphin\u00e9 (@dauphine) <a href=\"https:\/\/twitter.com\/dauphine\/status\/1667935616720424961?ref_src=twsrc%5Etfw\">June 11, 2023<\/a><\/p><\/blockquote>\n<p><script async data-src=\"https:\/\/platform.twitter.com\/widgets.js\" charset=\"utf-8\"><\/script><\/div>\n<p>Pocz\u0105tek wy\u015bcigu zdominowa\u0142 kolega Du\u0144czyka z zesp\u00f3\u0142 \u2013 Christophe Laporte, kt\u00f3ry prowadzi\u0142 po pierwszych trzech etapach, natomiast\u00a0Vingegaarda nie by\u0142o nawet w pierwszej dziesi\u0105tce. Du\u0144czyk zaatakowa\u0142 z drugiego szeregu i szybko wskoczy\u0142 na pozycj\u0119 wicelidera, a po pi\u0105tym etapie by\u0142 ju\u017c pierwszy i nie odda\u0142 prowadzenia do ko\u0144ca.<\/p>\n<p>\u2013 Wiedzieli\u015bmy, \u017ce Vingegaard jest mocny, ale pr\u00f3bowali\u015bmy co\u015b zrobi\u0107. Mimo wszystko to by\u0142 dobry tydzie\u0144. Jechali\u015bmy naprawd\u0119 dobrze jako dru\u017cyna, a to buduje pewno\u015b\u0107 siebie przed Tour de France \u2013 przyzna\u0142 Adam Yates (Team Emirates), kt\u00f3ry w klasyfikacji generalnej zaj\u0105\u0142 drugie miejsce.<\/p>\n<h2><strong>Wygrana, \u015blub i Tour de France<\/strong><\/h2>\n<p>Podczas Criterium Vingegaard wygra\u0142 dwa etapy. By\u0107 mo\u017ce w niedziel\u0119 wygra\u0142by trzeci, ale skupi\u0142 si\u0119 na bronieniu pozycji lidera. W efekcie sko\u0144czy\u0142 wy\u015bcig \u00a0w g\u00f3rach na drugiej pozycji, a ze zwyci\u0119stwa etapowego m\u00f3g\u0142 si\u0119 cieszy\u0107 W\u0142och Giulio Ciccone (Trek\u2013Segafredo).<\/p>\n<p>\u2013 T\u0119 wygran\u0105 dedykuj\u0119 mojej przysz\u0142ej \u017conie \u2013 cieszy\u0142 si\u0119 na mecie W\u0142och, kt\u00f3ry podczas Tour de France pojedzie ju\u017c z obr\u0105czk\u0105 na palcu.<\/p>\n<div class=\"embed-controller-wrapper\">\n<blockquote class=\"twitter-tweet\" data-width=\"500\" data-dnt=\"true\">\n<p lang=\"fr\" dir=\"ltr\">\ud83d\udc40\ud83d\uddbc La derni\u00e8re \u00e9tape du <a href=\"https:\/\/twitter.com\/hashtag\/Dauphin%C3%A9?src=hash&amp;ref_src=twsrc%5Etfw\">#Dauphin\u00e9<\/a> en 4 photos <\/p>\n<p>\ud83d\udc40\ud83d\uddbc The ultimate stage of the <a href=\"https:\/\/twitter.com\/hashtag\/Dauphin%C3%A9?src=hash&amp;ref_src=twsrc%5Etfw\">#Dauphin\u00e9<\/a> in 4 photos <\/p>\n<p>\ud83d\udcf8 A.S.O. \/ Billy Ceusters <a href=\"https:\/\/t.co\/jxKPQbDsPn\">pic.twitter.com\/jxKPQbDsPn<\/a><\/p>\n<p>&mdash; Crit\u00e9rium du Dauphin\u00e9 (@dauphine) <a href=\"https:\/\/twitter.com\/dauphine\/status\/1667965032963997699?ref_src=twsrc%5Etfw\">June 11, 2023<\/a><\/p><\/blockquote>\n<p><script async data-src=\"https:\/\/platform.twitter.com\/widgets.js\" charset=\"utf-8\"><\/script><\/div>\n<h2><strong>Obiecuj\u0105cy wyst\u0119p Rafa\u0142a Majki<\/strong><\/h2>\n<p>Zadowolony z siebie po Criterium du Dauphine mo\u017ce by\u0107 tak\u017ce Rafa\u0142 Majka (Team Emirates), kt\u00f3ry dzielnie walczy\u0142 z najmocniejszymi zawodnikami. \u00a0Majka szczeg\u00f3lnie dobrze spisa\u0142 si\u0119 w g\u00f3rach i w efekcie zaj\u0105\u0142 czternaste miejsce. Najlepiej jednak Polak poradzi\u0142 sobie ostatniego dnia, gdy zaj\u0105\u0142 si\u00f3dm\u0105 pozycj\u0119, melduj\u0105c si\u0119 na mecie minut\u0119 po zwyci\u0119zcy.<\/p>\n<p>\u201eOstatni etap, du\u017cy wysi\u0142ek, dobry wynik. Dzi\u0119kuj\u0119, Dauphine\u201d \u2013 napisa\u0142 Majka na Twitterze.<\/p>\n<div class=\"embed-controller-wrapper\">\n<blockquote class=\"twitter-tweet\" data-width=\"500\" data-dnt=\"true\">\n<p lang=\"en\" dir=\"ltr\">Last stage, strong effort, nice result! \ud83d\ude42\ud83d\udc4a\ud83c\udffb<br \/>Merci <a href=\"https:\/\/twitter.com\/dauphine?ref_src=twsrc%5Etfw\">@dauphine<\/a> \ud83d\ude4f\ud83c\udffb\ud83c\uddeb\ud83c\uddf7<a href=\"https:\/\/twitter.com\/hashtag\/UAETeamEmirates?src=hash&amp;ref_src=twsrc%5Etfw\">#UAETeamEmirates<\/a> <a href=\"https:\/\/twitter.com\/hashtag\/WeAreUAE?src=hash&amp;ref_src=twsrc%5Etfw\">#WeAreUAE<\/a> <a href=\"https:\/\/twitter.com\/hashtag\/Dauphin%C3%A9?src=hash&amp;ref_src=twsrc%5Etfw\">#Dauphin\u00e9<\/a> <a href=\"https:\/\/t.co\/LoH5WkqzEb\">pic.twitter.com\/LoH5WkqzEb<\/a><\/p>\n<p>&mdash; Rafa\u0142 Majka (@majkaformal) <a href=\"https:\/\/twitter.com\/majkaformal\/status\/1667909637692174339?ref_src=twsrc%5Etfw\">June 11, 2023<\/a><\/p><\/blockquote>\n<p><script async data-src=\"https:\/\/platform.twitter.com\/widgets.js\" charset=\"utf-8\"><\/script><\/div>\n<p>Obiecuj\u0105cy wyst\u0119p Polaka to dobry prognostyk przed Tour de France. Je\u015bli Polak w nim wyst\u0105pi, to jego g\u0142\u00f3wnym zadaniem b\u0119dzie wspieranie lidera zespo\u0142u Tadeja Pogacara, kt\u00f3ry celuje w trzecie zwyci\u0119stwo w karierze. Majka mo\u017ce jednak powalczy\u0107 w g\u00f3rach, w ko\u0144cu w 2014 roku dojecha\u0142 na Pola Elizejskie w koszulce w grochy jako najlepszy g\u00f3ral wy\u015bcigu.<\/p>\n<p>Tegoroczny Tour de France zaczyna si\u0119 1 lipca.<\/p>\n<p><span data-sheets-value=\"{&quot;1&quot;:2,&quot;2&quot;:&quot;Artyku\u0142 powsta\u0142 we wsp\u00f3\u0142pracy ze skoda-auto.pl&quot;}\" data-sheets-userformat=\"{&quot;2&quot;:1,&quot;3&quot;:{&quot;1&quot;:0}}\" data-sheets-hyperlink=\"http:\/\/www.skoda-auto.pl\/\"><a class=\"in-cell-link\" href=\"http:\/\/www.skoda-auto.pl\/\" target=\"_blank\" rel=\"noopener noreferrer\">Artyku\u0142 powsta\u0142 we wsp\u00f3\u0142pracy ze skoda-auto.pl<\/a><\/span><\/p>\n<p><a href=\"https:\/\/d2p6e6u75xmxt8.cloudfront.net\/5\/2030\/11\/2.webp\"><img loading=\"lazy\" decoding=\"async\" class=\"size-full wp-image-13774 aligncenter\" src=\"https:\/\/d2p6e6u75xmxt8.cloudfront.net\/5\/2030\/11\/2.webp\" alt=\"\" width=\"640\" height=\"350\" srcset=\"https:\/\/d2p6e6u75xmxt8.cloudfront.net\/5\/2030\/11\/2.webp 640w, https:\/\/d2p6e6u75xmxt8.cloudfront.net\/5\/2030\/11\/2-300x164.webp 300w, https:\/\/d2p6e6u75xmxt8.cloudfront.net\/5\/2030\/11\/2-400x219.webp 400w\" sizes=\"auto, (max-width: 640px) 100vw, 640px\" \/><\/a><\/p>\n","protected":false},"excerpt":{"rendered":"<p>Jonas Vingegaard (Team Jumbo\u2013Visma) nie mia\u0142 sobie r\u00f3wnych podczas Criterium du Dauphine. Du\u0144czyk wygra\u0142 pr\u00f3b\u0119 generaln\u0105 przed Tour de France [&hellip;]<\/p>\n","protected":false},"author":153,"featured_media":13884,"comment_status":"open","ping_status":"open","sticky":false,"template":"","format":"standard","meta":{"footnotes":""},"categories":[398],"tags":[396,151,77,399,397],"global-categories":[303],"class_list":["post-13883","post","type-post","status-publish","format-standard","has-post-thumbnail","hentry","category-tour-de-france-2023","tag-criterium-du-dauphine","tag-kolarstwo-szosowe","tag-tour-de-france","tag-tour-de-france-2023","tag-zawody","global-categories-cycling"],"yoast_head":"<!-- This site is optimized with the Yoast SEO Premium plugin v25.3 (Yoast SEO v25.9) - https:\/\/yoast.com\/wordpress\/plugins\/seo\/ -->\n<title>Zaskoczenie przed Tour de France. Wys\u0142a\u0142 jasny sygna\u0142 - \u0160koda We Love Cycling - Poland<\/title>\n<meta name=\"robots\" content=\"index, follow, max-snippet:-1, max-image-preview:large, max-video-preview:-1\" \/>\n<link rel=\"canonical\" href=\"https:\/\/www.welovecycling.com\/pl\/2023\/06\/12\/zaskoczenie-przed-tour-de-france-wyslal-jasny-sygnal\/\" \/>\n<meta property=\"og:locale\" content=\"pl_PL\" \/>\n<meta property=\"og:type\" content=\"article\" \/>\n<meta property=\"og:title\" content=\"Zaskoczenie przed Tour de France. Wys\u0142a\u0142 jasny sygna\u0142\" \/>\n<meta property=\"og:description\" content=\"Jonas Vingegaard (Team Jumbo\u2013Visma) nie mia\u0142 sobie r\u00f3wnych podczas Criterium du Dauphine. Du\u0144czyk wygra\u0142 pr\u00f3b\u0119 generaln\u0105 przed Tour de France [&hellip;]\" \/>\n<meta property=\"og:url\" content=\"https:\/\/www.welovecycling.com\/pl\/2023\/06\/12\/zaskoczenie-przed-tour-de-france-wyslal-jasny-sygnal\/\" \/>\n<meta property=\"og:site_name\" content=\"\u0160koda We Love Cycling - Poland\" \/>\n<meta property=\"article:published_time\" content=\"2023-06-12T14:15:46+00:00\" \/>\n<meta property=\"article:modified_time\" content=\"2023-07-19T07:21:19+00:00\" \/>\n<meta property=\"og:image\" content=\"https:\/\/d2p6e6u75xmxt8.cloudfront.net\/5\/2023\/06\/Jonas-Vingegaard-Criterium-profimedia-0782767824-CVR.webp\" \/>\n\t<meta property=\"og:image:width\" content=\"990\" \/>\n\t<meta property=\"og:image:height\" content=\"660\" \/>\n\t<meta property=\"og:image:type\" content=\"image\/webp\" \/>\n<meta name=\"author\" content=\"rafal\" \/>\n<meta name=\"twitter:card\" content=\"summary_large_image\" \/>\n<meta name=\"twitter:label1\" content=\"Written by\" \/>\n\t<meta name=\"twitter:data1\" content=\"Piotr Nowik\" \/>\n\t<meta name=\"twitter:label2\" content=\"Est. reading time\" \/>\n\t<meta name=\"twitter:data2\" content=\"3\" \/>\n<script type=\"application\/ld+json\" class=\"yoast-schema-graph\">{\"@context\":\"https:\/\/schema.org\",\"@graph\":[{\"@type\":\"WebPage\",\"@id\":\"https:\/\/www.welovecycling.com\/pl\/2023\/06\/12\/zaskoczenie-przed-tour-de-france-wyslal-jasny-sygnal\/\",\"url\":\"https:\/\/www.welovecycling.com\/pl\/2023\/06\/12\/zaskoczenie-przed-tour-de-france-wyslal-jasny-sygnal\/\",\"name\":\"Zaskoczenie przed Tour de France. Wys\u0142a\u0142 jasny sygna\u0142 - \u0160koda We Love Cycling - Poland\",\"isPartOf\":{\"@id\":\"https:\/\/www.welovecycling.com\/pl\/#website\"},\"primaryImageOfPage\":{\"@id\":\"https:\/\/www.welovecycling.com\/pl\/2023\/06\/12\/zaskoczenie-przed-tour-de-france-wyslal-jasny-sygnal\/#primaryimage\"},\"image\":{\"@id\":\"https:\/\/www.welovecycling.com\/pl\/2023\/06\/12\/zaskoczenie-przed-tour-de-france-wyslal-jasny-sygnal\/#primaryimage\"},\"thumbnailUrl\":\"https:\/\/d2p6e6u75xmxt8.cloudfront.net\/5\/2023\/06\/Jonas-Vingegaard-Criterium-profimedia-0782767824-CVR.webp\",\"datePublished\":\"2023-06-12T14:15:46+00:00\",\"dateModified\":\"2023-07-19T07:21:19+00:00\",\"author\":{\"@id\":\"https:\/\/www.welovecycling.com\/pl\/#\/schema\/person\/bf06ed916a1ef16618807fb60d2ebe42\"},\"breadcrumb\":{\"@id\":\"https:\/\/www.welovecycling.com\/pl\/2023\/06\/12\/zaskoczenie-przed-tour-de-france-wyslal-jasny-sygnal\/#breadcrumb\"},\"inLanguage\":\"pl-PL\",\"potentialAction\":[{\"@type\":\"ReadAction\",\"target\":[\"https:\/\/www.welovecycling.com\/pl\/2023\/06\/12\/zaskoczenie-przed-tour-de-france-wyslal-jasny-sygnal\/\"]}]},{\"@type\":\"ImageObject\",\"inLanguage\":\"pl-PL\",\"@id\":\"https:\/\/www.welovecycling.com\/pl\/2023\/06\/12\/zaskoczenie-przed-tour-de-france-wyslal-jasny-sygnal\/#primaryimage\",\"url\":\"https:\/\/d2p6e6u75xmxt8.cloudfront.net\/5\/2023\/06\/Jonas-Vingegaard-Criterium-profimedia-0782767824-CVR.webp\",\"contentUrl\":\"https:\/\/d2p6e6u75xmxt8.cloudfront.net\/5\/2023\/06\/Jonas-Vingegaard-Criterium-profimedia-0782767824-CVR.webp\",\"width\":990,\"height\":660},{\"@type\":\"BreadcrumbList\",\"@id\":\"https:\/\/www.welovecycling.com\/pl\/2023\/06\/12\/zaskoczenie-przed-tour-de-france-wyslal-jasny-sygnal\/#breadcrumb\",\"itemListElement\":[{\"@type\":\"ListItem\",\"position\":1,\"name\":\"Home\",\"item\":\"https:\/\/www.welovecycling.com\/pl\/\"},{\"@type\":\"ListItem\",\"position\":2,\"name\":\"Zaskoczenie przed Tour de France. Wys\u0142a\u0142 jasny sygna\u0142\"}]},{\"@type\":\"WebSite\",\"@id\":\"https:\/\/www.welovecycling.com\/pl\/#website\",\"url\":\"https:\/\/www.welovecycling.com\/pl\/\",\"name\":\"\u0160koda We Love Cycling - Poland\",\"description\":\"\",\"potentialAction\":[{\"@type\":\"SearchAction\",\"target\":{\"@type\":\"EntryPoint\",\"urlTemplate\":\"https:\/\/www.welovecycling.com\/pl\/?s={search_term_string}\"},\"query-input\":{\"@type\":\"PropertyValueSpecification\",\"valueRequired\":true,\"valueName\":\"search_term_string\"}}],\"inLanguage\":\"pl-PL\"},{\"@type\":\"Person\",\"@id\":\"https:\/\/www.welovecycling.com\/pl\/#\/schema\/person\/bf06ed916a1ef16618807fb60d2ebe42\",\"name\":\"rafal\",\"image\":{\"@type\":\"ImageObject\",\"inLanguage\":\"pl-PL\",\"@id\":\"https:\/\/www.welovecycling.com\/pl\/#\/schema\/person\/image\/\",\"url\":\"https:\/\/secure.gravatar.com\/avatar\/203f240e63bee214f6f3a0dacbeb600c7829c09716c2b9ee3230c6961debcde2?s=96&d=mm&r=g\",\"contentUrl\":\"https:\/\/secure.gravatar.com\/avatar\/203f240e63bee214f6f3a0dacbeb600c7829c09716c2b9ee3230c6961debcde2?s=96&d=mm&r=g\",\"caption\":\"rafal\"},\"url\":\"https:\/\/www.welovecycling.com\/pl\/author\/rafal\/\"}]}<\/script>\n<!-- \/ Yoast SEO Premium plugin. -->","yoast_head_json":{"title":"Zaskoczenie przed Tour de France. Wys\u0142a\u0142 jasny sygna\u0142 - \u0160koda We Love Cycling - Poland","robots":{"index":"index","follow":"follow","max-snippet":"max-snippet:-1","max-image-preview":"max-image-preview:large","max-video-preview":"max-video-preview:-1"},"canonical":"https:\/\/www.welovecycling.com\/pl\/2023\/06\/12\/zaskoczenie-przed-tour-de-france-wyslal-jasny-sygnal\/","og_locale":"pl_PL","og_type":"article","og_title":"Zaskoczenie przed Tour de France. Wys\u0142a\u0142 jasny sygna\u0142","og_description":"Jonas Vingegaard (Team Jumbo\u2013Visma) nie mia\u0142 sobie r\u00f3wnych podczas Criterium du Dauphine. Du\u0144czyk wygra\u0142 pr\u00f3b\u0119 generaln\u0105 przed Tour de France [&hellip;]","og_url":"https:\/\/www.welovecycling.com\/pl\/2023\/06\/12\/zaskoczenie-przed-tour-de-france-wyslal-jasny-sygnal\/","og_site_name":"\u0160koda We Love Cycling - Poland","article_published_time":"2023-06-12T14:15:46+00:00","article_modified_time":"2023-07-19T07:21:19+00:00","og_image":[{"width":990,"height":660,"url":"https:\/\/d2p6e6u75xmxt8.cloudfront.net\/5\/2023\/06\/Jonas-Vingegaard-Criterium-profimedia-0782767824-CVR.webp","type":"image\/webp"}],"author":"rafal","twitter_card":"summary_large_image","twitter_misc":{"Written by":"Piotr Nowik","Est. reading time":"3"},"schema":{"@context":"https:\/\/schema.org","@graph":[{"@type":"WebPage","@id":"https:\/\/www.welovecycling.com\/pl\/2023\/06\/12\/zaskoczenie-przed-tour-de-france-wyslal-jasny-sygnal\/","url":"https:\/\/www.welovecycling.com\/pl\/2023\/06\/12\/zaskoczenie-przed-tour-de-france-wyslal-jasny-sygnal\/","name":"Zaskoczenie przed Tour de France. Wys\u0142a\u0142 jasny sygna\u0142 - \u0160koda We Love Cycling - Poland","isPartOf":{"@id":"https:\/\/www.welovecycling.com\/pl\/#website"},"primaryImageOfPage":{"@id":"https:\/\/www.welovecycling.com\/pl\/2023\/06\/12\/zaskoczenie-przed-tour-de-france-wyslal-jasny-sygnal\/#primaryimage"},"image":{"@id":"https:\/\/www.welovecycling.com\/pl\/2023\/06\/12\/zaskoczenie-przed-tour-de-france-wyslal-jasny-sygnal\/#primaryimage"},"thumbnailUrl":"https:\/\/d2p6e6u75xmxt8.cloudfront.net\/5\/2023\/06\/Jonas-Vingegaard-Criterium-profimedia-0782767824-CVR.webp","datePublished":"2023-06-12T14:15:46+00:00","dateModified":"2023-07-19T07:21:19+00:00","author":{"@id":"https:\/\/www.welovecycling.com\/pl\/#\/schema\/person\/bf06ed916a1ef16618807fb60d2ebe42"},"breadcrumb":{"@id":"https:\/\/www.welovecycling.com\/pl\/2023\/06\/12\/zaskoczenie-przed-tour-de-france-wyslal-jasny-sygnal\/#breadcrumb"},"inLanguage":"pl-PL","potentialAction":[{"@type":"ReadAction","target":["https:\/\/www.welovecycling.com\/pl\/2023\/06\/12\/zaskoczenie-przed-tour-de-france-wyslal-jasny-sygnal\/"]}]},{"@type":"ImageObject","inLanguage":"pl-PL","@id":"https:\/\/www.welovecycling.com\/pl\/2023\/06\/12\/zaskoczenie-przed-tour-de-france-wyslal-jasny-sygnal\/#primaryimage","url":"https:\/\/d2p6e6u75xmxt8.cloudfront.net\/5\/2023\/06\/Jonas-Vingegaard-Criterium-profimedia-0782767824-CVR.webp","contentUrl":"https:\/\/d2p6e6u75xmxt8.cloudfront.net\/5\/2023\/06\/Jonas-Vingegaard-Criterium-profimedia-0782767824-CVR.webp","width":990,"height":660},{"@type":"BreadcrumbList","@id":"https:\/\/www.welovecycling.com\/pl\/2023\/06\/12\/zaskoczenie-przed-tour-de-france-wyslal-jasny-sygnal\/#breadcrumb","itemListElement":[{"@type":"ListItem","position":1,"name":"Home","item":"https:\/\/www.welovecycling.com\/pl\/"},{"@type":"ListItem","position":2,"name":"Zaskoczenie przed Tour de France. Wys\u0142a\u0142 jasny sygna\u0142"}]},{"@type":"WebSite","@id":"https:\/\/www.welovecycling.com\/pl\/#website","url":"https:\/\/www.welovecycling.com\/pl\/","name":"\u0160koda We Love Cycling - Poland","description":"","potentialAction":[{"@type":"SearchAction","target":{"@type":"EntryPoint","urlTemplate":"https:\/\/www.welovecycling.com\/pl\/?s={search_term_string}"},"query-input":{"@type":"PropertyValueSpecification","valueRequired":true,"valueName":"search_term_string"}}],"inLanguage":"pl-PL"},{"@type":"Person","@id":"https:\/\/www.welovecycling.com\/pl\/#\/schema\/person\/bf06ed916a1ef16618807fb60d2ebe42","name":"rafal","image":{"@type":"ImageObject","inLanguage":"pl-PL","@id":"https:\/\/www.welovecycling.com\/pl\/#\/schema\/person\/image\/","url":"https:\/\/secure.gravatar.com\/avatar\/203f240e63bee214f6f3a0dacbeb600c7829c09716c2b9ee3230c6961debcde2?s=96&d=mm&r=g","contentUrl":"https:\/\/secure.gravatar.com\/avatar\/203f240e63bee214f6f3a0dacbeb600c7829c09716c2b9ee3230c6961debcde2?s=96&d=mm&r=g","caption":"rafal"},"url":"https:\/\/www.welovecycling.com\/pl\/author\/rafal\/"}]}},"_links":{"self":[{"href":"https:\/\/www.welovecycling.com\/pl\/wp-json\/wp\/v2\/posts\/13883","targetHints":{"allow":["GET"]}}],"collection":[{"href":"https:\/\/www.welovecycling.com\/pl\/wp-json\/wp\/v2\/posts"}],"about":[{"href":"https:\/\/www.welovecycling.com\/pl\/wp-json\/wp\/v2\/types\/post"}],"author":[{"embeddable":true,"href":"https:\/\/www.welovecycling.com\/pl\/wp-json\/wp\/v2\/users\/153"}],"replies":[{"embeddable":true,"href":"https:\/\/www.welovecycling.com\/pl\/wp-json\/wp\/v2\/comments?post=13883"}],"version-history":[{"count":2,"href":"https:\/\/www.welovecycling.com\/pl\/wp-json\/wp\/v2\/posts\/13883\/revisions"}],"predecessor-version":[{"id":13891,"href":"https:\/\/www.welovecycling.com\/pl\/wp-json\/wp\/v2\/posts\/13883\/revisions\/13891"}],"wp:featuredmedia":[{"embeddable":true,"href":"https:\/\/www.welovecycling.com\/pl\/wp-json\/wp\/v2\/media\/13884"}],"wp:attachment":[{"href":"https:\/\/www.welovecycling.com\/pl\/wp-json\/wp\/v2\/media?parent=13883"}],"wp:term":[{"taxonomy":"category","embeddable":true,"href":"https:\/\/www.welovecycling.com\/pl\/wp-json\/wp\/v2\/categories?post=13883"},{"taxonomy":"post_tag","embeddable":true,"href":"https:\/\/www.welovecycling.com\/pl\/wp-json\/wp\/v2\/tags?post=13883"},{"taxonomy":"global-categories","embeddable":true,"href":"https:\/\/www.welovecycling.com\/pl\/wp-json\/wp\/v2\/global-categories?post=13883"}],"curies":[{"name":"wp","href":"https:\/\/api.w.org\/{rel}","templated":true}]}}