{"id":13843,"date":"2023-05-30T12:58:57","date_gmt":"2023-05-30T12:58:57","guid":{"rendered":"https:\/\/www.welovecycling.com\/pl\/?p=13843"},"modified":"2023-05-30T13:09:16","modified_gmt":"2023-05-30T13:09:16","slug":"oszukal-przeznaczenie-primoz-roglic-zwyciezca-giro-ditalia","status":"publish","type":"post","link":"https:\/\/www.welovecycling.com\/pl\/2023\/05\/30\/oszukal-przeznaczenie-primoz-roglic-zwyciezca-giro-ditalia\/","title":{"rendered":"Oszuka\u0142 przeznaczenie! Primo\u017e Rogli\u010d zwyci\u0119zc\u0105 Giro d\u2019Italia"},"content":{"rendered":"<h3><strong>Walczy\u0142 z rywalami, pogod\u0105, kraksami i usterkami. Ani przez moment jednak nie zw\u0105tpi\u0142 i w ko\u0144cu odebra\u0142 pi\u0119kn\u0105 nagrod\u0119 \u2013 zwyci\u0119stwo w 106. Giro d\u2019Italia. Primo\u017e Rogli\u010d (Jumbo Visma) kolejny raz zapisa\u0142 si\u0119 w historii kolarstwa, ale w niedziel\u0119 na chwil\u0119 zrobi\u0142 miejsce dla innego wielkiego zawodnika \u2013 Marka Cavendisha (Astana).<\/strong><\/h3>\n<p>To nie by\u0142o najpi\u0119kniejsze Giro d\u2019Italia w historii. Ci, dla kt\u00f3rych kolarstwo to nie tylko sportowa rywalizacja, ale te\u017c pi\u0119kne widoki i \u201ezwiedzanie\u201d wraz z peletonem, mogli czu\u0107 si\u0119 zawiedzeni, bo deszczowa pogoda cz\u0119sto zniech\u0119ca\u0142a do \u015bledzenia rywalizacji, o m\u0119kach zawodnik\u00f3w nie wspominaj\u0105c. Do tego kolarze musieli zmaga\u0107 si\u0119 z koronawirusem, wi\u0119c cz\u0119\u015b\u0107 ekip ko\u0144czy\u0142a Giro d\u2019Italia mocno przetrzebiona.<\/p>\n<p><strong>\u201eZapami\u0119tam to na bardzo d\u0142ugo\u201d<\/strong><\/p>\n<p>To wszystko sprawia\u0142o, \u017ce wy\u015bcig by\u0142 niezwykle trudny, ale mimo wielu przeciwno\u015bci w klasyfikacji generalnej troch\u0119 si\u0119 dzia\u0142o. Najpierw prowadzi\u0142 Remco Evenepoel (Soudal-Quick Step), po trzech etapach r\u00f3\u017cow\u0105 koszul\u0119 przej\u0105\u0142 Andreas Leknessund (DSM), a na drug\u0105 cz\u0119\u015b\u0107 wy\u015bcigu na pierwsze miejsce wskoczy\u0142 Geraint Thomas (Ineos Grenadiers), kt\u00f3ry jednak jako lider nie wytrzyma\u0142 do ko\u0144ca, bo \u015bwietnie na czas pojecha\u0142 Primo\u017e Rogli\u010d i to on cieszy\u0142 si\u0119 z wygranej w ca\u0142ym Giro d\u2019Italia.<\/p>\n<div class=\"embed-controller-wrapper\">\n<blockquote class=\"twitter-tweet\" data-width=\"500\" data-dnt=\"true\">\n<p lang=\"it\" dir=\"ltr\">The day <a href=\"https:\/\/twitter.com\/rogla?ref_src=twsrc%5Etfw\">@rogla<\/a> forever linked his name to that of the Giro d&#39;Italia<br \/>. <br \/>Il giorno in cui <a href=\"https:\/\/twitter.com\/rogla?ref_src=twsrc%5Etfw\">@rogla<\/a> ha legato per sempre il suo nome a quello del Giro d\u2019Italia<a href=\"https:\/\/twitter.com\/hashtag\/Giro?src=hash&amp;ref_src=twsrc%5Etfw\">#Giro<\/a> <a href=\"https:\/\/twitter.com\/hashtag\/GirodItalia?src=hash&amp;ref_src=twsrc%5Etfw\">#GirodItalia<\/a> <a href=\"https:\/\/twitter.com\/JumboVismaRoad?ref_src=twsrc%5Etfw\">@JumboVismaRoad<\/a> <a href=\"https:\/\/t.co\/PtHvEI8CnA\">pic.twitter.com\/PtHvEI8CnA<\/a><\/p>\n<p>&mdash; Giro d&#39;Italia (@giroditalia) <a href=\"https:\/\/twitter.com\/giroditalia\/status\/1662935280104382465?ref_src=twsrc%5Etfw\">May 28, 2023<\/a><\/p><\/blockquote>\n<p><script async data-src=\"https:\/\/platform.twitter.com\/widgets.js\" charset=\"utf-8\"><\/script><\/div>\n<p><em>\u2013 Nie do ko\u0144ca pojmuj\u0119, co tu si\u0119 wydarzy\u0142o. Ka\u017cda wygrana jest wyj\u0105tkowa i jestem bardzo wdzi\u0119czny wszystkim, kt\u00f3rzy sprawili, \u017ce teraz mog\u0119 \u015bwi\u0119towa\u0107. Zapami\u0119tam to na bardzo d\u0142ugo<\/em> \u2013 podkre\u015bla\u0142 S\u0142oweniec.<\/p>\n<p>Dla Rogli\u010da ostatnie trzy tygodnie by\u0142y walk\u0105 nie tylko z rywalami, ale te\u017c z wieloma przeciwno\u015bciami losu. S\u0142oweniec zaliczy\u0142 dwie kraksy, kt\u00f3rych skutki odczuwa\u0142 do ko\u0144ca wy\u015bcigu. Do tego jego zesp\u00f3\u0142 zosta\u0142 przetrzebiony przez koronawirusa i gdy wydawa\u0142o si\u0119, \u017ce pech w ko\u0144cu S\u0142owe\u0144ca opu\u015bci\u0142, podczas decyduj\u0105cego podjazdu zn\u00f3w musia\u0142 walczy\u0107 z przeciwno\u015bciami.<\/p>\n<p><strong>Pokaz si\u0142y i sprytu<\/strong><\/p>\n<p>Dla Rogli\u010da ostatni\u0105 szans\u0105 na wyrwanie r\u00f3\u017cowej koszulki by\u0142a sobotnia jazda na czas. S\u0142oweniec traci\u0142 do Gerainta Thomasa 26 sekund, ale na piekielnie trudnej trasie spisywa\u0142 si\u0119 kapitalnie. Podczas stromego podjazdu wjecha\u0142 jednak w dziur\u0119 w asfalcie i spad\u0142 mu \u0142a\u0144cuch. W ten spos\u00f3b nie do\u015b\u0107, \u017ce straci\u0142 cenne sekundy, to jeszcze zosta\u0142 wybity z rytmu. Tego dnia Rogli\u010d da\u0142 jednak pokaz si\u0142y i sprytu, wpad\u0142 na met\u0119 z 40-sekundow\u0105 przewag\u0105 i nazajutrz w Rzymie m\u00f3g\u0142 ju\u017c tylko \u015bwi\u0119towa\u0107.<\/p>\n<div class=\"embed-controller-wrapper\">\n<blockquote class=\"twitter-tweet\" data-width=\"500\" data-dnt=\"true\">\n<p lang=\"en\" dir=\"ltr\">\u26a0\ufe0fTechnical problem for <a href=\"https:\/\/twitter.com\/rogla?ref_src=twsrc%5Etfw\">@rogla<\/a>!<br \/>.<br \/>\u26a0\ufe0f Salto di catena per <a href=\"https:\/\/twitter.com\/rogla?ref_src=twsrc%5Etfw\">@rogla<\/a>!<a href=\"https:\/\/twitter.com\/hashtag\/Giro?src=hash&amp;ref_src=twsrc%5Etfw\">#Giro<\/a> <a href=\"https:\/\/twitter.com\/hashtag\/GirodItalia?src=hash&amp;ref_src=twsrc%5Etfw\">#GirodItalia<\/a> <a href=\"https:\/\/t.co\/YlhnLXHdxJ\">pic.twitter.com\/YlhnLXHdxJ<\/a><\/p>\n<p>&mdash; Giro d&#39;Italia (@giroditalia) <a href=\"https:\/\/twitter.com\/giroditalia\/status\/1662487303221043201?ref_src=twsrc%5Etfw\">May 27, 2023<\/a><\/p><\/blockquote>\n<p><script async data-src=\"https:\/\/platform.twitter.com\/widgets.js\" charset=\"utf-8\"><\/script><\/div>\n<p><em>\u2013 Gdy mia\u0142em defekt, to wcale nie pomy\u015bla\u0142em, \u017ce ju\u017c po mnie. Nie planowa\u0142em tego, ale trudno, sta\u0142o si\u0119. Za\u0142o\u017cy\u0142em \u0142a\u0144cuch i pojecha\u0142em dalej. Czu\u0142em si\u0119 silny, a na ko\u0144cu ka\u017cdej walki zawsze jest nadzieja<\/em> \u2013 cieszy\u0142 si\u0119 na mecie Rogli\u010d, kt\u00f3ry dzie\u0144 p\u00f3\u017aniej z dum\u0105 spacerowa\u0142 ze swoj\u0105 ekip\u0105 po ulicach stolicy W\u0142och.<\/p>\n<div class=\"embed-controller-wrapper\">\n<blockquote class=\"twitter-tweet\" data-width=\"500\" data-dnt=\"true\">\n<p lang=\"qme\" dir=\"ltr\">\ud83d\udfe1 <a href=\"https:\/\/twitter.com\/JumboVismaRoad?ref_src=twsrc%5Etfw\">@JumboVismaRoad<\/a> \u26ab\ufe0f<a href=\"https:\/\/twitter.com\/hashtag\/GirodItalia?src=hash&amp;ref_src=twsrc%5Etfw\">#GirodItalia<\/a> <a href=\"https:\/\/twitter.com\/hashtag\/Giro?src=hash&amp;ref_src=twsrc%5Etfw\">#Giro<\/a> <a href=\"https:\/\/t.co\/D7xawd4WHm\">pic.twitter.com\/D7xawd4WHm<\/a><\/p>\n<p>&mdash; Giro d&#39;Italia (@giroditalia) <a href=\"https:\/\/twitter.com\/giroditalia\/status\/1662819780208779265?ref_src=twsrc%5Etfw\">May 28, 2023<\/a><\/p><\/blockquote>\n<p><script async data-src=\"https:\/\/platform.twitter.com\/widgets.js\" charset=\"utf-8\"><\/script><\/div>\n<p><strong>Emocjonalny etap weterana<\/strong><\/p>\n<p>Pi\u0119kne chwile podczas Giro d\u2019Italia prze\u017cywa\u0142 tak\u017ce weteran tras \u2013 Mark Cavendish. Dla 38-letniego zawodnika to ostatni sezon w karierze, ale b\u0119dzie wspomina\u0142 go z \u0142ezk\u0105 w oku dzi\u0119ki wygraniu niedzielnego etapu. Brytyjczyk w Rzymie finiszowa\u0142 jak za najlepszych lat.<\/p>\n<p><em>\u2013 Jestem bardzo szcz\u0119\u015bliwy, bo by\u0142o bardzo trudno uko\u0144czy\u0107 to Giro, a ostatni etap by\u0142 dla mnie bardzo emocjonalny. Wspaniale jest m\u00f3c znowu tutaj wygra\u0107<\/em> \u2013 m\u00f3wi\u0142 wzruszony Cavendish.<\/p>\n<div class=\"embed-controller-wrapper\">\n<blockquote class=\"twitter-tweet\" data-width=\"500\" data-dnt=\"true\">\n<p lang=\"en\" dir=\"ltr\">The last dance <a href=\"https:\/\/twitter.com\/hashtag\/Giro?src=hash&amp;ref_src=twsrc%5Etfw\">#Giro<\/a> <a href=\"https:\/\/twitter.com\/hashtag\/GirodItalia?src=hash&amp;ref_src=twsrc%5Etfw\">#GirodItalia<\/a> <a href=\"https:\/\/twitter.com\/AstanaQazTeam?ref_src=twsrc%5Etfw\">@AstanaQazTeam<\/a> <a href=\"https:\/\/twitter.com\/MarkCavendish?ref_src=twsrc%5Etfw\">@MarkCavendish<\/a> <a href=\"https:\/\/t.co\/3ULCEWrSKd\">pic.twitter.com\/3ULCEWrSKd<\/a><\/p>\n<p>&mdash; Giro d&#39;Italia (@giroditalia) <a href=\"https:\/\/twitter.com\/giroditalia\/status\/1662926723925831683?ref_src=twsrc%5Etfw\">May 28, 2023<\/a><\/p><\/blockquote>\n<p><script async data-src=\"https:\/\/platform.twitter.com\/widgets.js\" charset=\"utf-8\"><\/script><\/div>\n<p>Jeszcze przez kilka dni kolarski \u015bwiat b\u0119dzie \u017cy\u0142 tym, co wydarzy\u0142o si\u0119 podczas Giro d\u2019Italia, ale p\u00f3\u017aniej wszystkie oczy zostan\u0105 skierowane na Francj\u0119, bo ju\u017c 1 lipca startuje Tour de France.<\/p>\n<p><span data-sheets-value=\"{&quot;1&quot;:2,&quot;2&quot;:&quot;Artyku\u0142 powsta\u0142 we wsp\u00f3\u0142pracy ze skoda-auto.pl&quot;}\" data-sheets-userformat=\"{&quot;2&quot;:1,&quot;3&quot;:{&quot;1&quot;:0}}\" data-sheets-hyperlink=\"http:\/\/www.skoda-auto.pl\/\"><a class=\"in-cell-link\" href=\"http:\/\/www.skoda-auto.pl\/\" target=\"_blank\" rel=\"noopener noreferrer\">Artyku\u0142 powsta\u0142 we wsp\u00f3\u0142pracy ze skoda-auto.pl<\/a><\/span><\/p>\n<p><a href=\"https:\/\/d2p6e6u75xmxt8.cloudfront.net\/5\/2030\/11\/2.webp\"><img loading=\"lazy\" decoding=\"async\" class=\"size-full wp-image-13774 aligncenter\" src=\"https:\/\/d2p6e6u75xmxt8.cloudfront.net\/5\/2030\/11\/2.webp\" alt=\"\" width=\"640\" height=\"350\" srcset=\"https:\/\/d2p6e6u75xmxt8.cloudfront.net\/5\/2030\/11\/2.webp 640w, https:\/\/d2p6e6u75xmxt8.cloudfront.net\/5\/2030\/11\/2-300x164.webp 300w, https:\/\/d2p6e6u75xmxt8.cloudfront.net\/5\/2030\/11\/2-400x219.webp 400w\" sizes=\"auto, (max-width: 640px) 100vw, 640px\" \/><\/a><\/p>\n","protected":false},"excerpt":{"rendered":"<p>Walczy\u0142 z rywalami, pogod\u0105, kraksami i usterkami. Ani przez moment jednak nie zw\u0105tpi\u0142 i w ko\u0144cu odebra\u0142 pi\u0119kn\u0105 nagrod\u0119 \u2013 [&hellip;]<\/p>\n","protected":false},"author":153,"featured_media":13844,"comment_status":"open","ping_status":"open","sticky":false,"template":"","format":"standard","meta":{"footnotes":""},"categories":[6,295],"tags":[394,151],"global-categories":[303],"class_list":["post-13843","post","type-post","status-publish","format-standard","has-post-thumbnail","hentry","category-kolarstwo-szosowe","category-zawody","tag-giro-ditalia","tag-kolarstwo-szosowe","global-categories-cycling"],"yoast_head":"<!-- This site is optimized with the Yoast SEO Premium plugin v25.3 (Yoast SEO v25.9) - https:\/\/yoast.com\/wordpress\/plugins\/seo\/ -->\n<title>Oszuka\u0142 przeznaczenie! Primo\u017e Rogli\u010d zwyci\u0119zc\u0105 Giro d\u2019Italia - \u0160koda We Love Cycling - Poland<\/title>\n<meta name=\"robots\" content=\"index, follow, max-snippet:-1, max-image-preview:large, max-video-preview:-1\" \/>\n<link rel=\"canonical\" href=\"https:\/\/www.welovecycling.com\/pl\/2023\/05\/30\/oszukal-przeznaczenie-primoz-roglic-zwyciezca-giro-ditalia\/\" \/>\n<meta property=\"og:locale\" content=\"pl_PL\" \/>\n<meta property=\"og:type\" content=\"article\" \/>\n<meta property=\"og:title\" content=\"Oszuka\u0142 przeznaczenie! Primo\u017e Rogli\u010d zwyci\u0119zc\u0105 Giro d\u2019Italia\" \/>\n<meta property=\"og:description\" content=\"Walczy\u0142 z rywalami, pogod\u0105, kraksami i usterkami. Ani przez moment jednak nie zw\u0105tpi\u0142 i w ko\u0144cu odebra\u0142 pi\u0119kn\u0105 nagrod\u0119 \u2013 [&hellip;]\" \/>\n<meta property=\"og:url\" content=\"https:\/\/www.welovecycling.com\/pl\/2023\/05\/30\/oszukal-przeznaczenie-primoz-roglic-zwyciezca-giro-ditalia\/\" \/>\n<meta property=\"og:site_name\" content=\"\u0160koda We Love Cycling - Poland\" \/>\n<meta property=\"article:published_time\" content=\"2023-05-30T12:58:57+00:00\" \/>\n<meta property=\"article:modified_time\" content=\"2023-05-30T13:09:16+00:00\" \/>\n<meta property=\"og:image\" content=\"https:\/\/d2p6e6u75xmxt8.cloudfront.net\/5\/2023\/05\/giro1.webp\" \/>\n\t<meta property=\"og:image:width\" content=\"1106\" \/>\n\t<meta property=\"og:image:height\" content=\"740\" \/>\n\t<meta property=\"og:image:type\" content=\"image\/webp\" \/>\n<meta name=\"author\" content=\"rafal\" \/>\n<meta name=\"twitter:card\" content=\"summary_large_image\" \/>\n<meta name=\"twitter:label1\" content=\"Written by\" \/>\n\t<meta name=\"twitter:data1\" content=\"Piotr Nowik\" \/>\n\t<meta name=\"twitter:label2\" content=\"Est. reading time\" \/>\n\t<meta name=\"twitter:data2\" content=\"4\" \/>\n<script type=\"application\/ld+json\" class=\"yoast-schema-graph\">{\"@context\":\"https:\/\/schema.org\",\"@graph\":[{\"@type\":\"WebPage\",\"@id\":\"https:\/\/www.welovecycling.com\/pl\/2023\/05\/30\/oszukal-przeznaczenie-primoz-roglic-zwyciezca-giro-ditalia\/\",\"url\":\"https:\/\/www.welovecycling.com\/pl\/2023\/05\/30\/oszukal-przeznaczenie-primoz-roglic-zwyciezca-giro-ditalia\/\",\"name\":\"Oszuka\u0142 przeznaczenie! Primo\u017e Rogli\u010d zwyci\u0119zc\u0105 Giro d\u2019Italia - \u0160koda We Love Cycling - Poland\",\"isPartOf\":{\"@id\":\"https:\/\/www.welovecycling.com\/pl\/#website\"},\"primaryImageOfPage\":{\"@id\":\"https:\/\/www.welovecycling.com\/pl\/2023\/05\/30\/oszukal-przeznaczenie-primoz-roglic-zwyciezca-giro-ditalia\/#primaryimage\"},\"image\":{\"@id\":\"https:\/\/www.welovecycling.com\/pl\/2023\/05\/30\/oszukal-przeznaczenie-primoz-roglic-zwyciezca-giro-ditalia\/#primaryimage\"},\"thumbnailUrl\":\"https:\/\/d2p6e6u75xmxt8.cloudfront.net\/5\/2023\/05\/giro1.webp\",\"datePublished\":\"2023-05-30T12:58:57+00:00\",\"dateModified\":\"2023-05-30T13:09:16+00:00\",\"author\":{\"@id\":\"https:\/\/www.welovecycling.com\/pl\/#\/schema\/person\/bf06ed916a1ef16618807fb60d2ebe42\"},\"breadcrumb\":{\"@id\":\"https:\/\/www.welovecycling.com\/pl\/2023\/05\/30\/oszukal-przeznaczenie-primoz-roglic-zwyciezca-giro-ditalia\/#breadcrumb\"},\"inLanguage\":\"pl-PL\",\"potentialAction\":[{\"@type\":\"ReadAction\",\"target\":[\"https:\/\/www.welovecycling.com\/pl\/2023\/05\/30\/oszukal-przeznaczenie-primoz-roglic-zwyciezca-giro-ditalia\/\"]}]},{\"@type\":\"ImageObject\",\"inLanguage\":\"pl-PL\",\"@id\":\"https:\/\/www.welovecycling.com\/pl\/2023\/05\/30\/oszukal-przeznaczenie-primoz-roglic-zwyciezca-giro-ditalia\/#primaryimage\",\"url\":\"https:\/\/d2p6e6u75xmxt8.cloudfront.net\/5\/2023\/05\/giro1.webp\",\"contentUrl\":\"https:\/\/d2p6e6u75xmxt8.cloudfront.net\/5\/2023\/05\/giro1.webp\",\"width\":1106,\"height\":740},{\"@type\":\"BreadcrumbList\",\"@id\":\"https:\/\/www.welovecycling.com\/pl\/2023\/05\/30\/oszukal-przeznaczenie-primoz-roglic-zwyciezca-giro-ditalia\/#breadcrumb\",\"itemListElement\":[{\"@type\":\"ListItem\",\"position\":1,\"name\":\"Home\",\"item\":\"https:\/\/www.welovecycling.com\/pl\/\"},{\"@type\":\"ListItem\",\"position\":2,\"name\":\"Oszuka\u0142 przeznaczenie! Primo\u017e Rogli\u010d zwyci\u0119zc\u0105 Giro d\u2019Italia\"}]},{\"@type\":\"WebSite\",\"@id\":\"https:\/\/www.welovecycling.com\/pl\/#website\",\"url\":\"https:\/\/www.welovecycling.com\/pl\/\",\"name\":\"\u0160koda We Love Cycling - Poland\",\"description\":\"\",\"potentialAction\":[{\"@type\":\"SearchAction\",\"target\":{\"@type\":\"EntryPoint\",\"urlTemplate\":\"https:\/\/www.welovecycling.com\/pl\/?s={search_term_string}\"},\"query-input\":{\"@type\":\"PropertyValueSpecification\",\"valueRequired\":true,\"valueName\":\"search_term_string\"}}],\"inLanguage\":\"pl-PL\"},{\"@type\":\"Person\",\"@id\":\"https:\/\/www.welovecycling.com\/pl\/#\/schema\/person\/bf06ed916a1ef16618807fb60d2ebe42\",\"name\":\"rafal\",\"image\":{\"@type\":\"ImageObject\",\"inLanguage\":\"pl-PL\",\"@id\":\"https:\/\/www.welovecycling.com\/pl\/#\/schema\/person\/image\/\",\"url\":\"https:\/\/secure.gravatar.com\/avatar\/203f240e63bee214f6f3a0dacbeb600c7829c09716c2b9ee3230c6961debcde2?s=96&d=mm&r=g\",\"contentUrl\":\"https:\/\/secure.gravatar.com\/avatar\/203f240e63bee214f6f3a0dacbeb600c7829c09716c2b9ee3230c6961debcde2?s=96&d=mm&r=g\",\"caption\":\"rafal\"},\"url\":\"https:\/\/www.welovecycling.com\/pl\/author\/rafal\/\"}]}<\/script>\n<!-- \/ Yoast SEO Premium plugin. -->","yoast_head_json":{"title":"Oszuka\u0142 przeznaczenie! Primo\u017e Rogli\u010d zwyci\u0119zc\u0105 Giro d\u2019Italia - \u0160koda We Love Cycling - Poland","robots":{"index":"index","follow":"follow","max-snippet":"max-snippet:-1","max-image-preview":"max-image-preview:large","max-video-preview":"max-video-preview:-1"},"canonical":"https:\/\/www.welovecycling.com\/pl\/2023\/05\/30\/oszukal-przeznaczenie-primoz-roglic-zwyciezca-giro-ditalia\/","og_locale":"pl_PL","og_type":"article","og_title":"Oszuka\u0142 przeznaczenie! Primo\u017e Rogli\u010d zwyci\u0119zc\u0105 Giro d\u2019Italia","og_description":"Walczy\u0142 z rywalami, pogod\u0105, kraksami i usterkami. Ani przez moment jednak nie zw\u0105tpi\u0142 i w ko\u0144cu odebra\u0142 pi\u0119kn\u0105 nagrod\u0119 \u2013 [&hellip;]","og_url":"https:\/\/www.welovecycling.com\/pl\/2023\/05\/30\/oszukal-przeznaczenie-primoz-roglic-zwyciezca-giro-ditalia\/","og_site_name":"\u0160koda We Love Cycling - Poland","article_published_time":"2023-05-30T12:58:57+00:00","article_modified_time":"2023-05-30T13:09:16+00:00","og_image":[{"width":1106,"height":740,"url":"https:\/\/d2p6e6u75xmxt8.cloudfront.net\/5\/2023\/05\/giro1.webp","type":"image\/webp"}],"author":"rafal","twitter_card":"summary_large_image","twitter_misc":{"Written by":"Piotr Nowik","Est. reading time":"4"},"schema":{"@context":"https:\/\/schema.org","@graph":[{"@type":"WebPage","@id":"https:\/\/www.welovecycling.com\/pl\/2023\/05\/30\/oszukal-przeznaczenie-primoz-roglic-zwyciezca-giro-ditalia\/","url":"https:\/\/www.welovecycling.com\/pl\/2023\/05\/30\/oszukal-przeznaczenie-primoz-roglic-zwyciezca-giro-ditalia\/","name":"Oszuka\u0142 przeznaczenie! Primo\u017e Rogli\u010d zwyci\u0119zc\u0105 Giro d\u2019Italia - \u0160koda We Love Cycling - Poland","isPartOf":{"@id":"https:\/\/www.welovecycling.com\/pl\/#website"},"primaryImageOfPage":{"@id":"https:\/\/www.welovecycling.com\/pl\/2023\/05\/30\/oszukal-przeznaczenie-primoz-roglic-zwyciezca-giro-ditalia\/#primaryimage"},"image":{"@id":"https:\/\/www.welovecycling.com\/pl\/2023\/05\/30\/oszukal-przeznaczenie-primoz-roglic-zwyciezca-giro-ditalia\/#primaryimage"},"thumbnailUrl":"https:\/\/d2p6e6u75xmxt8.cloudfront.net\/5\/2023\/05\/giro1.webp","datePublished":"2023-05-30T12:58:57+00:00","dateModified":"2023-05-30T13:09:16+00:00","author":{"@id":"https:\/\/www.welovecycling.com\/pl\/#\/schema\/person\/bf06ed916a1ef16618807fb60d2ebe42"},"breadcrumb":{"@id":"https:\/\/www.welovecycling.com\/pl\/2023\/05\/30\/oszukal-przeznaczenie-primoz-roglic-zwyciezca-giro-ditalia\/#breadcrumb"},"inLanguage":"pl-PL","potentialAction":[{"@type":"ReadAction","target":["https:\/\/www.welovecycling.com\/pl\/2023\/05\/30\/oszukal-przeznaczenie-primoz-roglic-zwyciezca-giro-ditalia\/"]}]},{"@type":"ImageObject","inLanguage":"pl-PL","@id":"https:\/\/www.welovecycling.com\/pl\/2023\/05\/30\/oszukal-przeznaczenie-primoz-roglic-zwyciezca-giro-ditalia\/#primaryimage","url":"https:\/\/d2p6e6u75xmxt8.cloudfront.net\/5\/2023\/05\/giro1.webp","contentUrl":"https:\/\/d2p6e6u75xmxt8.cloudfront.net\/5\/2023\/05\/giro1.webp","width":1106,"height":740},{"@type":"BreadcrumbList","@id":"https:\/\/www.welovecycling.com\/pl\/2023\/05\/30\/oszukal-przeznaczenie-primoz-roglic-zwyciezca-giro-ditalia\/#breadcrumb","itemListElement":[{"@type":"ListItem","position":1,"name":"Home","item":"https:\/\/www.welovecycling.com\/pl\/"},{"@type":"ListItem","position":2,"name":"Oszuka\u0142 przeznaczenie! Primo\u017e Rogli\u010d zwyci\u0119zc\u0105 Giro d\u2019Italia"}]},{"@type":"WebSite","@id":"https:\/\/www.welovecycling.com\/pl\/#website","url":"https:\/\/www.welovecycling.com\/pl\/","name":"\u0160koda We Love Cycling - Poland","description":"","potentialAction":[{"@type":"SearchAction","target":{"@type":"EntryPoint","urlTemplate":"https:\/\/www.welovecycling.com\/pl\/?s={search_term_string}"},"query-input":{"@type":"PropertyValueSpecification","valueRequired":true,"valueName":"search_term_string"}}],"inLanguage":"pl-PL"},{"@type":"Person","@id":"https:\/\/www.welovecycling.com\/pl\/#\/schema\/person\/bf06ed916a1ef16618807fb60d2ebe42","name":"rafal","image":{"@type":"ImageObject","inLanguage":"pl-PL","@id":"https:\/\/www.welovecycling.com\/pl\/#\/schema\/person\/image\/","url":"https:\/\/secure.gravatar.com\/avatar\/203f240e63bee214f6f3a0dacbeb600c7829c09716c2b9ee3230c6961debcde2?s=96&d=mm&r=g","contentUrl":"https:\/\/secure.gravatar.com\/avatar\/203f240e63bee214f6f3a0dacbeb600c7829c09716c2b9ee3230c6961debcde2?s=96&d=mm&r=g","caption":"rafal"},"url":"https:\/\/www.welovecycling.com\/pl\/author\/rafal\/"}]}},"_links":{"self":[{"href":"https:\/\/www.welovecycling.com\/pl\/wp-json\/wp\/v2\/posts\/13843","targetHints":{"allow":["GET"]}}],"collection":[{"href":"https:\/\/www.welovecycling.com\/pl\/wp-json\/wp\/v2\/posts"}],"about":[{"href":"https:\/\/www.welovecycling.com\/pl\/wp-json\/wp\/v2\/types\/post"}],"author":[{"embeddable":true,"href":"https:\/\/www.welovecycling.com\/pl\/wp-json\/wp\/v2\/users\/153"}],"replies":[{"embeddable":true,"href":"https:\/\/www.welovecycling.com\/pl\/wp-json\/wp\/v2\/comments?post=13843"}],"version-history":[{"count":6,"href":"https:\/\/www.welovecycling.com\/pl\/wp-json\/wp\/v2\/posts\/13843\/revisions"}],"predecessor-version":[{"id":13850,"href":"https:\/\/www.welovecycling.com\/pl\/wp-json\/wp\/v2\/posts\/13843\/revisions\/13850"}],"wp:featuredmedia":[{"embeddable":true,"href":"https:\/\/www.welovecycling.com\/pl\/wp-json\/wp\/v2\/media\/13844"}],"wp:attachment":[{"href":"https:\/\/www.welovecycling.com\/pl\/wp-json\/wp\/v2\/media?parent=13843"}],"wp:term":[{"taxonomy":"category","embeddable":true,"href":"https:\/\/www.welovecycling.com\/pl\/wp-json\/wp\/v2\/categories?post=13843"},{"taxonomy":"post_tag","embeddable":true,"href":"https:\/\/www.welovecycling.com\/pl\/wp-json\/wp\/v2\/tags?post=13843"},{"taxonomy":"global-categories","embeddable":true,"href":"https:\/\/www.welovecycling.com\/pl\/wp-json\/wp\/v2\/global-categories?post=13843"}],"curies":[{"name":"wp","href":"https:\/\/api.w.org\/{rel}","templated":true}]}}