{"id":1383,"date":"2016-07-13T12:12:05","date_gmt":"2016-07-13T12:12:05","guid":{"rendered":"http:\/\/skoda-rowery.pl\/?p=1383"},"modified":"2016-12-05T08:48:43","modified_gmt":"2016-12-05T08:48:43","slug":"rowerem-do-pracy-annelie-rugg","status":"publish","type":"post","link":"https:\/\/www.welovecycling.com\/pl\/2016\/07\/13\/rowerem-do-pracy-annelie-rugg\/","title":{"rendered":"Rowerem do pracy: Annelie Rugg\u00a0"},"content":{"rendered":"<p style=\"text-align: justify\">Nie ka\u017cda droga do pracy wygl\u0105da tak samo. Stereotyp osoby doje\u017cd\u017caj\u0105cej rankiem do pracy kojarzy si\u0119 ze sfrustrowanym biznesmenem usi\u0142uj\u0105cym nie rozla\u0107 kawy na desk\u0119 rozdzielcz\u0105 samochodu. A gdyby tak mo\u017cna by\u0142o rozpoczyna\u0107 ka\u017cdy dzie\u0144 od dw\u00f3ch godzin swojego ulubionego zaj\u0119cia, pokonuj\u0105c \u0142a\u0144cuch g\u00f3rski i dokonuj\u0105c tego si\u0142\u0105 w\u0142asnych mi\u0119\u015bni? To standard dla dr Annelie Rugg, kt\u00f3ra ka\u017cdego poranka przemierza Dolin\u0119 San Fernando na rowerze w drodze na Uniwersytet Kalifornijski. Trzeba wiedzie\u0107, \u017ce w takim miejscu doje\u017cd\u017canie do pracy na rowerze to sztuka!<!--more--><\/p>\n<p style=\"text-align: justify\">Dr Rugg, kt\u00f3ra \u0142\u0105czy funkcje dyrektora i kierownika ds. informatycznych w Centrum Cyfrowych Nauk Humanistycznych, jest jedn\u0105 z tysi\u0119cy cyklist\u00f3w pomagaj\u0105cych \u201eodetka\u0107\u201d ulice i popularyzuj\u0105cych zdrowsze metody doje\u017cd\u017cania do pracy. Swoj\u0105 karier\u0119 na UCLA zacz\u0119\u0142a po uko\u0144czeniu studi\u00f3w w 1994 r., a do sta\u0142ego personelu uczelnianego do\u0142\u0105czy\u0142a w roku 2011 i przez ca\u0142y ten czas nigdy nie potrzebowa\u0142a miejsca parkingowego. Co rano podr\u00f3\u017cuje do pracy korzystaj\u0105c z si\u0142y w\u0142asnych mi\u0119\u015bni, standardowo pokonuj\u0105c dystans 22 mil dziel\u0105cy jej dom w West Valley od punktu docelowego w czasie mniejszym ni\u017c dwie godziny.<\/p>\n<p style=\"text-align: justify\">\n<p style=\"text-align: justify\">Wyznaj\u0105c zasad\u0119, \u017ce je\u015bli cz\u0142owiek co\u015b kocha, powinien wykorzystywa\u0107 ka\u017cd\u0105 nadarzaj\u0105c\u0105 si\u0119 okazj\u0119, by temu si\u0119 po\u015bwi\u0119ca\u0107, postanowi\u0142a uczyni\u0107 z roweru istotn\u0105 cz\u0119\u015b\u0107 swojego \u017cycia. Dlatego zamiast oszcz\u0119dzania czasu na zaj\u0119cia rekreacyjne czy kluby rowerowe, znalaz\u0142a spos\u00f3b, jak uczyni\u0107 z tego zaj\u0119cia cz\u0119\u015b\u0107 swojego codziennego \u017cycia, a tym samym w nale\u017cytym stopniu zakosztowa\u0107 swojego ulubionego sportu. Wcale nie trzeba czeka\u0107 do weekendu, aby zakosztowa\u0107 tego wspania\u0142ego uczucia, jakie zapewnia tylko kolarstwo!<\/p>\n<p style=\"text-align: justify\">Nasza bohaterka jest przekonana o korzy\u015bciach jakie niesie za sob\u0105 kolarstwo i uwa\u017ca, \u017ce pozytywna energia, kt\u00f3ra towarzyszy jej w drodze do pracy udziela si\u0119 r\u00f3wnie\u017c innym osobom. W wi\u0119kszo\u015bci przypadk\u00f3w nie do\u015bwiadcza nawet typowych trudno\u015bci zwi\u0105zanych z korzystaniem z dr\u00f3g wraz z u\u017cytkownikami aut. Opr\u00f3cz odosobnionych przypadk\u00f3w u\u017cycia klaksonu, gdy kto\u015b cierpi na syndrom ci\u0119\u017ckiego poranka, generalnie ma wra\u017cenie bycia szanowan\u0105 i bezpieczn\u0105, wsp\u00f3\u0142egzystuj\u0105c obok zmotoryzowanych.<\/p>\n<p style=\"text-align: justify\">Naturalnie stanowi\u0105 oni tylko jedno z wyzwa\u0144, z jakimi osoba doje\u017cd\u017caj\u0105ca w ten spos\u00f3b do pracy zmuszona jest si\u0119 boryka\u0107. Nawet dla do\u015bwiadczonego cyklisty, 22-milowa podr\u00f3\u017c to nie bu\u0142ka z mas\u0142em i zdarzaj\u0105 si\u0119 dni ewidentnie trudniejsze od innych. Dr Rugg przyznaje, \u017ce s\u0105 poranki, kiedy musi zmusza\u0107 do ruszenia w tras\u0119, szczeg\u00f3lnie zim\u0105, gdy na dworze nadal jest ciemno. Gdy ju\u017c znajdzie si\u0119 w terenie, jest w pe\u0142ni zaanga\u017cowana i nap\u0119dza j\u0105 przekonanie o tym, \u017ce z ka\u017cdym kolejnym wzniesieniem jej organizm rozgrzewa si\u0119 coraz bardziej. Nagrod\u0105 za ten wysi\u0142ek jest osobista satysfakcja z pokonywania przeszk\u00f3d. W jej mniemaniu psychologiczne korzy\u015bci zawsze przewa\u017caj\u0105 nad przeciwno\u015bciami.<\/p>\n<p style=\"text-align: justify\"><img loading=\"lazy\" decoding=\"async\" class=\"alignnone size-large wp-image-1385\" src=\"http:\/\/skoda-rowery.pl\/wp-content\/uploads\/2016\/07\/Screen-Shot-2016-06-21-at-13.35.00-1024x496-1024x496.png\" alt=\"Screen-Shot-2016-06-21-at-13.35.00-1024x496\" width=\"1024\" height=\"496\" srcset=\"https:\/\/d2p6e6u75xmxt8.cloudfront.net\/5\/2016\/07\/Screen-Shot-2016-06-21-at-13.35.00-1024x496.png 1024w, https:\/\/d2p6e6u75xmxt8.cloudfront.net\/5\/2016\/07\/Screen-Shot-2016-06-21-at-13.35.00-1024x496-300x145.png 300w, https:\/\/d2p6e6u75xmxt8.cloudfront.net\/5\/2016\/07\/Screen-Shot-2016-06-21-at-13.35.00-1024x496-768x372.png 768w\" sizes=\"auto, (max-width: 1024px) 100vw, 1024px\" \/><\/p>\n<p style=\"text-align: justify\">Stosunek dr Rugg do kolarstwa zmienia\u0142 si\u0119 na przestrzeni lat. W kolarski \u015bwiat wesz\u0142a po uko\u0144czeniu college&#8217;u, by z satysfakcj\u0105 stwierdzi\u0107, \u017ce ma naturalny talent do sportu, kt\u00f3ry pozwoli\u0142 jej nawet odwiedzi\u0107 kilka zgrupowa\u0144 narodowej kadry kolarskiej. Stara\u0142a si\u0119 dosta\u0107 na Igrzyska Olimpijskie w 1992 roku i otrzyma\u0142a nawet powo\u0142anie do rezerw, jako \u017ce w rankingu znajdowa\u0142a si\u0119 w najlepszej dziesi\u0105tce. Ze zmienn\u0105 cz\u0119stotliwo\u015bci\u0105 \u015bciga\u0142a si\u0119 na rowerze do roku 2000, gdy z rado\u015bci\u0105 przyj\u0119\u0142a wie\u015bci o swojej pierwszej ci\u0105\u017cy. Wyzna\u0142a, \u017ce po narodzinach c\u00f3rki jej duch wsp\u00f3\u0142zawodnictwa os\u0142ab\u0142, a energi\u0119 zmuszona by\u0142a spo\u017cytkowa\u0107 na nieco inne cele.<\/p>\n<p style=\"text-align: justify\">Wspomina te\u017c, \u017ce prawdziwa rewolucja nast\u0105pi\u0142a jednak g\u0142\u00f3wnie w jej nastawieniu do kolarstwa. Zaczynaj\u0105c karier\u0119 w wy\u015bcigach, pragn\u0119\u0142a dotrze\u0107 wsz\u0119dzie mo\u017cliwie jak najszybciej i z \u0142atwo\u015bci\u0105 ulega\u0142a irytacji spowodowanej korkami ulicznymi czy konieczno\u015bci\u0105 zatrzymywania si\u0119 na \u015bwiat\u0142ach, kt\u00f3re wyra\u017anie j\u0105 spowalnia\u0142y. Jednak obecnie, gdy sta\u0142a si\u0119 pe\u0142noprawnym cz\u0142onkiem podr\u00f3\u017cuj\u0105cej spo\u0142eczno\u015bci, traktuje ruch uliczny i \u015bwiat\u0142a jako cz\u0119\u015b\u0107 zwi\u0105zanego z tym do\u015bwiadczenia. Przyznaje jednak, \u017ce trudno jest jej si\u0119 wyzby\u0107 starych przyzwyczaje\u0144 i dlatego od czasu do czasu nie mo\u017ce oprze\u0107 si\u0119 pokusie udzia\u0142u w&#8230; wy\u015bcigu z mijaj\u0105cym j\u0105 autobusem!<\/p>\n<p style=\"text-align: justify\">Rugg jest wdzi\u0119czna swoim wsp\u00f3\u0142pracownikom za oferowane jej wsparcie. Koledzy w pracy pokrzepiaj\u0105 j\u0105 i doceniaj\u0105 fakt, \u017ce dzi\u0119ki jej pasji ca\u0142e otoczenie wydaje si\u0119 by\u0107 przepe\u0142nione witalno\u015bci\u0105. Zdo\u0142a\u0142a nawet z powodzeniem zach\u0119ci\u0107 innych do p\u00f3j\u015bcia w swoje \u015blady. Nic dziwnego -odziennie rano stawia si\u0119 w pracy pozytywnie nakr\u0119cona rowerowym do\u015bwiadczeniem. A Ty czym je\u017adzisz do pracy?<\/p>\n<p style=\"text-align: justify\">Ze wszystkimi, kt\u00f3rzy je\u017cd\u017c\u0105 do pracy na rowerze \u0142\u0105czy nas kolarska pasja. \u0160koda nap\u0119dza rowery.<\/p>\n<p style=\"text-align: justify\">\n","protected":false},"excerpt":{"rendered":"<p>Nie ka\u017cda droga do pracy wygl\u0105da tak samo. Stereotyp osoby doje\u017cd\u017caj\u0105cej rankiem do pracy kojarzy si\u0119 ze sfrustrowanym biznesmenem usi\u0142uj\u0105cym [&hellip;]<\/p>\n","protected":false},"author":1,"featured_media":1384,"comment_status":"open","ping_status":"closed","sticky":false,"template":"","format":"standard","meta":{"footnotes":""},"categories":[1],"tags":[65,77],"global-categories":[],"class_list":["post-1383","post","type-post","status-publish","format-standard","has-post-thumbnail","hentry","category-uncategorized","tag-skodanaped","tag-tour-de-france"],"yoast_head":"<!-- This site is optimized with the Yoast SEO Premium plugin v25.3 (Yoast SEO v25.9) - https:\/\/yoast.com\/wordpress\/plugins\/seo\/ -->\n<title>Rowerem do pracy: Annelie Rugg\u00a0 - \u0160koda We Love Cycling - Poland<\/title>\n<meta name=\"robots\" content=\"index, follow, max-snippet:-1, max-image-preview:large, max-video-preview:-1\" \/>\n<link rel=\"canonical\" href=\"https:\/\/www.welovecycling.com\/pl\/2016\/07\/13\/rowerem-do-pracy-annelie-rugg\/\" \/>\n<meta property=\"og:locale\" content=\"pl_PL\" \/>\n<meta property=\"og:type\" content=\"article\" \/>\n<meta property=\"og:title\" content=\"Rowerem do pracy: Annelie Rugg\u00a0\" \/>\n<meta property=\"og:description\" content=\"Nie ka\u017cda droga do pracy wygl\u0105da tak samo. Stereotyp osoby doje\u017cd\u017caj\u0105cej rankiem do pracy kojarzy si\u0119 ze sfrustrowanym biznesmenem usi\u0142uj\u0105cym [&hellip;]\" \/>\n<meta property=\"og:url\" content=\"https:\/\/www.welovecycling.com\/pl\/2016\/07\/13\/rowerem-do-pracy-annelie-rugg\/\" \/>\n<meta property=\"og:site_name\" content=\"\u0160koda We Love Cycling - Poland\" \/>\n<meta property=\"article:published_time\" content=\"2016-07-13T12:12:05+00:00\" \/>\n<meta property=\"article:modified_time\" content=\"2016-12-05T08:48:43+00:00\" \/>\n<meta property=\"og:image\" content=\"https:\/\/d2p6e6u75xmxt8.cloudfront.net\/5\/2016\/07\/625985_88484.jpg\" \/>\n\t<meta property=\"og:image:width\" content=\"1375\" \/>\n\t<meta property=\"og:image:height\" content=\"600\" \/>\n\t<meta property=\"og:image:type\" content=\"image\/jpeg\" \/>\n<meta name=\"author\" content=\"WeLoveCycling\" \/>\n<meta name=\"twitter:card\" content=\"summary_large_image\" \/>\n<meta name=\"twitter:label1\" content=\"Written by\" \/>\n\t<meta name=\"twitter:data1\" content=\"WeLoveCycling\" \/>\n\t<meta name=\"twitter:label2\" content=\"Est. reading time\" \/>\n\t<meta name=\"twitter:data2\" content=\"4 minutes\" \/>\n<script type=\"application\/ld+json\" class=\"yoast-schema-graph\">{\"@context\":\"https:\/\/schema.org\",\"@graph\":[{\"@type\":\"WebPage\",\"@id\":\"https:\/\/www.welovecycling.com\/pl\/2016\/07\/13\/rowerem-do-pracy-annelie-rugg\/\",\"url\":\"https:\/\/www.welovecycling.com\/pl\/2016\/07\/13\/rowerem-do-pracy-annelie-rugg\/\",\"name\":\"Rowerem do pracy: Annelie Rugg\u00a0 - \u0160koda We Love Cycling - Poland\",\"isPartOf\":{\"@id\":\"https:\/\/www.welovecycling.com\/pl\/#website\"},\"primaryImageOfPage\":{\"@id\":\"https:\/\/www.welovecycling.com\/pl\/2016\/07\/13\/rowerem-do-pracy-annelie-rugg\/#primaryimage\"},\"image\":{\"@id\":\"https:\/\/www.welovecycling.com\/pl\/2016\/07\/13\/rowerem-do-pracy-annelie-rugg\/#primaryimage\"},\"thumbnailUrl\":\"https:\/\/d2p6e6u75xmxt8.cloudfront.net\/5\/2016\/07\/625985_88484.jpg\",\"datePublished\":\"2016-07-13T12:12:05+00:00\",\"dateModified\":\"2016-12-05T08:48:43+00:00\",\"author\":{\"@id\":\"https:\/\/www.welovecycling.com\/pl\/#\/schema\/person\/e5187c9cac8dd619ebc7b41bd73c2fd9\"},\"breadcrumb\":{\"@id\":\"https:\/\/www.welovecycling.com\/pl\/2016\/07\/13\/rowerem-do-pracy-annelie-rugg\/#breadcrumb\"},\"inLanguage\":\"pl-PL\",\"potentialAction\":[{\"@type\":\"ReadAction\",\"target\":[\"https:\/\/www.welovecycling.com\/pl\/2016\/07\/13\/rowerem-do-pracy-annelie-rugg\/\"]}]},{\"@type\":\"ImageObject\",\"inLanguage\":\"pl-PL\",\"@id\":\"https:\/\/www.welovecycling.com\/pl\/2016\/07\/13\/rowerem-do-pracy-annelie-rugg\/#primaryimage\",\"url\":\"https:\/\/d2p6e6u75xmxt8.cloudfront.net\/5\/2016\/07\/625985_88484.jpg\",\"contentUrl\":\"https:\/\/d2p6e6u75xmxt8.cloudfront.net\/5\/2016\/07\/625985_88484.jpg\",\"width\":1375,\"height\":600},{\"@type\":\"BreadcrumbList\",\"@id\":\"https:\/\/www.welovecycling.com\/pl\/2016\/07\/13\/rowerem-do-pracy-annelie-rugg\/#breadcrumb\",\"itemListElement\":[{\"@type\":\"ListItem\",\"position\":1,\"name\":\"Home\",\"item\":\"https:\/\/www.welovecycling.com\/pl\/\"},{\"@type\":\"ListItem\",\"position\":2,\"name\":\"Rowerem do pracy: Annelie Rugg\u00a0\"}]},{\"@type\":\"WebSite\",\"@id\":\"https:\/\/www.welovecycling.com\/pl\/#website\",\"url\":\"https:\/\/www.welovecycling.com\/pl\/\",\"name\":\"\u0160koda We Love Cycling - Poland\",\"description\":\"\",\"potentialAction\":[{\"@type\":\"SearchAction\",\"target\":{\"@type\":\"EntryPoint\",\"urlTemplate\":\"https:\/\/www.welovecycling.com\/pl\/?s={search_term_string}\"},\"query-input\":{\"@type\":\"PropertyValueSpecification\",\"valueRequired\":true,\"valueName\":\"search_term_string\"}}],\"inLanguage\":\"pl-PL\"},{\"@type\":\"Person\",\"@id\":\"https:\/\/www.welovecycling.com\/pl\/#\/schema\/person\/e5187c9cac8dd619ebc7b41bd73c2fd9\",\"name\":\"WeLoveCycling\",\"image\":{\"@type\":\"ImageObject\",\"inLanguage\":\"pl-PL\",\"@id\":\"https:\/\/www.welovecycling.com\/pl\/#\/schema\/person\/image\/\",\"url\":\"https:\/\/secure.gravatar.com\/avatar\/7e1ee0ecc5e294b19ef32b9f6086e0afbb9da00c3cb0d465ba4695331f4a9187?s=96&d=mm&r=g\",\"contentUrl\":\"https:\/\/secure.gravatar.com\/avatar\/7e1ee0ecc5e294b19ef32b9f6086e0afbb9da00c3cb0d465ba4695331f4a9187?s=96&d=mm&r=g\",\"caption\":\"WeLoveCycling\"},\"url\":\"https:\/\/www.welovecycling.com\/pl\/author\/lukascech\/\"}]}<\/script>\n<!-- \/ Yoast SEO Premium plugin. -->","yoast_head_json":{"title":"Rowerem do pracy: Annelie Rugg\u00a0 - \u0160koda We Love Cycling - Poland","robots":{"index":"index","follow":"follow","max-snippet":"max-snippet:-1","max-image-preview":"max-image-preview:large","max-video-preview":"max-video-preview:-1"},"canonical":"https:\/\/www.welovecycling.com\/pl\/2016\/07\/13\/rowerem-do-pracy-annelie-rugg\/","og_locale":"pl_PL","og_type":"article","og_title":"Rowerem do pracy: Annelie Rugg\u00a0","og_description":"Nie ka\u017cda droga do pracy wygl\u0105da tak samo. Stereotyp osoby doje\u017cd\u017caj\u0105cej rankiem do pracy kojarzy si\u0119 ze sfrustrowanym biznesmenem usi\u0142uj\u0105cym [&hellip;]","og_url":"https:\/\/www.welovecycling.com\/pl\/2016\/07\/13\/rowerem-do-pracy-annelie-rugg\/","og_site_name":"\u0160koda We Love Cycling - Poland","article_published_time":"2016-07-13T12:12:05+00:00","article_modified_time":"2016-12-05T08:48:43+00:00","og_image":[{"width":1375,"height":600,"url":"https:\/\/d2p6e6u75xmxt8.cloudfront.net\/5\/2016\/07\/625985_88484.jpg","type":"image\/jpeg"}],"author":"WeLoveCycling","twitter_card":"summary_large_image","twitter_misc":{"Written by":"WeLoveCycling","Est. reading time":"4 minutes"},"schema":{"@context":"https:\/\/schema.org","@graph":[{"@type":"WebPage","@id":"https:\/\/www.welovecycling.com\/pl\/2016\/07\/13\/rowerem-do-pracy-annelie-rugg\/","url":"https:\/\/www.welovecycling.com\/pl\/2016\/07\/13\/rowerem-do-pracy-annelie-rugg\/","name":"Rowerem do pracy: Annelie Rugg\u00a0 - \u0160koda We Love Cycling - Poland","isPartOf":{"@id":"https:\/\/www.welovecycling.com\/pl\/#website"},"primaryImageOfPage":{"@id":"https:\/\/www.welovecycling.com\/pl\/2016\/07\/13\/rowerem-do-pracy-annelie-rugg\/#primaryimage"},"image":{"@id":"https:\/\/www.welovecycling.com\/pl\/2016\/07\/13\/rowerem-do-pracy-annelie-rugg\/#primaryimage"},"thumbnailUrl":"https:\/\/d2p6e6u75xmxt8.cloudfront.net\/5\/2016\/07\/625985_88484.jpg","datePublished":"2016-07-13T12:12:05+00:00","dateModified":"2016-12-05T08:48:43+00:00","author":{"@id":"https:\/\/www.welovecycling.com\/pl\/#\/schema\/person\/e5187c9cac8dd619ebc7b41bd73c2fd9"},"breadcrumb":{"@id":"https:\/\/www.welovecycling.com\/pl\/2016\/07\/13\/rowerem-do-pracy-annelie-rugg\/#breadcrumb"},"inLanguage":"pl-PL","potentialAction":[{"@type":"ReadAction","target":["https:\/\/www.welovecycling.com\/pl\/2016\/07\/13\/rowerem-do-pracy-annelie-rugg\/"]}]},{"@type":"ImageObject","inLanguage":"pl-PL","@id":"https:\/\/www.welovecycling.com\/pl\/2016\/07\/13\/rowerem-do-pracy-annelie-rugg\/#primaryimage","url":"https:\/\/d2p6e6u75xmxt8.cloudfront.net\/5\/2016\/07\/625985_88484.jpg","contentUrl":"https:\/\/d2p6e6u75xmxt8.cloudfront.net\/5\/2016\/07\/625985_88484.jpg","width":1375,"height":600},{"@type":"BreadcrumbList","@id":"https:\/\/www.welovecycling.com\/pl\/2016\/07\/13\/rowerem-do-pracy-annelie-rugg\/#breadcrumb","itemListElement":[{"@type":"ListItem","position":1,"name":"Home","item":"https:\/\/www.welovecycling.com\/pl\/"},{"@type":"ListItem","position":2,"name":"Rowerem do pracy: Annelie Rugg\u00a0"}]},{"@type":"WebSite","@id":"https:\/\/www.welovecycling.com\/pl\/#website","url":"https:\/\/www.welovecycling.com\/pl\/","name":"\u0160koda We Love Cycling - Poland","description":"","potentialAction":[{"@type":"SearchAction","target":{"@type":"EntryPoint","urlTemplate":"https:\/\/www.welovecycling.com\/pl\/?s={search_term_string}"},"query-input":{"@type":"PropertyValueSpecification","valueRequired":true,"valueName":"search_term_string"}}],"inLanguage":"pl-PL"},{"@type":"Person","@id":"https:\/\/www.welovecycling.com\/pl\/#\/schema\/person\/e5187c9cac8dd619ebc7b41bd73c2fd9","name":"WeLoveCycling","image":{"@type":"ImageObject","inLanguage":"pl-PL","@id":"https:\/\/www.welovecycling.com\/pl\/#\/schema\/person\/image\/","url":"https:\/\/secure.gravatar.com\/avatar\/7e1ee0ecc5e294b19ef32b9f6086e0afbb9da00c3cb0d465ba4695331f4a9187?s=96&d=mm&r=g","contentUrl":"https:\/\/secure.gravatar.com\/avatar\/7e1ee0ecc5e294b19ef32b9f6086e0afbb9da00c3cb0d465ba4695331f4a9187?s=96&d=mm&r=g","caption":"WeLoveCycling"},"url":"https:\/\/www.welovecycling.com\/pl\/author\/lukascech\/"}]}},"_links":{"self":[{"href":"https:\/\/www.welovecycling.com\/pl\/wp-json\/wp\/v2\/posts\/1383","targetHints":{"allow":["GET"]}}],"collection":[{"href":"https:\/\/www.welovecycling.com\/pl\/wp-json\/wp\/v2\/posts"}],"about":[{"href":"https:\/\/www.welovecycling.com\/pl\/wp-json\/wp\/v2\/types\/post"}],"author":[{"embeddable":true,"href":"https:\/\/www.welovecycling.com\/pl\/wp-json\/wp\/v2\/users\/1"}],"replies":[{"embeddable":true,"href":"https:\/\/www.welovecycling.com\/pl\/wp-json\/wp\/v2\/comments?post=1383"}],"version-history":[{"count":1,"href":"https:\/\/www.welovecycling.com\/pl\/wp-json\/wp\/v2\/posts\/1383\/revisions"}],"predecessor-version":[{"id":2433,"href":"https:\/\/www.welovecycling.com\/pl\/wp-json\/wp\/v2\/posts\/1383\/revisions\/2433"}],"wp:featuredmedia":[{"embeddable":true,"href":"https:\/\/www.welovecycling.com\/pl\/wp-json\/wp\/v2\/media\/1384"}],"wp:attachment":[{"href":"https:\/\/www.welovecycling.com\/pl\/wp-json\/wp\/v2\/media?parent=1383"}],"wp:term":[{"taxonomy":"category","embeddable":true,"href":"https:\/\/www.welovecycling.com\/pl\/wp-json\/wp\/v2\/categories?post=1383"},{"taxonomy":"post_tag","embeddable":true,"href":"https:\/\/www.welovecycling.com\/pl\/wp-json\/wp\/v2\/tags?post=1383"},{"taxonomy":"global-categories","embeddable":true,"href":"https:\/\/www.welovecycling.com\/pl\/wp-json\/wp\/v2\/global-categories?post=1383"}],"curies":[{"name":"wp","href":"https:\/\/api.w.org\/{rel}","templated":true}]}}