{"id":13816,"date":"2023-05-08T13:25:26","date_gmt":"2023-05-08T13:25:26","guid":{"rendered":"https:\/\/www.welovecycling.com\/pl\/?p=13816"},"modified":"2023-09-19T09:51:37","modified_gmt":"2023-09-19T09:51:37","slug":"zaczelo-sie-nadszedl-czas-na-wielkie-swieto-kolarstwa","status":"publish","type":"post","link":"https:\/\/www.welovecycling.com\/pl\/2023\/05\/08\/zaczelo-sie-nadszedl-czas-na-wielkie-swieto-kolarstwa\/","title":{"rendered":"Zacz\u0119\u0142o si\u0119 wielkie \u015bwi\u0119to kolarstwa!"},"content":{"rendered":"<p>Po miesi\u0105cach oczekiwania kolarze zn\u00f3w stan\u0119li na starcie presti\u017cowego grand touru. Po pierwszych etapach Giro d\u2019Italia w klasyfikacji generalnej prowadzi Remco Evenepoel, z kolei Katarzyna Niewiadoma pr\u00f3bowa\u0142a zamiesza\u0107 w La Vuelta Femenina.<\/p>\n<p>Dla niekt\u00f3rych kibic\u00f3w to s\u00f3l zawodowego kolarstwa. Jednodniowe klasyki oczywi\u015bcie maj\u0105 swoj\u0105 magi\u0119 i pi\u0119kn\u0105 histori\u0119, ale to wieloetapowe zmagania \u0142\u0105cz\u0105 w sobie niesamowit\u0105 wytrzyma\u0142o\u015b\u0107, ponadprzeci\u0119tne przygotowanie, umiej\u0119tno\u015b\u0107 pracy w zespole i taktyczny zmys\u0142 ca\u0142ej ekipy.<\/p>\n<p><strong>Przejazd gro\u017c\u0105cy mandatem<\/strong><\/p>\n<p>Sezon grand tour\u00f3w tradycyjnie otworzy\u0142 Giro d\u2019Italia. W\u0142oski wy\u015bcig zacz\u0105\u0142 si\u0119 w sobot\u0119 od mocnego uderzenia, czyli jazdy na czas. Blisko 20-kilometrow\u0105 tras\u0119 najszybciej pokona\u0142 Remco Evenepoel (Soudal-Quick Step). Gdyby Belg prowadzi\u0142 samoch\u00f3d, to w terenie zabudowanym narazi\u0142by si\u0119 na otrzymanie mandatu, bo jecha\u0142 ze \u015bredni\u0105 pr\u0119dko\u015bci\u0105 55,2 km\/h.<\/p>\n<div class=\"embed-controller-wrapper\">\n<blockquote class=\"twitter-tweet\" data-width=\"500\" data-dnt=\"true\">\n<p lang=\"en\" dir=\"ltr\">Maglia Rosa!!! \ud83d\udc97\ud83c\uddee\ud83c\uddf9<\/p>\n<p>Gave everything today to take the TT victory against a very strong competition. \ud83c\udfc6\ud83d\udd25<\/p>\n<p>Super excited to be starting in pink tomorrow! \ud83d\ude4f\ud83c\udffb <a href=\"https:\/\/t.co\/BxsrNrvVM1\">pic.twitter.com\/BxsrNrvVM1<\/a><\/p>\n<p>&mdash; Remco Evenepoel (@EvenepoelRemco) <a href=\"https:\/\/twitter.com\/EvenepoelRemco\/status\/1654912259473256450?ref_src=twsrc%5Etfw\">May 6, 2023<\/a><\/p><\/blockquote>\n<p><script async data-src=\"https:\/\/platform.twitter.com\/widgets.js\" charset=\"utf-8\"><\/script><\/div>\n<p>Tym samym 23-letni zawodnik po raz pierwszy w \u017cyciu za\u0142o\u017cy\u0142 r\u00f3\u017cow\u0105 koszulk\u0119 lidera i paradowa\u0142 w niej tak\u017ce na starcie drugiego etapu. W niedziel\u0119 trasa liczy\u0142a ponad 200 km i prowadzi\u0142a z Teramo do San Salvo. Przez wi\u0119kszo\u015b\u0107 etapu trwa\u0142y sprinterskie szachy, ale nikt nie by\u0142 w stanie przewidzie\u0107 tego, co sta\u0142o si\u0119 tu\u017c przed finiszem.<\/p>\n<p><strong>\u201eNawet o tym nie marzy\u0142em\u201d<\/strong><\/p>\n<p>Niespe\u0142na 4 km przed met\u0105 dosz\u0142o do kraksy i by\u0142o pewne, \u017ce cz\u0119\u015b\u0107 mocnych zawodnik\u00f3w przesta\u0142a liczy\u0107 si\u0119 w walce o najwy\u017csze lokaty. W ko\u0144c\u00f3wce nikt ju\u017c jednak nie kalkulowa\u0142 i kolejni zawodnicy wyskakiwali na prowadzenie. Uda\u0142o si\u0119 je utrzyma\u0107 dopiero Jonathanowi Milanowi (Bahrain Victorious), kt\u00f3ry zaatakowa\u0142 ok. 100 metr\u00f3w przed met\u0105 i nie da\u0142 si\u0119 ju\u017c dogoni\u0107 \u017cadnemu z rywali.<\/p>\n<p>\u2013 To m\u00f3j pierwszy wyst\u0119p w Giro d\u2019Italia i nawet nie marzy\u0142em o tym, \u017ce mog\u0119 wygra\u0107 etap \u2013 cieszy\u0142 si\u0119 na mecie niespe\u0142na 23-letni W\u0142och.<\/p>\n<div class=\"embed-controller-wrapper\">\n<blockquote class=\"twitter-tweet\" data-width=\"500\" data-dnt=\"true\">\n<p lang=\"it\" dir=\"ltr\">\ud83d\udde3\ufe0f&quot;Hey Siri, define power&quot;<br \/>\ud83d\udd3b Watch now the last km of Giro d&#39;Italia stage 2!<br \/>. <br \/>\ud83d\udde3\ufe0f&quot;Hey Siri, dammi un esempio di potenza&quot;<br \/>\ud83d\udd3b Guarda adesso l&#39;ultimo km della tappa 2 del Giro d&#39;Italia!<a href=\"https:\/\/twitter.com\/hashtag\/Giro?src=hash&amp;ref_src=twsrc%5Etfw\">#Giro<\/a> <a href=\"https:\/\/twitter.com\/hashtag\/GirodItalia?src=hash&amp;ref_src=twsrc%5Etfw\">#GirodItalia<\/a> <a href=\"https:\/\/twitter.com\/Expo2030Roma?ref_src=twsrc%5Etfw\">@Expo2030Roma<\/a> <a href=\"https:\/\/twitter.com\/MilanJonathan_?ref_src=twsrc%5Etfw\">@MilanJonathan_<\/a> <a href=\"https:\/\/twitter.com\/BHRVictorious?ref_src=twsrc%5Etfw\">@BHRVictorious<\/a> <a href=\"https:\/\/t.co\/Vs65RinQYq\">pic.twitter.com\/Vs65RinQYq<\/a><\/p>\n<p>&mdash; Giro d&#39;Italia (@giroditalia) <a href=\"https:\/\/twitter.com\/giroditalia\/status\/1655240134260842496?ref_src=twsrc%5Etfw\">May 7, 2023<\/a><\/p><\/blockquote>\n<p><script async data-src=\"https:\/\/platform.twitter.com\/widgets.js\" charset=\"utf-8\"><\/script><\/div>\n<p>Zwyci\u0119zc\u0105 klasyfikacji generalnej pozosta\u0142 jednak Evenepoel.<\/p>\n<p>\u2013 Dobrze si\u0119 spisali\u015bmy, unikaj\u0105c k\u0142opot\u00f3w. Dosz\u0142o bowiem do paskudnej kraksy, ale na szcz\u0119\u015bcie nie bra\u0142em w niej udzia\u0142u. Ciesz\u0119 si\u0119, bo noszenie koszulki lidera to co\u015b niesamowitego \u2013 podkre\u015bla\u0142 Belg.<\/p>\n<div class=\"embed-controller-wrapper\">\n<blockquote class=\"twitter-tweet\" data-width=\"500\" data-dnt=\"true\">\n<p lang=\"it\" dir=\"ltr\">\ud83d\ude4c Giro d&#39;Italia 2023 \ud83d\ude4c<\/p>\n<p>Stage 2\ufe0f\u20e3 | Tappa 2\ufe0f\u20e3<\/p>\n<p>\ud83d\udc9c Maglia Ciclamino, sponsored <a href=\"https:\/\/twitter.com\/ITAtradeagency?ref_src=twsrc%5Etfw\">@ITAtradeagency<\/a> &#8211; <a href=\"https:\/\/twitter.com\/MilanJonathan_?ref_src=twsrc%5Etfw\">@MilanJonathan_<\/a> &#8211; <a href=\"https:\/\/twitter.com\/BHRVictorious?ref_src=twsrc%5Etfw\">@BHRVictorious<\/a> <a href=\"https:\/\/twitter.com\/hashtag\/Giro?src=hash&amp;ref_src=twsrc%5Etfw\">#Giro<\/a> <a href=\"https:\/\/twitter.com\/hashtag\/GirodItalia?src=hash&amp;ref_src=twsrc%5Etfw\">#GirodItalia<\/a> <a href=\"https:\/\/t.co\/OuvM892M3O\">pic.twitter.com\/OuvM892M3O<\/a><\/p>\n<p>&mdash; Giro d&#39;Italia (@giroditalia) <a href=\"https:\/\/twitter.com\/giroditalia\/status\/1655271988728852487?ref_src=twsrc%5Etfw\">May 7, 2023<\/a><\/p><\/blockquote>\n<p><script async data-src=\"https:\/\/platform.twitter.com\/widgets.js\" charset=\"utf-8\"><\/script><\/div>\n<p>Teraz Evenepoel b\u0119dzie broni\u0142 r\u00f3\u017cowego trykotu na etapach p\u0142askich i pag\u00f3rkowatych, a pierwsze \u015bciganie w g\u00f3rach odb\u0119dzie si\u0119 w pi\u0105tek. Zako\u0144czenie Giro d\u2019Italia zaplanowano na 28 maja w Rzymie.<\/p>\n<p><strong>Odwaga Katarzyny Niewiadomej<\/strong><\/p>\n<p>Wieloetapowe \u015bwi\u0119to mia\u0142y r\u00f3wnie\u017c panie, kt\u00f3re w niedziel\u0119 uko\u0144czy\u0142y rywalizacj\u0119 w La Vuelta Femenina 2023. Po siedmiu dniach \u015bcigania klasyfikacj\u0119 generaln\u0105 wygra\u0142a Annemiek van Vleuten (Movistar), kt\u00f3ra wyprzedzi\u0142a Demi Vollering (SD Worx) oraz Gai\u0119 Realini (Trek-Segafredo).<\/p>\n<p>Na ostatnim etapie pr\u00f3bowa\u0142a namiesza\u0107 Katarzyna Niewiadoma (Canyon\/\/SRAM Racing), kt\u00f3ra ci\u0105gle mia\u0142a szans\u0119 na podium. Polka zainicjowa\u0142a nawet ucieczk\u0119, ale do\u015bwiadczone rywalki szybko j\u0105 dopad\u0142y i w efekcie Niewiadoma met\u0119 przeci\u0119\u0142a jako 17., a klasyfikacj\u0119 generaln\u0105 uko\u0144czy\u0142a na 10. miejscu.<\/p>\n<div class=\"embed-controller-wrapper\">\n<blockquote class=\"twitter-tweet\" data-width=\"500\" data-dnt=\"true\">\n<p lang=\"nl\" dir=\"ltr\">\ud83d\ude4c\ud83c\udffb \ud835\udc6b\ud835\udc76\ud835\udc75\ud835\udc6c it, <a href=\"https:\/\/twitter.com\/AvVleuten?ref_src=twsrc%5Etfw\">@AvVleuten<\/a>\u203c\u203c<\/p>\n<p>\u2764\ud83c\udfc6 VAN VLEUTEN gana <a href=\"https:\/\/twitter.com\/hashtag\/LaVueltaFemenina?src=hash&amp;ref_src=twsrc%5Etfw\">#LaVueltaFemenina<\/a>!<br \/>\u2764\ud83c\udfc6 VAN VLEUTEN wins La Vuelta Femenina by <a href=\"https:\/\/twitter.com\/CarrefourES?ref_src=twsrc%5Etfw\">@CarrefourES<\/a>!<\/p>\n<p>\ud83d\ude0e \u00a1Enhorabuena <a href=\"https:\/\/twitter.com\/Movistar_Team?ref_src=twsrc%5Etfw\">@Movistar_Team<\/a>!<\/p>\n<p>\ud83d\udcf8 <a href=\"https:\/\/twitter.com\/cxcling?ref_src=twsrc%5Etfw\">@cxcling<\/a> <a href=\"https:\/\/t.co\/HsdhQHyrMf\">pic.twitter.com\/HsdhQHyrMf<\/a><\/p>\n<p>&mdash; La Vuelta Femenina by Carrefour.es (@LaVueltaFem) <a href=\"https:\/\/twitter.com\/LaVueltaFem\/status\/1655210266198523904?ref_src=twsrc%5Etfw\">May 7, 2023<\/a><\/p><\/blockquote>\n<p><script async data-src=\"https:\/\/platform.twitter.com\/widgets.js\" charset=\"utf-8\"><\/script><\/div>\n<p><span data-sheets-value=\"{&quot;1&quot;:2,&quot;2&quot;:&quot;Artyku\u0142 powsta\u0142 we wsp\u00f3\u0142pracy ze skoda-auto.pl&quot;}\" data-sheets-userformat=\"{&quot;2&quot;:1,&quot;3&quot;:{&quot;1&quot;:0}}\" data-sheets-hyperlink=\"http:\/\/www.skoda-auto.pl\/\"><a class=\"in-cell-link\" href=\"http:\/\/www.skoda-auto.pl\/\" target=\"_blank\" rel=\"noopener noreferrer\">Artyku\u0142 powsta\u0142 we wsp\u00f3\u0142pracy ze skoda-auto.pl<\/a><\/span><\/p>\n<p><a href=\"https:\/\/d2p6e6u75xmxt8.cloudfront.net\/5\/2030\/11\/3.webp\"><img loading=\"lazy\" decoding=\"async\" class=\"size-full wp-image-13776 aligncenter\" src=\"https:\/\/d2p6e6u75xmxt8.cloudfront.net\/5\/2030\/11\/3.webp\" alt=\"\" width=\"640\" height=\"350\" srcset=\"https:\/\/d2p6e6u75xmxt8.cloudfront.net\/5\/2030\/11\/3.webp 640w, https:\/\/d2p6e6u75xmxt8.cloudfront.net\/5\/2030\/11\/3-300x164.webp 300w, https:\/\/d2p6e6u75xmxt8.cloudfront.net\/5\/2030\/11\/3-400x219.webp 400w\" sizes=\"auto, (max-width: 640px) 100vw, 640px\" \/><\/a><\/p>\n","protected":false},"excerpt":{"rendered":"<p>Po miesi\u0105cach oczekiwania kolarze zn\u00f3w stan\u0119li na starcie presti\u017cowego grand touru. Po pierwszych etapach Giro d\u2019Italia w klasyfikacji generalnej prowadzi [&hellip;]<\/p>\n","protected":false},"author":153,"featured_media":13818,"comment_status":"open","ping_status":"open","sticky":false,"template":"","format":"standard","meta":{"footnotes":""},"categories":[407,6,295],"tags":[394,369,362],"global-categories":[303],"class_list":["post-13816","post","type-post","status-publish","format-standard","has-post-thumbnail","hentry","category-kasia-niewiadoma","category-kolarstwo-szosowe","category-zawody","tag-giro-ditalia","tag-kasia-niewiadoma","tag-piotr-nowik","global-categories-cycling"],"yoast_head":"<!-- This site is optimized with the Yoast SEO Premium plugin v25.3 (Yoast SEO v25.9) - https:\/\/yoast.com\/wordpress\/plugins\/seo\/ -->\n<title>Zacz\u0119\u0142o si\u0119 wielkie \u015bwi\u0119to kolarstwa! - \u0160koda We Love Cycling - Poland<\/title>\n<meta name=\"robots\" content=\"index, follow, max-snippet:-1, max-image-preview:large, max-video-preview:-1\" \/>\n<link rel=\"canonical\" href=\"https:\/\/www.welovecycling.com\/pl\/2023\/05\/08\/zaczelo-sie-nadszedl-czas-na-wielkie-swieto-kolarstwa\/\" \/>\n<meta property=\"og:locale\" content=\"pl_PL\" \/>\n<meta property=\"og:type\" content=\"article\" \/>\n<meta property=\"og:title\" content=\"Zacz\u0119\u0142o si\u0119 wielkie \u015bwi\u0119to kolarstwa!\" \/>\n<meta property=\"og:description\" content=\"Po miesi\u0105cach oczekiwania kolarze zn\u00f3w stan\u0119li na starcie presti\u017cowego grand touru. Po pierwszych etapach Giro d\u2019Italia w klasyfikacji generalnej prowadzi [&hellip;]\" \/>\n<meta property=\"og:url\" content=\"https:\/\/www.welovecycling.com\/pl\/2023\/05\/08\/zaczelo-sie-nadszedl-czas-na-wielkie-swieto-kolarstwa\/\" \/>\n<meta property=\"og:site_name\" content=\"\u0160koda We Love Cycling - Poland\" \/>\n<meta property=\"article:published_time\" content=\"2023-05-08T13:25:26+00:00\" \/>\n<meta property=\"article:modified_time\" content=\"2023-09-19T09:51:37+00:00\" \/>\n<meta property=\"og:image\" content=\"https:\/\/d2p6e6u75xmxt8.cloudfront.net\/5\/2023\/05\/Jonathan-Milan-profimedia-0774452319-CVR-1.webp\" \/>\n\t<meta property=\"og:image:width\" content=\"990\" \/>\n\t<meta property=\"og:image:height\" content=\"660\" \/>\n\t<meta property=\"og:image:type\" content=\"image\/webp\" \/>\n<meta name=\"author\" content=\"rafal\" \/>\n<meta name=\"twitter:card\" content=\"summary_large_image\" \/>\n<meta name=\"twitter:label1\" content=\"Written by\" \/>\n\t<meta name=\"twitter:data1\" content=\"Piotr Nowik\" \/>\n\t<meta name=\"twitter:label2\" content=\"Est. reading time\" \/>\n\t<meta name=\"twitter:data2\" content=\"3\" \/>\n<script type=\"application\/ld+json\" class=\"yoast-schema-graph\">{\"@context\":\"https:\/\/schema.org\",\"@graph\":[{\"@type\":\"WebPage\",\"@id\":\"https:\/\/www.welovecycling.com\/pl\/2023\/05\/08\/zaczelo-sie-nadszedl-czas-na-wielkie-swieto-kolarstwa\/\",\"url\":\"https:\/\/www.welovecycling.com\/pl\/2023\/05\/08\/zaczelo-sie-nadszedl-czas-na-wielkie-swieto-kolarstwa\/\",\"name\":\"Zacz\u0119\u0142o si\u0119 wielkie \u015bwi\u0119to kolarstwa! - \u0160koda We Love Cycling - Poland\",\"isPartOf\":{\"@id\":\"https:\/\/www.welovecycling.com\/pl\/#website\"},\"primaryImageOfPage\":{\"@id\":\"https:\/\/www.welovecycling.com\/pl\/2023\/05\/08\/zaczelo-sie-nadszedl-czas-na-wielkie-swieto-kolarstwa\/#primaryimage\"},\"image\":{\"@id\":\"https:\/\/www.welovecycling.com\/pl\/2023\/05\/08\/zaczelo-sie-nadszedl-czas-na-wielkie-swieto-kolarstwa\/#primaryimage\"},\"thumbnailUrl\":\"https:\/\/d2p6e6u75xmxt8.cloudfront.net\/5\/2023\/05\/Jonathan-Milan-profimedia-0774452319-CVR-1.webp\",\"datePublished\":\"2023-05-08T13:25:26+00:00\",\"dateModified\":\"2023-09-19T09:51:37+00:00\",\"author\":{\"@id\":\"https:\/\/www.welovecycling.com\/pl\/#\/schema\/person\/bf06ed916a1ef16618807fb60d2ebe42\"},\"breadcrumb\":{\"@id\":\"https:\/\/www.welovecycling.com\/pl\/2023\/05\/08\/zaczelo-sie-nadszedl-czas-na-wielkie-swieto-kolarstwa\/#breadcrumb\"},\"inLanguage\":\"pl-PL\",\"potentialAction\":[{\"@type\":\"ReadAction\",\"target\":[\"https:\/\/www.welovecycling.com\/pl\/2023\/05\/08\/zaczelo-sie-nadszedl-czas-na-wielkie-swieto-kolarstwa\/\"]}]},{\"@type\":\"ImageObject\",\"inLanguage\":\"pl-PL\",\"@id\":\"https:\/\/www.welovecycling.com\/pl\/2023\/05\/08\/zaczelo-sie-nadszedl-czas-na-wielkie-swieto-kolarstwa\/#primaryimage\",\"url\":\"https:\/\/d2p6e6u75xmxt8.cloudfront.net\/5\/2023\/05\/Jonathan-Milan-profimedia-0774452319-CVR-1.webp\",\"contentUrl\":\"https:\/\/d2p6e6u75xmxt8.cloudfront.net\/5\/2023\/05\/Jonathan-Milan-profimedia-0774452319-CVR-1.webp\",\"width\":990,\"height\":660},{\"@type\":\"BreadcrumbList\",\"@id\":\"https:\/\/www.welovecycling.com\/pl\/2023\/05\/08\/zaczelo-sie-nadszedl-czas-na-wielkie-swieto-kolarstwa\/#breadcrumb\",\"itemListElement\":[{\"@type\":\"ListItem\",\"position\":1,\"name\":\"Home\",\"item\":\"https:\/\/www.welovecycling.com\/pl\/\"},{\"@type\":\"ListItem\",\"position\":2,\"name\":\"Zacz\u0119\u0142o si\u0119 wielkie \u015bwi\u0119to kolarstwa!\"}]},{\"@type\":\"WebSite\",\"@id\":\"https:\/\/www.welovecycling.com\/pl\/#website\",\"url\":\"https:\/\/www.welovecycling.com\/pl\/\",\"name\":\"\u0160koda We Love Cycling - Poland\",\"description\":\"\",\"potentialAction\":[{\"@type\":\"SearchAction\",\"target\":{\"@type\":\"EntryPoint\",\"urlTemplate\":\"https:\/\/www.welovecycling.com\/pl\/?s={search_term_string}\"},\"query-input\":{\"@type\":\"PropertyValueSpecification\",\"valueRequired\":true,\"valueName\":\"search_term_string\"}}],\"inLanguage\":\"pl-PL\"},{\"@type\":\"Person\",\"@id\":\"https:\/\/www.welovecycling.com\/pl\/#\/schema\/person\/bf06ed916a1ef16618807fb60d2ebe42\",\"name\":\"rafal\",\"image\":{\"@type\":\"ImageObject\",\"inLanguage\":\"pl-PL\",\"@id\":\"https:\/\/www.welovecycling.com\/pl\/#\/schema\/person\/image\/\",\"url\":\"https:\/\/secure.gravatar.com\/avatar\/203f240e63bee214f6f3a0dacbeb600c7829c09716c2b9ee3230c6961debcde2?s=96&d=mm&r=g\",\"contentUrl\":\"https:\/\/secure.gravatar.com\/avatar\/203f240e63bee214f6f3a0dacbeb600c7829c09716c2b9ee3230c6961debcde2?s=96&d=mm&r=g\",\"caption\":\"rafal\"},\"url\":\"https:\/\/www.welovecycling.com\/pl\/author\/rafal\/\"}]}<\/script>\n<!-- \/ Yoast SEO Premium plugin. -->","yoast_head_json":{"title":"Zacz\u0119\u0142o si\u0119 wielkie \u015bwi\u0119to kolarstwa! - \u0160koda We Love Cycling - Poland","robots":{"index":"index","follow":"follow","max-snippet":"max-snippet:-1","max-image-preview":"max-image-preview:large","max-video-preview":"max-video-preview:-1"},"canonical":"https:\/\/www.welovecycling.com\/pl\/2023\/05\/08\/zaczelo-sie-nadszedl-czas-na-wielkie-swieto-kolarstwa\/","og_locale":"pl_PL","og_type":"article","og_title":"Zacz\u0119\u0142o si\u0119 wielkie \u015bwi\u0119to kolarstwa!","og_description":"Po miesi\u0105cach oczekiwania kolarze zn\u00f3w stan\u0119li na starcie presti\u017cowego grand touru. Po pierwszych etapach Giro d\u2019Italia w klasyfikacji generalnej prowadzi [&hellip;]","og_url":"https:\/\/www.welovecycling.com\/pl\/2023\/05\/08\/zaczelo-sie-nadszedl-czas-na-wielkie-swieto-kolarstwa\/","og_site_name":"\u0160koda We Love Cycling - Poland","article_published_time":"2023-05-08T13:25:26+00:00","article_modified_time":"2023-09-19T09:51:37+00:00","og_image":[{"width":990,"height":660,"url":"https:\/\/d2p6e6u75xmxt8.cloudfront.net\/5\/2023\/05\/Jonathan-Milan-profimedia-0774452319-CVR-1.webp","type":"image\/webp"}],"author":"rafal","twitter_card":"summary_large_image","twitter_misc":{"Written by":"Piotr Nowik","Est. reading time":"3"},"schema":{"@context":"https:\/\/schema.org","@graph":[{"@type":"WebPage","@id":"https:\/\/www.welovecycling.com\/pl\/2023\/05\/08\/zaczelo-sie-nadszedl-czas-na-wielkie-swieto-kolarstwa\/","url":"https:\/\/www.welovecycling.com\/pl\/2023\/05\/08\/zaczelo-sie-nadszedl-czas-na-wielkie-swieto-kolarstwa\/","name":"Zacz\u0119\u0142o si\u0119 wielkie \u015bwi\u0119to kolarstwa! - \u0160koda We Love Cycling - Poland","isPartOf":{"@id":"https:\/\/www.welovecycling.com\/pl\/#website"},"primaryImageOfPage":{"@id":"https:\/\/www.welovecycling.com\/pl\/2023\/05\/08\/zaczelo-sie-nadszedl-czas-na-wielkie-swieto-kolarstwa\/#primaryimage"},"image":{"@id":"https:\/\/www.welovecycling.com\/pl\/2023\/05\/08\/zaczelo-sie-nadszedl-czas-na-wielkie-swieto-kolarstwa\/#primaryimage"},"thumbnailUrl":"https:\/\/d2p6e6u75xmxt8.cloudfront.net\/5\/2023\/05\/Jonathan-Milan-profimedia-0774452319-CVR-1.webp","datePublished":"2023-05-08T13:25:26+00:00","dateModified":"2023-09-19T09:51:37+00:00","author":{"@id":"https:\/\/www.welovecycling.com\/pl\/#\/schema\/person\/bf06ed916a1ef16618807fb60d2ebe42"},"breadcrumb":{"@id":"https:\/\/www.welovecycling.com\/pl\/2023\/05\/08\/zaczelo-sie-nadszedl-czas-na-wielkie-swieto-kolarstwa\/#breadcrumb"},"inLanguage":"pl-PL","potentialAction":[{"@type":"ReadAction","target":["https:\/\/www.welovecycling.com\/pl\/2023\/05\/08\/zaczelo-sie-nadszedl-czas-na-wielkie-swieto-kolarstwa\/"]}]},{"@type":"ImageObject","inLanguage":"pl-PL","@id":"https:\/\/www.welovecycling.com\/pl\/2023\/05\/08\/zaczelo-sie-nadszedl-czas-na-wielkie-swieto-kolarstwa\/#primaryimage","url":"https:\/\/d2p6e6u75xmxt8.cloudfront.net\/5\/2023\/05\/Jonathan-Milan-profimedia-0774452319-CVR-1.webp","contentUrl":"https:\/\/d2p6e6u75xmxt8.cloudfront.net\/5\/2023\/05\/Jonathan-Milan-profimedia-0774452319-CVR-1.webp","width":990,"height":660},{"@type":"BreadcrumbList","@id":"https:\/\/www.welovecycling.com\/pl\/2023\/05\/08\/zaczelo-sie-nadszedl-czas-na-wielkie-swieto-kolarstwa\/#breadcrumb","itemListElement":[{"@type":"ListItem","position":1,"name":"Home","item":"https:\/\/www.welovecycling.com\/pl\/"},{"@type":"ListItem","position":2,"name":"Zacz\u0119\u0142o si\u0119 wielkie \u015bwi\u0119to kolarstwa!"}]},{"@type":"WebSite","@id":"https:\/\/www.welovecycling.com\/pl\/#website","url":"https:\/\/www.welovecycling.com\/pl\/","name":"\u0160koda We Love Cycling - Poland","description":"","potentialAction":[{"@type":"SearchAction","target":{"@type":"EntryPoint","urlTemplate":"https:\/\/www.welovecycling.com\/pl\/?s={search_term_string}"},"query-input":{"@type":"PropertyValueSpecification","valueRequired":true,"valueName":"search_term_string"}}],"inLanguage":"pl-PL"},{"@type":"Person","@id":"https:\/\/www.welovecycling.com\/pl\/#\/schema\/person\/bf06ed916a1ef16618807fb60d2ebe42","name":"rafal","image":{"@type":"ImageObject","inLanguage":"pl-PL","@id":"https:\/\/www.welovecycling.com\/pl\/#\/schema\/person\/image\/","url":"https:\/\/secure.gravatar.com\/avatar\/203f240e63bee214f6f3a0dacbeb600c7829c09716c2b9ee3230c6961debcde2?s=96&d=mm&r=g","contentUrl":"https:\/\/secure.gravatar.com\/avatar\/203f240e63bee214f6f3a0dacbeb600c7829c09716c2b9ee3230c6961debcde2?s=96&d=mm&r=g","caption":"rafal"},"url":"https:\/\/www.welovecycling.com\/pl\/author\/rafal\/"}]}},"_links":{"self":[{"href":"https:\/\/www.welovecycling.com\/pl\/wp-json\/wp\/v2\/posts\/13816","targetHints":{"allow":["GET"]}}],"collection":[{"href":"https:\/\/www.welovecycling.com\/pl\/wp-json\/wp\/v2\/posts"}],"about":[{"href":"https:\/\/www.welovecycling.com\/pl\/wp-json\/wp\/v2\/types\/post"}],"author":[{"embeddable":true,"href":"https:\/\/www.welovecycling.com\/pl\/wp-json\/wp\/v2\/users\/153"}],"replies":[{"embeddable":true,"href":"https:\/\/www.welovecycling.com\/pl\/wp-json\/wp\/v2\/comments?post=13816"}],"version-history":[{"count":2,"href":"https:\/\/www.welovecycling.com\/pl\/wp-json\/wp\/v2\/posts\/13816\/revisions"}],"predecessor-version":[{"id":14254,"href":"https:\/\/www.welovecycling.com\/pl\/wp-json\/wp\/v2\/posts\/13816\/revisions\/14254"}],"wp:featuredmedia":[{"embeddable":true,"href":"https:\/\/www.welovecycling.com\/pl\/wp-json\/wp\/v2\/media\/13818"}],"wp:attachment":[{"href":"https:\/\/www.welovecycling.com\/pl\/wp-json\/wp\/v2\/media?parent=13816"}],"wp:term":[{"taxonomy":"category","embeddable":true,"href":"https:\/\/www.welovecycling.com\/pl\/wp-json\/wp\/v2\/categories?post=13816"},{"taxonomy":"post_tag","embeddable":true,"href":"https:\/\/www.welovecycling.com\/pl\/wp-json\/wp\/v2\/tags?post=13816"},{"taxonomy":"global-categories","embeddable":true,"href":"https:\/\/www.welovecycling.com\/pl\/wp-json\/wp\/v2\/global-categories?post=13816"}],"curies":[{"name":"wp","href":"https:\/\/api.w.org\/{rel}","templated":true}]}}