{"id":1377,"date":"2016-07-12T11:37:59","date_gmt":"2016-07-12T11:37:59","guid":{"rendered":"http:\/\/skoda-rowery.pl\/?p=1377"},"modified":"2016-12-05T08:48:49","modified_gmt":"2016-12-05T08:48:49","slug":"i-za-to-wlasnie-kochamy-tour-de-france","status":"publish","type":"post","link":"https:\/\/www.welovecycling.com\/pl\/2016\/07\/12\/i-za-to-wlasnie-kochamy-tour-de-france\/","title":{"rendered":"I za to w\u0142a\u015bnie kochamy Tour de France!"},"content":{"rendered":"<p>Kilka dni temu napisali\u015bmy: \u201eRuszy\u0142a Wielka P\u0119tla, na kt\u00f3rej karty rozdaj\u0105 faworyci\u201d, a dzi\u015b liderem klasyfikacji jest Greg Van Avermaet, kt\u00f3rego nazwisko z\u0142otymi g\u0142oskami w historii kolarstwa nie jest zapisane. Jeszcze?!<!--more--><\/p>\n<p>Tour de France podziwiamy za r\u00f3\u017cnorodno\u015b\u0107, kt\u00f3ra wylewa si\u0119 poza tras\u0119 wy\u015bcigu i to pod ka\u017cdym wzgl\u0119dem. Zaskakuj\u0105 kibice, krajobrazy, ale przede wszystkim kolarze.\u00a0R\u00f3\u017cnorodne s\u0105 widoki \u2013 od sprinterskich r\u00f3wnin, przez zapieraj\u0105ce dech w piersiach podjazdy, a\u017c po sam koniec w uroczym Pary\u017cu.<\/p>\n<p><strong>Kibice przebrany za Borata<\/strong><\/p>\n<p>R\u00f3\u017cni s\u0105 te\u017c kibice. S\u0105 tacy, kt\u00f3rzy tygodniami podr\u00f3\u017cuj\u0105 kamperami za kolarzami, rozbijaj\u0105 si\u0119 na trasie i spo\u017cywaj\u0105c sery oraz wino, zza sto\u0142u oklaskuj\u0105 przeje\u017cd\u017caj\u0105cych zawodnik\u00f3w. Ale s\u0105 te\u017c ci bardziej aktywni, kt\u00f3rzy przebieraj\u0105 si\u0119 np. w s\u0142oneczniki, ma\u0142py, Borat\u00f3w itd., a nast\u0119pnie biegn\u0105 za kolarzami, by pom\u00f3c im w g\u00f3rskiej wspinaczce.<\/p>\n<p>Najbardziej wytrawni kibice Tour de France te\u017c nie maj\u0105 prawa si\u0119 nudzi\u0107. Kilka etap\u00f3w temu w klasyfikacji generalnej prowadzi\u0142 Petr Sagan, cho\u0107 zwyci\u0119stwa etapowe kolekcjonowa\u0142 Mark Cevandish. Z\u0119by na dobre wyniki ostrzy\u0142 sobie tak\u017ce Alberto Contador, ale plany pokrzy\u017cowa\u0142y mu upadki.<\/p>\n<p>Wszyscy znawcy wymieniali wi\u0119c najwi\u0119ksze nazwiska \u015bwiatowego kolarstwa, tymczasem min\u0119\u0142o kilka dni, a oczy wszystkich kibic\u00f3w zwr\u00f3cone s\u0105 na Grega Van Avermaeta, kt\u00f3rego niedzielni kibice kolarstwa co najwy\u017cej kojarzyli.<\/p>\n<figure id=\"attachment_1379\" aria-describedby=\"caption-attachment-1379\" style=\"width: 1000px\" class=\"wp-caption alignnone\"><img loading=\"lazy\" decoding=\"async\" class=\"size-full wp-image-1379\" src=\"http:\/\/skoda-rowery.pl\/wp-content\/uploads\/2016\/07\/20160708248_081729.jpg\" alt=\"Tour de France 2016 - 08\/07\/2016 - Etape 7 - L'Isle-Jourdain\/ Lac de Payolle (162,5 km) - VAN AVERMAET Greg (BMC RACING TEAM) conserve le maillot Jaune\" width=\"1000\" height=\"666\" srcset=\"https:\/\/d2p6e6u75xmxt8.cloudfront.net\/5\/2016\/07\/20160708248_081729.jpg 1000w, https:\/\/d2p6e6u75xmxt8.cloudfront.net\/5\/2016\/07\/20160708248_081729-300x200.jpg 300w, https:\/\/d2p6e6u75xmxt8.cloudfront.net\/5\/2016\/07\/20160708248_081729-768x511.jpg 768w, https:\/\/d2p6e6u75xmxt8.cloudfront.net\/5\/2016\/07\/20160708248_081729-272x182.jpg 272w\" sizes=\"auto, (max-width: 1000px) 100vw, 1000px\" \/><figcaption id=\"caption-attachment-1379\" class=\"wp-caption-text\">Tour de France 2016 &#8211; 08\/07\/2016 &#8211; Etape 7 &#8211; L&#8217;Isle-Jourdain\/ Lac de Payolle (162,5 km) &#8211; VAN AVERMAET Greg (BMC RACING TEAM) conserve le maillot Jaune.<\/figcaption><\/figure>\n<p><strong>Zmiana prowadzenia<\/strong><\/p>\n<p>A sta\u0142o si\u0119 to do\u015b\u0107 niespodziewanie. Petr Sagan wygra\u0142 czwarty etap Tour de France i umocni\u0142 si\u0119 na pozycji lidera w klasyfikacji generalnej, ale potem do gry wszed\u0142 w\u0142a\u015bnie Avermaet. Belg wygra\u0142 pi\u0105ty etap \u201eWielkiej P\u0119tli\u201d i wyprzedzi\u0142 S\u0142owaka. Z walki na tym etapie m\u00f3g\u0142 by\u0107 zadowolony Rafa\u0142 Majka, kt\u00f3ry zaj\u0105\u0142 trzecie miejsce.<\/p>\n<p>I gdy podczas kolejnego dnia oczy kibic\u00f3w wlepione by\u0142y w Avermaeta, nagle do gry wr\u00f3ci\u0142 Mark Cavendish. Brytyjczyk najszybciej finiszowa\u0142 z peletonu, wyprzedzaj\u0105c Niemca Marcela Kittela i Brytyjczyka Daniela McLaya.<\/p>\n<p><strong>Pi\u0119kne Pireneje<\/strong><\/p>\n<p>A\u017c w ko\u0144cu sta\u0142o si\u0119! W pi\u0105tek (czyli na si\u00f3dmym etapie) kolarze wjechali w Pireneje, gdzie wszystkie kamery \u015bledzi\u0142y podjazd na prze\u0142\u0119cz Apsin (12 km, \u015bredni k\u0105t nachylenia 6,5 proc.) oraz tzw. g\u00f3rali. I tym razem oczy kibic\u00f3w czekaj\u0105cych na mecie, zn\u00f3w jako pierwszego ujrza\u0142y Brytyjczyka, ale tym razem nie by\u0142 to Cavendish, ale Stephen Cummings, dla kt\u00f3rego by\u0142o to drugie zwyci\u0119stwo etapowe w Tour de France.<\/p>\n<figure id=\"attachment_1380\" aria-describedby=\"caption-attachment-1380\" style=\"width: 1000px\" class=\"wp-caption alignnone\"><img loading=\"lazy\" decoding=\"async\" class=\"size-full wp-image-1380\" src=\"http:\/\/skoda-rowery.pl\/wp-content\/uploads\/2016\/07\/20160708242_081727.jpg\" alt=\"Tour de France 2016 - 08\/07\/2016 - Etape 7 - L'Isle-Jourdain\/ Lac de Payolle (162,5 km) - CUMMINGS Stephen (TEAM DIMENSION DATA) vainqueur d'\u00e9tape\" width=\"1000\" height=\"666\" srcset=\"https:\/\/d2p6e6u75xmxt8.cloudfront.net\/5\/2016\/07\/20160708242_081727.jpg 1000w, https:\/\/d2p6e6u75xmxt8.cloudfront.net\/5\/2016\/07\/20160708242_081727-300x200.jpg 300w, https:\/\/d2p6e6u75xmxt8.cloudfront.net\/5\/2016\/07\/20160708242_081727-768x511.jpg 768w, https:\/\/d2p6e6u75xmxt8.cloudfront.net\/5\/2016\/07\/20160708242_081727-272x182.jpg 272w\" sizes=\"auto, (max-width: 1000px) 100vw, 1000px\" \/><figcaption id=\"caption-attachment-1380\" class=\"wp-caption-text\">Tour de France 2016 &#8211; 08\/07\/2016 &#8211; Etape 7 &#8211; L&#8217;Isle-Jourdain\/ Lac de Payolle (162,5 km) &#8211; CUMMINGS Stephen (TEAM DIMENSION DATA) vainqueur d&#8217;\u00e9tape<\/figcaption><\/figure>\n<p>Teraz przed zawodnikami zn\u00f3w m\u0119ki, czyli dwa ci\u0119\u017ckie etapy w Pirenejach. W sobot\u0119 na zawodnik\u00f3w czekaj\u0105 cztery g\u00f3rskie premie, a dob\u0119 p\u00f3\u017aniej \u2013 pi\u0119\u0107.<\/p>\n<p>&nbsp;<\/p>\n","protected":false},"excerpt":{"rendered":"<p>Kilka dni temu napisali\u015bmy: \u201eRuszy\u0142a Wielka P\u0119tla, na kt\u00f3rej karty rozdaj\u0105 faworyci\u201d, a dzi\u015b liderem klasyfikacji jest Greg Van Avermaet, [&hellip;]<\/p>\n","protected":false},"author":1,"featured_media":1378,"comment_status":"open","ping_status":"closed","sticky":false,"template":"","format":"standard","meta":{"footnotes":""},"categories":[1],"tags":[77],"global-categories":[],"class_list":["post-1377","post","type-post","status-publish","format-standard","has-post-thumbnail","hentry","category-uncategorized","tag-tour-de-france"],"yoast_head":"<!-- This site is optimized with the Yoast SEO Premium plugin v25.3 (Yoast SEO v25.9) - https:\/\/yoast.com\/wordpress\/plugins\/seo\/ -->\n<title>I za to w\u0142a\u015bnie kochamy Tour de France! - \u0160koda We Love Cycling - Poland<\/title>\n<meta name=\"robots\" content=\"index, follow, max-snippet:-1, max-image-preview:large, max-video-preview:-1\" \/>\n<link rel=\"canonical\" href=\"https:\/\/www.welovecycling.com\/pl\/2016\/07\/12\/i-za-to-wlasnie-kochamy-tour-de-france\/\" \/>\n<meta property=\"og:locale\" content=\"pl_PL\" \/>\n<meta property=\"og:type\" content=\"article\" \/>\n<meta property=\"og:title\" content=\"I za to w\u0142a\u015bnie kochamy Tour de France!\" \/>\n<meta property=\"og:description\" content=\"Kilka dni temu napisali\u015bmy: \u201eRuszy\u0142a Wielka P\u0119tla, na kt\u00f3rej karty rozdaj\u0105 faworyci\u201d, a dzi\u015b liderem klasyfikacji jest Greg Van Avermaet, [&hellip;]\" \/>\n<meta property=\"og:url\" content=\"https:\/\/www.welovecycling.com\/pl\/2016\/07\/12\/i-za-to-wlasnie-kochamy-tour-de-france\/\" \/>\n<meta property=\"og:site_name\" content=\"\u0160koda We Love Cycling - Poland\" \/>\n<meta property=\"article:published_time\" content=\"2016-07-12T11:37:59+00:00\" \/>\n<meta property=\"article:modified_time\" content=\"2016-12-05T08:48:49+00:00\" \/>\n<meta property=\"og:image\" content=\"https:\/\/d2p6e6u75xmxt8.cloudfront.net\/5\/2016\/07\/20160707224_071335.jpg\" \/>\n\t<meta property=\"og:image:width\" content=\"1000\" \/>\n\t<meta property=\"og:image:height\" content=\"666\" \/>\n\t<meta property=\"og:image:type\" content=\"image\/jpeg\" \/>\n<meta name=\"author\" content=\"WeLoveCycling\" \/>\n<meta name=\"twitter:card\" content=\"summary_large_image\" \/>\n<meta name=\"twitter:label1\" content=\"Written by\" \/>\n\t<meta name=\"twitter:data1\" content=\"WeLoveCycling\" \/>\n\t<meta name=\"twitter:label2\" content=\"Est. reading time\" \/>\n\t<meta name=\"twitter:data2\" content=\"3 minutes\" \/>\n<script type=\"application\/ld+json\" class=\"yoast-schema-graph\">{\"@context\":\"https:\/\/schema.org\",\"@graph\":[{\"@type\":\"WebPage\",\"@id\":\"https:\/\/www.welovecycling.com\/pl\/2016\/07\/12\/i-za-to-wlasnie-kochamy-tour-de-france\/\",\"url\":\"https:\/\/www.welovecycling.com\/pl\/2016\/07\/12\/i-za-to-wlasnie-kochamy-tour-de-france\/\",\"name\":\"I za to w\u0142a\u015bnie kochamy Tour de France! - \u0160koda We Love Cycling - Poland\",\"isPartOf\":{\"@id\":\"https:\/\/www.welovecycling.com\/pl\/#website\"},\"primaryImageOfPage\":{\"@id\":\"https:\/\/www.welovecycling.com\/pl\/2016\/07\/12\/i-za-to-wlasnie-kochamy-tour-de-france\/#primaryimage\"},\"image\":{\"@id\":\"https:\/\/www.welovecycling.com\/pl\/2016\/07\/12\/i-za-to-wlasnie-kochamy-tour-de-france\/#primaryimage\"},\"thumbnailUrl\":\"https:\/\/d2p6e6u75xmxt8.cloudfront.net\/5\/2016\/07\/20160707224_071335.jpg\",\"datePublished\":\"2016-07-12T11:37:59+00:00\",\"dateModified\":\"2016-12-05T08:48:49+00:00\",\"author\":{\"@id\":\"https:\/\/www.welovecycling.com\/pl\/#\/schema\/person\/e5187c9cac8dd619ebc7b41bd73c2fd9\"},\"breadcrumb\":{\"@id\":\"https:\/\/www.welovecycling.com\/pl\/2016\/07\/12\/i-za-to-wlasnie-kochamy-tour-de-france\/#breadcrumb\"},\"inLanguage\":\"pl-PL\",\"potentialAction\":[{\"@type\":\"ReadAction\",\"target\":[\"https:\/\/www.welovecycling.com\/pl\/2016\/07\/12\/i-za-to-wlasnie-kochamy-tour-de-france\/\"]}]},{\"@type\":\"ImageObject\",\"inLanguage\":\"pl-PL\",\"@id\":\"https:\/\/www.welovecycling.com\/pl\/2016\/07\/12\/i-za-to-wlasnie-kochamy-tour-de-france\/#primaryimage\",\"url\":\"https:\/\/d2p6e6u75xmxt8.cloudfront.net\/5\/2016\/07\/20160707224_071335.jpg\",\"contentUrl\":\"https:\/\/d2p6e6u75xmxt8.cloudfront.net\/5\/2016\/07\/20160707224_071335.jpg\",\"width\":1000,\"height\":666,\"caption\":\"Tour de France 2016 - 07\/07\/2016 - Etape 6 - Arpajon-sur-c\u00e8re\/ Montauban (190,5 km) - VAKOC Petr (ETIXX-QUICK STEP) - donne le rythme au peloton\"},{\"@type\":\"BreadcrumbList\",\"@id\":\"https:\/\/www.welovecycling.com\/pl\/2016\/07\/12\/i-za-to-wlasnie-kochamy-tour-de-france\/#breadcrumb\",\"itemListElement\":[{\"@type\":\"ListItem\",\"position\":1,\"name\":\"Home\",\"item\":\"https:\/\/www.welovecycling.com\/pl\/\"},{\"@type\":\"ListItem\",\"position\":2,\"name\":\"I za to w\u0142a\u015bnie kochamy Tour de France!\"}]},{\"@type\":\"WebSite\",\"@id\":\"https:\/\/www.welovecycling.com\/pl\/#website\",\"url\":\"https:\/\/www.welovecycling.com\/pl\/\",\"name\":\"\u0160koda We Love Cycling - Poland\",\"description\":\"\",\"potentialAction\":[{\"@type\":\"SearchAction\",\"target\":{\"@type\":\"EntryPoint\",\"urlTemplate\":\"https:\/\/www.welovecycling.com\/pl\/?s={search_term_string}\"},\"query-input\":{\"@type\":\"PropertyValueSpecification\",\"valueRequired\":true,\"valueName\":\"search_term_string\"}}],\"inLanguage\":\"pl-PL\"},{\"@type\":\"Person\",\"@id\":\"https:\/\/www.welovecycling.com\/pl\/#\/schema\/person\/e5187c9cac8dd619ebc7b41bd73c2fd9\",\"name\":\"WeLoveCycling\",\"image\":{\"@type\":\"ImageObject\",\"inLanguage\":\"pl-PL\",\"@id\":\"https:\/\/www.welovecycling.com\/pl\/#\/schema\/person\/image\/\",\"url\":\"https:\/\/secure.gravatar.com\/avatar\/7e1ee0ecc5e294b19ef32b9f6086e0afbb9da00c3cb0d465ba4695331f4a9187?s=96&d=mm&r=g\",\"contentUrl\":\"https:\/\/secure.gravatar.com\/avatar\/7e1ee0ecc5e294b19ef32b9f6086e0afbb9da00c3cb0d465ba4695331f4a9187?s=96&d=mm&r=g\",\"caption\":\"WeLoveCycling\"},\"url\":\"https:\/\/www.welovecycling.com\/pl\/author\/lukascech\/\"}]}<\/script>\n<!-- \/ Yoast SEO Premium plugin. -->","yoast_head_json":{"title":"I za to w\u0142a\u015bnie kochamy Tour de France! - \u0160koda We Love Cycling - Poland","robots":{"index":"index","follow":"follow","max-snippet":"max-snippet:-1","max-image-preview":"max-image-preview:large","max-video-preview":"max-video-preview:-1"},"canonical":"https:\/\/www.welovecycling.com\/pl\/2016\/07\/12\/i-za-to-wlasnie-kochamy-tour-de-france\/","og_locale":"pl_PL","og_type":"article","og_title":"I za to w\u0142a\u015bnie kochamy Tour de France!","og_description":"Kilka dni temu napisali\u015bmy: \u201eRuszy\u0142a Wielka P\u0119tla, na kt\u00f3rej karty rozdaj\u0105 faworyci\u201d, a dzi\u015b liderem klasyfikacji jest Greg Van Avermaet, [&hellip;]","og_url":"https:\/\/www.welovecycling.com\/pl\/2016\/07\/12\/i-za-to-wlasnie-kochamy-tour-de-france\/","og_site_name":"\u0160koda We Love Cycling - Poland","article_published_time":"2016-07-12T11:37:59+00:00","article_modified_time":"2016-12-05T08:48:49+00:00","og_image":[{"width":1000,"height":666,"url":"https:\/\/d2p6e6u75xmxt8.cloudfront.net\/5\/2016\/07\/20160707224_071335.jpg","type":"image\/jpeg"}],"author":"WeLoveCycling","twitter_card":"summary_large_image","twitter_misc":{"Written by":"WeLoveCycling","Est. reading time":"3 minutes"},"schema":{"@context":"https:\/\/schema.org","@graph":[{"@type":"WebPage","@id":"https:\/\/www.welovecycling.com\/pl\/2016\/07\/12\/i-za-to-wlasnie-kochamy-tour-de-france\/","url":"https:\/\/www.welovecycling.com\/pl\/2016\/07\/12\/i-za-to-wlasnie-kochamy-tour-de-france\/","name":"I za to w\u0142a\u015bnie kochamy Tour de France! - \u0160koda We Love Cycling - Poland","isPartOf":{"@id":"https:\/\/www.welovecycling.com\/pl\/#website"},"primaryImageOfPage":{"@id":"https:\/\/www.welovecycling.com\/pl\/2016\/07\/12\/i-za-to-wlasnie-kochamy-tour-de-france\/#primaryimage"},"image":{"@id":"https:\/\/www.welovecycling.com\/pl\/2016\/07\/12\/i-za-to-wlasnie-kochamy-tour-de-france\/#primaryimage"},"thumbnailUrl":"https:\/\/d2p6e6u75xmxt8.cloudfront.net\/5\/2016\/07\/20160707224_071335.jpg","datePublished":"2016-07-12T11:37:59+00:00","dateModified":"2016-12-05T08:48:49+00:00","author":{"@id":"https:\/\/www.welovecycling.com\/pl\/#\/schema\/person\/e5187c9cac8dd619ebc7b41bd73c2fd9"},"breadcrumb":{"@id":"https:\/\/www.welovecycling.com\/pl\/2016\/07\/12\/i-za-to-wlasnie-kochamy-tour-de-france\/#breadcrumb"},"inLanguage":"pl-PL","potentialAction":[{"@type":"ReadAction","target":["https:\/\/www.welovecycling.com\/pl\/2016\/07\/12\/i-za-to-wlasnie-kochamy-tour-de-france\/"]}]},{"@type":"ImageObject","inLanguage":"pl-PL","@id":"https:\/\/www.welovecycling.com\/pl\/2016\/07\/12\/i-za-to-wlasnie-kochamy-tour-de-france\/#primaryimage","url":"https:\/\/d2p6e6u75xmxt8.cloudfront.net\/5\/2016\/07\/20160707224_071335.jpg","contentUrl":"https:\/\/d2p6e6u75xmxt8.cloudfront.net\/5\/2016\/07\/20160707224_071335.jpg","width":1000,"height":666,"caption":"Tour de France 2016 - 07\/07\/2016 - Etape 6 - Arpajon-sur-c\u00e8re\/ Montauban (190,5 km) - VAKOC Petr (ETIXX-QUICK STEP) - donne le rythme au peloton"},{"@type":"BreadcrumbList","@id":"https:\/\/www.welovecycling.com\/pl\/2016\/07\/12\/i-za-to-wlasnie-kochamy-tour-de-france\/#breadcrumb","itemListElement":[{"@type":"ListItem","position":1,"name":"Home","item":"https:\/\/www.welovecycling.com\/pl\/"},{"@type":"ListItem","position":2,"name":"I za to w\u0142a\u015bnie kochamy Tour de France!"}]},{"@type":"WebSite","@id":"https:\/\/www.welovecycling.com\/pl\/#website","url":"https:\/\/www.welovecycling.com\/pl\/","name":"\u0160koda We Love Cycling - Poland","description":"","potentialAction":[{"@type":"SearchAction","target":{"@type":"EntryPoint","urlTemplate":"https:\/\/www.welovecycling.com\/pl\/?s={search_term_string}"},"query-input":{"@type":"PropertyValueSpecification","valueRequired":true,"valueName":"search_term_string"}}],"inLanguage":"pl-PL"},{"@type":"Person","@id":"https:\/\/www.welovecycling.com\/pl\/#\/schema\/person\/e5187c9cac8dd619ebc7b41bd73c2fd9","name":"WeLoveCycling","image":{"@type":"ImageObject","inLanguage":"pl-PL","@id":"https:\/\/www.welovecycling.com\/pl\/#\/schema\/person\/image\/","url":"https:\/\/secure.gravatar.com\/avatar\/7e1ee0ecc5e294b19ef32b9f6086e0afbb9da00c3cb0d465ba4695331f4a9187?s=96&d=mm&r=g","contentUrl":"https:\/\/secure.gravatar.com\/avatar\/7e1ee0ecc5e294b19ef32b9f6086e0afbb9da00c3cb0d465ba4695331f4a9187?s=96&d=mm&r=g","caption":"WeLoveCycling"},"url":"https:\/\/www.welovecycling.com\/pl\/author\/lukascech\/"}]}},"_links":{"self":[{"href":"https:\/\/www.welovecycling.com\/pl\/wp-json\/wp\/v2\/posts\/1377","targetHints":{"allow":["GET"]}}],"collection":[{"href":"https:\/\/www.welovecycling.com\/pl\/wp-json\/wp\/v2\/posts"}],"about":[{"href":"https:\/\/www.welovecycling.com\/pl\/wp-json\/wp\/v2\/types\/post"}],"author":[{"embeddable":true,"href":"https:\/\/www.welovecycling.com\/pl\/wp-json\/wp\/v2\/users\/1"}],"replies":[{"embeddable":true,"href":"https:\/\/www.welovecycling.com\/pl\/wp-json\/wp\/v2\/comments?post=1377"}],"version-history":[{"count":1,"href":"https:\/\/www.welovecycling.com\/pl\/wp-json\/wp\/v2\/posts\/1377\/revisions"}],"predecessor-version":[{"id":2434,"href":"https:\/\/www.welovecycling.com\/pl\/wp-json\/wp\/v2\/posts\/1377\/revisions\/2434"}],"wp:featuredmedia":[{"embeddable":true,"href":"https:\/\/www.welovecycling.com\/pl\/wp-json\/wp\/v2\/media\/1378"}],"wp:attachment":[{"href":"https:\/\/www.welovecycling.com\/pl\/wp-json\/wp\/v2\/media?parent=1377"}],"wp:term":[{"taxonomy":"category","embeddable":true,"href":"https:\/\/www.welovecycling.com\/pl\/wp-json\/wp\/v2\/categories?post=1377"},{"taxonomy":"post_tag","embeddable":true,"href":"https:\/\/www.welovecycling.com\/pl\/wp-json\/wp\/v2\/tags?post=1377"},{"taxonomy":"global-categories","embeddable":true,"href":"https:\/\/www.welovecycling.com\/pl\/wp-json\/wp\/v2\/global-categories?post=1377"}],"curies":[{"name":"wp","href":"https:\/\/api.w.org\/{rel}","templated":true}]}}