{"id":13759,"date":"2023-04-28T09:52:40","date_gmt":"2023-04-28T09:52:40","guid":{"rendered":"https:\/\/www.welovecycling.com\/pl\/?p=13759"},"modified":"2023-04-28T13:16:33","modified_gmt":"2023-04-28T13:16:33","slug":"mroz-czy-upal-jaka-jest-najbardziej-odpowiednia-temperatura-dla-baterii-elektrycznego-roweru","status":"publish","type":"post","link":"https:\/\/www.welovecycling.com\/pl\/2023\/04\/28\/mroz-czy-upal-jaka-jest-najbardziej-odpowiednia-temperatura-dla-baterii-elektrycznego-roweru\/","title":{"rendered":"Mr\u00f3z czy upa\u0142? Jaka jest najbardziej odpowiednia temperatura dla baterii elektrycznego roweru?"},"content":{"rendered":"<h3><strong>Akumulatory rower\u00f3w elektrycznych lubi\u0105 tylko niekt\u00f3re tempera\u00adtu\u00adry. Pozosta\u0142e mog\u0105 okaza\u0107 si\u0119 dla nich zdecydowanie mniej odpo\u00adwied\u00adnie. Jaka temperatura jest najbardziej sprzyjaj\u0105ca dla Twojego e-roweru?<\/strong><\/h3>\n<p>Zimno, upa\u0142, wilgo\u0107 czy \u015bnieg \u2013 rower elektryczny musi by\u0107 niewra\u017cliwy na warunki atmosferyczne, \u017ceby dobrze znosi\u0142 codzienn\u0105 jazd\u0119 przez okr\u0105g\u0142y rok. Na szcz\u0119\u015bcie nowoczesne e-rowery s\u0105 odporne i trwa\u0142e. Rama i kom\u00adpo\u00adnenty s\u0105 zabezpieczone przed wod\u0105, dzi\u0119ki czemu silnik mo\u017ce dostar\u00adcza\u0107 moc nawet w czasie ulewy. Sprawy maj\u0105 si\u0119 jednak inaczej, gdy cho\u00addzi o skrajne temperatury. Szczeg\u00f3lnie w upalne letnie dni lub w <a href=\"https:\/\/www.welovecycling.com\/pl\/2022\/01\/07\/zimowa-pielegnacja-e-roweru\/\">mro\u017ane zimowe miesi\u0105ce<\/a> ka\u017cdy w\u0142a\u015bciciel roweru elektrycznego powinien pami\u0119ta\u0107 o kilku sprawach.<\/p>\n<p>Baterie e-rower\u00f3w s\u0105 wra\u017cliwe na temperatur\u0119. W szczeg\u00f3lno\u015bci nie przepadaj\u0105 za skrajnym mrozem. Przyczyna takiego stanu rzeczy jest prosta: zimowe temperatury maj\u0105 mocno niekorzystny wp\u0142yw na wydajno\u015b\u0107 akumulatora roweru. Dzieje si\u0119 tak dlatego, \u017ce jony litu w akumulatorach unosz\u0105 si\u0119 w p\u0142ynnym elektrolicie.<\/p>\n<p>Gdy temperatura spada, <a href=\"https:\/\/pl.wikipedia.org\/wiki\/Elektrolit\">elektrolit<\/a> g\u0119stnieje, co zmniejsza jego zdolno\u015b\u0107 do prawid\u0142owego przewodzenia pr\u0105du. Jony litu zwalniaj\u0105 podczas przemiesz\u00adczania si\u0119 z anody do katody (i z powrotem). W temperaturach poni\u017cej zera wydajno\u015b\u0107 znacznie spada. Dobra wiadomo\u015b\u0107 jest taka, \u017ce przy minus 20 stopniach Celsjusza bateria rowerowa nadal dostarcza oko\u0142o po\u0142owy swojej \u015bredniej mocy. Z drugiej strony wi\u0119kszo\u015b\u0107 z nas i tak rezygnuje z jazdy na rowerze w takich warunkach.<\/p>\n<p>Poniewa\u017c temperaturowe optimum dla wi\u0119kszo\u015bci baterii mie\u015bci si\u0119 w prze-dziale od 10 do 20 stopni Celsjusza, w zimowe dni zdecydowanie zaleca si\u0119 zaparkowanie roweru w zamkni\u0119tym pomieszczeniu. Eksperci przypo-minaj\u0105, by na bateri\u0119 na\u0142o\u017cy\u0107 neoprenowy pokrowiec, kt\u00f3ry ochroni j\u0105 przed wilgoci\u0105 i zimnem.<\/p>\n<figure id=\"attachment_13762\" aria-describedby=\"caption-attachment-13762\" style=\"width: 1250px\" class=\"wp-caption alignnone\"><a href=\"https:\/\/d2p6e6u75xmxt8.cloudfront.net\/5\/2023\/04\/Mountain-E-Bike-MTB-profimedia-WLC-28.04-2-1.webp\"><img loading=\"lazy\" decoding=\"async\" class=\"wp-image-13762 size-full\" src=\"https:\/\/d2p6e6u75xmxt8.cloudfront.net\/5\/2023\/04\/Mountain-E-Bike-MTB-profimedia-WLC-28.04-2-1.webp\" alt=\"\" width=\"1250\" height=\"833\" srcset=\"https:\/\/d2p6e6u75xmxt8.cloudfront.net\/5\/2023\/04\/Mountain-E-Bike-MTB-profimedia-WLC-28.04-2-1.webp 1250w, https:\/\/d2p6e6u75xmxt8.cloudfront.net\/5\/2023\/04\/Mountain-E-Bike-MTB-profimedia-WLC-28.04-2-1-300x200.webp 300w, https:\/\/d2p6e6u75xmxt8.cloudfront.net\/5\/2023\/04\/Mountain-E-Bike-MTB-profimedia-WLC-28.04-2-1-1024x682.webp 1024w, https:\/\/d2p6e6u75xmxt8.cloudfront.net\/5\/2023\/04\/Mountain-E-Bike-MTB-profimedia-WLC-28.04-2-1-768x512.webp 768w, https:\/\/d2p6e6u75xmxt8.cloudfront.net\/5\/2023\/04\/Mountain-E-Bike-MTB-profimedia-WLC-28.04-2-1-400x267.webp 400w, https:\/\/d2p6e6u75xmxt8.cloudfront.net\/5\/2023\/04\/Mountain-E-Bike-MTB-profimedia-WLC-28.04-2-1-272x182.webp 272w\" sizes=\"auto, (max-width: 1250px) 100vw, 1250px\" \/><\/a><figcaption id=\"caption-attachment-13762\" class=\"wp-caption-text\"><span style=\"font-size: 10pt;\"><em>W ci\u0105gu ostatnich 10 lat w dziedzinie rower\u00f3w elektrycznych nast\u0105pi\u0142 ogromny post\u0119p \u2013 z ci\u0119\u017ckich maszyn ewoluowa\u0142y w nowoczesne gad\u017cety dla wszystkich, od os\u00f3b doje\u017cd\u017caj\u0105cych do pracy po profesjonalnych kolarzy. \u00a9 Profimedia<\/em><\/span><\/figcaption><\/figure>\n<p>Je\u015bli rzadko je\u017adzisz na rowerze, dobrym pomys\u0142em b\u0119dzie wyj\u0119cie akumulatora i przechowywanie go w domu. Idealny poziom na\u0142adowania podczas przechowywania wynosi od 50 do 80 procent. Wiele akumulator\u00f3w do rower\u00f3w elektrycznych wyposa\u017cono ponadto w specjalny tryb do d\u0142ugotrwa\u0142ego przechowywania.<\/p>\n<p>Letnie upa\u0142y nie s\u0105 wcale lepsze \u2013 zw\u0142aszcza wystawianie baterii przez d\u0142u\u017cszy czas na temperatury powy\u017cej 30 stopni mo\u017ce sko\u0144czy\u0107 si\u0119 jej przegrzaniem. Nawet przy temperaturze powietrza wynosz\u0105cej zaledwie 25 stopni nigdy nie nale\u017cy pozostawia\u0107 e-roweru z bateri\u0105 wystawion\u0105 na bezpo\u015brednie dzia\u0142anie promieni s\u0142onecznych. To samo dotyczy pozos\u00adtawienia akumulatora w samochodzie zaparkowanym na s\u0142o\u0144cu. Zbyt wysokie temperatury mog\u0105 uszkodzi\u0107 (lub nawet zniszczy\u0107) akumulator.<\/p>\n<p>Podobnie jak w przypadku zimowych dni, tak\u017ce i latem eksperci zalecaj\u0105 przechowywanie i \u0142adowanie baterii w pomieszczeniach. Pozostawiaj\u0105c rower na dworze, zawsze staraj si\u0119 znale\u017a\u0107 zacienione miejsce. Wniosek z tego jest nast\u0119\u00adpuj\u0105cy: mimo \u017ce skrajne temperatury maj\u0105 z\u0142y wp\u0142yw na akumulatory do rower\u00f3w elektrycznych, \u017cywotno\u015b\u0107 baterii mo\u017cna znacznie przed\u0142u\u017cy\u0107 \u2013 z korzy\u015bci\u0105 zar\u00f3wno dla portfela, jak i dla \u015brodowiska naturalnego.<\/p>\n<p><a class=\"in-cell-link\" href=\"http:\/\/www.skoda-auto.pl\/\" target=\"_blank\" rel=\"noopener noreferrer\">Artyku\u0142 powsta\u0142 we wsp\u00f3\u0142pracy ze skoda-auto.pl<\/a><\/p>\n<p><a href=\"https:\/\/d2p6e6u75xmxt8.cloudfront.net\/5\/2030\/11\/2.webp\"><img loading=\"lazy\" decoding=\"async\" class=\"size-full wp-image-13774 aligncenter\" src=\"https:\/\/d2p6e6u75xmxt8.cloudfront.net\/5\/2030\/11\/2.webp\" alt=\"\" width=\"640\" height=\"350\" srcset=\"https:\/\/d2p6e6u75xmxt8.cloudfront.net\/5\/2030\/11\/2.webp 640w, https:\/\/d2p6e6u75xmxt8.cloudfront.net\/5\/2030\/11\/2-300x164.webp 300w, https:\/\/d2p6e6u75xmxt8.cloudfront.net\/5\/2030\/11\/2-400x219.webp 400w\" sizes=\"auto, (max-width: 640px) 100vw, 640px\" \/><\/a><\/p>\n","protected":false},"excerpt":{"rendered":"<p>Akumulatory rower\u00f3w elektrycznych lubi\u0105 tylko niekt\u00f3re tempera\u00adtu\u00adry. Pozosta\u0142e mog\u0105 okaza\u0107 si\u0119 dla nich zdecydowanie mniej odpo\u00adwied\u00adnie. Jaka temperatura jest najbardziej [&hellip;]<\/p>\n","protected":false},"author":153,"featured_media":13761,"comment_status":"open","ping_status":"open","sticky":false,"template":"","format":"standard","meta":{"footnotes":""},"categories":[6],"tags":[263,200],"global-categories":[303],"class_list":["post-13759","post","type-post","status-publish","format-standard","has-post-thumbnail","hentry","category-kolarstwo-szosowe","tag-e-bike","tag-rower-elektryczny","global-categories-cycling"],"yoast_head":"<!-- This site is optimized with the Yoast SEO Premium plugin v25.3 (Yoast SEO v25.9) - https:\/\/yoast.com\/wordpress\/plugins\/seo\/ -->\n<title>Mr\u00f3z czy upa\u0142? Jaka jest najbardziej odpowiednia temperatura dla baterii elektrycznego roweru? - \u0160koda We Love Cycling - Poland<\/title>\n<meta name=\"robots\" content=\"index, follow, max-snippet:-1, max-image-preview:large, max-video-preview:-1\" \/>\n<link rel=\"canonical\" href=\"https:\/\/www.welovecycling.com\/pl\/2023\/04\/28\/mroz-czy-upal-jaka-jest-najbardziej-odpowiednia-temperatura-dla-baterii-elektrycznego-roweru\/\" \/>\n<meta property=\"og:locale\" content=\"pl_PL\" \/>\n<meta property=\"og:type\" content=\"article\" \/>\n<meta property=\"og:title\" content=\"Mr\u00f3z czy upa\u0142? Jaka jest najbardziej odpowiednia temperatura dla baterii elektrycznego roweru?\" \/>\n<meta property=\"og:description\" content=\"Akumulatory rower\u00f3w elektrycznych lubi\u0105 tylko niekt\u00f3re tempera\u00adtu\u00adry. Pozosta\u0142e mog\u0105 okaza\u0107 si\u0119 dla nich zdecydowanie mniej odpo\u00adwied\u00adnie. Jaka temperatura jest najbardziej [&hellip;]\" \/>\n<meta property=\"og:url\" content=\"https:\/\/www.welovecycling.com\/pl\/2023\/04\/28\/mroz-czy-upal-jaka-jest-najbardziej-odpowiednia-temperatura-dla-baterii-elektrycznego-roweru\/\" \/>\n<meta property=\"og:site_name\" content=\"\u0160koda We Love Cycling - Poland\" \/>\n<meta property=\"article:published_time\" content=\"2023-04-28T09:52:40+00:00\" \/>\n<meta property=\"article:modified_time\" content=\"2023-04-28T13:16:33+00:00\" \/>\n<meta property=\"og:image\" content=\"https:\/\/d2p6e6u75xmxt8.cloudfront.net\/5\/2023\/04\/E-Bikes-Shop-profimedia-WLC-28.04.webp\" \/>\n\t<meta property=\"og:image:width\" content=\"990\" \/>\n\t<meta property=\"og:image:height\" content=\"660\" \/>\n\t<meta property=\"og:image:type\" content=\"image\/webp\" \/>\n<meta name=\"author\" content=\"rafal\" \/>\n<meta name=\"twitter:card\" content=\"summary_large_image\" \/>\n<meta name=\"twitter:label1\" content=\"Written by\" \/>\n\t<meta name=\"twitter:data1\" content=\"Adam Marsal\" \/>\n\t<meta name=\"twitter:label2\" content=\"Est. reading time\" \/>\n\t<meta name=\"twitter:data2\" content=\"5\" \/>\n<script type=\"application\/ld+json\" class=\"yoast-schema-graph\">{\"@context\":\"https:\/\/schema.org\",\"@graph\":[{\"@type\":\"WebPage\",\"@id\":\"https:\/\/www.welovecycling.com\/pl\/2023\/04\/28\/mroz-czy-upal-jaka-jest-najbardziej-odpowiednia-temperatura-dla-baterii-elektrycznego-roweru\/\",\"url\":\"https:\/\/www.welovecycling.com\/pl\/2023\/04\/28\/mroz-czy-upal-jaka-jest-najbardziej-odpowiednia-temperatura-dla-baterii-elektrycznego-roweru\/\",\"name\":\"Mr\u00f3z czy upa\u0142? Jaka jest najbardziej odpowiednia temperatura dla baterii elektrycznego roweru? - \u0160koda We Love Cycling - Poland\",\"isPartOf\":{\"@id\":\"https:\/\/www.welovecycling.com\/pl\/#website\"},\"primaryImageOfPage\":{\"@id\":\"https:\/\/www.welovecycling.com\/pl\/2023\/04\/28\/mroz-czy-upal-jaka-jest-najbardziej-odpowiednia-temperatura-dla-baterii-elektrycznego-roweru\/#primaryimage\"},\"image\":{\"@id\":\"https:\/\/www.welovecycling.com\/pl\/2023\/04\/28\/mroz-czy-upal-jaka-jest-najbardziej-odpowiednia-temperatura-dla-baterii-elektrycznego-roweru\/#primaryimage\"},\"thumbnailUrl\":\"https:\/\/d2p6e6u75xmxt8.cloudfront.net\/5\/2023\/04\/E-Bikes-Shop-profimedia-WLC-28.04.webp\",\"datePublished\":\"2023-04-28T09:52:40+00:00\",\"dateModified\":\"2023-04-28T13:16:33+00:00\",\"author\":{\"@id\":\"https:\/\/www.welovecycling.com\/pl\/#\/schema\/person\/bf06ed916a1ef16618807fb60d2ebe42\"},\"breadcrumb\":{\"@id\":\"https:\/\/www.welovecycling.com\/pl\/2023\/04\/28\/mroz-czy-upal-jaka-jest-najbardziej-odpowiednia-temperatura-dla-baterii-elektrycznego-roweru\/#breadcrumb\"},\"inLanguage\":\"pl-PL\",\"potentialAction\":[{\"@type\":\"ReadAction\",\"target\":[\"https:\/\/www.welovecycling.com\/pl\/2023\/04\/28\/mroz-czy-upal-jaka-jest-najbardziej-odpowiednia-temperatura-dla-baterii-elektrycznego-roweru\/\"]}]},{\"@type\":\"ImageObject\",\"inLanguage\":\"pl-PL\",\"@id\":\"https:\/\/www.welovecycling.com\/pl\/2023\/04\/28\/mroz-czy-upal-jaka-jest-najbardziej-odpowiednia-temperatura-dla-baterii-elektrycznego-roweru\/#primaryimage\",\"url\":\"https:\/\/d2p6e6u75xmxt8.cloudfront.net\/5\/2023\/04\/E-Bikes-Shop-profimedia-WLC-28.04.webp\",\"contentUrl\":\"https:\/\/d2p6e6u75xmxt8.cloudfront.net\/5\/2023\/04\/E-Bikes-Shop-profimedia-WLC-28.04.webp\",\"width\":990,\"height\":660},{\"@type\":\"BreadcrumbList\",\"@id\":\"https:\/\/www.welovecycling.com\/pl\/2023\/04\/28\/mroz-czy-upal-jaka-jest-najbardziej-odpowiednia-temperatura-dla-baterii-elektrycznego-roweru\/#breadcrumb\",\"itemListElement\":[{\"@type\":\"ListItem\",\"position\":1,\"name\":\"Home\",\"item\":\"https:\/\/www.welovecycling.com\/pl\/\"},{\"@type\":\"ListItem\",\"position\":2,\"name\":\"Mr\u00f3z czy upa\u0142? Jaka jest najbardziej odpowiednia temperatura dla baterii elektrycznego roweru?\"}]},{\"@type\":\"WebSite\",\"@id\":\"https:\/\/www.welovecycling.com\/pl\/#website\",\"url\":\"https:\/\/www.welovecycling.com\/pl\/\",\"name\":\"\u0160koda We Love Cycling - Poland\",\"description\":\"\",\"potentialAction\":[{\"@type\":\"SearchAction\",\"target\":{\"@type\":\"EntryPoint\",\"urlTemplate\":\"https:\/\/www.welovecycling.com\/pl\/?s={search_term_string}\"},\"query-input\":{\"@type\":\"PropertyValueSpecification\",\"valueRequired\":true,\"valueName\":\"search_term_string\"}}],\"inLanguage\":\"pl-PL\"},{\"@type\":\"Person\",\"@id\":\"https:\/\/www.welovecycling.com\/pl\/#\/schema\/person\/bf06ed916a1ef16618807fb60d2ebe42\",\"name\":\"rafal\",\"image\":{\"@type\":\"ImageObject\",\"inLanguage\":\"pl-PL\",\"@id\":\"https:\/\/www.welovecycling.com\/pl\/#\/schema\/person\/image\/\",\"url\":\"https:\/\/secure.gravatar.com\/avatar\/203f240e63bee214f6f3a0dacbeb600c7829c09716c2b9ee3230c6961debcde2?s=96&d=mm&r=g\",\"contentUrl\":\"https:\/\/secure.gravatar.com\/avatar\/203f240e63bee214f6f3a0dacbeb600c7829c09716c2b9ee3230c6961debcde2?s=96&d=mm&r=g\",\"caption\":\"rafal\"},\"url\":\"https:\/\/www.welovecycling.com\/pl\/author\/rafal\/\"}]}<\/script>\n<!-- \/ Yoast SEO Premium plugin. -->","yoast_head_json":{"title":"Mr\u00f3z czy upa\u0142? Jaka jest najbardziej odpowiednia temperatura dla baterii elektrycznego roweru? - \u0160koda We Love Cycling - Poland","robots":{"index":"index","follow":"follow","max-snippet":"max-snippet:-1","max-image-preview":"max-image-preview:large","max-video-preview":"max-video-preview:-1"},"canonical":"https:\/\/www.welovecycling.com\/pl\/2023\/04\/28\/mroz-czy-upal-jaka-jest-najbardziej-odpowiednia-temperatura-dla-baterii-elektrycznego-roweru\/","og_locale":"pl_PL","og_type":"article","og_title":"Mr\u00f3z czy upa\u0142? Jaka jest najbardziej odpowiednia temperatura dla baterii elektrycznego roweru?","og_description":"Akumulatory rower\u00f3w elektrycznych lubi\u0105 tylko niekt\u00f3re tempera\u00adtu\u00adry. Pozosta\u0142e mog\u0105 okaza\u0107 si\u0119 dla nich zdecydowanie mniej odpo\u00adwied\u00adnie. Jaka temperatura jest najbardziej [&hellip;]","og_url":"https:\/\/www.welovecycling.com\/pl\/2023\/04\/28\/mroz-czy-upal-jaka-jest-najbardziej-odpowiednia-temperatura-dla-baterii-elektrycznego-roweru\/","og_site_name":"\u0160koda We Love Cycling - Poland","article_published_time":"2023-04-28T09:52:40+00:00","article_modified_time":"2023-04-28T13:16:33+00:00","og_image":[{"width":990,"height":660,"url":"https:\/\/d2p6e6u75xmxt8.cloudfront.net\/5\/2023\/04\/E-Bikes-Shop-profimedia-WLC-28.04.webp","type":"image\/webp"}],"author":"rafal","twitter_card":"summary_large_image","twitter_misc":{"Written by":"Adam Marsal","Est. reading time":"5"},"schema":{"@context":"https:\/\/schema.org","@graph":[{"@type":"WebPage","@id":"https:\/\/www.welovecycling.com\/pl\/2023\/04\/28\/mroz-czy-upal-jaka-jest-najbardziej-odpowiednia-temperatura-dla-baterii-elektrycznego-roweru\/","url":"https:\/\/www.welovecycling.com\/pl\/2023\/04\/28\/mroz-czy-upal-jaka-jest-najbardziej-odpowiednia-temperatura-dla-baterii-elektrycznego-roweru\/","name":"Mr\u00f3z czy upa\u0142? Jaka jest najbardziej odpowiednia temperatura dla baterii elektrycznego roweru? - \u0160koda We Love Cycling - Poland","isPartOf":{"@id":"https:\/\/www.welovecycling.com\/pl\/#website"},"primaryImageOfPage":{"@id":"https:\/\/www.welovecycling.com\/pl\/2023\/04\/28\/mroz-czy-upal-jaka-jest-najbardziej-odpowiednia-temperatura-dla-baterii-elektrycznego-roweru\/#primaryimage"},"image":{"@id":"https:\/\/www.welovecycling.com\/pl\/2023\/04\/28\/mroz-czy-upal-jaka-jest-najbardziej-odpowiednia-temperatura-dla-baterii-elektrycznego-roweru\/#primaryimage"},"thumbnailUrl":"https:\/\/d2p6e6u75xmxt8.cloudfront.net\/5\/2023\/04\/E-Bikes-Shop-profimedia-WLC-28.04.webp","datePublished":"2023-04-28T09:52:40+00:00","dateModified":"2023-04-28T13:16:33+00:00","author":{"@id":"https:\/\/www.welovecycling.com\/pl\/#\/schema\/person\/bf06ed916a1ef16618807fb60d2ebe42"},"breadcrumb":{"@id":"https:\/\/www.welovecycling.com\/pl\/2023\/04\/28\/mroz-czy-upal-jaka-jest-najbardziej-odpowiednia-temperatura-dla-baterii-elektrycznego-roweru\/#breadcrumb"},"inLanguage":"pl-PL","potentialAction":[{"@type":"ReadAction","target":["https:\/\/www.welovecycling.com\/pl\/2023\/04\/28\/mroz-czy-upal-jaka-jest-najbardziej-odpowiednia-temperatura-dla-baterii-elektrycznego-roweru\/"]}]},{"@type":"ImageObject","inLanguage":"pl-PL","@id":"https:\/\/www.welovecycling.com\/pl\/2023\/04\/28\/mroz-czy-upal-jaka-jest-najbardziej-odpowiednia-temperatura-dla-baterii-elektrycznego-roweru\/#primaryimage","url":"https:\/\/d2p6e6u75xmxt8.cloudfront.net\/5\/2023\/04\/E-Bikes-Shop-profimedia-WLC-28.04.webp","contentUrl":"https:\/\/d2p6e6u75xmxt8.cloudfront.net\/5\/2023\/04\/E-Bikes-Shop-profimedia-WLC-28.04.webp","width":990,"height":660},{"@type":"BreadcrumbList","@id":"https:\/\/www.welovecycling.com\/pl\/2023\/04\/28\/mroz-czy-upal-jaka-jest-najbardziej-odpowiednia-temperatura-dla-baterii-elektrycznego-roweru\/#breadcrumb","itemListElement":[{"@type":"ListItem","position":1,"name":"Home","item":"https:\/\/www.welovecycling.com\/pl\/"},{"@type":"ListItem","position":2,"name":"Mr\u00f3z czy upa\u0142? Jaka jest najbardziej odpowiednia temperatura dla baterii elektrycznego roweru?"}]},{"@type":"WebSite","@id":"https:\/\/www.welovecycling.com\/pl\/#website","url":"https:\/\/www.welovecycling.com\/pl\/","name":"\u0160koda We Love Cycling - Poland","description":"","potentialAction":[{"@type":"SearchAction","target":{"@type":"EntryPoint","urlTemplate":"https:\/\/www.welovecycling.com\/pl\/?s={search_term_string}"},"query-input":{"@type":"PropertyValueSpecification","valueRequired":true,"valueName":"search_term_string"}}],"inLanguage":"pl-PL"},{"@type":"Person","@id":"https:\/\/www.welovecycling.com\/pl\/#\/schema\/person\/bf06ed916a1ef16618807fb60d2ebe42","name":"rafal","image":{"@type":"ImageObject","inLanguage":"pl-PL","@id":"https:\/\/www.welovecycling.com\/pl\/#\/schema\/person\/image\/","url":"https:\/\/secure.gravatar.com\/avatar\/203f240e63bee214f6f3a0dacbeb600c7829c09716c2b9ee3230c6961debcde2?s=96&d=mm&r=g","contentUrl":"https:\/\/secure.gravatar.com\/avatar\/203f240e63bee214f6f3a0dacbeb600c7829c09716c2b9ee3230c6961debcde2?s=96&d=mm&r=g","caption":"rafal"},"url":"https:\/\/www.welovecycling.com\/pl\/author\/rafal\/"}]}},"_links":{"self":[{"href":"https:\/\/www.welovecycling.com\/pl\/wp-json\/wp\/v2\/posts\/13759","targetHints":{"allow":["GET"]}}],"collection":[{"href":"https:\/\/www.welovecycling.com\/pl\/wp-json\/wp\/v2\/posts"}],"about":[{"href":"https:\/\/www.welovecycling.com\/pl\/wp-json\/wp\/v2\/types\/post"}],"author":[{"embeddable":true,"href":"https:\/\/www.welovecycling.com\/pl\/wp-json\/wp\/v2\/users\/153"}],"replies":[{"embeddable":true,"href":"https:\/\/www.welovecycling.com\/pl\/wp-json\/wp\/v2\/comments?post=13759"}],"version-history":[{"count":10,"href":"https:\/\/www.welovecycling.com\/pl\/wp-json\/wp\/v2\/posts\/13759\/revisions"}],"predecessor-version":[{"id":13787,"href":"https:\/\/www.welovecycling.com\/pl\/wp-json\/wp\/v2\/posts\/13759\/revisions\/13787"}],"wp:featuredmedia":[{"embeddable":true,"href":"https:\/\/www.welovecycling.com\/pl\/wp-json\/wp\/v2\/media\/13761"}],"wp:attachment":[{"href":"https:\/\/www.welovecycling.com\/pl\/wp-json\/wp\/v2\/media?parent=13759"}],"wp:term":[{"taxonomy":"category","embeddable":true,"href":"https:\/\/www.welovecycling.com\/pl\/wp-json\/wp\/v2\/categories?post=13759"},{"taxonomy":"post_tag","embeddable":true,"href":"https:\/\/www.welovecycling.com\/pl\/wp-json\/wp\/v2\/tags?post=13759"},{"taxonomy":"global-categories","embeddable":true,"href":"https:\/\/www.welovecycling.com\/pl\/wp-json\/wp\/v2\/global-categories?post=13759"}],"curies":[{"name":"wp","href":"https:\/\/api.w.org\/{rel}","templated":true}]}}