{"id":13746,"date":"2023-04-24T14:14:30","date_gmt":"2023-04-24T14:14:30","guid":{"rendered":"https:\/\/www.welovecycling.com\/pl\/?p=13746"},"modified":"2023-04-28T15:17:20","modified_gmt":"2023-04-28T15:17:20","slug":"wielki-pech-i-wielkie-zwyciestwa-to-cos-nieprawdopodobnego","status":"publish","type":"post","link":"https:\/\/www.welovecycling.com\/pl\/2023\/04\/24\/wielki-pech-i-wielkie-zwyciestwa-to-cos-nieprawdopodobnego\/","title":{"rendered":"Wielki pech i wielkie zwyci\u0119stwa. \u201eTo co\u015b nieprawdopodobnego\u201d"},"content":{"rendered":"<p><strong>Mia\u0142 by\u0107 pi\u0119kny pojedynek i rekord, a by\u0142o samotne zwyci\u0119stwo i nerwowe oczekiwanie na raport medyczny. Remco Evenepoel (Soudal-Quick Step) w \u015bwietnym stylu wygra\u0142 wy\u015bcig Liege \u2013 Bostogne \u2013 Liege, a w\u015br\u00f3d kobiet triumfowa\u0142a Demi Vollering.<\/strong><\/p>\n<p>\u2013 Zwyci\u0119stwo w tym wy\u015bcigu to co\u015b nieprawdopodobnego. Wraz z ca\u0142ym zespo\u0142em dok\u0142adnie wykonali\u015bmy ca\u0142y plan i kontrolowali\u015bmy rywalizacj\u0119. Cho\u0107 musz\u0119 szczerze przyzna\u0107, \u017ce \u0142atwo nie by\u0142o \u2013 podkre\u015bla\u0142 na mecie Evenepoel.<\/p>\n<div class=\"embed-controller-wrapper\">\n<blockquote class=\"twitter-tweet\" data-width=\"500\" data-dnt=\"true\">\n<p lang=\"fr\" dir=\"ltr\">\ud83c\udfc6\ud83c\udf08 <a href=\"https:\/\/twitter.com\/EvenepoelRemco?ref_src=twsrc%5Etfw\">@EvenepoelRemco<\/a> remporte \u00e0 nouveau <a href=\"https:\/\/twitter.com\/hashtag\/LBL?src=hash&amp;ref_src=twsrc%5Etfw\">#LBL<\/a> !<\/p>\n<p>\ud83c\udfc6\ud83c\udf08 <a href=\"https:\/\/twitter.com\/EvenepoelRemco?ref_src=twsrc%5Etfw\">@EvenepoelRemco<\/a> wins <a href=\"https:\/\/twitter.com\/hashtag\/LBL?src=hash&amp;ref_src=twsrc%5Etfw\">#LBL<\/a> again! <a href=\"https:\/\/t.co\/ENBrDGgyvr\">pic.twitter.com\/ENBrDGgyvr<\/a><\/p>\n<p>&mdash; Li\u00e8ge-Bastogne-Li\u00e8ge (@LiegeBastogneL) <a href=\"https:\/\/twitter.com\/LiegeBastogneL\/status\/1650150737953824770?ref_src=twsrc%5Etfw\">April 23, 2023<\/a><\/p><\/blockquote>\n<p><script async data-src=\"https:\/\/platform.twitter.com\/widgets.js\" charset=\"utf-8\"><\/script><\/div>\n<p>Podczas Liege \u2013 Bostogne \u2013 Liege Belg mia\u0142 stoczy\u0107 bitw\u0119 z Tadejem Pogacarem (UAE Team Emirates), kt\u00f3ry z kolei celowa\u0142 w arde\u0144ski tryptyk (w tym sezonie wygra\u0142 ju\u017c Amstel Gold Race oraz La Fleche Wallonne). Szybko jednak okaza\u0142o si\u0119, \u017ce wielki pojedynek S\u0142oweniec musi odda\u0107 walkowerem.<\/p>\n<p>Na 167. kilometrze Pogacar upad\u0142 bowiem tak pechowo, \u017ce szybko podj\u0119to decyzj\u0119 o wycofaniu go z wy\u015bcigu. S\u0142oweniec nabawi\u0142 si\u0119 urazu nadgarstka, ale jeszcze nie wiadomo, jak powa\u017cna jest kontuzja i czy pokrzy\u017cuje Pogacarowi plany zwi\u0105zane z rozpoczynaj\u0105cym si\u0119 w lipcu Tour de France.<\/p>\n<h2><strong>\u201eCzas na kr\u00f3tkie \u015bwi\u0119towanie\u201d<\/strong><\/h2>\n<p><a href=\"https:\/\/d2p6e6u75xmxt8.cloudfront.net\/5\/2023\/04\/profimedia-0771302777.webp\"><img loading=\"lazy\" decoding=\"async\" class=\"alignnone wp-image-13750 size-full\" src=\"https:\/\/d2p6e6u75xmxt8.cloudfront.net\/5\/2023\/04\/profimedia-0771302777.webp\" alt=\"\" width=\"1800\" height=\"1236\" srcset=\"https:\/\/d2p6e6u75xmxt8.cloudfront.net\/5\/2023\/04\/profimedia-0771302777.webp 1800w, https:\/\/d2p6e6u75xmxt8.cloudfront.net\/5\/2023\/04\/profimedia-0771302777-300x206.webp 300w, https:\/\/d2p6e6u75xmxt8.cloudfront.net\/5\/2023\/04\/profimedia-0771302777-1024x703.webp 1024w, https:\/\/d2p6e6u75xmxt8.cloudfront.net\/5\/2023\/04\/profimedia-0771302777-768x527.webp 768w, https:\/\/d2p6e6u75xmxt8.cloudfront.net\/5\/2023\/04\/profimedia-0771302777-1536x1055.webp 1536w, https:\/\/d2p6e6u75xmxt8.cloudfront.net\/5\/2023\/04\/profimedia-0771302777-400x275.webp 400w\" sizes=\"auto, (max-width: 1800px) 100vw, 1800px\" \/><\/a><\/p>\n<p>W tej sytuacji otwart\u0105 drog\u0119 do zwyci\u0119stwa w Liege \u2013 Bostogne \u2013 Liege mia\u0142 Evenepoel i rozp\u0119dzi\u0142 si\u0119 jak na autostradzie. Na jednym z pojazd\u00f3w odjecha\u0142 rywalom i spokojnie kontrolowa\u0142 wy\u015bcig, a na met\u0119 wpad\u0142 z ponad minut\u0105 przewagi nad drugim Tomem Pidcockiem (Ineos Grenadiers) oraz trzecim Santiago Buitrago (Bahrain Victorious).<\/p>\n<div class=\"embed-controller-wrapper\">\n<blockquote class=\"twitter-tweet\" data-width=\"500\" data-dnt=\"true\">\n<p lang=\"en\" dir=\"ltr\">\ud83d\udcf8 \ud835\udde3\ud835\uddf6\ud835\uddf0 \ud835\uddfc\ud835\uddf3 \ud835\ude01\ud835\uddf5\ud835\uddf2 \ud835\uddf1\ud835\uddee\ud835\ude06 \ud83d\udcf8<\/p>\n<p>with <a href=\"https:\/\/twitter.com\/AGInsurancePR?ref_src=twsrc%5Etfw\">@AGInsurancePR<\/a> <a href=\"https:\/\/twitter.com\/hashtag\/LBL?src=hash&amp;ref_src=twsrc%5Etfw\">#LBL<\/a> <a href=\"https:\/\/twitter.com\/hashtag\/LBLwomen?src=hash&amp;ref_src=twsrc%5Etfw\">#LBLwomen<\/a> <a href=\"https:\/\/t.co\/8yrZx7EqL2\">pic.twitter.com\/8yrZx7EqL2<\/a><\/p>\n<p>&mdash; Li\u00e8ge-Bastogne-Li\u00e8ge (@LiegeBastogneL) <a href=\"https:\/\/twitter.com\/LiegeBastogneL\/status\/1650230832114565123?ref_src=twsrc%5Etfw\">April 23, 2023<\/a><\/p><\/blockquote>\n<p><script async data-src=\"https:\/\/platform.twitter.com\/widgets.js\" charset=\"utf-8\"><\/script><\/div>\n<p>\u2013 Podczas ostatnich trening\u00f3w widzia\u0142em, \u017ce mam dobr\u0105 form\u0119, a zwyci\u0119stwo tylko to potwierdza. Teraz czas na kr\u00f3tkie \u015bwi\u0119towanie i ju\u017c przygotowujemy si\u0119 do kolejnych wy\u015bcig\u00f3w \u2013 m\u00f3wi\u0142 na mecie Evenepoel, kt\u00f3ry teraz trenuje do Giro d\u2019Italia.<\/p>\n<h2><strong>Vollering z trypletem arde\u0144skim<\/strong><\/h2>\n<p>To, co z powodu kontuzji nie uda\u0142o si\u0119 Pogacarowi, osi\u0105gn\u0119\u0142a w niedziel\u0119 Demi Vollering (Team SD Worx). Holenderka w \u015bwietnym stylu wygra\u0142a Liege \u2013 Bostogne \u2013 Liege i tym samym skompletowa\u0142a zwyci\u0119stwa w tryptyku arde\u0144skim. Vollering na ko\u0144c\u00f3wk\u0119 zachowa\u0142a najwi\u0119cej si\u0142 i na finiszu nie da\u0142a szans Elisie Longo Borghini (Trek-Segafredo).<\/p>\n<div class=\"embed-controller-wrapper\">\n<blockquote class=\"twitter-tweet\" data-width=\"500\" data-dnt=\"true\">\n<p lang=\"fr\" dir=\"ltr\">\ud83d\udc40 Un beau duel pour une belle victoire de <a href=\"https:\/\/twitter.com\/demivollering?ref_src=twsrc%5Etfw\">@demivollering<\/a> ! \u2694\ufe0f<\/p>\n<p>\ud83d\udc40 A great battle and a great win for <a href=\"https:\/\/twitter.com\/demivollering?ref_src=twsrc%5Etfw\">@demivollering<\/a>! \u2694\ufe0f<a href=\"https:\/\/twitter.com\/hashtag\/LBLwomen?src=hash&amp;ref_src=twsrc%5Etfw\">#LBLwomen<\/a> <a href=\"https:\/\/t.co\/9ESti06tws\">pic.twitter.com\/9ESti06tws<\/a><\/p>\n<p>&mdash; Li\u00e8ge-Bastogne-Li\u00e8ge (@LiegeBastogneL) <a href=\"https:\/\/twitter.com\/LiegeBastogneL\/status\/1650091328057884672?ref_src=twsrc%5Etfw\">April 23, 2023<\/a><\/p><\/blockquote>\n<p><script async data-src=\"https:\/\/platform.twitter.com\/widgets.js\" charset=\"utf-8\"><\/script><\/div>\n<p>\u2013 To zwyci\u0119stwo to niesamowita sprawa, wci\u0105\u017c nie mog\u0119 w to uwierzy\u0107. Zaryzykowa\u0142am, bo chcia\u0142am dzi\u015b wygra\u0107, a zesp\u00f3\u0142 bardzo mi w tym pom\u00f3g\u0142 \u2013 cieszy\u0142a si\u0119 Vollering.<\/p>\n<h2><strong>Jutro startuje Tour de Romandie<\/strong><\/h2>\n<p>Teraz zawodnicy przygotowuj\u0105 si\u0119 ju\u017c do Tour de Romandie, ostatniego wy\u015bcigu wieloetapowego przed Grand Tourami. Szwajcarska rywalizacja b\u0119dzie generalnym sprawdzianem przed majowym Giro d\u2019Italia.<\/p>\n<p>\u015aciganie w Tour de Romandie rozpocznie si\u0119 we wtorek od jazdy indywidualnej na czas (6,8 km), a nast\u0119pnie zawodnik\u00f3w czekaj\u0105 dwa etapy pag\u00f3rkowate. P\u00f3\u017aniej kolarze pojad\u0105 kolejn\u0105 czas\u00f3wk\u0119, a wiele mo\u017ce wyja\u015bni\u0107 si\u0119 podczas sobotniego etapu g\u00f3rskiego.<\/p>\n<div class=\"embed-controller-wrapper\">\n<blockquote class=\"twitter-tweet\" data-width=\"500\" data-dnt=\"true\">\n<p lang=\"fr\" dir=\"ltr\">DANS 7 JOURS&#8230; D\u00c9PART 1\u00e8re \u00c9TAPE \u00c0 CRISSIER.<a href=\"https:\/\/twitter.com\/hashtag\/TDR2023?src=hash&amp;ref_src=twsrc%5Etfw\">#TDR2023<\/a> D\u00e9cor en vid\u00e9o (AirProduction) du d\u00e9part du 26 avril (arriv\u00e9e au Sentier\/La Vall\u00e9e de Joux). F\u00eate d\u00e8s le 25 \u00e0 Crissier avec \u00e9cran g\u00e9ant pour suivre le prologue de Bouveret-Port Valais. Pr\u00eat-e-s?<a href=\"https:\/\/twitter.com\/hashtag\/tdrnonstop?src=hash&amp;ref_src=twsrc%5Etfw\">#tdrnonstop<\/a> <a href=\"https:\/\/twitter.com\/hashtag\/UCIworldtour?src=hash&amp;ref_src=twsrc%5Etfw\">#UCIworldtour<\/a> <a href=\"https:\/\/t.co\/rpGQ87LyDN\">pic.twitter.com\/rpGQ87LyDN<\/a><\/p>\n<p>&mdash; Tour de Romandie (@TourDeRomandie) <a href=\"https:\/\/twitter.com\/TourDeRomandie\/status\/1648606379794391040?ref_src=twsrc%5Etfw\">April 19, 2023<\/a><\/p><\/blockquote>\n<p><script async data-src=\"https:\/\/platform.twitter.com\/widgets.js\" charset=\"utf-8\"><\/script><\/div>\n<p>Zako\u0144czenie wy\u015bcigu w niedziel\u0119, gdy zawodnicy b\u0119d\u0105 mieli za sob\u0105 przejechanych 691 km.<\/p>\n<p><span data-sheets-value=\"{&quot;1&quot;:2,&quot;2&quot;:&quot;Artyku\u0142 powsta\u0142 we wsp\u00f3\u0142pracy ze skoda-auto.pl&quot;}\" data-sheets-userformat=\"{&quot;2&quot;:1,&quot;3&quot;:{&quot;1&quot;:0}}\" data-sheets-hyperlink=\"http:\/\/www.skoda-auto.pl\/\"><a class=\"in-cell-link\" href=\"http:\/\/www.skoda-auto.pl\/\" target=\"_blank\" rel=\"noopener noreferrer\">Artyku\u0142 powsta\u0142 we wsp\u00f3\u0142pracy ze skoda-auto.pl<\/a><\/span><\/p>\n<p><a href=\"https:\/\/d2p6e6u75xmxt8.cloudfront.net\/5\/2030\/11\/4_v2.webp\"><img loading=\"lazy\" decoding=\"async\" class=\"size-full wp-image-13790 aligncenter\" src=\"https:\/\/d2p6e6u75xmxt8.cloudfront.net\/5\/2030\/11\/4_v2.webp\" alt=\"\" width=\"640\" height=\"350\" srcset=\"https:\/\/d2p6e6u75xmxt8.cloudfront.net\/5\/2030\/11\/4_v2.webp 640w, https:\/\/d2p6e6u75xmxt8.cloudfront.net\/5\/2030\/11\/4_v2-300x164.webp 300w, https:\/\/d2p6e6u75xmxt8.cloudfront.net\/5\/2030\/11\/4_v2-400x219.webp 400w\" sizes=\"auto, (max-width: 640px) 100vw, 640px\" \/><\/a><\/p>\n","protected":false},"excerpt":{"rendered":"<p>Mia\u0142 by\u0107 pi\u0119kny pojedynek i rekord, a by\u0142o samotne zwyci\u0119stwo i nerwowe oczekiwanie na raport medyczny. Remco Evenepoel (Soudal-Quick Step) [&hellip;]<\/p>\n","protected":false},"author":153,"featured_media":13751,"comment_status":"open","ping_status":"open","sticky":false,"template":"","format":"standard","meta":{"footnotes":""},"categories":[6,295],"tags":[372,176,362],"global-categories":[303],"class_list":["post-13746","post","type-post","status-publish","format-standard","has-post-thumbnail","hentry","category-kolarstwo-szosowe","category-zawody","tag-jazda-rowerem","tag-kolarstwo","tag-piotr-nowik","global-categories-cycling"],"yoast_head":"<!-- This site is optimized with the Yoast SEO Premium plugin v25.3 (Yoast SEO v25.9) - https:\/\/yoast.com\/wordpress\/plugins\/seo\/ -->\n<title>Wielki pech i wielkie zwyci\u0119stwa. \u201eTo co\u015b nieprawdopodobnego\u201d - \u0160koda We Love Cycling - Poland<\/title>\n<meta name=\"robots\" content=\"index, follow, max-snippet:-1, max-image-preview:large, max-video-preview:-1\" \/>\n<link rel=\"canonical\" href=\"https:\/\/www.welovecycling.com\/pl\/2023\/04\/24\/wielki-pech-i-wielkie-zwyciestwa-to-cos-nieprawdopodobnego\/\" \/>\n<meta property=\"og:locale\" content=\"pl_PL\" \/>\n<meta property=\"og:type\" content=\"article\" \/>\n<meta property=\"og:title\" content=\"Wielki pech i wielkie zwyci\u0119stwa. \u201eTo co\u015b nieprawdopodobnego\u201d\" \/>\n<meta property=\"og:description\" content=\"Mia\u0142 by\u0107 pi\u0119kny pojedynek i rekord, a by\u0142o samotne zwyci\u0119stwo i nerwowe oczekiwanie na raport medyczny. Remco Evenepoel (Soudal-Quick Step) [&hellip;]\" \/>\n<meta property=\"og:url\" content=\"https:\/\/www.welovecycling.com\/pl\/2023\/04\/24\/wielki-pech-i-wielkie-zwyciestwa-to-cos-nieprawdopodobnego\/\" \/>\n<meta property=\"og:site_name\" content=\"\u0160koda We Love Cycling - Poland\" \/>\n<meta property=\"article:published_time\" content=\"2023-04-24T14:14:30+00:00\" \/>\n<meta property=\"article:modified_time\" content=\"2023-04-28T15:17:20+00:00\" \/>\n<meta property=\"og:image\" content=\"https:\/\/d2p6e6u75xmxt8.cloudfront.net\/5\/2023\/04\/Remco-Evenepoel-profimedia-0771402777-CVR.webp\" \/>\n\t<meta property=\"og:image:width\" content=\"990\" \/>\n\t<meta property=\"og:image:height\" content=\"660\" \/>\n\t<meta property=\"og:image:type\" content=\"image\/webp\" \/>\n<meta name=\"author\" content=\"rafal\" \/>\n<meta name=\"twitter:card\" content=\"summary_large_image\" \/>\n<meta name=\"twitter:label1\" content=\"Written by\" \/>\n\t<meta name=\"twitter:data1\" content=\"Piotr Nowik\" \/>\n\t<meta name=\"twitter:label2\" content=\"Est. reading time\" \/>\n\t<meta name=\"twitter:data2\" content=\"3\" \/>\n<script type=\"application\/ld+json\" class=\"yoast-schema-graph\">{\"@context\":\"https:\/\/schema.org\",\"@graph\":[{\"@type\":\"WebPage\",\"@id\":\"https:\/\/www.welovecycling.com\/pl\/2023\/04\/24\/wielki-pech-i-wielkie-zwyciestwa-to-cos-nieprawdopodobnego\/\",\"url\":\"https:\/\/www.welovecycling.com\/pl\/2023\/04\/24\/wielki-pech-i-wielkie-zwyciestwa-to-cos-nieprawdopodobnego\/\",\"name\":\"Wielki pech i wielkie zwyci\u0119stwa. \u201eTo co\u015b nieprawdopodobnego\u201d - \u0160koda We Love Cycling - Poland\",\"isPartOf\":{\"@id\":\"https:\/\/www.welovecycling.com\/pl\/#website\"},\"primaryImageOfPage\":{\"@id\":\"https:\/\/www.welovecycling.com\/pl\/2023\/04\/24\/wielki-pech-i-wielkie-zwyciestwa-to-cos-nieprawdopodobnego\/#primaryimage\"},\"image\":{\"@id\":\"https:\/\/www.welovecycling.com\/pl\/2023\/04\/24\/wielki-pech-i-wielkie-zwyciestwa-to-cos-nieprawdopodobnego\/#primaryimage\"},\"thumbnailUrl\":\"https:\/\/d2p6e6u75xmxt8.cloudfront.net\/5\/2023\/04\/Remco-Evenepoel-profimedia-0771402777-CVR.webp\",\"datePublished\":\"2023-04-24T14:14:30+00:00\",\"dateModified\":\"2023-04-28T15:17:20+00:00\",\"author\":{\"@id\":\"https:\/\/www.welovecycling.com\/pl\/#\/schema\/person\/bf06ed916a1ef16618807fb60d2ebe42\"},\"breadcrumb\":{\"@id\":\"https:\/\/www.welovecycling.com\/pl\/2023\/04\/24\/wielki-pech-i-wielkie-zwyciestwa-to-cos-nieprawdopodobnego\/#breadcrumb\"},\"inLanguage\":\"pl-PL\",\"potentialAction\":[{\"@type\":\"ReadAction\",\"target\":[\"https:\/\/www.welovecycling.com\/pl\/2023\/04\/24\/wielki-pech-i-wielkie-zwyciestwa-to-cos-nieprawdopodobnego\/\"]}]},{\"@type\":\"ImageObject\",\"inLanguage\":\"pl-PL\",\"@id\":\"https:\/\/www.welovecycling.com\/pl\/2023\/04\/24\/wielki-pech-i-wielkie-zwyciestwa-to-cos-nieprawdopodobnego\/#primaryimage\",\"url\":\"https:\/\/d2p6e6u75xmxt8.cloudfront.net\/5\/2023\/04\/Remco-Evenepoel-profimedia-0771402777-CVR.webp\",\"contentUrl\":\"https:\/\/d2p6e6u75xmxt8.cloudfront.net\/5\/2023\/04\/Remco-Evenepoel-profimedia-0771402777-CVR.webp\",\"width\":990,\"height\":660},{\"@type\":\"BreadcrumbList\",\"@id\":\"https:\/\/www.welovecycling.com\/pl\/2023\/04\/24\/wielki-pech-i-wielkie-zwyciestwa-to-cos-nieprawdopodobnego\/#breadcrumb\",\"itemListElement\":[{\"@type\":\"ListItem\",\"position\":1,\"name\":\"Home\",\"item\":\"https:\/\/www.welovecycling.com\/pl\/\"},{\"@type\":\"ListItem\",\"position\":2,\"name\":\"Wielki pech i wielkie zwyci\u0119stwa. \u201eTo co\u015b nieprawdopodobnego\u201d\"}]},{\"@type\":\"WebSite\",\"@id\":\"https:\/\/www.welovecycling.com\/pl\/#website\",\"url\":\"https:\/\/www.welovecycling.com\/pl\/\",\"name\":\"\u0160koda We Love Cycling - Poland\",\"description\":\"\",\"potentialAction\":[{\"@type\":\"SearchAction\",\"target\":{\"@type\":\"EntryPoint\",\"urlTemplate\":\"https:\/\/www.welovecycling.com\/pl\/?s={search_term_string}\"},\"query-input\":{\"@type\":\"PropertyValueSpecification\",\"valueRequired\":true,\"valueName\":\"search_term_string\"}}],\"inLanguage\":\"pl-PL\"},{\"@type\":\"Person\",\"@id\":\"https:\/\/www.welovecycling.com\/pl\/#\/schema\/person\/bf06ed916a1ef16618807fb60d2ebe42\",\"name\":\"rafal\",\"image\":{\"@type\":\"ImageObject\",\"inLanguage\":\"pl-PL\",\"@id\":\"https:\/\/www.welovecycling.com\/pl\/#\/schema\/person\/image\/\",\"url\":\"https:\/\/secure.gravatar.com\/avatar\/203f240e63bee214f6f3a0dacbeb600c7829c09716c2b9ee3230c6961debcde2?s=96&d=mm&r=g\",\"contentUrl\":\"https:\/\/secure.gravatar.com\/avatar\/203f240e63bee214f6f3a0dacbeb600c7829c09716c2b9ee3230c6961debcde2?s=96&d=mm&r=g\",\"caption\":\"rafal\"},\"url\":\"https:\/\/www.welovecycling.com\/pl\/author\/rafal\/\"}]}<\/script>\n<!-- \/ Yoast SEO Premium plugin. -->","yoast_head_json":{"title":"Wielki pech i wielkie zwyci\u0119stwa. \u201eTo co\u015b nieprawdopodobnego\u201d - \u0160koda We Love Cycling - Poland","robots":{"index":"index","follow":"follow","max-snippet":"max-snippet:-1","max-image-preview":"max-image-preview:large","max-video-preview":"max-video-preview:-1"},"canonical":"https:\/\/www.welovecycling.com\/pl\/2023\/04\/24\/wielki-pech-i-wielkie-zwyciestwa-to-cos-nieprawdopodobnego\/","og_locale":"pl_PL","og_type":"article","og_title":"Wielki pech i wielkie zwyci\u0119stwa. \u201eTo co\u015b nieprawdopodobnego\u201d","og_description":"Mia\u0142 by\u0107 pi\u0119kny pojedynek i rekord, a by\u0142o samotne zwyci\u0119stwo i nerwowe oczekiwanie na raport medyczny. Remco Evenepoel (Soudal-Quick Step) [&hellip;]","og_url":"https:\/\/www.welovecycling.com\/pl\/2023\/04\/24\/wielki-pech-i-wielkie-zwyciestwa-to-cos-nieprawdopodobnego\/","og_site_name":"\u0160koda We Love Cycling - Poland","article_published_time":"2023-04-24T14:14:30+00:00","article_modified_time":"2023-04-28T15:17:20+00:00","og_image":[{"width":990,"height":660,"url":"https:\/\/d2p6e6u75xmxt8.cloudfront.net\/5\/2023\/04\/Remco-Evenepoel-profimedia-0771402777-CVR.webp","type":"image\/webp"}],"author":"rafal","twitter_card":"summary_large_image","twitter_misc":{"Written by":"Piotr Nowik","Est. reading time":"3"},"schema":{"@context":"https:\/\/schema.org","@graph":[{"@type":"WebPage","@id":"https:\/\/www.welovecycling.com\/pl\/2023\/04\/24\/wielki-pech-i-wielkie-zwyciestwa-to-cos-nieprawdopodobnego\/","url":"https:\/\/www.welovecycling.com\/pl\/2023\/04\/24\/wielki-pech-i-wielkie-zwyciestwa-to-cos-nieprawdopodobnego\/","name":"Wielki pech i wielkie zwyci\u0119stwa. \u201eTo co\u015b nieprawdopodobnego\u201d - \u0160koda We Love Cycling - Poland","isPartOf":{"@id":"https:\/\/www.welovecycling.com\/pl\/#website"},"primaryImageOfPage":{"@id":"https:\/\/www.welovecycling.com\/pl\/2023\/04\/24\/wielki-pech-i-wielkie-zwyciestwa-to-cos-nieprawdopodobnego\/#primaryimage"},"image":{"@id":"https:\/\/www.welovecycling.com\/pl\/2023\/04\/24\/wielki-pech-i-wielkie-zwyciestwa-to-cos-nieprawdopodobnego\/#primaryimage"},"thumbnailUrl":"https:\/\/d2p6e6u75xmxt8.cloudfront.net\/5\/2023\/04\/Remco-Evenepoel-profimedia-0771402777-CVR.webp","datePublished":"2023-04-24T14:14:30+00:00","dateModified":"2023-04-28T15:17:20+00:00","author":{"@id":"https:\/\/www.welovecycling.com\/pl\/#\/schema\/person\/bf06ed916a1ef16618807fb60d2ebe42"},"breadcrumb":{"@id":"https:\/\/www.welovecycling.com\/pl\/2023\/04\/24\/wielki-pech-i-wielkie-zwyciestwa-to-cos-nieprawdopodobnego\/#breadcrumb"},"inLanguage":"pl-PL","potentialAction":[{"@type":"ReadAction","target":["https:\/\/www.welovecycling.com\/pl\/2023\/04\/24\/wielki-pech-i-wielkie-zwyciestwa-to-cos-nieprawdopodobnego\/"]}]},{"@type":"ImageObject","inLanguage":"pl-PL","@id":"https:\/\/www.welovecycling.com\/pl\/2023\/04\/24\/wielki-pech-i-wielkie-zwyciestwa-to-cos-nieprawdopodobnego\/#primaryimage","url":"https:\/\/d2p6e6u75xmxt8.cloudfront.net\/5\/2023\/04\/Remco-Evenepoel-profimedia-0771402777-CVR.webp","contentUrl":"https:\/\/d2p6e6u75xmxt8.cloudfront.net\/5\/2023\/04\/Remco-Evenepoel-profimedia-0771402777-CVR.webp","width":990,"height":660},{"@type":"BreadcrumbList","@id":"https:\/\/www.welovecycling.com\/pl\/2023\/04\/24\/wielki-pech-i-wielkie-zwyciestwa-to-cos-nieprawdopodobnego\/#breadcrumb","itemListElement":[{"@type":"ListItem","position":1,"name":"Home","item":"https:\/\/www.welovecycling.com\/pl\/"},{"@type":"ListItem","position":2,"name":"Wielki pech i wielkie zwyci\u0119stwa. \u201eTo co\u015b nieprawdopodobnego\u201d"}]},{"@type":"WebSite","@id":"https:\/\/www.welovecycling.com\/pl\/#website","url":"https:\/\/www.welovecycling.com\/pl\/","name":"\u0160koda We Love Cycling - Poland","description":"","potentialAction":[{"@type":"SearchAction","target":{"@type":"EntryPoint","urlTemplate":"https:\/\/www.welovecycling.com\/pl\/?s={search_term_string}"},"query-input":{"@type":"PropertyValueSpecification","valueRequired":true,"valueName":"search_term_string"}}],"inLanguage":"pl-PL"},{"@type":"Person","@id":"https:\/\/www.welovecycling.com\/pl\/#\/schema\/person\/bf06ed916a1ef16618807fb60d2ebe42","name":"rafal","image":{"@type":"ImageObject","inLanguage":"pl-PL","@id":"https:\/\/www.welovecycling.com\/pl\/#\/schema\/person\/image\/","url":"https:\/\/secure.gravatar.com\/avatar\/203f240e63bee214f6f3a0dacbeb600c7829c09716c2b9ee3230c6961debcde2?s=96&d=mm&r=g","contentUrl":"https:\/\/secure.gravatar.com\/avatar\/203f240e63bee214f6f3a0dacbeb600c7829c09716c2b9ee3230c6961debcde2?s=96&d=mm&r=g","caption":"rafal"},"url":"https:\/\/www.welovecycling.com\/pl\/author\/rafal\/"}]}},"_links":{"self":[{"href":"https:\/\/www.welovecycling.com\/pl\/wp-json\/wp\/v2\/posts\/13746","targetHints":{"allow":["GET"]}}],"collection":[{"href":"https:\/\/www.welovecycling.com\/pl\/wp-json\/wp\/v2\/posts"}],"about":[{"href":"https:\/\/www.welovecycling.com\/pl\/wp-json\/wp\/v2\/types\/post"}],"author":[{"embeddable":true,"href":"https:\/\/www.welovecycling.com\/pl\/wp-json\/wp\/v2\/users\/153"}],"replies":[{"embeddable":true,"href":"https:\/\/www.welovecycling.com\/pl\/wp-json\/wp\/v2\/comments?post=13746"}],"version-history":[{"count":7,"href":"https:\/\/www.welovecycling.com\/pl\/wp-json\/wp\/v2\/posts\/13746\/revisions"}],"predecessor-version":[{"id":13793,"href":"https:\/\/www.welovecycling.com\/pl\/wp-json\/wp\/v2\/posts\/13746\/revisions\/13793"}],"wp:featuredmedia":[{"embeddable":true,"href":"https:\/\/www.welovecycling.com\/pl\/wp-json\/wp\/v2\/media\/13751"}],"wp:attachment":[{"href":"https:\/\/www.welovecycling.com\/pl\/wp-json\/wp\/v2\/media?parent=13746"}],"wp:term":[{"taxonomy":"category","embeddable":true,"href":"https:\/\/www.welovecycling.com\/pl\/wp-json\/wp\/v2\/categories?post=13746"},{"taxonomy":"post_tag","embeddable":true,"href":"https:\/\/www.welovecycling.com\/pl\/wp-json\/wp\/v2\/tags?post=13746"},{"taxonomy":"global-categories","embeddable":true,"href":"https:\/\/www.welovecycling.com\/pl\/wp-json\/wp\/v2\/global-categories?post=13746"}],"curies":[{"name":"wp","href":"https:\/\/api.w.org\/{rel}","templated":true}]}}