{"id":13734,"date":"2023-04-11T11:51:44","date_gmt":"2023-04-11T11:51:44","guid":{"rendered":"https:\/\/www.welovecycling.com\/pl\/?p=13734"},"modified":"2023-04-28T13:12:42","modified_gmt":"2023-04-28T13:12:42","slug":"witamy-w-piekle-oto-wyscig-dla-najwiekszych-twardzieli","status":"publish","type":"post","link":"https:\/\/www.welovecycling.com\/pl\/2023\/04\/11\/witamy-w-piekle-oto-wyscig-dla-najwiekszych-twardzieli\/","title":{"rendered":"Witamy w piekle\u2026 Oto wy\u015bcig dla najwi\u0119kszych twardzieli!"},"content":{"rendered":"<p>Dla jednych to koszmar, dla innych wyzwanie, a tylko dla nielicznych \u2013 spe\u0142nienie marze\u0144. W tym roku szcz\u0119\u015bliwcami zostali Mathieu van der Poel (Alpecin-Deceuninck) oraz Alison Jackson (EF Education-TIBCO-SVB), kt\u00f3rzy wygrali Pary\u017c \u2013 Roubaix.<\/p>\n<p>Je\u015bli przetrwasz ten wy\u015bcig, to znaczy, \u017ce jeste\u015b w stanie przetrwa\u0107 wszystko. Pary\u017c \u2013 Roubaix nieprzypadkowo nazywany jest \u201ePiek\u0142em P\u00f3\u0142nocy\u201d, cho\u0107 kolarze \u017cartuj\u0105, \u017ce na niekt\u00f3rych fragmentach m\u00f3g\u0142by zw\u0105tpi\u0107 sam diabe\u0142. Jazda po brukach, w tumanach piasku i po grz\u0105skich b\u0142otach sprawia, \u017ce o czo\u0142owe lokaty walcz\u0105 najwytrwalsi, a zwyci\u0119zcy moment przeci\u0119cia mety pami\u0119taj\u0105 do ko\u0144ca \u017cycia.<\/p>\n<p><strong>Jeden z najlepszych dni w karierze<\/strong><\/p>\n<p>To jednak nie wszystko, bo podczas Pary\u017c \u2013 Roubaix opr\u00f3cz \u015bwietnej formy trzeba mie\u0107 r\u00f3wnie\u017c wsparcie zespo\u0142u, \u015bwietnie przygotowany sprz\u0119t oraz sporo szcz\u0119\u015bcia. A to wszystko mia\u0142 Mathieu van der Poel.<\/p>\n<div class=\"embed-controller-wrapper\">\n<blockquote class=\"twitter-tweet\" data-width=\"500\" data-dnt=\"true\">\n<p lang=\"und\" dir=\"ltr\">\ud83d\udfe5\ud83d\udfe5\ud83d\udfe5\ud83d\udfe5\ud83d\udfe5\ud83d\udfe5\ud83d\udfe5\ud83d\udfe5\ud83d\udfe5\ud83d\udfe5\ud83d\udfe5\ud83d\udfe5<br \/>\ud83d\udfe5\ud83d\udfe5\ud83d\udfe5\ud83d\udfe5\ud83d\udfe5\ud83d\udfe5\ud83d\udfe5\ud83d\udfe5\ud83d\udfe5\ud83d\udfe5\ud83d\udfe5\ud83d\udfe5<br \/>\u2b1c\u2b1c\u2b1c\u2b1c\u2b1c\u2b1c\u2b1c\u2b1c\u2b1c\u2b1c\u2b1c\u2b1c<br \/>\u2b1c\u2b1c\u2b1c\u2b1c\u2b1c\u2b1c\u2b1c\u2b1c\u2b1c\u2b1c\u2b1c\u2b1c<br \/>\ud83d\udfe6\ud83d\udfe6\ud83d\udfe6\ud83d\udfe6\ud83d\udfe6\ud83d\udfe6\ud83d\udfe6\ud83d\udfe6\ud83d\udfe6\ud83d\udfe6\ud83d\udfe6\ud83d\udfe6<br \/>\ud83d\udfe6\ud83d\udfe6\ud83d\udfe6\ud83d\udfe6\ud83d\udfe6\ud83d\udfe6<a href=\"https:\/\/twitter.com\/mathieuvdpoel?ref_src=twsrc%5Etfw\">@mathieuvdpoel<\/a> <\/p>\n<p>\ud83c\udfc6 2023 <a href=\"https:\/\/twitter.com\/hashtag\/ParisRoubaix?src=hash&amp;ref_src=twsrc%5Etfw\">#ParisRoubaix<\/a> <a href=\"https:\/\/t.co\/Zlnr9yjAU4\">pic.twitter.com\/Zlnr9yjAU4<\/a><\/p>\n<p>&mdash; Paris-Roubaix (@parisroubaix) <a href=\"https:\/\/twitter.com\/parisroubaix\/status\/1645344721416454145?ref_src=twsrc%5Etfw\">April 10, 2023<\/a><\/p><\/blockquote>\n<p><script async data-src=\"https:\/\/platform.twitter.com\/widgets.js\" charset=\"utf-8\"><\/script><\/div>\n<p>\u2013 Ca\u0142y zesp\u00f3\u0142 spisa\u0142 si\u0119 niesamowicie, nie mo\u017cna by\u0142o pojecha\u0107 tego wy\u015bcigu lepiej. To by\u0142 jeden z najlepszych rowerowych dni w moim \u017cyciu \u2013 cieszy\u0142 si\u0119 na mecie Holender.<\/p>\n<p>Van der Poel wygra\u0142 po samotnej ucieczce i trzeba przyzna\u0107, \u017ce przez ca\u0142y wy\u015bcig by\u0142 bardzo aktywny. Atakowa\u0142, n\u0119ka\u0142 rywali, zmienia\u0142 tempo i pokazywa\u0142, \u017ce zrobi wszystko, by do kolekcji dorzuci\u0107 kolejny tzw. monument kolarski (w tym roku wygra\u0142 ju\u017c Mediolan \u2013 San Remo).<\/p>\n<div class=\"embed-controller-wrapper\">\n<blockquote class=\"twitter-tweet\" data-width=\"500\" data-dnt=\"true\">\n<p lang=\"fr\" dir=\"ltr\">\ud83d\ude08 \ud83c\uddf3\ud83c\uddf1<a href=\"https:\/\/twitter.com\/mathieuvdpoel?ref_src=twsrc%5Etfw\">@mathieuvdpoel<\/a> wins solo in Roubaix!<br \/>\u23ea Relive the last kilometre of <a href=\"https:\/\/twitter.com\/hashtag\/ParisRoubaix?src=hash&amp;ref_src=twsrc%5Etfw\">#ParisRoubaix<\/a><\/p>\n<p>\ud83d\ude08 Victoire en solitaire de \ud83c\uddf3\ud83c\uddf1<a href=\"https:\/\/twitter.com\/mathieuvdpoel?ref_src=twsrc%5Etfw\">@mathieuvdpoel<\/a> \u00e0 Roubaix!<br \/>\u23ea Revivez le dernier kilom\u00e8tre de <a href=\"https:\/\/twitter.com\/hashtag\/ParisRoubaix?src=hash&amp;ref_src=twsrc%5Etfw\">#ParisRoubaix<\/a> 2023 <a href=\"https:\/\/t.co\/pY8DzXw1jO\">pic.twitter.com\/pY8DzXw1jO<\/a><\/p>\n<p>&mdash; Paris-Roubaix (@parisroubaix) <a href=\"https:\/\/twitter.com\/parisroubaix\/status\/1645081828351434753?ref_src=twsrc%5Etfw\">April 9, 2023<\/a><\/p><\/blockquote>\n<p><script async data-src=\"https:\/\/platform.twitter.com\/widgets.js\" charset=\"utf-8\"><\/script><\/div>\n<p><strong>Uczucie trudne do opisania<\/strong><\/p>\n<p>Kluczowa dla wy\u015bcigu rozgrywka mia\u0142a miejsce kilkana\u015bcie kilometr\u00f3w przed met\u0105. Na atak zdecydowa\u0142 si\u0119 Wout van Aert (Jumbo-Visma), ale mia\u0142 pecha \u2013 przebi\u0142 opon\u0119 i sta\u0142o si\u0119 jasne, \u017ce Belg wypadnie z gry. Mimo problem\u00f3w z rowerem stara\u0142 si\u0119 walczy\u0107 do ko\u0144ca, ale na met\u0119 wpad\u0142 jako trzeci, po Jasperze Philipsenie (Alpecin-Deceuninck).<\/p>\n<p>\u2013 Trudno opisa\u0107, jak si\u0119 czu\u0142em, wje\u017cd\u017caj\u0105c na welodrom. Ta wygrana to spe\u0142nienie marze\u0144 i dzi\u015b mog\u0119 powiedzie\u0107, \u017ce kocham Pary\u017c \u2013 Roubaix. Czu\u0142em si\u0119 bardzo silny i jestem szcz\u0119\u015bliwy, \u017ce mog\u0142em wyko\u0144czy\u0107 \u015bwietn\u0105 prac\u0119 ca\u0142ego zespo\u0142u \u2013 podkre\u015bla\u0142 van der Poel, kt\u00f3ry o ma\u0142y w\u0142os sam nie zaliczy\u0142 kraksy.<\/p>\n<div class=\"embed-controller-wrapper\">\n<blockquote class=\"twitter-tweet\" data-width=\"500\" data-dnt=\"true\">\n<p lang=\"fr\" dir=\"ltr\">\ud83c\udfc1 7km <\/p>\n<p>\ud83d\ude31 \ud83c\uddf3\ud83c\uddf1<a href=\"https:\/\/twitter.com\/mathieuvdpoel?ref_src=twsrc%5Etfw\">@mathieuvdpoel<\/a> gives it all in the last kilometres! <\/p>\n<p>\ud83d\ude31 \ud83c\uddf3\ud83c\uddf1<a href=\"https:\/\/twitter.com\/mathieuvdpoel?ref_src=twsrc%5Etfw\">@mathieuvdpoel<\/a> prend tous les risques dans les derniers kilom\u00e8tres !<a href=\"https:\/\/twitter.com\/hashtag\/ParisRoubaix?src=hash&amp;ref_src=twsrc%5Etfw\">#ParisRoubaix<\/a> <a href=\"https:\/\/t.co\/RuxSErS5n9\">pic.twitter.com\/RuxSErS5n9<\/a><\/p>\n<p>&mdash; Paris-Roubaix (@parisroubaix) <a href=\"https:\/\/twitter.com\/parisroubaix\/status\/1645077661608230912?ref_src=twsrc%5Etfw\">April 9, 2023<\/a><\/p><\/blockquote>\n<p><script async data-src=\"https:\/\/platform.twitter.com\/widgets.js\" charset=\"utf-8\"><\/script><\/div>\n<p>Dodatkowo na mecie okaza\u0142o si\u0119, \u017ce tegoroczny Pary\u017c \u2013 Roubaix by\u0142 najszybszy w historii \u2013 zwyci\u0119zca pokona\u0142 tras\u0119 ze \u015bredni\u0105 pr\u0119dko\u015bci\u0105 46,841 km\/godz.<\/p>\n<p>O trudach wy\u015bcigu Pary\u017c \u2013 Roubaix przekonali si\u0119 dwaj Polacy. Kamil Gradek (Bahrain-Victorious) i Maciej Bodnar (TotalEnergies) nie dotarli do mety \u201ePiek\u0142a P\u00f3\u0142nocy\u201d.<\/p>\n<p><strong>Twardzielki z Polski<\/strong><\/p>\n<p>W bardzo trudnych warunkach \u015bwietnie spisa\u0142a si\u0119 Marta Lach (Ceratizit-WNT). Polka od pocz\u0105tku by\u0142a bardzo aktywna i pr\u00f3bowa\u0142a dotrzymywa\u0107 kroku prowadz\u0105cym zawodniczkom. Na koniec to w\u0142a\u015bnie ona ci\u0105gn\u0119\u0142a kluczow\u0105 ucieczk\u0119 i w \u015bcis\u0142ej czo\u0142\u00f3wce wjecha\u0142a na welodrom. Najwi\u0119cej si\u0142 zachowa\u0142a jednak Alison Jackson (EF Education-TIBCO-SVB), kt\u00f3ra wygra\u0142a przed Kati\u0105 Ragus\u0105 (Liv Racing TeqFind) i Marth\u0105 Truyen (Fenix-Deceuninck). A rado\u015b\u0107 zwyci\u0119\u017cczyni wygl\u0105da\u0142a tak:<\/p>\n<div class=\"embed-controller-wrapper\">\n<blockquote class=\"twitter-tweet\" data-width=\"500\" data-dnt=\"true\">\n<p lang=\"en\" dir=\"ltr\">\ud83e\udd23 We just can&#39;t get enough of this&#8230;<\/p>\n<p>\ud83d\udc83 On ne s&#39;en lasse pas&#8230;<a href=\"https:\/\/twitter.com\/hashtag\/ParisRoubaixFemmes?src=hash&amp;ref_src=twsrc%5Etfw\">#ParisRoubaixFemmes<\/a> <a href=\"https:\/\/twitter.com\/hashtag\/WatchTheFemmes?src=hash&amp;ref_src=twsrc%5Etfw\">#WatchTheFemmes<\/a> <a href=\"https:\/\/t.co\/OtCC2zYqSU\">pic.twitter.com\/OtCC2zYqSU<\/a><\/p>\n<p>&mdash; Paris-Roubaix Femmes avec Zwift (@RoubaixFemmes) <a href=\"https:\/\/twitter.com\/RoubaixFemmes\/status\/1644792765090263040?ref_src=twsrc%5Etfw\">April 8, 2023<\/a><\/p><\/blockquote>\n<p><script async data-src=\"https:\/\/platform.twitter.com\/widgets.js\" charset=\"utf-8\"><\/script><\/div>\n<p>Lach uko\u0144czy\u0142a wy\u015bcig na \u015bwietnym sz\u00f3stym miejscu, ale powody do zadowolenia mog\u0105 mie\u0107 tak\u017ce pozosta\u0142e Polki. Agnieszka Skalniak-S\u00f3jka (Canyon\/Sram Racing) by\u0142a 34., Karolina Kumi\u0119ga (UAE Team ADQ) 59., Marta Jaskulska (Liv Racing Teqfind) 70., a Kaja Rysz (Lifeplus Wahoo) \u2013 97.<\/p>\n<p>\u2013 Nigdy nie zapomn\u0119 momentu, gdy atakowa\u0142am na najtrudniejszych odcinkach brukowych \u201ePiek\u0142a P\u00f3\u0142nocy\u201d. Nigdy nie zapomn\u0119 momentu wjazdu na welodrom w Roubaix. Co\u015b niesamowitego. Sz\u00f3ste miejsce w Pary\u017c \u2013 Roubaix Femmes. P\u00f3ki co to dla mnie najwi\u0119ksze osi\u0105gni\u0119cie w klasyku World Touru \u2013 napisa\u0142a Lach na Instagramie.<\/p>\n<p>https:\/\/www.instagram.com\/p\/Cqyn533s03j\/<\/p>\n<p><span data-sheets-value=\"{&quot;1&quot;:2,&quot;2&quot;:&quot;Artyku\u0142 powsta\u0142 we wsp\u00f3\u0142pracy ze skoda-auto.pl&quot;}\" data-sheets-userformat=\"{&quot;2&quot;:1,&quot;3&quot;:{&quot;1&quot;:0}}\" data-sheets-hyperlink=\"http:\/\/www.skoda-auto.pl\/\"><a class=\"in-cell-link\" href=\"http:\/\/www.skoda-auto.pl\/\" target=\"_blank\" rel=\"noopener noreferrer\">Artyku\u0142 powsta\u0142 we wsp\u00f3\u0142pracy ze skoda-auto.pl<\/a><\/span><\/p>\n<p><a href=\"https:\/\/d2p6e6u75xmxt8.cloudfront.net\/5\/2030\/11\/2.webp\"><img loading=\"lazy\" decoding=\"async\" class=\"size-full wp-image-13774 aligncenter\" src=\"https:\/\/d2p6e6u75xmxt8.cloudfront.net\/5\/2030\/11\/2.webp\" alt=\"\" width=\"640\" height=\"350\" srcset=\"https:\/\/d2p6e6u75xmxt8.cloudfront.net\/5\/2030\/11\/2.webp 640w, https:\/\/d2p6e6u75xmxt8.cloudfront.net\/5\/2030\/11\/2-300x164.webp 300w, https:\/\/d2p6e6u75xmxt8.cloudfront.net\/5\/2030\/11\/2-400x219.webp 400w\" sizes=\"auto, (max-width: 640px) 100vw, 640px\" \/><\/a><\/p>\n","protected":false},"excerpt":{"rendered":"<p>Dla jednych to koszmar, dla innych wyzwanie, a tylko dla nielicznych \u2013 spe\u0142nienie marze\u0144. W tym roku szcz\u0119\u015bliwcami zostali Mathieu [&hellip;]<\/p>\n","protected":false},"author":153,"featured_media":13735,"comment_status":"open","ping_status":"open","sticky":false,"template":"","format":"standard","meta":{"footnotes":""},"categories":[6,295],"tags":[362],"global-categories":[303],"class_list":["post-13734","post","type-post","status-publish","format-standard","has-post-thumbnail","hentry","category-kolarstwo-szosowe","category-zawody","tag-piotr-nowik","global-categories-cycling"],"yoast_head":"<!-- This site is optimized with the Yoast SEO Premium plugin v25.3 (Yoast SEO v25.9) - https:\/\/yoast.com\/wordpress\/plugins\/seo\/ -->\n<title>Witamy w piekle\u2026 Oto wy\u015bcig dla najwi\u0119kszych twardzieli! - \u0160koda We Love Cycling - Poland<\/title>\n<meta name=\"robots\" content=\"index, follow, max-snippet:-1, max-image-preview:large, max-video-preview:-1\" \/>\n<link rel=\"canonical\" href=\"https:\/\/www.welovecycling.com\/pl\/2023\/04\/11\/witamy-w-piekle-oto-wyscig-dla-najwiekszych-twardzieli\/\" \/>\n<meta property=\"og:locale\" content=\"pl_PL\" \/>\n<meta property=\"og:type\" content=\"article\" \/>\n<meta property=\"og:title\" content=\"Witamy w piekle\u2026 Oto wy\u015bcig dla najwi\u0119kszych twardzieli!\" \/>\n<meta property=\"og:description\" content=\"Dla jednych to koszmar, dla innych wyzwanie, a tylko dla nielicznych \u2013 spe\u0142nienie marze\u0144. W tym roku szcz\u0119\u015bliwcami zostali Mathieu [&hellip;]\" \/>\n<meta property=\"og:url\" content=\"https:\/\/www.welovecycling.com\/pl\/2023\/04\/11\/witamy-w-piekle-oto-wyscig-dla-najwiekszych-twardzieli\/\" \/>\n<meta property=\"og:site_name\" content=\"\u0160koda We Love Cycling - Poland\" \/>\n<meta property=\"article:published_time\" content=\"2023-04-11T11:51:44+00:00\" \/>\n<meta property=\"article:modified_time\" content=\"2023-04-28T13:12:42+00:00\" \/>\n<meta property=\"og:image\" content=\"https:\/\/d2p6e6u75xmxt8.cloudfront.net\/5\/2023\/04\/Mathieu-van-der-Poel-Paris-Roubaix-profimedia-0768266533-CVR.webp\" \/>\n\t<meta property=\"og:image:width\" content=\"990\" \/>\n\t<meta property=\"og:image:height\" content=\"660\" \/>\n\t<meta property=\"og:image:type\" content=\"image\/webp\" \/>\n<meta name=\"author\" content=\"rafal\" \/>\n<meta name=\"twitter:card\" content=\"summary_large_image\" \/>\n<meta name=\"twitter:label1\" content=\"Written by\" \/>\n\t<meta name=\"twitter:data1\" content=\"Piotr Nowik\" \/>\n\t<meta name=\"twitter:label2\" content=\"Est. reading time\" \/>\n\t<meta name=\"twitter:data2\" content=\"3\" \/>\n<script type=\"application\/ld+json\" class=\"yoast-schema-graph\">{\"@context\":\"https:\/\/schema.org\",\"@graph\":[{\"@type\":\"WebPage\",\"@id\":\"https:\/\/www.welovecycling.com\/pl\/2023\/04\/11\/witamy-w-piekle-oto-wyscig-dla-najwiekszych-twardzieli\/\",\"url\":\"https:\/\/www.welovecycling.com\/pl\/2023\/04\/11\/witamy-w-piekle-oto-wyscig-dla-najwiekszych-twardzieli\/\",\"name\":\"Witamy w piekle\u2026 Oto wy\u015bcig dla najwi\u0119kszych twardzieli! - \u0160koda We Love Cycling - Poland\",\"isPartOf\":{\"@id\":\"https:\/\/www.welovecycling.com\/pl\/#website\"},\"primaryImageOfPage\":{\"@id\":\"https:\/\/www.welovecycling.com\/pl\/2023\/04\/11\/witamy-w-piekle-oto-wyscig-dla-najwiekszych-twardzieli\/#primaryimage\"},\"image\":{\"@id\":\"https:\/\/www.welovecycling.com\/pl\/2023\/04\/11\/witamy-w-piekle-oto-wyscig-dla-najwiekszych-twardzieli\/#primaryimage\"},\"thumbnailUrl\":\"https:\/\/d2p6e6u75xmxt8.cloudfront.net\/5\/2023\/04\/Mathieu-van-der-Poel-Paris-Roubaix-profimedia-0768266533-CVR.webp\",\"datePublished\":\"2023-04-11T11:51:44+00:00\",\"dateModified\":\"2023-04-28T13:12:42+00:00\",\"author\":{\"@id\":\"https:\/\/www.welovecycling.com\/pl\/#\/schema\/person\/bf06ed916a1ef16618807fb60d2ebe42\"},\"breadcrumb\":{\"@id\":\"https:\/\/www.welovecycling.com\/pl\/2023\/04\/11\/witamy-w-piekle-oto-wyscig-dla-najwiekszych-twardzieli\/#breadcrumb\"},\"inLanguage\":\"pl-PL\",\"potentialAction\":[{\"@type\":\"ReadAction\",\"target\":[\"https:\/\/www.welovecycling.com\/pl\/2023\/04\/11\/witamy-w-piekle-oto-wyscig-dla-najwiekszych-twardzieli\/\"]}]},{\"@type\":\"ImageObject\",\"inLanguage\":\"pl-PL\",\"@id\":\"https:\/\/www.welovecycling.com\/pl\/2023\/04\/11\/witamy-w-piekle-oto-wyscig-dla-najwiekszych-twardzieli\/#primaryimage\",\"url\":\"https:\/\/d2p6e6u75xmxt8.cloudfront.net\/5\/2023\/04\/Mathieu-van-der-Poel-Paris-Roubaix-profimedia-0768266533-CVR.webp\",\"contentUrl\":\"https:\/\/d2p6e6u75xmxt8.cloudfront.net\/5\/2023\/04\/Mathieu-van-der-Poel-Paris-Roubaix-profimedia-0768266533-CVR.webp\",\"width\":990,\"height\":660},{\"@type\":\"BreadcrumbList\",\"@id\":\"https:\/\/www.welovecycling.com\/pl\/2023\/04\/11\/witamy-w-piekle-oto-wyscig-dla-najwiekszych-twardzieli\/#breadcrumb\",\"itemListElement\":[{\"@type\":\"ListItem\",\"position\":1,\"name\":\"Home\",\"item\":\"https:\/\/www.welovecycling.com\/pl\/\"},{\"@type\":\"ListItem\",\"position\":2,\"name\":\"Witamy w piekle\u2026 Oto wy\u015bcig dla najwi\u0119kszych twardzieli!\"}]},{\"@type\":\"WebSite\",\"@id\":\"https:\/\/www.welovecycling.com\/pl\/#website\",\"url\":\"https:\/\/www.welovecycling.com\/pl\/\",\"name\":\"\u0160koda We Love Cycling - Poland\",\"description\":\"\",\"potentialAction\":[{\"@type\":\"SearchAction\",\"target\":{\"@type\":\"EntryPoint\",\"urlTemplate\":\"https:\/\/www.welovecycling.com\/pl\/?s={search_term_string}\"},\"query-input\":{\"@type\":\"PropertyValueSpecification\",\"valueRequired\":true,\"valueName\":\"search_term_string\"}}],\"inLanguage\":\"pl-PL\"},{\"@type\":\"Person\",\"@id\":\"https:\/\/www.welovecycling.com\/pl\/#\/schema\/person\/bf06ed916a1ef16618807fb60d2ebe42\",\"name\":\"rafal\",\"image\":{\"@type\":\"ImageObject\",\"inLanguage\":\"pl-PL\",\"@id\":\"https:\/\/www.welovecycling.com\/pl\/#\/schema\/person\/image\/\",\"url\":\"https:\/\/secure.gravatar.com\/avatar\/203f240e63bee214f6f3a0dacbeb600c7829c09716c2b9ee3230c6961debcde2?s=96&d=mm&r=g\",\"contentUrl\":\"https:\/\/secure.gravatar.com\/avatar\/203f240e63bee214f6f3a0dacbeb600c7829c09716c2b9ee3230c6961debcde2?s=96&d=mm&r=g\",\"caption\":\"rafal\"},\"url\":\"https:\/\/www.welovecycling.com\/pl\/author\/rafal\/\"}]}<\/script>\n<!-- \/ Yoast SEO Premium plugin. -->","yoast_head_json":{"title":"Witamy w piekle\u2026 Oto wy\u015bcig dla najwi\u0119kszych twardzieli! - \u0160koda We Love Cycling - Poland","robots":{"index":"index","follow":"follow","max-snippet":"max-snippet:-1","max-image-preview":"max-image-preview:large","max-video-preview":"max-video-preview:-1"},"canonical":"https:\/\/www.welovecycling.com\/pl\/2023\/04\/11\/witamy-w-piekle-oto-wyscig-dla-najwiekszych-twardzieli\/","og_locale":"pl_PL","og_type":"article","og_title":"Witamy w piekle\u2026 Oto wy\u015bcig dla najwi\u0119kszych twardzieli!","og_description":"Dla jednych to koszmar, dla innych wyzwanie, a tylko dla nielicznych \u2013 spe\u0142nienie marze\u0144. W tym roku szcz\u0119\u015bliwcami zostali Mathieu [&hellip;]","og_url":"https:\/\/www.welovecycling.com\/pl\/2023\/04\/11\/witamy-w-piekle-oto-wyscig-dla-najwiekszych-twardzieli\/","og_site_name":"\u0160koda We Love Cycling - Poland","article_published_time":"2023-04-11T11:51:44+00:00","article_modified_time":"2023-04-28T13:12:42+00:00","og_image":[{"width":990,"height":660,"url":"https:\/\/d2p6e6u75xmxt8.cloudfront.net\/5\/2023\/04\/Mathieu-van-der-Poel-Paris-Roubaix-profimedia-0768266533-CVR.webp","type":"image\/webp"}],"author":"rafal","twitter_card":"summary_large_image","twitter_misc":{"Written by":"Piotr Nowik","Est. reading time":"3"},"schema":{"@context":"https:\/\/schema.org","@graph":[{"@type":"WebPage","@id":"https:\/\/www.welovecycling.com\/pl\/2023\/04\/11\/witamy-w-piekle-oto-wyscig-dla-najwiekszych-twardzieli\/","url":"https:\/\/www.welovecycling.com\/pl\/2023\/04\/11\/witamy-w-piekle-oto-wyscig-dla-najwiekszych-twardzieli\/","name":"Witamy w piekle\u2026 Oto wy\u015bcig dla najwi\u0119kszych twardzieli! - \u0160koda We Love Cycling - Poland","isPartOf":{"@id":"https:\/\/www.welovecycling.com\/pl\/#website"},"primaryImageOfPage":{"@id":"https:\/\/www.welovecycling.com\/pl\/2023\/04\/11\/witamy-w-piekle-oto-wyscig-dla-najwiekszych-twardzieli\/#primaryimage"},"image":{"@id":"https:\/\/www.welovecycling.com\/pl\/2023\/04\/11\/witamy-w-piekle-oto-wyscig-dla-najwiekszych-twardzieli\/#primaryimage"},"thumbnailUrl":"https:\/\/d2p6e6u75xmxt8.cloudfront.net\/5\/2023\/04\/Mathieu-van-der-Poel-Paris-Roubaix-profimedia-0768266533-CVR.webp","datePublished":"2023-04-11T11:51:44+00:00","dateModified":"2023-04-28T13:12:42+00:00","author":{"@id":"https:\/\/www.welovecycling.com\/pl\/#\/schema\/person\/bf06ed916a1ef16618807fb60d2ebe42"},"breadcrumb":{"@id":"https:\/\/www.welovecycling.com\/pl\/2023\/04\/11\/witamy-w-piekle-oto-wyscig-dla-najwiekszych-twardzieli\/#breadcrumb"},"inLanguage":"pl-PL","potentialAction":[{"@type":"ReadAction","target":["https:\/\/www.welovecycling.com\/pl\/2023\/04\/11\/witamy-w-piekle-oto-wyscig-dla-najwiekszych-twardzieli\/"]}]},{"@type":"ImageObject","inLanguage":"pl-PL","@id":"https:\/\/www.welovecycling.com\/pl\/2023\/04\/11\/witamy-w-piekle-oto-wyscig-dla-najwiekszych-twardzieli\/#primaryimage","url":"https:\/\/d2p6e6u75xmxt8.cloudfront.net\/5\/2023\/04\/Mathieu-van-der-Poel-Paris-Roubaix-profimedia-0768266533-CVR.webp","contentUrl":"https:\/\/d2p6e6u75xmxt8.cloudfront.net\/5\/2023\/04\/Mathieu-van-der-Poel-Paris-Roubaix-profimedia-0768266533-CVR.webp","width":990,"height":660},{"@type":"BreadcrumbList","@id":"https:\/\/www.welovecycling.com\/pl\/2023\/04\/11\/witamy-w-piekle-oto-wyscig-dla-najwiekszych-twardzieli\/#breadcrumb","itemListElement":[{"@type":"ListItem","position":1,"name":"Home","item":"https:\/\/www.welovecycling.com\/pl\/"},{"@type":"ListItem","position":2,"name":"Witamy w piekle\u2026 Oto wy\u015bcig dla najwi\u0119kszych twardzieli!"}]},{"@type":"WebSite","@id":"https:\/\/www.welovecycling.com\/pl\/#website","url":"https:\/\/www.welovecycling.com\/pl\/","name":"\u0160koda We Love Cycling - Poland","description":"","potentialAction":[{"@type":"SearchAction","target":{"@type":"EntryPoint","urlTemplate":"https:\/\/www.welovecycling.com\/pl\/?s={search_term_string}"},"query-input":{"@type":"PropertyValueSpecification","valueRequired":true,"valueName":"search_term_string"}}],"inLanguage":"pl-PL"},{"@type":"Person","@id":"https:\/\/www.welovecycling.com\/pl\/#\/schema\/person\/bf06ed916a1ef16618807fb60d2ebe42","name":"rafal","image":{"@type":"ImageObject","inLanguage":"pl-PL","@id":"https:\/\/www.welovecycling.com\/pl\/#\/schema\/person\/image\/","url":"https:\/\/secure.gravatar.com\/avatar\/203f240e63bee214f6f3a0dacbeb600c7829c09716c2b9ee3230c6961debcde2?s=96&d=mm&r=g","contentUrl":"https:\/\/secure.gravatar.com\/avatar\/203f240e63bee214f6f3a0dacbeb600c7829c09716c2b9ee3230c6961debcde2?s=96&d=mm&r=g","caption":"rafal"},"url":"https:\/\/www.welovecycling.com\/pl\/author\/rafal\/"}]}},"_links":{"self":[{"href":"https:\/\/www.welovecycling.com\/pl\/wp-json\/wp\/v2\/posts\/13734","targetHints":{"allow":["GET"]}}],"collection":[{"href":"https:\/\/www.welovecycling.com\/pl\/wp-json\/wp\/v2\/posts"}],"about":[{"href":"https:\/\/www.welovecycling.com\/pl\/wp-json\/wp\/v2\/types\/post"}],"author":[{"embeddable":true,"href":"https:\/\/www.welovecycling.com\/pl\/wp-json\/wp\/v2\/users\/153"}],"replies":[{"embeddable":true,"href":"https:\/\/www.welovecycling.com\/pl\/wp-json\/wp\/v2\/comments?post=13734"}],"version-history":[{"count":2,"href":"https:\/\/www.welovecycling.com\/pl\/wp-json\/wp\/v2\/posts\/13734\/revisions"}],"predecessor-version":[{"id":13782,"href":"https:\/\/www.welovecycling.com\/pl\/wp-json\/wp\/v2\/posts\/13734\/revisions\/13782"}],"wp:featuredmedia":[{"embeddable":true,"href":"https:\/\/www.welovecycling.com\/pl\/wp-json\/wp\/v2\/media\/13735"}],"wp:attachment":[{"href":"https:\/\/www.welovecycling.com\/pl\/wp-json\/wp\/v2\/media?parent=13734"}],"wp:term":[{"taxonomy":"category","embeddable":true,"href":"https:\/\/www.welovecycling.com\/pl\/wp-json\/wp\/v2\/categories?post=13734"},{"taxonomy":"post_tag","embeddable":true,"href":"https:\/\/www.welovecycling.com\/pl\/wp-json\/wp\/v2\/tags?post=13734"},{"taxonomy":"global-categories","embeddable":true,"href":"https:\/\/www.welovecycling.com\/pl\/wp-json\/wp\/v2\/global-categories?post=13734"}],"curies":[{"name":"wp","href":"https:\/\/api.w.org\/{rel}","templated":true}]}}