{"id":1372,"date":"2016-07-12T11:29:31","date_gmt":"2016-07-12T11:29:31","guid":{"rendered":"http:\/\/skoda-rowery.pl\/?p=1372"},"modified":"2016-12-05T08:49:04","modified_gmt":"2016-12-05T08:49:04","slug":"samochody-tour-de-france","status":"publish","type":"post","link":"https:\/\/www.welovecycling.com\/pl\/2016\/07\/12\/samochody-tour-de-france\/","title":{"rendered":"Samochody Tour de France"},"content":{"rendered":"<p style=\"text-align: justify\">Pojazdy wspieraj\u0105ce Tour de France s\u0105 cichymi bohaterami najs\u0142ynniejszego na \u015bwiecie wy\u015bcigu kolarskiego. Bez nich organizatorzy Tour de Fance pogubiliby si\u0119 w chaosie przebitych opon, kraks i wyczerpanych zawodnik\u00f3w. Przyjrzymy si\u0119 najwa\u017cniejszym z nich.<!--more--><\/p>\n<p style=\"text-align: justify\"><strong>Czerwony Samoch\u00f3d<\/strong><\/p>\n<p><img loading=\"lazy\" decoding=\"async\" class=\"size-large wp-image-1374\" src=\"http:\/\/skoda-rowery.pl\/wp-content\/uploads\/2016\/07\/profimedia-0253223535-1-1024x730.jpg\" alt=\"Joaquim Rodriguez, vainqueur de l'etape. 12eme Etape du Tour de France. Plateau de Baille, FRANCE - 18\/07\/2015 \/FOURCADEFERNAND_1201007\/Credit:Fernand Fourcade\/SIPA\/1507181214, Image: 253223535, License: Rights-managed, Restrictions: , Model Release: no, Credit line: Profimedia, TEMP Sipa Press\" width=\"1024\" height=\"730\" srcset=\"https:\/\/d2p6e6u75xmxt8.cloudfront.net\/5\/2016\/07\/profimedia-0253223535-1-1024x730.jpg 1024w, https:\/\/d2p6e6u75xmxt8.cloudfront.net\/5\/2016\/07\/profimedia-0253223535-1-300x214.jpg 300w, https:\/\/d2p6e6u75xmxt8.cloudfront.net\/5\/2016\/07\/profimedia-0253223535-1-768x548.jpg 768w, https:\/\/d2p6e6u75xmxt8.cloudfront.net\/5\/2016\/07\/profimedia-0253223535-1.jpg 1800w\" sizes=\"auto, (max-width: 1024px) 100vw, 1024px\" \/><\/p>\n<p style=\"text-align: justify\">Dyrektor wy\u015bcigu, Christian Prudhomme, podr\u00f3\u017cuje w samochodzie numer jeden, kt\u00f3ry pozwala jemu i jego go\u015bciom by\u0107 blisko wydarze\u0144. Prudhomme i jego VIP-y maj\u0105 za zadanie macha\u0107 flag\u0105 na \u201ekilometrze zero&#8221;, gdzie ka\u017cdego dnia oficjalnie rozpoczyna si\u0119 wy\u015bcig. Dlatego te\u017c samoch\u00f3d jest wyposa\u017cony w niekonwencjonalnie du\u017cy, wykonany na zam\u00f3wienie szyberdach. Samoch\u00f3d ma r\u00f3wnie\u017c specjalne uchwyty, w kt\u00f3rych go\u015bcie mog\u0105 umie\u015bci\u0107 kieliszki do szampana. To nie wszystko! Czerwony Samoch\u00f3d wyposa\u017cony jest w zrobiony na zam\u00f3wienie system komunikacyjny, kt\u00f3ry umo\u017cliwia Christianowi Prudhomme\u2019owi \u0142\u0105czno\u015b\u0107 z ka\u017cdym wa\u017cnym cz\u0142owiekiem na trasie etapu.<\/p>\n<p style=\"text-align: justify\">Ka\u017cdy z czterech dyrektor\u00f3w wy\u015bcigu je\u017adzi najnowszym modeem \u0160KODY Superb. Inne samochody \u0160koda u\u017cywane podczas wy\u015bcigu by\u0142y nowe w 2014 r. i b\u0119d\u0105 u\u017cywane do 2018 r. Na wy\u015bcig \u0160koda dostarcza oko\u0142o 250 samochod\u00f3w, g\u0142\u00f3wnie \u0160koda Octavia Estate i Superb. Od pocz\u0105tku wspierania Tour de France w 2004 r. Ka\u017cda \u0160koda z eskorty Tour de France pokona\u0142a \u015brednio kilka milion\u00f3w kilometr\u00f3w bez \u017cadnej awarii.<\/p>\n<p style=\"text-align: justify\"><strong>Warsztat na k\u00f3\u0142kach<\/strong><\/p>\n<p style=\"text-align: justify\">Samochody s\u0105 wykorzystywane nie tylko przez organizator\u00f3w Tour de France, ale tak\u017ce przez ekipy i firmy jako pojazdy wsparcia. W rzeczywisto\u015bci, neutralne pojazdy wsparcia Mavic &#8211; kt\u00f3re zapewniaj\u0105 zawodnikom rowery, ko\u0142a i opony w sytuacjach awaryjnych, je\u015bli samochody ich ekip zajmuj\u0105 si\u0119 akurat kim\u015b innym &#8211; s\u0105 jednymi z najbardziej przyci\u0105gaj\u0105cych wzrok samochod\u00f3w w wy\u015bcigu. Samochody te s\u0105 szczeg\u00f3lnie przydatne, gdy wy\u015bcig rozci\u0105ga si\u0119, na przyk\u0142ad w etapach wysokog\u00f3rskich, w kt\u00f3rych liderzy s\u0105 daleko przed reszt\u0105 ekipy.<\/p>\n<p style=\"text-align: justify\">Tegoroczne pojazdy wsparcia Mavic to \u0160KODY Superb i Octavia z \u017c\u00f3\u0142tym lakierem, co wyr\u00f3\u017cnia w szczeg\u00f3lnie zat\u0142oczonych punktach. Ka\u017cdy taki samoch\u00f3d to warsztat kolarski na k\u00f3\u0142kach, kt\u00f3ry wiezie zapasowe rowery, zapasowe opony, \u0142a\u0144cuchy, mechanizmy korbowe, zasilacze, p\u0142aszcze przeciwdeszczowe, apteczk\u0119, jedzenie i napoje dla zawodnik\u00f3w. S\u0105 tam r\u00f3wnie\u017c ca\u0142e zestawy narz\u0119dzi i w pe\u0142ni zmontowane rowery na dachu. Niekt\u00f3re zespo\u0142y wciskaj\u0105 a\u017c osiem rower\u00f3w na specjalnie zaprojektowany baga\u017cnik dachowy, tak na wszelki wypadek.<\/p>\n<p style=\"text-align: justify\"><strong>Byli kolarze za k\u00f3\u0142kiem<\/strong><\/p>\n<p style=\"text-align: justify\">Prawie ka\u017cdy kierowca samochod\u00f3w w czasie Tour de France to by\u0142y zawodowy kolarz. Chodzi o zrozumienie, jak porusza si\u0119 peleton i przewidywanie, jak zachowaj\u0105 si\u0119 zawodowi kolarze.<\/p>\n<p style=\"text-align: justify\">Je\u015bli b\u0119dziesz szcz\u0119\u015bliwym zwyci\u0119zc\u0105 konkursu, w kt\u00f3rym do wygrania jest wyjazd na Tour de France, jednym z Twoich towarzyszy mo\u017ce by\u0107 na przyk\u0142ad Tim Harris. Sp\u0119dzenie dnia w samochodzie z kolarzem, kt\u00f3ry je\u017adzi\u0142 zawodowo przez 13 lat, \u015bciga\u0142 si\u0119 w ka\u017cdym kraju w Europie i s\u0142uchanie jego komentarzy przeplatanych typowym angielskim humorem mo\u017ce by\u0107 naprawd\u0119 wyj\u0105tkowym prze\u017cyciem.<\/p>\n<p style=\"text-align: justify\"><strong>\u0141\u0105czy nas kolarska pasja. \u0160koda nap\u0119dza Tour de France.<\/strong><\/p>\n","protected":false},"excerpt":{"rendered":"<p>Pojazdy wspieraj\u0105ce Tour de France s\u0105 cichymi bohaterami najs\u0142ynniejszego na \u015bwiecie wy\u015bcigu kolarskiego. Bez nich organizatorzy Tour de Fance pogubiliby [&hellip;]<\/p>\n","protected":false},"author":1,"featured_media":1373,"comment_status":"open","ping_status":"closed","sticky":false,"template":"","format":"standard","meta":{"footnotes":""},"categories":[1],"tags":[77],"global-categories":[],"class_list":["post-1372","post","type-post","status-publish","format-standard","has-post-thumbnail","hentry","category-uncategorized","tag-tour-de-france"],"yoast_head":"<!-- This site is optimized with the Yoast SEO Premium plugin v25.3 (Yoast SEO v25.9) - https:\/\/yoast.com\/wordpress\/plugins\/seo\/ -->\n<title>Samochody Tour de France - \u0160koda We Love Cycling - Poland<\/title>\n<meta name=\"robots\" content=\"index, follow, max-snippet:-1, max-image-preview:large, max-video-preview:-1\" \/>\n<link rel=\"canonical\" href=\"https:\/\/www.welovecycling.com\/pl\/2016\/07\/12\/samochody-tour-de-france\/\" \/>\n<meta property=\"og:locale\" content=\"pl_PL\" \/>\n<meta property=\"og:type\" content=\"article\" \/>\n<meta property=\"og:title\" content=\"Samochody Tour de France\" \/>\n<meta property=\"og:description\" content=\"Pojazdy wspieraj\u0105ce Tour de France s\u0105 cichymi bohaterami najs\u0142ynniejszego na \u015bwiecie wy\u015bcigu kolarskiego. Bez nich organizatorzy Tour de Fance pogubiliby [&hellip;]\" \/>\n<meta property=\"og:url\" content=\"https:\/\/www.welovecycling.com\/pl\/2016\/07\/12\/samochody-tour-de-france\/\" \/>\n<meta property=\"og:site_name\" content=\"\u0160koda We Love Cycling - Poland\" \/>\n<meta property=\"article:published_time\" content=\"2016-07-12T11:29:31+00:00\" \/>\n<meta property=\"article:modified_time\" content=\"2016-12-05T08:49:04+00:00\" \/>\n<meta property=\"og:image\" content=\"https:\/\/d2p6e6u75xmxt8.cloudfront.net\/5\/2016\/07\/profimedia-0199640193.jpg\" \/>\n\t<meta property=\"og:image:width\" content=\"1800\" \/>\n\t<meta property=\"og:image:height\" content=\"1158\" \/>\n\t<meta property=\"og:image:type\" content=\"image\/jpeg\" \/>\n<meta name=\"author\" content=\"WeLoveCycling\" \/>\n<meta name=\"twitter:card\" content=\"summary_large_image\" \/>\n<meta name=\"twitter:label1\" content=\"Written by\" \/>\n\t<meta name=\"twitter:data1\" content=\"WeLoveCycling\" \/>\n\t<meta name=\"twitter:label2\" content=\"Est. reading time\" \/>\n\t<meta name=\"twitter:data2\" content=\"3 minutes\" \/>\n<script type=\"application\/ld+json\" class=\"yoast-schema-graph\">{\"@context\":\"https:\/\/schema.org\",\"@graph\":[{\"@type\":\"WebPage\",\"@id\":\"https:\/\/www.welovecycling.com\/pl\/2016\/07\/12\/samochody-tour-de-france\/\",\"url\":\"https:\/\/www.welovecycling.com\/pl\/2016\/07\/12\/samochody-tour-de-france\/\",\"name\":\"Samochody Tour de France - \u0160koda We Love Cycling - Poland\",\"isPartOf\":{\"@id\":\"https:\/\/www.welovecycling.com\/pl\/#website\"},\"primaryImageOfPage\":{\"@id\":\"https:\/\/www.welovecycling.com\/pl\/2016\/07\/12\/samochody-tour-de-france\/#primaryimage\"},\"image\":{\"@id\":\"https:\/\/www.welovecycling.com\/pl\/2016\/07\/12\/samochody-tour-de-france\/#primaryimage\"},\"thumbnailUrl\":\"https:\/\/d2p6e6u75xmxt8.cloudfront.net\/5\/2016\/07\/profimedia-0199640193.jpg\",\"datePublished\":\"2016-07-12T11:29:31+00:00\",\"dateModified\":\"2016-12-05T08:49:04+00:00\",\"author\":{\"@id\":\"https:\/\/www.welovecycling.com\/pl\/#\/schema\/person\/e5187c9cac8dd619ebc7b41bd73c2fd9\"},\"breadcrumb\":{\"@id\":\"https:\/\/www.welovecycling.com\/pl\/2016\/07\/12\/samochody-tour-de-france\/#breadcrumb\"},\"inLanguage\":\"pl-PL\",\"potentialAction\":[{\"@type\":\"ReadAction\",\"target\":[\"https:\/\/www.welovecycling.com\/pl\/2016\/07\/12\/samochody-tour-de-france\/\"]}]},{\"@type\":\"ImageObject\",\"inLanguage\":\"pl-PL\",\"@id\":\"https:\/\/www.welovecycling.com\/pl\/2016\/07\/12\/samochody-tour-de-france\/#primaryimage\",\"url\":\"https:\/\/d2p6e6u75xmxt8.cloudfront.net\/5\/2016\/07\/profimedia-0199640193.jpg\",\"contentUrl\":\"https:\/\/d2p6e6u75xmxt8.cloudfront.net\/5\/2016\/07\/profimedia-0199640193.jpg\",\"width\":1800,\"height\":1158,\"caption\":\", Image: 199640193, License: Rights-managed, Restrictions: , Model Release: no, Credit line: Profimedia, Alamy\"},{\"@type\":\"BreadcrumbList\",\"@id\":\"https:\/\/www.welovecycling.com\/pl\/2016\/07\/12\/samochody-tour-de-france\/#breadcrumb\",\"itemListElement\":[{\"@type\":\"ListItem\",\"position\":1,\"name\":\"Home\",\"item\":\"https:\/\/www.welovecycling.com\/pl\/\"},{\"@type\":\"ListItem\",\"position\":2,\"name\":\"Samochody Tour de France\"}]},{\"@type\":\"WebSite\",\"@id\":\"https:\/\/www.welovecycling.com\/pl\/#website\",\"url\":\"https:\/\/www.welovecycling.com\/pl\/\",\"name\":\"\u0160koda We Love Cycling - Poland\",\"description\":\"\",\"potentialAction\":[{\"@type\":\"SearchAction\",\"target\":{\"@type\":\"EntryPoint\",\"urlTemplate\":\"https:\/\/www.welovecycling.com\/pl\/?s={search_term_string}\"},\"query-input\":{\"@type\":\"PropertyValueSpecification\",\"valueRequired\":true,\"valueName\":\"search_term_string\"}}],\"inLanguage\":\"pl-PL\"},{\"@type\":\"Person\",\"@id\":\"https:\/\/www.welovecycling.com\/pl\/#\/schema\/person\/e5187c9cac8dd619ebc7b41bd73c2fd9\",\"name\":\"WeLoveCycling\",\"image\":{\"@type\":\"ImageObject\",\"inLanguage\":\"pl-PL\",\"@id\":\"https:\/\/www.welovecycling.com\/pl\/#\/schema\/person\/image\/\",\"url\":\"https:\/\/secure.gravatar.com\/avatar\/7e1ee0ecc5e294b19ef32b9f6086e0afbb9da00c3cb0d465ba4695331f4a9187?s=96&d=mm&r=g\",\"contentUrl\":\"https:\/\/secure.gravatar.com\/avatar\/7e1ee0ecc5e294b19ef32b9f6086e0afbb9da00c3cb0d465ba4695331f4a9187?s=96&d=mm&r=g\",\"caption\":\"WeLoveCycling\"},\"url\":\"https:\/\/www.welovecycling.com\/pl\/author\/lukascech\/\"}]}<\/script>\n<!-- \/ Yoast SEO Premium plugin. -->","yoast_head_json":{"title":"Samochody Tour de France - \u0160koda We Love Cycling - Poland","robots":{"index":"index","follow":"follow","max-snippet":"max-snippet:-1","max-image-preview":"max-image-preview:large","max-video-preview":"max-video-preview:-1"},"canonical":"https:\/\/www.welovecycling.com\/pl\/2016\/07\/12\/samochody-tour-de-france\/","og_locale":"pl_PL","og_type":"article","og_title":"Samochody Tour de France","og_description":"Pojazdy wspieraj\u0105ce Tour de France s\u0105 cichymi bohaterami najs\u0142ynniejszego na \u015bwiecie wy\u015bcigu kolarskiego. Bez nich organizatorzy Tour de Fance pogubiliby [&hellip;]","og_url":"https:\/\/www.welovecycling.com\/pl\/2016\/07\/12\/samochody-tour-de-france\/","og_site_name":"\u0160koda We Love Cycling - Poland","article_published_time":"2016-07-12T11:29:31+00:00","article_modified_time":"2016-12-05T08:49:04+00:00","og_image":[{"width":1800,"height":1158,"url":"https:\/\/d2p6e6u75xmxt8.cloudfront.net\/5\/2016\/07\/profimedia-0199640193.jpg","type":"image\/jpeg"}],"author":"WeLoveCycling","twitter_card":"summary_large_image","twitter_misc":{"Written by":"WeLoveCycling","Est. reading time":"3 minutes"},"schema":{"@context":"https:\/\/schema.org","@graph":[{"@type":"WebPage","@id":"https:\/\/www.welovecycling.com\/pl\/2016\/07\/12\/samochody-tour-de-france\/","url":"https:\/\/www.welovecycling.com\/pl\/2016\/07\/12\/samochody-tour-de-france\/","name":"Samochody Tour de France - \u0160koda We Love Cycling - Poland","isPartOf":{"@id":"https:\/\/www.welovecycling.com\/pl\/#website"},"primaryImageOfPage":{"@id":"https:\/\/www.welovecycling.com\/pl\/2016\/07\/12\/samochody-tour-de-france\/#primaryimage"},"image":{"@id":"https:\/\/www.welovecycling.com\/pl\/2016\/07\/12\/samochody-tour-de-france\/#primaryimage"},"thumbnailUrl":"https:\/\/d2p6e6u75xmxt8.cloudfront.net\/5\/2016\/07\/profimedia-0199640193.jpg","datePublished":"2016-07-12T11:29:31+00:00","dateModified":"2016-12-05T08:49:04+00:00","author":{"@id":"https:\/\/www.welovecycling.com\/pl\/#\/schema\/person\/e5187c9cac8dd619ebc7b41bd73c2fd9"},"breadcrumb":{"@id":"https:\/\/www.welovecycling.com\/pl\/2016\/07\/12\/samochody-tour-de-france\/#breadcrumb"},"inLanguage":"pl-PL","potentialAction":[{"@type":"ReadAction","target":["https:\/\/www.welovecycling.com\/pl\/2016\/07\/12\/samochody-tour-de-france\/"]}]},{"@type":"ImageObject","inLanguage":"pl-PL","@id":"https:\/\/www.welovecycling.com\/pl\/2016\/07\/12\/samochody-tour-de-france\/#primaryimage","url":"https:\/\/d2p6e6u75xmxt8.cloudfront.net\/5\/2016\/07\/profimedia-0199640193.jpg","contentUrl":"https:\/\/d2p6e6u75xmxt8.cloudfront.net\/5\/2016\/07\/profimedia-0199640193.jpg","width":1800,"height":1158,"caption":", Image: 199640193, License: Rights-managed, Restrictions: , Model Release: no, Credit line: Profimedia, Alamy"},{"@type":"BreadcrumbList","@id":"https:\/\/www.welovecycling.com\/pl\/2016\/07\/12\/samochody-tour-de-france\/#breadcrumb","itemListElement":[{"@type":"ListItem","position":1,"name":"Home","item":"https:\/\/www.welovecycling.com\/pl\/"},{"@type":"ListItem","position":2,"name":"Samochody Tour de France"}]},{"@type":"WebSite","@id":"https:\/\/www.welovecycling.com\/pl\/#website","url":"https:\/\/www.welovecycling.com\/pl\/","name":"\u0160koda We Love Cycling - Poland","description":"","potentialAction":[{"@type":"SearchAction","target":{"@type":"EntryPoint","urlTemplate":"https:\/\/www.welovecycling.com\/pl\/?s={search_term_string}"},"query-input":{"@type":"PropertyValueSpecification","valueRequired":true,"valueName":"search_term_string"}}],"inLanguage":"pl-PL"},{"@type":"Person","@id":"https:\/\/www.welovecycling.com\/pl\/#\/schema\/person\/e5187c9cac8dd619ebc7b41bd73c2fd9","name":"WeLoveCycling","image":{"@type":"ImageObject","inLanguage":"pl-PL","@id":"https:\/\/www.welovecycling.com\/pl\/#\/schema\/person\/image\/","url":"https:\/\/secure.gravatar.com\/avatar\/7e1ee0ecc5e294b19ef32b9f6086e0afbb9da00c3cb0d465ba4695331f4a9187?s=96&d=mm&r=g","contentUrl":"https:\/\/secure.gravatar.com\/avatar\/7e1ee0ecc5e294b19ef32b9f6086e0afbb9da00c3cb0d465ba4695331f4a9187?s=96&d=mm&r=g","caption":"WeLoveCycling"},"url":"https:\/\/www.welovecycling.com\/pl\/author\/lukascech\/"}]}},"_links":{"self":[{"href":"https:\/\/www.welovecycling.com\/pl\/wp-json\/wp\/v2\/posts\/1372","targetHints":{"allow":["GET"]}}],"collection":[{"href":"https:\/\/www.welovecycling.com\/pl\/wp-json\/wp\/v2\/posts"}],"about":[{"href":"https:\/\/www.welovecycling.com\/pl\/wp-json\/wp\/v2\/types\/post"}],"author":[{"embeddable":true,"href":"https:\/\/www.welovecycling.com\/pl\/wp-json\/wp\/v2\/users\/1"}],"replies":[{"embeddable":true,"href":"https:\/\/www.welovecycling.com\/pl\/wp-json\/wp\/v2\/comments?post=1372"}],"version-history":[{"count":1,"href":"https:\/\/www.welovecycling.com\/pl\/wp-json\/wp\/v2\/posts\/1372\/revisions"}],"predecessor-version":[{"id":2435,"href":"https:\/\/www.welovecycling.com\/pl\/wp-json\/wp\/v2\/posts\/1372\/revisions\/2435"}],"wp:featuredmedia":[{"embeddable":true,"href":"https:\/\/www.welovecycling.com\/pl\/wp-json\/wp\/v2\/media\/1373"}],"wp:attachment":[{"href":"https:\/\/www.welovecycling.com\/pl\/wp-json\/wp\/v2\/media?parent=1372"}],"wp:term":[{"taxonomy":"category","embeddable":true,"href":"https:\/\/www.welovecycling.com\/pl\/wp-json\/wp\/v2\/categories?post=1372"},{"taxonomy":"post_tag","embeddable":true,"href":"https:\/\/www.welovecycling.com\/pl\/wp-json\/wp\/v2\/tags?post=1372"},{"taxonomy":"global-categories","embeddable":true,"href":"https:\/\/www.welovecycling.com\/pl\/wp-json\/wp\/v2\/global-categories?post=1372"}],"curies":[{"name":"wp","href":"https:\/\/api.w.org\/{rel}","templated":true}]}}