{"id":13698,"date":"2023-03-31T09:29:12","date_gmt":"2023-03-31T09:29:12","guid":{"rendered":"https:\/\/www.welovecycling.com\/pl\/?p=13698"},"modified":"2023-03-31T10:35:18","modified_gmt":"2023-03-31T10:35:18","slug":"5-najlepszych-tras-rowerowych-we-francji","status":"publish","type":"post","link":"https:\/\/www.welovecycling.com\/pl\/2023\/03\/31\/5-najlepszych-tras-rowerowych-we-francji\/","title":{"rendered":"5 najlepszych tras rowerowych  we Francji"},"content":{"rendered":"<p><strong>Ach, Francja! Kraj mi\u0142o\u015bci, wina i \u015bmierdz\u0105cych ser\u00f3w\u2026 Oraz kolarstwa \u2013 nie zapominajmy o kolarstwie! Pami\u0119tacie to niewielkie coroczne wydarzenie zwane Tour de France, prawda? To czas, kiedy wszyscy tkwimy przyklejeni do telewizora, kibicuj\u0105c naszym idolom. Za\u0142o\u017c\u0119 si\u0119 jednak, \u017ce wi\u0119kszo\u015b\u0107 z Was ch\u0119tnie sama poje\u017adzi\u0142aby po tych trasach. Francja istotnie ma do zaoferowania kilka zapieraj\u0105cych dech w piersiach (czasami dos\u0142ownie) szlak\u00f3w.<\/strong><\/p>\n<p>Je\u015bli zatem kiedykolwiek pojawi si\u0119 przed Wami mo\u017cliwo\u015b\u0107 zrealizowania tych wymarzonych wakacji rowerowych, nie wahajcie si\u0119 ani chwili. Oczy\u00adwi\u015bcie nie ka\u017cdy dysponuje odpowiedni\u0105 ilo\u015bci\u0105 wolnego (oraz \u015brodk\u00f3w) na wyjazd do Francji. Na szcz\u0119\u015bcie jest alternatywa. To niespodzianka, dlatego wr\u00f3cimy do niej za chwil\u0119. Nie zapomnijcie tylko udawa\u0107 zasko\u00adczonych. Zanim jednak przejdziemy do alternatyw, pozw\u00f3lcie, \u017ce zaprezentuj\u0119 Wam pi\u0119\u0107 najbardziej zachwycaj\u0105cych tras, kt\u00f3re trzeba we Francji pozna\u0107.<\/p>\n<h2><strong>Wzd\u0142u\u017c Renu<\/strong><\/h2>\n<p>Je\u015bli pragniecie sp\u0119dzi\u0107 troch\u0119 czasu z dala od zgie\u0142ku wielkiego miasta, region Alzacji jest w\u0142a\u015bnie dla Was. To cz\u0119\u015b\u0107 Francji o bogatej historii, kt\u00f3ra dzi\u0119ki blisko\u015bci Alp hipnotyzuje widokami. Alzacja ma do zaproponowania kilka uroczych szlak\u00f3w, kt\u00f3re s\u0105 w stanie zaspokoi\u0107 niemal wszystkie potrzeby. Bergheim\u2013Col Haut de Ribeauvill\u00e9 to idealna oferta dla os\u00f3b lubi\u0105cych swobodn\u0105 wspinaczk\u0119 o nachyleniu si\u0119gaj\u0105cym 10%. Jednak je\u015bli chodzi o Alzacj\u0119, najlepsz\u0105 tras\u0105, jak\u0105 mo\u017cna wybra\u0107, bez w\u0105tpienia jest ta biegn\u0105ca <a href=\"https:\/\/www.komoot.com\/tour\/1030523127\">wzd\u0142u\u017c Renu<\/a>. W\u0142a\u015bciwie to je\u015bli zdecydujecie si\u0119 wyruszy\u0107 z lotniska w Baden-Baden, technicznie rzecz bior\u0105c, b\u0119dziecie pod\u0105\u017ca\u0107 w g\u00f3r\u0119 Renu, ale to nieistotne.<\/p>\n<p>Ca\u0142a trasa wzd\u0142u\u017c francuskiej cz\u0119\u015bci Renu ma dystans oko\u0142o 204 km. Rozpoczyna si\u0119 w miasteczku Beinheim, po\u0142o\u017conym zaledwie kilka kilometr\u00f3w od lotniska Baden-Baden, na francuskim brzegu pot\u0119\u017cnej rzeki. Mo\u017cecie zdecydowa\u0107 si\u0119 na pokonanie ca\u0142ego dystansu do Bazylei za jednym zamachem. Poniewa\u017c teren jest p\u0142aski, nie stanowi to znowu tak wielkiego wyczynu. Je\u015bli jednak macie ch\u0119\u0107 zwiedza\u0107 po drodze (na przyk\u0142ad zachwycaj\u0105cy Strasburg i uroczy Colmar, zwany tak\u017ce francusk\u0105 Wenecj\u0105), musicie zarezerwowa\u0107 na t\u0119 podr\u00f3\u017c co najmniej trzy dni. Po drodze b\u0119dzie\u00adcie przeje\u017cd\u017ca\u0107 przez dziesi\u0105tki francuskich wiosek, gdzie mo\u017cna skoszto\u00adwa\u0107 \u015bwie\u017cych tradycyjnych francuskich potraw prosto z pieca.<\/p>\n<p>To trasa dla tych, kt\u00f3rzy lubi\u0105 i je\u017adzi\u0107 na rowerze, i je\u015b\u0107, i pi\u0107 wino.<\/p>\n<figure id=\"attachment_13701\" aria-describedby=\"caption-attachment-13701\" style=\"width: 1000px\" class=\"wp-caption alignnone\"><a href=\"https:\/\/d2p6e6u75xmxt8.cloudfront.net\/5\/2023\/03\/1-3.webp\"><img loading=\"lazy\" decoding=\"async\" class=\"wp-image-13701 size-full\" src=\"https:\/\/d2p6e6u75xmxt8.cloudfront.net\/5\/2023\/03\/1-3.webp\" alt=\"\" width=\"1000\" height=\"653\" srcset=\"https:\/\/d2p6e6u75xmxt8.cloudfront.net\/5\/2023\/03\/1-3.webp 1000w, https:\/\/d2p6e6u75xmxt8.cloudfront.net\/5\/2023\/03\/1-3-300x196.webp 300w, https:\/\/d2p6e6u75xmxt8.cloudfront.net\/5\/2023\/03\/1-3-768x502.webp 768w, https:\/\/d2p6e6u75xmxt8.cloudfront.net\/5\/2023\/03\/1-3-400x261.webp 400w\" sizes=\"auto, (max-width: 1000px) 100vw, 1000px\" \/><\/a><figcaption id=\"caption-attachment-13701\" class=\"wp-caption-text\">Pi\u0119kne winnice w okolicach Colmaru. \u00a9 Profimedia<\/figcaption><\/figure>\n<h2><strong>Wycieczka do Monako<\/strong><\/h2>\n<p>C\u00f4te d\u2019Azur, czyli Lazurowe Wybrze\u017ce, s\u0142ynie jako raj dla rowerzyst\u00f3w. Wielu zawodowych kolarzy sp\u0119dza zim\u0119 w okolicach Nicei. To \u015br\u00f3dziem\u00adnomorskie miasto ma du\u017co do zaoferowania \u2013 nawet dla tych, kt\u00f3rzy nie s\u0105 fanami dw\u00f3ch k\u00f3\u0142ek. Amatorzy kolarstwa nie powinni natomiast przegapi\u0107 gratki, jak\u0105 jest szybki wypad do Monako. <a href=\"https:\/\/www.komoot.com\/tour\/1030505921\">Na tym tworz\u0105cym p\u0119tl\u0119 szlaku<\/a> znajdzie si\u0119 kilka ca\u0142kiem stromych podjazd\u00f3w, poniewa\u017c przewy\u017cszenie na 40-kilometrowej trasie si\u0119ga 840 m. Tylko na pierwszych 15 km b\u0119dziecie wspina\u0107 si\u0119 na wysoko\u015b\u0107 ponad 450 m. Mo\u017ce si\u0119 to okaza\u0107 nieco wyczer\u00adpuj\u0105ce, ale za to najtrudniejsz\u0105 cz\u0119\u015b\u0107 trasy b\u0119dziecie mie\u0107 ju\u017c za sob\u0105.<\/p>\n<p>Do zalet warto zaliczy\u0107 fantastyczne widoki z panoramicznej trasy ku szczy\u00adtom g\u00f3r. Wasza podr\u00f3\u017c rozpoczyna si\u0119 we wschodniej cz\u0119\u015bci Nicei, na placu Th\u00e9odore\u2019a de Banville\u2019a, z widokiem na wej\u015bcie do portu. Nast\u0119pnie pojedziecie prosto na wy\u017cyny \u2013 nachylenie si\u0119gnie 22%. Ten szlak zdecydowanie nie nadaje si\u0119 dla pocz\u0105tkuj\u0105cych, poniewa\u017c pierwsze 15 km podda prawdziwej pr\u00f3bie Wasz\u0105 si\u0142\u0119 i wytrzyma\u0142o\u015b\u0107. Mimo \u017ce trasa wiedzie g\u0142\u00f3wnie po drogach publicznych, nie przejmujcie si\u0119 ruchem ulicznym. Kierowcy s\u0105 wyj\u0105tkowo tolerancyjni \u2013 zd\u0105\u017cyli si\u0119 ju\u017c przyzwyczai\u0107 do rowerzyst\u00f3w w tym regionie. Im wy\u017cej, tym pi\u0119kniejszy rozci\u0105ga si\u0119 widok. Nie zapominajcie jednak, aby si\u0119 skupi\u0107 na drodze. Fotki do medi\u00f3w spo\u0142eczno\u015bciowych mo\u017cecie pstrykn\u0105\u0107 na postoju.<\/p>\n<p>Po osi\u0105gni\u0119ciu najwy\u017cszego punktu w La Turbie ujrzycie malow\u00adnicze widoki obejmuj\u0105ce Morze \u015ar\u00f3dziemne, Monako i Nice\u0119. Dos\u0142ownie zapieraj\u0105 dech w piersiach. Nast\u0119pnie podczas prawie 10-kilometrowego zjazdu b\u0119dziecie mogli nieustannie podziwia\u0107 panoram\u0119 ca\u0142ego Monako. Dalej trasa wiedzie przez s\u0142ynn\u0105 marin\u0119 i wzd\u0142u\u017c Lazurowego Wybrze\u017ca z powrotem do Nicei.<\/p>\n<p>Przeja\u017cd\u017cka wydaje si\u0119 zaiste hipnotyzuj\u0105ca, ale nie jest przeznaczona dla ka\u017cdego. Wymaga doskona\u0142ej kondycji fizycznej. W przeciwnym razie dwu\u00adgodzinna wyprawa zamieni si\u0119 w p\u00f3\u0142dniowy koszmar.<\/p>\n<h2><strong>Bordeaux\u2013Chartreuse de Valrose<\/strong><\/h2>\n<figure id=\"attachment_13702\" aria-describedby=\"caption-attachment-13702\" style=\"width: 1000px\" class=\"wp-caption alignnone\"><a href=\"https:\/\/d2p6e6u75xmxt8.cloudfront.net\/5\/2023\/03\/2-3.webp\"><img loading=\"lazy\" decoding=\"async\" class=\"wp-image-13702 size-full\" src=\"https:\/\/d2p6e6u75xmxt8.cloudfront.net\/5\/2023\/03\/2-3.webp\" alt=\"\" width=\"1000\" height=\"666\" srcset=\"https:\/\/d2p6e6u75xmxt8.cloudfront.net\/5\/2023\/03\/2-3.webp 1000w, https:\/\/d2p6e6u75xmxt8.cloudfront.net\/5\/2023\/03\/2-3-300x200.webp 300w, https:\/\/d2p6e6u75xmxt8.cloudfront.net\/5\/2023\/03\/2-3-768x511.webp 768w, https:\/\/d2p6e6u75xmxt8.cloudfront.net\/5\/2023\/03\/2-3-400x266.webp 400w, https:\/\/d2p6e6u75xmxt8.cloudfront.net\/5\/2023\/03\/2-3-272x182.webp 272w\" sizes=\"auto, (max-width: 1000px) 100vw, 1000px\" \/><\/a><figcaption id=\"caption-attachment-13702\" class=\"wp-caption-text\">Ta trasa pozwoli Wam cieszy\u0107 si\u0119 urokami Bordeaux. \u00a9 Profimedia<\/figcaption><\/figure>\n<p>Je\u015bli macie wystarczaj\u0105co hedonistyczne nastawienie, mo\u017cecie po\u0142\u0105czy\u0107 rado\u015b\u0107 z jazdy na rowerze z bosk\u0105 przyjemno\u015bci\u0105 popijania wysokiej klasy wina. W takim wypadku skierujcie si\u0119 w okolice Bordeaux. Znajdziecie tam wiele zachwycaj\u0105cych tras. Bez wzgl\u0119du na to, jakiego dokonacie wyboru, najprawdopodobniej b\u0119dziecie si\u0119 \u015bwietnie bawi\u0107. Mimo to naszym zda\u00adniem w tym regionie warto po\u015bwi\u0119ci\u0107 nieco wi\u0119cej czasu na konsumpcj\u0119 wina, dlatego kr\u00f3tsza trasa do <a href=\"https:\/\/www.komoot.com\/smarttour\/10730846?tour_origin=smart_tour_search\">Chartreuse de Valrose<\/a> z kilkoma malowniczymi objazdami wzd\u0142u\u017c winnic sprawdzi si\u0119 doskonale. Liczy oko\u0142o 70 km i w przewa\u017caj\u0105cej cz\u0119\u015bci przebiega w p\u0142askim terenie. Przewy\u017cszenie na ca\u0142ej trasie nie przekracza ok. 370 m. Najtrudniejszy podjazd znajduje si\u0119 w po\u0142owie drogi, gdzie nachylenie si\u0119ga 7%.<\/p>\n<p>Na pocz\u0105tku przez oko\u0142o 20 km b\u0119dziecie jecha\u0107 wzd\u0142u\u017c wschodniego brzegu Garonny. Nast\u0119pnie w Cambes skr\u0119cicie na p\u00f3\u0142nocny wsch\u00f3d i pod\u0105\u017cycie kultow\u0105 drog\u0105 Les Peupliers. Podczas jazdy pokonacie r\u00f3wnie\u017c niesamowity szlak imienia Rogera Lap\u00e9biego, a mo\u017ce te\u017c odwiedzicie po\u0142o\u017cone przy nim bistro \u2013 tu mo\u017cna co\u015b przek\u0105si\u0107. Na koniec warto zajrze\u0107 do Chartreuse de Valrose. Min\u0119li\u015bcie je ju\u017c na pocz\u0105tku wycieczki, ale spacer po cudownym parku otaczaj\u0105cym rezydencj\u0119 b\u0119dzie idealnym zwie\u0144czeniem dnia przed powrotem do Bordeaux.<\/p>\n<p>Trasa jest stosunkowo \u0142atwa, ale je\u015bli dot\u0105d nie pokonywali\u015bcie za jednym zamachem wi\u0119cej ni\u017c 50 km, mo\u017ce wyda\u0107 si\u0119 nieco przyt\u0142aczaj\u0105ca. Nie powinna jednak zaj\u0105\u0107 Wam wi\u0119cej ni\u017c trzy godziny \u2013 pod warunkiem \u017ce nie po\u015bwi\u0119cicie zbyt du\u017co czasu na fotografowanie niesamowitych krajobraz\u00f3w.<\/p>\n<h2><strong>Alpe d\u2019Huez<\/strong><\/h2>\n<p><a href=\"https:\/\/my.rouvy.com\/virtual-routes\/detail\/93570\">Alpe d\u2019Huez<\/a> nie trzeba nikomu przedstawia\u0107. Bez w\u0105tpienia jest to najbar\u00addziej kultowa wspinaczka na ca\u0142ym \u015bwiecie. 21 legendarnych serpentyn czyni z niej jeden z najtrudniejszych podjazd\u00f3w ca\u0142ego Tour de France. Nic wi\u0119c dziwnego, \u017ce ka\u017cdy zapalony kolarz marzy o zdobyciu tego szczytu.<\/p>\n<p>Wasza podr\u00f3\u017c rozpoczyna si\u0119 w jak\u017ce przytulnym miasteczku Le Bourg d&#8217;Oisans, po\u0142o\u017conym tu\u017c u st\u00f3p majestatycznej g\u00f3ry. Dystans wynosi oko\u0142o 14,3 km (w tym niemal 1,1 km w pionie). Z pocz\u0105tku przez mniej wi\u0119cej kilometr teren jest stosunkowo p\u0142aski. Po przekroczeniu rzeki Romanche i dw\u00f3ch ma\u0142ych staw\u00f3w rozpoczyna si\u0119 jednak ostra wspinaczka, kt\u00f3rej \u015brednie nachylenie wynosi 8%. Najbardziej stroma cz\u0119\u015b\u0107 ma oko\u0142o 14% nachylenia. Niespecjalnie to szokuj\u0105ce, ale jest dok\u0142adnie tak trudno, jak si\u0119 wydaje.<\/p>\n<p>Je\u015bli zdo\u0142acie podnie\u015b\u0107 g\u0142ow\u0119 podczas tej m\u0119cz\u0105cej wspinaczki, ujrzycie absolutnie osza\u0142amiaj\u0105cy widok. Niestety \u2013 ta trasa jest dost\u0119pna tylko w miesi\u0105cach letnich, poniewa\u017c przebiega przez samo serce Alp. Kto nie mo\u017ce czeka\u0107 tak d\u0142ugo, pokocha nasz\u0105 niespodziank\u0119. Na marginesie: czy wiecie, \u017ce obecny rekord trasy wynosi 37,5 minuty i nale\u017cy do Stefana Kirchmaira? Oto prawdziwe wyzwanie!<\/p>\n<h2><strong>Mont Ventoux<\/strong><\/h2>\n<figure id=\"attachment_13703\" aria-describedby=\"caption-attachment-13703\" style=\"width: 1000px\" class=\"wp-caption alignnone\"><a href=\"https:\/\/d2p6e6u75xmxt8.cloudfront.net\/5\/2023\/03\/3.webp\"><img loading=\"lazy\" decoding=\"async\" class=\"wp-image-13703 size-full\" src=\"https:\/\/d2p6e6u75xmxt8.cloudfront.net\/5\/2023\/03\/3.webp\" alt=\"\" width=\"1000\" height=\"666\" srcset=\"https:\/\/d2p6e6u75xmxt8.cloudfront.net\/5\/2023\/03\/3.webp 1000w, https:\/\/d2p6e6u75xmxt8.cloudfront.net\/5\/2023\/03\/3-300x200.webp 300w, https:\/\/d2p6e6u75xmxt8.cloudfront.net\/5\/2023\/03\/3-768x511.webp 768w, https:\/\/d2p6e6u75xmxt8.cloudfront.net\/5\/2023\/03\/3-400x266.webp 400w, https:\/\/d2p6e6u75xmxt8.cloudfront.net\/5\/2023\/03\/3-272x182.webp 272w\" sizes=\"auto, (max-width: 1000px) 100vw, 1000px\" \/><\/a><figcaption id=\"caption-attachment-13703\" class=\"wp-caption-text\">Mont Ventoux, inaczej Gigant Prowansji, nale\u017cy do presti\u017cowej ligi wspinaczek oznaczonych \u201eHC\u201d. Litery te to skr\u00f3t od francuskiego \u201ehors cat\u00e9gorie\u201d, czyli w bezpo\u015brednim t\u0142umaczeniu \u201epoza kategori\u0105\u201d. \u00a9 Profimedia<\/figcaption><\/figure>\n<p>M\u00f3wi\u0105c o kultowych podjazdach, nie mo\u017cemy zapomnie\u0107 o najtrudniejszym podje\u017adzie w Tour de France: <a href=\"https:\/\/my.rouvy.com\/virtual-routes\/detail\/36341\">Mont Ventoux<\/a>. Ta droga to prawdziwy spraw\u00addzian si\u0142y fizycznej i psychicznej ka\u017cdego kolarza. Licz\u0105ca 17,12 km trasa prowadzi do piek\u0142a i z powrotem \u2013 lepiej dobrze si\u0119 na ni\u0105 przygo\u00adtowa\u0107. Ju\u017c na samym wst\u0119pie zaczynamy od wspinaczki z 5% nachyle\u00adniem. Wkr\u00f3tce jednak warto\u015b\u0107 ta stanie si\u0119 dwucyfrowa, dobijaj\u0105c nawet do 19%. Na trasie nie ma ulgowych odcink\u00f3w, mo\u017cna jedynie cieszy\u0107 si\u0119 chwilami, gdy nachylenie powraca do warto\u015bci jednocyfrowych. Po dotarciu do pomnika upami\u0119tniaj\u0105cego Toma Simpsona skorzystajcie ze wszystkich rezerw, bo pozostanie Wam do pokonania ju\u017c tylko jeden kilometr. Niestety g\u00f3ra cz\u0119sto jest otulona chmurami, ale to nie powinno stanowi\u0107 problemu. Na <a href=\"https:\/\/www.welovecycling.com\/wide\/2022\/11\/16\/what-its-like-to-climb-mt-ventoux\/\">Mont Ventoux<\/a> nie je\u017adzi si\u0119 dla rozrywki ani dla podziwiania krajobraz\u00f3w. To trasa kolarska i tak te\u017c nale\u017cy j\u0105 traktowa\u0107. Rekordowy czas podjazdu na tego potwora to niespe\u0142na 50 minut, wi\u0119c dobrze przygotujcie sw\u00f3j rower i podejmijcie r\u0119kawic\u0119!<\/p>\n<h2><strong>NIESPODZIANKA!<\/strong><\/h2>\n<p>Doskonale znamy paskudne uczucie dotkliwej frustracji, kt\u00f3re pojawia si\u0119, kiedy co\u015b powstrzymuje nas przed wyruszeniem w drog\u0119 (w okre\u015blonym miejscu lub o zaplanowanej wcze\u015bniej godzinie). Najcz\u0119\u015bciej mo\u017cemy sobie pozwoli\u0107 na pokonanie tylko jednej czy dw\u00f3ch z tych wspania\u0142ych tras w ci\u0105gu ca\u0142ego \u017cycia. A przynajmniej do niedawna tak by\u0142o.<\/p>\n<p>W serii \u201eWe Love Cycling\u201d zawsze staramy si\u0119 zaprezentowa\u0107 Wam najlep\u00adsze miejsca do jazdy. Tym razem po\u0142\u0105czyli\u015bmy si\u0142y z Rouvy, aby da\u0107 Wam dok\u0142adnie to, o czym marzyli\u015bcie. Brzmi dobrze? Brzmi doskonale!<\/p>\n<p>Kto nie chce czeka\u0107 do lata lub pragnie do\u015bwiadczy\u0107 hipnotyzuj\u0105cych widok\u00f3w bez wydawania g\u00f3ry pieni\u0119dzy na podr\u00f3\u017c do Francji, mo\u017ce podziwia\u0107 niekt\u00f3re z tych szlak\u00f3w dzi\u0119ki platformie rozszerzonej rzeczywisto\u015bci Rouvy.<\/p>\n<h2><strong>Co to jest Rouvy?<\/strong><\/h2>\n<p>Rouvy to aplikacja, dzi\u0119ki kt\u00f3rej mo\u017cecie trenowa\u0107, \u015bciga\u0107 si\u0119 lub po prostu pozna\u00adwa\u0107 prawdziwe trasy w zaciszu w\u0142asnego pokoju. Rozszerzona rzeczy\u00adwisto\u015b\u0107 (AR) pozwoli Wam w pe\u0142ni ch\u0142on\u0105\u0107 wra\u017cenia z niekt\u00f3rych z najbar\u00addziej widowiskowych szlak\u00f3w na ca\u0142ym \u015bwiecie bez wychodzenia z domu. Platforma oferuje ponad 25 tys. km dr\u00f3g na sze\u015bciu kontynentach (niestety nadal nie b\u0119dzie mo\u017cna poje\u017adzi\u0107 po Antarktydzie). Mo\u017cecie je\u017adzi\u0107 samodzielnie, trenowa\u0107, a nawet \u015bciga\u0107 si\u0119 z przyjaci\u00f3\u0142mi. Naprawd\u0119 nie ma nic lepszego \u2013 nie licz\u0105c jazdy w prawdziwym \u015bwiecie. Aplikacja bezproblemowo \u0142\u0105czy si\u0119 z inteligentnymi trena\u017cerami \u2013 podobnie jak z tymi mniej inteligentnymi. W przypadku tych pierwszych automatycznie zmienia op\u00f3r, dzi\u0119ki czemu wra\u017cenia s\u0105 jeszcze bardziej naturalne.<\/p>\n<p>Rouvy to najlepszy spos\u00f3b, aby nadgoni\u0107 sw\u00f3j trening nawet podczas najpas\u00adkudniejszej pogody. Je\u015bli wi\u0119c nie chcecie czeka\u0107 do lata, \u017ceby przetestowa\u0107 pi\u0119\u0107 najlepszych miejsc do jazdy we Francji, <a href=\"https:\/\/rouvy.com\/\">pobierzcie aplikacj\u0119<\/a> ju\u017c teraz i ruszajcie w drog\u0119!<\/p>\n<h2><strong>Wyzwanie: podb\u00f3j Pary\u017ca<\/strong><\/h2>\n<figure id=\"attachment_13704\" aria-describedby=\"caption-attachment-13704\" style=\"width: 1040px\" class=\"wp-caption alignnone\"><a href=\"https:\/\/d2p6e6u75xmxt8.cloudfront.net\/5\/2023\/03\/4.webp\"><img loading=\"lazy\" decoding=\"async\" class=\"wp-image-13704 size-full\" src=\"https:\/\/d2p6e6u75xmxt8.cloudfront.net\/5\/2023\/03\/4.webp\" alt=\"\" width=\"1040\" height=\"585\" srcset=\"https:\/\/d2p6e6u75xmxt8.cloudfront.net\/5\/2023\/03\/4.webp 1040w, https:\/\/d2p6e6u75xmxt8.cloudfront.net\/5\/2023\/03\/4-300x169.webp 300w, https:\/\/d2p6e6u75xmxt8.cloudfront.net\/5\/2023\/03\/4-1024x576.webp 1024w, https:\/\/d2p6e6u75xmxt8.cloudfront.net\/5\/2023\/03\/4-768x432.webp 768w, https:\/\/d2p6e6u75xmxt8.cloudfront.net\/5\/2023\/03\/4-400x225.webp 400w\" sizes=\"auto, (max-width: 1040px) 100vw, 1040px\" \/><\/a><figcaption id=\"caption-attachment-13704\" class=\"wp-caption-text\">Czy podejmiecie si\u0119 tego wyzwania?<\/figcaption><\/figure>\n<p>Poniewa\u017c chcieli\u015bmy uczci\u0107 to partnerstwo w spos\u00f3b, kt\u00f3ry jest najbli\u017c\u00adszy naszemu sercu, postanowili\u015bmy skierowa\u0107 wyzwanie do naszych czy\u00adtelnik\u00f3w. Czy jeste\u015bcie na to gotowi? Zabierzemy Was na szybki wypad do stolicy Francji. Oczywi\u015bcie jest wiele tras, kt\u00f3re mo\u017cna pokona\u0107 w Pary\u017cu, ale \u017cadna nie ma tak kultowego statusu jak <a href=\"https:\/\/my.rouvy.com\/virtual-routes\/detail\/80436\">\u201eMiasto mi\u0142o\u015bci\u201d<\/a>. To kr\u00f3tka pod\u00adr\u00f3\u017c po stolicy Francji, podczas kt\u00f3rej zobaczycie wszystkie charakterystycz\u00adne budowle i miejsca. Droga rozpoczyna si\u0119 pod wie\u017c\u0105 Eiffla. Nast\u0119pnie pojedziecie wzd\u0142u\u017c Sekwany i dotrzecie do katedry Notre-Dame de Paris. Po drodze miniecie Luwr, a wypraw\u0119 zako\u0144czycie, tak jak wszystkie legendy Tour de France, na Polach Elizejskich, w s\u0105siedztwie \u0141uku Triumfalnego.<\/p>\n<p>Pokonanie ca\u0142ej 11-kilometrowej trasy zajmuje oko\u0142o 15\u201320 minut. Przygo\u00adtuj\u00adcie si\u0119 na zachwyty nad osza\u0142amiaj\u0105c\u0105, fantastyczn\u0105 rzeczywisto\u015bci\u0105 rozszerzon\u0105, kt\u00f3ra teleportuje Was wprost do serca Pary\u017ca. Dobra wiado\u00admo\u015b\u0107 jest taka, \u017ce mo\u017cecie przejecha\u0107 t\u0119 tras\u0119 tyle razy, ile tylko zechce\u00adcie. Warto zatem odda\u0107 si\u0119 podziwianiu widok\u00f3w, zanim w\u0142o\u017cycie ca\u0142y sw\u00f3j wysi\u0142ek w sprint po Polach Elizejskich \u2013 tak jak uczyni\u0142o to ju\u017c wiele legend kolarstwa. Czy jeste\u015bcie gotowi przyj\u0105\u0107 nasze wyzwanie?<\/p>\n<p><span data-sheets-value=\"{&quot;1&quot;:2,&quot;2&quot;:&quot;Artyku\u0142 powsta\u0142 we wsp\u00f3\u0142pracy ze skoda-auto.pl&quot;}\" data-sheets-userformat=\"{&quot;2&quot;:1,&quot;3&quot;:{&quot;1&quot;:0}}\" data-sheets-hyperlink=\"http:\/\/www.skoda-auto.pl\/\"><a class=\"in-cell-link\" href=\"http:\/\/www.skoda-auto.pl\/\" target=\"_blank\" rel=\"noopener noreferrer\">Artyku\u0142 powsta\u0142 we wsp\u00f3\u0142pracy ze skoda-auto.pl<\/a><\/span><\/p>\n<p><a href=\"https:\/\/www.skoda-auto.pl\/modele\/nowa-octavia\"><img loading=\"lazy\" decoding=\"async\" class=\"alignnone size-full wp-image-11630 aligncenter\" src=\"https:\/\/d2p6e6u75xmxt8.cloudfront.net\/5\/2021\/12\/640x350-1.jpg\" alt=\"\" width=\"640\" height=\"350\" srcset=\"https:\/\/d2p6e6u75xmxt8.cloudfront.net\/5\/2021\/12\/640x350-1.jpg 640w, https:\/\/d2p6e6u75xmxt8.cloudfront.net\/5\/2021\/12\/640x350-1-300x164.jpg 300w\" sizes=\"auto, (max-width: 640px) 100vw, 640px\" \/><\/a><\/p>\n","protected":false},"excerpt":{"rendered":"<p>Ach, Francja! Kraj mi\u0142o\u015bci, wina i \u015bmierdz\u0105cych ser\u00f3w\u2026 Oraz kolarstwa \u2013 nie zapominajmy o kolarstwie! Pami\u0119tacie to niewielkie coroczne wydarzenie [&hellip;]<\/p>\n","protected":false},"author":153,"featured_media":13700,"comment_status":"open","ping_status":"open","sticky":false,"template":"","format":"standard","meta":{"footnotes":""},"categories":[6],"tags":[384,151,385,386],"global-categories":[303],"class_list":["post-13698","post","type-post","status-publish","format-standard","has-post-thumbnail","hentry","category-kolarstwo-szosowe","tag-francja","tag-kolarstwo-szosowe","tag-najlepsze-trasy-rowerowe-we-francji","tag-podroz","global-categories-cycling"],"yoast_head":"<!-- This site is optimized with the Yoast SEO Premium plugin v25.3 (Yoast SEO v25.9) - https:\/\/yoast.com\/wordpress\/plugins\/seo\/ -->\n<title>5 najlepszych tras rowerowych we Francji - \u0160koda We Love Cycling - Poland<\/title>\n<meta name=\"robots\" content=\"index, follow, max-snippet:-1, max-image-preview:large, max-video-preview:-1\" \/>\n<link rel=\"canonical\" href=\"https:\/\/www.welovecycling.com\/pl\/2023\/03\/31\/5-najlepszych-tras-rowerowych-we-francji\/\" \/>\n<meta property=\"og:locale\" content=\"pl_PL\" \/>\n<meta property=\"og:type\" content=\"article\" \/>\n<meta property=\"og:title\" content=\"5 najlepszych tras rowerowych we Francji\" \/>\n<meta property=\"og:description\" content=\"Ach, Francja! Kraj mi\u0142o\u015bci, wina i \u015bmierdz\u0105cych ser\u00f3w\u2026 Oraz kolarstwa \u2013 nie zapominajmy o kolarstwie! Pami\u0119tacie to niewielkie coroczne wydarzenie [&hellip;]\" \/>\n<meta property=\"og:url\" content=\"https:\/\/www.welovecycling.com\/pl\/2023\/03\/31\/5-najlepszych-tras-rowerowych-we-francji\/\" \/>\n<meta property=\"og:site_name\" content=\"\u0160koda We Love Cycling - Poland\" \/>\n<meta property=\"article:published_time\" content=\"2023-03-31T09:29:12+00:00\" \/>\n<meta property=\"article:modified_time\" content=\"2023-03-31T10:35:18+00:00\" \/>\n<meta property=\"og:image\" content=\"https:\/\/d2p6e6u75xmxt8.cloudfront.net\/5\/2023\/03\/5.webp\" \/>\n\t<meta property=\"og:image:width\" content=\"990\" \/>\n\t<meta property=\"og:image:height\" content=\"660\" \/>\n\t<meta property=\"og:image:type\" content=\"image\/webp\" \/>\n<meta name=\"author\" content=\"rafal\" \/>\n<meta name=\"twitter:card\" content=\"summary_large_image\" \/>\n<meta name=\"twitter:label1\" content=\"Written by\" \/>\n\t<meta name=\"twitter:data1\" content=\"Martin Atanasov\" \/>\n\t<meta name=\"twitter:label2\" content=\"Est. reading time\" \/>\n\t<meta name=\"twitter:data2\" content=\"7\" \/>\n<script type=\"application\/ld+json\" class=\"yoast-schema-graph\">{\"@context\":\"https:\/\/schema.org\",\"@graph\":[{\"@type\":\"WebPage\",\"@id\":\"https:\/\/www.welovecycling.com\/pl\/2023\/03\/31\/5-najlepszych-tras-rowerowych-we-francji\/\",\"url\":\"https:\/\/www.welovecycling.com\/pl\/2023\/03\/31\/5-najlepszych-tras-rowerowych-we-francji\/\",\"name\":\"5 najlepszych tras rowerowych we Francji - \u0160koda We Love Cycling - Poland\",\"isPartOf\":{\"@id\":\"https:\/\/www.welovecycling.com\/pl\/#website\"},\"primaryImageOfPage\":{\"@id\":\"https:\/\/www.welovecycling.com\/pl\/2023\/03\/31\/5-najlepszych-tras-rowerowych-we-francji\/#primaryimage\"},\"image\":{\"@id\":\"https:\/\/www.welovecycling.com\/pl\/2023\/03\/31\/5-najlepszych-tras-rowerowych-we-francji\/#primaryimage\"},\"thumbnailUrl\":\"https:\/\/d2p6e6u75xmxt8.cloudfront.net\/5\/2023\/03\/5.webp\",\"datePublished\":\"2023-03-31T09:29:12+00:00\",\"dateModified\":\"2023-03-31T10:35:18+00:00\",\"author\":{\"@id\":\"https:\/\/www.welovecycling.com\/pl\/#\/schema\/person\/bf06ed916a1ef16618807fb60d2ebe42\"},\"breadcrumb\":{\"@id\":\"https:\/\/www.welovecycling.com\/pl\/2023\/03\/31\/5-najlepszych-tras-rowerowych-we-francji\/#breadcrumb\"},\"inLanguage\":\"pl-PL\",\"potentialAction\":[{\"@type\":\"ReadAction\",\"target\":[\"https:\/\/www.welovecycling.com\/pl\/2023\/03\/31\/5-najlepszych-tras-rowerowych-we-francji\/\"]}]},{\"@type\":\"ImageObject\",\"inLanguage\":\"pl-PL\",\"@id\":\"https:\/\/www.welovecycling.com\/pl\/2023\/03\/31\/5-najlepszych-tras-rowerowych-we-francji\/#primaryimage\",\"url\":\"https:\/\/d2p6e6u75xmxt8.cloudfront.net\/5\/2023\/03\/5.webp\",\"contentUrl\":\"https:\/\/d2p6e6u75xmxt8.cloudfront.net\/5\/2023\/03\/5.webp\",\"width\":990,\"height\":660},{\"@type\":\"BreadcrumbList\",\"@id\":\"https:\/\/www.welovecycling.com\/pl\/2023\/03\/31\/5-najlepszych-tras-rowerowych-we-francji\/#breadcrumb\",\"itemListElement\":[{\"@type\":\"ListItem\",\"position\":1,\"name\":\"Home\",\"item\":\"https:\/\/www.welovecycling.com\/pl\/\"},{\"@type\":\"ListItem\",\"position\":2,\"name\":\"5 najlepszych tras rowerowych we Francji\"}]},{\"@type\":\"WebSite\",\"@id\":\"https:\/\/www.welovecycling.com\/pl\/#website\",\"url\":\"https:\/\/www.welovecycling.com\/pl\/\",\"name\":\"\u0160koda We Love Cycling - Poland\",\"description\":\"\",\"potentialAction\":[{\"@type\":\"SearchAction\",\"target\":{\"@type\":\"EntryPoint\",\"urlTemplate\":\"https:\/\/www.welovecycling.com\/pl\/?s={search_term_string}\"},\"query-input\":{\"@type\":\"PropertyValueSpecification\",\"valueRequired\":true,\"valueName\":\"search_term_string\"}}],\"inLanguage\":\"pl-PL\"},{\"@type\":\"Person\",\"@id\":\"https:\/\/www.welovecycling.com\/pl\/#\/schema\/person\/bf06ed916a1ef16618807fb60d2ebe42\",\"name\":\"rafal\",\"image\":{\"@type\":\"ImageObject\",\"inLanguage\":\"pl-PL\",\"@id\":\"https:\/\/www.welovecycling.com\/pl\/#\/schema\/person\/image\/\",\"url\":\"https:\/\/secure.gravatar.com\/avatar\/203f240e63bee214f6f3a0dacbeb600c7829c09716c2b9ee3230c6961debcde2?s=96&d=mm&r=g\",\"contentUrl\":\"https:\/\/secure.gravatar.com\/avatar\/203f240e63bee214f6f3a0dacbeb600c7829c09716c2b9ee3230c6961debcde2?s=96&d=mm&r=g\",\"caption\":\"rafal\"},\"url\":\"https:\/\/www.welovecycling.com\/pl\/author\/rafal\/\"}]}<\/script>\n<!-- \/ Yoast SEO Premium plugin. -->","yoast_head_json":{"title":"5 najlepszych tras rowerowych we Francji - \u0160koda We Love Cycling - Poland","robots":{"index":"index","follow":"follow","max-snippet":"max-snippet:-1","max-image-preview":"max-image-preview:large","max-video-preview":"max-video-preview:-1"},"canonical":"https:\/\/www.welovecycling.com\/pl\/2023\/03\/31\/5-najlepszych-tras-rowerowych-we-francji\/","og_locale":"pl_PL","og_type":"article","og_title":"5 najlepszych tras rowerowych we Francji","og_description":"Ach, Francja! Kraj mi\u0142o\u015bci, wina i \u015bmierdz\u0105cych ser\u00f3w\u2026 Oraz kolarstwa \u2013 nie zapominajmy o kolarstwie! Pami\u0119tacie to niewielkie coroczne wydarzenie [&hellip;]","og_url":"https:\/\/www.welovecycling.com\/pl\/2023\/03\/31\/5-najlepszych-tras-rowerowych-we-francji\/","og_site_name":"\u0160koda We Love Cycling - Poland","article_published_time":"2023-03-31T09:29:12+00:00","article_modified_time":"2023-03-31T10:35:18+00:00","og_image":[{"width":990,"height":660,"url":"https:\/\/d2p6e6u75xmxt8.cloudfront.net\/5\/2023\/03\/5.webp","type":"image\/webp"}],"author":"rafal","twitter_card":"summary_large_image","twitter_misc":{"Written by":"Martin Atanasov","Est. reading time":"7"},"schema":{"@context":"https:\/\/schema.org","@graph":[{"@type":"WebPage","@id":"https:\/\/www.welovecycling.com\/pl\/2023\/03\/31\/5-najlepszych-tras-rowerowych-we-francji\/","url":"https:\/\/www.welovecycling.com\/pl\/2023\/03\/31\/5-najlepszych-tras-rowerowych-we-francji\/","name":"5 najlepszych tras rowerowych we Francji - \u0160koda We Love Cycling - Poland","isPartOf":{"@id":"https:\/\/www.welovecycling.com\/pl\/#website"},"primaryImageOfPage":{"@id":"https:\/\/www.welovecycling.com\/pl\/2023\/03\/31\/5-najlepszych-tras-rowerowych-we-francji\/#primaryimage"},"image":{"@id":"https:\/\/www.welovecycling.com\/pl\/2023\/03\/31\/5-najlepszych-tras-rowerowych-we-francji\/#primaryimage"},"thumbnailUrl":"https:\/\/d2p6e6u75xmxt8.cloudfront.net\/5\/2023\/03\/5.webp","datePublished":"2023-03-31T09:29:12+00:00","dateModified":"2023-03-31T10:35:18+00:00","author":{"@id":"https:\/\/www.welovecycling.com\/pl\/#\/schema\/person\/bf06ed916a1ef16618807fb60d2ebe42"},"breadcrumb":{"@id":"https:\/\/www.welovecycling.com\/pl\/2023\/03\/31\/5-najlepszych-tras-rowerowych-we-francji\/#breadcrumb"},"inLanguage":"pl-PL","potentialAction":[{"@type":"ReadAction","target":["https:\/\/www.welovecycling.com\/pl\/2023\/03\/31\/5-najlepszych-tras-rowerowych-we-francji\/"]}]},{"@type":"ImageObject","inLanguage":"pl-PL","@id":"https:\/\/www.welovecycling.com\/pl\/2023\/03\/31\/5-najlepszych-tras-rowerowych-we-francji\/#primaryimage","url":"https:\/\/d2p6e6u75xmxt8.cloudfront.net\/5\/2023\/03\/5.webp","contentUrl":"https:\/\/d2p6e6u75xmxt8.cloudfront.net\/5\/2023\/03\/5.webp","width":990,"height":660},{"@type":"BreadcrumbList","@id":"https:\/\/www.welovecycling.com\/pl\/2023\/03\/31\/5-najlepszych-tras-rowerowych-we-francji\/#breadcrumb","itemListElement":[{"@type":"ListItem","position":1,"name":"Home","item":"https:\/\/www.welovecycling.com\/pl\/"},{"@type":"ListItem","position":2,"name":"5 najlepszych tras rowerowych we Francji"}]},{"@type":"WebSite","@id":"https:\/\/www.welovecycling.com\/pl\/#website","url":"https:\/\/www.welovecycling.com\/pl\/","name":"\u0160koda We Love Cycling - Poland","description":"","potentialAction":[{"@type":"SearchAction","target":{"@type":"EntryPoint","urlTemplate":"https:\/\/www.welovecycling.com\/pl\/?s={search_term_string}"},"query-input":{"@type":"PropertyValueSpecification","valueRequired":true,"valueName":"search_term_string"}}],"inLanguage":"pl-PL"},{"@type":"Person","@id":"https:\/\/www.welovecycling.com\/pl\/#\/schema\/person\/bf06ed916a1ef16618807fb60d2ebe42","name":"rafal","image":{"@type":"ImageObject","inLanguage":"pl-PL","@id":"https:\/\/www.welovecycling.com\/pl\/#\/schema\/person\/image\/","url":"https:\/\/secure.gravatar.com\/avatar\/203f240e63bee214f6f3a0dacbeb600c7829c09716c2b9ee3230c6961debcde2?s=96&d=mm&r=g","contentUrl":"https:\/\/secure.gravatar.com\/avatar\/203f240e63bee214f6f3a0dacbeb600c7829c09716c2b9ee3230c6961debcde2?s=96&d=mm&r=g","caption":"rafal"},"url":"https:\/\/www.welovecycling.com\/pl\/author\/rafal\/"}]}},"_links":{"self":[{"href":"https:\/\/www.welovecycling.com\/pl\/wp-json\/wp\/v2\/posts\/13698","targetHints":{"allow":["GET"]}}],"collection":[{"href":"https:\/\/www.welovecycling.com\/pl\/wp-json\/wp\/v2\/posts"}],"about":[{"href":"https:\/\/www.welovecycling.com\/pl\/wp-json\/wp\/v2\/types\/post"}],"author":[{"embeddable":true,"href":"https:\/\/www.welovecycling.com\/pl\/wp-json\/wp\/v2\/users\/153"}],"replies":[{"embeddable":true,"href":"https:\/\/www.welovecycling.com\/pl\/wp-json\/wp\/v2\/comments?post=13698"}],"version-history":[{"count":4,"href":"https:\/\/www.welovecycling.com\/pl\/wp-json\/wp\/v2\/posts\/13698\/revisions"}],"predecessor-version":[{"id":13708,"href":"https:\/\/www.welovecycling.com\/pl\/wp-json\/wp\/v2\/posts\/13698\/revisions\/13708"}],"wp:featuredmedia":[{"embeddable":true,"href":"https:\/\/www.welovecycling.com\/pl\/wp-json\/wp\/v2\/media\/13700"}],"wp:attachment":[{"href":"https:\/\/www.welovecycling.com\/pl\/wp-json\/wp\/v2\/media?parent=13698"}],"wp:term":[{"taxonomy":"category","embeddable":true,"href":"https:\/\/www.welovecycling.com\/pl\/wp-json\/wp\/v2\/categories?post=13698"},{"taxonomy":"post_tag","embeddable":true,"href":"https:\/\/www.welovecycling.com\/pl\/wp-json\/wp\/v2\/tags?post=13698"},{"taxonomy":"global-categories","embeddable":true,"href":"https:\/\/www.welovecycling.com\/pl\/wp-json\/wp\/v2\/global-categories?post=13698"}],"curies":[{"name":"wp","href":"https:\/\/api.w.org\/{rel}","templated":true}]}}