{"id":1369,"date":"2016-07-11T09:38:30","date_gmt":"2016-07-11T09:38:30","guid":{"rendered":"http:\/\/skoda-rowery.pl\/?p=1369"},"modified":"2016-12-05T08:49:09","modified_gmt":"2016-12-05T08:49:09","slug":"tour-de-france-2016-ktorzy-zawodnicy-maja-cos-do-udowodnienia","status":"publish","type":"post","link":"https:\/\/www.welovecycling.com\/pl\/2016\/07\/11\/tour-de-france-2016-ktorzy-zawodnicy-maja-cos-do-udowodnienia\/","title":{"rendered":"Tour de France 2016: Kt\u00f3rzy zawodnicy maj\u0105 co\u015b do udowodnienia?"},"content":{"rendered":"<p style=\"text-align: justify\">Chris Froome zdominowa\u0142 Tour w 2015 r.\u00a0 Przegrawszy o w\u0142os w 2014 roku, Froome w\u0142o\u017cy\u0142 ogromny wysi\u0142ek w wy\u015bcig w 2015 roku &#8211; do tego stopnia, \u017ce Team Sky postanowi\u0142 ujawni\u0107 dane pokazuj\u0105ce popraw\u0119 mocy Froome&#8217;a, chc\u0105c rozwia\u0107 pojedyncze, ale uporczywe oskar\u017cenia o doping.<\/p>\n<p style=\"text-align: justify\">\n<p style=\"text-align: justify\">Wczesne zako\u0144czenie udzia\u0142u w wy\u015bcigu w 2014 r. nauczy\u0142o go cierpliwo\u015bci i czekania na odpowiedni moment, by zdoby\u0107 \u017c\u00f3\u0142t\u0105 koszulk\u0119 &#8211; w 2015 r. Froome czeka\u0142 na jej za\u0142o\u017cenie a\u017c do si\u00f3dmego etapu.<\/p>\n<p style=\"text-align: justify\">\n<p style=\"text-align: justify\">Team Sky zwar\u0142 szeregi i nie chcia\u0142 pozwoli\u0107 na utrat\u0119 prowadzenia przez pozosta\u0142ych 14 etap\u00f3w.\u00a0 Froome ma odpowiedni\u0105 ekip\u0119, z kt\u00f3r\u0105 mo\u017ce tworzy\u0107 histori\u0119 &#8211; przez to Froome to cz\u0142owiek, kt\u00f3rego trzeba pokona\u0107 w 2016 roku.<\/p>\n<p style=\"text-align: justify\">\n<p style=\"text-align: justify\">Nibali w\u0142a\u015bnie odni\u00f3s\u0142 wspania\u0142e zwyci\u0119stwo w Giro d&#8217;Italia, wi\u0119c to kolejny zawodnik, kt\u00f3ry my\u015bli o przej\u015bciu do historii. Nibali ma Astana, ekip\u0119 jak Sky, kt\u00f3ra ma silny sk\u0142ad. Astana opiekuje si\u0119 tak\u017ce wyj\u0105tkowym zawodnikiem &#8211; Aru.<\/p>\n<p style=\"text-align: justify\">\n<p style=\"text-align: justify\">Contador odnotowa\u0142 mocny pocz\u0105tek sezonu, ale ju\u017c nie stanowi takiego zagro\u017cenia, jak kiedy\u015b. Poniewa\u017c kilka z jego historycznych wynik\u00f3w ju\u017c pobito, pozostaje znak zapytania, je\u015bli chodzi o jego wynik.<\/p>\n<p style=\"text-align: justify\">\n<p style=\"text-align: justify\">Jedno jest pewne, pomimo zwyci\u0119stwa Contadora w Giro w 2015 roku, jego wynik w g\u00f3rach jest w\u0105tpliwy, a Tour 2016 ma wiele g\u00f3rskich etap\u00f3w.<\/p>\n<p style=\"text-align: justify\">\n<p style=\"text-align: justify\">Faworyt t\u0142um\u00f3w, Quintana jest czarnym koniem, kt\u00f3rego nie mo\u017cna pomin\u0105\u0107. By\u0142 jednym z niewielu kolarzy, kt\u00f3rym uda\u0142o si\u0119 pokrzy\u017cowa\u0107 szyki Froome\u2019owi w 2015 roku na etapach g\u00f3rskich.<\/p>\n<p style=\"text-align: justify\">\n<p style=\"text-align: justify\">Ale wynik Quintany w ko\u0144cz\u0105cej je\u017adzie na czas w 2016 roku w wy\u015bcigu w Kraju Bask\u00f3w by\u0142 znakiem, \u017ce pracuje nad tym aspektem swojej techniki.\u00a0 Bez wzgl\u0119du na to, jak Quintana uko\u0144czy wy\u015bcig, pewne jest, \u017ce doda troch\u0119 kolorytu w Tour de France 2016.<\/p>\n<p style=\"text-align: justify\">\n<p style=\"text-align: justify\">Richie Porte to kolejny kolarz, w kt\u00f3rym wiele os\u00f3b pok\u0142ada nadziej\u0119, ale nie robi on wra\u017cenia od momentu opuszczenia Sky Team. Po tym wszystkim, co m\u00f3wi\u0142o si\u0119 o rywalizacji Gerainta Thomasa z Froomem, mo\u017cna mie\u0107 nadziej\u0119, \u017ce Porte zdo\u0142a pokaza\u0107, \u017ce istnieje \u017cycie po Sky.<\/p>\n<p style=\"text-align: justify\">\n<p style=\"text-align: justify\">Porte zaj\u0105\u0142 pierwsze miejsce w Giro del Trentino &#8211; godne szacunku i ci\u0119\u017cko wypracowane zwyci\u0119stwo, ale nie jest to jednak Giro d&#8217;Italia. I na pewno nie jest to Tour de France.<\/p>\n<p style=\"text-align: justify\">\n<p style=\"text-align: justify\">Je\u015bli jeste\u015b rozs\u0105dny, postawisz na Froome\u2019a &#8211; ale niczego nie mo\u017cna zak\u0142ada\u0107 z g\u00f3ry w najwi\u0119kszej imprezie kolarskiej na \u015bwiecie.<\/p>\n<p style=\"text-align: justify\">\n<p style=\"text-align: justify\"><strong>\u0141\u0105czy nas kolarska pasja! Ponad 120 lat temu za\u0142o\u017cyciele naszej marki spotkali si\u0119, by spe\u0142ni\u0107 swoje marzenie o produkcji rower\u00f3w. Zaczynali\u015bmy od dw\u00f3ch k\u00f3\u0142ek i dlatego nap\u0119dzamy wy\u015bcigi na ca\u0142ym \u015bwiecie, w tym Tour de France.<\/strong><\/p>\n","protected":false},"excerpt":{"rendered":"<p>Chris Froome zdominowa\u0142 Tour w 2015 r.\u00a0 Przegrawszy o w\u0142os w 2014 roku, Froome w\u0142o\u017cy\u0142 ogromny wysi\u0142ek w wy\u015bcig w [&hellip;]<\/p>\n","protected":false},"author":1,"featured_media":1370,"comment_status":"open","ping_status":"closed","sticky":false,"template":"","format":"standard","meta":{"footnotes":""},"categories":[1],"tags":[],"global-categories":[],"class_list":["post-1369","post","type-post","status-publish","format-standard","has-post-thumbnail","hentry","category-uncategorized"],"yoast_head":"<!-- This site is optimized with the Yoast SEO Premium plugin v25.3 (Yoast SEO v25.9) - https:\/\/yoast.com\/wordpress\/plugins\/seo\/ -->\n<title>Tour de France 2016: Kt\u00f3rzy zawodnicy maj\u0105 co\u015b do udowodnienia? - \u0160koda We Love Cycling - Poland<\/title>\n<meta name=\"robots\" content=\"index, follow, max-snippet:-1, max-image-preview:large, max-video-preview:-1\" \/>\n<link rel=\"canonical\" href=\"https:\/\/www.welovecycling.com\/pl\/2016\/07\/11\/tour-de-france-2016-ktorzy-zawodnicy-maja-cos-do-udowodnienia\/\" \/>\n<meta property=\"og:locale\" content=\"pl_PL\" \/>\n<meta property=\"og:type\" content=\"article\" \/>\n<meta property=\"og:title\" content=\"Tour de France 2016: Kt\u00f3rzy zawodnicy maj\u0105 co\u015b do udowodnienia?\" \/>\n<meta property=\"og:description\" content=\"Chris Froome zdominowa\u0142 Tour w 2015 r.\u00a0 Przegrawszy o w\u0142os w 2014 roku, Froome w\u0142o\u017cy\u0142 ogromny wysi\u0142ek w wy\u015bcig w [&hellip;]\" \/>\n<meta property=\"og:url\" content=\"https:\/\/www.welovecycling.com\/pl\/2016\/07\/11\/tour-de-france-2016-ktorzy-zawodnicy-maja-cos-do-udowodnienia\/\" \/>\n<meta property=\"og:site_name\" content=\"\u0160koda We Love Cycling - Poland\" \/>\n<meta property=\"article:published_time\" content=\"2016-07-11T09:38:30+00:00\" \/>\n<meta property=\"article:modified_time\" content=\"2016-12-05T08:49:09+00:00\" \/>\n<meta property=\"og:image\" content=\"https:\/\/d2p6e6u75xmxt8.cloudfront.net\/5\/2016\/07\/profimedia-0253949228.jpg\" \/>\n\t<meta property=\"og:image:width\" content=\"1800\" \/>\n\t<meta property=\"og:image:height\" content=\"1240\" \/>\n\t<meta property=\"og:image:type\" content=\"image\/jpeg\" \/>\n<meta name=\"author\" content=\"WeLoveCycling\" \/>\n<meta name=\"twitter:card\" content=\"summary_large_image\" \/>\n<meta name=\"twitter:label1\" content=\"Written by\" \/>\n\t<meta name=\"twitter:data1\" content=\"WeLoveCycling\" \/>\n\t<meta name=\"twitter:label2\" content=\"Est. reading time\" \/>\n\t<meta name=\"twitter:data2\" content=\"2 minutes\" \/>\n<script type=\"application\/ld+json\" class=\"yoast-schema-graph\">{\"@context\":\"https:\/\/schema.org\",\"@graph\":[{\"@type\":\"WebPage\",\"@id\":\"https:\/\/www.welovecycling.com\/pl\/2016\/07\/11\/tour-de-france-2016-ktorzy-zawodnicy-maja-cos-do-udowodnienia\/\",\"url\":\"https:\/\/www.welovecycling.com\/pl\/2016\/07\/11\/tour-de-france-2016-ktorzy-zawodnicy-maja-cos-do-udowodnienia\/\",\"name\":\"Tour de France 2016: Kt\u00f3rzy zawodnicy maj\u0105 co\u015b do udowodnienia? - \u0160koda We Love Cycling - Poland\",\"isPartOf\":{\"@id\":\"https:\/\/www.welovecycling.com\/pl\/#website\"},\"primaryImageOfPage\":{\"@id\":\"https:\/\/www.welovecycling.com\/pl\/2016\/07\/11\/tour-de-france-2016-ktorzy-zawodnicy-maja-cos-do-udowodnienia\/#primaryimage\"},\"image\":{\"@id\":\"https:\/\/www.welovecycling.com\/pl\/2016\/07\/11\/tour-de-france-2016-ktorzy-zawodnicy-maja-cos-do-udowodnienia\/#primaryimage\"},\"thumbnailUrl\":\"https:\/\/d2p6e6u75xmxt8.cloudfront.net\/5\/2016\/07\/profimedia-0253949228.jpg\",\"datePublished\":\"2016-07-11T09:38:30+00:00\",\"dateModified\":\"2016-12-05T08:49:09+00:00\",\"author\":{\"@id\":\"https:\/\/www.welovecycling.com\/pl\/#\/schema\/person\/e5187c9cac8dd619ebc7b41bd73c2fd9\"},\"breadcrumb\":{\"@id\":\"https:\/\/www.welovecycling.com\/pl\/2016\/07\/11\/tour-de-france-2016-ktorzy-zawodnicy-maja-cos-do-udowodnienia\/#breadcrumb\"},\"inLanguage\":\"pl-PL\",\"potentialAction\":[{\"@type\":\"ReadAction\",\"target\":[\"https:\/\/www.welovecycling.com\/pl\/2016\/07\/11\/tour-de-france-2016-ktorzy-zawodnicy-maja-cos-do-udowodnienia\/\"]}]},{\"@type\":\"ImageObject\",\"inLanguage\":\"pl-PL\",\"@id\":\"https:\/\/www.welovecycling.com\/pl\/2016\/07\/11\/tour-de-france-2016-ktorzy-zawodnicy-maja-cos-do-udowodnienia\/#primaryimage\",\"url\":\"https:\/\/d2p6e6u75xmxt8.cloudfront.net\/5\/2016\/07\/profimedia-0253949228.jpg\",\"contentUrl\":\"https:\/\/d2p6e6u75xmxt8.cloudfront.net\/5\/2016\/07\/profimedia-0253949228.jpg\",\"width\":1800,\"height\":1240,\"caption\":\"(150727) -- PARIS, July 27, 2015 (Xinhua) -- Team Sky rider Chris Froome of Britain attends the awarding ceremony for Tour de France cycling race 2015 in Paris, France, July 26, 2015. Chris Froome claimed the title of the event with a overall time of 84 hours, 46 minutes and 16 seconds. (Xinhua\/Chen Xiaowei) \/CHINENOUVELLE_1302.03\/Credit:Chen Xiaowei\/Xinhua\/SIPA\/1507271312, Image: 253949228, License: Rights-managed, Restrictions: , Model Release: no, Credit line: Profimedia, TEMP Sipa Press\"},{\"@type\":\"BreadcrumbList\",\"@id\":\"https:\/\/www.welovecycling.com\/pl\/2016\/07\/11\/tour-de-france-2016-ktorzy-zawodnicy-maja-cos-do-udowodnienia\/#breadcrumb\",\"itemListElement\":[{\"@type\":\"ListItem\",\"position\":1,\"name\":\"Home\",\"item\":\"https:\/\/www.welovecycling.com\/pl\/\"},{\"@type\":\"ListItem\",\"position\":2,\"name\":\"Tour de France 2016: Kt\u00f3rzy zawodnicy maj\u0105 co\u015b do udowodnienia?\"}]},{\"@type\":\"WebSite\",\"@id\":\"https:\/\/www.welovecycling.com\/pl\/#website\",\"url\":\"https:\/\/www.welovecycling.com\/pl\/\",\"name\":\"\u0160koda We Love Cycling - Poland\",\"description\":\"\",\"potentialAction\":[{\"@type\":\"SearchAction\",\"target\":{\"@type\":\"EntryPoint\",\"urlTemplate\":\"https:\/\/www.welovecycling.com\/pl\/?s={search_term_string}\"},\"query-input\":{\"@type\":\"PropertyValueSpecification\",\"valueRequired\":true,\"valueName\":\"search_term_string\"}}],\"inLanguage\":\"pl-PL\"},{\"@type\":\"Person\",\"@id\":\"https:\/\/www.welovecycling.com\/pl\/#\/schema\/person\/e5187c9cac8dd619ebc7b41bd73c2fd9\",\"name\":\"WeLoveCycling\",\"image\":{\"@type\":\"ImageObject\",\"inLanguage\":\"pl-PL\",\"@id\":\"https:\/\/www.welovecycling.com\/pl\/#\/schema\/person\/image\/\",\"url\":\"https:\/\/secure.gravatar.com\/avatar\/7e1ee0ecc5e294b19ef32b9f6086e0afbb9da00c3cb0d465ba4695331f4a9187?s=96&d=mm&r=g\",\"contentUrl\":\"https:\/\/secure.gravatar.com\/avatar\/7e1ee0ecc5e294b19ef32b9f6086e0afbb9da00c3cb0d465ba4695331f4a9187?s=96&d=mm&r=g\",\"caption\":\"WeLoveCycling\"},\"url\":\"https:\/\/www.welovecycling.com\/pl\/author\/lukascech\/\"}]}<\/script>\n<!-- \/ Yoast SEO Premium plugin. -->","yoast_head_json":{"title":"Tour de France 2016: Kt\u00f3rzy zawodnicy maj\u0105 co\u015b do udowodnienia? - \u0160koda We Love Cycling - Poland","robots":{"index":"index","follow":"follow","max-snippet":"max-snippet:-1","max-image-preview":"max-image-preview:large","max-video-preview":"max-video-preview:-1"},"canonical":"https:\/\/www.welovecycling.com\/pl\/2016\/07\/11\/tour-de-france-2016-ktorzy-zawodnicy-maja-cos-do-udowodnienia\/","og_locale":"pl_PL","og_type":"article","og_title":"Tour de France 2016: Kt\u00f3rzy zawodnicy maj\u0105 co\u015b do udowodnienia?","og_description":"Chris Froome zdominowa\u0142 Tour w 2015 r.\u00a0 Przegrawszy o w\u0142os w 2014 roku, Froome w\u0142o\u017cy\u0142 ogromny wysi\u0142ek w wy\u015bcig w [&hellip;]","og_url":"https:\/\/www.welovecycling.com\/pl\/2016\/07\/11\/tour-de-france-2016-ktorzy-zawodnicy-maja-cos-do-udowodnienia\/","og_site_name":"\u0160koda We Love Cycling - Poland","article_published_time":"2016-07-11T09:38:30+00:00","article_modified_time":"2016-12-05T08:49:09+00:00","og_image":[{"width":1800,"height":1240,"url":"https:\/\/d2p6e6u75xmxt8.cloudfront.net\/5\/2016\/07\/profimedia-0253949228.jpg","type":"image\/jpeg"}],"author":"WeLoveCycling","twitter_card":"summary_large_image","twitter_misc":{"Written by":"WeLoveCycling","Est. reading time":"2 minutes"},"schema":{"@context":"https:\/\/schema.org","@graph":[{"@type":"WebPage","@id":"https:\/\/www.welovecycling.com\/pl\/2016\/07\/11\/tour-de-france-2016-ktorzy-zawodnicy-maja-cos-do-udowodnienia\/","url":"https:\/\/www.welovecycling.com\/pl\/2016\/07\/11\/tour-de-france-2016-ktorzy-zawodnicy-maja-cos-do-udowodnienia\/","name":"Tour de France 2016: Kt\u00f3rzy zawodnicy maj\u0105 co\u015b do udowodnienia? - \u0160koda We Love Cycling - Poland","isPartOf":{"@id":"https:\/\/www.welovecycling.com\/pl\/#website"},"primaryImageOfPage":{"@id":"https:\/\/www.welovecycling.com\/pl\/2016\/07\/11\/tour-de-france-2016-ktorzy-zawodnicy-maja-cos-do-udowodnienia\/#primaryimage"},"image":{"@id":"https:\/\/www.welovecycling.com\/pl\/2016\/07\/11\/tour-de-france-2016-ktorzy-zawodnicy-maja-cos-do-udowodnienia\/#primaryimage"},"thumbnailUrl":"https:\/\/d2p6e6u75xmxt8.cloudfront.net\/5\/2016\/07\/profimedia-0253949228.jpg","datePublished":"2016-07-11T09:38:30+00:00","dateModified":"2016-12-05T08:49:09+00:00","author":{"@id":"https:\/\/www.welovecycling.com\/pl\/#\/schema\/person\/e5187c9cac8dd619ebc7b41bd73c2fd9"},"breadcrumb":{"@id":"https:\/\/www.welovecycling.com\/pl\/2016\/07\/11\/tour-de-france-2016-ktorzy-zawodnicy-maja-cos-do-udowodnienia\/#breadcrumb"},"inLanguage":"pl-PL","potentialAction":[{"@type":"ReadAction","target":["https:\/\/www.welovecycling.com\/pl\/2016\/07\/11\/tour-de-france-2016-ktorzy-zawodnicy-maja-cos-do-udowodnienia\/"]}]},{"@type":"ImageObject","inLanguage":"pl-PL","@id":"https:\/\/www.welovecycling.com\/pl\/2016\/07\/11\/tour-de-france-2016-ktorzy-zawodnicy-maja-cos-do-udowodnienia\/#primaryimage","url":"https:\/\/d2p6e6u75xmxt8.cloudfront.net\/5\/2016\/07\/profimedia-0253949228.jpg","contentUrl":"https:\/\/d2p6e6u75xmxt8.cloudfront.net\/5\/2016\/07\/profimedia-0253949228.jpg","width":1800,"height":1240,"caption":"(150727) -- PARIS, July 27, 2015 (Xinhua) -- Team Sky rider Chris Froome of Britain attends the awarding ceremony for Tour de France cycling race 2015 in Paris, France, July 26, 2015. Chris Froome claimed the title of the event with a overall time of 84 hours, 46 minutes and 16 seconds. (Xinhua\/Chen Xiaowei) \/CHINENOUVELLE_1302.03\/Credit:Chen Xiaowei\/Xinhua\/SIPA\/1507271312, Image: 253949228, License: Rights-managed, Restrictions: , Model Release: no, Credit line: Profimedia, TEMP Sipa Press"},{"@type":"BreadcrumbList","@id":"https:\/\/www.welovecycling.com\/pl\/2016\/07\/11\/tour-de-france-2016-ktorzy-zawodnicy-maja-cos-do-udowodnienia\/#breadcrumb","itemListElement":[{"@type":"ListItem","position":1,"name":"Home","item":"https:\/\/www.welovecycling.com\/pl\/"},{"@type":"ListItem","position":2,"name":"Tour de France 2016: Kt\u00f3rzy zawodnicy maj\u0105 co\u015b do udowodnienia?"}]},{"@type":"WebSite","@id":"https:\/\/www.welovecycling.com\/pl\/#website","url":"https:\/\/www.welovecycling.com\/pl\/","name":"\u0160koda We Love Cycling - Poland","description":"","potentialAction":[{"@type":"SearchAction","target":{"@type":"EntryPoint","urlTemplate":"https:\/\/www.welovecycling.com\/pl\/?s={search_term_string}"},"query-input":{"@type":"PropertyValueSpecification","valueRequired":true,"valueName":"search_term_string"}}],"inLanguage":"pl-PL"},{"@type":"Person","@id":"https:\/\/www.welovecycling.com\/pl\/#\/schema\/person\/e5187c9cac8dd619ebc7b41bd73c2fd9","name":"WeLoveCycling","image":{"@type":"ImageObject","inLanguage":"pl-PL","@id":"https:\/\/www.welovecycling.com\/pl\/#\/schema\/person\/image\/","url":"https:\/\/secure.gravatar.com\/avatar\/7e1ee0ecc5e294b19ef32b9f6086e0afbb9da00c3cb0d465ba4695331f4a9187?s=96&d=mm&r=g","contentUrl":"https:\/\/secure.gravatar.com\/avatar\/7e1ee0ecc5e294b19ef32b9f6086e0afbb9da00c3cb0d465ba4695331f4a9187?s=96&d=mm&r=g","caption":"WeLoveCycling"},"url":"https:\/\/www.welovecycling.com\/pl\/author\/lukascech\/"}]}},"_links":{"self":[{"href":"https:\/\/www.welovecycling.com\/pl\/wp-json\/wp\/v2\/posts\/1369","targetHints":{"allow":["GET"]}}],"collection":[{"href":"https:\/\/www.welovecycling.com\/pl\/wp-json\/wp\/v2\/posts"}],"about":[{"href":"https:\/\/www.welovecycling.com\/pl\/wp-json\/wp\/v2\/types\/post"}],"author":[{"embeddable":true,"href":"https:\/\/www.welovecycling.com\/pl\/wp-json\/wp\/v2\/users\/1"}],"replies":[{"embeddable":true,"href":"https:\/\/www.welovecycling.com\/pl\/wp-json\/wp\/v2\/comments?post=1369"}],"version-history":[{"count":1,"href":"https:\/\/www.welovecycling.com\/pl\/wp-json\/wp\/v2\/posts\/1369\/revisions"}],"predecessor-version":[{"id":2436,"href":"https:\/\/www.welovecycling.com\/pl\/wp-json\/wp\/v2\/posts\/1369\/revisions\/2436"}],"wp:featuredmedia":[{"embeddable":true,"href":"https:\/\/www.welovecycling.com\/pl\/wp-json\/wp\/v2\/media\/1370"}],"wp:attachment":[{"href":"https:\/\/www.welovecycling.com\/pl\/wp-json\/wp\/v2\/media?parent=1369"}],"wp:term":[{"taxonomy":"category","embeddable":true,"href":"https:\/\/www.welovecycling.com\/pl\/wp-json\/wp\/v2\/categories?post=1369"},{"taxonomy":"post_tag","embeddable":true,"href":"https:\/\/www.welovecycling.com\/pl\/wp-json\/wp\/v2\/tags?post=1369"},{"taxonomy":"global-categories","embeddable":true,"href":"https:\/\/www.welovecycling.com\/pl\/wp-json\/wp\/v2\/global-categories?post=1369"}],"curies":[{"name":"wp","href":"https:\/\/api.w.org\/{rel}","templated":true}]}}