{"id":13675,"date":"2023-03-20T12:55:05","date_gmt":"2023-03-20T12:55:05","guid":{"rendered":"https:\/\/www.welovecycling.com\/pl\/?p=13675"},"modified":"2023-07-19T09:34:44","modified_gmt":"2023-07-19T09:34:44","slug":"sezon-kolarski-w-polsce-i-na-swiecie-czego-mozemy-sie-po-nim-spodziewac","status":"publish","type":"post","link":"https:\/\/www.welovecycling.com\/pl\/2023\/03\/20\/sezon-kolarski-w-polsce-i-na-swiecie-czego-mozemy-sie-po-nim-spodziewac\/","title":{"rendered":"Sezon kolarski w Polsce i na \u015bwiecie \u2013 czego mo\u017cemy si\u0119 po nim spodziewa\u0107"},"content":{"rendered":"<p>Cho\u0107 \u015bmia\u0142o mo\u017cna powiedzie\u0107, \u017ce kolarze \u015bcigaj\u0105 si\u0119 ca\u0142y rok, to jednak ta kr\u00f3lewska odmiana kolarstwa, czyli szosa ma pewne ograniczenia czasowe. Poza granicami Polski sezon \u015bcigania na szosie powoli si\u0119 rozkr\u0119ca. Za nami wy\u015bcigi w krajach bardziej egzotycznych, takich jak Australia, Argentyna i Emiraty Arabskie, ale te\u017c we W\u0142oszech, Francji i Belgii kolarski peleton \u2013 i ten damski, i ten m\u0119ski \u2013 ma ju\u017c w nogach pierwsze starty.<\/p>\n<p>W kraju natomiast widzimy raczej stagnacj\u0119, je\u015bli chodzi o liczb\u0119 dru\u017cyn i wy\u015bcig\u00f3w. Najwi\u0119kszym wy\u015bcigiem, obchodz\u0105cym w tym roku 80. jubileusz, b\u0119dzie Tour de Pologne, kt\u00f3remu po\u015bwi\u0119cimy fragment poni\u017cej. Najwi\u0119kszym medialnie wy\u015bcigiem dla m\u0142odzie\u017cowc\u00f3w b\u0119dzie z kolei Orlen Wy\u015bcig Narod\u00f3w, kt\u00f3ry zaraz obok Karpackiego Wy\u015bcigu Kurier\u00f3w zapewni sporo emocji w kategorii U23. Mistrzostwa Polski zostan\u0105 zorganizowane na Mazowszu, wi\u0119c zapowiada si\u0119 taktyczna rozgrywka dominuj\u0105cych dru\u017cyn kontra komitywa kolarzy \u201ezagranicznych\u201d, z fina\u0142em dla sprinter\u00f3w lub odjazdu, kt\u00f3ry b\u0119dzie pasowa\u0142 zawodnikom dysponuj\u0105cym najwi\u0119kszym rozk\u0142adem si\u0142.<\/p>\n<p>Nasz dorobek grup zawodowych to HRE Mazowsze Serce Polski oraz Voster ATS Team, zarejestrowane jako grupy zawodowe kontynentalne, oraz damska ekipa MAT ATOM Deweloper Wroc\u0142aw. Opr\u00f3cz tego mamy kilka grup daj\u0105cych mo\u017cliwo\u015b\u0107 \u015bcigania si\u0119 zawodnikom U23 oraz par\u0119 ekip, w kt\u00f3rych sportowo spe\u0142niaj\u0105 si\u0119 dziewczyny.<\/p>\n<p>Kalendarz amatorskich wy\u015bcig\u00f3w szosowych zapowiada si\u0119 ciekawie i to jest ga\u0142\u0105\u017a, kt\u00f3ra do tego roku rozwija\u0142a si\u0119 bardzo dobrze. Czy ten trend si\u0119 utrzyma? W perspektywie kryzysu finansowego oraz inflacji mo\u017ce by\u0107 o to ci\u0119\u017cko, dlatego zak\u0142adam, \u017ce sporo os\u00f3b przeniesie si\u0119 do grona kolarzy romantycznych, zwiedzaj\u0105cych najpi\u0119kniejsze rejony kraju z aparatem na plecach przy dopingu swoich znajomych.<\/p>\n<p><strong>Polacy w ekipach zagranicznych<\/strong><\/p>\n<p><a href=\"https:\/\/d2p6e6u75xmxt8.cloudfront.net\/5\/2023\/03\/ThomasMaheux_Strade_Paladin_123647-2.webp\"><img loading=\"lazy\" decoding=\"async\" class=\"alignnone size-full wp-image-13677\" src=\"https:\/\/d2p6e6u75xmxt8.cloudfront.net\/5\/2023\/03\/ThomasMaheux_Strade_Paladin_123647-2.webp\" alt=\"\" width=\"1306\" height=\"871\" srcset=\"https:\/\/d2p6e6u75xmxt8.cloudfront.net\/5\/2023\/03\/ThomasMaheux_Strade_Paladin_123647-2.webp 1306w, https:\/\/d2p6e6u75xmxt8.cloudfront.net\/5\/2023\/03\/ThomasMaheux_Strade_Paladin_123647-2-300x200.webp 300w, https:\/\/d2p6e6u75xmxt8.cloudfront.net\/5\/2023\/03\/ThomasMaheux_Strade_Paladin_123647-2-1024x683.webp 1024w, https:\/\/d2p6e6u75xmxt8.cloudfront.net\/5\/2023\/03\/ThomasMaheux_Strade_Paladin_123647-2-768x512.webp 768w, https:\/\/d2p6e6u75xmxt8.cloudfront.net\/5\/2023\/03\/ThomasMaheux_Strade_Paladin_123647-2-400x267.webp 400w, https:\/\/d2p6e6u75xmxt8.cloudfront.net\/5\/2023\/03\/ThomasMaheux_Strade_Paladin_123647-2-272x182.webp 272w\" sizes=\"auto, (max-width: 1306px) 100vw, 1306px\" \/><\/a><\/p>\n<p>Micha\u0142 Kwiatkowski i Rafa\u0142 Majka to osoby, kt\u00f3re je\u015bli tylko dostan\u0105 woln\u0105 r\u0119k\u0119, mog\u0105 sprawi\u0107 niespodziank\u0119. Niestety, ku wielkiemu smutkowi polskich kibic\u00f3w, nie ma tych okazji za du\u017co, dlatego g\u0142\u00f3wnie ogl\u0105damy ich w roli pomocnik\u00f3w, z kt\u00f3rej wywi\u0105zuj\u0105 si\u0119 doskonale. Cesare Benedetti, Kamil Gradek, Filip Maciejuk, \u0141ukasz Wi\u015bniowski i \u0141ukasz Owsian to bardzo cenieni pomocnicy, a tak\u017ce dobrzy \u201eharcownicy\u201d. Mog\u0105 dostarczy\u0107 nam sporo emocji, szukaj\u0105c swoich okazji w ucieczkach, za kt\u00f3rych powodzenie b\u0119dziemy trzyma\u0107 kciuki.<\/p>\n<p>W \u017ce\u0144skim peletonie w najwy\u017cszej lidze \u015bciga\u0107 si\u0119 b\u0119dzie nasza najwi\u0119ksza gwiazda i nadzieja na wiele wspania\u0142ych wynik\u00f3w, Kasia Niewiadoma. U swojego boku b\u0119dzie mia\u0142a wracaj\u0105c\u0105 na poziom World Touru Agnieszk\u0119 Skalniak-S\u00f3jk\u0119. To zawodniczka bardzo wszechstronna i ma dobry zmys\u0142 do \u015bcigania, wi\u0119c przy odpowiednim uk\u0142adzie si\u0142 i sprzyjaj\u0105cym szcz\u0119\u015bciu jest w stanie powalczy\u0107 w dobrych wy\u015bcigach. Daria Pikulik, doskonale \u0142\u0105cz\u0105ca tor z szos\u0105, od tego roku trafi\u0142a do najwy\u017cszej ligi \u017ce\u0144skiej. Marta Jaskulska i Karolina Kumi\u0119ga to dwie kolejne polskie zawodniczki, kt\u00f3re stawa\u0107 na starcie b\u0119d\u0105 g\u0142\u00f3wnie w roli pomocy dla liderek swoich dru\u017cyn. Jednak pami\u0119tajmy, \u017ce ka\u017cdy zawsze dostaje swoj\u0105 szans\u0119 w wy\u015bcigu, wi\u0119c dziewczyny b\u0119dziemy bacznie obserwowa\u0107.<\/p>\n<p>Mamy te\u017c zawodnik\u00f3w w zapleczu zar\u00f3wno damskiej, jak i m\u0119skiej kolarskiej \u201eligi mistrz\u00f3w\u201d. Oni r\u00f3wnie\u017c b\u0119d\u0105 si\u0119 pojawia\u0107 na najwi\u0119kszych \u015bwiatowych arenach kolarskich zmaga\u0144.<\/p>\n<p><strong>Polskie dziewczyny czy ch\u0142opaki \u2013 kto da nam wi\u0119cej rado\u015bci?<\/strong><\/p>\n<p><a href=\"https:\/\/d2p6e6u75xmxt8.cloudfront.net\/5\/2023\/03\/MicrosoftTeams-image-3.webp\"><img loading=\"lazy\" decoding=\"async\" class=\"alignnone size-full wp-image-13678\" src=\"https:\/\/d2p6e6u75xmxt8.cloudfront.net\/5\/2023\/03\/MicrosoftTeams-image-3.webp\" alt=\"\" width=\"990\" height=\"660\" srcset=\"https:\/\/d2p6e6u75xmxt8.cloudfront.net\/5\/2023\/03\/MicrosoftTeams-image-3.webp 990w, https:\/\/d2p6e6u75xmxt8.cloudfront.net\/5\/2023\/03\/MicrosoftTeams-image-3-300x200.webp 300w, https:\/\/d2p6e6u75xmxt8.cloudfront.net\/5\/2023\/03\/MicrosoftTeams-image-3-768x512.webp 768w, https:\/\/d2p6e6u75xmxt8.cloudfront.net\/5\/2023\/03\/MicrosoftTeams-image-3-400x267.webp 400w, https:\/\/d2p6e6u75xmxt8.cloudfront.net\/5\/2023\/03\/MicrosoftTeams-image-3-272x182.webp 272w\" sizes=\"auto, (max-width: 990px) 100vw, 990px\" \/><\/a><\/p>\n<p>To jest w sumie bardzo dobre pytanie. Cho\u0107 z natury kibica bardziej interesujemy si\u0119 sportem m\u0119skim, bo do zesz\u0142ego roku tego \u017ce\u0144skiego w mainstreamie za du\u017co nie by\u0142o, to jednak zmiany s\u0105 zauwa\u017calne. Najwi\u0119kszy plus to chyba transmitowany w pe\u0142nym zakresie d\u0142ugo\u015bci etap\u00f3w Tour de France Femmes, w kt\u00f3rym wspomniana ju\u017c Kasia Niewiadoma zaj\u0119\u0142a wspania\u0142e trzecie miejsce w klasyfikacji ko\u0144cowej. My\u015bl\u0119, \u017ce w tym roku mo\u017ce by\u0107 sporo niespodzianek, szczeg\u00f3lnie w kolarstwie damskim. Obstawiam kilkana\u015bcie dobrych wy\u015bcig\u00f3w naszych dziewczyn.<\/p>\n<p>Panowie z kolei startuj\u0105 w wy\u015bcigach bardziej pouk\u0142adanych, stonowanych emocjonalnie, ale na bardzo wysokim poziomie taktycznym. Zesz\u0142y rok pokaza\u0142 jednak, \u017ce zawodnicy przebojowi, nieboj\u0105cy si\u0119 zaryzykowa\u0107 potrafi\u0105 zaskoczy\u0107 te pouk\u0142adane i zdyscyplinowane maszyny do wygrywania. Chcecie przyk\u0142ad? Prosz\u0119 bardzo \u2013 S\u0142oweniec Matej Mohori\u010d wygrywaj\u0105cy Mediolan\u2013San Remo. Przyk\u0142ad jeden z wielu, ale bardzo spektakularny, pokazuj\u0105cy te\u017c pewien aspekt walki technologicznej konstruktor\u00f3w rower\u00f3w i mechanik\u00f3w grup kolarskich. Matej wygra\u0142 ten wy\u015bcig dzi\u0119ki doskona\u0142ym umiej\u0119tno\u015bciom zjazdowym, ale te\u017c zastosowanej w jego rowerze opuszczanej sztycy, doskonale znanej w kolarstwie MTB.<\/p>\n<p><strong>Czym zaskoczy nas jubileuszowy Tour de Pologne?<\/strong><\/p>\n<p>80. Tour de Pologne wystartuje w tym roku z Poznania. Pierwszy etap zako\u0144czy si\u0119 na torze samochodowym, wi\u0119c sprinterski pojedynek b\u0119dzie pi\u0119knym otwarciem naszego narodowego touru. Kolejne etapy skieruj\u0105 peleton najlepszych ekip \u015bwiata pod nasz\u0105 zachodni\u0105 granic\u0119. TdP wr\u00f3ci po latach do Karpacza, gdzie \u015bciga\u0142em si\u0119 jeszcze ja. Ostatnio wygra\u0142 tam Cezary Zamana w 2003 roku. Po nim na najwy\u017cszym stopniu podium stan\u0119li jeszcze Rafa\u0142 Majka w 2014 roku oraz Micha\u0142 Kwiatkowski cztery lata p\u00f3\u017aniej. W tym roku TdP b\u0119dzie szczeg\u00f3lnie wyj\u0105tkowy r\u00f3wnie\u017c dla mnie, gdy\u017c jeden z etap\u00f3w przejedzie przez moj\u0105 rodzinn\u0105 Sob\u00f3tk\u0119, gdzie b\u0119dzie umiejscowiona premia lotna. Uznawana swego czasu za kolebk\u0119 kolarstwa polskiego podwroc\u0142awska miejscowo\u015b\u0107, kt\u00f3ra przez lata s\u0142yn\u0119\u0142a z oficjalnie otwieraj\u0105cego sezon wy\u015bcigu \u015al\u0119\u017ca\u0144ski Mnich, znalaz\u0142a si\u0119 na trasie jubileuszowej edycji. To bardzo mi\u0142e ze strony Czes\u0142awa Langa, \u017ce tak poprowadzi\u0142 tras\u0119. Nast\u0119pnie wy\u015bcig zjedzie bardziej na po\u0142udnie naszego kraju. Wr\u00f3ci na tras\u0119 Bielsko-Bia\u0142a, czyli miasto \u201eBolka i Lolka\u201d, jednego z najpopularniejszych film\u00f3w animowanych wywodz\u0105cego si\u0119 w\u0142a\u015bnie st\u0105d Studia Film\u00f3w Rysunkowych. Meta, usytuowana pewnie tradycyjnie na delikatnym p\u00f3\u0142torakilometrowym podje\u017adzie, b\u0119dzie niezwykle wa\u017cna dla zawodnik\u00f3w walcz\u0105cych w klasyfikacji generalnej. Ta ostatecznie rozstrzygnie si\u0119 w Krakowie, gdzie po raz kolejny zaplanowano ostatni etap.<\/p>\n<p><strong>Marzenie ka\u017cdego kolarza<\/strong><\/p>\n<p>Tour de France to tak\u017ce wy\u015bcig, kt\u00f3rego przedstawia\u0107 nikomu nie trzeba. W tym roku rozpocznie si\u0119 1 lipca w Bilbao, a zako\u0144czy 23 lipca w Pary\u017cu. Po drodze oczywi\u015bcie 21 etap\u00f3w, w tym siedem g\u00f3rskich i, co dziwne oraz lekko szokuj\u0105ce, tylko jedna kr\u00f3tka, gdy\u017c zaledwie 22 km, jazda indywidualna na czas, a tak\u017ce jak zawsze dwa dni przerwy. TdF to wy\u015bcig znajduj\u0105cy si\u0119 na li\u015bcie marze\u0144 ka\u017cdego kolarza \u2013 od najm\u0142odszego do najstarszego, kt\u00f3ry jeszcze ma szans\u0119 stan\u0105\u0107 na starcie i poczu\u0107 te emocje oraz os\u0142awiony ju\u017c stres i panuj\u0105ce w peletonie nerwy. Najwi\u0119kszy wy\u015bcig to i najwi\u0119ksza s\u0142awa, najwi\u0119kszy zwrot z reklamy, a wi\u0119c zwrot zainwestowanych przez sponsor\u00f3w w poszczeg\u00f3lne grupy kolarskie \u015brodk\u00f3w, oraz najwi\u0119ksze nagrody. Nie znam drugiego tak nerwowego i wa\u017cnego wy\u015bcigu, na kt\u00f3rym ka\u017cdy etap traktuje si\u0119 jak wy\u015bcig klasyczny. Ale o TdF zrobimy jaki\u015b specjalny wpis, gdy\u017c zas\u0142uguje na to jak ma\u0142o kt\u00f3ra impreza.<\/p>\n<p>W tym roku Tour de France odb\u0119dzie si\u0119 r\u00f3wnie\u017c w wersji damskiej, kt\u00f3ra rozpocznie si\u0119 23 lipca rano, a zako\u0144czy osiem dni p\u00f3\u017aniej w Pau. I tutaj b\u0119dziemy z wypiekami na twarzy i zaci\u015bni\u0119tymi kciukami \u015bledzi\u0107 poczynania naszej Kasi, kt\u00f3ra b\u0119dzie pewnie bardzo aktywna na poszczeg\u00f3lnych etapach, co powinno, podobnie jak rok wcze\u015bniej, prze\u0142o\u017cy\u0107 si\u0119 na dobre miejsce w klasyfikacji generalnej.<\/p>\n<p><span data-sheets-value=\"{&quot;1&quot;:2,&quot;2&quot;:&quot;Artyku\u0142 powsta\u0142 we wsp\u00f3\u0142pracy ze skoda-auto.pl&quot;}\" data-sheets-userformat=\"{&quot;2&quot;:1,&quot;3&quot;:{&quot;1&quot;:0}}\" data-sheets-hyperlink=\"http:\/\/www.skoda-auto.pl\/\"><a class=\"in-cell-link\" href=\"http:\/\/www.skoda-auto.pl\/\" target=\"_blank\" rel=\"noopener noreferrer\">Artyku\u0142 powsta\u0142 we wsp\u00f3\u0142pracy ze skoda-auto.pl<\/a><\/span><\/p>\n<p><a href=\"https:\/\/www.skoda-auto.pl\/modele\/superb\"><img loading=\"lazy\" decoding=\"async\" class=\"alignnone size-full wp-image-11628 aligncenter\" src=\"https:\/\/d2p6e6u75xmxt8.cloudfront.net\/5\/2021\/12\/640x350-2-1.jpg\" alt=\"\" width=\"640\" height=\"350\" srcset=\"https:\/\/d2p6e6u75xmxt8.cloudfront.net\/5\/2021\/12\/640x350-2-1.jpg 640w, https:\/\/d2p6e6u75xmxt8.cloudfront.net\/5\/2021\/12\/640x350-2-1-300x164.jpg 300w\" sizes=\"auto, (max-width: 640px) 100vw, 640px\" \/><\/a><\/p>\n","protected":false},"excerpt":{"rendered":"<p>Cho\u0107 \u015bmia\u0142o mo\u017cna powiedzie\u0107, \u017ce kolarze \u015bcigaj\u0105 si\u0119 ca\u0142y rok, to jednak ta kr\u00f3lewska odmiana kolarstwa, czyli szosa ma pewne [&hellip;]<\/p>\n","protected":false},"author":153,"featured_media":13680,"comment_status":"open","ping_status":"open","sticky":false,"template":"","format":"standard","meta":{"footnotes":""},"categories":[203],"tags":[108],"global-categories":[303],"class_list":["post-13675","post","type-post","status-publish","format-standard","has-post-thumbnail","hentry","category-bartosz-huzarski","tag-bartosz-huzarski","global-categories-cycling"],"yoast_head":"<!-- This site is optimized with the Yoast SEO Premium plugin v25.3 (Yoast SEO v25.9) - https:\/\/yoast.com\/wordpress\/plugins\/seo\/ -->\n<title>Sezon kolarski w Polsce i na \u015bwiecie \u2013 czego mo\u017cemy si\u0119 po nim spodziewa\u0107 - \u0160koda We Love Cycling - Poland<\/title>\n<meta name=\"robots\" content=\"index, follow, max-snippet:-1, max-image-preview:large, max-video-preview:-1\" \/>\n<link rel=\"canonical\" href=\"https:\/\/www.welovecycling.com\/pl\/2023\/03\/20\/sezon-kolarski-w-polsce-i-na-swiecie-czego-mozemy-sie-po-nim-spodziewac\/\" \/>\n<meta property=\"og:locale\" content=\"pl_PL\" \/>\n<meta property=\"og:type\" content=\"article\" \/>\n<meta property=\"og:title\" content=\"Sezon kolarski w Polsce i na \u015bwiecie \u2013 czego mo\u017cemy si\u0119 po nim spodziewa\u0107\" \/>\n<meta property=\"og:description\" content=\"Cho\u0107 \u015bmia\u0142o mo\u017cna powiedzie\u0107, \u017ce kolarze \u015bcigaj\u0105 si\u0119 ca\u0142y rok, to jednak ta kr\u00f3lewska odmiana kolarstwa, czyli szosa ma pewne [&hellip;]\" \/>\n<meta property=\"og:url\" content=\"https:\/\/www.welovecycling.com\/pl\/2023\/03\/20\/sezon-kolarski-w-polsce-i-na-swiecie-czego-mozemy-sie-po-nim-spodziewac\/\" \/>\n<meta property=\"og:site_name\" content=\"\u0160koda We Love Cycling - Poland\" \/>\n<meta property=\"article:published_time\" content=\"2023-03-20T12:55:05+00:00\" \/>\n<meta property=\"article:modified_time\" content=\"2023-07-19T09:34:44+00:00\" \/>\n<meta property=\"og:image\" content=\"https:\/\/d2p6e6u75xmxt8.cloudfront.net\/5\/2023\/03\/2021-La-Vuelta-Peloton-profimedia-0470568524-CVR.webp\" \/>\n\t<meta property=\"og:image:width\" content=\"990\" \/>\n\t<meta property=\"og:image:height\" content=\"660\" \/>\n\t<meta property=\"og:image:type\" content=\"image\/webp\" \/>\n<meta name=\"author\" content=\"rafal\" \/>\n<meta name=\"twitter:card\" content=\"summary_large_image\" \/>\n<meta name=\"twitter:label1\" content=\"Written by\" \/>\n\t<meta name=\"twitter:data1\" content=\"Bartosz Huzarski\" \/>\n\t<meta name=\"twitter:label2\" content=\"Est. reading time\" \/>\n\t<meta name=\"twitter:data2\" content=\"6\" \/>\n<script type=\"application\/ld+json\" class=\"yoast-schema-graph\">{\"@context\":\"https:\/\/schema.org\",\"@graph\":[{\"@type\":\"WebPage\",\"@id\":\"https:\/\/www.welovecycling.com\/pl\/2023\/03\/20\/sezon-kolarski-w-polsce-i-na-swiecie-czego-mozemy-sie-po-nim-spodziewac\/\",\"url\":\"https:\/\/www.welovecycling.com\/pl\/2023\/03\/20\/sezon-kolarski-w-polsce-i-na-swiecie-czego-mozemy-sie-po-nim-spodziewac\/\",\"name\":\"Sezon kolarski w Polsce i na \u015bwiecie \u2013 czego mo\u017cemy si\u0119 po nim spodziewa\u0107 - \u0160koda We Love Cycling - Poland\",\"isPartOf\":{\"@id\":\"https:\/\/www.welovecycling.com\/pl\/#website\"},\"primaryImageOfPage\":{\"@id\":\"https:\/\/www.welovecycling.com\/pl\/2023\/03\/20\/sezon-kolarski-w-polsce-i-na-swiecie-czego-mozemy-sie-po-nim-spodziewac\/#primaryimage\"},\"image\":{\"@id\":\"https:\/\/www.welovecycling.com\/pl\/2023\/03\/20\/sezon-kolarski-w-polsce-i-na-swiecie-czego-mozemy-sie-po-nim-spodziewac\/#primaryimage\"},\"thumbnailUrl\":\"https:\/\/d2p6e6u75xmxt8.cloudfront.net\/5\/2023\/03\/2021-La-Vuelta-Peloton-profimedia-0470568524-CVR.webp\",\"datePublished\":\"2023-03-20T12:55:05+00:00\",\"dateModified\":\"2023-07-19T09:34:44+00:00\",\"author\":{\"@id\":\"https:\/\/www.welovecycling.com\/pl\/#\/schema\/person\/bf06ed916a1ef16618807fb60d2ebe42\"},\"breadcrumb\":{\"@id\":\"https:\/\/www.welovecycling.com\/pl\/2023\/03\/20\/sezon-kolarski-w-polsce-i-na-swiecie-czego-mozemy-sie-po-nim-spodziewac\/#breadcrumb\"},\"inLanguage\":\"pl-PL\",\"potentialAction\":[{\"@type\":\"ReadAction\",\"target\":[\"https:\/\/www.welovecycling.com\/pl\/2023\/03\/20\/sezon-kolarski-w-polsce-i-na-swiecie-czego-mozemy-sie-po-nim-spodziewac\/\"]}]},{\"@type\":\"ImageObject\",\"inLanguage\":\"pl-PL\",\"@id\":\"https:\/\/www.welovecycling.com\/pl\/2023\/03\/20\/sezon-kolarski-w-polsce-i-na-swiecie-czego-mozemy-sie-po-nim-spodziewac\/#primaryimage\",\"url\":\"https:\/\/d2p6e6u75xmxt8.cloudfront.net\/5\/2023\/03\/2021-La-Vuelta-Peloton-profimedia-0470568524-CVR.webp\",\"contentUrl\":\"https:\/\/d2p6e6u75xmxt8.cloudfront.net\/5\/2023\/03\/2021-La-Vuelta-Peloton-profimedia-0470568524-CVR.webp\",\"width\":990,\"height\":660},{\"@type\":\"BreadcrumbList\",\"@id\":\"https:\/\/www.welovecycling.com\/pl\/2023\/03\/20\/sezon-kolarski-w-polsce-i-na-swiecie-czego-mozemy-sie-po-nim-spodziewac\/#breadcrumb\",\"itemListElement\":[{\"@type\":\"ListItem\",\"position\":1,\"name\":\"Home\",\"item\":\"https:\/\/www.welovecycling.com\/pl\/\"},{\"@type\":\"ListItem\",\"position\":2,\"name\":\"Sezon kolarski w Polsce i na \u015bwiecie \u2013 czego mo\u017cemy si\u0119 po nim spodziewa\u0107\"}]},{\"@type\":\"WebSite\",\"@id\":\"https:\/\/www.welovecycling.com\/pl\/#website\",\"url\":\"https:\/\/www.welovecycling.com\/pl\/\",\"name\":\"\u0160koda We Love Cycling - Poland\",\"description\":\"\",\"potentialAction\":[{\"@type\":\"SearchAction\",\"target\":{\"@type\":\"EntryPoint\",\"urlTemplate\":\"https:\/\/www.welovecycling.com\/pl\/?s={search_term_string}\"},\"query-input\":{\"@type\":\"PropertyValueSpecification\",\"valueRequired\":true,\"valueName\":\"search_term_string\"}}],\"inLanguage\":\"pl-PL\"},{\"@type\":\"Person\",\"@id\":\"https:\/\/www.welovecycling.com\/pl\/#\/schema\/person\/bf06ed916a1ef16618807fb60d2ebe42\",\"name\":\"rafal\",\"image\":{\"@type\":\"ImageObject\",\"inLanguage\":\"pl-PL\",\"@id\":\"https:\/\/www.welovecycling.com\/pl\/#\/schema\/person\/image\/\",\"url\":\"https:\/\/secure.gravatar.com\/avatar\/203f240e63bee214f6f3a0dacbeb600c7829c09716c2b9ee3230c6961debcde2?s=96&d=mm&r=g\",\"contentUrl\":\"https:\/\/secure.gravatar.com\/avatar\/203f240e63bee214f6f3a0dacbeb600c7829c09716c2b9ee3230c6961debcde2?s=96&d=mm&r=g\",\"caption\":\"rafal\"},\"url\":\"https:\/\/www.welovecycling.com\/pl\/author\/rafal\/\"}]}<\/script>\n<!-- \/ Yoast SEO Premium plugin. -->","yoast_head_json":{"title":"Sezon kolarski w Polsce i na \u015bwiecie \u2013 czego mo\u017cemy si\u0119 po nim spodziewa\u0107 - \u0160koda We Love Cycling - Poland","robots":{"index":"index","follow":"follow","max-snippet":"max-snippet:-1","max-image-preview":"max-image-preview:large","max-video-preview":"max-video-preview:-1"},"canonical":"https:\/\/www.welovecycling.com\/pl\/2023\/03\/20\/sezon-kolarski-w-polsce-i-na-swiecie-czego-mozemy-sie-po-nim-spodziewac\/","og_locale":"pl_PL","og_type":"article","og_title":"Sezon kolarski w Polsce i na \u015bwiecie \u2013 czego mo\u017cemy si\u0119 po nim spodziewa\u0107","og_description":"Cho\u0107 \u015bmia\u0142o mo\u017cna powiedzie\u0107, \u017ce kolarze \u015bcigaj\u0105 si\u0119 ca\u0142y rok, to jednak ta kr\u00f3lewska odmiana kolarstwa, czyli szosa ma pewne [&hellip;]","og_url":"https:\/\/www.welovecycling.com\/pl\/2023\/03\/20\/sezon-kolarski-w-polsce-i-na-swiecie-czego-mozemy-sie-po-nim-spodziewac\/","og_site_name":"\u0160koda We Love Cycling - Poland","article_published_time":"2023-03-20T12:55:05+00:00","article_modified_time":"2023-07-19T09:34:44+00:00","og_image":[{"width":990,"height":660,"url":"https:\/\/d2p6e6u75xmxt8.cloudfront.net\/5\/2023\/03\/2021-La-Vuelta-Peloton-profimedia-0470568524-CVR.webp","type":"image\/webp"}],"author":"rafal","twitter_card":"summary_large_image","twitter_misc":{"Written by":"Bartosz Huzarski","Est. reading time":"6"},"schema":{"@context":"https:\/\/schema.org","@graph":[{"@type":"WebPage","@id":"https:\/\/www.welovecycling.com\/pl\/2023\/03\/20\/sezon-kolarski-w-polsce-i-na-swiecie-czego-mozemy-sie-po-nim-spodziewac\/","url":"https:\/\/www.welovecycling.com\/pl\/2023\/03\/20\/sezon-kolarski-w-polsce-i-na-swiecie-czego-mozemy-sie-po-nim-spodziewac\/","name":"Sezon kolarski w Polsce i na \u015bwiecie \u2013 czego mo\u017cemy si\u0119 po nim spodziewa\u0107 - \u0160koda We Love Cycling - Poland","isPartOf":{"@id":"https:\/\/www.welovecycling.com\/pl\/#website"},"primaryImageOfPage":{"@id":"https:\/\/www.welovecycling.com\/pl\/2023\/03\/20\/sezon-kolarski-w-polsce-i-na-swiecie-czego-mozemy-sie-po-nim-spodziewac\/#primaryimage"},"image":{"@id":"https:\/\/www.welovecycling.com\/pl\/2023\/03\/20\/sezon-kolarski-w-polsce-i-na-swiecie-czego-mozemy-sie-po-nim-spodziewac\/#primaryimage"},"thumbnailUrl":"https:\/\/d2p6e6u75xmxt8.cloudfront.net\/5\/2023\/03\/2021-La-Vuelta-Peloton-profimedia-0470568524-CVR.webp","datePublished":"2023-03-20T12:55:05+00:00","dateModified":"2023-07-19T09:34:44+00:00","author":{"@id":"https:\/\/www.welovecycling.com\/pl\/#\/schema\/person\/bf06ed916a1ef16618807fb60d2ebe42"},"breadcrumb":{"@id":"https:\/\/www.welovecycling.com\/pl\/2023\/03\/20\/sezon-kolarski-w-polsce-i-na-swiecie-czego-mozemy-sie-po-nim-spodziewac\/#breadcrumb"},"inLanguage":"pl-PL","potentialAction":[{"@type":"ReadAction","target":["https:\/\/www.welovecycling.com\/pl\/2023\/03\/20\/sezon-kolarski-w-polsce-i-na-swiecie-czego-mozemy-sie-po-nim-spodziewac\/"]}]},{"@type":"ImageObject","inLanguage":"pl-PL","@id":"https:\/\/www.welovecycling.com\/pl\/2023\/03\/20\/sezon-kolarski-w-polsce-i-na-swiecie-czego-mozemy-sie-po-nim-spodziewac\/#primaryimage","url":"https:\/\/d2p6e6u75xmxt8.cloudfront.net\/5\/2023\/03\/2021-La-Vuelta-Peloton-profimedia-0470568524-CVR.webp","contentUrl":"https:\/\/d2p6e6u75xmxt8.cloudfront.net\/5\/2023\/03\/2021-La-Vuelta-Peloton-profimedia-0470568524-CVR.webp","width":990,"height":660},{"@type":"BreadcrumbList","@id":"https:\/\/www.welovecycling.com\/pl\/2023\/03\/20\/sezon-kolarski-w-polsce-i-na-swiecie-czego-mozemy-sie-po-nim-spodziewac\/#breadcrumb","itemListElement":[{"@type":"ListItem","position":1,"name":"Home","item":"https:\/\/www.welovecycling.com\/pl\/"},{"@type":"ListItem","position":2,"name":"Sezon kolarski w Polsce i na \u015bwiecie \u2013 czego mo\u017cemy si\u0119 po nim spodziewa\u0107"}]},{"@type":"WebSite","@id":"https:\/\/www.welovecycling.com\/pl\/#website","url":"https:\/\/www.welovecycling.com\/pl\/","name":"\u0160koda We Love Cycling - Poland","description":"","potentialAction":[{"@type":"SearchAction","target":{"@type":"EntryPoint","urlTemplate":"https:\/\/www.welovecycling.com\/pl\/?s={search_term_string}"},"query-input":{"@type":"PropertyValueSpecification","valueRequired":true,"valueName":"search_term_string"}}],"inLanguage":"pl-PL"},{"@type":"Person","@id":"https:\/\/www.welovecycling.com\/pl\/#\/schema\/person\/bf06ed916a1ef16618807fb60d2ebe42","name":"rafal","image":{"@type":"ImageObject","inLanguage":"pl-PL","@id":"https:\/\/www.welovecycling.com\/pl\/#\/schema\/person\/image\/","url":"https:\/\/secure.gravatar.com\/avatar\/203f240e63bee214f6f3a0dacbeb600c7829c09716c2b9ee3230c6961debcde2?s=96&d=mm&r=g","contentUrl":"https:\/\/secure.gravatar.com\/avatar\/203f240e63bee214f6f3a0dacbeb600c7829c09716c2b9ee3230c6961debcde2?s=96&d=mm&r=g","caption":"rafal"},"url":"https:\/\/www.welovecycling.com\/pl\/author\/rafal\/"}]}},"_links":{"self":[{"href":"https:\/\/www.welovecycling.com\/pl\/wp-json\/wp\/v2\/posts\/13675","targetHints":{"allow":["GET"]}}],"collection":[{"href":"https:\/\/www.welovecycling.com\/pl\/wp-json\/wp\/v2\/posts"}],"about":[{"href":"https:\/\/www.welovecycling.com\/pl\/wp-json\/wp\/v2\/types\/post"}],"author":[{"embeddable":true,"href":"https:\/\/www.welovecycling.com\/pl\/wp-json\/wp\/v2\/users\/153"}],"replies":[{"embeddable":true,"href":"https:\/\/www.welovecycling.com\/pl\/wp-json\/wp\/v2\/comments?post=13675"}],"version-history":[{"count":1,"href":"https:\/\/www.welovecycling.com\/pl\/wp-json\/wp\/v2\/posts\/13675\/revisions"}],"predecessor-version":[{"id":13679,"href":"https:\/\/www.welovecycling.com\/pl\/wp-json\/wp\/v2\/posts\/13675\/revisions\/13679"}],"wp:featuredmedia":[{"embeddable":true,"href":"https:\/\/www.welovecycling.com\/pl\/wp-json\/wp\/v2\/media\/13680"}],"wp:attachment":[{"href":"https:\/\/www.welovecycling.com\/pl\/wp-json\/wp\/v2\/media?parent=13675"}],"wp:term":[{"taxonomy":"category","embeddable":true,"href":"https:\/\/www.welovecycling.com\/pl\/wp-json\/wp\/v2\/categories?post=13675"},{"taxonomy":"post_tag","embeddable":true,"href":"https:\/\/www.welovecycling.com\/pl\/wp-json\/wp\/v2\/tags?post=13675"},{"taxonomy":"global-categories","embeddable":true,"href":"https:\/\/www.welovecycling.com\/pl\/wp-json\/wp\/v2\/global-categories?post=13675"}],"curies":[{"name":"wp","href":"https:\/\/api.w.org\/{rel}","templated":true}]}}