{"id":13659,"date":"2023-03-15T09:11:37","date_gmt":"2023-03-15T09:11:37","guid":{"rendered":"https:\/\/www.welovecycling.com\/pl\/?p=13659"},"modified":"2023-03-15T09:11:37","modified_gmt":"2023-03-15T09:11:37","slug":"co-za-wyczyn-oto-stolica-swiatowego-kolarstwa","status":"publish","type":"post","link":"https:\/\/www.welovecycling.com\/pl\/2023\/03\/15\/co-za-wyczyn-oto-stolica-swiatowego-kolarstwa\/","title":{"rendered":"Co za wyczyn! Oto stolica \u015bwiatowego kolarstwa"},"content":{"rendered":"<p>Jest wielko\u015bci wojew\u00f3dztwa podlaskiego i mieszka tam niewiele wi\u0119cej ludzi ni\u017c w Warszawie \u2013 tak w\u0142a\u015bnie wygl\u0105da stolica \u015bwiatowego kolarstwa, kt\u00f3ra jak na razie ma dw\u00f3ch w\u0142adc\u00f3w. Tadej Pogacar i Primo\u017c Rogli\u0107 wygrali pierwsze w tym roku europejskie wy\u015bcigi etapowe i po raz kolejny udowodnili, \u017ce s\u0142owe\u0144skie kolarstwo na razie nie ma sobie r\u00f3wnych.<\/p>\n<p>S\u0142owenia pod wzgl\u0119dem wielko\u015bci to dopiero 150. kraj na \u015bwiecie, a pod wzgl\u0119dem ludno\u015bci \u2013 144. S\u0142ynie z teren\u00f3w zielonych i zamo\u017cno\u015bci mieszka\u0144c\u00f3w, ale rozg\u0142os temu ma\u0142emu pa\u0144stwu daj\u0105\u2026 kolarze.<\/p>\n<p>To fenomen, \u017ce tak niewielki kraj wyda\u0142 na \u015bwiat tak znakomitych zawodnik\u00f3w. Primo\u017c Rogli\u0107 (Jumbo-Visma) i Tadej Pogacar (UAE Team Emirates) od kilku sezon\u00f3w utrzymuj\u0105 si\u0119 w \u015bcis\u0142ej \u015bwiatowej czo\u0142\u00f3wce, a w minionym tygodniu dali pokaz absolutnej s\u0142owe\u0144skiej dominacji.<\/p>\n<p><strong>Mocny sygna\u0142 przed Wielk\u0105 P\u0119tl\u0105<\/strong><\/p>\n<p>Pogacar mia\u0142 urz\u0105dzi\u0107 sobie rozgrzewk\u0119 przed Tour de France, ale w wy\u015bcigu Pary\u017c \u2013 Nicea pojecha\u0142 tak, \u017ce przeciwnicy mogli straci\u0107 wszelkie ch\u0119ci do lipcowej rywalizacji w Wielkiej P\u0119tli. S\u0142oweniec rozkr\u0119ca\u0142 si\u0119 powoli, ale jak ju\u017c wrzuci\u0142 drugi bieg, to rywale tylko ogl\u0105dali jego plecy. Pogacar prowadzenie obj\u0105\u0142 po czwartym dniu i nie odda\u0142 go do ko\u0144ca, a do wygranej w klasyfikacji generalnej dorzuci\u0142 trzy zwyci\u0119stwa etapowe.<\/p>\n<div class=\"embed-controller-wrapper\">\n<blockquote class=\"twitter-tweet\" data-width=\"500\" data-dnt=\"true\">\n<p lang=\"en\" dir=\"ltr\">\ud83c\udfc6\u2600\ufe0f\ud83c\udfc6\u2600\ufe0f\ud83c\udfc6\u2600\ufe0f\ud83c\udfc6\u2600\ufe0f\ud83c\udfc6\u2600\ufe0f\ud83c\udfc6\u2600\ufe0f\ud83c\udfc6<\/p>\n<p>\ud83c\udfa9\ud83d\ude03 <a href=\"https:\/\/twitter.com\/TamauPogi?ref_src=twsrc%5Etfw\">@TamauPogi<\/a> takes solo win on stage 8 and secures overall title at the <a href=\"https:\/\/twitter.com\/hashtag\/ParisNice?src=hash&amp;ref_src=twsrc%5Etfw\">#ParisNice<\/a> \ud83c\uddeb\ud83c\uddf7!<a href=\"https:\/\/twitter.com\/hashtag\/UAETeamEmirates?src=hash&amp;ref_src=twsrc%5Etfw\">#UAETeamEmirates<\/a> <a href=\"https:\/\/twitter.com\/hashtag\/WeAreUAE?src=hash&amp;ref_src=twsrc%5Etfw\">#WeAreUAE<\/a> <a href=\"https:\/\/t.co\/I3rVc1vQBR\">pic.twitter.com\/I3rVc1vQBR<\/a><\/p>\n<p>&mdash; @UAE-TeamEmirates (@TeamEmiratesUAE) <a href=\"https:\/\/twitter.com\/TeamEmiratesUAE\/status\/1634913709620428800?ref_src=twsrc%5Etfw\">March 12, 2023<\/a><\/p><\/blockquote>\n<p><script async data-src=\"https:\/\/platform.twitter.com\/widgets.js\" charset=\"utf-8\"><\/script><\/div>\n<p>\u2013 To niewiarygodne, bo zawsze chcia\u0142em wygra\u0107 wy\u015bcig Pary\u017c \u2013 Nicea. Rywale pojechali bardzo dobrze, ale czu\u0142em, na co mnie sta\u0107. Do tego \u015bwietnie zna\u0142em tras\u0119 z trening\u00f3w. Dzi\u0119ki temu zwyci\u0119stwu jestem jeszcze spokojniejszy \u2013 cieszy\u0142 si\u0119 na mecie Pogacar.<\/p>\n<p>Drugie miejsce zaj\u0105\u0142 Francuz David Gaudu (Groupama-FDJ), a trzecie Du\u0144czyk Jonas Vingegaard (Jumbo-Visma).<\/p>\n<div class=\"embed-controller-wrapper\">\n<blockquote class=\"twitter-tweet\" data-width=\"500\" data-dnt=\"true\">\n<p lang=\"fr\" dir=\"ltr\">Si pr\u00e8s du soleil \ud83c\udf1e <a href=\"https:\/\/t.co\/uTusrv3AYQ\">pic.twitter.com\/uTusrv3AYQ<\/a><\/p>\n<p>&mdash; \u00c9quipe Cycliste Groupama-FDJ (@GroupamaFDJ) <a href=\"https:\/\/twitter.com\/GroupamaFDJ\/status\/1634922905602752516?ref_src=twsrc%5Etfw\">March 12, 2023<\/a><\/p><\/blockquote>\n<p><script async data-src=\"https:\/\/platform.twitter.com\/widgets.js\" charset=\"utf-8\"><\/script><\/div>\n<p>Dla Pogacara ta wygrana ma szczeg\u00f3lne znaczenie, poniewa\u017c wy\u015bcig Pary\u017c \u2013 Nicea nazywany jest rozgrzewk\u0105 przed Tour de France, a to w\u0142a\u015bnie w zwyci\u0119stwo w Wielkiej P\u0119tli celuje w tym sezonie S\u0142oweniec. Pogacar zdominowa\u0142 Tour de France w 2020 i 2021 r., ale w poprzednim sezonie do\u015b\u0107 niespodziewanie musia\u0142 uzna\u0107 wy\u017cszo\u015b\u0107 Vingegaarda, kt\u00f3remu w lipcu zamierza odebra\u0107 \u017c\u00f3\u0142t\u0105 koszulk\u0119 lidera.<\/p>\n<div class=\"embed-controller-wrapper\">\n<blockquote class=\"twitter-tweet\" data-width=\"500\" data-dnt=\"true\">\n<p lang=\"ro\" dir=\"ltr\">\ud83c\udfc6\ud83c\uddf8\ud83c\uddee Le triomphe de <a href=\"https:\/\/twitter.com\/TamauPogi?ref_src=twsrc%5Etfw\">@TamauPogi<\/a> !<\/p>\n<p>\ud83c\udfc6\ud83c\uddf8\ud83c\uddee <a href=\"https:\/\/twitter.com\/TamauPogi?ref_src=twsrc%5Etfw\">@TamauPogi<\/a>\u2019s masterpiece!<a href=\"https:\/\/twitter.com\/hashtag\/ParisNice?src=hash&amp;ref_src=twsrc%5Etfw\">#ParisNice<\/a> <a href=\"https:\/\/t.co\/WstFoxxDYy\">pic.twitter.com\/WstFoxxDYy<\/a><\/p>\n<p>&mdash; Paris-Nice (@ParisNice) <a href=\"https:\/\/twitter.com\/ParisNice\/status\/1634914410195025922?ref_src=twsrc%5Etfw\">March 12, 2023<\/a><\/p><\/blockquote>\n<p><script async data-src=\"https:\/\/platform.twitter.com\/widgets.js\" charset=\"utf-8\"><\/script><\/div>\n<p><strong>Odzyska\u0107 rado\u015b\u0107 ze \u015bcigania<\/strong><\/p>\n<p>Podczas gdy Pogacar urz\u0105dzi\u0142 pokaz si\u0142y we Francji, we W\u0142oszech s\u0142owe\u0144sk\u0105 dominacj\u0119 kolarsk\u0105 udowadnia\u0142 Rogli\u0107. S\u0142oweniec prowadzenie w klasyfikacji generalnej Tirreno \u2013 Adriatico obj\u0105\u0142 po pi\u0105tym dniu, wygra\u0142 trzy etapy z rz\u0119du i znalaz\u0142 si\u0119 na ostatniej prostej, by zgarn\u0105\u0107 ca\u0142y wy\u015bcig.<\/p>\n<div class=\"embed-controller-wrapper\">\n<blockquote class=\"twitter-tweet\" data-width=\"500\" data-dnt=\"true\">\n<p lang=\"en\" dir=\"ltr\">\ud83d\udd31 Tridente Sloveno \u27a1\ufe0f<a href=\"https:\/\/t.co\/DfY5TVLq86\">https:\/\/t.co\/DfY5TVLq86<\/a><br \/>.<br \/>\ud83d\udd31 Slovenian Trident \u27a1\ufe0f<a href=\"https:\/\/t.co\/mpvyyeVFnD\">https:\/\/t.co\/mpvyyeVFnD<\/a><a href=\"https:\/\/twitter.com\/hashtag\/TirrenoAdriatico?src=hash&amp;ref_src=twsrc%5Etfw\">#TirrenoAdriatico<\/a> <a href=\"https:\/\/t.co\/8EK4zJNcEr\">pic.twitter.com\/8EK4zJNcEr<\/a><\/p>\n<p>&mdash; Tirreno Adriatico (@TirrenAdriatico) <a href=\"https:\/\/twitter.com\/TirrenAdriatico\/status\/1635188950473248768?ref_src=twsrc%5Etfw\">March 13, 2023<\/a><\/p><\/blockquote>\n<p><script async data-src=\"https:\/\/platform.twitter.com\/widgets.js\" charset=\"utf-8\"><\/script><\/div>\n<p>S\u0142oweniec wygra\u0142 najtrudniejsze etapy, a w niedziel\u0119 spokojnie kontrolowa\u0142 sytuacj\u0119 i zwyci\u0119\u017cy\u0142 w 59. edycji s\u0142ynnego wy\u015bcigu.<\/p>\n<p>\u2013 Nie spodziewa\u0142em si\u0119, \u017ce b\u0119d\u0119 walczy\u0142 o zwyci\u0119stwo. Chcia\u0142em po prostu cieszy\u0107 si\u0119 powrotem do \u015bcigania \u2013 podkre\u015bla\u0142 Rogli\u0107, dla kt\u00f3rego by\u0142 to pierwszy start od ubieg\u0142orocznej kraksy w Vuelta a Espa\u00f1a.<\/p>\n<p>Drugie miejsce zaj\u0105\u0142 Joao Almeida (UAE Team Emirates), a trzecie Tao Geoghegan Hart (Ineos Grenadiers).<\/p>\n<div class=\"embed-controller-wrapper\">\n<blockquote class=\"twitter-tweet\" data-width=\"500\" data-dnt=\"true\">\n<p lang=\"it\" dir=\"ltr\">\ud83d\udeb4\u200d\u2642\ufe0f Una corsa.<br \/>\ud83c\udf0a Due mari. <br \/>\ud83d\udd31 Un campione.<br \/>.<br \/>\ud83d\udeb4\u200d\u2642\ufe0f One race.<br \/>\ud83c\udf0a Two seas.<br \/>\ud83d\udd31 One champion.<a href=\"https:\/\/twitter.com\/hashtag\/TirrenoAdriatico?src=hash&amp;ref_src=twsrc%5Etfw\">#TirrenoAdriatico<\/a> <a href=\"https:\/\/t.co\/JYawSp6Bd1\">pic.twitter.com\/JYawSp6Bd1<\/a><\/p>\n<p>&mdash; Tirreno Adriatico (@TirrenAdriatico) <a href=\"https:\/\/twitter.com\/TirrenAdriatico\/status\/1635011528775835650?ref_src=twsrc%5Etfw\">March 12, 2023<\/a><\/p><\/blockquote>\n<p><script async data-src=\"https:\/\/platform.twitter.com\/widgets.js\" charset=\"utf-8\"><\/script><\/div>\n<p><strong>Co jeszcze czeka nas w marcu?<\/strong><\/p>\n<p>W drugiej po\u0142owie miesi\u0105ca w \u015bwiatowym kolarstwie b\u0119d\u0105 kr\u00f3lowa\u0142y wy\u015bcigi jednoetapowe, rozgrywane g\u0142\u00f3wnie w Belgii. Z kolei kibice we W\u0142oszech b\u0119d\u0105 mogli ekscytowa\u0107 si\u0119 rywalizacj\u0105 Milan \u2013 San Remo (18 marca), a w Hiszpanii rozegrany zostanie Wy\u015bcig Dooko\u0142a Katalonii (20\u201326 marca).<\/p>\n<p><span data-sheets-value=\"{&quot;1&quot;:2,&quot;2&quot;:&quot;Artyku\u0142 powsta\u0142 we wsp\u00f3\u0142pracy ze skoda-auto.pl&quot;}\" data-sheets-userformat=\"{&quot;2&quot;:1,&quot;3&quot;:{&quot;1&quot;:0}}\" data-sheets-hyperlink=\"http:\/\/www.skoda-auto.pl\/\"><a class=\"in-cell-link\" href=\"http:\/\/www.skoda-auto.pl\/\" target=\"_blank\" rel=\"noopener noreferrer\">Artyku\u0142 powsta\u0142 we wsp\u00f3\u0142pracy ze skoda-auto.pl<\/a><\/span><\/p>\n<p><a href=\"https:\/\/www.skoda-auto.pl\/modele\/nowa-octavia\"><img loading=\"lazy\" decoding=\"async\" class=\"alignnone size-full wp-image-11630 aligncenter\" src=\"https:\/\/d2p6e6u75xmxt8.cloudfront.net\/5\/2021\/12\/640x350-1.jpg\" alt=\"\" width=\"640\" height=\"350\" srcset=\"https:\/\/d2p6e6u75xmxt8.cloudfront.net\/5\/2021\/12\/640x350-1.jpg 640w, https:\/\/d2p6e6u75xmxt8.cloudfront.net\/5\/2021\/12\/640x350-1-300x164.jpg 300w\" sizes=\"auto, (max-width: 640px) 100vw, 640px\" \/><\/a><\/p>\n","protected":false},"excerpt":{"rendered":"<p>Jest wielko\u015bci wojew\u00f3dztwa podlaskiego i mieszka tam niewiele wi\u0119cej ludzi ni\u017c w Warszawie \u2013 tak w\u0142a\u015bnie wygl\u0105da stolica \u015bwiatowego kolarstwa, [&hellip;]<\/p>\n","protected":false},"author":153,"featured_media":13665,"comment_status":"open","ping_status":"open","sticky":false,"template":"","format":"standard","meta":{"footnotes":""},"categories":[6],"tags":[378,362,379],"global-categories":[303],"class_list":["post-13659","post","type-post","status-publish","format-standard","has-post-thumbnail","hentry","category-kolarstwo-szosowe","tag-paris-nice","tag-piotr-nowik","tag-tadej-pogacar","global-categories-cycling"],"yoast_head":"<!-- This site is optimized with the Yoast SEO Premium plugin v25.3 (Yoast SEO v25.9) - https:\/\/yoast.com\/wordpress\/plugins\/seo\/ -->\n<title>Co za wyczyn! Oto stolica \u015bwiatowego kolarstwa - \u0160koda We Love Cycling - Poland<\/title>\n<meta name=\"robots\" content=\"index, follow, max-snippet:-1, max-image-preview:large, max-video-preview:-1\" \/>\n<link rel=\"canonical\" href=\"https:\/\/www.welovecycling.com\/pl\/2023\/03\/15\/co-za-wyczyn-oto-stolica-swiatowego-kolarstwa\/\" \/>\n<meta property=\"og:locale\" content=\"pl_PL\" \/>\n<meta property=\"og:type\" content=\"article\" \/>\n<meta property=\"og:title\" content=\"Co za wyczyn! Oto stolica \u015bwiatowego kolarstwa\" \/>\n<meta property=\"og:description\" content=\"Jest wielko\u015bci wojew\u00f3dztwa podlaskiego i mieszka tam niewiele wi\u0119cej ludzi ni\u017c w Warszawie \u2013 tak w\u0142a\u015bnie wygl\u0105da stolica \u015bwiatowego kolarstwa, [&hellip;]\" \/>\n<meta property=\"og:url\" content=\"https:\/\/www.welovecycling.com\/pl\/2023\/03\/15\/co-za-wyczyn-oto-stolica-swiatowego-kolarstwa\/\" \/>\n<meta property=\"og:site_name\" content=\"\u0160koda We Love Cycling - Poland\" \/>\n<meta property=\"article:published_time\" content=\"2023-03-15T09:11:37+00:00\" \/>\n<meta property=\"og:image\" content=\"https:\/\/d2p6e6u75xmxt8.cloudfront.net\/5\/2023\/03\/profimedia-0762199003.webp\" \/>\n\t<meta property=\"og:image:width\" content=\"1250\" \/>\n\t<meta property=\"og:image:height\" content=\"845\" \/>\n\t<meta property=\"og:image:type\" content=\"image\/webp\" \/>\n<meta name=\"author\" content=\"rafal\" \/>\n<meta name=\"twitter:card\" content=\"summary_large_image\" \/>\n<meta name=\"twitter:label1\" content=\"Written by\" \/>\n\t<meta name=\"twitter:data1\" content=\"Piotr Nowik\" \/>\n\t<meta name=\"twitter:label2\" content=\"Est. reading time\" \/>\n\t<meta name=\"twitter:data2\" content=\"2\" \/>\n<script type=\"application\/ld+json\" class=\"yoast-schema-graph\">{\"@context\":\"https:\/\/schema.org\",\"@graph\":[{\"@type\":\"WebPage\",\"@id\":\"https:\/\/www.welovecycling.com\/pl\/2023\/03\/15\/co-za-wyczyn-oto-stolica-swiatowego-kolarstwa\/\",\"url\":\"https:\/\/www.welovecycling.com\/pl\/2023\/03\/15\/co-za-wyczyn-oto-stolica-swiatowego-kolarstwa\/\",\"name\":\"Co za wyczyn! Oto stolica \u015bwiatowego kolarstwa - \u0160koda We Love Cycling - Poland\",\"isPartOf\":{\"@id\":\"https:\/\/www.welovecycling.com\/pl\/#website\"},\"primaryImageOfPage\":{\"@id\":\"https:\/\/www.welovecycling.com\/pl\/2023\/03\/15\/co-za-wyczyn-oto-stolica-swiatowego-kolarstwa\/#primaryimage\"},\"image\":{\"@id\":\"https:\/\/www.welovecycling.com\/pl\/2023\/03\/15\/co-za-wyczyn-oto-stolica-swiatowego-kolarstwa\/#primaryimage\"},\"thumbnailUrl\":\"https:\/\/d2p6e6u75xmxt8.cloudfront.net\/5\/2023\/03\/profimedia-0762199003.webp\",\"datePublished\":\"2023-03-15T09:11:37+00:00\",\"author\":{\"@id\":\"https:\/\/www.welovecycling.com\/pl\/#\/schema\/person\/bf06ed916a1ef16618807fb60d2ebe42\"},\"breadcrumb\":{\"@id\":\"https:\/\/www.welovecycling.com\/pl\/2023\/03\/15\/co-za-wyczyn-oto-stolica-swiatowego-kolarstwa\/#breadcrumb\"},\"inLanguage\":\"pl-PL\",\"potentialAction\":[{\"@type\":\"ReadAction\",\"target\":[\"https:\/\/www.welovecycling.com\/pl\/2023\/03\/15\/co-za-wyczyn-oto-stolica-swiatowego-kolarstwa\/\"]}]},{\"@type\":\"ImageObject\",\"inLanguage\":\"pl-PL\",\"@id\":\"https:\/\/www.welovecycling.com\/pl\/2023\/03\/15\/co-za-wyczyn-oto-stolica-swiatowego-kolarstwa\/#primaryimage\",\"url\":\"https:\/\/d2p6e6u75xmxt8.cloudfront.net\/5\/2023\/03\/profimedia-0762199003.webp\",\"contentUrl\":\"https:\/\/d2p6e6u75xmxt8.cloudfront.net\/5\/2023\/03\/profimedia-0762199003.webp\",\"width\":1250,\"height\":845},{\"@type\":\"BreadcrumbList\",\"@id\":\"https:\/\/www.welovecycling.com\/pl\/2023\/03\/15\/co-za-wyczyn-oto-stolica-swiatowego-kolarstwa\/#breadcrumb\",\"itemListElement\":[{\"@type\":\"ListItem\",\"position\":1,\"name\":\"Home\",\"item\":\"https:\/\/www.welovecycling.com\/pl\/\"},{\"@type\":\"ListItem\",\"position\":2,\"name\":\"Co za wyczyn! Oto stolica \u015bwiatowego kolarstwa\"}]},{\"@type\":\"WebSite\",\"@id\":\"https:\/\/www.welovecycling.com\/pl\/#website\",\"url\":\"https:\/\/www.welovecycling.com\/pl\/\",\"name\":\"\u0160koda We Love Cycling - Poland\",\"description\":\"\",\"potentialAction\":[{\"@type\":\"SearchAction\",\"target\":{\"@type\":\"EntryPoint\",\"urlTemplate\":\"https:\/\/www.welovecycling.com\/pl\/?s={search_term_string}\"},\"query-input\":{\"@type\":\"PropertyValueSpecification\",\"valueRequired\":true,\"valueName\":\"search_term_string\"}}],\"inLanguage\":\"pl-PL\"},{\"@type\":\"Person\",\"@id\":\"https:\/\/www.welovecycling.com\/pl\/#\/schema\/person\/bf06ed916a1ef16618807fb60d2ebe42\",\"name\":\"rafal\",\"image\":{\"@type\":\"ImageObject\",\"inLanguage\":\"pl-PL\",\"@id\":\"https:\/\/www.welovecycling.com\/pl\/#\/schema\/person\/image\/\",\"url\":\"https:\/\/secure.gravatar.com\/avatar\/203f240e63bee214f6f3a0dacbeb600c7829c09716c2b9ee3230c6961debcde2?s=96&d=mm&r=g\",\"contentUrl\":\"https:\/\/secure.gravatar.com\/avatar\/203f240e63bee214f6f3a0dacbeb600c7829c09716c2b9ee3230c6961debcde2?s=96&d=mm&r=g\",\"caption\":\"rafal\"},\"url\":\"https:\/\/www.welovecycling.com\/pl\/author\/rafal\/\"}]}<\/script>\n<!-- \/ Yoast SEO Premium plugin. -->","yoast_head_json":{"title":"Co za wyczyn! Oto stolica \u015bwiatowego kolarstwa - \u0160koda We Love Cycling - Poland","robots":{"index":"index","follow":"follow","max-snippet":"max-snippet:-1","max-image-preview":"max-image-preview:large","max-video-preview":"max-video-preview:-1"},"canonical":"https:\/\/www.welovecycling.com\/pl\/2023\/03\/15\/co-za-wyczyn-oto-stolica-swiatowego-kolarstwa\/","og_locale":"pl_PL","og_type":"article","og_title":"Co za wyczyn! Oto stolica \u015bwiatowego kolarstwa","og_description":"Jest wielko\u015bci wojew\u00f3dztwa podlaskiego i mieszka tam niewiele wi\u0119cej ludzi ni\u017c w Warszawie \u2013 tak w\u0142a\u015bnie wygl\u0105da stolica \u015bwiatowego kolarstwa, [&hellip;]","og_url":"https:\/\/www.welovecycling.com\/pl\/2023\/03\/15\/co-za-wyczyn-oto-stolica-swiatowego-kolarstwa\/","og_site_name":"\u0160koda We Love Cycling - Poland","article_published_time":"2023-03-15T09:11:37+00:00","og_image":[{"width":1250,"height":845,"url":"https:\/\/d2p6e6u75xmxt8.cloudfront.net\/5\/2023\/03\/profimedia-0762199003.webp","type":"image\/webp"}],"author":"rafal","twitter_card":"summary_large_image","twitter_misc":{"Written by":"Piotr Nowik","Est. reading time":"2"},"schema":{"@context":"https:\/\/schema.org","@graph":[{"@type":"WebPage","@id":"https:\/\/www.welovecycling.com\/pl\/2023\/03\/15\/co-za-wyczyn-oto-stolica-swiatowego-kolarstwa\/","url":"https:\/\/www.welovecycling.com\/pl\/2023\/03\/15\/co-za-wyczyn-oto-stolica-swiatowego-kolarstwa\/","name":"Co za wyczyn! Oto stolica \u015bwiatowego kolarstwa - \u0160koda We Love Cycling - Poland","isPartOf":{"@id":"https:\/\/www.welovecycling.com\/pl\/#website"},"primaryImageOfPage":{"@id":"https:\/\/www.welovecycling.com\/pl\/2023\/03\/15\/co-za-wyczyn-oto-stolica-swiatowego-kolarstwa\/#primaryimage"},"image":{"@id":"https:\/\/www.welovecycling.com\/pl\/2023\/03\/15\/co-za-wyczyn-oto-stolica-swiatowego-kolarstwa\/#primaryimage"},"thumbnailUrl":"https:\/\/d2p6e6u75xmxt8.cloudfront.net\/5\/2023\/03\/profimedia-0762199003.webp","datePublished":"2023-03-15T09:11:37+00:00","author":{"@id":"https:\/\/www.welovecycling.com\/pl\/#\/schema\/person\/bf06ed916a1ef16618807fb60d2ebe42"},"breadcrumb":{"@id":"https:\/\/www.welovecycling.com\/pl\/2023\/03\/15\/co-za-wyczyn-oto-stolica-swiatowego-kolarstwa\/#breadcrumb"},"inLanguage":"pl-PL","potentialAction":[{"@type":"ReadAction","target":["https:\/\/www.welovecycling.com\/pl\/2023\/03\/15\/co-za-wyczyn-oto-stolica-swiatowego-kolarstwa\/"]}]},{"@type":"ImageObject","inLanguage":"pl-PL","@id":"https:\/\/www.welovecycling.com\/pl\/2023\/03\/15\/co-za-wyczyn-oto-stolica-swiatowego-kolarstwa\/#primaryimage","url":"https:\/\/d2p6e6u75xmxt8.cloudfront.net\/5\/2023\/03\/profimedia-0762199003.webp","contentUrl":"https:\/\/d2p6e6u75xmxt8.cloudfront.net\/5\/2023\/03\/profimedia-0762199003.webp","width":1250,"height":845},{"@type":"BreadcrumbList","@id":"https:\/\/www.welovecycling.com\/pl\/2023\/03\/15\/co-za-wyczyn-oto-stolica-swiatowego-kolarstwa\/#breadcrumb","itemListElement":[{"@type":"ListItem","position":1,"name":"Home","item":"https:\/\/www.welovecycling.com\/pl\/"},{"@type":"ListItem","position":2,"name":"Co za wyczyn! Oto stolica \u015bwiatowego kolarstwa"}]},{"@type":"WebSite","@id":"https:\/\/www.welovecycling.com\/pl\/#website","url":"https:\/\/www.welovecycling.com\/pl\/","name":"\u0160koda We Love Cycling - Poland","description":"","potentialAction":[{"@type":"SearchAction","target":{"@type":"EntryPoint","urlTemplate":"https:\/\/www.welovecycling.com\/pl\/?s={search_term_string}"},"query-input":{"@type":"PropertyValueSpecification","valueRequired":true,"valueName":"search_term_string"}}],"inLanguage":"pl-PL"},{"@type":"Person","@id":"https:\/\/www.welovecycling.com\/pl\/#\/schema\/person\/bf06ed916a1ef16618807fb60d2ebe42","name":"rafal","image":{"@type":"ImageObject","inLanguage":"pl-PL","@id":"https:\/\/www.welovecycling.com\/pl\/#\/schema\/person\/image\/","url":"https:\/\/secure.gravatar.com\/avatar\/203f240e63bee214f6f3a0dacbeb600c7829c09716c2b9ee3230c6961debcde2?s=96&d=mm&r=g","contentUrl":"https:\/\/secure.gravatar.com\/avatar\/203f240e63bee214f6f3a0dacbeb600c7829c09716c2b9ee3230c6961debcde2?s=96&d=mm&r=g","caption":"rafal"},"url":"https:\/\/www.welovecycling.com\/pl\/author\/rafal\/"}]}},"_links":{"self":[{"href":"https:\/\/www.welovecycling.com\/pl\/wp-json\/wp\/v2\/posts\/13659","targetHints":{"allow":["GET"]}}],"collection":[{"href":"https:\/\/www.welovecycling.com\/pl\/wp-json\/wp\/v2\/posts"}],"about":[{"href":"https:\/\/www.welovecycling.com\/pl\/wp-json\/wp\/v2\/types\/post"}],"author":[{"embeddable":true,"href":"https:\/\/www.welovecycling.com\/pl\/wp-json\/wp\/v2\/users\/153"}],"replies":[{"embeddable":true,"href":"https:\/\/www.welovecycling.com\/pl\/wp-json\/wp\/v2\/comments?post=13659"}],"version-history":[{"count":1,"href":"https:\/\/www.welovecycling.com\/pl\/wp-json\/wp\/v2\/posts\/13659\/revisions"}],"predecessor-version":[{"id":13666,"href":"https:\/\/www.welovecycling.com\/pl\/wp-json\/wp\/v2\/posts\/13659\/revisions\/13666"}],"wp:featuredmedia":[{"embeddable":true,"href":"https:\/\/www.welovecycling.com\/pl\/wp-json\/wp\/v2\/media\/13665"}],"wp:attachment":[{"href":"https:\/\/www.welovecycling.com\/pl\/wp-json\/wp\/v2\/media?parent=13659"}],"wp:term":[{"taxonomy":"category","embeddable":true,"href":"https:\/\/www.welovecycling.com\/pl\/wp-json\/wp\/v2\/categories?post=13659"},{"taxonomy":"post_tag","embeddable":true,"href":"https:\/\/www.welovecycling.com\/pl\/wp-json\/wp\/v2\/tags?post=13659"},{"taxonomy":"global-categories","embeddable":true,"href":"https:\/\/www.welovecycling.com\/pl\/wp-json\/wp\/v2\/global-categories?post=13659"}],"curies":[{"name":"wp","href":"https:\/\/api.w.org\/{rel}","templated":true}]}}