{"id":13614,"date":"2023-03-01T12:54:16","date_gmt":"2023-03-01T12:54:16","guid":{"rendered":"https:\/\/www.welovecycling.com\/pl\/?p=13614"},"modified":"2023-03-01T12:54:16","modified_gmt":"2023-03-01T12:54:16","slug":"rowery-gravelowe-nowa-moda-czy-cos-wiecej","status":"publish","type":"post","link":"https:\/\/www.welovecycling.com\/pl\/2023\/03\/01\/rowery-gravelowe-nowa-moda-czy-cos-wiecej\/","title":{"rendered":"Rowery gravelowe \u2013 nowa moda czy co\u015b wi\u0119cej?"},"content":{"rendered":"<p>Sprawdzili\u015bmy to! Okazuje si\u0119, \u017ce w rowerowych podr\u00f3\u017cach pojawi\u0142o si\u0119 nowe i fajne rozwi\u0105zanie.<\/p>\n<p>Zdaniem Bartka Huzarskiego rower gravelowy to idealne po\u0142\u0105czenie w treningu szosowo-terenowym. Je\u015bli chcesz uciec od zgie\u0142ku g\u0142\u00f3wnych dr\u00f3g, ale jednocze\u015bnie nie bawi Ci\u0119 t\u0142uczenie si\u0119 po kamieniach i le\u015bnych duktach, to opcja gravelowego zwiedzania i trenowania jest bardzo interesuj\u0105ca. Baz\u0105 takiego roweru jest oczywi\u015bcie specjalnie skonstruowana rama, kt\u00f3r\u0105 bardzo szybko mo\u017cna przekszta\u0142ci\u0107 w przyzwoit\u0105 szos\u0119 poprzez zmian\u0119 k\u00f3\u0142 lub opon. Jednak ide\u0105 poruszania si\u0119 rowerem gravelowym jest zwiedzanie po\u0142\u0105czone z trenowaniem. Opcja zrobienia 150 czy 200 km w mieszanym terenie jest bardzo kusz\u0105ca, a rower gravelowy to umo\u017cliwia.<\/p>\n<p>W terenie, do kt\u00f3rego zosta\u0142 stworzony, czyli mieszanki s\u0142abszych asfalt\u00f3w, dr\u00f3g polnych i g\u0142\u00f3wnych szlak\u00f3w le\u015bnych, jest najbardziej uniwersalnym pojazdem. Jest szybszy od MTB i roweru prze\u0142ajowego, a do tego bardziej komfortowy w u\u017cytkowaniu. Ale czy o szybko\u015b\u0107 tutaj tak naprawd\u0119 chodzi? Chyba nie do ko\u0144ca\u2026 Bo ostatecznie co nam zostaje z rowerowych wypraw? Wspomnienia i zdj\u0119cia, na kt\u00f3re warto si\u0119 czasem zatrzyma\u0107.<\/p>\n<p>Zobacz, jak swoj\u0105 przeja\u017cd\u017ck\u0119 gravelem wspomina Bartek Huzarski:<\/p>\n<div class=\"embed-controller-wrapper\">\n<div class=\"embed-wrapper\"><iframe title=\"Rower gravelowy \u2013 co to jest i dlaczego zdobywa popularno\u015b\u0107\" width=\"500\" height=\"281\" data-src=\"https:\/\/www.youtube.com\/embed\/I1mGMXYedS4?feature=oembed\" frameborder=\"0\" allow=\"accelerometer; autoplay; clipboard-write; encrypted-media; gyroscope; picture-in-picture; web-share\" referrerpolicy=\"strict-origin-when-cross-origin\" allowfullscreen><\/iframe><\/div>\n<\/div>\n<p>Ramy gravelowe konstruowane s\u0105 pod mniej lub bardziej zaawansowan\u0105 turystyk\u0119. Lekko podniesiona rura sterowa pozwala uzyska\u0107 bardziej wyprostowan\u0105 pozycj\u0119, a du\u017co mocowa\u0144 na r\u00f3\u017cnego rodzaju buk\u0142aki, torby czy b\u0142otniki pozwala szybko przeistoczy\u0107 rower gravelowy w wyprawowy. Szerokie opony s\u0105 naprawd\u0119 komfortowe, doskonale t\u0142umi\u0105 drgania i \u015bwietnie radz\u0105 sobie na nier\u00f3wno\u015bciach, zapewniaj\u0105c komfort u\u017cytkowania. Pe\u0142na gama bie\u017cnik\u00f3w opon rowerowych sprawia, \u017ce ka\u017cdy mo\u017ce czu\u0107 si\u0119 bezpiecznie i na szosie, i w terenie.<\/p>\n<p>Gravel idealnie te\u017c nadaje si\u0119 na miejskie \u015bcie\u017cki, kt\u00f3re bardzo cz\u0119sto s\u0105 dalekie od idea\u0142u \u2013 poprzecinane kraw\u0119\u017cnikami czy zasypane li\u015b\u0107mi. Mo\u017cesz wi\u0119c niemal w ka\u017cdym miejscu wsi\u0105\u015b\u0107 na taki sprz\u0119t i peda\u0142owa\u0107 przed siebie, uciekaj\u0105c od ha\u0142asu i samochod\u00f3w wprost w obj\u0119cia matki natury.<\/p>\n<p>Je\u015bli jeszcze nie by\u0142o okazji, to zach\u0119camy do przeja\u017cd\u017cki na rowerze gravelowym. Mo\u017ce si\u0119 okaza\u0107, \u017ce ta nowa moda stanie si\u0119 Twoj\u0105 pasj\u0105.<\/p>\n<p><span data-sheets-value=\"{&quot;1&quot;:2,&quot;2&quot;:&quot;Artyku\u0142 powsta\u0142 we wsp\u00f3\u0142pracy ze skoda-auto.pl&quot;}\" data-sheets-userformat=\"{&quot;2&quot;:1,&quot;3&quot;:{&quot;1&quot;:0}}\" data-sheets-hyperlink=\"http:\/\/www.skoda-auto.pl\/\"><a class=\"in-cell-link\" href=\"http:\/\/www.skoda-auto.pl\/\" target=\"_blank\" rel=\"noopener noreferrer\">Artyku\u0142 powsta\u0142 we wsp\u00f3\u0142pracy ze skoda-auto.pl<\/a><\/span><\/p>\n<p><a href=\"https:\/\/www.skoda-auto.pl\/modele\/superb\"><img loading=\"lazy\" decoding=\"async\" class=\"alignnone size-full wp-image-11628 aligncenter\" src=\"https:\/\/d2p6e6u75xmxt8.cloudfront.net\/5\/2021\/12\/640x350-2-1.jpg\" alt=\"\" width=\"640\" height=\"350\" srcset=\"https:\/\/d2p6e6u75xmxt8.cloudfront.net\/5\/2021\/12\/640x350-2-1.jpg 640w, https:\/\/d2p6e6u75xmxt8.cloudfront.net\/5\/2021\/12\/640x350-2-1-300x164.jpg 300w\" sizes=\"auto, (max-width: 640px) 100vw, 640px\" \/><\/a><\/p>\n","protected":false},"excerpt":{"rendered":"<p>Sprawdzili\u015bmy to! Okazuje si\u0119, \u017ce w rowerowych podr\u00f3\u017cach pojawi\u0142o si\u0119 nowe i fajne rozwi\u0105zanie. Zdaniem Bartka Huzarskiego rower gravelowy to [&hellip;]<\/p>\n","protected":false},"author":153,"featured_media":13611,"comment_status":"open","ping_status":"open","sticky":false,"template":"","format":"standard","meta":{"footnotes":""},"categories":[203],"tags":[108,374],"global-categories":[303],"class_list":["post-13614","post","type-post","status-publish","format-standard","has-post-thumbnail","hentry","category-bartosz-huzarski","tag-bartosz-huzarski","tag-rower-gravelowy","global-categories-cycling"],"yoast_head":"<!-- This site is optimized with the Yoast SEO Premium plugin v25.3 (Yoast SEO v25.9) - https:\/\/yoast.com\/wordpress\/plugins\/seo\/ -->\n<title>Rowery gravelowe \u2013 nowa moda czy co\u015b wi\u0119cej? - \u0160koda We Love Cycling - Poland<\/title>\n<meta name=\"robots\" content=\"index, follow, max-snippet:-1, max-image-preview:large, max-video-preview:-1\" \/>\n<link rel=\"canonical\" href=\"https:\/\/www.welovecycling.com\/pl\/2023\/03\/01\/rowery-gravelowe-nowa-moda-czy-cos-wiecej\/\" \/>\n<meta property=\"og:locale\" content=\"pl_PL\" \/>\n<meta property=\"og:type\" content=\"article\" \/>\n<meta property=\"og:title\" content=\"Rowery gravelowe \u2013 nowa moda czy co\u015b wi\u0119cej?\" \/>\n<meta property=\"og:description\" content=\"Sprawdzili\u015bmy to! Okazuje si\u0119, \u017ce w rowerowych podr\u00f3\u017cach pojawi\u0142o si\u0119 nowe i fajne rozwi\u0105zanie. Zdaniem Bartka Huzarskiego rower gravelowy to [&hellip;]\" \/>\n<meta property=\"og:url\" content=\"https:\/\/www.welovecycling.com\/pl\/2023\/03\/01\/rowery-gravelowe-nowa-moda-czy-cos-wiecej\/\" \/>\n<meta property=\"og:site_name\" content=\"\u0160koda We Love Cycling - Poland\" \/>\n<meta property=\"article:published_time\" content=\"2023-03-01T12:54:16+00:00\" \/>\n<meta property=\"og:image\" content=\"https:\/\/d2p6e6u75xmxt8.cloudfront.net\/5\/2023\/03\/YT_thumbail_Huzarski-Rower-gravelowy-2-2.webp\" \/>\n\t<meta property=\"og:image:width\" content=\"1280\" \/>\n\t<meta property=\"og:image:height\" content=\"720\" \/>\n\t<meta property=\"og:image:type\" content=\"image\/webp\" \/>\n<meta name=\"author\" content=\"rafal\" \/>\n<meta name=\"twitter:card\" content=\"summary_large_image\" \/>\n<meta name=\"twitter:label1\" content=\"Written by\" \/>\n\t<meta name=\"twitter:data1\" content=\"Bartosz Huzarski\" \/>\n\t<meta name=\"twitter:label2\" content=\"Est. reading time\" \/>\n\t<meta name=\"twitter:data2\" content=\"2\" \/>\n<script type=\"application\/ld+json\" class=\"yoast-schema-graph\">{\"@context\":\"https:\/\/schema.org\",\"@graph\":[{\"@type\":\"WebPage\",\"@id\":\"https:\/\/www.welovecycling.com\/pl\/2023\/03\/01\/rowery-gravelowe-nowa-moda-czy-cos-wiecej\/\",\"url\":\"https:\/\/www.welovecycling.com\/pl\/2023\/03\/01\/rowery-gravelowe-nowa-moda-czy-cos-wiecej\/\",\"name\":\"Rowery gravelowe \u2013 nowa moda czy co\u015b wi\u0119cej? - \u0160koda We Love Cycling - Poland\",\"isPartOf\":{\"@id\":\"https:\/\/www.welovecycling.com\/pl\/#website\"},\"primaryImageOfPage\":{\"@id\":\"https:\/\/www.welovecycling.com\/pl\/2023\/03\/01\/rowery-gravelowe-nowa-moda-czy-cos-wiecej\/#primaryimage\"},\"image\":{\"@id\":\"https:\/\/www.welovecycling.com\/pl\/2023\/03\/01\/rowery-gravelowe-nowa-moda-czy-cos-wiecej\/#primaryimage\"},\"thumbnailUrl\":\"https:\/\/d2p6e6u75xmxt8.cloudfront.net\/5\/2023\/03\/YT_thumbail_Huzarski-Rower-gravelowy-2-2.webp\",\"datePublished\":\"2023-03-01T12:54:16+00:00\",\"author\":{\"@id\":\"https:\/\/www.welovecycling.com\/pl\/#\/schema\/person\/bf06ed916a1ef16618807fb60d2ebe42\"},\"breadcrumb\":{\"@id\":\"https:\/\/www.welovecycling.com\/pl\/2023\/03\/01\/rowery-gravelowe-nowa-moda-czy-cos-wiecej\/#breadcrumb\"},\"inLanguage\":\"pl-PL\",\"potentialAction\":[{\"@type\":\"ReadAction\",\"target\":[\"https:\/\/www.welovecycling.com\/pl\/2023\/03\/01\/rowery-gravelowe-nowa-moda-czy-cos-wiecej\/\"]}]},{\"@type\":\"ImageObject\",\"inLanguage\":\"pl-PL\",\"@id\":\"https:\/\/www.welovecycling.com\/pl\/2023\/03\/01\/rowery-gravelowe-nowa-moda-czy-cos-wiecej\/#primaryimage\",\"url\":\"https:\/\/d2p6e6u75xmxt8.cloudfront.net\/5\/2023\/03\/YT_thumbail_Huzarski-Rower-gravelowy-2-2.webp\",\"contentUrl\":\"https:\/\/d2p6e6u75xmxt8.cloudfront.net\/5\/2023\/03\/YT_thumbail_Huzarski-Rower-gravelowy-2-2.webp\",\"width\":1280,\"height\":720},{\"@type\":\"BreadcrumbList\",\"@id\":\"https:\/\/www.welovecycling.com\/pl\/2023\/03\/01\/rowery-gravelowe-nowa-moda-czy-cos-wiecej\/#breadcrumb\",\"itemListElement\":[{\"@type\":\"ListItem\",\"position\":1,\"name\":\"Home\",\"item\":\"https:\/\/www.welovecycling.com\/pl\/\"},{\"@type\":\"ListItem\",\"position\":2,\"name\":\"Rowery gravelowe \u2013 nowa moda czy co\u015b wi\u0119cej?\"}]},{\"@type\":\"WebSite\",\"@id\":\"https:\/\/www.welovecycling.com\/pl\/#website\",\"url\":\"https:\/\/www.welovecycling.com\/pl\/\",\"name\":\"\u0160koda We Love Cycling - Poland\",\"description\":\"\",\"potentialAction\":[{\"@type\":\"SearchAction\",\"target\":{\"@type\":\"EntryPoint\",\"urlTemplate\":\"https:\/\/www.welovecycling.com\/pl\/?s={search_term_string}\"},\"query-input\":{\"@type\":\"PropertyValueSpecification\",\"valueRequired\":true,\"valueName\":\"search_term_string\"}}],\"inLanguage\":\"pl-PL\"},{\"@type\":\"Person\",\"@id\":\"https:\/\/www.welovecycling.com\/pl\/#\/schema\/person\/bf06ed916a1ef16618807fb60d2ebe42\",\"name\":\"rafal\",\"image\":{\"@type\":\"ImageObject\",\"inLanguage\":\"pl-PL\",\"@id\":\"https:\/\/www.welovecycling.com\/pl\/#\/schema\/person\/image\/\",\"url\":\"https:\/\/secure.gravatar.com\/avatar\/203f240e63bee214f6f3a0dacbeb600c7829c09716c2b9ee3230c6961debcde2?s=96&d=mm&r=g\",\"contentUrl\":\"https:\/\/secure.gravatar.com\/avatar\/203f240e63bee214f6f3a0dacbeb600c7829c09716c2b9ee3230c6961debcde2?s=96&d=mm&r=g\",\"caption\":\"rafal\"},\"url\":\"https:\/\/www.welovecycling.com\/pl\/author\/rafal\/\"}]}<\/script>\n<!-- \/ Yoast SEO Premium plugin. -->","yoast_head_json":{"title":"Rowery gravelowe \u2013 nowa moda czy co\u015b wi\u0119cej? - \u0160koda We Love Cycling - Poland","robots":{"index":"index","follow":"follow","max-snippet":"max-snippet:-1","max-image-preview":"max-image-preview:large","max-video-preview":"max-video-preview:-1"},"canonical":"https:\/\/www.welovecycling.com\/pl\/2023\/03\/01\/rowery-gravelowe-nowa-moda-czy-cos-wiecej\/","og_locale":"pl_PL","og_type":"article","og_title":"Rowery gravelowe \u2013 nowa moda czy co\u015b wi\u0119cej?","og_description":"Sprawdzili\u015bmy to! Okazuje si\u0119, \u017ce w rowerowych podr\u00f3\u017cach pojawi\u0142o si\u0119 nowe i fajne rozwi\u0105zanie. Zdaniem Bartka Huzarskiego rower gravelowy to [&hellip;]","og_url":"https:\/\/www.welovecycling.com\/pl\/2023\/03\/01\/rowery-gravelowe-nowa-moda-czy-cos-wiecej\/","og_site_name":"\u0160koda We Love Cycling - Poland","article_published_time":"2023-03-01T12:54:16+00:00","og_image":[{"width":1280,"height":720,"url":"https:\/\/d2p6e6u75xmxt8.cloudfront.net\/5\/2023\/03\/YT_thumbail_Huzarski-Rower-gravelowy-2-2.webp","type":"image\/webp"}],"author":"rafal","twitter_card":"summary_large_image","twitter_misc":{"Written by":"Bartosz Huzarski","Est. reading time":"2"},"schema":{"@context":"https:\/\/schema.org","@graph":[{"@type":"WebPage","@id":"https:\/\/www.welovecycling.com\/pl\/2023\/03\/01\/rowery-gravelowe-nowa-moda-czy-cos-wiecej\/","url":"https:\/\/www.welovecycling.com\/pl\/2023\/03\/01\/rowery-gravelowe-nowa-moda-czy-cos-wiecej\/","name":"Rowery gravelowe \u2013 nowa moda czy co\u015b wi\u0119cej? - \u0160koda We Love Cycling - Poland","isPartOf":{"@id":"https:\/\/www.welovecycling.com\/pl\/#website"},"primaryImageOfPage":{"@id":"https:\/\/www.welovecycling.com\/pl\/2023\/03\/01\/rowery-gravelowe-nowa-moda-czy-cos-wiecej\/#primaryimage"},"image":{"@id":"https:\/\/www.welovecycling.com\/pl\/2023\/03\/01\/rowery-gravelowe-nowa-moda-czy-cos-wiecej\/#primaryimage"},"thumbnailUrl":"https:\/\/d2p6e6u75xmxt8.cloudfront.net\/5\/2023\/03\/YT_thumbail_Huzarski-Rower-gravelowy-2-2.webp","datePublished":"2023-03-01T12:54:16+00:00","author":{"@id":"https:\/\/www.welovecycling.com\/pl\/#\/schema\/person\/bf06ed916a1ef16618807fb60d2ebe42"},"breadcrumb":{"@id":"https:\/\/www.welovecycling.com\/pl\/2023\/03\/01\/rowery-gravelowe-nowa-moda-czy-cos-wiecej\/#breadcrumb"},"inLanguage":"pl-PL","potentialAction":[{"@type":"ReadAction","target":["https:\/\/www.welovecycling.com\/pl\/2023\/03\/01\/rowery-gravelowe-nowa-moda-czy-cos-wiecej\/"]}]},{"@type":"ImageObject","inLanguage":"pl-PL","@id":"https:\/\/www.welovecycling.com\/pl\/2023\/03\/01\/rowery-gravelowe-nowa-moda-czy-cos-wiecej\/#primaryimage","url":"https:\/\/d2p6e6u75xmxt8.cloudfront.net\/5\/2023\/03\/YT_thumbail_Huzarski-Rower-gravelowy-2-2.webp","contentUrl":"https:\/\/d2p6e6u75xmxt8.cloudfront.net\/5\/2023\/03\/YT_thumbail_Huzarski-Rower-gravelowy-2-2.webp","width":1280,"height":720},{"@type":"BreadcrumbList","@id":"https:\/\/www.welovecycling.com\/pl\/2023\/03\/01\/rowery-gravelowe-nowa-moda-czy-cos-wiecej\/#breadcrumb","itemListElement":[{"@type":"ListItem","position":1,"name":"Home","item":"https:\/\/www.welovecycling.com\/pl\/"},{"@type":"ListItem","position":2,"name":"Rowery gravelowe \u2013 nowa moda czy co\u015b wi\u0119cej?"}]},{"@type":"WebSite","@id":"https:\/\/www.welovecycling.com\/pl\/#website","url":"https:\/\/www.welovecycling.com\/pl\/","name":"\u0160koda We Love Cycling - Poland","description":"","potentialAction":[{"@type":"SearchAction","target":{"@type":"EntryPoint","urlTemplate":"https:\/\/www.welovecycling.com\/pl\/?s={search_term_string}"},"query-input":{"@type":"PropertyValueSpecification","valueRequired":true,"valueName":"search_term_string"}}],"inLanguage":"pl-PL"},{"@type":"Person","@id":"https:\/\/www.welovecycling.com\/pl\/#\/schema\/person\/bf06ed916a1ef16618807fb60d2ebe42","name":"rafal","image":{"@type":"ImageObject","inLanguage":"pl-PL","@id":"https:\/\/www.welovecycling.com\/pl\/#\/schema\/person\/image\/","url":"https:\/\/secure.gravatar.com\/avatar\/203f240e63bee214f6f3a0dacbeb600c7829c09716c2b9ee3230c6961debcde2?s=96&d=mm&r=g","contentUrl":"https:\/\/secure.gravatar.com\/avatar\/203f240e63bee214f6f3a0dacbeb600c7829c09716c2b9ee3230c6961debcde2?s=96&d=mm&r=g","caption":"rafal"},"url":"https:\/\/www.welovecycling.com\/pl\/author\/rafal\/"}]}},"_links":{"self":[{"href":"https:\/\/www.welovecycling.com\/pl\/wp-json\/wp\/v2\/posts\/13614","targetHints":{"allow":["GET"]}}],"collection":[{"href":"https:\/\/www.welovecycling.com\/pl\/wp-json\/wp\/v2\/posts"}],"about":[{"href":"https:\/\/www.welovecycling.com\/pl\/wp-json\/wp\/v2\/types\/post"}],"author":[{"embeddable":true,"href":"https:\/\/www.welovecycling.com\/pl\/wp-json\/wp\/v2\/users\/153"}],"replies":[{"embeddable":true,"href":"https:\/\/www.welovecycling.com\/pl\/wp-json\/wp\/v2\/comments?post=13614"}],"version-history":[{"count":1,"href":"https:\/\/www.welovecycling.com\/pl\/wp-json\/wp\/v2\/posts\/13614\/revisions"}],"predecessor-version":[{"id":13615,"href":"https:\/\/www.welovecycling.com\/pl\/wp-json\/wp\/v2\/posts\/13614\/revisions\/13615"}],"wp:featuredmedia":[{"embeddable":true,"href":"https:\/\/www.welovecycling.com\/pl\/wp-json\/wp\/v2\/media\/13611"}],"wp:attachment":[{"href":"https:\/\/www.welovecycling.com\/pl\/wp-json\/wp\/v2\/media?parent=13614"}],"wp:term":[{"taxonomy":"category","embeddable":true,"href":"https:\/\/www.welovecycling.com\/pl\/wp-json\/wp\/v2\/categories?post=13614"},{"taxonomy":"post_tag","embeddable":true,"href":"https:\/\/www.welovecycling.com\/pl\/wp-json\/wp\/v2\/tags?post=13614"},{"taxonomy":"global-categories","embeddable":true,"href":"https:\/\/www.welovecycling.com\/pl\/wp-json\/wp\/v2\/global-categories?post=13614"}],"curies":[{"name":"wp","href":"https:\/\/api.w.org\/{rel}","templated":true}]}}