{"id":1361,"date":"2016-07-08T14:52:04","date_gmt":"2016-07-08T14:52:04","guid":{"rendered":"http:\/\/skoda-rowery.pl\/?p=1361"},"modified":"2016-12-05T08:49:14","modified_gmt":"2016-12-05T08:49:14","slug":"tour-de-france-taktyka-druzynowa-objasnienie","status":"publish","type":"post","link":"https:\/\/www.welovecycling.com\/pl\/2016\/07\/08\/tour-de-france-taktyka-druzynowa-objasnienie\/","title":{"rendered":"Tour de France: taktyka dru\u017cynowa &#8211; obja\u015bnienie"},"content":{"rendered":"<p style=\"text-align: justify\">Zastanawiasz si\u0119 czasem jak to jest jecha\u0107 w Wielkiej P\u0119tli? Bez wzgl\u0119du na to, czy masz zamiar walczy\u0107 o \u017c\u00f3\u0142t\u0105 koszulk\u0119 klasyfikacji generalnej, tytu\u0142 kr\u00f3la g\u00f3r, czy wygrywasz etapy, \u017ceby zdoby\u0107 zielon\u0105 koszulk\u0119, podczas wy\u015bcigu zawsze musisz mie\u0107 ekip\u0119, kt\u00f3ry Ci\u0119 prowadzi. Zapraszamy do przegl\u0105du taktyk podczas najbardziej znanego wy\u015bcigu \u015bwiata &#8211; Tour de France.<!--more--><\/p>\n<p style=\"text-align: justify\"><strong>Pomocnicy musz\u0105 chroni\u0107 lidera<\/strong><\/p>\n<p style=\"text-align: justify\">Kolarze pomocnicy pracuj\u0105 dwa razy ci\u0119\u017cej ni\u017c pretendenci przez 90% wy\u015bcigu, zar\u00f3wno fizycznie jak i psychicznie. Dzi\u0119ki temu s\u0105 twardzi jak ska\u0142y, ale w praktyce s\u0105 zawodnikami jednorazowego u\u017cytku, gdy\u017c nie oczekuje si\u0119 od nich wygranej.\u00a0Pomocnicy wioz\u0105 wod\u0119 dla innych kolarzy, uwa\u017caj\u0105 na wyboje, os\u0142aniaj\u0105 lidera od wiatru i zapewniaj\u0105 wsparcie si\u0142owe w przepychankach o pozycj\u0119.\u00a0 Umieszczaj\u0105 swojego lidera we w\u0142a\u015bciwym miejscu i we w\u0142a\u015bciwym czasie.<\/p>\n<p style=\"text-align: justify\"><img loading=\"lazy\" decoding=\"async\" class=\"alignnone size-full wp-image-1363\" src=\"http:\/\/skoda-rowery.pl\/wp-content\/uploads\/2016\/07\/1.jpg\" alt=\"1\" width=\"1000\" height=\"666\" srcset=\"https:\/\/d2p6e6u75xmxt8.cloudfront.net\/5\/2016\/07\/1.jpg 1000w, https:\/\/d2p6e6u75xmxt8.cloudfront.net\/5\/2016\/07\/1-300x200.jpg 300w, https:\/\/d2p6e6u75xmxt8.cloudfront.net\/5\/2016\/07\/1-768x511.jpg 768w, https:\/\/d2p6e6u75xmxt8.cloudfront.net\/5\/2016\/07\/1-272x182.jpg 272w\" sizes=\"auto, (max-width: 1000px) 100vw, 1000px\" \/><\/p>\n<p style=\"text-align: justify\"><strong>Oszcz\u0119dzanie energii przez jazd\u0119 blisko siebie <\/strong><\/p>\n<p style=\"text-align: justify\">Im szybciej ekipa jest razem, tym mniej energii musi w\u0142o\u017cy\u0107 w dalszej cz\u0119\u015bci wy\u015bcigu, wi\u0119c zespo\u0142y przepychaj\u0105 si\u0119, by zdominowa\u0107 prz\u00f3d peletonu ju\u017c od samego pocz\u0105tku.\u00a0Za ka\u017cdym razem, gdy podwajasz swoj\u0105 pr\u0119dko\u015b\u0107 na rowerze, potrzebujesz osiem razy wi\u0119cej wysi\u0142ku fizycznego, by pokona\u0107 nap\u00f3r powietrza.\u00a0 Pomocnicy tworz\u0105 \u015bcian\u0119, kt\u00f3ra chroni lidera jad\u0105cego w cieniu aerodynamicznym.\u00a0Jazda w odleg\u0142o\u015bci kilku milimetr\u00f3w od pomocnika jest ryzykowna, st\u0105d w\u0142a\u015bnie kraksy w wy\u015bcigach kolarskich. Jaka jest z tego korzy\u015b\u0107?\u00a0 Zmniejszasz wysi\u0142ek nawet o 80%.<\/p>\n<p style=\"text-align: justify\"><img loading=\"lazy\" decoding=\"async\" class=\"alignnone size-full wp-image-1364\" src=\"http:\/\/skoda-rowery.pl\/wp-content\/uploads\/2016\/07\/2.jpg\" alt=\"2\" width=\"1000\" height=\"667\" srcset=\"https:\/\/d2p6e6u75xmxt8.cloudfront.net\/5\/2016\/07\/2.jpg 1000w, https:\/\/d2p6e6u75xmxt8.cloudfront.net\/5\/2016\/07\/2-300x200.jpg 300w, https:\/\/d2p6e6u75xmxt8.cloudfront.net\/5\/2016\/07\/2-768x512.jpg 768w, https:\/\/d2p6e6u75xmxt8.cloudfront.net\/5\/2016\/07\/2-272x182.jpg 272w\" sizes=\"auto, (max-width: 1000px) 100vw, 1000px\" \/><\/p>\n<p style=\"text-align: justify\"><strong>Walka z przeciwnym wiatrem<\/strong><\/p>\n<p style=\"text-align: justify\">Kiedy pojawia si\u0119 przeciwny wiatr, ekipy grupuj\u0105 si\u0119 razem w peleton.\u00a0 Pomocnicy po kolei jad\u0105 przed liderem i kr\u0105\u017c\u0105 wok\u00f3\u0142 niego, aby zapewni\u0107 mu ochron\u0119 przed wiatrem.<\/p>\n<p style=\"text-align: justify\"><strong>Boczny wiatr nara\u017ca ekip\u0119<\/strong><\/p>\n<p style=\"text-align: justify\">Je\u015bli wiatr wieje z boku, peleton podzieli si\u0119 na uko\u015bne linie w poprzek drogi, ustawiaj\u0105c si\u0119 w formacj\u0119 eszelonow\u0105. Podczas wiatru bocznego, ekipy s\u0105 nara\u017cone, gdy podziel\u0105 si\u0119 na dwa eszelony, zw\u0142aszcza je\u015bli ich lider jest w z\u0142ym eszelonie.\u00a0Je\u015bli ekipa zauwa\u017cy, \u017ce jest razem, a inny zesp\u00f3\u0142 jest podzielony, ekipa zaatakuje.<\/p>\n<p style=\"text-align: justify\"><strong>Podjazdy s\u0105 dla specjalist\u00f3w<\/strong><\/p>\n<p style=\"text-align: justify\">Walka o tytu\u0142 kr\u00f3la g\u00f3r to jedyna walk\u0105 o koszulk\u0119, kt\u00f3r\u0105 mo\u017cna rzetelnie wygra\u0107 dzi\u0119ki indywidualnym staraniom.\u00a0 Co zrozumia\u0142e, kolarze u szczyt\u00f3w Alp nie s\u0105 wystarczaj\u0105co szybcy, by op\u00f3r wiatru stanowi\u0142 problem, wi\u0119c ka\u017cdy kolega z zespo\u0142u jad\u0105cy przy specjali\u015bcie jest tam tylko po to, by zapewni\u0107 wsparcie moralne i wie\u017a\u0107 wod\u0119, dop\u00f3ki nie zabraknie mu si\u0142.<\/p>\n<p style=\"text-align: justify\"><strong>Uwolni\u0107 sprinter\u00f3w<\/strong><\/p>\n<p style=\"text-align: justify\">Celem ekipy, kt\u00f3ra chce, by jej pretendent zdoby\u0142 zielon\u0105 koszulk\u0119 jest to, by utrzyma\u0107 swojego g\u0142\u00f3wnego kolarza na smyczy, dop\u00f3ki meta sprintu nie znajdzie si\u0119 w zasi\u0119gu wzroku.\u00a0\u00a0 Prowadzi zawodnik, kt\u00f3ry wyczerpie ca\u0142\u0105 ich energi\u0119, a\u017c na ostatnich kilkuset metrach wpu\u015bci sprintera na odpowiednie miejsce.\u00a0 Dobry sprinter mo\u017ce po prostu zostawi\u0107 swoj\u0105 ekip\u0119, by trzyma\u0107 si\u0119 za najszybszym kolarzem, a\u017c ruszy w\u0142asnym sprintem do mety.<\/p>\n<p style=\"text-align: justify\"><strong>Ma\u0142a wyrwa<\/strong><\/p>\n<p style=\"text-align: justify\">W pewnym momencie samotny kolarz lub kilku kolarzy oderwie si\u0119 od reszty peletonu i zyska kilka minut przewagi.\u00a0Nikt nie wierzy, \u017ce ucieczka si\u0119 uda, bo wtedy ochrona przed wiatrem jest mniejsza, wi\u0119c najcz\u0119\u015bciej peleton \u0142atwo ich dogania.\u00a0Jednak gdy ucieczka powiedzie si\u0119, jest to wydarzenie szczeg\u00f3lne &#8211; wysi\u0142ek mo\u017ce ci\u0119 zrujnowa\u0107, ale w\u0142a\u015bnie dzi\u0119ki ucieczkom rodz\u0105 si\u0119 legendy.<\/p>\n<p style=\"text-align: justify\"><img loading=\"lazy\" decoding=\"async\" class=\"alignnone size-full wp-image-1365\" src=\"http:\/\/skoda-rowery.pl\/wp-content\/uploads\/2016\/07\/3.jpg\" alt=\"3\" width=\"1000\" height=\"665\" srcset=\"https:\/\/d2p6e6u75xmxt8.cloudfront.net\/5\/2016\/07\/3.jpg 1000w, https:\/\/d2p6e6u75xmxt8.cloudfront.net\/5\/2016\/07\/3-300x200.jpg 300w, https:\/\/d2p6e6u75xmxt8.cloudfront.net\/5\/2016\/07\/3-768x511.jpg 768w, https:\/\/d2p6e6u75xmxt8.cloudfront.net\/5\/2016\/07\/3-272x182.jpg 272w\" sizes=\"auto, (max-width: 1000px) 100vw, 1000px\" \/><\/p>\n<p style=\"text-align: justify\"><strong>\u0160koda nap\u0119dza Tour de France. Ze wszystkimi, kt\u00f3rzy tak jak my kibicuj\u0105 kolarzom Wielkiej P\u0119tli, \u0142\u0105czy nas kolarska pasja.<\/strong><\/p>\n","protected":false},"excerpt":{"rendered":"<p>Zastanawiasz si\u0119 czasem jak to jest jecha\u0107 w Wielkiej P\u0119tli? Bez wzgl\u0119du na to, czy masz zamiar walczy\u0107 o \u017c\u00f3\u0142t\u0105 [&hellip;]<\/p>\n","protected":false},"author":1,"featured_media":1367,"comment_status":"open","ping_status":"closed","sticky":false,"template":"","format":"standard","meta":{"footnotes":""},"categories":[1],"tags":[77],"global-categories":[],"class_list":["post-1361","post","type-post","status-publish","format-standard","has-post-thumbnail","hentry","category-uncategorized","tag-tour-de-france"],"yoast_head":"<!-- This site is optimized with the Yoast SEO Premium plugin v25.3 (Yoast SEO v25.9) - https:\/\/yoast.com\/wordpress\/plugins\/seo\/ -->\n<title>Tour de France: taktyka dru\u017cynowa - obja\u015bnienie - \u0160koda We Love Cycling - Poland<\/title>\n<meta name=\"robots\" content=\"index, follow, max-snippet:-1, max-image-preview:large, max-video-preview:-1\" \/>\n<link rel=\"canonical\" href=\"https:\/\/www.welovecycling.com\/pl\/2016\/07\/08\/tour-de-france-taktyka-druzynowa-objasnienie\/\" \/>\n<meta property=\"og:locale\" content=\"pl_PL\" \/>\n<meta property=\"og:type\" content=\"article\" \/>\n<meta property=\"og:title\" content=\"Tour de France: taktyka dru\u017cynowa - obja\u015bnienie\" \/>\n<meta property=\"og:description\" content=\"Zastanawiasz si\u0119 czasem jak to jest jecha\u0107 w Wielkiej P\u0119tli? Bez wzgl\u0119du na to, czy masz zamiar walczy\u0107 o \u017c\u00f3\u0142t\u0105 [&hellip;]\" \/>\n<meta property=\"og:url\" content=\"https:\/\/www.welovecycling.com\/pl\/2016\/07\/08\/tour-de-france-taktyka-druzynowa-objasnienie\/\" \/>\n<meta property=\"og:site_name\" content=\"\u0160koda We Love Cycling - Poland\" \/>\n<meta property=\"article:published_time\" content=\"2016-07-08T14:52:04+00:00\" \/>\n<meta property=\"article:modified_time\" content=\"2016-12-05T08:49:14+00:00\" \/>\n<meta property=\"og:image\" content=\"https:\/\/d2p6e6u75xmxt8.cloudfront.net\/5\/2016\/07\/profimedia-0253037017.jpg\" \/>\n\t<meta property=\"og:image:width\" content=\"1800\" \/>\n\t<meta property=\"og:image:height\" content=\"1200\" \/>\n\t<meta property=\"og:image:type\" content=\"image\/jpeg\" \/>\n<meta name=\"author\" content=\"WeLoveCycling\" \/>\n<meta name=\"twitter:card\" content=\"summary_large_image\" \/>\n<meta name=\"twitter:label1\" content=\"Written by\" \/>\n\t<meta name=\"twitter:data1\" content=\"WeLoveCycling\" \/>\n\t<meta name=\"twitter:label2\" content=\"Est. reading time\" \/>\n\t<meta name=\"twitter:data2\" content=\"3 minutes\" \/>\n<script type=\"application\/ld+json\" class=\"yoast-schema-graph\">{\"@context\":\"https:\/\/schema.org\",\"@graph\":[{\"@type\":\"WebPage\",\"@id\":\"https:\/\/www.welovecycling.com\/pl\/2016\/07\/08\/tour-de-france-taktyka-druzynowa-objasnienie\/\",\"url\":\"https:\/\/www.welovecycling.com\/pl\/2016\/07\/08\/tour-de-france-taktyka-druzynowa-objasnienie\/\",\"name\":\"Tour de France: taktyka dru\u017cynowa - obja\u015bnienie - \u0160koda We Love Cycling - Poland\",\"isPartOf\":{\"@id\":\"https:\/\/www.welovecycling.com\/pl\/#website\"},\"primaryImageOfPage\":{\"@id\":\"https:\/\/www.welovecycling.com\/pl\/2016\/07\/08\/tour-de-france-taktyka-druzynowa-objasnienie\/#primaryimage\"},\"image\":{\"@id\":\"https:\/\/www.welovecycling.com\/pl\/2016\/07\/08\/tour-de-france-taktyka-druzynowa-objasnienie\/#primaryimage\"},\"thumbnailUrl\":\"https:\/\/d2p6e6u75xmxt8.cloudfront.net\/5\/2016\/07\/profimedia-0253037017.jpg\",\"datePublished\":\"2016-07-08T14:52:04+00:00\",\"dateModified\":\"2016-12-05T08:49:14+00:00\",\"author\":{\"@id\":\"https:\/\/www.welovecycling.com\/pl\/#\/schema\/person\/e5187c9cac8dd619ebc7b41bd73c2fd9\"},\"breadcrumb\":{\"@id\":\"https:\/\/www.welovecycling.com\/pl\/2016\/07\/08\/tour-de-france-taktyka-druzynowa-objasnienie\/#breadcrumb\"},\"inLanguage\":\"pl-PL\",\"potentialAction\":[{\"@type\":\"ReadAction\",\"target\":[\"https:\/\/www.welovecycling.com\/pl\/2016\/07\/08\/tour-de-france-taktyka-druzynowa-objasnienie\/\"]}]},{\"@type\":\"ImageObject\",\"inLanguage\":\"pl-PL\",\"@id\":\"https:\/\/www.welovecycling.com\/pl\/2016\/07\/08\/tour-de-france-taktyka-druzynowa-objasnienie\/#primaryimage\",\"url\":\"https:\/\/d2p6e6u75xmxt8.cloudfront.net\/5\/2016\/07\/profimedia-0253037017.jpg\",\"contentUrl\":\"https:\/\/d2p6e6u75xmxt8.cloudfront.net\/5\/2016\/07\/profimedia-0253037017.jpg\",\"width\":1800,\"height\":1200,\"caption\":\"Team Sky rider Ian Stannard (R) of Britain gives a water bottle to his teammate Nicolas Roche (L) of Ireland during the 12th stage of the 102nd edition of the Tour de France 2015 cycling race over 195km between Lannemezan and Plateau de Beille, France, 16 July 2015., Image: 253037017, License: Rights-managed, Restrictions: , Model Release: no, Credit line: Profimedia, TEMP EPA\"},{\"@type\":\"BreadcrumbList\",\"@id\":\"https:\/\/www.welovecycling.com\/pl\/2016\/07\/08\/tour-de-france-taktyka-druzynowa-objasnienie\/#breadcrumb\",\"itemListElement\":[{\"@type\":\"ListItem\",\"position\":1,\"name\":\"Home\",\"item\":\"https:\/\/www.welovecycling.com\/pl\/\"},{\"@type\":\"ListItem\",\"position\":2,\"name\":\"Tour de France: taktyka dru\u017cynowa &#8211; obja\u015bnienie\"}]},{\"@type\":\"WebSite\",\"@id\":\"https:\/\/www.welovecycling.com\/pl\/#website\",\"url\":\"https:\/\/www.welovecycling.com\/pl\/\",\"name\":\"\u0160koda We Love Cycling - Poland\",\"description\":\"\",\"potentialAction\":[{\"@type\":\"SearchAction\",\"target\":{\"@type\":\"EntryPoint\",\"urlTemplate\":\"https:\/\/www.welovecycling.com\/pl\/?s={search_term_string}\"},\"query-input\":{\"@type\":\"PropertyValueSpecification\",\"valueRequired\":true,\"valueName\":\"search_term_string\"}}],\"inLanguage\":\"pl-PL\"},{\"@type\":\"Person\",\"@id\":\"https:\/\/www.welovecycling.com\/pl\/#\/schema\/person\/e5187c9cac8dd619ebc7b41bd73c2fd9\",\"name\":\"WeLoveCycling\",\"image\":{\"@type\":\"ImageObject\",\"inLanguage\":\"pl-PL\",\"@id\":\"https:\/\/www.welovecycling.com\/pl\/#\/schema\/person\/image\/\",\"url\":\"https:\/\/secure.gravatar.com\/avatar\/7e1ee0ecc5e294b19ef32b9f6086e0afbb9da00c3cb0d465ba4695331f4a9187?s=96&d=mm&r=g\",\"contentUrl\":\"https:\/\/secure.gravatar.com\/avatar\/7e1ee0ecc5e294b19ef32b9f6086e0afbb9da00c3cb0d465ba4695331f4a9187?s=96&d=mm&r=g\",\"caption\":\"WeLoveCycling\"},\"url\":\"https:\/\/www.welovecycling.com\/pl\/author\/lukascech\/\"}]}<\/script>\n<!-- \/ Yoast SEO Premium plugin. -->","yoast_head_json":{"title":"Tour de France: taktyka dru\u017cynowa - obja\u015bnienie - \u0160koda We Love Cycling - Poland","robots":{"index":"index","follow":"follow","max-snippet":"max-snippet:-1","max-image-preview":"max-image-preview:large","max-video-preview":"max-video-preview:-1"},"canonical":"https:\/\/www.welovecycling.com\/pl\/2016\/07\/08\/tour-de-france-taktyka-druzynowa-objasnienie\/","og_locale":"pl_PL","og_type":"article","og_title":"Tour de France: taktyka dru\u017cynowa - obja\u015bnienie","og_description":"Zastanawiasz si\u0119 czasem jak to jest jecha\u0107 w Wielkiej P\u0119tli? Bez wzgl\u0119du na to, czy masz zamiar walczy\u0107 o \u017c\u00f3\u0142t\u0105 [&hellip;]","og_url":"https:\/\/www.welovecycling.com\/pl\/2016\/07\/08\/tour-de-france-taktyka-druzynowa-objasnienie\/","og_site_name":"\u0160koda We Love Cycling - Poland","article_published_time":"2016-07-08T14:52:04+00:00","article_modified_time":"2016-12-05T08:49:14+00:00","og_image":[{"width":1800,"height":1200,"url":"https:\/\/d2p6e6u75xmxt8.cloudfront.net\/5\/2016\/07\/profimedia-0253037017.jpg","type":"image\/jpeg"}],"author":"WeLoveCycling","twitter_card":"summary_large_image","twitter_misc":{"Written by":"WeLoveCycling","Est. reading time":"3 minutes"},"schema":{"@context":"https:\/\/schema.org","@graph":[{"@type":"WebPage","@id":"https:\/\/www.welovecycling.com\/pl\/2016\/07\/08\/tour-de-france-taktyka-druzynowa-objasnienie\/","url":"https:\/\/www.welovecycling.com\/pl\/2016\/07\/08\/tour-de-france-taktyka-druzynowa-objasnienie\/","name":"Tour de France: taktyka dru\u017cynowa - obja\u015bnienie - \u0160koda We Love Cycling - Poland","isPartOf":{"@id":"https:\/\/www.welovecycling.com\/pl\/#website"},"primaryImageOfPage":{"@id":"https:\/\/www.welovecycling.com\/pl\/2016\/07\/08\/tour-de-france-taktyka-druzynowa-objasnienie\/#primaryimage"},"image":{"@id":"https:\/\/www.welovecycling.com\/pl\/2016\/07\/08\/tour-de-france-taktyka-druzynowa-objasnienie\/#primaryimage"},"thumbnailUrl":"https:\/\/d2p6e6u75xmxt8.cloudfront.net\/5\/2016\/07\/profimedia-0253037017.jpg","datePublished":"2016-07-08T14:52:04+00:00","dateModified":"2016-12-05T08:49:14+00:00","author":{"@id":"https:\/\/www.welovecycling.com\/pl\/#\/schema\/person\/e5187c9cac8dd619ebc7b41bd73c2fd9"},"breadcrumb":{"@id":"https:\/\/www.welovecycling.com\/pl\/2016\/07\/08\/tour-de-france-taktyka-druzynowa-objasnienie\/#breadcrumb"},"inLanguage":"pl-PL","potentialAction":[{"@type":"ReadAction","target":["https:\/\/www.welovecycling.com\/pl\/2016\/07\/08\/tour-de-france-taktyka-druzynowa-objasnienie\/"]}]},{"@type":"ImageObject","inLanguage":"pl-PL","@id":"https:\/\/www.welovecycling.com\/pl\/2016\/07\/08\/tour-de-france-taktyka-druzynowa-objasnienie\/#primaryimage","url":"https:\/\/d2p6e6u75xmxt8.cloudfront.net\/5\/2016\/07\/profimedia-0253037017.jpg","contentUrl":"https:\/\/d2p6e6u75xmxt8.cloudfront.net\/5\/2016\/07\/profimedia-0253037017.jpg","width":1800,"height":1200,"caption":"Team Sky rider Ian Stannard (R) of Britain gives a water bottle to his teammate Nicolas Roche (L) of Ireland during the 12th stage of the 102nd edition of the Tour de France 2015 cycling race over 195km between Lannemezan and Plateau de Beille, France, 16 July 2015., Image: 253037017, License: Rights-managed, Restrictions: , Model Release: no, Credit line: Profimedia, TEMP EPA"},{"@type":"BreadcrumbList","@id":"https:\/\/www.welovecycling.com\/pl\/2016\/07\/08\/tour-de-france-taktyka-druzynowa-objasnienie\/#breadcrumb","itemListElement":[{"@type":"ListItem","position":1,"name":"Home","item":"https:\/\/www.welovecycling.com\/pl\/"},{"@type":"ListItem","position":2,"name":"Tour de France: taktyka dru\u017cynowa &#8211; obja\u015bnienie"}]},{"@type":"WebSite","@id":"https:\/\/www.welovecycling.com\/pl\/#website","url":"https:\/\/www.welovecycling.com\/pl\/","name":"\u0160koda We Love Cycling - Poland","description":"","potentialAction":[{"@type":"SearchAction","target":{"@type":"EntryPoint","urlTemplate":"https:\/\/www.welovecycling.com\/pl\/?s={search_term_string}"},"query-input":{"@type":"PropertyValueSpecification","valueRequired":true,"valueName":"search_term_string"}}],"inLanguage":"pl-PL"},{"@type":"Person","@id":"https:\/\/www.welovecycling.com\/pl\/#\/schema\/person\/e5187c9cac8dd619ebc7b41bd73c2fd9","name":"WeLoveCycling","image":{"@type":"ImageObject","inLanguage":"pl-PL","@id":"https:\/\/www.welovecycling.com\/pl\/#\/schema\/person\/image\/","url":"https:\/\/secure.gravatar.com\/avatar\/7e1ee0ecc5e294b19ef32b9f6086e0afbb9da00c3cb0d465ba4695331f4a9187?s=96&d=mm&r=g","contentUrl":"https:\/\/secure.gravatar.com\/avatar\/7e1ee0ecc5e294b19ef32b9f6086e0afbb9da00c3cb0d465ba4695331f4a9187?s=96&d=mm&r=g","caption":"WeLoveCycling"},"url":"https:\/\/www.welovecycling.com\/pl\/author\/lukascech\/"}]}},"_links":{"self":[{"href":"https:\/\/www.welovecycling.com\/pl\/wp-json\/wp\/v2\/posts\/1361","targetHints":{"allow":["GET"]}}],"collection":[{"href":"https:\/\/www.welovecycling.com\/pl\/wp-json\/wp\/v2\/posts"}],"about":[{"href":"https:\/\/www.welovecycling.com\/pl\/wp-json\/wp\/v2\/types\/post"}],"author":[{"embeddable":true,"href":"https:\/\/www.welovecycling.com\/pl\/wp-json\/wp\/v2\/users\/1"}],"replies":[{"embeddable":true,"href":"https:\/\/www.welovecycling.com\/pl\/wp-json\/wp\/v2\/comments?post=1361"}],"version-history":[{"count":1,"href":"https:\/\/www.welovecycling.com\/pl\/wp-json\/wp\/v2\/posts\/1361\/revisions"}],"predecessor-version":[{"id":2437,"href":"https:\/\/www.welovecycling.com\/pl\/wp-json\/wp\/v2\/posts\/1361\/revisions\/2437"}],"wp:featuredmedia":[{"embeddable":true,"href":"https:\/\/www.welovecycling.com\/pl\/wp-json\/wp\/v2\/media\/1367"}],"wp:attachment":[{"href":"https:\/\/www.welovecycling.com\/pl\/wp-json\/wp\/v2\/media?parent=1361"}],"wp:term":[{"taxonomy":"category","embeddable":true,"href":"https:\/\/www.welovecycling.com\/pl\/wp-json\/wp\/v2\/categories?post=1361"},{"taxonomy":"post_tag","embeddable":true,"href":"https:\/\/www.welovecycling.com\/pl\/wp-json\/wp\/v2\/tags?post=1361"},{"taxonomy":"global-categories","embeddable":true,"href":"https:\/\/www.welovecycling.com\/pl\/wp-json\/wp\/v2\/global-categories?post=1361"}],"curies":[{"name":"wp","href":"https:\/\/api.w.org\/{rel}","templated":true}]}}