{"id":13599,"date":"2023-02-28T08:31:27","date_gmt":"2023-02-28T08:31:27","guid":{"rendered":"https:\/\/www.welovecycling.com\/pl\/?p=13599"},"modified":"2023-02-28T08:31:27","modified_gmt":"2023-02-28T08:31:27","slug":"zaczelo-sie-na-dobre-niedoszly-pilkarz-znow-triumfuje","status":"publish","type":"post","link":"https:\/\/www.welovecycling.com\/pl\/2023\/02\/28\/zaczelo-sie-na-dobre-niedoszly-pilkarz-znow-triumfuje\/","title":{"rendered":"Zacz\u0119\u0142o si\u0119 na dobre\u2026 Niedosz\u0142y pi\u0142karz zn\u00f3w triumfuje!"},"content":{"rendered":"<p>Takie wygrane smakuj\u0105 szczeg\u00f3lnie\u2026 Niedosz\u0142y pi\u0142karz sprawi\u0142, \u017ce tym razem ekipa z Bliskiego Wschodu nie zdo\u0142a\u0142a obroni\u0107 czerwonej koszulki, a \u015bwiat zn\u00f3w us\u0142ysza\u0142 o pokoleniu niezwykle utalentowanych kolarzy. 23-letni Remco Evenepoel (Soudal-Quick Step) wygra\u0142 pi\u0105t\u0105 edycj\u0119 UAE Tour!<\/p>\n<p>\u2013 Jestem z siebie naprawd\u0119 dumny. To by\u0142 pierwszy taki wy\u015bcig w tym roku, wi\u0119c chcia\u0142em si\u0119 pokaza\u0107 z dobrej strony, a uda\u0142o mi si\u0119 wygra\u0107 klasyfikacj\u0119 generaln\u0105! \u2013 cieszy\u0142 si\u0119 na mecie Evenepoel, cytowany przez Cyclingnews.com.<\/p>\n<div class=\"embed-controller-wrapper\">\n<blockquote class=\"twitter-tweet\" data-width=\"500\" data-dnt=\"true\">\n<p lang=\"en\" dir=\"ltr\">Really proud to win the UAE Tour and take my 3rd World Tour GC home!\ud83c\udfc6\ud83d\udd34\ud83d\udcaa\ud83c\udffc\ud83c\udf08<\/p>\n<p>Thanks to the team for the great work and also a special mention to my wife <a href=\"https:\/\/twitter.com\/RayaneOumaima?ref_src=twsrc%5Etfw\">@RayaneOumaima<\/a> for her hard work and support in the process! \ud83d\udc99<\/p>\n<p>Let&#39;s keep working! \ud83d\udc4a\ud83c\udffc\ud83d\udc3a <a href=\"https:\/\/twitter.com\/hashtag\/TheWolfpack?src=hash&amp;ref_src=twsrc%5Etfw\">#TheWolfpack<\/a> <\/p>\n<p>\ud83d\udcf7 <a href=\"https:\/\/twitter.com\/GettySport?ref_src=twsrc%5Etfw\">@GettySport<\/a> <a href=\"https:\/\/t.co\/Lo7wV7TJJ5\">pic.twitter.com\/Lo7wV7TJJ5<\/a><\/p>\n<p>&mdash; Remco Evenepoel (@EvenepoelRemco) <a href=\"https:\/\/twitter.com\/EvenepoelRemco\/status\/1629849683123216386?ref_src=twsrc%5Etfw\">February 26, 2023<\/a><\/p><\/blockquote>\n<p><script async data-src=\"https:\/\/platform.twitter.com\/widgets.js\" charset=\"utf-8\"><\/script><\/div>\n<p><strong>Taka wygrana smakuje jeszcze lepiej<\/strong><\/p>\n<p>23-letni Belg ma co \u015bwi\u0119towa\u0107, bo wygranie jedynego wy\u015bcigu na Bliskim Wschodzie w ca\u0142ym kalendarzu UCI World Tour wcale nie jest \u0142atwe. Specyficzny klimat i niecodzienna otoczka zawod\u00f3w sprawiaj\u0105, \u017ce UAE Tour jest dobrym przetarciem na pocz\u0105tek sezonu. A wygrana Belga powinna smakowa\u0107 tym lepiej, \u017ce pokona\u0142 zawodnik\u00f3w UAE Team Emirates, kt\u00f3rym zawsze zale\u017cy na wygranej w Zjednoczonych Emiratach Arabskich i kt\u00f3rzy przez ostatnie dwa lata w tym wy\u015bcigu triumfowali.<\/p>\n<p>Tym razem UAE Team Emirates do wy\u015bcigu nie zg\u0142osi\u0142o jednak lidera Tadeja Pogacara, wi\u0119c o zwyci\u0119stwo mia\u0142 walczy\u0107 Adam Yates. Brytyjczyk szarpa\u0142, pr\u00f3bowa\u0142 i zgarn\u0105\u0142 nawet ostatni etap, ale mimo to g\u00f3r\u0105 by\u0142 Evenepoel i jego ekipa, a Yates musia\u0142 zadowoli\u0107 si\u0119 najni\u017cszym stopniem podium (cho\u0107 gdyby troch\u0119 p\u00f3\u017aniej zacz\u0105\u0142 \u015bwi\u0119towa\u0107 na ostatnim etapie, to by\u0107 mo\u017ce w klasyfikacji generalnej wyprzedzi\u0142by Luke\u2019a Plappa, do kt\u00f3rego straci\u0142 sekund\u0119).<\/p>\n<div class=\"embed-controller-wrapper\">\n<blockquote class=\"twitter-tweet\" data-width=\"500\" data-dnt=\"true\">\n<p lang=\"en\" dir=\"ltr\">King of the Mountain! <a href=\"https:\/\/twitter.com\/AdamYates7?ref_src=twsrc%5Etfw\">@AdamYates7<\/a> takes Stage 7 <a href=\"https:\/\/t.co\/FF75VJmccu\">pic.twitter.com\/FF75VJmccu<\/a><\/p>\n<p>&mdash; UAE Tour Official (@uae_tour) <a href=\"https:\/\/twitter.com\/uae_tour\/status\/1629820360362283009?ref_src=twsrc%5Etfw\">February 26, 2023<\/a><\/p><\/blockquote>\n<p><script async data-src=\"https:\/\/platform.twitter.com\/widgets.js\" charset=\"utf-8\"><\/script><\/div>\n<p>Evenepoel by\u0142 jednak niezagro\u017cony. Jeszcze kilka lat temu marzy\u0142 o grze w pi\u0142k\u0119 no\u017cn\u0105 i zapowiada\u0142 si\u0119 ca\u0142kiem nie\u017ale, bo otrzymywa\u0142 powo\u0142ania do m\u0142odzie\u017cowej reprezentacji Belgii. W ko\u0144cu jednak poszed\u0142 w \u015blady ojca, postawi\u0142 na kolarstwo i dzi\u015b chyba nie \u017ca\u0142uje, bo w zesz\u0142ym roku zosta\u0142 mistrzem \u015bwiata w wy\u015bcigu ze startu wsp\u00f3lnego.<\/p>\n<p><strong>\u201eMamy jeszcze rezerwy\u201d<\/strong><\/p>\n<p>Ju\u017c po drugim etapie UAE Tour Evenepoel by\u0142 drugi w klasyfikacji generalnej, a nazajutrz tak\u017ce drugi zameldowa\u0142 si\u0119 na mecie i przej\u0105\u0142 czerwon\u0105 koszulk\u0119 lidera. Nie odda\u0142 jej ju\u017c do ko\u0144ca, a wy\u015bcig sko\u0144czy\u0142 z 59 sekundami przewagi nad Plappem.<\/p>\n<p>\u2013 Jestem dumny i zadowolony z formy, jak\u0105 prezentuj\u0119. Zreszt\u0105 ca\u0142a moja ekipa pracuje bardzo dobrze, a to oznacza, \u017ce musimy trzyma\u0107 tak dalej. Licz\u0119, \u017ce po treningach w wysokich g\u00f3rach mog\u0119 si\u0119 jeszcze poprawi\u0107. Mamy rezerwy \u2013 uwa\u017ca Belg, dla kt\u00f3rego najbli\u017cszym celem jest Giro d\u2019Italia (6\u201328 maja).<\/p>\n<div class=\"embed-controller-wrapper\">\n<blockquote class=\"twitter-tweet\" data-width=\"500\" data-dnt=\"true\">\n<p lang=\"en\" dir=\"ltr\">\ud835\ude4d\ud835\ude5a\ud835\ude62\ud835\ude58\ud835\ude64 \ud835\ude40\ud835\ude6b\ud835\ude5a\ud835\ude63\ud835\ude5a\ud835\ude65\ud835\ude64\ud835\ude5a\ud835\ude61 \ud835\ude6c\ud835\ude5e\ud835\ude63\ud835\ude68 \ud835\ude69\ud835\ude5d\ud835\ude5a \ud835\ude50\ud835\ude3c\ud835\ude40 \ud835\ude4f\ud835\ude64\ud835\ude6a\ud835\ude67 \ud83d\udca5 <a href=\"https:\/\/t.co\/457A6eo0aq\">pic.twitter.com\/457A6eo0aq<\/a><\/p>\n<p>&mdash; Soudal Quick-Step Pro Cycling Team (@soudalquickstep) <a href=\"https:\/\/twitter.com\/soudalquickstep\/status\/1629817443735556098?ref_src=twsrc%5Etfw\">February 26, 2023<\/a><\/p><\/blockquote>\n<p><script async data-src=\"https:\/\/platform.twitter.com\/widgets.js\" charset=\"utf-8\"><\/script><\/div>\n<p><strong>Wiatry, bruki i 207 km<\/strong><\/p>\n<p>W weekend rozpocz\u0119\u0142a si\u0119 r\u00f3wnie\u017c seria jednodniowych klasyk\u00f3w. W wy\u015bcigu Omloop Het Nieuwsblad zawodnicy nie do\u015b\u0107, \u017ce musieli zmierzy\u0107 si\u0119 z licz\u0105c\u0105 207 km tras\u0105, to jeszcze stawiali czo\u0142a mocno wiej\u0105cemu wiatrowi i brukowej nawierzchni.<\/p>\n<p>Taka mieszanka niekt\u00f3rych przeros\u0142a i momentami woleli prowadzi\u0107 rowery, ni\u017c na nich jecha\u0107. Najlepiej w takich warunkach poradzi\u0142 sobie Dylan van Baarle (Jumbo-Visma), kt\u00f3ry wyprzedzi\u0142 Arnauda De Lie (Lotto Dstny) i Christophe\u2019a Laporte\u2019a (Jumbo-Visma). Filip Maciejuk (Bahrain Victorious) zaj\u0105\u0142 69. miejsce, a Micha\u0142 Kwiatkowski (INEOS Grenadiers) \u2013 106.<\/p>\n<div class=\"embed-controller-wrapper\">\n<blockquote class=\"twitter-tweet\" data-width=\"500\" data-dnt=\"true\">\n<p lang=\"en\" dir=\"ltr\">This was <a href=\"https:\/\/twitter.com\/hashtag\/OHN23?src=hash&amp;ref_src=twsrc%5Etfw\">#OHN23<\/a> \ud83d\udd25 <a href=\"https:\/\/t.co\/90XVepeu9D\">pic.twitter.com\/90XVepeu9D<\/a><\/p>\n<p>&mdash; Omloop Nieuwsblad (@OmloopHNB) <a href=\"https:\/\/twitter.com\/OmloopHNB\/status\/1629558898385354754?ref_src=twsrc%5Etfw\">February 25, 2023<\/a><\/p><\/blockquote>\n<p><script async data-src=\"https:\/\/platform.twitter.com\/widgets.js\" charset=\"utf-8\"><\/script><\/div>\n<p><span data-sheets-value=\"{&quot;1&quot;:2,&quot;2&quot;:&quot;Artyku\u0142 powsta\u0142 we wsp\u00f3\u0142pracy ze skoda-auto.pl&quot;}\" data-sheets-userformat=\"{&quot;2&quot;:1,&quot;3&quot;:{&quot;1&quot;:0}}\" data-sheets-hyperlink=\"http:\/\/www.skoda-auto.pl\/\"><a class=\"in-cell-link\" href=\"http:\/\/www.skoda-auto.pl\/\" target=\"_blank\" rel=\"noopener noreferrer\">Artyku\u0142 powsta\u0142 we wsp\u00f3\u0142pracy ze skoda-auto.pl<\/a><\/span><\/p>\n<p><a href=\"https:\/\/sklep.skoda.pl\/pl\/sklep\/b\/331\/rowery-i-akcesoria-rowery.html\"><img loading=\"lazy\" decoding=\"async\" class=\"aligncenter wp-image-9608 size-full loading\" src=\"https:\/\/d2p6e6u75xmxt8.cloudfront.net\/5\/2019\/08\/baner_WLC_640x350_3.png\" sizes=\"auto, (max-width: 640px) 100vw, 640px\" srcset=\"https:\/\/d2p6e6u75xmxt8.cloudfront.net\/5\/2019\/08\/baner_WLC_640x350_3.png 640w, https:\/\/d2p6e6u75xmxt8.cloudfront.net\/5\/2019\/08\/baner_WLC_640x350_3-300x164.png 300w\" alt=\"\" width=\"640\" height=\"350\" data-was-processed=\"true\" \/><\/a><\/p>\n","protected":false},"excerpt":{"rendered":"<p>Takie wygrane smakuj\u0105 szczeg\u00f3lnie\u2026 Niedosz\u0142y pi\u0142karz sprawi\u0142, \u017ce tym razem ekipa z Bliskiego Wschodu nie zdo\u0142a\u0142a obroni\u0107 czerwonej koszulki, a [&hellip;]<\/p>\n","protected":false},"author":153,"featured_media":13600,"comment_status":"open","ping_status":"open","sticky":false,"template":"","format":"standard","meta":{"footnotes":""},"categories":[6],"tags":[176,362],"global-categories":[303],"class_list":["post-13599","post","type-post","status-publish","format-standard","has-post-thumbnail","hentry","category-kolarstwo-szosowe","tag-kolarstwo","tag-piotr-nowik","global-categories-cycling"],"yoast_head":"<!-- This site is optimized with the Yoast SEO Premium plugin v25.3 (Yoast SEO v25.9) - https:\/\/yoast.com\/wordpress\/plugins\/seo\/ -->\n<title>Zacz\u0119\u0142o si\u0119 na dobre\u2026 Niedosz\u0142y pi\u0142karz zn\u00f3w triumfuje! - \u0160koda We Love Cycling - Poland<\/title>\n<meta name=\"robots\" content=\"index, follow, max-snippet:-1, max-image-preview:large, max-video-preview:-1\" \/>\n<link rel=\"canonical\" href=\"https:\/\/www.welovecycling.com\/pl\/2023\/02\/28\/zaczelo-sie-na-dobre-niedoszly-pilkarz-znow-triumfuje\/\" \/>\n<meta property=\"og:locale\" content=\"pl_PL\" \/>\n<meta property=\"og:type\" content=\"article\" \/>\n<meta property=\"og:title\" content=\"Zacz\u0119\u0142o si\u0119 na dobre\u2026 Niedosz\u0142y pi\u0142karz zn\u00f3w triumfuje!\" \/>\n<meta property=\"og:description\" content=\"Takie wygrane smakuj\u0105 szczeg\u00f3lnie\u2026 Niedosz\u0142y pi\u0142karz sprawi\u0142, \u017ce tym razem ekipa z Bliskiego Wschodu nie zdo\u0142a\u0142a obroni\u0107 czerwonej koszulki, a [&hellip;]\" \/>\n<meta property=\"og:url\" content=\"https:\/\/www.welovecycling.com\/pl\/2023\/02\/28\/zaczelo-sie-na-dobre-niedoszly-pilkarz-znow-triumfuje\/\" \/>\n<meta property=\"og:site_name\" content=\"\u0160koda We Love Cycling - Poland\" \/>\n<meta property=\"article:published_time\" content=\"2023-02-28T08:31:27+00:00\" \/>\n<meta property=\"og:image\" content=\"https:\/\/d2p6e6u75xmxt8.cloudfront.net\/5\/2023\/02\/Pogacar-2023-Vuelta-Andalucia-profimedia-0757121882-CVR.webp\" \/>\n\t<meta property=\"og:image:width\" content=\"990\" \/>\n\t<meta property=\"og:image:height\" content=\"660\" \/>\n\t<meta property=\"og:image:type\" content=\"image\/webp\" \/>\n<meta name=\"author\" content=\"rafal\" \/>\n<meta name=\"twitter:card\" content=\"summary_large_image\" \/>\n<meta name=\"twitter:label1\" content=\"Written by\" \/>\n\t<meta name=\"twitter:data1\" content=\"Piotr Nowik\" \/>\n\t<meta name=\"twitter:label2\" content=\"Est. reading time\" \/>\n\t<meta name=\"twitter:data2\" content=\"2\" \/>\n<script type=\"application\/ld+json\" class=\"yoast-schema-graph\">{\"@context\":\"https:\/\/schema.org\",\"@graph\":[{\"@type\":\"WebPage\",\"@id\":\"https:\/\/www.welovecycling.com\/pl\/2023\/02\/28\/zaczelo-sie-na-dobre-niedoszly-pilkarz-znow-triumfuje\/\",\"url\":\"https:\/\/www.welovecycling.com\/pl\/2023\/02\/28\/zaczelo-sie-na-dobre-niedoszly-pilkarz-znow-triumfuje\/\",\"name\":\"Zacz\u0119\u0142o si\u0119 na dobre\u2026 Niedosz\u0142y pi\u0142karz zn\u00f3w triumfuje! - \u0160koda We Love Cycling - Poland\",\"isPartOf\":{\"@id\":\"https:\/\/www.welovecycling.com\/pl\/#website\"},\"primaryImageOfPage\":{\"@id\":\"https:\/\/www.welovecycling.com\/pl\/2023\/02\/28\/zaczelo-sie-na-dobre-niedoszly-pilkarz-znow-triumfuje\/#primaryimage\"},\"image\":{\"@id\":\"https:\/\/www.welovecycling.com\/pl\/2023\/02\/28\/zaczelo-sie-na-dobre-niedoszly-pilkarz-znow-triumfuje\/#primaryimage\"},\"thumbnailUrl\":\"https:\/\/d2p6e6u75xmxt8.cloudfront.net\/5\/2023\/02\/Pogacar-2023-Vuelta-Andalucia-profimedia-0757121882-CVR.webp\",\"datePublished\":\"2023-02-28T08:31:27+00:00\",\"author\":{\"@id\":\"https:\/\/www.welovecycling.com\/pl\/#\/schema\/person\/bf06ed916a1ef16618807fb60d2ebe42\"},\"breadcrumb\":{\"@id\":\"https:\/\/www.welovecycling.com\/pl\/2023\/02\/28\/zaczelo-sie-na-dobre-niedoszly-pilkarz-znow-triumfuje\/#breadcrumb\"},\"inLanguage\":\"pl-PL\",\"potentialAction\":[{\"@type\":\"ReadAction\",\"target\":[\"https:\/\/www.welovecycling.com\/pl\/2023\/02\/28\/zaczelo-sie-na-dobre-niedoszly-pilkarz-znow-triumfuje\/\"]}]},{\"@type\":\"ImageObject\",\"inLanguage\":\"pl-PL\",\"@id\":\"https:\/\/www.welovecycling.com\/pl\/2023\/02\/28\/zaczelo-sie-na-dobre-niedoszly-pilkarz-znow-triumfuje\/#primaryimage\",\"url\":\"https:\/\/d2p6e6u75xmxt8.cloudfront.net\/5\/2023\/02\/Pogacar-2023-Vuelta-Andalucia-profimedia-0757121882-CVR.webp\",\"contentUrl\":\"https:\/\/d2p6e6u75xmxt8.cloudfront.net\/5\/2023\/02\/Pogacar-2023-Vuelta-Andalucia-profimedia-0757121882-CVR.webp\",\"width\":990,\"height\":660},{\"@type\":\"BreadcrumbList\",\"@id\":\"https:\/\/www.welovecycling.com\/pl\/2023\/02\/28\/zaczelo-sie-na-dobre-niedoszly-pilkarz-znow-triumfuje\/#breadcrumb\",\"itemListElement\":[{\"@type\":\"ListItem\",\"position\":1,\"name\":\"Home\",\"item\":\"https:\/\/www.welovecycling.com\/pl\/\"},{\"@type\":\"ListItem\",\"position\":2,\"name\":\"Zacz\u0119\u0142o si\u0119 na dobre\u2026 Niedosz\u0142y pi\u0142karz zn\u00f3w triumfuje!\"}]},{\"@type\":\"WebSite\",\"@id\":\"https:\/\/www.welovecycling.com\/pl\/#website\",\"url\":\"https:\/\/www.welovecycling.com\/pl\/\",\"name\":\"\u0160koda We Love Cycling - Poland\",\"description\":\"\",\"potentialAction\":[{\"@type\":\"SearchAction\",\"target\":{\"@type\":\"EntryPoint\",\"urlTemplate\":\"https:\/\/www.welovecycling.com\/pl\/?s={search_term_string}\"},\"query-input\":{\"@type\":\"PropertyValueSpecification\",\"valueRequired\":true,\"valueName\":\"search_term_string\"}}],\"inLanguage\":\"pl-PL\"},{\"@type\":\"Person\",\"@id\":\"https:\/\/www.welovecycling.com\/pl\/#\/schema\/person\/bf06ed916a1ef16618807fb60d2ebe42\",\"name\":\"rafal\",\"image\":{\"@type\":\"ImageObject\",\"inLanguage\":\"pl-PL\",\"@id\":\"https:\/\/www.welovecycling.com\/pl\/#\/schema\/person\/image\/\",\"url\":\"https:\/\/secure.gravatar.com\/avatar\/203f240e63bee214f6f3a0dacbeb600c7829c09716c2b9ee3230c6961debcde2?s=96&d=mm&r=g\",\"contentUrl\":\"https:\/\/secure.gravatar.com\/avatar\/203f240e63bee214f6f3a0dacbeb600c7829c09716c2b9ee3230c6961debcde2?s=96&d=mm&r=g\",\"caption\":\"rafal\"},\"url\":\"https:\/\/www.welovecycling.com\/pl\/author\/rafal\/\"}]}<\/script>\n<!-- \/ Yoast SEO Premium plugin. -->","yoast_head_json":{"title":"Zacz\u0119\u0142o si\u0119 na dobre\u2026 Niedosz\u0142y pi\u0142karz zn\u00f3w triumfuje! - \u0160koda We Love Cycling - Poland","robots":{"index":"index","follow":"follow","max-snippet":"max-snippet:-1","max-image-preview":"max-image-preview:large","max-video-preview":"max-video-preview:-1"},"canonical":"https:\/\/www.welovecycling.com\/pl\/2023\/02\/28\/zaczelo-sie-na-dobre-niedoszly-pilkarz-znow-triumfuje\/","og_locale":"pl_PL","og_type":"article","og_title":"Zacz\u0119\u0142o si\u0119 na dobre\u2026 Niedosz\u0142y pi\u0142karz zn\u00f3w triumfuje!","og_description":"Takie wygrane smakuj\u0105 szczeg\u00f3lnie\u2026 Niedosz\u0142y pi\u0142karz sprawi\u0142, \u017ce tym razem ekipa z Bliskiego Wschodu nie zdo\u0142a\u0142a obroni\u0107 czerwonej koszulki, a [&hellip;]","og_url":"https:\/\/www.welovecycling.com\/pl\/2023\/02\/28\/zaczelo-sie-na-dobre-niedoszly-pilkarz-znow-triumfuje\/","og_site_name":"\u0160koda We Love Cycling - Poland","article_published_time":"2023-02-28T08:31:27+00:00","og_image":[{"width":990,"height":660,"url":"https:\/\/d2p6e6u75xmxt8.cloudfront.net\/5\/2023\/02\/Pogacar-2023-Vuelta-Andalucia-profimedia-0757121882-CVR.webp","type":"image\/webp"}],"author":"rafal","twitter_card":"summary_large_image","twitter_misc":{"Written by":"Piotr Nowik","Est. reading time":"2"},"schema":{"@context":"https:\/\/schema.org","@graph":[{"@type":"WebPage","@id":"https:\/\/www.welovecycling.com\/pl\/2023\/02\/28\/zaczelo-sie-na-dobre-niedoszly-pilkarz-znow-triumfuje\/","url":"https:\/\/www.welovecycling.com\/pl\/2023\/02\/28\/zaczelo-sie-na-dobre-niedoszly-pilkarz-znow-triumfuje\/","name":"Zacz\u0119\u0142o si\u0119 na dobre\u2026 Niedosz\u0142y pi\u0142karz zn\u00f3w triumfuje! - \u0160koda We Love Cycling - Poland","isPartOf":{"@id":"https:\/\/www.welovecycling.com\/pl\/#website"},"primaryImageOfPage":{"@id":"https:\/\/www.welovecycling.com\/pl\/2023\/02\/28\/zaczelo-sie-na-dobre-niedoszly-pilkarz-znow-triumfuje\/#primaryimage"},"image":{"@id":"https:\/\/www.welovecycling.com\/pl\/2023\/02\/28\/zaczelo-sie-na-dobre-niedoszly-pilkarz-znow-triumfuje\/#primaryimage"},"thumbnailUrl":"https:\/\/d2p6e6u75xmxt8.cloudfront.net\/5\/2023\/02\/Pogacar-2023-Vuelta-Andalucia-profimedia-0757121882-CVR.webp","datePublished":"2023-02-28T08:31:27+00:00","author":{"@id":"https:\/\/www.welovecycling.com\/pl\/#\/schema\/person\/bf06ed916a1ef16618807fb60d2ebe42"},"breadcrumb":{"@id":"https:\/\/www.welovecycling.com\/pl\/2023\/02\/28\/zaczelo-sie-na-dobre-niedoszly-pilkarz-znow-triumfuje\/#breadcrumb"},"inLanguage":"pl-PL","potentialAction":[{"@type":"ReadAction","target":["https:\/\/www.welovecycling.com\/pl\/2023\/02\/28\/zaczelo-sie-na-dobre-niedoszly-pilkarz-znow-triumfuje\/"]}]},{"@type":"ImageObject","inLanguage":"pl-PL","@id":"https:\/\/www.welovecycling.com\/pl\/2023\/02\/28\/zaczelo-sie-na-dobre-niedoszly-pilkarz-znow-triumfuje\/#primaryimage","url":"https:\/\/d2p6e6u75xmxt8.cloudfront.net\/5\/2023\/02\/Pogacar-2023-Vuelta-Andalucia-profimedia-0757121882-CVR.webp","contentUrl":"https:\/\/d2p6e6u75xmxt8.cloudfront.net\/5\/2023\/02\/Pogacar-2023-Vuelta-Andalucia-profimedia-0757121882-CVR.webp","width":990,"height":660},{"@type":"BreadcrumbList","@id":"https:\/\/www.welovecycling.com\/pl\/2023\/02\/28\/zaczelo-sie-na-dobre-niedoszly-pilkarz-znow-triumfuje\/#breadcrumb","itemListElement":[{"@type":"ListItem","position":1,"name":"Home","item":"https:\/\/www.welovecycling.com\/pl\/"},{"@type":"ListItem","position":2,"name":"Zacz\u0119\u0142o si\u0119 na dobre\u2026 Niedosz\u0142y pi\u0142karz zn\u00f3w triumfuje!"}]},{"@type":"WebSite","@id":"https:\/\/www.welovecycling.com\/pl\/#website","url":"https:\/\/www.welovecycling.com\/pl\/","name":"\u0160koda We Love Cycling - Poland","description":"","potentialAction":[{"@type":"SearchAction","target":{"@type":"EntryPoint","urlTemplate":"https:\/\/www.welovecycling.com\/pl\/?s={search_term_string}"},"query-input":{"@type":"PropertyValueSpecification","valueRequired":true,"valueName":"search_term_string"}}],"inLanguage":"pl-PL"},{"@type":"Person","@id":"https:\/\/www.welovecycling.com\/pl\/#\/schema\/person\/bf06ed916a1ef16618807fb60d2ebe42","name":"rafal","image":{"@type":"ImageObject","inLanguage":"pl-PL","@id":"https:\/\/www.welovecycling.com\/pl\/#\/schema\/person\/image\/","url":"https:\/\/secure.gravatar.com\/avatar\/203f240e63bee214f6f3a0dacbeb600c7829c09716c2b9ee3230c6961debcde2?s=96&d=mm&r=g","contentUrl":"https:\/\/secure.gravatar.com\/avatar\/203f240e63bee214f6f3a0dacbeb600c7829c09716c2b9ee3230c6961debcde2?s=96&d=mm&r=g","caption":"rafal"},"url":"https:\/\/www.welovecycling.com\/pl\/author\/rafal\/"}]}},"_links":{"self":[{"href":"https:\/\/www.welovecycling.com\/pl\/wp-json\/wp\/v2\/posts\/13599","targetHints":{"allow":["GET"]}}],"collection":[{"href":"https:\/\/www.welovecycling.com\/pl\/wp-json\/wp\/v2\/posts"}],"about":[{"href":"https:\/\/www.welovecycling.com\/pl\/wp-json\/wp\/v2\/types\/post"}],"author":[{"embeddable":true,"href":"https:\/\/www.welovecycling.com\/pl\/wp-json\/wp\/v2\/users\/153"}],"replies":[{"embeddable":true,"href":"https:\/\/www.welovecycling.com\/pl\/wp-json\/wp\/v2\/comments?post=13599"}],"version-history":[{"count":2,"href":"https:\/\/www.welovecycling.com\/pl\/wp-json\/wp\/v2\/posts\/13599\/revisions"}],"predecessor-version":[{"id":13606,"href":"https:\/\/www.welovecycling.com\/pl\/wp-json\/wp\/v2\/posts\/13599\/revisions\/13606"}],"wp:featuredmedia":[{"embeddable":true,"href":"https:\/\/www.welovecycling.com\/pl\/wp-json\/wp\/v2\/media\/13600"}],"wp:attachment":[{"href":"https:\/\/www.welovecycling.com\/pl\/wp-json\/wp\/v2\/media?parent=13599"}],"wp:term":[{"taxonomy":"category","embeddable":true,"href":"https:\/\/www.welovecycling.com\/pl\/wp-json\/wp\/v2\/categories?post=13599"},{"taxonomy":"post_tag","embeddable":true,"href":"https:\/\/www.welovecycling.com\/pl\/wp-json\/wp\/v2\/tags?post=13599"},{"taxonomy":"global-categories","embeddable":true,"href":"https:\/\/www.welovecycling.com\/pl\/wp-json\/wp\/v2\/global-categories?post=13599"}],"curies":[{"name":"wp","href":"https:\/\/api.w.org\/{rel}","templated":true}]}}