{"id":13588,"date":"2023-02-24T12:44:43","date_gmt":"2023-02-24T12:44:43","guid":{"rendered":"https:\/\/www.welovecycling.com\/pl\/?p=13588"},"modified":"2023-02-24T12:44:43","modified_gmt":"2023-02-24T12:44:43","slug":"jak-zmieniaja-sie-powody-dla-ktorych-jezdzimy-na-rowerze","status":"publish","type":"post","link":"https:\/\/www.welovecycling.com\/pl\/2023\/02\/24\/jak-zmieniaja-sie-powody-dla-ktorych-jezdzimy-na-rowerze\/","title":{"rendered":"Jak zmieniaj\u0105 si\u0119 powody,  dla kt\u00f3rych je\u017adzimy na rowerze"},"content":{"rendered":"<p><strong>Jako kolarze sp\u0119dzamy na rowerze bardzo du\u017co czasu. Czy to dzie\u0144 roboczy, czy weekend albo \u015bwi\u0119to \u2013 w\u0142a\u015bciwie nie ma dnia, \u017ceby\u015bmy przynajmniej odrobin\u0119 nie popeda\u0142owali. Czy kiedykolwiek zastanawiali\u015bcie si\u0119 nad tym, dlaczego je\u017adzicie lub je\u017adzili\u015bcie na rowerze w r\u00f3\u017cnych okresach swojego \u017cycia?<\/strong><\/p>\n<p>Przyjrzyjmy si\u0119 temu, jak na przestrzeni lat pojawiaj\u0105 si\u0119 i zmieniaj\u0105 nasze motywacje do jazdy na rowerze. Jeste\u015bcie gotowi na wspomnieniow\u0105 podr\u00f3\u017c? Na rowerowe spojrzenie w przesz\u0142o\u015b\u0107?<\/p>\n<h2><strong>M\u0142odzie\u0144cze lata<\/strong><\/h2>\n<p>Ka\u017cde dziecko marzy o tym, by dosta\u0107 rower. Ilu z nas zobaczy\u0142o sw\u00f3j wymarzony jedno\u015blad na sklepowej wystawie i od razu si\u0119 w nim zakocha\u0142o? Je\u015bli mieli\u015bcie szcz\u0119\u015bcie, Wasi rodzice podchwycili to zainteresowanie i sprawili Wam niespodziank\u0119 na urodziny, \u015bwi\u0119ta lub inn\u0105 wyj\u0105tkow\u0105 okazj\u0119.<\/p>\n<p>Gdy jest si\u0119 dzieckiem, rower pozwala po raz pierwszy poczu\u0107 smak wolno\u015bci i niezale\u017cno\u015bci. Daje szans\u0119 wyrwania si\u0119 i zapewnia swobod\u0119. Mo\u017ce to by\u0107 jazda w miejscowym parku albo spotkanie z kumplami z osiedla, \u017ceby beztrosko poje\u017adzi\u0107 w ciep\u0142ym s\u0142o\u0144cu.<\/p>\n<h2><strong>Transport<\/strong><\/h2>\n<p>Rower jest Waszym \u015brodkiem transportu \u2013 staje si\u0119 potrzebny do dojazd\u00f3w do pracy, na trening, do szko\u0142y, na zakupy czy do przyjaci\u00f3\u0142. Nie macie jeszcze prawa jazdy lub nie planujecie nawet kursu. Wasz rower s\u0142u\u017cy Wam doskonale, nie czujecie potrzeby zmian.<\/p>\n<p>U\u017cywanie roweru jako \u015brodka transportu nie ogranicza si\u0119 do konkretnych moment\u00f3w w \u017cyciu. To \u015bwiadomy wyb\u00f3r i aktywno\u015b\u0107, kt\u00f3rej oddaje si\u0119 wielu rowerzyst\u00f3w \u2013 nawet po uzyskaniu prawa jazdy i zakupie samochodu. Czy istnieje lepszy, zdrowszy i bardziej ekologiczny spos\u00f3b, aby dotrze\u0107 do celu?<\/p>\n<h2><strong>Aspekt spo\u0142eczny<\/strong><\/h2>\n<p>Znajomy z pracy zaprasza Was na wsp\u00f3lny <a href=\"https:\/\/www.welovecycling.com\/wide\/2021\/06\/11\/what-actually-happens-on-a-womens-group-ride\/\">weekendowy wyjazd grupowy<\/a> i po\u017cycza jeden ze swoich rower\u00f3w. Wsp\u00f3lny wypad? Co to takiego? Nie wiecie dok\u0142adnie, ale zaraz si\u0119 przekonacie. Jedna przeja\u017cd\u017cka i przepadli\u015bcie. Wkr\u00f3tce zawi\u0105zujecie przyja\u017anie na ca\u0142e \u017cycie i zyskujecie nowy kr\u0105g towarzyski, skupiony wok\u00f3\u0142 roweru.<\/p>\n<p>Znajomi motywuj\u0105 do przeja\u017cd\u017cek. Poprawiacie swoj\u0105 kondycj\u0119, a jednocze\u015bnie dobrze si\u0119 bawicie. Cieszy Was wizja peda\u0142owania z przyjaci\u00f3\u0142mi przy r\u00f3\u017cnych okazjach. By\u0107 mo\u017ce nawet poznajecie w ten spos\u00f3b kogo\u015b, kto b\u0119dzie Wam bliski. Punktem kulminacyjnym przeja\u017cd\u017cki s\u0105 przystanki na kaw\u0119 i pyszne s\u0142odkie ciastko (spo\u017cywane bez najmniejszego poczucia winy), nie wspominaj\u0105c ju\u017c o pogaw\u0119dce po zako\u0144czonej wycieczce.<\/p>\n<p><a href=\"https:\/\/d2p6e6u75xmxt8.cloudfront.net\/5\/2023\/02\/Friends-Ride-pexels-robert-so-12627695.webp\"><img loading=\"lazy\" decoding=\"async\" class=\"alignnone size-full wp-image-13590\" src=\"https:\/\/d2p6e6u75xmxt8.cloudfront.net\/5\/2023\/02\/Friends-Ride-pexels-robert-so-12627695.webp\" alt=\"\" width=\"1280\" height=\"853\" srcset=\"https:\/\/d2p6e6u75xmxt8.cloudfront.net\/5\/2023\/02\/Friends-Ride-pexels-robert-so-12627695.webp 1280w, https:\/\/d2p6e6u75xmxt8.cloudfront.net\/5\/2023\/02\/Friends-Ride-pexels-robert-so-12627695-300x200.webp 300w, https:\/\/d2p6e6u75xmxt8.cloudfront.net\/5\/2023\/02\/Friends-Ride-pexels-robert-so-12627695-1024x682.webp 1024w, https:\/\/d2p6e6u75xmxt8.cloudfront.net\/5\/2023\/02\/Friends-Ride-pexels-robert-so-12627695-768x512.webp 768w, https:\/\/d2p6e6u75xmxt8.cloudfront.net\/5\/2023\/02\/Friends-Ride-pexels-robert-so-12627695-400x267.webp 400w, https:\/\/d2p6e6u75xmxt8.cloudfront.net\/5\/2023\/02\/Friends-Ride-pexels-robert-so-12627695-272x182.webp 272w\" sizes=\"auto, (max-width: 1280px) 100vw, 1280px\" \/><\/a><\/p>\n<p><em>Wsp\u00f3lne rowerowe wypady z przyjacielem lub grup\u0105 przyjaci\u00f3\u0142 s\u0105 bardzo satysfakcjonuj\u0105cym sposobem sp\u0119dzania wolnego czasu.<\/em><\/p>\n<h2><strong>Gotowi na nowe wyzwanie<\/strong><\/h2>\n<p>Zainwestowali\u015bcie we w\u0142asny rower, na kt\u00f3rym je\u017adzicie w towarzystwie znajomych, ale macie ochot\u0119 na nowe wyzwanie. W telewizji wy\u015bcigi drogowe wygl\u0105daj\u0105 intryguj\u0105co \u2013 postanawiacie spr\u00f3bowa\u0107. Ale jak to zrobi\u0107? Na szcz\u0119\u015bcie kumpel kolarz, kt\u00f3ry ju\u017c rywalizuje w lokalnych imprezach, podaje Wam pomocn\u0105 d\u0142o\u0144 i rejestruje Was na pierwsze zawody.<\/p>\n<p>Na tym etapie wci\u0105\u017c jest wiele do odkrycia, a krzywa uczenia si\u0119 ma stromy przebieg. Zdajecie sobie spraw\u0119, \u017ce utrzymanie si\u0119 w peletonie wymaga o wiele wi\u0119cej umiej\u0119tno\u015bci ni\u017c tylko uporczywego peda\u0142owania. Wygl\u0105da na to, \u017ce zawodowcom przychodzi to z \u0142atwo\u015bci\u0105. Po\u0142kn\u0119li\u015bcie jednak bakcyla i chcecie zobaczy\u0107, jak daleko Was to zaprowadzi. Zapisujecie si\u0119 na kolejn\u0105 imprez\u0119.<\/p>\n<h2><strong>Duch rywalizacji<\/strong><\/h2>\n<p>Nadszed\u0142 czas, \u017ceby podnie\u015b\u0107 poprzeczk\u0119. Jeste\u015bcie gotowi udowodni\u0107 sobie i innym, czego potraficie dokona\u0107 na rowerze. A to oznacza konieczno\u015b\u0107 znalezienia odpowiedniego programu treningowego lub trenera, kt\u00f3ry pomo\u017ce osi\u0105gn\u0105\u0107 Wasze cele. Ale jakimi kolarzami jeste\u015bcie? Wci\u0105\u017c nie macie pewno\u015bci, ale wiecie, \u017ce uwielbiacie si\u0119 wspina\u0107.<\/p>\n<p>Ten duch rywalizacji mo\u017ce by\u0107 instynktowny i nap\u0119dza\u0107 kolarza przez lata. W wi\u0119kszo\u015bci z nas ta iskra nigdy do ko\u0144ca nie ga\u015bnie. Jest czym\u015b, co zmusza do kr\u0119cenia peda\u0142ami \u2013 nawet pomimo b\u00f3lu. Sp\u0119dzacie wiele godzin na rowerze, by przygotowa\u0107 si\u0119 na kolejne wydarzenie lub lokalny wy\u015bcig \u2013 tylko i wy\u0142\u0105cznie dla w\u0142asnej satysfakcji.<\/p>\n<h2><strong>Zatrudnienie<\/strong><\/h2>\n<p>My\u015bleli\u015bcie kiedy\u015b o pracy w bran\u017cy rowerowej? To naturalna kolej rzeczy dla wielu kolarzy, kt\u00f3rzy wci\u0105\u017c nie maj\u0105 do\u015b\u0107 swoich wiernych dw\u00f3ch k\u00f3\u0142ek. Pukacie do drzwi wielkich \u015bwiatowych marek lub trzymacie si\u0119 lokalnego szczebla. Udzia\u0142 w wy\u015bcigach lub regionalnych imprezach jest \u015bwietnym sposobem na poznanie ludzi, kt\u00f3rzy ju\u017c pracuj\u0105 dla ulubionej marki. Osobiste polecenie mo\u017ce otworzy\u0107 Wam drzwi.<\/p>\n<p>Firmy rowerowe (szczeg\u00f3lnie du\u017ce) potrzebuj\u0105 grafik\u00f3w, w\u0142asnych handlowc\u00f3w, pracownik\u00f3w marketingu i promocji, in\u017cynier\u00f3w, zespo\u0142u ds. komunikacji \u2013 i wielu innych os\u00f3b. S\u0105 i mniej cenione zawody, ale od czego\u015b trzeba zacz\u0105\u0107. Chcecie po\u0142\u0105czy\u0107 swoj\u0105 mi\u0142o\u015b\u0107 do rower\u00f3w z prac\u0105, a codzienna przeja\u017cd\u017cka w porze lunchu pozwala utrzyma\u0107 kondycj\u0119. Je\u015bli nie czujecie si\u0119 dobrze w pracy biurowej od 9.00 do 17.00, warto rozwa\u017cy\u0107 sprzeda\u017c zewn\u0119trzn\u0105 albo <a href=\"https:\/\/www.welovecycling.com\/wide\/2022\/11\/29\/things-i-didnt-expect-when-training-to-become-a-cycling-guide\/\">zaw\u00f3d przewodnika rowerowego<\/a>.<\/p>\n<h2><strong>Zdrowie i redukcja stresu<\/strong><\/h2>\n<p>Nigdy nie jest za p\u00f3\u017ano, by wsi\u0105\u015b\u0107 na rower. Jazda na dw\u00f3ch k\u00f3\u0142kach to doskona\u0142y spos\u00f3b na popraw\u0119 zdrowia i redukcj\u0119 stresu. Przyda si\u0119 Wam troch\u0119 czasu z dala od codziennego kieratu. Idealnie nadadz\u0105 si\u0119 do tego przeja\u017cd\u017cki po spokojnych wiejskich drogach i szlakach, w\u015br\u00f3d bujnej zieleni i ze wspania\u0142ym widokiem. W odleg\u0142o\u015bci nieca\u0142ej godziny od domu znajdziecie ich wi\u0119cej ni\u017c Wam si\u0119 zdaje.<\/p>\n<p>\u0106wiczenia stymuluj\u0105 kom\u00f3rki odporno\u015bciowe, pomagaj\u0105c zwalczy\u0107 choroby i uwalniaj\u0105 dopamin\u0119 w m\u00f3zgu \u2013 w efekcie wprawiaj\u0105 nas w dobry nastr\u00f3j i relaksuj\u0105. Wystarczy oko\u0142o 30 kilometr\u00f3w tygodniowo, \u017ceby odczu\u0107 korzy\u015bci i zmniejszy\u0107 ryzyko chor\u00f3b serca i innych chor\u00f3b przewlek\u0142ych. Wasz\u0105 nagrod\u0105 b\u0119dzie poprawa formy, bardziej pozytywne spojrzenie na \u015bwiat i d\u0142u\u017csze \u017cycie. Lekarz pogratuluje Wam przy nast\u0119pnej wizycie!<\/p>\n<p><a href=\"https:\/\/www.welovecycling.com\/wide\/2022\/11\/15\/e-bike-your-way-to-fitness\/\">Dzi\u0119ki rowerom elektrycznym<\/a> mo\u017cecie zacz\u0105\u0107 powoli, czerpi\u0105c korzy\u015bci z aktywno\u015bci fizycznej i dbaj\u0105c o swoje zdrowie. W miar\u0119 zdobywania kondycji zawsze mo\u017cna przesi\u0105\u015b\u0107 si\u0119 z roweru elektrycznego na model nap\u0119dzany wy\u0142\u0105cznie si\u0142\u0105 mi\u0119\u015bni. Rowery elektryczne otworzy\u0142y kolarstwo na nowe spo\u0142eczno\u015bci i umo\u017cliwi\u0142y powr\u00f3t do jazdy by\u0142ym zawodowcom cierpi\u0105cym z powodu trwa\u0142ych uraz\u00f3w lub chor\u00f3b. Dotrzymanie kroku aktywnie je\u017cd\u017c\u0105cym kolegom i kole\u017cankom jest dla nich najlepszym lekarstwem.<\/p>\n<h2><strong>Czysto dla rozrywki<\/strong><\/h2>\n<p>Jazda na rowerze przynosi rado\u015b\u0107 w ka\u017cdym wieku. Jest mn\u00f3stwo aktywno\u015bci i imprez rowerowych, kt\u00f3rych jedynym celem jest dobra zabawa na rowerze z podobnie my\u015bl\u0105cymi lud\u017ami \u2013 na przyk\u0142ad lokalne rajdy szutrowe, imprezy charytatywne i imprezy <a href=\"https:\/\/en.wikipedia.org\/wiki\/Gran_Fondo\">Gran Fondo<\/a>. Czy jest lepszy spos\u00f3b, \u017ceby rzuci\u0107 sobie wyzwanie i odkrywa\u0107 okolic\u0119 albo nieznane tereny ni\u017c jazda na rowerze?<\/p>\n<p>Byli zawodnicy mo\u017ce nie s\u0105 ju\u017c tak m\u0142odzi i silni jak kiedy\u015b, ale ich pragnienia wci\u0105\u017c \u017cyj\u0105. Dzi\u015b je\u017cd\u017c\u0105 dla przyjemno\u015bci i przy sprzyjaj\u0105cej pogodzie. Ale wspomnienia i duma nie pozwalaj\u0105 zapomnie\u0107 o przesz\u0142o\u015bci i zach\u0119caj\u0105, by doszlusowa\u0107 do rowerzysty, kt\u00f3ry ich wyprzedzi\u0142 na wzg\u00f3rzu lub przemkn\u0105\u0142 po p\u0142askim \u2013 to w pe\u0142ni naturalna, zdrowa reakcja ka\u017cdego kolarza.<\/p>\n<p>A co sk\u0142ania Was do je\u017cd\u017cenia na rowerze w obecnym okresie \u017cycia?<br \/>\nCo si\u0119 zmieni\u0142o i dlaczego? Koniecznie nam opowiedzcie!<\/p>\n<p><span data-sheets-value=\"{&quot;1&quot;:2,&quot;2&quot;:&quot;Artyku\u0142 powsta\u0142 we wsp\u00f3\u0142pracy ze skoda-auto.pl&quot;}\" data-sheets-userformat=\"{&quot;2&quot;:1,&quot;3&quot;:{&quot;1&quot;:0}}\" data-sheets-hyperlink=\"http:\/\/www.skoda-auto.pl\/\"><a class=\"in-cell-link\" href=\"http:\/\/www.skoda-auto.pl\/\" target=\"_blank\" rel=\"noopener noreferrer\">Artyku\u0142 powsta\u0142 we wsp\u00f3\u0142pracy ze skoda-auto.pl<\/a><\/span><\/p>\n<p><a href=\"https:\/\/www.skoda-auto.pl\/modele\/nowa-octavia\"><img loading=\"lazy\" decoding=\"async\" class=\"alignnone size-full wp-image-11630 aligncenter\" src=\"https:\/\/d2p6e6u75xmxt8.cloudfront.net\/5\/2021\/12\/640x350-1.jpg\" alt=\"\" width=\"640\" height=\"350\" srcset=\"https:\/\/d2p6e6u75xmxt8.cloudfront.net\/5\/2021\/12\/640x350-1.jpg 640w, https:\/\/d2p6e6u75xmxt8.cloudfront.net\/5\/2021\/12\/640x350-1-300x164.jpg 300w\" sizes=\"auto, (max-width: 640px) 100vw, 640px\" \/><\/a><\/p>\n","protected":false},"excerpt":{"rendered":"<p>Jako kolarze sp\u0119dzamy na rowerze bardzo du\u017co czasu. Czy to dzie\u0144 roboczy, czy weekend albo \u015bwi\u0119to \u2013 w\u0142a\u015bciwie nie ma [&hellip;]<\/p>\n","protected":false},"author":153,"featured_media":13589,"comment_status":"open","ping_status":"open","sticky":false,"template":"","format":"standard","meta":{"footnotes":""},"categories":[371],"tags":[372,373],"global-categories":[303],"class_list":["post-13588","post","type-post","status-publish","format-standard","has-post-thumbnail","hentry","category-kultura-i-zycie-spoleczne","tag-jazda-rowerem","tag-zycie-spoleczne","global-categories-cycling"],"yoast_head":"<!-- This site is optimized with the Yoast SEO Premium plugin v25.3 (Yoast SEO v25.9) - https:\/\/yoast.com\/wordpress\/plugins\/seo\/ -->\n<title>Jak zmieniaj\u0105 si\u0119 powody, dla kt\u00f3rych je\u017adzimy na rowerze - \u0160koda We Love Cycling - Poland<\/title>\n<meta name=\"robots\" content=\"index, follow, max-snippet:-1, max-image-preview:large, max-video-preview:-1\" \/>\n<link rel=\"canonical\" href=\"https:\/\/www.welovecycling.com\/pl\/2023\/02\/24\/jak-zmieniaja-sie-powody-dla-ktorych-jezdzimy-na-rowerze\/\" \/>\n<meta property=\"og:locale\" content=\"pl_PL\" \/>\n<meta property=\"og:type\" content=\"article\" \/>\n<meta property=\"og:title\" content=\"Jak zmieniaj\u0105 si\u0119 powody, dla kt\u00f3rych je\u017adzimy na rowerze\" \/>\n<meta property=\"og:description\" content=\"Jako kolarze sp\u0119dzamy na rowerze bardzo du\u017co czasu. Czy to dzie\u0144 roboczy, czy weekend albo \u015bwi\u0119to \u2013 w\u0142a\u015bciwie nie ma [&hellip;]\" \/>\n<meta property=\"og:url\" content=\"https:\/\/www.welovecycling.com\/pl\/2023\/02\/24\/jak-zmieniaja-sie-powody-dla-ktorych-jezdzimy-na-rowerze\/\" \/>\n<meta property=\"og:site_name\" content=\"\u0160koda We Love Cycling - Poland\" \/>\n<meta property=\"article:published_time\" content=\"2023-02-24T12:44:43+00:00\" \/>\n<meta property=\"og:image\" content=\"https:\/\/d2p6e6u75xmxt8.cloudfront.net\/5\/2023\/02\/Bicycle-Lane-profimedia-0747751284-CVR.webp\" \/>\n\t<meta property=\"og:image:width\" content=\"990\" \/>\n\t<meta property=\"og:image:height\" content=\"660\" \/>\n\t<meta property=\"og:image:type\" content=\"image\/webp\" \/>\n<meta name=\"author\" content=\"rafal\" \/>\n<meta name=\"twitter:card\" content=\"summary_large_image\" \/>\n<meta name=\"twitter:label1\" content=\"Written by\" \/>\n\t<meta name=\"twitter:data1\" content=\"Andrea Champredonde\" \/>\n\t<meta name=\"twitter:label2\" content=\"Est. reading time\" \/>\n\t<meta name=\"twitter:data2\" content=\"5\" \/>\n<script type=\"application\/ld+json\" class=\"yoast-schema-graph\">{\"@context\":\"https:\/\/schema.org\",\"@graph\":[{\"@type\":\"WebPage\",\"@id\":\"https:\/\/www.welovecycling.com\/pl\/2023\/02\/24\/jak-zmieniaja-sie-powody-dla-ktorych-jezdzimy-na-rowerze\/\",\"url\":\"https:\/\/www.welovecycling.com\/pl\/2023\/02\/24\/jak-zmieniaja-sie-powody-dla-ktorych-jezdzimy-na-rowerze\/\",\"name\":\"Jak zmieniaj\u0105 si\u0119 powody, dla kt\u00f3rych je\u017adzimy na rowerze - \u0160koda We Love Cycling - Poland\",\"isPartOf\":{\"@id\":\"https:\/\/www.welovecycling.com\/pl\/#website\"},\"primaryImageOfPage\":{\"@id\":\"https:\/\/www.welovecycling.com\/pl\/2023\/02\/24\/jak-zmieniaja-sie-powody-dla-ktorych-jezdzimy-na-rowerze\/#primaryimage\"},\"image\":{\"@id\":\"https:\/\/www.welovecycling.com\/pl\/2023\/02\/24\/jak-zmieniaja-sie-powody-dla-ktorych-jezdzimy-na-rowerze\/#primaryimage\"},\"thumbnailUrl\":\"https:\/\/d2p6e6u75xmxt8.cloudfront.net\/5\/2023\/02\/Bicycle-Lane-profimedia-0747751284-CVR.webp\",\"datePublished\":\"2023-02-24T12:44:43+00:00\",\"author\":{\"@id\":\"https:\/\/www.welovecycling.com\/pl\/#\/schema\/person\/bf06ed916a1ef16618807fb60d2ebe42\"},\"breadcrumb\":{\"@id\":\"https:\/\/www.welovecycling.com\/pl\/2023\/02\/24\/jak-zmieniaja-sie-powody-dla-ktorych-jezdzimy-na-rowerze\/#breadcrumb\"},\"inLanguage\":\"pl-PL\",\"potentialAction\":[{\"@type\":\"ReadAction\",\"target\":[\"https:\/\/www.welovecycling.com\/pl\/2023\/02\/24\/jak-zmieniaja-sie-powody-dla-ktorych-jezdzimy-na-rowerze\/\"]}]},{\"@type\":\"ImageObject\",\"inLanguage\":\"pl-PL\",\"@id\":\"https:\/\/www.welovecycling.com\/pl\/2023\/02\/24\/jak-zmieniaja-sie-powody-dla-ktorych-jezdzimy-na-rowerze\/#primaryimage\",\"url\":\"https:\/\/d2p6e6u75xmxt8.cloudfront.net\/5\/2023\/02\/Bicycle-Lane-profimedia-0747751284-CVR.webp\",\"contentUrl\":\"https:\/\/d2p6e6u75xmxt8.cloudfront.net\/5\/2023\/02\/Bicycle-Lane-profimedia-0747751284-CVR.webp\",\"width\":990,\"height\":660},{\"@type\":\"BreadcrumbList\",\"@id\":\"https:\/\/www.welovecycling.com\/pl\/2023\/02\/24\/jak-zmieniaja-sie-powody-dla-ktorych-jezdzimy-na-rowerze\/#breadcrumb\",\"itemListElement\":[{\"@type\":\"ListItem\",\"position\":1,\"name\":\"Home\",\"item\":\"https:\/\/www.welovecycling.com\/pl\/\"},{\"@type\":\"ListItem\",\"position\":2,\"name\":\"Jak zmieniaj\u0105 si\u0119 powody, dla kt\u00f3rych je\u017adzimy na rowerze\"}]},{\"@type\":\"WebSite\",\"@id\":\"https:\/\/www.welovecycling.com\/pl\/#website\",\"url\":\"https:\/\/www.welovecycling.com\/pl\/\",\"name\":\"\u0160koda We Love Cycling - Poland\",\"description\":\"\",\"potentialAction\":[{\"@type\":\"SearchAction\",\"target\":{\"@type\":\"EntryPoint\",\"urlTemplate\":\"https:\/\/www.welovecycling.com\/pl\/?s={search_term_string}\"},\"query-input\":{\"@type\":\"PropertyValueSpecification\",\"valueRequired\":true,\"valueName\":\"search_term_string\"}}],\"inLanguage\":\"pl-PL\"},{\"@type\":\"Person\",\"@id\":\"https:\/\/www.welovecycling.com\/pl\/#\/schema\/person\/bf06ed916a1ef16618807fb60d2ebe42\",\"name\":\"rafal\",\"image\":{\"@type\":\"ImageObject\",\"inLanguage\":\"pl-PL\",\"@id\":\"https:\/\/www.welovecycling.com\/pl\/#\/schema\/person\/image\/\",\"url\":\"https:\/\/secure.gravatar.com\/avatar\/203f240e63bee214f6f3a0dacbeb600c7829c09716c2b9ee3230c6961debcde2?s=96&d=mm&r=g\",\"contentUrl\":\"https:\/\/secure.gravatar.com\/avatar\/203f240e63bee214f6f3a0dacbeb600c7829c09716c2b9ee3230c6961debcde2?s=96&d=mm&r=g\",\"caption\":\"rafal\"},\"url\":\"https:\/\/www.welovecycling.com\/pl\/author\/rafal\/\"}]}<\/script>\n<!-- \/ Yoast SEO Premium plugin. -->","yoast_head_json":{"title":"Jak zmieniaj\u0105 si\u0119 powody, dla kt\u00f3rych je\u017adzimy na rowerze - \u0160koda We Love Cycling - Poland","robots":{"index":"index","follow":"follow","max-snippet":"max-snippet:-1","max-image-preview":"max-image-preview:large","max-video-preview":"max-video-preview:-1"},"canonical":"https:\/\/www.welovecycling.com\/pl\/2023\/02\/24\/jak-zmieniaja-sie-powody-dla-ktorych-jezdzimy-na-rowerze\/","og_locale":"pl_PL","og_type":"article","og_title":"Jak zmieniaj\u0105 si\u0119 powody, dla kt\u00f3rych je\u017adzimy na rowerze","og_description":"Jako kolarze sp\u0119dzamy na rowerze bardzo du\u017co czasu. Czy to dzie\u0144 roboczy, czy weekend albo \u015bwi\u0119to \u2013 w\u0142a\u015bciwie nie ma [&hellip;]","og_url":"https:\/\/www.welovecycling.com\/pl\/2023\/02\/24\/jak-zmieniaja-sie-powody-dla-ktorych-jezdzimy-na-rowerze\/","og_site_name":"\u0160koda We Love Cycling - Poland","article_published_time":"2023-02-24T12:44:43+00:00","og_image":[{"width":990,"height":660,"url":"https:\/\/d2p6e6u75xmxt8.cloudfront.net\/5\/2023\/02\/Bicycle-Lane-profimedia-0747751284-CVR.webp","type":"image\/webp"}],"author":"rafal","twitter_card":"summary_large_image","twitter_misc":{"Written by":"Andrea Champredonde","Est. reading time":"5"},"schema":{"@context":"https:\/\/schema.org","@graph":[{"@type":"WebPage","@id":"https:\/\/www.welovecycling.com\/pl\/2023\/02\/24\/jak-zmieniaja-sie-powody-dla-ktorych-jezdzimy-na-rowerze\/","url":"https:\/\/www.welovecycling.com\/pl\/2023\/02\/24\/jak-zmieniaja-sie-powody-dla-ktorych-jezdzimy-na-rowerze\/","name":"Jak zmieniaj\u0105 si\u0119 powody, dla kt\u00f3rych je\u017adzimy na rowerze - \u0160koda We Love Cycling - Poland","isPartOf":{"@id":"https:\/\/www.welovecycling.com\/pl\/#website"},"primaryImageOfPage":{"@id":"https:\/\/www.welovecycling.com\/pl\/2023\/02\/24\/jak-zmieniaja-sie-powody-dla-ktorych-jezdzimy-na-rowerze\/#primaryimage"},"image":{"@id":"https:\/\/www.welovecycling.com\/pl\/2023\/02\/24\/jak-zmieniaja-sie-powody-dla-ktorych-jezdzimy-na-rowerze\/#primaryimage"},"thumbnailUrl":"https:\/\/d2p6e6u75xmxt8.cloudfront.net\/5\/2023\/02\/Bicycle-Lane-profimedia-0747751284-CVR.webp","datePublished":"2023-02-24T12:44:43+00:00","author":{"@id":"https:\/\/www.welovecycling.com\/pl\/#\/schema\/person\/bf06ed916a1ef16618807fb60d2ebe42"},"breadcrumb":{"@id":"https:\/\/www.welovecycling.com\/pl\/2023\/02\/24\/jak-zmieniaja-sie-powody-dla-ktorych-jezdzimy-na-rowerze\/#breadcrumb"},"inLanguage":"pl-PL","potentialAction":[{"@type":"ReadAction","target":["https:\/\/www.welovecycling.com\/pl\/2023\/02\/24\/jak-zmieniaja-sie-powody-dla-ktorych-jezdzimy-na-rowerze\/"]}]},{"@type":"ImageObject","inLanguage":"pl-PL","@id":"https:\/\/www.welovecycling.com\/pl\/2023\/02\/24\/jak-zmieniaja-sie-powody-dla-ktorych-jezdzimy-na-rowerze\/#primaryimage","url":"https:\/\/d2p6e6u75xmxt8.cloudfront.net\/5\/2023\/02\/Bicycle-Lane-profimedia-0747751284-CVR.webp","contentUrl":"https:\/\/d2p6e6u75xmxt8.cloudfront.net\/5\/2023\/02\/Bicycle-Lane-profimedia-0747751284-CVR.webp","width":990,"height":660},{"@type":"BreadcrumbList","@id":"https:\/\/www.welovecycling.com\/pl\/2023\/02\/24\/jak-zmieniaja-sie-powody-dla-ktorych-jezdzimy-na-rowerze\/#breadcrumb","itemListElement":[{"@type":"ListItem","position":1,"name":"Home","item":"https:\/\/www.welovecycling.com\/pl\/"},{"@type":"ListItem","position":2,"name":"Jak zmieniaj\u0105 si\u0119 powody, dla kt\u00f3rych je\u017adzimy na rowerze"}]},{"@type":"WebSite","@id":"https:\/\/www.welovecycling.com\/pl\/#website","url":"https:\/\/www.welovecycling.com\/pl\/","name":"\u0160koda We Love Cycling - Poland","description":"","potentialAction":[{"@type":"SearchAction","target":{"@type":"EntryPoint","urlTemplate":"https:\/\/www.welovecycling.com\/pl\/?s={search_term_string}"},"query-input":{"@type":"PropertyValueSpecification","valueRequired":true,"valueName":"search_term_string"}}],"inLanguage":"pl-PL"},{"@type":"Person","@id":"https:\/\/www.welovecycling.com\/pl\/#\/schema\/person\/bf06ed916a1ef16618807fb60d2ebe42","name":"rafal","image":{"@type":"ImageObject","inLanguage":"pl-PL","@id":"https:\/\/www.welovecycling.com\/pl\/#\/schema\/person\/image\/","url":"https:\/\/secure.gravatar.com\/avatar\/203f240e63bee214f6f3a0dacbeb600c7829c09716c2b9ee3230c6961debcde2?s=96&d=mm&r=g","contentUrl":"https:\/\/secure.gravatar.com\/avatar\/203f240e63bee214f6f3a0dacbeb600c7829c09716c2b9ee3230c6961debcde2?s=96&d=mm&r=g","caption":"rafal"},"url":"https:\/\/www.welovecycling.com\/pl\/author\/rafal\/"}]}},"_links":{"self":[{"href":"https:\/\/www.welovecycling.com\/pl\/wp-json\/wp\/v2\/posts\/13588","targetHints":{"allow":["GET"]}}],"collection":[{"href":"https:\/\/www.welovecycling.com\/pl\/wp-json\/wp\/v2\/posts"}],"about":[{"href":"https:\/\/www.welovecycling.com\/pl\/wp-json\/wp\/v2\/types\/post"}],"author":[{"embeddable":true,"href":"https:\/\/www.welovecycling.com\/pl\/wp-json\/wp\/v2\/users\/153"}],"replies":[{"embeddable":true,"href":"https:\/\/www.welovecycling.com\/pl\/wp-json\/wp\/v2\/comments?post=13588"}],"version-history":[{"count":2,"href":"https:\/\/www.welovecycling.com\/pl\/wp-json\/wp\/v2\/posts\/13588\/revisions"}],"predecessor-version":[{"id":13598,"href":"https:\/\/www.welovecycling.com\/pl\/wp-json\/wp\/v2\/posts\/13588\/revisions\/13598"}],"wp:featuredmedia":[{"embeddable":true,"href":"https:\/\/www.welovecycling.com\/pl\/wp-json\/wp\/v2\/media\/13589"}],"wp:attachment":[{"href":"https:\/\/www.welovecycling.com\/pl\/wp-json\/wp\/v2\/media?parent=13588"}],"wp:term":[{"taxonomy":"category","embeddable":true,"href":"https:\/\/www.welovecycling.com\/pl\/wp-json\/wp\/v2\/categories?post=13588"},{"taxonomy":"post_tag","embeddable":true,"href":"https:\/\/www.welovecycling.com\/pl\/wp-json\/wp\/v2\/tags?post=13588"},{"taxonomy":"global-categories","embeddable":true,"href":"https:\/\/www.welovecycling.com\/pl\/wp-json\/wp\/v2\/global-categories?post=13588"}],"curies":[{"name":"wp","href":"https:\/\/api.w.org\/{rel}","templated":true}]}}