{"id":13570,"date":"2023-02-20T09:04:05","date_gmt":"2023-02-20T09:04:05","guid":{"rendered":"https:\/\/www.welovecycling.com\/pl\/?p=13570"},"modified":"2023-02-20T09:08:45","modified_gmt":"2023-02-20T09:08:45","slug":"juz-coraz-blizej-startuje-jedyny-taki-wyscig-na-swiecie","status":"publish","type":"post","link":"https:\/\/www.welovecycling.com\/pl\/2023\/02\/20\/juz-coraz-blizej-startuje-jedyny-taki-wyscig-na-swiecie\/","title":{"rendered":"Ju\u017c coraz bli\u017cej\u2026 Startuje jedyny taki wy\u015bcig na \u015bwiecie!"},"content":{"rendered":"<p><strong>Kraje Bliskiego Wschodu coraz mocniej zabiegaj\u0105 o organizowanie wielkich sportowych imprez,<br \/>\na jedn\u0105 z nich jest UAE Tour. Tygodniowy wy\u015bcig rozpocznie si\u0119 w poniedzia\u0142ek, a jeszcze przed startem dosz\u0142o do sporej niespodzianki.<\/strong><\/p>\n<p>Kraje Bliskiego Wschodu sportowo chc\u0105 si\u0119 zbli\u017cy\u0107 do Europy. Inwestuj\u0105 w europejskie kluby i grupy zawodowe, niedawno Katar zorganizowa\u0142 mistrzostwa \u015bwiata w pi\u0142ce no\u017cnej, a teraz swoj\u0105 kandydatur\u0119 goszczenia mundialu planuje zg\u0142osi\u0107 Arabia Saudyjska.<\/p>\n<p><strong>Jedyny taki wy\u015bcig na kontynencie<\/strong><\/p>\n<p>Od 2019 r. sta\u0142\u0105 pozycj\u0105 w kolarskim kalendarzu UCI World Tour jest UAE Tour. Rozgrywany na pocz\u0105tku roku w Zjednoczonych Emiratach Arabskich, w ka\u017cdym sezonie jest drugim wy\u015bcigiem wieloetapowym najwy\u017cszej kategorii oraz jedyn\u0105 tak\u0105 imprez\u0105 na Bliskim Wschodzie.<\/p>\n<div class=\"embed-controller-wrapper\">\n<blockquote class=\"twitter-tweet\" data-width=\"500\" data-dnt=\"true\">\n<p lang=\"en\" dir=\"ltr\">WATCH: Re-cap of the route and jersey presentation for the 2023 editions of the UAE Tour and UAE Tour Women \ud83d\ude4c <a href=\"https:\/\/t.co\/03nkjly20H\">pic.twitter.com\/03nkjly20H<\/a><\/p>\n<p>&mdash; UAE Tour Official (@uae_tour) <a href=\"https:\/\/twitter.com\/uae_tour\/status\/1618590112920776704?ref_src=twsrc%5Etfw\">January 26, 2023<\/a><\/p><\/blockquote>\n<p><script async data-src=\"https:\/\/platform.twitter.com\/widgets.js\" charset=\"utf-8\"><\/script><\/div>\n<p>Tak samo b\u0119dzie w tym roku, cho\u0107 ju\u017c wiadomo, \u017ce wy\u015bcig na pewno b\u0119dzie mia\u0142 inne rozstrzygni\u0119cie ni\u017c dwie poprzednie edycje. Pow\u00f3d? Tym razem nie pojedzie lider zespo\u0142u UAE Team Emirates \u2013 Tadej Pogacar, kt\u00f3ry wygra\u0142 ostatnie dwie imprezy w Zjednoczonych Emiratach Arabskich. S\u0142oweniec mia\u0142 ochot\u0119 tak\u017ce na trzeci triumf, ale musia\u0142 zmieni\u0107 plany i zdecydowa\u0142 si\u0119 zacz\u0105\u0107 sezon w Hiszpanii.<\/p>\n<p>\u2013 W styczniu przeszed\u0142em ma\u0142o przyjemn\u0105 infekcj\u0119, ale na szcz\u0119\u015bcie nie ma ju\u017c po niej \u015bladu. Lubi\u0119 te\u017c poznawa\u0107 nowe wy\u015bcigi, wi\u0119c zobaczymy, co oferuj\u0105 Jaen oraz Andaluzja \u2013 t\u0142umaczy\u0142 S\u0142oweniec kilkana\u015bcie dni temu.<\/p>\n<p>Bardzo prawdopodobne, \u017ce Pogacar nie \u017ca\u0142uje swojej decyzji, poniewa\u017c wygra\u0142 Clasica Jaen Paraiso Interior, \u015bwietnie zacz\u0105\u0142 tak\u017ce Vuelta a Andalucia, a w odnoszeniu dobrych wynik\u00f3w pomaga mu Rafa\u0142 Majka.<\/p>\n<p><strong>Kto tym razem wygra na Bliskim Wschodzie?<\/strong><\/p>\n<p>Brak Pogacara nie oznacza jednak, \u017ce zesp\u00f3\u0142 UAE Team Emirates odpuszcza wy\u015bcigi na Bliskim Wschodzie. Dru\u017cyna jest tak mocna, \u017ce zamiast Pogacara wystawia zawodnika, kt\u00f3ry\u2026 r\u00f3wnie\u017c b\u0119dzie faworytem do zwyci\u0119stwa. Liderem zespo\u0142u b\u0119dzie bowiem Adam Yates, kt\u00f3ry wygra\u0142 UAE Tour w 2020 r., ale jeszcze jako zawodnik Mitchelton\u2013Scott.<\/p>\n<lite-youtube videoid=Z1EmDjIMVUA params=\"enablejsapi=1\" style=\"background-image: url('https:\/\/i.ytimg.com\/vi_webp\/Z1EmDjIMVUA\/maxresdefault.webp');\"><\/lite-youtube>\n<p>W UAE Tour wyst\u0105pi 20 zespo\u0142\u00f3w i ju\u017c wiadomo, \u017ce na li\u015bcie znajdzie si\u0119 kilka wielkich nazwisk.<\/p>\n<div class=\"embed-controller-wrapper\">\n<blockquote class=\"twitter-tweet\" data-width=\"500\" data-dnt=\"true\">\n<p lang=\"en\" dir=\"ltr\">Breaking News!<\/p>\n<p>The first round of Top Riders who will take part in the UAE Tour. <\/p>\n<p>Link in bio to find out more! <a href=\"https:\/\/t.co\/Ej6IQQyXiP\">pic.twitter.com\/Ej6IQQyXiP<\/a><\/p>\n<p>&mdash; UAE Tour Official (@uae_tour) <a href=\"https:\/\/twitter.com\/uae_tour\/status\/1622533312441974784?ref_src=twsrc%5Etfw\">February 6, 2023<\/a><\/p><\/blockquote>\n<p><script async data-src=\"https:\/\/platform.twitter.com\/widgets.js\" charset=\"utf-8\"><\/script><\/div>\n<div class=\"embed-controller-wrapper\">\n<blockquote class=\"twitter-tweet\" data-width=\"500\" data-dnt=\"true\">\n<p lang=\"en\" dir=\"ltr\">Breaking News<\/p>\n<p>The first round of Top Riders who will take part in the UAE Tour. <\/p>\n<p>Link in bio to find out more! <a href=\"https:\/\/t.co\/hYnuGBYYTL\">pic.twitter.com\/hYnuGBYYTL<\/a><\/p>\n<p>&mdash; UAE Tour Official (@uae_tour) <a href=\"https:\/\/twitter.com\/uae_tour\/status\/1626513650834890754?ref_src=twsrc%5Etfw\">February 17, 2023<\/a><\/p><\/blockquote>\n<p><script async data-src=\"https:\/\/platform.twitter.com\/widgets.js\" charset=\"utf-8\"><\/script><\/div>\n<p>Zawodnicy wystartuj\u0105 w poniedzia\u0142ek z Al Dharfa Castle do Al Marifa. Nast\u0119pnie odb\u0119dzie si\u0119 jazda na czas (17,2 km) oraz pierwszy z dw\u00f3ch g\u00f3rskich etap\u00f3w. Od czwartku do soboty zawodnicy zn\u00f3w b\u0119d\u0105 \u015bcigali si\u0119 g\u0142\u00f3wnie po p\u0142askim, a wszystko rozstrzygnie si\u0119 w niedzielnym etapie g\u00f3rskim z Hazza bin Zayed Stadium do Jebel Hafeet.<\/p>\n<p><strong>W wy\u015bcigu pojecha\u0142y r\u00f3wnie\u017c panie<\/strong><\/p>\n<p>W tym roku po raz pierwszy w historii wy\u015bcigu odby\u0142 si\u0119 UAE Tour kobiet. Panie \u015bciga\u0142y si\u0119 w dniach 9\u201312 lutego, a wy\u015bcig wygra\u0142a Elisa Longo (Trek-Segafredo).<\/p>\n<p>Tak wygl\u0105da ko\u0144c\u00f3wka ostatniego etapu:<\/p>\n<div class=\"embed-controller-wrapper\">\n<blockquote class=\"twitter-tweet\" data-width=\"500\" data-dnt=\"true\">\n<p lang=\"en\" dir=\"ltr\">A dominant sprint from <a href=\"https:\/\/twitter.com\/lorenawiebes?ref_src=twsrc%5Etfw\">@lorenawiebes<\/a> <a href=\"https:\/\/t.co\/QAocmBXLcS\">pic.twitter.com\/QAocmBXLcS<\/a><\/p>\n<p>&mdash; UAE Tour Official (@uae_tour) <a href=\"https:\/\/twitter.com\/uae_tour\/status\/1624103815728201738?ref_src=twsrc%5Etfw\">February 10, 2023<\/a><\/p><\/blockquote>\n<p><script async data-src=\"https:\/\/platform.twitter.com\/widgets.js\" charset=\"utf-8\"><\/script><\/div>\n<p>\u2013 Jestem bardzo szcz\u0119\u015bliwa i dumna z mojego zespo\u0142u. Pokaza\u0142y\u015bmy ducha walki \u2013 cieszy\u0142a si\u0119 na mecie Longo, paraduj\u0105c w czerwonej koszulce zwyci\u0119\u017cczyni wy\u015bcigu.<\/p>\n<p><span data-sheets-value=\"{&quot;1&quot;:2,&quot;2&quot;:&quot;Artyku\u0142 powsta\u0142 we wsp\u00f3\u0142pracy ze skoda-auto.pl&quot;}\" data-sheets-userformat=\"{&quot;2&quot;:1,&quot;3&quot;:{&quot;1&quot;:0}}\" data-sheets-hyperlink=\"http:\/\/www.skoda-auto.pl\/\"><a class=\"in-cell-link\" href=\"http:\/\/www.skoda-auto.pl\/\" target=\"_blank\" rel=\"noopener noreferrer\">Artyku\u0142 powsta\u0142 we wsp\u00f3\u0142pracy ze skoda-auto.pl<\/a><\/span><\/p>\n<p><a href=\"https:\/\/sklep.skoda.pl\/pl\/sklep\/b\/331\/rowery-i-akcesoria-rowery.html\"><img loading=\"lazy\" decoding=\"async\" class=\"aligncenter wp-image-9608 size-full loading\" src=\"https:\/\/d2p6e6u75xmxt8.cloudfront.net\/5\/2019\/08\/baner_WLC_640x350_3.png\" sizes=\"auto, (max-width: 640px) 100vw, 640px\" srcset=\"https:\/\/d2p6e6u75xmxt8.cloudfront.net\/5\/2019\/08\/baner_WLC_640x350_3.png 640w, https:\/\/d2p6e6u75xmxt8.cloudfront.net\/5\/2019\/08\/baner_WLC_640x350_3-300x164.png 300w\" alt=\"\" width=\"640\" height=\"350\" data-was-processed=\"true\" \/><\/a><\/p>\n","protected":false},"excerpt":{"rendered":"<p>Kraje Bliskiego Wschodu coraz mocniej zabiegaj\u0105 o organizowanie wielkich sportowych imprez, a jedn\u0105 z nich jest UAE Tour. Tygodniowy wy\u015bcig [&hellip;]<\/p>\n","protected":false},"author":153,"featured_media":13580,"comment_status":"open","ping_status":"open","sticky":false,"template":"","format":"standard","meta":{"footnotes":""},"categories":[6],"tags":[362],"global-categories":[303],"class_list":["post-13570","post","type-post","status-publish","format-standard","has-post-thumbnail","hentry","category-kolarstwo-szosowe","tag-piotr-nowik","global-categories-cycling"],"yoast_head":"<!-- This site is optimized with the Yoast SEO Premium plugin v25.3 (Yoast SEO v25.9) - https:\/\/yoast.com\/wordpress\/plugins\/seo\/ -->\n<title>Ju\u017c coraz bli\u017cej\u2026 Startuje jedyny taki wy\u015bcig na \u015bwiecie! - \u0160koda We Love Cycling - Poland<\/title>\n<meta name=\"robots\" content=\"index, follow, max-snippet:-1, max-image-preview:large, max-video-preview:-1\" \/>\n<link rel=\"canonical\" href=\"https:\/\/www.welovecycling.com\/pl\/2023\/02\/20\/juz-coraz-blizej-startuje-jedyny-taki-wyscig-na-swiecie\/\" \/>\n<meta property=\"og:locale\" content=\"pl_PL\" \/>\n<meta property=\"og:type\" content=\"article\" \/>\n<meta property=\"og:title\" content=\"Ju\u017c coraz bli\u017cej\u2026 Startuje jedyny taki wy\u015bcig na \u015bwiecie!\" \/>\n<meta property=\"og:description\" content=\"Kraje Bliskiego Wschodu coraz mocniej zabiegaj\u0105 o organizowanie wielkich sportowych imprez, a jedn\u0105 z nich jest UAE Tour. Tygodniowy wy\u015bcig [&hellip;]\" \/>\n<meta property=\"og:url\" content=\"https:\/\/www.welovecycling.com\/pl\/2023\/02\/20\/juz-coraz-blizej-startuje-jedyny-taki-wyscig-na-swiecie\/\" \/>\n<meta property=\"og:site_name\" content=\"\u0160koda We Love Cycling - Poland\" \/>\n<meta property=\"article:published_time\" content=\"2023-02-20T09:04:05+00:00\" \/>\n<meta property=\"article:modified_time\" content=\"2023-02-20T09:08:45+00:00\" \/>\n<meta property=\"og:image\" content=\"https:\/\/d2p6e6u75xmxt8.cloudfront.net\/5\/2023\/02\/1-1.webp\" \/>\n\t<meta property=\"og:image:width\" content=\"1366\" \/>\n\t<meta property=\"og:image:height\" content=\"600\" \/>\n\t<meta property=\"og:image:type\" content=\"image\/webp\" \/>\n<meta name=\"author\" content=\"rafal\" \/>\n<meta name=\"twitter:card\" content=\"summary_large_image\" \/>\n<meta name=\"twitter:label1\" content=\"Written by\" \/>\n\t<meta name=\"twitter:data1\" content=\"Piotr Nowik\" \/>\n\t<meta name=\"twitter:label2\" content=\"Est. reading time\" \/>\n\t<meta name=\"twitter:data2\" content=\"2\" \/>\n<script type=\"application\/ld+json\" class=\"yoast-schema-graph\">{\"@context\":\"https:\/\/schema.org\",\"@graph\":[{\"@type\":\"WebPage\",\"@id\":\"https:\/\/www.welovecycling.com\/pl\/2023\/02\/20\/juz-coraz-blizej-startuje-jedyny-taki-wyscig-na-swiecie\/\",\"url\":\"https:\/\/www.welovecycling.com\/pl\/2023\/02\/20\/juz-coraz-blizej-startuje-jedyny-taki-wyscig-na-swiecie\/\",\"name\":\"Ju\u017c coraz bli\u017cej\u2026 Startuje jedyny taki wy\u015bcig na \u015bwiecie! - \u0160koda We Love Cycling - Poland\",\"isPartOf\":{\"@id\":\"https:\/\/www.welovecycling.com\/pl\/#website\"},\"primaryImageOfPage\":{\"@id\":\"https:\/\/www.welovecycling.com\/pl\/2023\/02\/20\/juz-coraz-blizej-startuje-jedyny-taki-wyscig-na-swiecie\/#primaryimage\"},\"image\":{\"@id\":\"https:\/\/www.welovecycling.com\/pl\/2023\/02\/20\/juz-coraz-blizej-startuje-jedyny-taki-wyscig-na-swiecie\/#primaryimage\"},\"thumbnailUrl\":\"https:\/\/d2p6e6u75xmxt8.cloudfront.net\/5\/2023\/02\/1-1.webp\",\"datePublished\":\"2023-02-20T09:04:05+00:00\",\"dateModified\":\"2023-02-20T09:08:45+00:00\",\"author\":{\"@id\":\"https:\/\/www.welovecycling.com\/pl\/#\/schema\/person\/bf06ed916a1ef16618807fb60d2ebe42\"},\"breadcrumb\":{\"@id\":\"https:\/\/www.welovecycling.com\/pl\/2023\/02\/20\/juz-coraz-blizej-startuje-jedyny-taki-wyscig-na-swiecie\/#breadcrumb\"},\"inLanguage\":\"pl-PL\",\"potentialAction\":[{\"@type\":\"ReadAction\",\"target\":[\"https:\/\/www.welovecycling.com\/pl\/2023\/02\/20\/juz-coraz-blizej-startuje-jedyny-taki-wyscig-na-swiecie\/\"]}]},{\"@type\":\"ImageObject\",\"inLanguage\":\"pl-PL\",\"@id\":\"https:\/\/www.welovecycling.com\/pl\/2023\/02\/20\/juz-coraz-blizej-startuje-jedyny-taki-wyscig-na-swiecie\/#primaryimage\",\"url\":\"https:\/\/d2p6e6u75xmxt8.cloudfront.net\/5\/2023\/02\/1-1.webp\",\"contentUrl\":\"https:\/\/d2p6e6u75xmxt8.cloudfront.net\/5\/2023\/02\/1-1.webp\",\"width\":1366,\"height\":600},{\"@type\":\"BreadcrumbList\",\"@id\":\"https:\/\/www.welovecycling.com\/pl\/2023\/02\/20\/juz-coraz-blizej-startuje-jedyny-taki-wyscig-na-swiecie\/#breadcrumb\",\"itemListElement\":[{\"@type\":\"ListItem\",\"position\":1,\"name\":\"Home\",\"item\":\"https:\/\/www.welovecycling.com\/pl\/\"},{\"@type\":\"ListItem\",\"position\":2,\"name\":\"Ju\u017c coraz bli\u017cej\u2026 Startuje jedyny taki wy\u015bcig na \u015bwiecie!\"}]},{\"@type\":\"WebSite\",\"@id\":\"https:\/\/www.welovecycling.com\/pl\/#website\",\"url\":\"https:\/\/www.welovecycling.com\/pl\/\",\"name\":\"\u0160koda We Love Cycling - Poland\",\"description\":\"\",\"potentialAction\":[{\"@type\":\"SearchAction\",\"target\":{\"@type\":\"EntryPoint\",\"urlTemplate\":\"https:\/\/www.welovecycling.com\/pl\/?s={search_term_string}\"},\"query-input\":{\"@type\":\"PropertyValueSpecification\",\"valueRequired\":true,\"valueName\":\"search_term_string\"}}],\"inLanguage\":\"pl-PL\"},{\"@type\":\"Person\",\"@id\":\"https:\/\/www.welovecycling.com\/pl\/#\/schema\/person\/bf06ed916a1ef16618807fb60d2ebe42\",\"name\":\"rafal\",\"image\":{\"@type\":\"ImageObject\",\"inLanguage\":\"pl-PL\",\"@id\":\"https:\/\/www.welovecycling.com\/pl\/#\/schema\/person\/image\/\",\"url\":\"https:\/\/secure.gravatar.com\/avatar\/203f240e63bee214f6f3a0dacbeb600c7829c09716c2b9ee3230c6961debcde2?s=96&d=mm&r=g\",\"contentUrl\":\"https:\/\/secure.gravatar.com\/avatar\/203f240e63bee214f6f3a0dacbeb600c7829c09716c2b9ee3230c6961debcde2?s=96&d=mm&r=g\",\"caption\":\"rafal\"},\"url\":\"https:\/\/www.welovecycling.com\/pl\/author\/rafal\/\"}]}<\/script>\n<!-- \/ Yoast SEO Premium plugin. -->","yoast_head_json":{"title":"Ju\u017c coraz bli\u017cej\u2026 Startuje jedyny taki wy\u015bcig na \u015bwiecie! - \u0160koda We Love Cycling - Poland","robots":{"index":"index","follow":"follow","max-snippet":"max-snippet:-1","max-image-preview":"max-image-preview:large","max-video-preview":"max-video-preview:-1"},"canonical":"https:\/\/www.welovecycling.com\/pl\/2023\/02\/20\/juz-coraz-blizej-startuje-jedyny-taki-wyscig-na-swiecie\/","og_locale":"pl_PL","og_type":"article","og_title":"Ju\u017c coraz bli\u017cej\u2026 Startuje jedyny taki wy\u015bcig na \u015bwiecie!","og_description":"Kraje Bliskiego Wschodu coraz mocniej zabiegaj\u0105 o organizowanie wielkich sportowych imprez, a jedn\u0105 z nich jest UAE Tour. Tygodniowy wy\u015bcig [&hellip;]","og_url":"https:\/\/www.welovecycling.com\/pl\/2023\/02\/20\/juz-coraz-blizej-startuje-jedyny-taki-wyscig-na-swiecie\/","og_site_name":"\u0160koda We Love Cycling - Poland","article_published_time":"2023-02-20T09:04:05+00:00","article_modified_time":"2023-02-20T09:08:45+00:00","og_image":[{"width":1366,"height":600,"url":"https:\/\/d2p6e6u75xmxt8.cloudfront.net\/5\/2023\/02\/1-1.webp","type":"image\/webp"}],"author":"rafal","twitter_card":"summary_large_image","twitter_misc":{"Written by":"Piotr Nowik","Est. reading time":"2"},"schema":{"@context":"https:\/\/schema.org","@graph":[{"@type":"WebPage","@id":"https:\/\/www.welovecycling.com\/pl\/2023\/02\/20\/juz-coraz-blizej-startuje-jedyny-taki-wyscig-na-swiecie\/","url":"https:\/\/www.welovecycling.com\/pl\/2023\/02\/20\/juz-coraz-blizej-startuje-jedyny-taki-wyscig-na-swiecie\/","name":"Ju\u017c coraz bli\u017cej\u2026 Startuje jedyny taki wy\u015bcig na \u015bwiecie! - \u0160koda We Love Cycling - Poland","isPartOf":{"@id":"https:\/\/www.welovecycling.com\/pl\/#website"},"primaryImageOfPage":{"@id":"https:\/\/www.welovecycling.com\/pl\/2023\/02\/20\/juz-coraz-blizej-startuje-jedyny-taki-wyscig-na-swiecie\/#primaryimage"},"image":{"@id":"https:\/\/www.welovecycling.com\/pl\/2023\/02\/20\/juz-coraz-blizej-startuje-jedyny-taki-wyscig-na-swiecie\/#primaryimage"},"thumbnailUrl":"https:\/\/d2p6e6u75xmxt8.cloudfront.net\/5\/2023\/02\/1-1.webp","datePublished":"2023-02-20T09:04:05+00:00","dateModified":"2023-02-20T09:08:45+00:00","author":{"@id":"https:\/\/www.welovecycling.com\/pl\/#\/schema\/person\/bf06ed916a1ef16618807fb60d2ebe42"},"breadcrumb":{"@id":"https:\/\/www.welovecycling.com\/pl\/2023\/02\/20\/juz-coraz-blizej-startuje-jedyny-taki-wyscig-na-swiecie\/#breadcrumb"},"inLanguage":"pl-PL","potentialAction":[{"@type":"ReadAction","target":["https:\/\/www.welovecycling.com\/pl\/2023\/02\/20\/juz-coraz-blizej-startuje-jedyny-taki-wyscig-na-swiecie\/"]}]},{"@type":"ImageObject","inLanguage":"pl-PL","@id":"https:\/\/www.welovecycling.com\/pl\/2023\/02\/20\/juz-coraz-blizej-startuje-jedyny-taki-wyscig-na-swiecie\/#primaryimage","url":"https:\/\/d2p6e6u75xmxt8.cloudfront.net\/5\/2023\/02\/1-1.webp","contentUrl":"https:\/\/d2p6e6u75xmxt8.cloudfront.net\/5\/2023\/02\/1-1.webp","width":1366,"height":600},{"@type":"BreadcrumbList","@id":"https:\/\/www.welovecycling.com\/pl\/2023\/02\/20\/juz-coraz-blizej-startuje-jedyny-taki-wyscig-na-swiecie\/#breadcrumb","itemListElement":[{"@type":"ListItem","position":1,"name":"Home","item":"https:\/\/www.welovecycling.com\/pl\/"},{"@type":"ListItem","position":2,"name":"Ju\u017c coraz bli\u017cej\u2026 Startuje jedyny taki wy\u015bcig na \u015bwiecie!"}]},{"@type":"WebSite","@id":"https:\/\/www.welovecycling.com\/pl\/#website","url":"https:\/\/www.welovecycling.com\/pl\/","name":"\u0160koda We Love Cycling - Poland","description":"","potentialAction":[{"@type":"SearchAction","target":{"@type":"EntryPoint","urlTemplate":"https:\/\/www.welovecycling.com\/pl\/?s={search_term_string}"},"query-input":{"@type":"PropertyValueSpecification","valueRequired":true,"valueName":"search_term_string"}}],"inLanguage":"pl-PL"},{"@type":"Person","@id":"https:\/\/www.welovecycling.com\/pl\/#\/schema\/person\/bf06ed916a1ef16618807fb60d2ebe42","name":"rafal","image":{"@type":"ImageObject","inLanguage":"pl-PL","@id":"https:\/\/www.welovecycling.com\/pl\/#\/schema\/person\/image\/","url":"https:\/\/secure.gravatar.com\/avatar\/203f240e63bee214f6f3a0dacbeb600c7829c09716c2b9ee3230c6961debcde2?s=96&d=mm&r=g","contentUrl":"https:\/\/secure.gravatar.com\/avatar\/203f240e63bee214f6f3a0dacbeb600c7829c09716c2b9ee3230c6961debcde2?s=96&d=mm&r=g","caption":"rafal"},"url":"https:\/\/www.welovecycling.com\/pl\/author\/rafal\/"}]}},"_links":{"self":[{"href":"https:\/\/www.welovecycling.com\/pl\/wp-json\/wp\/v2\/posts\/13570","targetHints":{"allow":["GET"]}}],"collection":[{"href":"https:\/\/www.welovecycling.com\/pl\/wp-json\/wp\/v2\/posts"}],"about":[{"href":"https:\/\/www.welovecycling.com\/pl\/wp-json\/wp\/v2\/types\/post"}],"author":[{"embeddable":true,"href":"https:\/\/www.welovecycling.com\/pl\/wp-json\/wp\/v2\/users\/153"}],"replies":[{"embeddable":true,"href":"https:\/\/www.welovecycling.com\/pl\/wp-json\/wp\/v2\/comments?post=13570"}],"version-history":[{"count":2,"href":"https:\/\/www.welovecycling.com\/pl\/wp-json\/wp\/v2\/posts\/13570\/revisions"}],"predecessor-version":[{"id":13579,"href":"https:\/\/www.welovecycling.com\/pl\/wp-json\/wp\/v2\/posts\/13570\/revisions\/13579"}],"wp:featuredmedia":[{"embeddable":true,"href":"https:\/\/www.welovecycling.com\/pl\/wp-json\/wp\/v2\/media\/13580"}],"wp:attachment":[{"href":"https:\/\/www.welovecycling.com\/pl\/wp-json\/wp\/v2\/media?parent=13570"}],"wp:term":[{"taxonomy":"category","embeddable":true,"href":"https:\/\/www.welovecycling.com\/pl\/wp-json\/wp\/v2\/categories?post=13570"},{"taxonomy":"post_tag","embeddable":true,"href":"https:\/\/www.welovecycling.com\/pl\/wp-json\/wp\/v2\/tags?post=13570"},{"taxonomy":"global-categories","embeddable":true,"href":"https:\/\/www.welovecycling.com\/pl\/wp-json\/wp\/v2\/global-categories?post=13570"}],"curies":[{"name":"wp","href":"https:\/\/api.w.org\/{rel}","templated":true}]}}