{"id":13536,"date":"2023-02-08T07:54:26","date_gmt":"2023-02-08T07:54:26","guid":{"rendered":"https:\/\/www.welovecycling.com\/pl\/?p=13536"},"modified":"2023-02-08T07:54:26","modified_gmt":"2023-02-08T07:54:26","slug":"6-imprez-kolarskich-na-ktore-warto-zwrocic-uwage-w-2023-roku","status":"publish","type":"post","link":"https:\/\/www.welovecycling.com\/pl\/2023\/02\/08\/6-imprez-kolarskich-na-ktore-warto-zwrocic-uwage-w-2023-roku\/","title":{"rendered":"6 imprez kolarskich, na kt\u00f3re warto zwr\u00f3ci\u0107 uwag\u0119 w 2023 roku"},"content":{"rendered":"<p><strong>Rozw\u00f3j kolarstwa nabra\u0142 fenomenalnego rozp\u0119du. Coraz wi\u0119cej os\u00f3b uprawia ten sport, korzystaj\u0105c z jego rosn\u0105cej dost\u0119pno\u015bci. Przek\u0142ada si\u0119 to na niezwykle dynamiczny wzrost liczby r\u00f3\u017cnorakich wydarze\u0144 w roku.<\/strong><\/p>\n<p>Nie b\u0105d\u017amy dogmatyczni: ka\u017cdy rodzaj kolarstwa dostarcza sporo frajdy \u2013 zar\u00f3wno d\u0142uga szosowa jazda po pag\u00f3rkowatej trasie, jak i wy\u015bcig prze\u0142ajowy w \u015bliskim b\u0142ocie czy wyboiste g\u00f3rskie szlaki wymagaj\u0105ce wirtuozerii. Fani tego sportu cz\u0119sto lubi\u0105 urozmaicenia, wi\u0119c uczestnicz\u0105 w r\u00f3\u017cnych imprezach \u2013 jako zar\u00f3wno widzowie, jak i zawodnicy.<\/p>\n<p>W naszym zestawieniu uwzgl\u0119dniamy t\u0119 r\u00f3\u017cnorodno\u015b\u0107. Nawet je\u015bli zazwy\u00adczaj trzymasz si\u0119 tylko <a href=\"https:\/\/www.welovecycling.com\/wide\/tour-de-france-2022\/\">Tour de France<\/a>, w tym roku warto rozszerzy\u0107 zainte\u00adresowania i sprawdzi\u0107, co proponuje si\u0119 w menu prawdziwego cyklisty.<\/p>\n<h2><strong>\u0160koda Titan Desert<\/strong><\/h2>\n<p>Legendarny wy\u015bcig przez piaski maroka\u0144skiej Sahary odb\u0119dzie si\u0119 mi\u0119dzy 30 kwietnia a 5 maja 2023 r. To wydarzenie nie ma sobie r\u00f3wnych: przez sze\u015b\u0107 dni i sze\u015b\u0107 nocy zawodnicy \u017cyj\u0105 w surowych pustynnych warunkach niczym nomadzi, piel\u0119gnuj\u0105c ducha zespo\u0142owej rywalizacji. Je\u015bli kr\u0119ci ci\u0119 wy\u015bcig w afryka\u0144skim upale i chcesz sprawdzi\u0107 swoj\u0105 wol\u0119 przetrwania, ta impreza jest dla ciebie. Pospiesz si\u0119 \u2013 zapisy jeszcze trwaj\u0105!<\/p>\n<h2><strong>24H of Finale<\/strong><\/h2>\n<p>Je\u015bli lubisz:<br \/>\n\u2013 wielogodzinn\u0105 jazd\u0119 na rowerze g\u00f3rskim,<br \/>\n\u2013 wypady z przyjaci\u00f3\u0142mi,<br \/>\n\u2013 pi\u0119kne krajobrazy,<br \/>\nto wy\u015bcig w sam raz dla ciebie!<\/p>\n<p><a href=\"https:\/\/www.24hfinale.com\/en\/\">Trasa ultramaratonu 24H of Finale<\/a> przebiega przez Riwier\u0119 W\u0142osk\u0105. Organi\u00adzatorzy twierdz\u0105, \u017ce jest to rodzaj minifestiwalu, na kt\u00f3rym clou programu jest rower. Wy\u015bcig trwa 24 godziny, a zawodnicy mog\u0105 zg\u0142asza\u0107 si\u0119 jako zesp\u00f3\u0142 lub indywidualnie, analogicznie jak w innych podobnych imprezach.<\/p>\n<p>Uczestnicy tego wy\u015bcigu maj\u0105 do pokonania tras\u0119 o d\u0142ugo\u015bci 11,7 km. Walcz\u0105 o uko\u0144czenie jak najwi\u0119kszej liczby okr\u0105\u017ce\u0144 w wyznaczonym czasie. Dru\u017cyny z\u0142o\u017cone z 2, 4, 8 lub 12 os\u00f3b b\u0119d\u0105 je\u017adzi\u0107 w sztafetach.<\/p>\n<p>Termin\u00f3w na rok 2023 wci\u0105\u017c nie podano, miejcie wi\u0119c oczy szeroko otwarte (lub zagl\u0105dajcie na stron\u0119 internetow\u0105 imprezy)!<\/p>\n<h2><strong>24H Velo<\/strong><\/h2>\n<p>Je\u015bli fascynuj\u0105 Ci\u0119 24-godzinne wy\u015bcigi, ale od wyboistej jazdy wolisz szos\u0119, bez w\u0105tpienia spodoba Ci si\u0119 <a href=\"https:\/\/www.24heuresvelo.fr\/en\/\">24 Heures V\u00e9lo \u0160KODA<\/a> organizo\u00adwany w formule <em>cyclosportive<\/em>. Zawodnicy maj\u0105 za zadanie pokona\u0107 jak najwi\u0119cej okr\u0105\u017ce\u0144 legendarnego toru Bugatti w Le Mans w ci\u0105gu 24 godzin.<\/p>\n<p>Trasa wy\u015bcigu liczy 4,2 km d\u0142ugo\u015bci (w tym 600 metr\u00f3w wspinaczki). Mo\u017cna startowa\u0107 solo albo w zespo\u0142ach sk\u0142adaj\u0105cych si\u0119 z 2, 4, 6 lub 8 kolarzy. Wy\u015bcig odb\u0119dzie si\u0119 pod koniec sierpnia \u2013 czy mo\u017ce by\u0107 lepszy moment, \u017ceby odwiedzi\u0107 t\u0119 urokliw\u0105 cz\u0119\u015b\u0107 Francji? Niestety, w tym roku pozostaje nam tylko kibicowanie, bo lista uczestnik\u00f3w zape\u0142ni\u0142a si\u0119 w ci\u0105gu zaledwie\u2026 28 minut. To wydarzenie naprawd\u0119 musi by\u0107 niesamowite!<\/p>\n<h2><strong>GB Duro<\/strong><\/h2>\n<p>W przeciwie\u0144stwie do 24H of Finale <a href=\"https:\/\/www.theracingcollective.com\/gbduro.html\">GB Duro<\/a> ma form\u0119 wy\u015bcigu liniowego, w kt\u00f3rym zawodnicy startuj\u0105 w jednym miejscu, a ko\u0144cz\u0105 w innym. Rzeczywi\u015bcie meta znajduje si\u0119 w odleg\u0142o\u015bci 2000 km od startu \u2013 po drugiej stronie Wielkiej Brytanii. Trasa prowadzi nies\u0142awnym szlakiem LEJOG (ang. Land&#8217;s End to John o&#8217;Groats). Pokonuje si\u0119 j\u0105 w czterech etapach po oko\u0142o 500 km ka\u017cdy, a zawodnik o najkr\u00f3tszym czasie \u0142\u0105cznym wygrywa wy\u015bcig, mimo \u017ce nie o \u015bciganie si\u0119 tutaj przede wszystkim chodzi.<\/p>\n<p>Terenowa trasa obejmuje jedne z najbardziej malowniczych miejsc, jakie Wielka Brytania ma do zaoferowania. Droga prowadzi przez sze\u015b\u0107 park\u00f3w narodowych. Ten przywilej kosztuje jednak oko\u0142o 30 000 m wspinaczki \u2013 to niesamowite wyzwanie. Zawodnicy bior\u0105cy udzia\u0142 w tym wy\u015bcigu mog\u0105 liczy\u0107 tylko na siebie \u2013 co oznacza, \u017ce nie maj\u0105 do dyspozycji ekipy technicznej, zorganizowanych wcze\u015bniej zapas\u00f3w, rezerwacji ani zmagazynowanego sprz\u0119tu. Nie mog\u0105 r\u00f3wnie\u017c dzieli\u0107 si\u0119 wyposa\u017ceniem i zdecydowanie nie wolno im podr\u00f3\u017cowa\u0107 pojazdami silnikowymi. Jest ci\u0119\u017cko, ale o to w\u0142a\u015bnie w tym chodzi.<\/p>\n<p>Jedn\u0105 (z wielu) ciekawostek tego wy\u015bcigu jest obowi\u0105zuj\u0105ca polityka #nofly, czyli zakaz korzystania z transportu lotniczego \u2013 na miejsce startu nie mo\u017cna przylecie\u0107 samolotem, ani te\u017c po wy\u015bcigu do domu samolotem wraca\u0107. Regu\u0142a ta wpisuje si\u0119 w zasad\u0119 \u201enie zostawiaj \u015bladu\u201d, a nawet poza ni\u0105 wykracza. Organizatorzy staraj\u0105 si\u0119 r\u00f3wnie\u017c, aby na starcie stan\u0119\u0142o wi\u0119cej kobiet \u2013 w 2021 roku stanowi\u0142y po\u0142ow\u0119 uczestnik\u00f3w, kt\u00f3rzy dotarli do mety. Niestety \u2013 zapisy zamkni\u0119to ju\u017c 13 stycznia, ale \u015bledzenie post\u0119p\u00f3w zawodnik\u00f3w (kropeczki na mapie) jest hipnotyzuj\u0105ce, wi\u0119c miejcie oko na ten wy\u015bcig w sierpniu.<\/p>\n<h2><strong>Grinduro<\/strong><\/h2>\n<div class=\"embed-controller-wrapper\">\n<blockquote class=\"twitter-tweet\" data-width=\"500\" data-dnt=\"true\">\n<p lang=\"qme\" dir=\"ltr\">\ud83d\udc40 via <a href=\"https:\/\/twitter.com\/BicyclingMag?ref_src=twsrc%5Etfw\">@BicyclingMag<\/a> <a href=\"https:\/\/t.co\/y4OKHpDIKh\">https:\/\/t.co\/y4OKHpDIKh<\/a><\/p>\n<p>&mdash; GRINDURO! (@grinduro_) <a href=\"https:\/\/twitter.com\/grinduro_\/status\/1613839094324289536?ref_src=twsrc%5Etfw\">January 13, 2023<\/a><\/p><\/blockquote>\n<p><script async data-src=\"https:\/\/platform.twitter.com\/widgets.js\" charset=\"utf-8\"><\/script><\/div>\n<p>Grinduro to nie jest jeden wy\u015bcig \u2013 to raczej marka, kt\u00f3ra organizuje okre\u015b\u00adlony typ wy\u015bcig\u00f3w. Dzia\u0142a na ca\u0142ym \u015bwiecie \u2013 w Niemczech, Kalifornii, Pensylwanii, Walii, we W\u0142oszech i w Japonii \u2013 nie zabraknie wi\u0119c przyg\u00f3d. Mo\u017ce tylko trzeba si\u0119 b\u0119dzie bardziej postara\u0107 z perspektywy logistyki, je\u015bli chcesz trzyma\u0107 si\u0119 polityki #nofly. Wy\u015bcigi opieraj\u0105 si\u0119 na zasadzie znanej ju\u017c z GB Duro \u2013 ostateczny czas wyliczany jest na podstawie pomiar\u00f3w z czterech etap\u00f3w. Nie s\u0105 ani d\u0142ugie, ani wyczerpuj\u0105ce \u2013 trwaj\u0105 mniej wi\u0119cej od 5 do 7 minut ka\u017cdy.<\/p>\n<p><a href=\"https:\/\/grinduro.com\/\">Wy\u015bcigi Grinduro<\/a> s\u0105 skrzy\u017cowaniem wy\u015bcigu na szutrze z enduro w stylu g\u00f3rskim. Sk\u0142adaj\u0105 si\u0119 z jednej d\u0142ugiej p\u0119tli mieszanego terenu, w tym drogi, szutru i singletracku MTB, a ka\u017cdy z czterech etap\u00f3w ma wp\u0142yw na pozycj\u0119. Chodzi nie tyle o sam wy\u015bcig, ile o imprez\u0119. Wi\u0119kszo\u015b\u0107 ludzi po prostu chce si\u0119 dobrze bawi\u0107, dlatego ka\u017cdy kibic szybko odnajdzie doborowe towarzystwo.<\/p>\n<p>Przy takiej liczbie dat i lokalizacji bez problemu trafisz na co\u015b, co b\u0119dzie ci \u015bwietnie odpowiada\u0107!<\/p>\n<h2><strong>The Fred Whitton Challenge<\/strong><\/h2>\n<p><a href=\"https:\/\/fredwhittonchallenge.co.uk\/\">Fred Whitton<\/a> to gratka dla fan\u00f3w cienkich opon i etap\u00f3w wspinaczkowych! S\u0142ynie z tego, \u017ce jest prawdopodobnie najtrudniejszym wy\u015bcigiem sporto\u00adwym w Wielkiej Brytanii. Trasa wyzwania im. Freda Whittona obejmuje zazwyczaj oko\u0142o 180 km (z niewielkimi corocznymi modyfikacjami), w tym niemal 4000 m wspinaczki, m.in. po kultowych podjazdach Lake District. Najmocniejsi zawodnicy zwykle ko\u0144cz\u0105 wy\u015bcig w 6 godzin, ale nierzadko \u015brednia przekroczy\u0107 mo\u017ce 11 godzin.<\/p>\n<p>Impreza, kt\u00f3ra powsta\u0142a w 1999 roku, ma charakter charytatywny. Nazwano j\u0105 tak na cze\u015b\u0107 cz\u0142onka Lakes Road Clubu Freda Whittona po jego przed\u00adwczesnej \u015bmierci. By\u0142 wa\u017cn\u0105 postaci\u0105 klubu, organizatorem rozmaitych dzia\u0142a\u0144 i uczestnikiem wszystkich weekendowych trening\u00f3w. Cz\u0142onkowie klubu wpadli na pomys\u0142, \u017ceby go upami\u0119tni\u0107 i zarazem wykorzysta\u0107 przejazd jako okazj\u0119 do zebrania pieni\u0119dzy na cele dobroczynne. Sta\u0142o si\u0119 to coroczn\u0105 tradycj\u0105 \u2013 jak dot\u0105d uda\u0142o im si\u0119 zebra\u0107 ponad 2 miliony funt\u00f3w!<\/p>\n<p>Impreza odb\u0119dzie si\u0119 w maju 2023 roku, ale zapisy s\u0105 ju\u017c zamkni\u0119te. Poniewa\u017c jednak obserwowanie wspinaczki to zawsze \u015bwietna zabawa, czemu nie mieliby\u015bmy wybra\u0107 si\u0119 w pi\u0119kne okolice Lake District?<\/p>\n<p>To tylko niewielki wycinek z r\u00f3\u017cnorodnej oferty wydarze\u0144 na ca\u0142ym \u015bwiecie. Na pewno znajdziesz co\u015b, co pozwoli ci doceni\u0107 \u015bwiat wy\u015bcig\u00f3w! Trzeba mie\u0107 jaki\u015b cel, kt\u00f3ry pozwoli dobrze wystartowa\u0107 w nowym roku. Dlatego zarezerwuj termin \u2013 i ruszaj na trening!<\/p>\n<p><span data-sheets-value=\"{&quot;1&quot;:2,&quot;2&quot;:&quot;Artyku\u0142 powsta\u0142 we wsp\u00f3\u0142pracy ze skoda-auto.pl&quot;}\" data-sheets-userformat=\"{&quot;2&quot;:1,&quot;3&quot;:{&quot;1&quot;:0}}\" data-sheets-hyperlink=\"http:\/\/www.skoda-auto.pl\/\"><a class=\"in-cell-link\" href=\"http:\/\/www.skoda-auto.pl\/\" target=\"_blank\" rel=\"noopener noreferrer\">Artyku\u0142 powsta\u0142 we wsp\u00f3\u0142pracy ze skoda-auto.pl<\/a><\/span><\/p>\n<p><a href=\"https:\/\/www.skoda-auto.pl\/modele\/superb\"><img loading=\"lazy\" decoding=\"async\" class=\"alignnone size-full wp-image-11628 aligncenter\" src=\"https:\/\/d2p6e6u75xmxt8.cloudfront.net\/5\/2021\/12\/640x350-2-1.jpg\" alt=\"\" width=\"640\" height=\"350\" srcset=\"https:\/\/d2p6e6u75xmxt8.cloudfront.net\/5\/2021\/12\/640x350-2-1.jpg 640w, https:\/\/d2p6e6u75xmxt8.cloudfront.net\/5\/2021\/12\/640x350-2-1-300x164.jpg 300w\" sizes=\"auto, (max-width: 640px) 100vw, 640px\" \/><\/a><\/p>\n","protected":false},"excerpt":{"rendered":"<p>Rozw\u00f3j kolarstwa nabra\u0142 fenomenalnego rozp\u0119du. Coraz wi\u0119cej os\u00f3b uprawia ten sport, korzystaj\u0105c z jego rosn\u0105cej dost\u0119pno\u015bci. Przek\u0142ada si\u0119 to na [&hellip;]<\/p>\n","protected":false},"author":153,"featured_media":13538,"comment_status":"open","ping_status":"open","sticky":false,"template":"","format":"standard","meta":{"footnotes":""},"categories":[5],"tags":[21],"global-categories":[303],"class_list":["post-13536","post","type-post","status-publish","format-standard","has-post-thumbnail","hentry","category-outdoormtb","tag-outdoor","global-categories-cycling"],"yoast_head":"<!-- This site is optimized with the Yoast SEO Premium plugin v25.3 (Yoast SEO v25.9) - https:\/\/yoast.com\/wordpress\/plugins\/seo\/ -->\n<title>6 imprez kolarskich, na kt\u00f3re warto zwr\u00f3ci\u0107 uwag\u0119 w 2023 roku - \u0160koda We Love Cycling - Poland<\/title>\n<meta name=\"robots\" content=\"index, follow, max-snippet:-1, max-image-preview:large, max-video-preview:-1\" \/>\n<link rel=\"canonical\" href=\"https:\/\/www.welovecycling.com\/pl\/2023\/02\/08\/6-imprez-kolarskich-na-ktore-warto-zwrocic-uwage-w-2023-roku\/\" \/>\n<meta property=\"og:locale\" content=\"pl_PL\" \/>\n<meta property=\"og:type\" content=\"article\" \/>\n<meta property=\"og:title\" content=\"6 imprez kolarskich, na kt\u00f3re warto zwr\u00f3ci\u0107 uwag\u0119 w 2023 roku\" \/>\n<meta property=\"og:description\" content=\"Rozw\u00f3j kolarstwa nabra\u0142 fenomenalnego rozp\u0119du. Coraz wi\u0119cej os\u00f3b uprawia ten sport, korzystaj\u0105c z jego rosn\u0105cej dost\u0119pno\u015bci. Przek\u0142ada si\u0119 to na [&hellip;]\" \/>\n<meta property=\"og:url\" content=\"https:\/\/www.welovecycling.com\/pl\/2023\/02\/08\/6-imprez-kolarskich-na-ktore-warto-zwrocic-uwage-w-2023-roku\/\" \/>\n<meta property=\"og:site_name\" content=\"\u0160koda We Love Cycling - Poland\" \/>\n<meta property=\"article:published_time\" content=\"2023-02-08T07:54:26+00:00\" \/>\n<meta property=\"og:image\" content=\"https:\/\/d2p6e6u75xmxt8.cloudfront.net\/5\/2023\/02\/24-Heures-Velo-profimedia-0717779356-CVR.webp\" \/>\n\t<meta property=\"og:image:width\" content=\"990\" \/>\n\t<meta property=\"og:image:height\" content=\"660\" \/>\n\t<meta property=\"og:image:type\" content=\"image\/webp\" \/>\n<meta name=\"author\" content=\"rafal\" \/>\n<meta name=\"twitter:card\" content=\"summary_large_image\" \/>\n<meta name=\"twitter:label1\" content=\"Written by\" \/>\n\t<meta name=\"twitter:data1\" content=\"Charlotte Murray\" \/>\n\t<meta name=\"twitter:label2\" content=\"Est. reading time\" \/>\n\t<meta name=\"twitter:data2\" content=\"5\" \/>\n<script type=\"application\/ld+json\" class=\"yoast-schema-graph\">{\"@context\":\"https:\/\/schema.org\",\"@graph\":[{\"@type\":\"WebPage\",\"@id\":\"https:\/\/www.welovecycling.com\/pl\/2023\/02\/08\/6-imprez-kolarskich-na-ktore-warto-zwrocic-uwage-w-2023-roku\/\",\"url\":\"https:\/\/www.welovecycling.com\/pl\/2023\/02\/08\/6-imprez-kolarskich-na-ktore-warto-zwrocic-uwage-w-2023-roku\/\",\"name\":\"6 imprez kolarskich, na kt\u00f3re warto zwr\u00f3ci\u0107 uwag\u0119 w 2023 roku - \u0160koda We Love Cycling - Poland\",\"isPartOf\":{\"@id\":\"https:\/\/www.welovecycling.com\/pl\/#website\"},\"primaryImageOfPage\":{\"@id\":\"https:\/\/www.welovecycling.com\/pl\/2023\/02\/08\/6-imprez-kolarskich-na-ktore-warto-zwrocic-uwage-w-2023-roku\/#primaryimage\"},\"image\":{\"@id\":\"https:\/\/www.welovecycling.com\/pl\/2023\/02\/08\/6-imprez-kolarskich-na-ktore-warto-zwrocic-uwage-w-2023-roku\/#primaryimage\"},\"thumbnailUrl\":\"https:\/\/d2p6e6u75xmxt8.cloudfront.net\/5\/2023\/02\/24-Heures-Velo-profimedia-0717779356-CVR.webp\",\"datePublished\":\"2023-02-08T07:54:26+00:00\",\"author\":{\"@id\":\"https:\/\/www.welovecycling.com\/pl\/#\/schema\/person\/bf06ed916a1ef16618807fb60d2ebe42\"},\"breadcrumb\":{\"@id\":\"https:\/\/www.welovecycling.com\/pl\/2023\/02\/08\/6-imprez-kolarskich-na-ktore-warto-zwrocic-uwage-w-2023-roku\/#breadcrumb\"},\"inLanguage\":\"pl-PL\",\"potentialAction\":[{\"@type\":\"ReadAction\",\"target\":[\"https:\/\/www.welovecycling.com\/pl\/2023\/02\/08\/6-imprez-kolarskich-na-ktore-warto-zwrocic-uwage-w-2023-roku\/\"]}]},{\"@type\":\"ImageObject\",\"inLanguage\":\"pl-PL\",\"@id\":\"https:\/\/www.welovecycling.com\/pl\/2023\/02\/08\/6-imprez-kolarskich-na-ktore-warto-zwrocic-uwage-w-2023-roku\/#primaryimage\",\"url\":\"https:\/\/d2p6e6u75xmxt8.cloudfront.net\/5\/2023\/02\/24-Heures-Velo-profimedia-0717779356-CVR.webp\",\"contentUrl\":\"https:\/\/d2p6e6u75xmxt8.cloudfront.net\/5\/2023\/02\/24-Heures-Velo-profimedia-0717779356-CVR.webp\",\"width\":990,\"height\":660},{\"@type\":\"BreadcrumbList\",\"@id\":\"https:\/\/www.welovecycling.com\/pl\/2023\/02\/08\/6-imprez-kolarskich-na-ktore-warto-zwrocic-uwage-w-2023-roku\/#breadcrumb\",\"itemListElement\":[{\"@type\":\"ListItem\",\"position\":1,\"name\":\"Home\",\"item\":\"https:\/\/www.welovecycling.com\/pl\/\"},{\"@type\":\"ListItem\",\"position\":2,\"name\":\"6 imprez kolarskich, na kt\u00f3re warto zwr\u00f3ci\u0107 uwag\u0119 w 2023 roku\"}]},{\"@type\":\"WebSite\",\"@id\":\"https:\/\/www.welovecycling.com\/pl\/#website\",\"url\":\"https:\/\/www.welovecycling.com\/pl\/\",\"name\":\"\u0160koda We Love Cycling - Poland\",\"description\":\"\",\"potentialAction\":[{\"@type\":\"SearchAction\",\"target\":{\"@type\":\"EntryPoint\",\"urlTemplate\":\"https:\/\/www.welovecycling.com\/pl\/?s={search_term_string}\"},\"query-input\":{\"@type\":\"PropertyValueSpecification\",\"valueRequired\":true,\"valueName\":\"search_term_string\"}}],\"inLanguage\":\"pl-PL\"},{\"@type\":\"Person\",\"@id\":\"https:\/\/www.welovecycling.com\/pl\/#\/schema\/person\/bf06ed916a1ef16618807fb60d2ebe42\",\"name\":\"rafal\",\"image\":{\"@type\":\"ImageObject\",\"inLanguage\":\"pl-PL\",\"@id\":\"https:\/\/www.welovecycling.com\/pl\/#\/schema\/person\/image\/\",\"url\":\"https:\/\/secure.gravatar.com\/avatar\/203f240e63bee214f6f3a0dacbeb600c7829c09716c2b9ee3230c6961debcde2?s=96&d=mm&r=g\",\"contentUrl\":\"https:\/\/secure.gravatar.com\/avatar\/203f240e63bee214f6f3a0dacbeb600c7829c09716c2b9ee3230c6961debcde2?s=96&d=mm&r=g\",\"caption\":\"rafal\"},\"url\":\"https:\/\/www.welovecycling.com\/pl\/author\/rafal\/\"}]}<\/script>\n<!-- \/ Yoast SEO Premium plugin. -->","yoast_head_json":{"title":"6 imprez kolarskich, na kt\u00f3re warto zwr\u00f3ci\u0107 uwag\u0119 w 2023 roku - \u0160koda We Love Cycling - Poland","robots":{"index":"index","follow":"follow","max-snippet":"max-snippet:-1","max-image-preview":"max-image-preview:large","max-video-preview":"max-video-preview:-1"},"canonical":"https:\/\/www.welovecycling.com\/pl\/2023\/02\/08\/6-imprez-kolarskich-na-ktore-warto-zwrocic-uwage-w-2023-roku\/","og_locale":"pl_PL","og_type":"article","og_title":"6 imprez kolarskich, na kt\u00f3re warto zwr\u00f3ci\u0107 uwag\u0119 w 2023 roku","og_description":"Rozw\u00f3j kolarstwa nabra\u0142 fenomenalnego rozp\u0119du. Coraz wi\u0119cej os\u00f3b uprawia ten sport, korzystaj\u0105c z jego rosn\u0105cej dost\u0119pno\u015bci. Przek\u0142ada si\u0119 to na [&hellip;]","og_url":"https:\/\/www.welovecycling.com\/pl\/2023\/02\/08\/6-imprez-kolarskich-na-ktore-warto-zwrocic-uwage-w-2023-roku\/","og_site_name":"\u0160koda We Love Cycling - Poland","article_published_time":"2023-02-08T07:54:26+00:00","og_image":[{"width":990,"height":660,"url":"https:\/\/d2p6e6u75xmxt8.cloudfront.net\/5\/2023\/02\/24-Heures-Velo-profimedia-0717779356-CVR.webp","type":"image\/webp"}],"author":"rafal","twitter_card":"summary_large_image","twitter_misc":{"Written by":"Charlotte Murray","Est. reading time":"5"},"schema":{"@context":"https:\/\/schema.org","@graph":[{"@type":"WebPage","@id":"https:\/\/www.welovecycling.com\/pl\/2023\/02\/08\/6-imprez-kolarskich-na-ktore-warto-zwrocic-uwage-w-2023-roku\/","url":"https:\/\/www.welovecycling.com\/pl\/2023\/02\/08\/6-imprez-kolarskich-na-ktore-warto-zwrocic-uwage-w-2023-roku\/","name":"6 imprez kolarskich, na kt\u00f3re warto zwr\u00f3ci\u0107 uwag\u0119 w 2023 roku - \u0160koda We Love Cycling - Poland","isPartOf":{"@id":"https:\/\/www.welovecycling.com\/pl\/#website"},"primaryImageOfPage":{"@id":"https:\/\/www.welovecycling.com\/pl\/2023\/02\/08\/6-imprez-kolarskich-na-ktore-warto-zwrocic-uwage-w-2023-roku\/#primaryimage"},"image":{"@id":"https:\/\/www.welovecycling.com\/pl\/2023\/02\/08\/6-imprez-kolarskich-na-ktore-warto-zwrocic-uwage-w-2023-roku\/#primaryimage"},"thumbnailUrl":"https:\/\/d2p6e6u75xmxt8.cloudfront.net\/5\/2023\/02\/24-Heures-Velo-profimedia-0717779356-CVR.webp","datePublished":"2023-02-08T07:54:26+00:00","author":{"@id":"https:\/\/www.welovecycling.com\/pl\/#\/schema\/person\/bf06ed916a1ef16618807fb60d2ebe42"},"breadcrumb":{"@id":"https:\/\/www.welovecycling.com\/pl\/2023\/02\/08\/6-imprez-kolarskich-na-ktore-warto-zwrocic-uwage-w-2023-roku\/#breadcrumb"},"inLanguage":"pl-PL","potentialAction":[{"@type":"ReadAction","target":["https:\/\/www.welovecycling.com\/pl\/2023\/02\/08\/6-imprez-kolarskich-na-ktore-warto-zwrocic-uwage-w-2023-roku\/"]}]},{"@type":"ImageObject","inLanguage":"pl-PL","@id":"https:\/\/www.welovecycling.com\/pl\/2023\/02\/08\/6-imprez-kolarskich-na-ktore-warto-zwrocic-uwage-w-2023-roku\/#primaryimage","url":"https:\/\/d2p6e6u75xmxt8.cloudfront.net\/5\/2023\/02\/24-Heures-Velo-profimedia-0717779356-CVR.webp","contentUrl":"https:\/\/d2p6e6u75xmxt8.cloudfront.net\/5\/2023\/02\/24-Heures-Velo-profimedia-0717779356-CVR.webp","width":990,"height":660},{"@type":"BreadcrumbList","@id":"https:\/\/www.welovecycling.com\/pl\/2023\/02\/08\/6-imprez-kolarskich-na-ktore-warto-zwrocic-uwage-w-2023-roku\/#breadcrumb","itemListElement":[{"@type":"ListItem","position":1,"name":"Home","item":"https:\/\/www.welovecycling.com\/pl\/"},{"@type":"ListItem","position":2,"name":"6 imprez kolarskich, na kt\u00f3re warto zwr\u00f3ci\u0107 uwag\u0119 w 2023 roku"}]},{"@type":"WebSite","@id":"https:\/\/www.welovecycling.com\/pl\/#website","url":"https:\/\/www.welovecycling.com\/pl\/","name":"\u0160koda We Love Cycling - Poland","description":"","potentialAction":[{"@type":"SearchAction","target":{"@type":"EntryPoint","urlTemplate":"https:\/\/www.welovecycling.com\/pl\/?s={search_term_string}"},"query-input":{"@type":"PropertyValueSpecification","valueRequired":true,"valueName":"search_term_string"}}],"inLanguage":"pl-PL"},{"@type":"Person","@id":"https:\/\/www.welovecycling.com\/pl\/#\/schema\/person\/bf06ed916a1ef16618807fb60d2ebe42","name":"rafal","image":{"@type":"ImageObject","inLanguage":"pl-PL","@id":"https:\/\/www.welovecycling.com\/pl\/#\/schema\/person\/image\/","url":"https:\/\/secure.gravatar.com\/avatar\/203f240e63bee214f6f3a0dacbeb600c7829c09716c2b9ee3230c6961debcde2?s=96&d=mm&r=g","contentUrl":"https:\/\/secure.gravatar.com\/avatar\/203f240e63bee214f6f3a0dacbeb600c7829c09716c2b9ee3230c6961debcde2?s=96&d=mm&r=g","caption":"rafal"},"url":"https:\/\/www.welovecycling.com\/pl\/author\/rafal\/"}]}},"_links":{"self":[{"href":"https:\/\/www.welovecycling.com\/pl\/wp-json\/wp\/v2\/posts\/13536","targetHints":{"allow":["GET"]}}],"collection":[{"href":"https:\/\/www.welovecycling.com\/pl\/wp-json\/wp\/v2\/posts"}],"about":[{"href":"https:\/\/www.welovecycling.com\/pl\/wp-json\/wp\/v2\/types\/post"}],"author":[{"embeddable":true,"href":"https:\/\/www.welovecycling.com\/pl\/wp-json\/wp\/v2\/users\/153"}],"replies":[{"embeddable":true,"href":"https:\/\/www.welovecycling.com\/pl\/wp-json\/wp\/v2\/comments?post=13536"}],"version-history":[{"count":2,"href":"https:\/\/www.welovecycling.com\/pl\/wp-json\/wp\/v2\/posts\/13536\/revisions"}],"predecessor-version":[{"id":13541,"href":"https:\/\/www.welovecycling.com\/pl\/wp-json\/wp\/v2\/posts\/13536\/revisions\/13541"}],"wp:featuredmedia":[{"embeddable":true,"href":"https:\/\/www.welovecycling.com\/pl\/wp-json\/wp\/v2\/media\/13538"}],"wp:attachment":[{"href":"https:\/\/www.welovecycling.com\/pl\/wp-json\/wp\/v2\/media?parent=13536"}],"wp:term":[{"taxonomy":"category","embeddable":true,"href":"https:\/\/www.welovecycling.com\/pl\/wp-json\/wp\/v2\/categories?post=13536"},{"taxonomy":"post_tag","embeddable":true,"href":"https:\/\/www.welovecycling.com\/pl\/wp-json\/wp\/v2\/tags?post=13536"},{"taxonomy":"global-categories","embeddable":true,"href":"https:\/\/www.welovecycling.com\/pl\/wp-json\/wp\/v2\/global-categories?post=13536"}],"curies":[{"name":"wp","href":"https:\/\/api.w.org\/{rel}","templated":true}]}}