{"id":13523,"date":"2023-02-01T12:58:19","date_gmt":"2023-02-01T12:58:19","guid":{"rendered":"https:\/\/www.welovecycling.com\/pl\/?p=13523"},"modified":"2023-02-01T13:01:14","modified_gmt":"2023-02-01T13:01:14","slug":"jazda-gorska-zima-5-najlepszych-miejsc","status":"publish","type":"post","link":"https:\/\/www.welovecycling.com\/pl\/2023\/02\/01\/jazda-gorska-zima-5-najlepszych-miejsc\/","title":{"rendered":"Jazda g\u00f3rska zim\u0105: 5 najlepszych miejsc"},"content":{"rendered":"<p><strong>Je\u015bli dobija Ci\u0119 paskudna pogoda, najwy\u017cszy czas pomy\u015ble\u0107 o wyj\u0105t\u00adkowym urlopie z tym, kogo kochasz najbardziej na \u015bwiecie. Nie, nie mamy tu na my\u015bli partnera ani partnerki. Chodzi o Tw\u00f3j rower. A je\u015bli Twoi bliscy podzielaj\u0105 t\u0119 pasj\u0119 \u2013 to jeszcze lepiej.<\/strong><\/p>\n<p>Niestety wi\u0119kszo\u015b\u0107 zwyk\u0142ych park\u00f3w rowerowych i szlak\u00f3w jest zamkni\u0119ta. Chocia\u017c zimowe przeja\u017cd\u017cki s\u0105 fajne, nie mo\u017cna ich por\u00f3wna\u0107 z rado\u015bci\u0105 letniego pomykania na rowerze g\u00f3rskim. Niewykluczone wi\u0119c, \u017ce potrzebujesz paru dobrych pomys\u0142\u00f3w. Spieszymy z pomoc\u0105! Wybrali\u015bmy pi\u0119\u0107 najlepszych miejsc w Europie, w kt\u00f3rych mo\u017cna za\u017cywa\u0107 g\u00f3rskiego rowerowego szale\u0144stwa, gdy wszystkim innym odmarzaj\u0105 uszy.<\/p>\n<h2><strong>5. Lazurowe Wybrze\u017ce, Francja<\/strong><\/h2>\n<p>Na li\u015bcie znajduje si\u0119 oczywi\u015bcie francuska riwiera i jej wspania\u0142e krajobrazy. Co prawda zazwyczaj mo\u017cna tu spotka\u0107 szosowc\u00f3w na zimowych wypadach, ale kolarzom g\u00f3rskim te\u017c ma sporo do zaoferowania. Nicea jest ca\u0142kiem przyjazna dla wszystkich amator\u00f3w dw\u00f3ch k\u00f3\u0142ek. Szczerze m\u00f3wi\u0105c, w ch\u0142odnych miesi\u0105cach roku wszyscy tury\u015bci mog\u0105 tam liczy\u0107 na ciep\u0142e powitanie, \u0142agodny klimat, przytulne zakwaterowanie, pyszne jedzenie i wyj\u0105tkow\u0105 go\u015bcinno\u015b\u0107<span style=\"text-decoration: line-through;\">.<\/span><\/p>\n<p>Lazurowe Wybrze\u017ce to prawdziwy raj dla rowerzyst\u00f3w. Przeci\u0119tna temperatura w miesi\u0105cach zimowych waha si\u0119 w przedziale 8\u201310\u00b0C. Przewa\u017ca s\u0142oneczna pogoda. W miesi\u0105cach od grudnia do kwietnia mo\u017cna cieszy\u0107 si\u0119 \u015brednio ponad 25 dniami bez deszczu. Co wi\u0119cej, praktycznie nie ma tam \u015bniegu \u2013 a nawet w tych rzadkich przypadkach, gdy pada, natychmiast topnieje i nikomu nie m\u0105ci rado\u015bci.<\/p>\n<p>Na dodatek miejscowe w\u0142adze sporo zainwestowa\u0142y, by przekszta\u0142ci\u0107 Lazurowe Wybrze\u017ce w jeden z bardziej inspiruj\u0105cych kierunk\u00f3w rowerowych. Infrastruktura jest dobrze utrzymana przez ca\u0142y rok, a wyb\u00f3r tras du\u017cy, niezale\u017cnie od tego, czy wolisz XC, czy DH. Szlaki s\u0105 wspania\u0142e, mo\u017cna napotka\u0107 wapie\u0144, drobny szuter, le\u015bne odcinki i wszystko, czego kolarz g\u00f3rski potrzebuje do \u015bwietnej zabawy.<\/p>\n<h2><strong>4. Madera<\/strong><\/h2>\n<p>Cho\u0107 to technicznie rzecz bior\u0105c Afryka (a przynajmniej afryka\u0144ska wyspa), wci\u0105\u017c pozostaje pod rz\u0105dami Portugalii, a zatem mo\u017cna si\u0119 na ni\u0105 dosta\u0107 bez wizy \u2013 i bez wi\u0119kszych trudno\u015bci. W dodatku dzi\u0119ki blisko\u015bci Wysp Kanaryjskich Madera pozostaje ukryt\u0105 per\u0142\u0105. B\u0119dzie idealna dla tych, kt\u00f3rzy od wakacji oczekuj\u0105 \u015bwi\u0119tego spokoju i stosunkowo niewielkiej liczby turyst\u00f3w. Przy \u015brednich temperaturach zimowych wynosz\u0105cych oko\u0142o 17\u00b0C stanowi idealne miejsce do uprawiania kolarstwa g\u00f3rskiego. Jedynym drobnym problemem jest wilgo\u0107, ale gdy tylko wjedziesz wysoko, natychmiast o niej zapomnisz.<\/p>\n<p>Ta ma\u0142a wyspa po\u0142o\u017cona na p\u00f3\u0142nocny zach\u00f3d od Afryki jest naprawd\u0119 wspania\u0142a. Zachwyca spokojnymi szlakami i uroczymi krajobrazami. Jako \u017ce Madera nie cieszy si\u0119 takim powodzeniem jak Wyspy Kanaryjskie, trasy s\u0105 stosunkowo wyludnione, dlatego nie rekomendujemy samotnych przeja\u017cd\u017cek.<\/p>\n<p>Mo\u017cesz odkrywa\u0107 lokalne trasy na w\u0142asn\u0105 r\u0119k\u0119, ale je\u015bli dysponujesz ograniczonym czasem, sugerujemy wynaj\u0119cie przewodnika, kt\u00f3ry poka\u017ce Ci ukryte skarby wyspy. Teren jest wprawdzie g\u00f3rzysty (jak na wi\u0119kszo\u015bci wysp wulkanicznych), ale mimo to ka\u017cdy znajdzie tu co\u015b dla siebie \u2013 bez wzgl\u0119du na poziom umiej\u0119tno\u015bci. Najlepsi mog\u0105 nawet zaliczy\u0107 kilka niesamowitych zjazd\u00f3w z samego szczytu na poziom morza. Tylko nie wskakuj potem do wody, bo jej temperatura o tej porze roku wynosi zwykle oko\u0142o 14\u201315\u00b0C.<\/p>\n<h2><strong>3. Finale Ligure<\/strong><\/h2>\n<p>Zwiedzanie W\u0142och to zawsze dobry pomys\u0142 \u2013 bez wzgl\u0119du na pow\u00f3d. A zwiedzanie ich na rowerze jest jeszcze lepsze. Jednak je\u015bli chodzi o Finale Ligure wygrywa w cuglach. Ta urocza w\u0142oska wioska, oddalona o rzut kamieniem od Genui, jest mekk\u0105 kolarzy g\u00f3rskich od czasu, gdy zacz\u0119\u0142y si\u0119 tam odbywa\u0107 zawody Enduro World Series. Dzi\u0119ki \u0142agodnemu klimatowi i wahaj\u0105cej si\u0119 w okolicach 10\u00b0C temperaturze o\u015brodek ten sta\u0142 si\u0119 celem pielgrzymek wielu zawodnik\u00f3w Enduro i DH z Europy P\u00f3\u0142nocnej, kt\u00f3rym nie przeszkadza stosunkowo ch\u0142odna pogoda.<\/p>\n<figure style=\"width: 1000px\" class=\"wp-caption alignnone\"><img loading=\"lazy\" decoding=\"async\" src=\"https:\/\/d2p6e6u75xmxt8.cloudfront.net\/2\/2022\/12\/Finale-Ligure-profimedia-0323443027.webp\" alt=\"Finale Ligure\" width=\"1000\" height=\"666\" \/><figcaption class=\"wp-caption-text\">W Finale Ligure ka\u017cdy kolarz znajdzie dla siebie miejsce. \u00a9 Profimedia<\/figcaption><\/figure>\n<p>Tu\u017c przy linii brzegowej znajduj\u0105 si\u0119 szlaki, kt\u00f3re zadowol\u0105 ka\u017cdego. Niemniej po prawdziwe pere\u0142ki trzeba uda\u0107 si\u0119 nieco dalej w g\u0142\u0105b l\u0105du \u2013 do podn\u00f3\u017ca Alp. Tam mo\u017cna napawa\u0107 si\u0119 naprawd\u0119 wspania\u0142ymi zjazdami z wysoko\u015bci ponad 1400 metr\u00f3w.<\/p>\n<p>Samego miasta r\u00f3wnie\u017c nie mo\u017cna przegapi\u0107. Ma naprawd\u0119 przepi\u0119kn\u0105 star\u00f3wk\u0119, a jedzenie&#8230; O wow! Nie zdziw si\u0119, je\u015bli mimo ca\u0142ego tego peda\u0142owania i tak przybierzesz na wadze.<\/p>\n<h2><strong>2. Gran Canaria, Hiszpania<\/strong><\/h2>\n<p>W okresie zimowym Wyspy Kanaryjskie to zawsze dobry pomys\u0142. Tempe\u00adratura przez ca\u0142y rok wynosi tam oko\u0142o 20\u201325\u00b0C, co czyni z nich idealne miejsce, by nawet w zimie cieszy\u0107 si\u0119 s\u0142o\u0144cem i stosunkowo ciep\u0142\u0105 pogod\u0105. W\u0142a\u015bnie z tego powodu wielu Brytyjczyk\u00f3w traktuje te hiszpa\u0144skie wyspy u wyb\u00adrze\u00ad\u017cy Afryki Zachodniej jak sw\u00f3j zimowy dom. Gran Canaria, jako najwi\u0119ksza z nich, ma te\u017c najwi\u0119cej do zaoferowania \u2013 zw\u0142aszcza je\u015bli m\u00f3wimy o kolarstwie g\u00f3rskim. Przy 325 s\u0142onecznych dniach w roku mo\u017cesz mie\u0107 pewno\u015b\u0107, \u017ce znajdziesz co najmniej kilka okazji, \u017ceby wybra\u0107 si\u0119 na oko\u0142owulkaniczne szlaki (pod warunkiem \u017ce nie b\u0119d\u0105 sp\u0142ywa\u0107 law\u0105).<\/p>\n<p>Og\u00f3lnie rzecz bior\u0105c, teren jest bardzo g\u00f3rzysty i wymaga nielichej sprawno\u015bci i si\u0142y. Je\u015bli jednak zale\u017cy Ci na zjazdach, mo\u017cesz wynaj\u0105\u0107 z przyjaci\u00f3\u0142mi wi\u0119ksze auto i skorzysta\u0107 z kilku naprawd\u0119 ciekawych tras prowadz\u0105cych a\u017c do oceanu. Po je\u017adzie mo\u017cesz nawet pop\u0142ywa\u0107, je\u015bli woda o temperaturze 20\u00b0C nie jest dla Ciebie zbyt zimna. Pami\u0119taj tylko, \u017ce okolica jest zazwyczaj sucha i zapylona z powodu du\u017cej ilo\u015bci s\u0142o\u0144ca i wulkanicznych popio\u0142\u00f3w \u2013 musisz wi\u0119c odpowiednio si\u0119 wyposa\u017cy\u0107.<\/p>\n<h2><strong>1. La Palma<\/strong><\/h2>\n<p>M\u00f3wi\u0105c o Wyspach Kanaryjskich, nie mo\u017cna pomin\u0105\u0107 La Palmy. Koniecz\u00adnie musisz odwiedzi\u0107 t\u0119 wysp\u0119, je\u015bli chcesz prze\u017cy\u0107 w zimie naprawd\u0119 wspania\u0142\u0105 przygod\u0119 na swoim rowerze g\u00f3rskim. Niedawno katastrofalny w skutkach wybuch wulkanu zmusi\u0142 tysi\u0105ce os\u00f3b do opuszczenia wyspy. Od ko\u0144ca 2021 roku wulkan uznaje si\u0119 jednak za u\u015bpiony. Cho\u0107 erupcja by\u0142a naprawd\u0119 tragiczna, mia\u0142a swoje dobre strony w postaci zupe\u0142nie nowych szlak\u00f3w, kt\u00f3re powsta\u0142y na skutek wyp\u0142ywu lawy. Temperatura na La Palmie wynosi oko\u0142o 20\u00b0C, wi\u0119c jest to znakomite miejsce na zimowe przeja\u017cd\u017cki. Poza tym szlaki dostosowane do r\u00f3\u017cnych poziom\u00f3w umiej\u0119tno\u015bci spra\u00adwiaj\u0105, \u017ce wyspa \u015bwietnie nadaje si\u0119 na rodzinne wyjazdy.<\/p>\n<p>Dla pocz\u0105tkuj\u0105cych i dzieci znajdzie si\u0119 kilka stosunkowo \u0142atwych tras na wybrze\u017cu, natomiast w g\u00f3rach nawet profesjonali\u015bci mog\u0105 natrafi\u0107 na twardy orzech do zgryzienia. Teren jest w ca\u0142o\u015bci zbudowany ze ska\u0142 wulkanicznych zmieszanych z drobnym piaskiem (co powinno by\u0107 wskaz\u00f3wk\u0105, by za\u0142o\u017cy\u0107 opony lepszej klasy). Mimo to dost\u0119pno\u015b\u0107 zupe\u0142nie nowych szlak\u00f3w i mo\u017cliwo\u015b\u0107 zjazdu z wysoko\u015bci ponad 2000 metr\u00f3w sprawia, \u017ce La Palma to istne \u201ethe best of\u201d zimowych szale\u0144stw dla entuzjast\u00f3w kolarstwa g\u00f3rskiego. Je\u015bli zdecydujesz si\u0119 na tak\u0105 podr\u00f3\u017c, pos\u0142uchaj s\u0142\u00f3wka ostrze\u017cenia: nie lekcewa\u017c zakaz\u00f3w. Dowiedz si\u0119, gdzie s\u0105 niebezpieczne miejsca, i omijaj je dla w\u0142asnego dobra. Zazwyczaj s\u0105 dobrze oznaczone, ale na wszelki wypadek nie oddalaj si\u0119 zbytnio od szlak\u00f3w.<\/p>\n<p>Oto kompletna lista pi\u0119ciu najlepszych miejsc na zimowy wypad z rowerem g\u00f3rskim. Pozostaje tylko wzi\u0105\u0107 urlop, wybra\u0107 miejsce i sprawdzi\u0107 bezpo\u015brednie loty. Do zobaczenia!<\/p>\n<p><a class=\"in-cell-link\" href=\"http:\/\/www.skoda-auto.pl\/\" target=\"_blank\" rel=\"noopener noreferrer\">Artyku\u0142 powsta\u0142 we wsp\u00f3\u0142pracy ze skoda-auto.pl<\/a><\/p>\n<p><img loading=\"lazy\" decoding=\"async\" class=\"alignnone size-full wp-image-11630 aligncenter\" src=\"https:\/\/d2p6e6u75xmxt8.cloudfront.net\/5\/2021\/12\/640x350-1.jpg\" alt=\"\" width=\"640\" height=\"350\" srcset=\"https:\/\/d2p6e6u75xmxt8.cloudfront.net\/5\/2021\/12\/640x350-1.jpg 640w, https:\/\/d2p6e6u75xmxt8.cloudfront.net\/5\/2021\/12\/640x350-1-300x164.jpg 300w\" sizes=\"auto, (max-width: 640px) 100vw, 640px\" \/><\/p>\n","protected":false},"excerpt":{"rendered":"<p>Je\u015bli dobija Ci\u0119 paskudna pogoda, najwy\u017cszy czas pomy\u015ble\u0107 o wyj\u0105t\u00adkowym urlopie z tym, kogo kochasz najbardziej na \u015bwiecie. Nie, nie [&hellip;]<\/p>\n","protected":false},"author":153,"featured_media":13524,"comment_status":"open","ping_status":"open","sticky":false,"template":"","format":"standard","meta":{"footnotes":""},"categories":[5],"tags":[21],"global-categories":[303],"class_list":["post-13523","post","type-post","status-publish","format-standard","has-post-thumbnail","hentry","category-outdoormtb","tag-outdoor","global-categories-cycling"],"yoast_head":"<!-- This site is optimized with the Yoast SEO Premium plugin v25.3 (Yoast SEO v25.9) - https:\/\/yoast.com\/wordpress\/plugins\/seo\/ -->\n<title>Jazda g\u00f3rska zim\u0105: 5 najlepszych miejsc - \u0160koda We Love Cycling - Poland<\/title>\n<meta name=\"robots\" content=\"index, follow, max-snippet:-1, max-image-preview:large, max-video-preview:-1\" \/>\n<link rel=\"canonical\" href=\"https:\/\/www.welovecycling.com\/pl\/2023\/02\/01\/jazda-gorska-zima-5-najlepszych-miejsc\/\" \/>\n<meta property=\"og:locale\" content=\"pl_PL\" \/>\n<meta property=\"og:type\" content=\"article\" \/>\n<meta property=\"og:title\" content=\"Jazda g\u00f3rska zim\u0105: 5 najlepszych miejsc\" \/>\n<meta property=\"og:description\" content=\"Je\u015bli dobija Ci\u0119 paskudna pogoda, najwy\u017cszy czas pomy\u015ble\u0107 o wyj\u0105t\u00adkowym urlopie z tym, kogo kochasz najbardziej na \u015bwiecie. Nie, nie [&hellip;]\" \/>\n<meta property=\"og:url\" content=\"https:\/\/www.welovecycling.com\/pl\/2023\/02\/01\/jazda-gorska-zima-5-najlepszych-miejsc\/\" \/>\n<meta property=\"og:site_name\" content=\"\u0160koda We Love Cycling - Poland\" \/>\n<meta property=\"article:published_time\" content=\"2023-02-01T12:58:19+00:00\" \/>\n<meta property=\"article:modified_time\" content=\"2023-02-01T13:01:14+00:00\" \/>\n<meta property=\"og:image\" content=\"https:\/\/d2p6e6u75xmxt8.cloudfront.net\/5\/2023\/02\/Gran-Canaria-profimedia-0218457242-CVR.webp\" \/>\n\t<meta property=\"og:image:width\" content=\"990\" \/>\n\t<meta property=\"og:image:height\" content=\"660\" \/>\n\t<meta property=\"og:image:type\" content=\"image\/webp\" \/>\n<meta name=\"author\" content=\"rafal\" \/>\n<meta name=\"twitter:card\" content=\"summary_large_image\" \/>\n<meta name=\"twitter:label1\" content=\"Written by\" \/>\n\t<meta name=\"twitter:data1\" content=\"Martin Atanasov\" \/>\n\t<meta name=\"twitter:label2\" content=\"Est. reading time\" \/>\n\t<meta name=\"twitter:data2\" content=\"6\" \/>\n<script type=\"application\/ld+json\" class=\"yoast-schema-graph\">{\"@context\":\"https:\/\/schema.org\",\"@graph\":[{\"@type\":\"WebPage\",\"@id\":\"https:\/\/www.welovecycling.com\/pl\/2023\/02\/01\/jazda-gorska-zima-5-najlepszych-miejsc\/\",\"url\":\"https:\/\/www.welovecycling.com\/pl\/2023\/02\/01\/jazda-gorska-zima-5-najlepszych-miejsc\/\",\"name\":\"Jazda g\u00f3rska zim\u0105: 5 najlepszych miejsc - \u0160koda We Love Cycling - Poland\",\"isPartOf\":{\"@id\":\"https:\/\/www.welovecycling.com\/pl\/#website\"},\"primaryImageOfPage\":{\"@id\":\"https:\/\/www.welovecycling.com\/pl\/2023\/02\/01\/jazda-gorska-zima-5-najlepszych-miejsc\/#primaryimage\"},\"image\":{\"@id\":\"https:\/\/www.welovecycling.com\/pl\/2023\/02\/01\/jazda-gorska-zima-5-najlepszych-miejsc\/#primaryimage\"},\"thumbnailUrl\":\"https:\/\/d2p6e6u75xmxt8.cloudfront.net\/5\/2023\/02\/Gran-Canaria-profimedia-0218457242-CVR.webp\",\"datePublished\":\"2023-02-01T12:58:19+00:00\",\"dateModified\":\"2023-02-01T13:01:14+00:00\",\"author\":{\"@id\":\"https:\/\/www.welovecycling.com\/pl\/#\/schema\/person\/bf06ed916a1ef16618807fb60d2ebe42\"},\"breadcrumb\":{\"@id\":\"https:\/\/www.welovecycling.com\/pl\/2023\/02\/01\/jazda-gorska-zima-5-najlepszych-miejsc\/#breadcrumb\"},\"inLanguage\":\"pl-PL\",\"potentialAction\":[{\"@type\":\"ReadAction\",\"target\":[\"https:\/\/www.welovecycling.com\/pl\/2023\/02\/01\/jazda-gorska-zima-5-najlepszych-miejsc\/\"]}]},{\"@type\":\"ImageObject\",\"inLanguage\":\"pl-PL\",\"@id\":\"https:\/\/www.welovecycling.com\/pl\/2023\/02\/01\/jazda-gorska-zima-5-najlepszych-miejsc\/#primaryimage\",\"url\":\"https:\/\/d2p6e6u75xmxt8.cloudfront.net\/5\/2023\/02\/Gran-Canaria-profimedia-0218457242-CVR.webp\",\"contentUrl\":\"https:\/\/d2p6e6u75xmxt8.cloudfront.net\/5\/2023\/02\/Gran-Canaria-profimedia-0218457242-CVR.webp\",\"width\":990,\"height\":660},{\"@type\":\"BreadcrumbList\",\"@id\":\"https:\/\/www.welovecycling.com\/pl\/2023\/02\/01\/jazda-gorska-zima-5-najlepszych-miejsc\/#breadcrumb\",\"itemListElement\":[{\"@type\":\"ListItem\",\"position\":1,\"name\":\"Home\",\"item\":\"https:\/\/www.welovecycling.com\/pl\/\"},{\"@type\":\"ListItem\",\"position\":2,\"name\":\"Jazda g\u00f3rska zim\u0105: 5 najlepszych miejsc\"}]},{\"@type\":\"WebSite\",\"@id\":\"https:\/\/www.welovecycling.com\/pl\/#website\",\"url\":\"https:\/\/www.welovecycling.com\/pl\/\",\"name\":\"\u0160koda We Love Cycling - Poland\",\"description\":\"\",\"potentialAction\":[{\"@type\":\"SearchAction\",\"target\":{\"@type\":\"EntryPoint\",\"urlTemplate\":\"https:\/\/www.welovecycling.com\/pl\/?s={search_term_string}\"},\"query-input\":{\"@type\":\"PropertyValueSpecification\",\"valueRequired\":true,\"valueName\":\"search_term_string\"}}],\"inLanguage\":\"pl-PL\"},{\"@type\":\"Person\",\"@id\":\"https:\/\/www.welovecycling.com\/pl\/#\/schema\/person\/bf06ed916a1ef16618807fb60d2ebe42\",\"name\":\"rafal\",\"image\":{\"@type\":\"ImageObject\",\"inLanguage\":\"pl-PL\",\"@id\":\"https:\/\/www.welovecycling.com\/pl\/#\/schema\/person\/image\/\",\"url\":\"https:\/\/secure.gravatar.com\/avatar\/203f240e63bee214f6f3a0dacbeb600c7829c09716c2b9ee3230c6961debcde2?s=96&d=mm&r=g\",\"contentUrl\":\"https:\/\/secure.gravatar.com\/avatar\/203f240e63bee214f6f3a0dacbeb600c7829c09716c2b9ee3230c6961debcde2?s=96&d=mm&r=g\",\"caption\":\"rafal\"},\"url\":\"https:\/\/www.welovecycling.com\/pl\/author\/rafal\/\"}]}<\/script>\n<!-- \/ Yoast SEO Premium plugin. -->","yoast_head_json":{"title":"Jazda g\u00f3rska zim\u0105: 5 najlepszych miejsc - \u0160koda We Love Cycling - Poland","robots":{"index":"index","follow":"follow","max-snippet":"max-snippet:-1","max-image-preview":"max-image-preview:large","max-video-preview":"max-video-preview:-1"},"canonical":"https:\/\/www.welovecycling.com\/pl\/2023\/02\/01\/jazda-gorska-zima-5-najlepszych-miejsc\/","og_locale":"pl_PL","og_type":"article","og_title":"Jazda g\u00f3rska zim\u0105: 5 najlepszych miejsc","og_description":"Je\u015bli dobija Ci\u0119 paskudna pogoda, najwy\u017cszy czas pomy\u015ble\u0107 o wyj\u0105t\u00adkowym urlopie z tym, kogo kochasz najbardziej na \u015bwiecie. Nie, nie [&hellip;]","og_url":"https:\/\/www.welovecycling.com\/pl\/2023\/02\/01\/jazda-gorska-zima-5-najlepszych-miejsc\/","og_site_name":"\u0160koda We Love Cycling - Poland","article_published_time":"2023-02-01T12:58:19+00:00","article_modified_time":"2023-02-01T13:01:14+00:00","og_image":[{"width":990,"height":660,"url":"https:\/\/d2p6e6u75xmxt8.cloudfront.net\/5\/2023\/02\/Gran-Canaria-profimedia-0218457242-CVR.webp","type":"image\/webp"}],"author":"rafal","twitter_card":"summary_large_image","twitter_misc":{"Written by":"Martin Atanasov","Est. reading time":"6"},"schema":{"@context":"https:\/\/schema.org","@graph":[{"@type":"WebPage","@id":"https:\/\/www.welovecycling.com\/pl\/2023\/02\/01\/jazda-gorska-zima-5-najlepszych-miejsc\/","url":"https:\/\/www.welovecycling.com\/pl\/2023\/02\/01\/jazda-gorska-zima-5-najlepszych-miejsc\/","name":"Jazda g\u00f3rska zim\u0105: 5 najlepszych miejsc - \u0160koda We Love Cycling - Poland","isPartOf":{"@id":"https:\/\/www.welovecycling.com\/pl\/#website"},"primaryImageOfPage":{"@id":"https:\/\/www.welovecycling.com\/pl\/2023\/02\/01\/jazda-gorska-zima-5-najlepszych-miejsc\/#primaryimage"},"image":{"@id":"https:\/\/www.welovecycling.com\/pl\/2023\/02\/01\/jazda-gorska-zima-5-najlepszych-miejsc\/#primaryimage"},"thumbnailUrl":"https:\/\/d2p6e6u75xmxt8.cloudfront.net\/5\/2023\/02\/Gran-Canaria-profimedia-0218457242-CVR.webp","datePublished":"2023-02-01T12:58:19+00:00","dateModified":"2023-02-01T13:01:14+00:00","author":{"@id":"https:\/\/www.welovecycling.com\/pl\/#\/schema\/person\/bf06ed916a1ef16618807fb60d2ebe42"},"breadcrumb":{"@id":"https:\/\/www.welovecycling.com\/pl\/2023\/02\/01\/jazda-gorska-zima-5-najlepszych-miejsc\/#breadcrumb"},"inLanguage":"pl-PL","potentialAction":[{"@type":"ReadAction","target":["https:\/\/www.welovecycling.com\/pl\/2023\/02\/01\/jazda-gorska-zima-5-najlepszych-miejsc\/"]}]},{"@type":"ImageObject","inLanguage":"pl-PL","@id":"https:\/\/www.welovecycling.com\/pl\/2023\/02\/01\/jazda-gorska-zima-5-najlepszych-miejsc\/#primaryimage","url":"https:\/\/d2p6e6u75xmxt8.cloudfront.net\/5\/2023\/02\/Gran-Canaria-profimedia-0218457242-CVR.webp","contentUrl":"https:\/\/d2p6e6u75xmxt8.cloudfront.net\/5\/2023\/02\/Gran-Canaria-profimedia-0218457242-CVR.webp","width":990,"height":660},{"@type":"BreadcrumbList","@id":"https:\/\/www.welovecycling.com\/pl\/2023\/02\/01\/jazda-gorska-zima-5-najlepszych-miejsc\/#breadcrumb","itemListElement":[{"@type":"ListItem","position":1,"name":"Home","item":"https:\/\/www.welovecycling.com\/pl\/"},{"@type":"ListItem","position":2,"name":"Jazda g\u00f3rska zim\u0105: 5 najlepszych miejsc"}]},{"@type":"WebSite","@id":"https:\/\/www.welovecycling.com\/pl\/#website","url":"https:\/\/www.welovecycling.com\/pl\/","name":"\u0160koda We Love Cycling - Poland","description":"","potentialAction":[{"@type":"SearchAction","target":{"@type":"EntryPoint","urlTemplate":"https:\/\/www.welovecycling.com\/pl\/?s={search_term_string}"},"query-input":{"@type":"PropertyValueSpecification","valueRequired":true,"valueName":"search_term_string"}}],"inLanguage":"pl-PL"},{"@type":"Person","@id":"https:\/\/www.welovecycling.com\/pl\/#\/schema\/person\/bf06ed916a1ef16618807fb60d2ebe42","name":"rafal","image":{"@type":"ImageObject","inLanguage":"pl-PL","@id":"https:\/\/www.welovecycling.com\/pl\/#\/schema\/person\/image\/","url":"https:\/\/secure.gravatar.com\/avatar\/203f240e63bee214f6f3a0dacbeb600c7829c09716c2b9ee3230c6961debcde2?s=96&d=mm&r=g","contentUrl":"https:\/\/secure.gravatar.com\/avatar\/203f240e63bee214f6f3a0dacbeb600c7829c09716c2b9ee3230c6961debcde2?s=96&d=mm&r=g","caption":"rafal"},"url":"https:\/\/www.welovecycling.com\/pl\/author\/rafal\/"}]}},"_links":{"self":[{"href":"https:\/\/www.welovecycling.com\/pl\/wp-json\/wp\/v2\/posts\/13523","targetHints":{"allow":["GET"]}}],"collection":[{"href":"https:\/\/www.welovecycling.com\/pl\/wp-json\/wp\/v2\/posts"}],"about":[{"href":"https:\/\/www.welovecycling.com\/pl\/wp-json\/wp\/v2\/types\/post"}],"author":[{"embeddable":true,"href":"https:\/\/www.welovecycling.com\/pl\/wp-json\/wp\/v2\/users\/153"}],"replies":[{"embeddable":true,"href":"https:\/\/www.welovecycling.com\/pl\/wp-json\/wp\/v2\/comments?post=13523"}],"version-history":[{"count":2,"href":"https:\/\/www.welovecycling.com\/pl\/wp-json\/wp\/v2\/posts\/13523\/revisions"}],"predecessor-version":[{"id":13527,"href":"https:\/\/www.welovecycling.com\/pl\/wp-json\/wp\/v2\/posts\/13523\/revisions\/13527"}],"wp:featuredmedia":[{"embeddable":true,"href":"https:\/\/www.welovecycling.com\/pl\/wp-json\/wp\/v2\/media\/13524"}],"wp:attachment":[{"href":"https:\/\/www.welovecycling.com\/pl\/wp-json\/wp\/v2\/media?parent=13523"}],"wp:term":[{"taxonomy":"category","embeddable":true,"href":"https:\/\/www.welovecycling.com\/pl\/wp-json\/wp\/v2\/categories?post=13523"},{"taxonomy":"post_tag","embeddable":true,"href":"https:\/\/www.welovecycling.com\/pl\/wp-json\/wp\/v2\/tags?post=13523"},{"taxonomy":"global-categories","embeddable":true,"href":"https:\/\/www.welovecycling.com\/pl\/wp-json\/wp\/v2\/global-categories?post=13523"}],"curies":[{"name":"wp","href":"https:\/\/api.w.org\/{rel}","templated":true}]}}