{"id":13514,"date":"2023-01-25T12:53:01","date_gmt":"2023-01-25T12:53:01","guid":{"rendered":"https:\/\/www.welovecycling.com\/pl\/?p=13514"},"modified":"2023-01-25T12:53:01","modified_gmt":"2023-01-25T12:53:01","slug":"wlochy-gospodarzem-grand-depart-tour-de-france-w-2024-roku","status":"publish","type":"post","link":"https:\/\/www.welovecycling.com\/pl\/2023\/01\/25\/wlochy-gospodarzem-grand-depart-tour-de-france-w-2024-roku\/","title":{"rendered":"W\u0142ochy gospodarzem Grand D\u00e9part Tour de France w 2024 roku"},"content":{"rendered":"<p><strong>Pog\u0142oski si\u0119 potwierdzi\u0142y! 111. edycja Tour de France rozpocznie si\u0119 we W\u0142oszech. ASO potwierdzi\u0142a t\u0119 wiadomo\u015b\u0107 w komunikacie prasowym w \u015brod\u0119 wieczorem, tu\u017c po zapowiedzi dyrektora wy\u015bcigu Christiana Prudhomme\u2019a we w\u0142oskiej telewizji. Wy\u015bcig wystartuje we W\u0142oszech po stu latach od chwili, gdy Ottavio Bottecchia po raz pierwszy przej\u0105\u0142 trofeum na drug\u0105 stron\u0119 Alp.<\/strong><\/p>\n<p>W 2024 roku program pierwszych trzech etap\u00f3w zapewni okazj\u0119 do podziwiania majestatycznej panoramy w\u0142oskich miast i naturalnych krajobraz\u00f3w, otwieraj\u0105c zarazem rywalizacj\u0119 w ramach wyj\u0105tkowego sportowego wyzwania. Po opuszczeniu przepi\u0119knej Florencji trasa wiod\u0105ca przez Toskani\u0119 i region Emilia-Romania, z fina\u0142em w nadmorskim Rimini, postawi zawodnik\u00f3w w obliczu konieczno\u015bci pokonania 3700 metr\u00f3w przewy\u017cszenia ju\u017c od pierwszego dnia \u2013 w tym wypadku fortuna istotnie b\u0119dzie sprzyja\u0107 najodwa\u017cniejszym. Po drodze peleton czeka jeszcze wspinaczka w San Marino, umieszczaj\u0105c to mikropa\u0144stwo na li\u015bcie 14 kraj\u00f3w, kt\u00f3re go\u015bci\u0142y Grande Boucle.<\/p>\n<p>Nast\u0119pnego dnia, po starcie z dworca w Cesenatico, miejscu ostatniego spoczynku Marco Pantaniego, kolarze ponownie wjad\u0105 w liczne pag\u00f3rki \u2013 na szlaku wiod\u0105cym do Bolonii zawodnicy od dawna wymieniaj\u0105 ciosy na podje\u017adzie pod San Luca w Giro dell\u2019Emilia-Romagna. Czas szybkich sprinter\u00f3w nadejdzie natomiast w Turynie, stolicy Piemontu, ciesz\u0105cym si\u0119 znacznym presti\u017cem ze wzgl\u0119du na wszystkie zlokalizowane w tym mie\u015bcie ko\u0144cowe etapy Giro d\u2019Italia.<\/p>\n<p>\u2013\u00a0Florencja rozmawia\u0142a z nami o tym od dawna, Emilia-Romagna piel\u0119g\u00adnowa\u0142a swoje gor\u0105ce pragnienie, a potem na pok\u0142ad wszed\u0142 Piemont \u2013 relacjonuje w komunikacie prasowym Chrtistian Prudhomme, dyrektor Tour de France. \u2013\u00a0W\u0142ochy naprawd\u0119 podnios\u0142y do sze\u015bcianu swoje ambicje, by go\u015bci\u0107 Grand D\u00e9part. Ich zapa\u0142 i synergia pozwol\u0105 naprawi\u0107 historyczne b\u0142\u0119dy, gdy po raz pierwszy Tour de France rozpocznie si\u0119 na P\u00f3\u0142wyspie Apeni\u0144skim, a ko\u0142a rower\u00f3w wykonaj\u0105 pierwszy obr\u00f3t w tym szczerze zakochanym w kolarstwie kraju.<\/p>\n<p>\u2013\u00a0Dok\u0142adnie sto lat od dnia, gdy Ottavio Bottecchia zosta\u0142 pierwszym zwyci\u0119zc\u0105 Tour z drugiej strony Alp, peleton pojedzie od miejsca narodzin mistrza Gino Bartaliego, Sprawiedliwego w\u015br\u00f3d Narod\u00f3w \u015awiata, do miejsca ostatniego spoczynku powszechnie uwielbianego Marco Pantaniego, niezapomnianego <em>Pirata<\/em>, by wreszcie z\u0142o\u017cy\u0107 ho\u0142d <em>campionissimo<\/em> Fausto Coppiemu. \u2013\u00a0Te trzy etapy poprowadz\u0105 nas przez majestatyczne krajobrazy. Liderzy b\u0119d\u0105 musieli wzi\u0105\u0107 sprawy w swoje r\u0119ce ju\u017c od weekendu otwarcia. To b\u0119dzie co\u015b niebywa\u0142ego \u2013 czysta magia.<\/p>\n<p><strong>Pierwsze trzy etapy Tour de France w 2024 roku:<\/strong><\/p>\n<ul>\n<li>Sobota, 29 czerwca \u2013 Etap 1: Florencja &gt; Rimini, 205 km<\/li>\n<li>Niedziela, 30 czerwca \u2013 Etap 2: Cesenatico &gt; Bolonia, 200 km<\/li>\n<li>Poniedzia\u0142ek, 1 lipca \u2013 Etap 3: Piacenza &gt; Turyn, 225 km<\/li>\n<\/ul>\n<p><strong>Siedmiu w\u0142oskich zwyci\u0119zc\u00f3w Tour de France:<\/strong><\/p>\n<ul>\n<li>Ottavio Bottecchia (1924 i 1925)<\/li>\n<li>Gino Bartali (1938 i 1948)<\/li>\n<li>Fausto Coppi (1949 i 1952)<\/li>\n<li>Gastone Nencini (1960)<\/li>\n<li>Felice Gimondi (1965)<\/li>\n<li>Marco Pantani (1998)<\/li>\n<li>Vincenzo Nibali (2014)<\/li>\n<\/ul>\n<h3><strong>Etapy we W\u0142oszech<\/strong>:<\/h3>\n<p><strong>1948:<\/strong><\/p>\n<ul>\n<li>Marsylia &gt; San Remo (wygra\u0142 Gino Sciardis)<\/li>\n<\/ul>\n<p><strong>1949:<\/strong><\/p>\n<ul>\n<li>Brian\u00e7on &gt; Aoste (Fausto Coppi)<\/li>\n<li>Saint-Vincent-d\u2019Aoste &gt; Lozanna (Vincenzo Rossello)<\/li>\n<\/ul>\n<p><strong>1952:<\/strong><\/p>\n<ul>\n<li>Le Bourg-d\u2019Oisans &gt; Sestri\u00e8res (Fausto Coppi)<\/li>\n<li>Sestri\u00e8res &gt; Monako (Jan Nolten)<\/li>\n<\/ul>\n<p><strong>1956:<\/strong><\/p>\n<ul>\n<li>Gap &gt; Turyn (Nino Defilippis)<\/li>\n<li>Turyn &gt; Grenoble (Charly Gaul)<\/li>\n<\/ul>\n<p><strong>1959:<\/strong><\/p>\n<ul>\n<li>Lautaret &gt; Saint-Vincent, Aosta (Ercole Baldini)<\/li>\n<li>Saint-Vincent, Aosta &gt; Annecy (Rolf Graf)<\/li>\n<\/ul>\n<p><strong>1961:<\/strong><\/p>\n<ul>\n<li>Grenoble &gt;\u00a0Turyn (Guy Ignolin)<\/li>\n<li>Turyn &gt; Antibes-Juan-les-Pins (Guido Carlesi)<\/li>\n<\/ul>\n<p><strong>1966:<\/strong><\/p>\n<ul>\n<li>Brian\u00e7on &gt; Turyn (Franco Bitossi)<\/li>\n<li>Ivrea &gt; Chamonix (Eddy Schutz)<\/li>\n<\/ul>\n<p><strong>1992:<\/strong><\/p>\n<ul>\n<li>Saint-Gervais &gt; Sestriere (Claudio Chiappucci)<\/li>\n<li>Sestriere &gt; Alpe d\u2019Huez (Andrew Hampsten)<\/li>\n<\/ul>\n<p><strong>1996:<\/strong><\/p>\n<ul>\n<li>Le Mon\u00eatier-les-Bains &gt; Sestriere (Bjarne Riis)<\/li>\n<li>Turyn &gt; Gap (Erik Zabel)<\/li>\n<\/ul>\n<p><strong>1999:<\/strong><\/p>\n<ul>\n<li>Le Grand-Bornand &gt; Sestriere (Lance Armstrong)<\/li>\n<li>Sestriere &gt; Alpe d\u2019Huez (Giuseppe Guerini)<\/li>\n<\/ul>\n<p><strong>2008:<\/strong><\/p>\n<ul>\n<li>Embrun &gt; Prato Nevoso (Simon Gerrans)<\/li>\n<li>Cuneo &gt; Jausiers (Cyril Dessel)<\/li>\n<\/ul>\n<p><strong>2011:<\/strong><\/p>\n<ul>\n<li>Gap &gt; Pinerolo (Edvald Boasson Hagen)<\/li>\n<li>Pinerolo &gt; Col du Galibier (Andy Schleck)<\/li>\n<\/ul>\n<p><span data-sheets-value=\"{&quot;1&quot;:2,&quot;2&quot;:&quot;Artyku\u0142 powsta\u0142 we wsp\u00f3\u0142pracy ze skoda-auto.pl&quot;}\" data-sheets-userformat=\"{&quot;2&quot;:1,&quot;3&quot;:{&quot;1&quot;:0}}\" data-sheets-hyperlink=\"http:\/\/www.skoda-auto.pl\/\"><a class=\"in-cell-link\" href=\"http:\/\/www.skoda-auto.pl\/\" target=\"_blank\" rel=\"noopener noreferrer\">Artyku\u0142 powsta\u0142 we wsp\u00f3\u0142pracy ze skoda-auto.pl<\/a><\/span><\/p>\n<p><a href=\"https:\/\/www.skoda-auto.pl\/modele\/nowa-octavia\"><img loading=\"lazy\" decoding=\"async\" class=\"alignnone size-full wp-image-11630 aligncenter\" src=\"https:\/\/d2p6e6u75xmxt8.cloudfront.net\/5\/2021\/12\/640x350-1.jpg\" alt=\"\" width=\"640\" height=\"350\" srcset=\"https:\/\/d2p6e6u75xmxt8.cloudfront.net\/5\/2021\/12\/640x350-1.jpg 640w, https:\/\/d2p6e6u75xmxt8.cloudfront.net\/5\/2021\/12\/640x350-1-300x164.jpg 300w\" sizes=\"auto, (max-width: 640px) 100vw, 640px\" \/><\/a><\/p>\n","protected":false},"excerpt":{"rendered":"<p>Pog\u0142oski si\u0119 potwierdzi\u0142y! 111. edycja Tour de France rozpocznie si\u0119 we W\u0142oszech. ASO potwierdzi\u0142a t\u0119 wiadomo\u015b\u0107 w komunikacie prasowym w [&hellip;]<\/p>\n","protected":false},"author":153,"featured_media":13515,"comment_status":"open","ping_status":"open","sticky":false,"template":"","format":"standard","meta":{"footnotes":""},"categories":[6],"tags":[77],"global-categories":[303],"class_list":["post-13514","post","type-post","status-publish","format-standard","has-post-thumbnail","hentry","category-kolarstwo-szosowe","tag-tour-de-france","global-categories-cycling"],"yoast_head":"<!-- This site is optimized with the Yoast SEO Premium plugin v25.3 (Yoast SEO v25.9) - https:\/\/yoast.com\/wordpress\/plugins\/seo\/ -->\n<title>W\u0142ochy gospodarzem Grand D\u00e9part Tour de France w 2024 roku - \u0160koda We Love Cycling - Poland<\/title>\n<meta name=\"robots\" content=\"index, follow, max-snippet:-1, max-image-preview:large, max-video-preview:-1\" \/>\n<link rel=\"canonical\" href=\"https:\/\/www.welovecycling.com\/pl\/2023\/01\/25\/wlochy-gospodarzem-grand-depart-tour-de-france-w-2024-roku\/\" \/>\n<meta property=\"og:locale\" content=\"pl_PL\" \/>\n<meta property=\"og:type\" content=\"article\" \/>\n<meta property=\"og:title\" content=\"W\u0142ochy gospodarzem Grand D\u00e9part Tour de France w 2024 roku\" \/>\n<meta property=\"og:description\" content=\"Pog\u0142oski si\u0119 potwierdzi\u0142y! 111. edycja Tour de France rozpocznie si\u0119 we W\u0142oszech. ASO potwierdzi\u0142a t\u0119 wiadomo\u015b\u0107 w komunikacie prasowym w [&hellip;]\" \/>\n<meta property=\"og:url\" content=\"https:\/\/www.welovecycling.com\/pl\/2023\/01\/25\/wlochy-gospodarzem-grand-depart-tour-de-france-w-2024-roku\/\" \/>\n<meta property=\"og:site_name\" content=\"\u0160koda We Love Cycling - Poland\" \/>\n<meta property=\"article:published_time\" content=\"2023-01-25T12:53:01+00:00\" \/>\n<meta property=\"og:image\" content=\"https:\/\/d2p6e6u75xmxt8.cloudfront.net\/5\/2023\/01\/pexels-josh-hild-2422461.webp\" \/>\n\t<meta property=\"og:image:width\" content=\"1280\" \/>\n\t<meta property=\"og:image:height\" content=\"853\" \/>\n\t<meta property=\"og:image:type\" content=\"image\/webp\" \/>\n<meta name=\"author\" content=\"rafal\" \/>\n<meta name=\"twitter:card\" content=\"summary_large_image\" \/>\n<meta name=\"twitter:label1\" content=\"Written by\" \/>\n\t<meta name=\"twitter:data1\" content=\"Monica Buck\" \/>\n\t<meta name=\"twitter:label2\" content=\"Est. reading time\" \/>\n\t<meta name=\"twitter:data2\" content=\"5\" \/>\n<script type=\"application\/ld+json\" class=\"yoast-schema-graph\">{\"@context\":\"https:\/\/schema.org\",\"@graph\":[{\"@type\":\"WebPage\",\"@id\":\"https:\/\/www.welovecycling.com\/pl\/2023\/01\/25\/wlochy-gospodarzem-grand-depart-tour-de-france-w-2024-roku\/\",\"url\":\"https:\/\/www.welovecycling.com\/pl\/2023\/01\/25\/wlochy-gospodarzem-grand-depart-tour-de-france-w-2024-roku\/\",\"name\":\"W\u0142ochy gospodarzem Grand D\u00e9part Tour de France w 2024 roku - \u0160koda We Love Cycling - Poland\",\"isPartOf\":{\"@id\":\"https:\/\/www.welovecycling.com\/pl\/#website\"},\"primaryImageOfPage\":{\"@id\":\"https:\/\/www.welovecycling.com\/pl\/2023\/01\/25\/wlochy-gospodarzem-grand-depart-tour-de-france-w-2024-roku\/#primaryimage\"},\"image\":{\"@id\":\"https:\/\/www.welovecycling.com\/pl\/2023\/01\/25\/wlochy-gospodarzem-grand-depart-tour-de-france-w-2024-roku\/#primaryimage\"},\"thumbnailUrl\":\"https:\/\/d2p6e6u75xmxt8.cloudfront.net\/5\/2023\/01\/pexels-josh-hild-2422461.webp\",\"datePublished\":\"2023-01-25T12:53:01+00:00\",\"author\":{\"@id\":\"https:\/\/www.welovecycling.com\/pl\/#\/schema\/person\/bf06ed916a1ef16618807fb60d2ebe42\"},\"breadcrumb\":{\"@id\":\"https:\/\/www.welovecycling.com\/pl\/2023\/01\/25\/wlochy-gospodarzem-grand-depart-tour-de-france-w-2024-roku\/#breadcrumb\"},\"inLanguage\":\"pl-PL\",\"potentialAction\":[{\"@type\":\"ReadAction\",\"target\":[\"https:\/\/www.welovecycling.com\/pl\/2023\/01\/25\/wlochy-gospodarzem-grand-depart-tour-de-france-w-2024-roku\/\"]}]},{\"@type\":\"ImageObject\",\"inLanguage\":\"pl-PL\",\"@id\":\"https:\/\/www.welovecycling.com\/pl\/2023\/01\/25\/wlochy-gospodarzem-grand-depart-tour-de-france-w-2024-roku\/#primaryimage\",\"url\":\"https:\/\/d2p6e6u75xmxt8.cloudfront.net\/5\/2023\/01\/pexels-josh-hild-2422461.webp\",\"contentUrl\":\"https:\/\/d2p6e6u75xmxt8.cloudfront.net\/5\/2023\/01\/pexels-josh-hild-2422461.webp\",\"width\":1280,\"height\":853},{\"@type\":\"BreadcrumbList\",\"@id\":\"https:\/\/www.welovecycling.com\/pl\/2023\/01\/25\/wlochy-gospodarzem-grand-depart-tour-de-france-w-2024-roku\/#breadcrumb\",\"itemListElement\":[{\"@type\":\"ListItem\",\"position\":1,\"name\":\"Home\",\"item\":\"https:\/\/www.welovecycling.com\/pl\/\"},{\"@type\":\"ListItem\",\"position\":2,\"name\":\"W\u0142ochy gospodarzem Grand D\u00e9part Tour de France w 2024 roku\"}]},{\"@type\":\"WebSite\",\"@id\":\"https:\/\/www.welovecycling.com\/pl\/#website\",\"url\":\"https:\/\/www.welovecycling.com\/pl\/\",\"name\":\"\u0160koda We Love Cycling - Poland\",\"description\":\"\",\"potentialAction\":[{\"@type\":\"SearchAction\",\"target\":{\"@type\":\"EntryPoint\",\"urlTemplate\":\"https:\/\/www.welovecycling.com\/pl\/?s={search_term_string}\"},\"query-input\":{\"@type\":\"PropertyValueSpecification\",\"valueRequired\":true,\"valueName\":\"search_term_string\"}}],\"inLanguage\":\"pl-PL\"},{\"@type\":\"Person\",\"@id\":\"https:\/\/www.welovecycling.com\/pl\/#\/schema\/person\/bf06ed916a1ef16618807fb60d2ebe42\",\"name\":\"rafal\",\"image\":{\"@type\":\"ImageObject\",\"inLanguage\":\"pl-PL\",\"@id\":\"https:\/\/www.welovecycling.com\/pl\/#\/schema\/person\/image\/\",\"url\":\"https:\/\/secure.gravatar.com\/avatar\/203f240e63bee214f6f3a0dacbeb600c7829c09716c2b9ee3230c6961debcde2?s=96&d=mm&r=g\",\"contentUrl\":\"https:\/\/secure.gravatar.com\/avatar\/203f240e63bee214f6f3a0dacbeb600c7829c09716c2b9ee3230c6961debcde2?s=96&d=mm&r=g\",\"caption\":\"rafal\"},\"url\":\"https:\/\/www.welovecycling.com\/pl\/author\/rafal\/\"}]}<\/script>\n<!-- \/ Yoast SEO Premium plugin. -->","yoast_head_json":{"title":"W\u0142ochy gospodarzem Grand D\u00e9part Tour de France w 2024 roku - \u0160koda We Love Cycling - Poland","robots":{"index":"index","follow":"follow","max-snippet":"max-snippet:-1","max-image-preview":"max-image-preview:large","max-video-preview":"max-video-preview:-1"},"canonical":"https:\/\/www.welovecycling.com\/pl\/2023\/01\/25\/wlochy-gospodarzem-grand-depart-tour-de-france-w-2024-roku\/","og_locale":"pl_PL","og_type":"article","og_title":"W\u0142ochy gospodarzem Grand D\u00e9part Tour de France w 2024 roku","og_description":"Pog\u0142oski si\u0119 potwierdzi\u0142y! 111. edycja Tour de France rozpocznie si\u0119 we W\u0142oszech. ASO potwierdzi\u0142a t\u0119 wiadomo\u015b\u0107 w komunikacie prasowym w [&hellip;]","og_url":"https:\/\/www.welovecycling.com\/pl\/2023\/01\/25\/wlochy-gospodarzem-grand-depart-tour-de-france-w-2024-roku\/","og_site_name":"\u0160koda We Love Cycling - Poland","article_published_time":"2023-01-25T12:53:01+00:00","og_image":[{"width":1280,"height":853,"url":"https:\/\/d2p6e6u75xmxt8.cloudfront.net\/5\/2023\/01\/pexels-josh-hild-2422461.webp","type":"image\/webp"}],"author":"rafal","twitter_card":"summary_large_image","twitter_misc":{"Written by":"Monica Buck","Est. reading time":"5"},"schema":{"@context":"https:\/\/schema.org","@graph":[{"@type":"WebPage","@id":"https:\/\/www.welovecycling.com\/pl\/2023\/01\/25\/wlochy-gospodarzem-grand-depart-tour-de-france-w-2024-roku\/","url":"https:\/\/www.welovecycling.com\/pl\/2023\/01\/25\/wlochy-gospodarzem-grand-depart-tour-de-france-w-2024-roku\/","name":"W\u0142ochy gospodarzem Grand D\u00e9part Tour de France w 2024 roku - \u0160koda We Love Cycling - Poland","isPartOf":{"@id":"https:\/\/www.welovecycling.com\/pl\/#website"},"primaryImageOfPage":{"@id":"https:\/\/www.welovecycling.com\/pl\/2023\/01\/25\/wlochy-gospodarzem-grand-depart-tour-de-france-w-2024-roku\/#primaryimage"},"image":{"@id":"https:\/\/www.welovecycling.com\/pl\/2023\/01\/25\/wlochy-gospodarzem-grand-depart-tour-de-france-w-2024-roku\/#primaryimage"},"thumbnailUrl":"https:\/\/d2p6e6u75xmxt8.cloudfront.net\/5\/2023\/01\/pexels-josh-hild-2422461.webp","datePublished":"2023-01-25T12:53:01+00:00","author":{"@id":"https:\/\/www.welovecycling.com\/pl\/#\/schema\/person\/bf06ed916a1ef16618807fb60d2ebe42"},"breadcrumb":{"@id":"https:\/\/www.welovecycling.com\/pl\/2023\/01\/25\/wlochy-gospodarzem-grand-depart-tour-de-france-w-2024-roku\/#breadcrumb"},"inLanguage":"pl-PL","potentialAction":[{"@type":"ReadAction","target":["https:\/\/www.welovecycling.com\/pl\/2023\/01\/25\/wlochy-gospodarzem-grand-depart-tour-de-france-w-2024-roku\/"]}]},{"@type":"ImageObject","inLanguage":"pl-PL","@id":"https:\/\/www.welovecycling.com\/pl\/2023\/01\/25\/wlochy-gospodarzem-grand-depart-tour-de-france-w-2024-roku\/#primaryimage","url":"https:\/\/d2p6e6u75xmxt8.cloudfront.net\/5\/2023\/01\/pexels-josh-hild-2422461.webp","contentUrl":"https:\/\/d2p6e6u75xmxt8.cloudfront.net\/5\/2023\/01\/pexels-josh-hild-2422461.webp","width":1280,"height":853},{"@type":"BreadcrumbList","@id":"https:\/\/www.welovecycling.com\/pl\/2023\/01\/25\/wlochy-gospodarzem-grand-depart-tour-de-france-w-2024-roku\/#breadcrumb","itemListElement":[{"@type":"ListItem","position":1,"name":"Home","item":"https:\/\/www.welovecycling.com\/pl\/"},{"@type":"ListItem","position":2,"name":"W\u0142ochy gospodarzem Grand D\u00e9part Tour de France w 2024 roku"}]},{"@type":"WebSite","@id":"https:\/\/www.welovecycling.com\/pl\/#website","url":"https:\/\/www.welovecycling.com\/pl\/","name":"\u0160koda We Love Cycling - Poland","description":"","potentialAction":[{"@type":"SearchAction","target":{"@type":"EntryPoint","urlTemplate":"https:\/\/www.welovecycling.com\/pl\/?s={search_term_string}"},"query-input":{"@type":"PropertyValueSpecification","valueRequired":true,"valueName":"search_term_string"}}],"inLanguage":"pl-PL"},{"@type":"Person","@id":"https:\/\/www.welovecycling.com\/pl\/#\/schema\/person\/bf06ed916a1ef16618807fb60d2ebe42","name":"rafal","image":{"@type":"ImageObject","inLanguage":"pl-PL","@id":"https:\/\/www.welovecycling.com\/pl\/#\/schema\/person\/image\/","url":"https:\/\/secure.gravatar.com\/avatar\/203f240e63bee214f6f3a0dacbeb600c7829c09716c2b9ee3230c6961debcde2?s=96&d=mm&r=g","contentUrl":"https:\/\/secure.gravatar.com\/avatar\/203f240e63bee214f6f3a0dacbeb600c7829c09716c2b9ee3230c6961debcde2?s=96&d=mm&r=g","caption":"rafal"},"url":"https:\/\/www.welovecycling.com\/pl\/author\/rafal\/"}]}},"_links":{"self":[{"href":"https:\/\/www.welovecycling.com\/pl\/wp-json\/wp\/v2\/posts\/13514","targetHints":{"allow":["GET"]}}],"collection":[{"href":"https:\/\/www.welovecycling.com\/pl\/wp-json\/wp\/v2\/posts"}],"about":[{"href":"https:\/\/www.welovecycling.com\/pl\/wp-json\/wp\/v2\/types\/post"}],"author":[{"embeddable":true,"href":"https:\/\/www.welovecycling.com\/pl\/wp-json\/wp\/v2\/users\/153"}],"replies":[{"embeddable":true,"href":"https:\/\/www.welovecycling.com\/pl\/wp-json\/wp\/v2\/comments?post=13514"}],"version-history":[{"count":2,"href":"https:\/\/www.welovecycling.com\/pl\/wp-json\/wp\/v2\/posts\/13514\/revisions"}],"predecessor-version":[{"id":13521,"href":"https:\/\/www.welovecycling.com\/pl\/wp-json\/wp\/v2\/posts\/13514\/revisions\/13521"}],"wp:featuredmedia":[{"embeddable":true,"href":"https:\/\/www.welovecycling.com\/pl\/wp-json\/wp\/v2\/media\/13515"}],"wp:attachment":[{"href":"https:\/\/www.welovecycling.com\/pl\/wp-json\/wp\/v2\/media?parent=13514"}],"wp:term":[{"taxonomy":"category","embeddable":true,"href":"https:\/\/www.welovecycling.com\/pl\/wp-json\/wp\/v2\/categories?post=13514"},{"taxonomy":"post_tag","embeddable":true,"href":"https:\/\/www.welovecycling.com\/pl\/wp-json\/wp\/v2\/tags?post=13514"},{"taxonomy":"global-categories","embeddable":true,"href":"https:\/\/www.welovecycling.com\/pl\/wp-json\/wp\/v2\/global-categories?post=13514"}],"curies":[{"name":"wp","href":"https:\/\/api.w.org\/{rel}","templated":true}]}}