{"id":1351,"date":"2016-07-06T17:06:38","date_gmt":"2016-07-06T17:06:38","guid":{"rendered":"http:\/\/skoda-rowery.pl\/?p=1351"},"modified":"2016-12-05T08:49:22","modified_gmt":"2016-12-05T08:49:22","slug":"tour-de-france-2016-jest-co-ogladac","status":"publish","type":"post","link":"https:\/\/www.welovecycling.com\/pl\/2016\/07\/06\/tour-de-france-2016-jest-co-ogladac\/","title":{"rendered":"Tour de France 2016 \u2013 jest co ogl\u0105da\u0107!"},"content":{"rendered":"<p style=\"text-align: justify\">Tegoroczna trasa b\u0119dzie bardzo atrakcyjna wizualnie \u2013 wybrali\u015bmy z niej najpi\u0119kniejsze etapy, kt\u00f3re szczeg\u00f3lnie warto zobaczy\u0107 i prze\u017cywa\u0107 razem z kolarzami.<\/p>\n<p style=\"text-align: justify\">\n<p style=\"text-align: justify\"><strong>Etap 1<\/strong> rozpoczyna si\u0119 przy s\u0142ynnej Mont Saint-Michel, a ko\u0144czy si\u0119 na pla\u017cy Utah. Jakby przepi\u0119kna sceneria i historyczna lokalizacja nie wystarcza\u0142y, etap b\u0119dzie przebiega\u0142 pod znakiem Petera Sagana na ca\u0142ej swej d\u0142ugo\u015bci. Spodziewajcie si\u0119 zosta\u0107 \u015bwiadkami rzadkiego widoku na ko\u0144cu tego dramatycznego etapu \u2013 sprintera ubranego na \u017c\u00f3\u0142to.<\/p>\n<p><a href=\"https:\/\/www.instagram.com\/p\/9EFz6uEEQi\/\">https:\/\/www.instagram.com\/p\/9EFz6uEEQi\/<\/a><\/p>\n<p style=\"text-align: justify\"><strong>Etap 9,<\/strong> w kt\u00f3rym Tour odwiedza Andor\u0119 b\u0119dzie testem psychologicznym dla faworyta wy\u015bcigu Chrisa Froome\u2019a &#8211; to tutaj Vuelta zako\u0144czy\u0142a si\u0119 dla niego z powodu kontuzji stopy. Jednak w przeciwie\u0144stwie do Vuelty, Tour to nie miejsce, w kt\u00f3rym ekipy powinny podejmowa\u0107 ryzyko \u2013 Froome do\u015bwiadczy\u0142 tego przy swojej pocz\u0105tkowej agresywnej je\u017adzie w 2014 r.<\/p>\n<p><a href=\"https:\/\/www.instagram.com\/p\/9ENkv7EEe6\/\">https:\/\/www.instagram.com\/p\/9ENkv7EEe6\/<\/a><\/p>\n<p style=\"text-align: justify\"><strong>Etap 12<\/strong> ko\u0144czy si\u0119 na Mont Ventoux kojarz\u0105cej si\u0119 ze sceneri\u0105 jak z Marsa i, jak zawsze, b\u0119dzie polem do popisu dla wspinaczy. Tragiczny upadek \u201eMajora\u201d Toma Simpsona na tej dzikiej, opustosza\u0142ej g\u00f3rze rekompensuje fakt, \u017ce atak na ni\u0105 nast\u0105pi w \u015awi\u0119to Narodowe Francji.\u00a0 Etap b\u0119dzie zachwycaj\u0105cym centralnym punktem Tour de France. Jego zwyci\u0119zcy b\u0119d\u0105 mieli powody do dumy, niezale\u017cnie od tego, czy maj\u0105 na sobie \u017c\u00f3\u0142t\u0105 koszulk\u0119.<\/p>\n<p><a href=\"https:\/\/www.instagram.com\/p\/9EbZUfkEXz\/\">https:\/\/www.instagram.com\/p\/9EbZUfkEXz\/<\/a><\/p>\n<p style=\"text-align: justify\"><strong>Etap 17<\/strong> to drugi dzie\u0144 w Szwajcarii, nast\u0119puj\u0105cy po dniu odpoczynku &#8211; podczas tego etapu b\u0119dzie do zgarni\u0119cia finisz na szczycie. Sceneria b\u0119dzie zapiera\u0107 dech w piersiach \u2013 spodziewajcie si\u0119 spektakularnych obraz\u00f3w pokazywanych dzi\u0119ki uprzejmo\u015bci za\u0142ogi \u015bmig\u0142owca telewizyjnego Tour de France. Etap ten b\u0119dzie wiatrem w \u017cagle dla niekt\u00f3rych zawodnik\u00f3w.<\/p>\n<p><a href=\"https:\/\/www.instagram.com\/p\/9FufHYEEVN\/\">https:\/\/www.instagram.com\/p\/9FufHYEEVN\/<\/a><\/p>\n<p style=\"text-align: justify\"><strong>Etap 20<\/strong> biegnie z Meg\u00e8ve do Morzine i maksymalnie przetestuje strategi\u0119 kierownik\u00f3w ekip. Tegoroczne Tour de France, bardziej ni\u017c kt\u00f3rekolwiek w historii, zach\u0119ca pretendent\u00f3w do wygrania w klasyfikacji generalnej \u2013 wszystko wskazuje na to, \u017ce b\u0119dziemy \u015bwiadkami pojedynku do samego ko\u0144ca! Etap przed dotarciem do Pary\u017ca obejmuje cztery trudne podjazdy. Do tego, aby utrzyma\u0107 Maillot Jaune, wi\u0119kszo\u015b\u0107 koleg\u00f3w z dru\u017cyny lidera b\u0119dzie musia\u0142o nadal bra\u0107 udzia\u0142 w wy\u015bcigu. Tylko najbardziej charyzmatyczni zawodnicy utrzymaj\u0105 swoich pomocnik\u00f3w wystarczaj\u0105co blisko w ponad 20 etapach.<\/p>\n<p><a href=\"https:\/\/www.instagram.com\/p\/9Fuu4tkEVi\/\">https:\/\/www.instagram.com\/p\/9Fuu4tkEVi\/<\/a><\/p>\n<p style=\"text-align: justify\">Jak my\u015blisz, na kt\u00f3rym etapie objawi si\u0119 zwyci\u0119zca Tour de France 2016?<\/p>\n<p style=\"text-align: justify\">\n<p style=\"text-align: justify\">\u0141\u0105czy nas kolarska pasja! Ponad 120 lat temu za\u0142o\u017cyciele naszej marki spotkali si\u0119, by spe\u0142ni\u0107 swoje marzenie o produkcji rower\u00f3w. Zaczynali\u015bmy od dw\u00f3ch k\u00f3\u0142ek i dlatego nap\u0119dzamy wy\u015bcigi na ca\u0142ym \u015bwiecie, w tym Tour de France.<\/p>\n<p style=\"text-align: justify\">\n","protected":false},"excerpt":{"rendered":"<p>Tegoroczna trasa b\u0119dzie bardzo atrakcyjna wizualnie \u2013 wybrali\u015bmy z niej najpi\u0119kniejsze etapy, kt\u00f3re szczeg\u00f3lnie warto zobaczy\u0107 i prze\u017cywa\u0107 razem z [&hellip;]<\/p>\n","protected":false},"author":1,"featured_media":1352,"comment_status":"open","ping_status":"closed","sticky":false,"template":"","format":"standard","meta":{"footnotes":""},"categories":[1],"tags":[77],"global-categories":[],"class_list":["post-1351","post","type-post","status-publish","format-standard","has-post-thumbnail","hentry","category-uncategorized","tag-tour-de-france"],"yoast_head":"<!-- This site is optimized with the Yoast SEO Premium plugin v25.3 (Yoast SEO v25.9) - https:\/\/yoast.com\/wordpress\/plugins\/seo\/ -->\n<title>Tour de France 2016 \u2013 jest co ogl\u0105da\u0107! - \u0160koda We Love Cycling - Poland<\/title>\n<meta name=\"robots\" content=\"index, follow, max-snippet:-1, max-image-preview:large, max-video-preview:-1\" \/>\n<link rel=\"canonical\" href=\"https:\/\/www.welovecycling.com\/pl\/2016\/07\/06\/tour-de-france-2016-jest-co-ogladac\/\" \/>\n<meta property=\"og:locale\" content=\"pl_PL\" \/>\n<meta property=\"og:type\" content=\"article\" \/>\n<meta property=\"og:title\" content=\"Tour de France 2016 \u2013 jest co ogl\u0105da\u0107!\" \/>\n<meta property=\"og:description\" content=\"Tegoroczna trasa b\u0119dzie bardzo atrakcyjna wizualnie \u2013 wybrali\u015bmy z niej najpi\u0119kniejsze etapy, kt\u00f3re szczeg\u00f3lnie warto zobaczy\u0107 i prze\u017cywa\u0107 razem z [&hellip;]\" \/>\n<meta property=\"og:url\" content=\"https:\/\/www.welovecycling.com\/pl\/2016\/07\/06\/tour-de-france-2016-jest-co-ogladac\/\" \/>\n<meta property=\"og:site_name\" content=\"\u0160koda We Love Cycling - Poland\" \/>\n<meta property=\"article:published_time\" content=\"2016-07-06T17:06:38+00:00\" \/>\n<meta property=\"article:modified_time\" content=\"2016-12-05T08:49:22+00:00\" \/>\n<meta property=\"og:image\" content=\"https:\/\/d2p6e6u75xmxt8.cloudfront.net\/5\/2016\/07\/profimedia-01638273281.jpg\" \/>\n\t<meta property=\"og:image:width\" content=\"1375\" \/>\n\t<meta property=\"og:image:height\" content=\"600\" \/>\n\t<meta property=\"og:image:type\" content=\"image\/jpeg\" \/>\n<meta name=\"author\" content=\"WeLoveCycling\" \/>\n<meta name=\"twitter:card\" content=\"summary_large_image\" \/>\n<meta name=\"twitter:label1\" content=\"Written by\" \/>\n\t<meta name=\"twitter:data1\" content=\"WeLoveCycling\" \/>\n\t<meta name=\"twitter:label2\" content=\"Est. reading time\" \/>\n\t<meta name=\"twitter:data2\" content=\"2 minutes\" \/>\n<script type=\"application\/ld+json\" class=\"yoast-schema-graph\">{\"@context\":\"https:\/\/schema.org\",\"@graph\":[{\"@type\":\"WebPage\",\"@id\":\"https:\/\/www.welovecycling.com\/pl\/2016\/07\/06\/tour-de-france-2016-jest-co-ogladac\/\",\"url\":\"https:\/\/www.welovecycling.com\/pl\/2016\/07\/06\/tour-de-france-2016-jest-co-ogladac\/\",\"name\":\"Tour de France 2016 \u2013 jest co ogl\u0105da\u0107! - \u0160koda We Love Cycling - Poland\",\"isPartOf\":{\"@id\":\"https:\/\/www.welovecycling.com\/pl\/#website\"},\"primaryImageOfPage\":{\"@id\":\"https:\/\/www.welovecycling.com\/pl\/2016\/07\/06\/tour-de-france-2016-jest-co-ogladac\/#primaryimage\"},\"image\":{\"@id\":\"https:\/\/www.welovecycling.com\/pl\/2016\/07\/06\/tour-de-france-2016-jest-co-ogladac\/#primaryimage\"},\"thumbnailUrl\":\"https:\/\/d2p6e6u75xmxt8.cloudfront.net\/5\/2016\/07\/profimedia-01638273281.jpg\",\"datePublished\":\"2016-07-06T17:06:38+00:00\",\"dateModified\":\"2016-12-05T08:49:22+00:00\",\"author\":{\"@id\":\"https:\/\/www.welovecycling.com\/pl\/#\/schema\/person\/e5187c9cac8dd619ebc7b41bd73c2fd9\"},\"breadcrumb\":{\"@id\":\"https:\/\/www.welovecycling.com\/pl\/2016\/07\/06\/tour-de-france-2016-jest-co-ogladac\/#breadcrumb\"},\"inLanguage\":\"pl-PL\",\"potentialAction\":[{\"@type\":\"ReadAction\",\"target\":[\"https:\/\/www.welovecycling.com\/pl\/2016\/07\/06\/tour-de-france-2016-jest-co-ogladac\/\"]}]},{\"@type\":\"ImageObject\",\"inLanguage\":\"pl-PL\",\"@id\":\"https:\/\/www.welovecycling.com\/pl\/2016\/07\/06\/tour-de-france-2016-jest-co-ogladac\/#primaryimage\",\"url\":\"https:\/\/d2p6e6u75xmxt8.cloudfront.net\/5\/2016\/07\/profimedia-01638273281.jpg\",\"contentUrl\":\"https:\/\/d2p6e6u75xmxt8.cloudfront.net\/5\/2016\/07\/profimedia-01638273281.jpg\",\"width\":1375,\"height\":600},{\"@type\":\"BreadcrumbList\",\"@id\":\"https:\/\/www.welovecycling.com\/pl\/2016\/07\/06\/tour-de-france-2016-jest-co-ogladac\/#breadcrumb\",\"itemListElement\":[{\"@type\":\"ListItem\",\"position\":1,\"name\":\"Home\",\"item\":\"https:\/\/www.welovecycling.com\/pl\/\"},{\"@type\":\"ListItem\",\"position\":2,\"name\":\"Tour de France 2016 \u2013 jest co ogl\u0105da\u0107!\"}]},{\"@type\":\"WebSite\",\"@id\":\"https:\/\/www.welovecycling.com\/pl\/#website\",\"url\":\"https:\/\/www.welovecycling.com\/pl\/\",\"name\":\"\u0160koda We Love Cycling - Poland\",\"description\":\"\",\"potentialAction\":[{\"@type\":\"SearchAction\",\"target\":{\"@type\":\"EntryPoint\",\"urlTemplate\":\"https:\/\/www.welovecycling.com\/pl\/?s={search_term_string}\"},\"query-input\":{\"@type\":\"PropertyValueSpecification\",\"valueRequired\":true,\"valueName\":\"search_term_string\"}}],\"inLanguage\":\"pl-PL\"},{\"@type\":\"Person\",\"@id\":\"https:\/\/www.welovecycling.com\/pl\/#\/schema\/person\/e5187c9cac8dd619ebc7b41bd73c2fd9\",\"name\":\"WeLoveCycling\",\"image\":{\"@type\":\"ImageObject\",\"inLanguage\":\"pl-PL\",\"@id\":\"https:\/\/www.welovecycling.com\/pl\/#\/schema\/person\/image\/\",\"url\":\"https:\/\/secure.gravatar.com\/avatar\/7e1ee0ecc5e294b19ef32b9f6086e0afbb9da00c3cb0d465ba4695331f4a9187?s=96&d=mm&r=g\",\"contentUrl\":\"https:\/\/secure.gravatar.com\/avatar\/7e1ee0ecc5e294b19ef32b9f6086e0afbb9da00c3cb0d465ba4695331f4a9187?s=96&d=mm&r=g\",\"caption\":\"WeLoveCycling\"},\"url\":\"https:\/\/www.welovecycling.com\/pl\/author\/lukascech\/\"}]}<\/script>\n<!-- \/ Yoast SEO Premium plugin. -->","yoast_head_json":{"title":"Tour de France 2016 \u2013 jest co ogl\u0105da\u0107! - \u0160koda We Love Cycling - Poland","robots":{"index":"index","follow":"follow","max-snippet":"max-snippet:-1","max-image-preview":"max-image-preview:large","max-video-preview":"max-video-preview:-1"},"canonical":"https:\/\/www.welovecycling.com\/pl\/2016\/07\/06\/tour-de-france-2016-jest-co-ogladac\/","og_locale":"pl_PL","og_type":"article","og_title":"Tour de France 2016 \u2013 jest co ogl\u0105da\u0107!","og_description":"Tegoroczna trasa b\u0119dzie bardzo atrakcyjna wizualnie \u2013 wybrali\u015bmy z niej najpi\u0119kniejsze etapy, kt\u00f3re szczeg\u00f3lnie warto zobaczy\u0107 i prze\u017cywa\u0107 razem z [&hellip;]","og_url":"https:\/\/www.welovecycling.com\/pl\/2016\/07\/06\/tour-de-france-2016-jest-co-ogladac\/","og_site_name":"\u0160koda We Love Cycling - Poland","article_published_time":"2016-07-06T17:06:38+00:00","article_modified_time":"2016-12-05T08:49:22+00:00","og_image":[{"width":1375,"height":600,"url":"https:\/\/d2p6e6u75xmxt8.cloudfront.net\/5\/2016\/07\/profimedia-01638273281.jpg","type":"image\/jpeg"}],"author":"WeLoveCycling","twitter_card":"summary_large_image","twitter_misc":{"Written by":"WeLoveCycling","Est. reading time":"2 minutes"},"schema":{"@context":"https:\/\/schema.org","@graph":[{"@type":"WebPage","@id":"https:\/\/www.welovecycling.com\/pl\/2016\/07\/06\/tour-de-france-2016-jest-co-ogladac\/","url":"https:\/\/www.welovecycling.com\/pl\/2016\/07\/06\/tour-de-france-2016-jest-co-ogladac\/","name":"Tour de France 2016 \u2013 jest co ogl\u0105da\u0107! - \u0160koda We Love Cycling - Poland","isPartOf":{"@id":"https:\/\/www.welovecycling.com\/pl\/#website"},"primaryImageOfPage":{"@id":"https:\/\/www.welovecycling.com\/pl\/2016\/07\/06\/tour-de-france-2016-jest-co-ogladac\/#primaryimage"},"image":{"@id":"https:\/\/www.welovecycling.com\/pl\/2016\/07\/06\/tour-de-france-2016-jest-co-ogladac\/#primaryimage"},"thumbnailUrl":"https:\/\/d2p6e6u75xmxt8.cloudfront.net\/5\/2016\/07\/profimedia-01638273281.jpg","datePublished":"2016-07-06T17:06:38+00:00","dateModified":"2016-12-05T08:49:22+00:00","author":{"@id":"https:\/\/www.welovecycling.com\/pl\/#\/schema\/person\/e5187c9cac8dd619ebc7b41bd73c2fd9"},"breadcrumb":{"@id":"https:\/\/www.welovecycling.com\/pl\/2016\/07\/06\/tour-de-france-2016-jest-co-ogladac\/#breadcrumb"},"inLanguage":"pl-PL","potentialAction":[{"@type":"ReadAction","target":["https:\/\/www.welovecycling.com\/pl\/2016\/07\/06\/tour-de-france-2016-jest-co-ogladac\/"]}]},{"@type":"ImageObject","inLanguage":"pl-PL","@id":"https:\/\/www.welovecycling.com\/pl\/2016\/07\/06\/tour-de-france-2016-jest-co-ogladac\/#primaryimage","url":"https:\/\/d2p6e6u75xmxt8.cloudfront.net\/5\/2016\/07\/profimedia-01638273281.jpg","contentUrl":"https:\/\/d2p6e6u75xmxt8.cloudfront.net\/5\/2016\/07\/profimedia-01638273281.jpg","width":1375,"height":600},{"@type":"BreadcrumbList","@id":"https:\/\/www.welovecycling.com\/pl\/2016\/07\/06\/tour-de-france-2016-jest-co-ogladac\/#breadcrumb","itemListElement":[{"@type":"ListItem","position":1,"name":"Home","item":"https:\/\/www.welovecycling.com\/pl\/"},{"@type":"ListItem","position":2,"name":"Tour de France 2016 \u2013 jest co ogl\u0105da\u0107!"}]},{"@type":"WebSite","@id":"https:\/\/www.welovecycling.com\/pl\/#website","url":"https:\/\/www.welovecycling.com\/pl\/","name":"\u0160koda We Love Cycling - Poland","description":"","potentialAction":[{"@type":"SearchAction","target":{"@type":"EntryPoint","urlTemplate":"https:\/\/www.welovecycling.com\/pl\/?s={search_term_string}"},"query-input":{"@type":"PropertyValueSpecification","valueRequired":true,"valueName":"search_term_string"}}],"inLanguage":"pl-PL"},{"@type":"Person","@id":"https:\/\/www.welovecycling.com\/pl\/#\/schema\/person\/e5187c9cac8dd619ebc7b41bd73c2fd9","name":"WeLoveCycling","image":{"@type":"ImageObject","inLanguage":"pl-PL","@id":"https:\/\/www.welovecycling.com\/pl\/#\/schema\/person\/image\/","url":"https:\/\/secure.gravatar.com\/avatar\/7e1ee0ecc5e294b19ef32b9f6086e0afbb9da00c3cb0d465ba4695331f4a9187?s=96&d=mm&r=g","contentUrl":"https:\/\/secure.gravatar.com\/avatar\/7e1ee0ecc5e294b19ef32b9f6086e0afbb9da00c3cb0d465ba4695331f4a9187?s=96&d=mm&r=g","caption":"WeLoveCycling"},"url":"https:\/\/www.welovecycling.com\/pl\/author\/lukascech\/"}]}},"_links":{"self":[{"href":"https:\/\/www.welovecycling.com\/pl\/wp-json\/wp\/v2\/posts\/1351","targetHints":{"allow":["GET"]}}],"collection":[{"href":"https:\/\/www.welovecycling.com\/pl\/wp-json\/wp\/v2\/posts"}],"about":[{"href":"https:\/\/www.welovecycling.com\/pl\/wp-json\/wp\/v2\/types\/post"}],"author":[{"embeddable":true,"href":"https:\/\/www.welovecycling.com\/pl\/wp-json\/wp\/v2\/users\/1"}],"replies":[{"embeddable":true,"href":"https:\/\/www.welovecycling.com\/pl\/wp-json\/wp\/v2\/comments?post=1351"}],"version-history":[{"count":1,"href":"https:\/\/www.welovecycling.com\/pl\/wp-json\/wp\/v2\/posts\/1351\/revisions"}],"predecessor-version":[{"id":2439,"href":"https:\/\/www.welovecycling.com\/pl\/wp-json\/wp\/v2\/posts\/1351\/revisions\/2439"}],"wp:featuredmedia":[{"embeddable":true,"href":"https:\/\/www.welovecycling.com\/pl\/wp-json\/wp\/v2\/media\/1352"}],"wp:attachment":[{"href":"https:\/\/www.welovecycling.com\/pl\/wp-json\/wp\/v2\/media?parent=1351"}],"wp:term":[{"taxonomy":"category","embeddable":true,"href":"https:\/\/www.welovecycling.com\/pl\/wp-json\/wp\/v2\/categories?post=1351"},{"taxonomy":"post_tag","embeddable":true,"href":"https:\/\/www.welovecycling.com\/pl\/wp-json\/wp\/v2\/tags?post=1351"},{"taxonomy":"global-categories","embeddable":true,"href":"https:\/\/www.welovecycling.com\/pl\/wp-json\/wp\/v2\/global-categories?post=1351"}],"curies":[{"name":"wp","href":"https:\/\/api.w.org\/{rel}","templated":true}]}}