{"id":13504,"date":"2023-01-16T18:00:50","date_gmt":"2023-01-16T18:00:50","guid":{"rendered":"https:\/\/www.welovecycling.com\/pl\/?p=13504"},"modified":"2023-01-17T07:03:11","modified_gmt":"2023-01-17T07:03:11","slug":"niewiarygodny-rok-w-kolarstwie-kobiet","status":"publish","type":"post","link":"https:\/\/www.welovecycling.com\/pl\/2023\/01\/16\/niewiarygodny-rok-w-kolarstwie-kobiet\/","title":{"rendered":"Niewiarygodny rok w kolarstwie kobiet"},"content":{"rendered":"<p><strong>2022 \u2013 c\u00f3\u017c to by\u0142 za rok! Spogl\u0105damy wstecz i mo\u017cemy by\u0107 pewni, \u017ce sta\u0142 si\u0119 zwiastunem nowej ery w kobiecym kolarstwie szosowym. Mijaj\u0105cy rok przynosi\u0142 bowiem rekord za rekordem dla kobiecego peletonu, od osza\u0142amiaj\u0105cego solowego zwyci\u0119stwa Elisy Longo Borghini w wy\u015bcigu Paris\u2013Roubaix Femmes po niezwykle udan\u0105 premier\u0119 Tour de France Femmes z udzia\u0142em Annemiek van Vleuten i kilku innych wyr\u00f3\u017cniaj\u0105cych si\u0119 zawodniczek.<\/strong><\/p>\n<p>U schy\u0142ku przerwy \u015bwi\u0105tecznej, zerkaj\u0105c w przysz\u0142o\u015b\u0107 na to, co czeka nas w 2023 roku, uczcijmy te\u017c kilka moment\u00f3w, kt\u00f3re w ci\u0105gu ostatnich 12 miesi\u0119cy wyra\u017anie zaznaczy\u0142y si\u0142\u0119 kobiecego kolarstwa.<\/p>\n<h2><strong>Elisa Longo Borghini zwyci\u0119\u017ca w Paris\u2013Roubaix<\/strong><\/h2>\n<p>Z dwukrotn\u0105 medalistk\u0105 olimpijsk\u0105 Elis\u0105 Longo Borghini bezwzgl\u0119dnie nale\u017ca\u0142o si\u0119 liczy\u0107, gdy po zdecydowanym ataku odnios\u0142a historyczne zwyci\u0119stwo w wy\u015bcigu Paris\u2013Roubaix. Po samotnej ucieczce na dystansie 32 km, kt\u00f3ra zapewni\u0142a jej wygran\u0105, Longo Borghini odnios\u0142a si\u0119 do rosn\u0105cego zainteresowania wy\u015bcigami kobiet, kt\u00f3re znalaz\u0142o odzwierciedlenie w liczbie dziennikarzy obecnych na mecie.<\/p>\n<p>\u2013\u00a0Z pewno\u015bci\u0105 jest to kolejny krok \u2013 powiedzia\u0142a, zauwa\u017caj\u0105c, \u017ce tylko mistrzostwa \u015bwiata cieszy\u0142y si\u0119 takim zainteresowaniem jak druga edycja <a href=\"https:\/\/www.welovecycling.com\/wide\/2022\/04\/17\/paris-roubaix-femmes-2022-another-title-for-trek-segafredo\/\">Paris\u2013Roubaix Femmes<\/a>. \u2013\u00a0My\u015bl\u0119, \u017ce kolarstwo kobiet przyci\u0105ga coraz wi\u0119ksz\u0105 uwag\u0119 medi\u00f3w. Uwa\u017cam, \u017ce na to zas\u0142ugujemy, poniewa\u017c dzisiejszy wy\u015bcig by\u0142 wspania\u0142ym widowiskiem.<\/p>\n<h2><strong>Tour de France Femmes odwa\u017cnie wkracza na \u015bwiatow\u0105 scen\u0119<\/strong><\/h2>\n<p>Po o\u015bmiu dniach emocjonuj\u0105cych zmaga\u0144, kt\u00f3re zadecydowa\u0142y o charakterze inauguracyjnego <a href=\"https:\/\/www.letourfemmes.fr\/en\">Tour de France Femmes<\/a>, Annemiek van Vleuten z dum\u0105 w\u0142o\u017cy\u0142a \u017c\u00f3\u0142t\u0105 koszulk\u0119 liderki. Poza jej zwyci\u0119stwem wy\u015bcig dostarczy\u0142 fanom wielu wspania\u0142ych chwil, a poza tym ponad wszelk\u0105 w\u0105tpliwo\u015b\u0107 udowodni\u0142, \u017ce kobiety maj\u0105 wszystko, czego potrzeba, aby rozs\u0142awi\u0107 t\u0119 imprez\u0119. Nie brakowa\u0142o sygna\u0142\u00f3w \u015bwiadcz\u0105cych o tym, jak monumentalne by\u0142o to wydarzenie \u2013 od emocjonuj\u0105cego zwyci\u0119stwa Loreny Wiebes na Polach Elizejskich po szpalery m\u0142odych kibic\u00f3w ustawiaj\u0105cych si\u0119 wzd\u0142u\u017c trasy w koszulkach w grochy. Wprowadzenie tego wy\u015bcigu w 2022 roku to wa\u017cny moment dla kobiecego kolarstwa. Jeste\u015bmy przekonani, \u017ce dynamika b\u0119dzie jedynie ros\u0142a.<\/p>\n<h2><strong>Annemiek van Vleuten zapewnia ekscytuj\u0105ce widowisko<\/strong><\/h2>\n<p>Zas\u0142uguj\u0105ca na wyr\u00f3\u017cnienie Annemiek van Vleuten mia\u0142a w tym sezonie kilka imponuj\u0105cych dokona\u0144. Solidnie podnios\u0142a poprzeczk\u0119 mo\u017cliwo\u015bci kobiecego peletonu. Warto odnotowa\u0107 chocia\u017cby <a href=\"https:\/\/www.welovecycling.com\/wide\/2022\/07\/31\/van-vleuten-wins-tour-de-france-femmes-thats-actually-a-dream-that-comes-true\/\">jej zwyci\u0119stwo w TdFF<\/a>, gdy dopad\u0142a j\u0105 \u017co\u0142\u0105dkowa niedyspozycja, kt\u00f3ra uniemo\u017cliwi\u0142a jedzenie i picie, a ostatecznie spowodowa\u0142a strat\u0119 czasu w klasyfikacji generalnej. Van Vleuten nie pozwoli\u0142a jednak, by ta dolegliwo\u015b\u0107 j\u0105 spowolni\u0142a. Walczy\u0142a o powr\u00f3t do zdrowia, by po 1 minucie i 28 sekundach straty do liderki pokona\u0107 trzy podjazdy kategorii 1. i zmobilizowa\u0107 si\u0119 do zwyci\u0119stwa w dominuj\u0105cym etapie, zdobywaj\u0105c <em>maillot jaune<\/em> dla siebie.<\/p>\n<p>Oczywi\u015bcie nie by\u0142o to jej jedyne godne uwagi zwyci\u0119stwo w tym sezonie. Holenderka wygra\u0142a w tym roku wszystkie trzy grand toury i mistrzostwa \u015bwiata. Nic wi\u0119c dziwnego, \u017ce to w\u0142a\u015bnie ona zosta\u0142a pewn\u0105 zwyci\u0119\u017cczyni\u0105 pierwszego kobiecego Velo d\u2019Or. Zdecydowanie zas\u0142u\u017cy\u0142a na t\u0119 nagrod\u0119.<\/p>\n<h2><strong>Lorena Wiebes zdobywa s\u0142aw\u0119<\/strong><\/h2>\n<p>Kolejn\u0105 zawodniczk\u0105, kt\u00f3ra zas\u0142uguje na szczeg\u00f3lne wyr\u00f3\u017cnienie za niesamowity sezon 2022, jest Lorena Wiebes. Ta 23-letnia sprinterka jest obecnie jedn\u0105 z najszybszych kobiet w peletonie. Ma na swoim koncie imponuj\u0105ce 59 zwyci\u0119stw. Rok rozpocz\u0119\u0142a od udanej wiosny w Belgii, startuj\u0105c w GP Oetingen, a nast\u0119pnie po prostu utrzymywa\u0142a tempo.<br \/>\nW majowym wy\u015bcigu WWT RideLondon Classique odnios\u0142a trzy zwyci\u0119stwa i wygra\u0142a w klasyfikacji generalnej, a nast\u0119pnie doda\u0142a kolejn\u0105 tr\u00f3jk\u0119 w The Women\u2019s Tour.<\/p>\n<p>Tym samym w lipcu wjecha\u0142a na Pola Elizejskie, maj\u0105c na koncie siedem zwyci\u0119stw w 2022 Women\u2019s World Tour. Zapisa\u0142a si\u0119 na kartach historii, ko\u0144cz\u0105c pierwszy dzie\u0144 wy\u015bcigu w \u017c\u00f3\u0142tej koszulce na szczycie podium. Nie poprzesta\u0142a na tych zwyci\u0119stwach. Zdoby\u0142a tytu\u0142 europejskiej kolarki szosowej, wygra\u0142a wiele etap\u00f3w i zwyci\u0119\u017cy\u0142a w klasyfikacji generalnej Simac Ladies Tour.<\/p>\n<figure style=\"width: 990px\" class=\"wp-caption alignnone\"><img loading=\"lazy\" decoding=\"async\" src=\"https:\/\/d2p6e6u75xmxt8.cloudfront.net\/2\/2022\/07\/Lorena-Wiebes-Tour-Femmes-profimedia-0709515743-CVR.webp\" alt=\"\" width=\"990\" height=\"660\" \/><figcaption class=\"wp-caption-text\">W 2022 roku ca\u0142e show skrad\u0142a Lorena Wiebes.\u00a0\u00a0 \u00a0\u00a9 Profimedia<\/figcaption><\/figure>\n<p>&nbsp;<\/p>\n<h2><strong>Pi\u0119\u0107 nowych zespo\u0142\u00f3w kobiecych do\u0142\u0105cza do czo\u0142\u00f3wki wy\u015bcig\u00f3w<\/strong><\/h2>\n<p>W 2022 roku UCI hucznie zaprezentowa\u0142a sze\u015b\u0107 nowych dru\u017cyn kobiecych, kt\u00f3re b\u0119d\u0105 uczestniczy\u0107 w World Tour. Pi\u0119\u0107 z nich awansowa\u0142o z szereg\u00f3w drugiej ligi, natomiast dru\u017cyna ze Zjednoczonych Emirat\u00f3w Arabskich przej\u0119\u0142a licencj\u0119 od Al\u00e9-BTC-Ljubljana, kt\u00f3ra by\u0142a ju\u017c sk\u0142adem World Tour.<\/p>\n<p>W zwi\u0105zku z tym w 2022 roku w kobiecym World Tour znalaz\u0142o si\u0119 14 dru\u017cyn i wygl\u0105da na to, \u017ce w kolejnym roku ta liczba wzro\u015bnie. Obecnie 13 dru\u017cyn z\u0142o\u017cy\u0142o wniosek o odnowienie statusu UCI Women\u2019s World Team, a trzy UCI Women\u2019s Continental Teams wyst\u0105pi\u0142y o licencj\u0119. Tym samym w sezonie 2023 liczba ta wzros\u0142aby do 15.<\/p>\n<h2><strong>Do 23 lat: po raz pierwszy<\/strong><\/h2>\n<p>W 2022 roku odby\u0142a si\u0119 95. edycja <a href=\"https:\/\/www.welovecycling.com\/wide\/uci-road-world-championships-by-we-love-cycling\/\">Mistrzostw \u015awiata w Kolarstwie Szosowym UCI<\/a>. Po raz pierwszy rozdano tytu\u0142y wy\u015bcigowe w kategorii kobiet w wieku poni\u017cej 23 lat. Mimo pewnych skarg dotycz\u0105cych organizacji zawod\u00f3w by\u0142 to jednak du\u017cy krok naprz\u00f3d dla kobiecego sportu. Obecnie istnieje niewiele mo\u017cliwo\u015bci wspierania m\u0142odszych kolarek w przej\u015bciu do elity. Miejmy nadziej\u0119, \u017ce wprowadzenie wy\u015bcig\u00f3w kobiet U23 i juniorek pomo\u017ce wype\u0142ni\u0107 t\u0119 luk\u0119 w nadchodz\u0105cych latach.<\/p>\n<h2><strong>Rok 2023 przynosi nam pierwszy kobiecy Tour de l\u2019Avenir<\/strong><\/h2>\n<p>Na szcz\u0119\u015bcie mistrzostwa \u015bwiata nie b\u0119d\u0105 w tym zadaniu osamotnione. My\u015bl\u0105c o przysz\u0142ym roku, ju\u017c teraz odczuwamy podniecenie na my\u015bl o wprowadzeniu kobiecego Tour de l\u2019Avenir. Podczas Tour de France organizatorzy Tour de l\u2019Avenir poinformowali o wprowadzeniu kobiecej edycji wy\u015bcigu, opartej na \u201erywalizacji w tym samym formacie i otwartej dla aspiruj\u0105cych zawodniczek w wieku poni\u017cej 23. roku \u017cycia, w doskona\u0142ej harmonii z og\u00f3lnym ruchem zapocz\u0105tkowanym tegorocznym Women\u2019s Tour de France\u201d.<\/p>\n<p>Rzeczywi\u015bcie ten kluczowy krok pozwoli kobietom z grupy U23 \u015bciga\u0107 si\u0119 z r\u00f3wie\u015bniczkami w ramach tego typu wydarzenia. Jak ju\u017c zauwa\u017cyli\u015bmy, wy\u015bcigi takie jak ten cz\u0119sto pomagaj\u0105 utorowa\u0107 drog\u0119 do przysz\u0142ych sukces\u00f3w, a tak\u017ce przyczyniaj\u0105 si\u0119 do og\u00f3lnego wzrostu widoczno\u015bci i popularno\u015bci wy\u015bcig\u00f3w szosowych kobiet.<\/p>\n<p>Gdy wspominamy udany rok dla programu kobiecego sportu, nie powinni\u015bmy jednak zapomina\u0107, \u017ce wci\u0105\u017c pozosta\u0142o wiele do zrobienia, aby kontynuowa\u0107 budowanie tej dyscypliny i zapewni\u0107 naszym wspania\u0142ym kolarkom zas\u0142u\u017con\u0105 uwag\u0119. W 2023 roku kibicujmy wi\u0119c energicznie naszym ulubionym zawodniczkom, aby jeszcze wi\u0119cej fan\u00f3w mog\u0142o odkry\u0107 ten wspania\u0142y sport.<\/p>\n<p><span data-sheets-value=\"{&quot;1&quot;:2,&quot;2&quot;:&quot;Artyku\u0142 powsta\u0142 we wsp\u00f3\u0142pracy ze skoda-auto.pl&quot;}\" data-sheets-userformat=\"{&quot;2&quot;:1,&quot;3&quot;:{&quot;1&quot;:0}}\" data-sheets-hyperlink=\"http:\/\/www.skoda-auto.pl\/\"><a class=\"in-cell-link\" href=\"http:\/\/www.skoda-auto.pl\/\" target=\"_blank\" rel=\"noopener noreferrer\">Artyku\u0142 powsta\u0142 we wsp\u00f3\u0142pracy ze skoda-auto.pl<\/a><a href=\"https:\/\/sklep.skoda.pl\/pl\/sklep\/b\/331\/rowery-i-akcesoria-rowery.html\"><img loading=\"lazy\" decoding=\"async\" class=\"aligncenter wp-image-9608 size-full loading\" src=\"https:\/\/d2p6e6u75xmxt8.cloudfront.net\/5\/2019\/08\/baner_WLC_640x350_3.png\" sizes=\"auto, (max-width: 640px) 100vw, 640px\" srcset=\"https:\/\/d2p6e6u75xmxt8.cloudfront.net\/5\/2019\/08\/baner_WLC_640x350_3.png 640w, https:\/\/d2p6e6u75xmxt8.cloudfront.net\/5\/2019\/08\/baner_WLC_640x350_3-300x164.png 300w\" alt=\"\" width=\"640\" height=\"350\" data-was-processed=\"true\" \/><\/a><\/span><\/p>\n","protected":false},"excerpt":{"rendered":"<p>2022 \u2013 c\u00f3\u017c to by\u0142 za rok! Spogl\u0105damy wstecz i mo\u017cemy by\u0107 pewni, \u017ce sta\u0142 si\u0119 zwiastunem nowej ery w [&hellip;]<\/p>\n","protected":false},"author":153,"featured_media":13505,"comment_status":"open","ping_status":"open","sticky":false,"template":"","format":"standard","meta":{"footnotes":""},"categories":[6],"tags":[],"global-categories":[303],"class_list":["post-13504","post","type-post","status-publish","format-standard","has-post-thumbnail","hentry","category-kolarstwo-szosowe","global-categories-cycling"],"yoast_head":"<!-- This site is optimized with the Yoast SEO Premium plugin v25.3 (Yoast SEO v25.9) - https:\/\/yoast.com\/wordpress\/plugins\/seo\/ -->\n<title>Niewiarygodny rok w kolarstwie kobiet - \u0160koda We Love Cycling - Poland<\/title>\n<meta name=\"robots\" content=\"index, follow, max-snippet:-1, max-image-preview:large, max-video-preview:-1\" \/>\n<link rel=\"canonical\" href=\"https:\/\/www.welovecycling.com\/pl\/2023\/01\/16\/niewiarygodny-rok-w-kolarstwie-kobiet\/\" \/>\n<meta property=\"og:locale\" content=\"pl_PL\" \/>\n<meta property=\"og:type\" content=\"article\" \/>\n<meta property=\"og:title\" content=\"Niewiarygodny rok w kolarstwie kobiet\" \/>\n<meta property=\"og:description\" content=\"2022 \u2013 c\u00f3\u017c to by\u0142 za rok! Spogl\u0105damy wstecz i mo\u017cemy by\u0107 pewni, \u017ce sta\u0142 si\u0119 zwiastunem nowej ery w [&hellip;]\" \/>\n<meta property=\"og:url\" content=\"https:\/\/www.welovecycling.com\/pl\/2023\/01\/16\/niewiarygodny-rok-w-kolarstwie-kobiet\/\" \/>\n<meta property=\"og:site_name\" content=\"\u0160koda We Love Cycling - Poland\" \/>\n<meta property=\"article:published_time\" content=\"2023-01-16T18:00:50+00:00\" \/>\n<meta property=\"article:modified_time\" content=\"2023-01-17T07:03:11+00:00\" \/>\n<meta property=\"og:image\" content=\"https:\/\/d2p6e6u75xmxt8.cloudfront.net\/5\/2023\/01\/Tour-de-France-Femmes-peloton-profimedia-0711099823-CVR-768x512-1.webp\" \/>\n\t<meta property=\"og:image:width\" content=\"768\" \/>\n\t<meta property=\"og:image:height\" content=\"512\" \/>\n\t<meta property=\"og:image:type\" content=\"image\/webp\" \/>\n<meta name=\"author\" content=\"rafal\" \/>\n<meta name=\"twitter:card\" content=\"summary_large_image\" \/>\n<meta name=\"twitter:label1\" content=\"Written by\" \/>\n\t<meta name=\"twitter:data1\" content=\"Megan Flottorp\" \/>\n\t<meta name=\"twitter:label2\" content=\"Est. reading time\" \/>\n\t<meta name=\"twitter:data2\" content=\"6\" \/>\n<script type=\"application\/ld+json\" class=\"yoast-schema-graph\">{\"@context\":\"https:\/\/schema.org\",\"@graph\":[{\"@type\":\"WebPage\",\"@id\":\"https:\/\/www.welovecycling.com\/pl\/2023\/01\/16\/niewiarygodny-rok-w-kolarstwie-kobiet\/\",\"url\":\"https:\/\/www.welovecycling.com\/pl\/2023\/01\/16\/niewiarygodny-rok-w-kolarstwie-kobiet\/\",\"name\":\"Niewiarygodny rok w kolarstwie kobiet - \u0160koda We Love Cycling - Poland\",\"isPartOf\":{\"@id\":\"https:\/\/www.welovecycling.com\/pl\/#website\"},\"primaryImageOfPage\":{\"@id\":\"https:\/\/www.welovecycling.com\/pl\/2023\/01\/16\/niewiarygodny-rok-w-kolarstwie-kobiet\/#primaryimage\"},\"image\":{\"@id\":\"https:\/\/www.welovecycling.com\/pl\/2023\/01\/16\/niewiarygodny-rok-w-kolarstwie-kobiet\/#primaryimage\"},\"thumbnailUrl\":\"https:\/\/d2p6e6u75xmxt8.cloudfront.net\/5\/2023\/01\/Tour-de-France-Femmes-peloton-profimedia-0711099823-CVR-768x512-1.webp\",\"datePublished\":\"2023-01-16T18:00:50+00:00\",\"dateModified\":\"2023-01-17T07:03:11+00:00\",\"author\":{\"@id\":\"https:\/\/www.welovecycling.com\/pl\/#\/schema\/person\/bf06ed916a1ef16618807fb60d2ebe42\"},\"breadcrumb\":{\"@id\":\"https:\/\/www.welovecycling.com\/pl\/2023\/01\/16\/niewiarygodny-rok-w-kolarstwie-kobiet\/#breadcrumb\"},\"inLanguage\":\"pl-PL\",\"potentialAction\":[{\"@type\":\"ReadAction\",\"target\":[\"https:\/\/www.welovecycling.com\/pl\/2023\/01\/16\/niewiarygodny-rok-w-kolarstwie-kobiet\/\"]}]},{\"@type\":\"ImageObject\",\"inLanguage\":\"pl-PL\",\"@id\":\"https:\/\/www.welovecycling.com\/pl\/2023\/01\/16\/niewiarygodny-rok-w-kolarstwie-kobiet\/#primaryimage\",\"url\":\"https:\/\/d2p6e6u75xmxt8.cloudfront.net\/5\/2023\/01\/Tour-de-France-Femmes-peloton-profimedia-0711099823-CVR-768x512-1.webp\",\"contentUrl\":\"https:\/\/d2p6e6u75xmxt8.cloudfront.net\/5\/2023\/01\/Tour-de-France-Femmes-peloton-profimedia-0711099823-CVR-768x512-1.webp\",\"width\":768,\"height\":512},{\"@type\":\"BreadcrumbList\",\"@id\":\"https:\/\/www.welovecycling.com\/pl\/2023\/01\/16\/niewiarygodny-rok-w-kolarstwie-kobiet\/#breadcrumb\",\"itemListElement\":[{\"@type\":\"ListItem\",\"position\":1,\"name\":\"Home\",\"item\":\"https:\/\/www.welovecycling.com\/pl\/\"},{\"@type\":\"ListItem\",\"position\":2,\"name\":\"Niewiarygodny rok w kolarstwie kobiet\"}]},{\"@type\":\"WebSite\",\"@id\":\"https:\/\/www.welovecycling.com\/pl\/#website\",\"url\":\"https:\/\/www.welovecycling.com\/pl\/\",\"name\":\"\u0160koda We Love Cycling - Poland\",\"description\":\"\",\"potentialAction\":[{\"@type\":\"SearchAction\",\"target\":{\"@type\":\"EntryPoint\",\"urlTemplate\":\"https:\/\/www.welovecycling.com\/pl\/?s={search_term_string}\"},\"query-input\":{\"@type\":\"PropertyValueSpecification\",\"valueRequired\":true,\"valueName\":\"search_term_string\"}}],\"inLanguage\":\"pl-PL\"},{\"@type\":\"Person\",\"@id\":\"https:\/\/www.welovecycling.com\/pl\/#\/schema\/person\/bf06ed916a1ef16618807fb60d2ebe42\",\"name\":\"rafal\",\"image\":{\"@type\":\"ImageObject\",\"inLanguage\":\"pl-PL\",\"@id\":\"https:\/\/www.welovecycling.com\/pl\/#\/schema\/person\/image\/\",\"url\":\"https:\/\/secure.gravatar.com\/avatar\/203f240e63bee214f6f3a0dacbeb600c7829c09716c2b9ee3230c6961debcde2?s=96&d=mm&r=g\",\"contentUrl\":\"https:\/\/secure.gravatar.com\/avatar\/203f240e63bee214f6f3a0dacbeb600c7829c09716c2b9ee3230c6961debcde2?s=96&d=mm&r=g\",\"caption\":\"rafal\"},\"url\":\"https:\/\/www.welovecycling.com\/pl\/author\/rafal\/\"}]}<\/script>\n<!-- \/ Yoast SEO Premium plugin. -->","yoast_head_json":{"title":"Niewiarygodny rok w kolarstwie kobiet - \u0160koda We Love Cycling - Poland","robots":{"index":"index","follow":"follow","max-snippet":"max-snippet:-1","max-image-preview":"max-image-preview:large","max-video-preview":"max-video-preview:-1"},"canonical":"https:\/\/www.welovecycling.com\/pl\/2023\/01\/16\/niewiarygodny-rok-w-kolarstwie-kobiet\/","og_locale":"pl_PL","og_type":"article","og_title":"Niewiarygodny rok w kolarstwie kobiet","og_description":"2022 \u2013 c\u00f3\u017c to by\u0142 za rok! Spogl\u0105damy wstecz i mo\u017cemy by\u0107 pewni, \u017ce sta\u0142 si\u0119 zwiastunem nowej ery w [&hellip;]","og_url":"https:\/\/www.welovecycling.com\/pl\/2023\/01\/16\/niewiarygodny-rok-w-kolarstwie-kobiet\/","og_site_name":"\u0160koda We Love Cycling - Poland","article_published_time":"2023-01-16T18:00:50+00:00","article_modified_time":"2023-01-17T07:03:11+00:00","og_image":[{"width":768,"height":512,"url":"https:\/\/d2p6e6u75xmxt8.cloudfront.net\/5\/2023\/01\/Tour-de-France-Femmes-peloton-profimedia-0711099823-CVR-768x512-1.webp","type":"image\/webp"}],"author":"rafal","twitter_card":"summary_large_image","twitter_misc":{"Written by":"Megan Flottorp","Est. reading time":"6"},"schema":{"@context":"https:\/\/schema.org","@graph":[{"@type":"WebPage","@id":"https:\/\/www.welovecycling.com\/pl\/2023\/01\/16\/niewiarygodny-rok-w-kolarstwie-kobiet\/","url":"https:\/\/www.welovecycling.com\/pl\/2023\/01\/16\/niewiarygodny-rok-w-kolarstwie-kobiet\/","name":"Niewiarygodny rok w kolarstwie kobiet - \u0160koda We Love Cycling - Poland","isPartOf":{"@id":"https:\/\/www.welovecycling.com\/pl\/#website"},"primaryImageOfPage":{"@id":"https:\/\/www.welovecycling.com\/pl\/2023\/01\/16\/niewiarygodny-rok-w-kolarstwie-kobiet\/#primaryimage"},"image":{"@id":"https:\/\/www.welovecycling.com\/pl\/2023\/01\/16\/niewiarygodny-rok-w-kolarstwie-kobiet\/#primaryimage"},"thumbnailUrl":"https:\/\/d2p6e6u75xmxt8.cloudfront.net\/5\/2023\/01\/Tour-de-France-Femmes-peloton-profimedia-0711099823-CVR-768x512-1.webp","datePublished":"2023-01-16T18:00:50+00:00","dateModified":"2023-01-17T07:03:11+00:00","author":{"@id":"https:\/\/www.welovecycling.com\/pl\/#\/schema\/person\/bf06ed916a1ef16618807fb60d2ebe42"},"breadcrumb":{"@id":"https:\/\/www.welovecycling.com\/pl\/2023\/01\/16\/niewiarygodny-rok-w-kolarstwie-kobiet\/#breadcrumb"},"inLanguage":"pl-PL","potentialAction":[{"@type":"ReadAction","target":["https:\/\/www.welovecycling.com\/pl\/2023\/01\/16\/niewiarygodny-rok-w-kolarstwie-kobiet\/"]}]},{"@type":"ImageObject","inLanguage":"pl-PL","@id":"https:\/\/www.welovecycling.com\/pl\/2023\/01\/16\/niewiarygodny-rok-w-kolarstwie-kobiet\/#primaryimage","url":"https:\/\/d2p6e6u75xmxt8.cloudfront.net\/5\/2023\/01\/Tour-de-France-Femmes-peloton-profimedia-0711099823-CVR-768x512-1.webp","contentUrl":"https:\/\/d2p6e6u75xmxt8.cloudfront.net\/5\/2023\/01\/Tour-de-France-Femmes-peloton-profimedia-0711099823-CVR-768x512-1.webp","width":768,"height":512},{"@type":"BreadcrumbList","@id":"https:\/\/www.welovecycling.com\/pl\/2023\/01\/16\/niewiarygodny-rok-w-kolarstwie-kobiet\/#breadcrumb","itemListElement":[{"@type":"ListItem","position":1,"name":"Home","item":"https:\/\/www.welovecycling.com\/pl\/"},{"@type":"ListItem","position":2,"name":"Niewiarygodny rok w kolarstwie kobiet"}]},{"@type":"WebSite","@id":"https:\/\/www.welovecycling.com\/pl\/#website","url":"https:\/\/www.welovecycling.com\/pl\/","name":"\u0160koda We Love Cycling - Poland","description":"","potentialAction":[{"@type":"SearchAction","target":{"@type":"EntryPoint","urlTemplate":"https:\/\/www.welovecycling.com\/pl\/?s={search_term_string}"},"query-input":{"@type":"PropertyValueSpecification","valueRequired":true,"valueName":"search_term_string"}}],"inLanguage":"pl-PL"},{"@type":"Person","@id":"https:\/\/www.welovecycling.com\/pl\/#\/schema\/person\/bf06ed916a1ef16618807fb60d2ebe42","name":"rafal","image":{"@type":"ImageObject","inLanguage":"pl-PL","@id":"https:\/\/www.welovecycling.com\/pl\/#\/schema\/person\/image\/","url":"https:\/\/secure.gravatar.com\/avatar\/203f240e63bee214f6f3a0dacbeb600c7829c09716c2b9ee3230c6961debcde2?s=96&d=mm&r=g","contentUrl":"https:\/\/secure.gravatar.com\/avatar\/203f240e63bee214f6f3a0dacbeb600c7829c09716c2b9ee3230c6961debcde2?s=96&d=mm&r=g","caption":"rafal"},"url":"https:\/\/www.welovecycling.com\/pl\/author\/rafal\/"}]}},"_links":{"self":[{"href":"https:\/\/www.welovecycling.com\/pl\/wp-json\/wp\/v2\/posts\/13504","targetHints":{"allow":["GET"]}}],"collection":[{"href":"https:\/\/www.welovecycling.com\/pl\/wp-json\/wp\/v2\/posts"}],"about":[{"href":"https:\/\/www.welovecycling.com\/pl\/wp-json\/wp\/v2\/types\/post"}],"author":[{"embeddable":true,"href":"https:\/\/www.welovecycling.com\/pl\/wp-json\/wp\/v2\/users\/153"}],"replies":[{"embeddable":true,"href":"https:\/\/www.welovecycling.com\/pl\/wp-json\/wp\/v2\/comments?post=13504"}],"version-history":[{"count":2,"href":"https:\/\/www.welovecycling.com\/pl\/wp-json\/wp\/v2\/posts\/13504\/revisions"}],"predecessor-version":[{"id":13507,"href":"https:\/\/www.welovecycling.com\/pl\/wp-json\/wp\/v2\/posts\/13504\/revisions\/13507"}],"wp:featuredmedia":[{"embeddable":true,"href":"https:\/\/www.welovecycling.com\/pl\/wp-json\/wp\/v2\/media\/13505"}],"wp:attachment":[{"href":"https:\/\/www.welovecycling.com\/pl\/wp-json\/wp\/v2\/media?parent=13504"}],"wp:term":[{"taxonomy":"category","embeddable":true,"href":"https:\/\/www.welovecycling.com\/pl\/wp-json\/wp\/v2\/categories?post=13504"},{"taxonomy":"post_tag","embeddable":true,"href":"https:\/\/www.welovecycling.com\/pl\/wp-json\/wp\/v2\/tags?post=13504"},{"taxonomy":"global-categories","embeddable":true,"href":"https:\/\/www.welovecycling.com\/pl\/wp-json\/wp\/v2\/global-categories?post=13504"}],"curies":[{"name":"wp","href":"https:\/\/api.w.org\/{rel}","templated":true}]}}