{"id":13491,"date":"2023-01-11T18:36:45","date_gmt":"2023-01-11T18:36:45","guid":{"rendered":"https:\/\/www.welovecycling.com\/pl\/?p=13491"},"modified":"2023-01-12T08:02:00","modified_gmt":"2023-01-12T08:02:00","slug":"bedzie-sie-dzialo-zapowiada-sie-wielki-rewanz-za-tour-de-france","status":"publish","type":"post","link":"https:\/\/www.welovecycling.com\/pl\/2023\/01\/11\/bedzie-sie-dzialo-zapowiada-sie-wielki-rewanz-za-tour-de-france\/","title":{"rendered":"B\u0119dzie si\u0119 dzia\u0142o! Zapowiada si\u0119 wielki rewan\u017c za Tour de France"},"content":{"rendered":"<p><strong>Jedni jeszcze odpoczywaj\u0105, ale inni ju\u017c kre\u015bl\u0105 strategi\u0119. To w\u0142a\u015bnie w przerwie \u015bwi\u0105teczno-noworocznej powstaj\u0105 plany na zbli\u017caj\u0105cy si\u0119 sezon, a wiele z nich dotyczy Tour de France.<\/strong><\/p>\n<p class=\"Standard\"><span style=\"font-size: 14.0pt; color: #222222;\">Pocz\u0105tek roku to czas wyt\u0119\u017conego planowania. Znane s\u0105 ju\u017c daty najwa\u017cniejszych wy\u015bcig\u00f3w na \u015bwiecie, wi\u0119c w zespo\u0142ach trwa dzielenie si\u0142 pomi\u0119dzy poszczeg\u00f3lnymi wyzwaniami. Tradycyjnie do obsadzenia s\u0105 trzy wielkie toury: Giro d&#8217;Italia (6\u201328 maja), Tour de France (1\u201323 lipca) oraz Vuelta a Espa\u00f1a (26 sierpnia \u2013 17 wrze\u015bnia), a tak\u017ce wiele wy\u015bcig\u00f3w jednodniowych i wieloetapowych.<\/span><\/p>\n<h2 class=\"Standard\"><b><span style=\"font-size: 14.0pt; color: #222222;\">W pogoni za rekordem<\/span><\/b><\/h2>\n<p class=\"Standard\"><span style=\"font-size: 14.0pt; color: #222222;\">Kolarski kalendarz kr\u0119ci si\u0119 jednak wok\u00f3\u0142 najwi\u0119kszych imprez, i to do nich dostosowywane s\u0105 terminarze czo\u0142owych zawodnik\u00f3w na \u015bwiecie. St\u0105d jest ju\u017c niemal pewne, \u017ce Tadej Pogacar (UAE Team Emirates) b\u0119dzie pr\u00f3bowa\u0142 atakowa\u0107 historyczny wyczyn na Tour de France, czyli wygra\u0107 klasyfikacj\u0119 generaln\u0105 co najmniej pi\u0119\u0107 razy. Co prawda S\u0142oweniec na koncie ma dopiero dwa zwyci\u0119stwa w Wielkiej P\u0119tli, ale z racji wieku (24 lata) daje si\u0119 mu wielkie szanse na pobicie tego rekordu.<\/span><\/p>\n<p class=\"Standard\"><span style=\"font-size: 14.0pt; color: #222222;\">Podczas Tour de France 2023 S\u0142oweniec nie b\u0119dzie mia\u0142 jednak \u0142atwego zadania, bo dru\u017cyna Jumbo-Visma ju\u017c og\u0142osi\u0142a, \u017ce najcenniejszego tytu\u0142u w \u015bwiatowym kolarstwie b\u0119dzie broni\u0142 ubieg\u0142oroczny zwyci\u0119zca Wielkiej P\u0119tli Jonas Vingegaard. A to oznacza, \u017ce przed nami wielki rewan\u017c za Tour de France 2022!<\/span><\/p>\n<h2 class=\"Standard\"><b><span style=\"font-size: 14.0pt; color: #222222;\">Burza m\u00f3zg\u00f3w<\/span><\/b><\/h2>\n<p class=\"Standard\"><span style=\"font-size: 14.0pt; color: #222222;\">Ciekawie zapowiada si\u0119 r\u00f3wnie\u017c rywalizacja obu tych ekip na pierwszym z tegorocznych wielkich tour\u00f3w, czyli Giro d&#8217;Italia. Liderem UAE Team Emirates ma by\u0107 Joao Almeida, a pomaga\u0107 b\u0119d\u0105 mu Jay Vine, Diego Ulissi i Alessandro Covi. Tak mocna ekipa b\u0119dzie jednak mie\u0107 godnych rywali w osobie Primo\u017ca Roglicia i jego pomocnik\u00f3w.<\/span><\/p>\n<p class=\"Standard\"><span style=\"font-size: 14.0pt; color: #222222;\">\u2013 Mieli\u015bmy w zespole burz\u0119 m\u00f3zg\u00f3w, podczas kt\u00f3rej uznali\u015bmy, \u017ce walka o ponowne wygranie Tour de France jest naszym obowi\u0105zkiem, i bardzo chcemy to zrobi\u0107. Maj\u0105c w sk\u0142adzie takich lider\u00f3w jak Jonas Vingegaard i Primo\u017c Rogli\u0107, jeste\u015bmy w luksusowej sytuacji \u2013 podkre\u015bla\u0142 Merijn Zeeman, dyrektor sportowy Jumbo-Visma.<\/span><\/p>\n<div class=\"embed-controller-wrapper\">\n<blockquote class=\"twitter-tweet\" data-width=\"500\" data-dnt=\"true\">\n<p lang=\"en\" dir=\"ltr\">Ready for 2\ufe0f\u20e30\ufe0f\u20e32\ufe0f\u20e33\ufe0f\u20e3! <a href=\"https:\/\/t.co\/bROgoXIt8L\">pic.twitter.com\/bROgoXIt8L<\/a><\/p>\n<p>&mdash; Team Visma | Lease a Bike (@vismaleaseabike) <a href=\"https:\/\/twitter.com\/vismaleaseabike\/status\/1605989763550351360?ref_src=twsrc%5Etfw\">December 22, 2022<\/a><\/p><\/blockquote>\n<p><script async data-src=\"https:\/\/platform.twitter.com\/widgets.js\" charset=\"utf-8\"><\/script><\/div>\n<p class=\"Standard\"><span style=\"font-size: 14.0pt; color: #222222;\">Pierwszym wy\u015bcigiem z cyklu UCI World Tour 2023 b\u0119dzie australijski Tour Down Under, kt\u00f3ry zostanie rozegrany w dniach 17\u201322 stycznia.<\/span><\/p>\n<p><span data-sheets-value=\"{&quot;1&quot;:2,&quot;2&quot;:&quot;Artyku\u0142 powsta\u0142 we wsp\u00f3\u0142pracy ze skoda-auto.pl&quot;}\" data-sheets-userformat=\"{&quot;2&quot;:1,&quot;3&quot;:{&quot;1&quot;:0}}\" data-sheets-hyperlink=\"http:\/\/www.skoda-auto.pl\/\"><a class=\"in-cell-link\" href=\"http:\/\/www.skoda-auto.pl\/\" target=\"_blank\" rel=\"noopener noreferrer\">Artyku\u0142 powsta\u0142 we wsp\u00f3\u0142pracy ze skoda-auto.pl<\/a><\/span><\/p>\n<p><a href=\"https:\/\/www.skoda-auto.pl\/modele\/nowa-octavia\"><img loading=\"lazy\" decoding=\"async\" class=\"alignnone size-full wp-image-11630 aligncenter\" src=\"https:\/\/d2p6e6u75xmxt8.cloudfront.net\/5\/2021\/12\/640x350-1.jpg\" alt=\"\" width=\"640\" height=\"350\" srcset=\"https:\/\/d2p6e6u75xmxt8.cloudfront.net\/5\/2021\/12\/640x350-1.jpg 640w, https:\/\/d2p6e6u75xmxt8.cloudfront.net\/5\/2021\/12\/640x350-1-300x164.jpg 300w\" sizes=\"auto, (max-width: 640px) 100vw, 640px\" \/><\/a><\/p>\n","protected":false},"excerpt":{"rendered":"<p>Jedni jeszcze odpoczywaj\u0105, ale inni ju\u017c kre\u015bl\u0105 strategi\u0119. To w\u0142a\u015bnie w przerwie \u015bwi\u0105teczno-noworocznej powstaj\u0105 plany na zbli\u017caj\u0105cy si\u0119 sezon, a [&hellip;]<\/p>\n","protected":false},"author":153,"featured_media":13501,"comment_status":"open","ping_status":"open","sticky":false,"template":"","format":"standard","meta":{"footnotes":""},"categories":[226],"tags":[362],"global-categories":[303],"class_list":["post-13491","post","type-post","status-publish","format-standard","has-post-thumbnail","hentry","category-ciekawostki","tag-piotr-nowik","global-categories-cycling"],"yoast_head":"<!-- This site is optimized with the Yoast SEO Premium plugin v25.3 (Yoast SEO v25.9) - https:\/\/yoast.com\/wordpress\/plugins\/seo\/ -->\n<title>B\u0119dzie si\u0119 dzia\u0142o! Zapowiada si\u0119 wielki rewan\u017c za Tour de France - \u0160koda We Love Cycling - Poland<\/title>\n<meta name=\"robots\" content=\"index, follow, max-snippet:-1, max-image-preview:large, max-video-preview:-1\" \/>\n<link rel=\"canonical\" href=\"https:\/\/www.welovecycling.com\/pl\/2023\/01\/11\/bedzie-sie-dzialo-zapowiada-sie-wielki-rewanz-za-tour-de-france\/\" \/>\n<meta property=\"og:locale\" content=\"pl_PL\" \/>\n<meta property=\"og:type\" content=\"article\" \/>\n<meta property=\"og:title\" content=\"B\u0119dzie si\u0119 dzia\u0142o! Zapowiada si\u0119 wielki rewan\u017c za Tour de France\" \/>\n<meta property=\"og:description\" content=\"Jedni jeszcze odpoczywaj\u0105, ale inni ju\u017c kre\u015bl\u0105 strategi\u0119. To w\u0142a\u015bnie w przerwie \u015bwi\u0105teczno-noworocznej powstaj\u0105 plany na zbli\u017caj\u0105cy si\u0119 sezon, a [&hellip;]\" \/>\n<meta property=\"og:url\" content=\"https:\/\/www.welovecycling.com\/pl\/2023\/01\/11\/bedzie-sie-dzialo-zapowiada-sie-wielki-rewanz-za-tour-de-france\/\" \/>\n<meta property=\"og:site_name\" content=\"\u0160koda We Love Cycling - Poland\" \/>\n<meta property=\"article:published_time\" content=\"2023-01-11T18:36:45+00:00\" \/>\n<meta property=\"article:modified_time\" content=\"2023-01-12T08:02:00+00:00\" \/>\n<meta property=\"og:image\" content=\"https:\/\/d2p6e6u75xmxt8.cloudfront.net\/5\/2022\/12\/Christian-Prudhomme-CVR-profimedia-0733548897-768x512-1.webp\" \/>\n\t<meta property=\"og:image:width\" content=\"768\" \/>\n\t<meta property=\"og:image:height\" content=\"512\" \/>\n\t<meta property=\"og:image:type\" content=\"image\/webp\" \/>\n<meta name=\"author\" content=\"rafal\" \/>\n<meta name=\"twitter:card\" content=\"summary_large_image\" \/>\n<meta name=\"twitter:label1\" content=\"Written by\" \/>\n\t<meta name=\"twitter:data1\" content=\"Piotr Nowik\" \/>\n\t<meta name=\"twitter:label2\" content=\"Est. reading time\" \/>\n\t<meta name=\"twitter:data2\" content=\"2\" \/>\n<script type=\"application\/ld+json\" class=\"yoast-schema-graph\">{\"@context\":\"https:\/\/schema.org\",\"@graph\":[{\"@type\":\"WebPage\",\"@id\":\"https:\/\/www.welovecycling.com\/pl\/2023\/01\/11\/bedzie-sie-dzialo-zapowiada-sie-wielki-rewanz-za-tour-de-france\/\",\"url\":\"https:\/\/www.welovecycling.com\/pl\/2023\/01\/11\/bedzie-sie-dzialo-zapowiada-sie-wielki-rewanz-za-tour-de-france\/\",\"name\":\"B\u0119dzie si\u0119 dzia\u0142o! Zapowiada si\u0119 wielki rewan\u017c za Tour de France - \u0160koda We Love Cycling - Poland\",\"isPartOf\":{\"@id\":\"https:\/\/www.welovecycling.com\/pl\/#website\"},\"primaryImageOfPage\":{\"@id\":\"https:\/\/www.welovecycling.com\/pl\/2023\/01\/11\/bedzie-sie-dzialo-zapowiada-sie-wielki-rewanz-za-tour-de-france\/#primaryimage\"},\"image\":{\"@id\":\"https:\/\/www.welovecycling.com\/pl\/2023\/01\/11\/bedzie-sie-dzialo-zapowiada-sie-wielki-rewanz-za-tour-de-france\/#primaryimage\"},\"thumbnailUrl\":\"https:\/\/d2p6e6u75xmxt8.cloudfront.net\/5\/2022\/12\/Christian-Prudhomme-CVR-profimedia-0733548897-768x512-1.webp\",\"datePublished\":\"2023-01-11T18:36:45+00:00\",\"dateModified\":\"2023-01-12T08:02:00+00:00\",\"author\":{\"@id\":\"https:\/\/www.welovecycling.com\/pl\/#\/schema\/person\/bf06ed916a1ef16618807fb60d2ebe42\"},\"breadcrumb\":{\"@id\":\"https:\/\/www.welovecycling.com\/pl\/2023\/01\/11\/bedzie-sie-dzialo-zapowiada-sie-wielki-rewanz-za-tour-de-france\/#breadcrumb\"},\"inLanguage\":\"pl-PL\",\"potentialAction\":[{\"@type\":\"ReadAction\",\"target\":[\"https:\/\/www.welovecycling.com\/pl\/2023\/01\/11\/bedzie-sie-dzialo-zapowiada-sie-wielki-rewanz-za-tour-de-france\/\"]}]},{\"@type\":\"ImageObject\",\"inLanguage\":\"pl-PL\",\"@id\":\"https:\/\/www.welovecycling.com\/pl\/2023\/01\/11\/bedzie-sie-dzialo-zapowiada-sie-wielki-rewanz-za-tour-de-france\/#primaryimage\",\"url\":\"https:\/\/d2p6e6u75xmxt8.cloudfront.net\/5\/2022\/12\/Christian-Prudhomme-CVR-profimedia-0733548897-768x512-1.webp\",\"contentUrl\":\"https:\/\/d2p6e6u75xmxt8.cloudfront.net\/5\/2022\/12\/Christian-Prudhomme-CVR-profimedia-0733548897-768x512-1.webp\",\"width\":768,\"height\":512},{\"@type\":\"BreadcrumbList\",\"@id\":\"https:\/\/www.welovecycling.com\/pl\/2023\/01\/11\/bedzie-sie-dzialo-zapowiada-sie-wielki-rewanz-za-tour-de-france\/#breadcrumb\",\"itemListElement\":[{\"@type\":\"ListItem\",\"position\":1,\"name\":\"Home\",\"item\":\"https:\/\/www.welovecycling.com\/pl\/\"},{\"@type\":\"ListItem\",\"position\":2,\"name\":\"B\u0119dzie si\u0119 dzia\u0142o! Zapowiada si\u0119 wielki rewan\u017c za Tour de France\"}]},{\"@type\":\"WebSite\",\"@id\":\"https:\/\/www.welovecycling.com\/pl\/#website\",\"url\":\"https:\/\/www.welovecycling.com\/pl\/\",\"name\":\"\u0160koda We Love Cycling - Poland\",\"description\":\"\",\"potentialAction\":[{\"@type\":\"SearchAction\",\"target\":{\"@type\":\"EntryPoint\",\"urlTemplate\":\"https:\/\/www.welovecycling.com\/pl\/?s={search_term_string}\"},\"query-input\":{\"@type\":\"PropertyValueSpecification\",\"valueRequired\":true,\"valueName\":\"search_term_string\"}}],\"inLanguage\":\"pl-PL\"},{\"@type\":\"Person\",\"@id\":\"https:\/\/www.welovecycling.com\/pl\/#\/schema\/person\/bf06ed916a1ef16618807fb60d2ebe42\",\"name\":\"rafal\",\"image\":{\"@type\":\"ImageObject\",\"inLanguage\":\"pl-PL\",\"@id\":\"https:\/\/www.welovecycling.com\/pl\/#\/schema\/person\/image\/\",\"url\":\"https:\/\/secure.gravatar.com\/avatar\/203f240e63bee214f6f3a0dacbeb600c7829c09716c2b9ee3230c6961debcde2?s=96&d=mm&r=g\",\"contentUrl\":\"https:\/\/secure.gravatar.com\/avatar\/203f240e63bee214f6f3a0dacbeb600c7829c09716c2b9ee3230c6961debcde2?s=96&d=mm&r=g\",\"caption\":\"rafal\"},\"url\":\"https:\/\/www.welovecycling.com\/pl\/author\/rafal\/\"}]}<\/script>\n<!-- \/ Yoast SEO Premium plugin. -->","yoast_head_json":{"title":"B\u0119dzie si\u0119 dzia\u0142o! Zapowiada si\u0119 wielki rewan\u017c za Tour de France - \u0160koda We Love Cycling - Poland","robots":{"index":"index","follow":"follow","max-snippet":"max-snippet:-1","max-image-preview":"max-image-preview:large","max-video-preview":"max-video-preview:-1"},"canonical":"https:\/\/www.welovecycling.com\/pl\/2023\/01\/11\/bedzie-sie-dzialo-zapowiada-sie-wielki-rewanz-za-tour-de-france\/","og_locale":"pl_PL","og_type":"article","og_title":"B\u0119dzie si\u0119 dzia\u0142o! Zapowiada si\u0119 wielki rewan\u017c za Tour de France","og_description":"Jedni jeszcze odpoczywaj\u0105, ale inni ju\u017c kre\u015bl\u0105 strategi\u0119. To w\u0142a\u015bnie w przerwie \u015bwi\u0105teczno-noworocznej powstaj\u0105 plany na zbli\u017caj\u0105cy si\u0119 sezon, a [&hellip;]","og_url":"https:\/\/www.welovecycling.com\/pl\/2023\/01\/11\/bedzie-sie-dzialo-zapowiada-sie-wielki-rewanz-za-tour-de-france\/","og_site_name":"\u0160koda We Love Cycling - Poland","article_published_time":"2023-01-11T18:36:45+00:00","article_modified_time":"2023-01-12T08:02:00+00:00","og_image":[{"width":768,"height":512,"url":"https:\/\/d2p6e6u75xmxt8.cloudfront.net\/5\/2022\/12\/Christian-Prudhomme-CVR-profimedia-0733548897-768x512-1.webp","type":"image\/webp"}],"author":"rafal","twitter_card":"summary_large_image","twitter_misc":{"Written by":"Piotr Nowik","Est. reading time":"2"},"schema":{"@context":"https:\/\/schema.org","@graph":[{"@type":"WebPage","@id":"https:\/\/www.welovecycling.com\/pl\/2023\/01\/11\/bedzie-sie-dzialo-zapowiada-sie-wielki-rewanz-za-tour-de-france\/","url":"https:\/\/www.welovecycling.com\/pl\/2023\/01\/11\/bedzie-sie-dzialo-zapowiada-sie-wielki-rewanz-za-tour-de-france\/","name":"B\u0119dzie si\u0119 dzia\u0142o! Zapowiada si\u0119 wielki rewan\u017c za Tour de France - \u0160koda We Love Cycling - Poland","isPartOf":{"@id":"https:\/\/www.welovecycling.com\/pl\/#website"},"primaryImageOfPage":{"@id":"https:\/\/www.welovecycling.com\/pl\/2023\/01\/11\/bedzie-sie-dzialo-zapowiada-sie-wielki-rewanz-za-tour-de-france\/#primaryimage"},"image":{"@id":"https:\/\/www.welovecycling.com\/pl\/2023\/01\/11\/bedzie-sie-dzialo-zapowiada-sie-wielki-rewanz-za-tour-de-france\/#primaryimage"},"thumbnailUrl":"https:\/\/d2p6e6u75xmxt8.cloudfront.net\/5\/2022\/12\/Christian-Prudhomme-CVR-profimedia-0733548897-768x512-1.webp","datePublished":"2023-01-11T18:36:45+00:00","dateModified":"2023-01-12T08:02:00+00:00","author":{"@id":"https:\/\/www.welovecycling.com\/pl\/#\/schema\/person\/bf06ed916a1ef16618807fb60d2ebe42"},"breadcrumb":{"@id":"https:\/\/www.welovecycling.com\/pl\/2023\/01\/11\/bedzie-sie-dzialo-zapowiada-sie-wielki-rewanz-za-tour-de-france\/#breadcrumb"},"inLanguage":"pl-PL","potentialAction":[{"@type":"ReadAction","target":["https:\/\/www.welovecycling.com\/pl\/2023\/01\/11\/bedzie-sie-dzialo-zapowiada-sie-wielki-rewanz-za-tour-de-france\/"]}]},{"@type":"ImageObject","inLanguage":"pl-PL","@id":"https:\/\/www.welovecycling.com\/pl\/2023\/01\/11\/bedzie-sie-dzialo-zapowiada-sie-wielki-rewanz-za-tour-de-france\/#primaryimage","url":"https:\/\/d2p6e6u75xmxt8.cloudfront.net\/5\/2022\/12\/Christian-Prudhomme-CVR-profimedia-0733548897-768x512-1.webp","contentUrl":"https:\/\/d2p6e6u75xmxt8.cloudfront.net\/5\/2022\/12\/Christian-Prudhomme-CVR-profimedia-0733548897-768x512-1.webp","width":768,"height":512},{"@type":"BreadcrumbList","@id":"https:\/\/www.welovecycling.com\/pl\/2023\/01\/11\/bedzie-sie-dzialo-zapowiada-sie-wielki-rewanz-za-tour-de-france\/#breadcrumb","itemListElement":[{"@type":"ListItem","position":1,"name":"Home","item":"https:\/\/www.welovecycling.com\/pl\/"},{"@type":"ListItem","position":2,"name":"B\u0119dzie si\u0119 dzia\u0142o! Zapowiada si\u0119 wielki rewan\u017c za Tour de France"}]},{"@type":"WebSite","@id":"https:\/\/www.welovecycling.com\/pl\/#website","url":"https:\/\/www.welovecycling.com\/pl\/","name":"\u0160koda We Love Cycling - Poland","description":"","potentialAction":[{"@type":"SearchAction","target":{"@type":"EntryPoint","urlTemplate":"https:\/\/www.welovecycling.com\/pl\/?s={search_term_string}"},"query-input":{"@type":"PropertyValueSpecification","valueRequired":true,"valueName":"search_term_string"}}],"inLanguage":"pl-PL"},{"@type":"Person","@id":"https:\/\/www.welovecycling.com\/pl\/#\/schema\/person\/bf06ed916a1ef16618807fb60d2ebe42","name":"rafal","image":{"@type":"ImageObject","inLanguage":"pl-PL","@id":"https:\/\/www.welovecycling.com\/pl\/#\/schema\/person\/image\/","url":"https:\/\/secure.gravatar.com\/avatar\/203f240e63bee214f6f3a0dacbeb600c7829c09716c2b9ee3230c6961debcde2?s=96&d=mm&r=g","contentUrl":"https:\/\/secure.gravatar.com\/avatar\/203f240e63bee214f6f3a0dacbeb600c7829c09716c2b9ee3230c6961debcde2?s=96&d=mm&r=g","caption":"rafal"},"url":"https:\/\/www.welovecycling.com\/pl\/author\/rafal\/"}]}},"_links":{"self":[{"href":"https:\/\/www.welovecycling.com\/pl\/wp-json\/wp\/v2\/posts\/13491","targetHints":{"allow":["GET"]}}],"collection":[{"href":"https:\/\/www.welovecycling.com\/pl\/wp-json\/wp\/v2\/posts"}],"about":[{"href":"https:\/\/www.welovecycling.com\/pl\/wp-json\/wp\/v2\/types\/post"}],"author":[{"embeddable":true,"href":"https:\/\/www.welovecycling.com\/pl\/wp-json\/wp\/v2\/users\/153"}],"replies":[{"embeddable":true,"href":"https:\/\/www.welovecycling.com\/pl\/wp-json\/wp\/v2\/comments?post=13491"}],"version-history":[{"count":2,"href":"https:\/\/www.welovecycling.com\/pl\/wp-json\/wp\/v2\/posts\/13491\/revisions"}],"predecessor-version":[{"id":13503,"href":"https:\/\/www.welovecycling.com\/pl\/wp-json\/wp\/v2\/posts\/13491\/revisions\/13503"}],"wp:featuredmedia":[{"embeddable":true,"href":"https:\/\/www.welovecycling.com\/pl\/wp-json\/wp\/v2\/media\/13501"}],"wp:attachment":[{"href":"https:\/\/www.welovecycling.com\/pl\/wp-json\/wp\/v2\/media?parent=13491"}],"wp:term":[{"taxonomy":"category","embeddable":true,"href":"https:\/\/www.welovecycling.com\/pl\/wp-json\/wp\/v2\/categories?post=13491"},{"taxonomy":"post_tag","embeddable":true,"href":"https:\/\/www.welovecycling.com\/pl\/wp-json\/wp\/v2\/tags?post=13491"},{"taxonomy":"global-categories","embeddable":true,"href":"https:\/\/www.welovecycling.com\/pl\/wp-json\/wp\/v2\/global-categories?post=13491"}],"curies":[{"name":"wp","href":"https:\/\/api.w.org\/{rel}","templated":true}]}}