{"id":1344,"date":"2016-07-05T14:30:38","date_gmt":"2016-07-05T14:30:38","guid":{"rendered":"http:\/\/skoda-rowery.pl\/?p=1344"},"modified":"2016-12-05T08:49:30","modified_gmt":"2016-12-05T08:49:30","slug":"w-tour-de-france-trwa-pogon-za-historia","status":"publish","type":"post","link":"https:\/\/www.welovecycling.com\/pl\/2016\/07\/05\/w-tour-de-france-trwa-pogon-za-historia\/","title":{"rendered":"W Tour de France trwa pogo\u0144 za histori\u0105"},"content":{"rendered":"<p style=\"text-align: justify\">Z tej okazji niekt\u00f3rzy bior\u0105 miesi\u0119czne urlopy i przemierzaj\u0105 tysi\u0105ce kilometr\u00f3w, a innych nawet si\u0142\u0105 nie da si\u0119 oderwa\u0107 od telewizora. Wystartowa\u0142 wielki Tour de France, w kt\u00f3rym od pocz\u0105tku karty rozdaj\u0105 faworyci.<!--more--><\/p>\n<p style=\"text-align: justify\">Zapieraj\u0105ce dech w piersiach widoki, historie pi\u0119knych zabytk\u00f3w, a do tego sportowa rywalizacja. Je\u015bli kto\u015b szuka czego\u015b dla cia\u0142a i ducha, to nic lepszego ni\u017c Tour de France nie mog\u0142o mu si\u0119 przytrafi\u0107.<\/p>\n<p style=\"text-align: justify\"><img loading=\"lazy\" decoding=\"async\" class=\"alignnone size-full wp-image-1347\" src=\"http:\/\/skoda-rowery.pl\/wp-content\/uploads\/2016\/07\/20160704176_041300-b.jpg\" alt=\"20160704176_041300-b\" width=\"620\" height=\"412\" srcset=\"https:\/\/d2p6e6u75xmxt8.cloudfront.net\/5\/2016\/07\/20160704176_041300-b.jpg 620w, https:\/\/d2p6e6u75xmxt8.cloudfront.net\/5\/2016\/07\/20160704176_041300-b-300x199.jpg 300w, https:\/\/d2p6e6u75xmxt8.cloudfront.net\/5\/2016\/07\/20160704176_041300-b-272x182.jpg 272w\" sizes=\"auto, (max-width: 620px) 100vw, 620px\" \/><\/p>\n<p style=\"text-align: justify\"><strong>Cavendish goni legend\u0119<\/strong><\/p>\n<p style=\"text-align: justify\">\u201eWielka P\u0119tla\u201d zn\u00f3w podbija serca milion\u00f3w kibic\u00f3w. Jedni rozczulaj\u0105 si\u0119 nad pechowcem Alberto Contadorem, z kolei inni podziwiaj\u0105 zwyci\u0119stwa etapowe Marka Cavendisha lub z uznaniem kiwaj\u0105 g\u0142owami na widok Petera Sagana na samym czele klasyfikacji generalnej. Za nami trzy etapy Tour de France, kt\u00f3re udowodni\u0142y, dlaczego jest to najbardziej presti\u017cowy wy\u015bcig \u015bwiata.<\/p>\n<p style=\"text-align: justify\">Pami\u0119tacie \u015bciganie przed dwoma laty? Cavendish ostrzy\u0142 sobie z\u0119by na wygranie \u201eWielkiej P\u0119tli\u201d, wi\u0119c nie odpuszcza\u0142 tak\u017ce na etapie w Harrogate. Brytyjczyk nie kalkulowa\u0142, z ca\u0142ych si\u0142 pr\u00f3bowa\u0142 wyskoczy\u0107 na pierwsze miejsce, ale zaczepi\u0142 o rower jednego z rywali i upad\u0142. Okaza\u0142o si\u0119, \u017ce kraksa by\u0142a tak pechowa, \u017ce zwichn\u0105\u0142 brak i musia\u0142 wycofa\u0107 si\u0119 w wy\u015bcigu.<\/p>\n<p style=\"text-align: justify\">Czemu o tym wspominamy? Bo gdyby nie tamto zdarzenie, to pewnie dzi\u015b Cavendish by\u0142by bli\u017cej przej\u015bcia do historii Tour de France pod wzgl\u0119dem liczby zwyci\u0119stw etapowych.<\/p>\n<p style=\"text-align: justify\"><strong>Pragnienie \u017c\u00f3\u0142tej koszulki<\/strong><\/p>\n<p style=\"text-align: justify\">Zawodnik Dimension Data wygra\u0142 pierwszy etap tegorocznej \u201eWielkiej P\u0119tli\u201d o d\u0142ugo\u015bci 188 km, kt\u00f3ry prowadzi\u0142 z Mont Saint-Michel do Utah Beach i dzi\u0119ki temu jako pierwszy za\u0142o\u017cy\u0142 \u017c\u00f3\u0142t\u0105 koszulk\u0119 lidera. &#8211; Pragn\u0105\u0142em jej \u2013 cieszy\u0142 si\u0119 Cavendish. &#8211; Musz\u0119 jednak przyzna\u0107, \u017ce ca\u0142a dru\u017cyna ci\u0119\u017cko pracowa\u0142a na m\u00f3j wynik \u2013 doda\u0142.<\/p>\n<p style=\"text-align: justify\"><img loading=\"lazy\" decoding=\"async\" class=\"alignnone size-full wp-image-1346\" src=\"http:\/\/skoda-rowery.pl\/wp-content\/uploads\/2016\/07\/20160704224_041815-b.jpg\" alt=\"20160704224_041815-b\" width=\"620\" height=\"412\" srcset=\"https:\/\/d2p6e6u75xmxt8.cloudfront.net\/5\/2016\/07\/20160704224_041815-b.jpg 620w, https:\/\/d2p6e6u75xmxt8.cloudfront.net\/5\/2016\/07\/20160704224_041815-b-300x199.jpg 300w, https:\/\/d2p6e6u75xmxt8.cloudfront.net\/5\/2016\/07\/20160704224_041815-b-272x182.jpg 272w\" sizes=\"auto, (max-width: 620px) 100vw, 620px\" \/><\/p>\n<p style=\"text-align: justify\">(\u017ar\u00f3d\u0142o:\u00a0http:\/\/www.letour.fr\/)<\/p>\n<p style=\"text-align: justify\">Co ciekawe, Cavendish po raz pierwszy za\u0142o\u017cy\u0142 \u017c\u00f3\u0142t\u0105 koszulk\u0119, cho\u0107 to by\u0142o jego 27. zwyci\u0119stwo etapowe w Tour de France! Kolejne Brytyjczyk do\u0142o\u017cy\u0142 w poniedzia\u0142ek, na swoim ulubionym, czyli sprinterskim etapie.<\/p>\n<p style=\"text-align: justify\">Dzi\u0119ki tej wygranej Cavendish awansowa\u0142 na drugie miejsce w\u015br\u00f3d zawodnik\u00f3w z najwi\u0119ksz\u0105 liczb\u0105 zwyci\u0119stw etapowych w \u201eWielkiej P\u0119tli\u201d. Teraz do dogonienia zosta\u0142 mu ju\u017c tylko legendarny Eddy Merckx, kt\u00f3ry na met\u0119 etapu Tour de France z podniesionymi r\u0119kami wje\u017cd\u017ca\u0142 34 razy.<\/p>\n<p style=\"text-align: justify\"><strong>Dwa bolesne upadki<\/strong><\/p>\n<p style=\"text-align: justify\">Mimo dw\u00f3ch zwyci\u0119stw Cavendisha, w klasyfikacji generalnej prowadzi Peter Sagan, kt\u00f3ry wygra\u0142 drugi etap (to by\u0142o jego pi\u0105te zwyci\u0119stwo w Wielkiej P\u0119tli w karierze). &#8211; To wspania\u0142e uczucie m\u00f3c za\u0142o\u017cy\u0107 t\u0119 pi\u0119kn\u0105, \u017c\u00f3\u0142t\u0105 koszulk\u0119 \u2013 m\u00f3wi\u0142 na mecie S\u0142owak.<\/p>\n<p style=\"text-align: justify\">Na razie najwi\u0119kszym pechowcem \u201eWielkiej P\u0119tli\u201d jest Alberto Contador. \u015awietny Hiszpan ostrzy sobie z\u0119by na wygranie ca\u0142ego wy\u015bcigu, tymczasem zaliczy\u0142 ju\u017c dwa bolesne upadki!<\/p>\n<p style=\"text-align: justify\">We wtorek zawodnicy b\u0119d\u0105 pokonywali najd\u0142u\u017cszy etap tegorocznego \u201eTour de France\u201d \u2013 z Saumur do Limoges. D\u0142ugo\u015b\u0107 trasy wynosi blisko 240 kilometr\u00f3w i b\u0119dzie to doskona\u0142a rozgrzewka przed wjazdem w tereny g\u00f3rzyste.<\/p>\n<p style=\"text-align: justify\">\n<p style=\"text-align: justify\">\n","protected":false},"excerpt":{"rendered":"<p>Z tej okazji niekt\u00f3rzy bior\u0105 miesi\u0119czne urlopy i przemierzaj\u0105 tysi\u0105ce kilometr\u00f3w, a innych nawet si\u0142\u0105 nie da si\u0119 oderwa\u0107 od [&hellip;]<\/p>\n","protected":false},"author":1,"featured_media":1345,"comment_status":"open","ping_status":"closed","sticky":false,"template":"","format":"standard","meta":{"footnotes":""},"categories":[1],"tags":[41,77],"global-categories":[],"class_list":["post-1344","post","type-post","status-publish","format-standard","has-post-thumbnail","hentry","category-uncategorized","tag-cycling","tag-tour-de-france"],"yoast_head":"<!-- This site is optimized with the Yoast SEO Premium plugin v25.3 (Yoast SEO v25.9) - https:\/\/yoast.com\/wordpress\/plugins\/seo\/ -->\n<title>W Tour de France trwa pogo\u0144 za histori\u0105 - \u0160koda We Love Cycling - Poland<\/title>\n<meta name=\"robots\" content=\"index, follow, max-snippet:-1, max-image-preview:large, max-video-preview:-1\" \/>\n<link rel=\"canonical\" href=\"https:\/\/www.welovecycling.com\/pl\/2016\/07\/05\/w-tour-de-france-trwa-pogon-za-historia\/\" \/>\n<meta property=\"og:locale\" content=\"pl_PL\" \/>\n<meta property=\"og:type\" content=\"article\" \/>\n<meta property=\"og:title\" content=\"W Tour de France trwa pogo\u0144 za histori\u0105\" \/>\n<meta property=\"og:description\" content=\"Z tej okazji niekt\u00f3rzy bior\u0105 miesi\u0119czne urlopy i przemierzaj\u0105 tysi\u0105ce kilometr\u00f3w, a innych nawet si\u0142\u0105 nie da si\u0119 oderwa\u0107 od [&hellip;]\" \/>\n<meta property=\"og:url\" content=\"https:\/\/www.welovecycling.com\/pl\/2016\/07\/05\/w-tour-de-france-trwa-pogon-za-historia\/\" \/>\n<meta property=\"og:site_name\" content=\"\u0160koda We Love Cycling - Poland\" \/>\n<meta property=\"article:published_time\" content=\"2016-07-05T14:30:38+00:00\" \/>\n<meta property=\"article:modified_time\" content=\"2016-12-05T08:49:30+00:00\" \/>\n<meta property=\"og:image\" content=\"https:\/\/d2p6e6u75xmxt8.cloudfront.net\/5\/2016\/07\/20160704194_041358.jpg\" \/>\n\t<meta property=\"og:image:width\" content=\"1000\" \/>\n\t<meta property=\"og:image:height\" content=\"666\" \/>\n\t<meta property=\"og:image:type\" content=\"image\/jpeg\" \/>\n<meta name=\"author\" content=\"WeLoveCycling\" \/>\n<meta name=\"twitter:card\" content=\"summary_large_image\" \/>\n<meta name=\"twitter:label1\" content=\"Written by\" \/>\n\t<meta name=\"twitter:data1\" content=\"WeLoveCycling\" \/>\n\t<meta name=\"twitter:label2\" content=\"Est. reading time\" \/>\n\t<meta name=\"twitter:data2\" content=\"3 minutes\" \/>\n<script type=\"application\/ld+json\" class=\"yoast-schema-graph\">{\"@context\":\"https:\/\/schema.org\",\"@graph\":[{\"@type\":\"WebPage\",\"@id\":\"https:\/\/www.welovecycling.com\/pl\/2016\/07\/05\/w-tour-de-france-trwa-pogon-za-historia\/\",\"url\":\"https:\/\/www.welovecycling.com\/pl\/2016\/07\/05\/w-tour-de-france-trwa-pogon-za-historia\/\",\"name\":\"W Tour de France trwa pogo\u0144 za histori\u0105 - \u0160koda We Love Cycling - Poland\",\"isPartOf\":{\"@id\":\"https:\/\/www.welovecycling.com\/pl\/#website\"},\"primaryImageOfPage\":{\"@id\":\"https:\/\/www.welovecycling.com\/pl\/2016\/07\/05\/w-tour-de-france-trwa-pogon-za-historia\/#primaryimage\"},\"image\":{\"@id\":\"https:\/\/www.welovecycling.com\/pl\/2016\/07\/05\/w-tour-de-france-trwa-pogon-za-historia\/#primaryimage\"},\"thumbnailUrl\":\"https:\/\/d2p6e6u75xmxt8.cloudfront.net\/5\/2016\/07\/20160704194_041358.jpg\",\"datePublished\":\"2016-07-05T14:30:38+00:00\",\"dateModified\":\"2016-12-05T08:49:30+00:00\",\"author\":{\"@id\":\"https:\/\/www.welovecycling.com\/pl\/#\/schema\/person\/e5187c9cac8dd619ebc7b41bd73c2fd9\"},\"breadcrumb\":{\"@id\":\"https:\/\/www.welovecycling.com\/pl\/2016\/07\/05\/w-tour-de-france-trwa-pogon-za-historia\/#breadcrumb\"},\"inLanguage\":\"pl-PL\",\"potentialAction\":[{\"@type\":\"ReadAction\",\"target\":[\"https:\/\/www.welovecycling.com\/pl\/2016\/07\/05\/w-tour-de-france-trwa-pogon-za-historia\/\"]}]},{\"@type\":\"ImageObject\",\"inLanguage\":\"pl-PL\",\"@id\":\"https:\/\/www.welovecycling.com\/pl\/2016\/07\/05\/w-tour-de-france-trwa-pogon-za-historia\/#primaryimage\",\"url\":\"https:\/\/d2p6e6u75xmxt8.cloudfront.net\/5\/2016\/07\/20160704194_041358.jpg\",\"contentUrl\":\"https:\/\/d2p6e6u75xmxt8.cloudfront.net\/5\/2016\/07\/20160704194_041358.jpg\",\"width\":1000,\"height\":666,\"caption\":\"Tour de France 2016 - 04\/07\/2016 - Etape 3 - Granville\/ Angers (223,5 km) - TINKOFF en t\u00eate de peloton\"},{\"@type\":\"BreadcrumbList\",\"@id\":\"https:\/\/www.welovecycling.com\/pl\/2016\/07\/05\/w-tour-de-france-trwa-pogon-za-historia\/#breadcrumb\",\"itemListElement\":[{\"@type\":\"ListItem\",\"position\":1,\"name\":\"Home\",\"item\":\"https:\/\/www.welovecycling.com\/pl\/\"},{\"@type\":\"ListItem\",\"position\":2,\"name\":\"W Tour de France trwa pogo\u0144 za histori\u0105\"}]},{\"@type\":\"WebSite\",\"@id\":\"https:\/\/www.welovecycling.com\/pl\/#website\",\"url\":\"https:\/\/www.welovecycling.com\/pl\/\",\"name\":\"\u0160koda We Love Cycling - Poland\",\"description\":\"\",\"potentialAction\":[{\"@type\":\"SearchAction\",\"target\":{\"@type\":\"EntryPoint\",\"urlTemplate\":\"https:\/\/www.welovecycling.com\/pl\/?s={search_term_string}\"},\"query-input\":{\"@type\":\"PropertyValueSpecification\",\"valueRequired\":true,\"valueName\":\"search_term_string\"}}],\"inLanguage\":\"pl-PL\"},{\"@type\":\"Person\",\"@id\":\"https:\/\/www.welovecycling.com\/pl\/#\/schema\/person\/e5187c9cac8dd619ebc7b41bd73c2fd9\",\"name\":\"WeLoveCycling\",\"image\":{\"@type\":\"ImageObject\",\"inLanguage\":\"pl-PL\",\"@id\":\"https:\/\/www.welovecycling.com\/pl\/#\/schema\/person\/image\/\",\"url\":\"https:\/\/secure.gravatar.com\/avatar\/7e1ee0ecc5e294b19ef32b9f6086e0afbb9da00c3cb0d465ba4695331f4a9187?s=96&d=mm&r=g\",\"contentUrl\":\"https:\/\/secure.gravatar.com\/avatar\/7e1ee0ecc5e294b19ef32b9f6086e0afbb9da00c3cb0d465ba4695331f4a9187?s=96&d=mm&r=g\",\"caption\":\"WeLoveCycling\"},\"url\":\"https:\/\/www.welovecycling.com\/pl\/author\/lukascech\/\"}]}<\/script>\n<!-- \/ Yoast SEO Premium plugin. -->","yoast_head_json":{"title":"W Tour de France trwa pogo\u0144 za histori\u0105 - \u0160koda We Love Cycling - Poland","robots":{"index":"index","follow":"follow","max-snippet":"max-snippet:-1","max-image-preview":"max-image-preview:large","max-video-preview":"max-video-preview:-1"},"canonical":"https:\/\/www.welovecycling.com\/pl\/2016\/07\/05\/w-tour-de-france-trwa-pogon-za-historia\/","og_locale":"pl_PL","og_type":"article","og_title":"W Tour de France trwa pogo\u0144 za histori\u0105","og_description":"Z tej okazji niekt\u00f3rzy bior\u0105 miesi\u0119czne urlopy i przemierzaj\u0105 tysi\u0105ce kilometr\u00f3w, a innych nawet si\u0142\u0105 nie da si\u0119 oderwa\u0107 od [&hellip;]","og_url":"https:\/\/www.welovecycling.com\/pl\/2016\/07\/05\/w-tour-de-france-trwa-pogon-za-historia\/","og_site_name":"\u0160koda We Love Cycling - Poland","article_published_time":"2016-07-05T14:30:38+00:00","article_modified_time":"2016-12-05T08:49:30+00:00","og_image":[{"width":1000,"height":666,"url":"https:\/\/d2p6e6u75xmxt8.cloudfront.net\/5\/2016\/07\/20160704194_041358.jpg","type":"image\/jpeg"}],"author":"WeLoveCycling","twitter_card":"summary_large_image","twitter_misc":{"Written by":"WeLoveCycling","Est. reading time":"3 minutes"},"schema":{"@context":"https:\/\/schema.org","@graph":[{"@type":"WebPage","@id":"https:\/\/www.welovecycling.com\/pl\/2016\/07\/05\/w-tour-de-france-trwa-pogon-za-historia\/","url":"https:\/\/www.welovecycling.com\/pl\/2016\/07\/05\/w-tour-de-france-trwa-pogon-za-historia\/","name":"W Tour de France trwa pogo\u0144 za histori\u0105 - \u0160koda We Love Cycling - Poland","isPartOf":{"@id":"https:\/\/www.welovecycling.com\/pl\/#website"},"primaryImageOfPage":{"@id":"https:\/\/www.welovecycling.com\/pl\/2016\/07\/05\/w-tour-de-france-trwa-pogon-za-historia\/#primaryimage"},"image":{"@id":"https:\/\/www.welovecycling.com\/pl\/2016\/07\/05\/w-tour-de-france-trwa-pogon-za-historia\/#primaryimage"},"thumbnailUrl":"https:\/\/d2p6e6u75xmxt8.cloudfront.net\/5\/2016\/07\/20160704194_041358.jpg","datePublished":"2016-07-05T14:30:38+00:00","dateModified":"2016-12-05T08:49:30+00:00","author":{"@id":"https:\/\/www.welovecycling.com\/pl\/#\/schema\/person\/e5187c9cac8dd619ebc7b41bd73c2fd9"},"breadcrumb":{"@id":"https:\/\/www.welovecycling.com\/pl\/2016\/07\/05\/w-tour-de-france-trwa-pogon-za-historia\/#breadcrumb"},"inLanguage":"pl-PL","potentialAction":[{"@type":"ReadAction","target":["https:\/\/www.welovecycling.com\/pl\/2016\/07\/05\/w-tour-de-france-trwa-pogon-za-historia\/"]}]},{"@type":"ImageObject","inLanguage":"pl-PL","@id":"https:\/\/www.welovecycling.com\/pl\/2016\/07\/05\/w-tour-de-france-trwa-pogon-za-historia\/#primaryimage","url":"https:\/\/d2p6e6u75xmxt8.cloudfront.net\/5\/2016\/07\/20160704194_041358.jpg","contentUrl":"https:\/\/d2p6e6u75xmxt8.cloudfront.net\/5\/2016\/07\/20160704194_041358.jpg","width":1000,"height":666,"caption":"Tour de France 2016 - 04\/07\/2016 - Etape 3 - Granville\/ Angers (223,5 km) - TINKOFF en t\u00eate de peloton"},{"@type":"BreadcrumbList","@id":"https:\/\/www.welovecycling.com\/pl\/2016\/07\/05\/w-tour-de-france-trwa-pogon-za-historia\/#breadcrumb","itemListElement":[{"@type":"ListItem","position":1,"name":"Home","item":"https:\/\/www.welovecycling.com\/pl\/"},{"@type":"ListItem","position":2,"name":"W Tour de France trwa pogo\u0144 za histori\u0105"}]},{"@type":"WebSite","@id":"https:\/\/www.welovecycling.com\/pl\/#website","url":"https:\/\/www.welovecycling.com\/pl\/","name":"\u0160koda We Love Cycling - Poland","description":"","potentialAction":[{"@type":"SearchAction","target":{"@type":"EntryPoint","urlTemplate":"https:\/\/www.welovecycling.com\/pl\/?s={search_term_string}"},"query-input":{"@type":"PropertyValueSpecification","valueRequired":true,"valueName":"search_term_string"}}],"inLanguage":"pl-PL"},{"@type":"Person","@id":"https:\/\/www.welovecycling.com\/pl\/#\/schema\/person\/e5187c9cac8dd619ebc7b41bd73c2fd9","name":"WeLoveCycling","image":{"@type":"ImageObject","inLanguage":"pl-PL","@id":"https:\/\/www.welovecycling.com\/pl\/#\/schema\/person\/image\/","url":"https:\/\/secure.gravatar.com\/avatar\/7e1ee0ecc5e294b19ef32b9f6086e0afbb9da00c3cb0d465ba4695331f4a9187?s=96&d=mm&r=g","contentUrl":"https:\/\/secure.gravatar.com\/avatar\/7e1ee0ecc5e294b19ef32b9f6086e0afbb9da00c3cb0d465ba4695331f4a9187?s=96&d=mm&r=g","caption":"WeLoveCycling"},"url":"https:\/\/www.welovecycling.com\/pl\/author\/lukascech\/"}]}},"_links":{"self":[{"href":"https:\/\/www.welovecycling.com\/pl\/wp-json\/wp\/v2\/posts\/1344","targetHints":{"allow":["GET"]}}],"collection":[{"href":"https:\/\/www.welovecycling.com\/pl\/wp-json\/wp\/v2\/posts"}],"about":[{"href":"https:\/\/www.welovecycling.com\/pl\/wp-json\/wp\/v2\/types\/post"}],"author":[{"embeddable":true,"href":"https:\/\/www.welovecycling.com\/pl\/wp-json\/wp\/v2\/users\/1"}],"replies":[{"embeddable":true,"href":"https:\/\/www.welovecycling.com\/pl\/wp-json\/wp\/v2\/comments?post=1344"}],"version-history":[{"count":1,"href":"https:\/\/www.welovecycling.com\/pl\/wp-json\/wp\/v2\/posts\/1344\/revisions"}],"predecessor-version":[{"id":2440,"href":"https:\/\/www.welovecycling.com\/pl\/wp-json\/wp\/v2\/posts\/1344\/revisions\/2440"}],"wp:featuredmedia":[{"embeddable":true,"href":"https:\/\/www.welovecycling.com\/pl\/wp-json\/wp\/v2\/media\/1345"}],"wp:attachment":[{"href":"https:\/\/www.welovecycling.com\/pl\/wp-json\/wp\/v2\/media?parent=1344"}],"wp:term":[{"taxonomy":"category","embeddable":true,"href":"https:\/\/www.welovecycling.com\/pl\/wp-json\/wp\/v2\/categories?post=1344"},{"taxonomy":"post_tag","embeddable":true,"href":"https:\/\/www.welovecycling.com\/pl\/wp-json\/wp\/v2\/tags?post=1344"},{"taxonomy":"global-categories","embeddable":true,"href":"https:\/\/www.welovecycling.com\/pl\/wp-json\/wp\/v2\/global-categories?post=1344"}],"curies":[{"name":"wp","href":"https:\/\/api.w.org\/{rel}","templated":true}]}}