{"id":13425,"date":"2022-12-16T14:31:05","date_gmt":"2022-12-16T14:31:05","guid":{"rendered":"https:\/\/www.welovecycling.com\/pl\/?p=13425"},"modified":"2022-12-16T14:33:59","modified_gmt":"2022-12-16T14:33:59","slug":"czas-na-zimowy-sen-na-pewno-nie-w-kolarstwie","status":"publish","type":"post","link":"https:\/\/www.welovecycling.com\/pl\/2022\/12\/16\/czas-na-zimowy-sen-na-pewno-nie-w-kolarstwie\/","title":{"rendered":"Czas na zimowy sen? Na pewno nie w kolarstwie!"},"content":{"rendered":"<p><strong>Mordercze treningi, sportowe przyjemno\u015bci i zaskakuj\u0105ce informacje o Tour de France. Ko\u0144c\u00f3wka roku przynosi wiele ciekawych wie\u015bci z kolarskiego \u015bwiata.<\/strong><\/p>\n<p>Zawodnicy nie zapadli w zimowy sen, a wr\u0119cz przeciwnie \u2013 wielu z nich wyciska z ka\u017cdego dnia jak najwi\u0119cej, by nadrobi\u0107 zaleg\u0142o\u015bci spowodowane startami w sezonie. A co dok\u0142adnie robi\u0105 najlepsi kolarze na \u015bwiecie?<\/p>\n<h2><strong>Niecodzienny pojedynek polskich mistrz\u00f3w <\/strong><\/h2>\n<p>Nie wiemy, jak d\u0142ugo polscy mistrzowie umawiali si\u0119 na ten pojedynek, ale w ko\u0144cu do niego dosz\u0142o. Iga \u015awi\u0105tek, \u015bwiatowa rakieta numer 1, oraz Micha\u0142 Kwiatkowski, mistrz \u015bwiata z 2014, rozegrali mecz tenisa, cho\u0107 z relacji znakomitego kolarza wynika, \u017ce by\u0142 to raczej jednostronny pojedynek.<\/p>\n<p><a href=\"https:\/\/www.facebook.com\/kwiato\/posts\/682084953288039\">\u201eFajnie by\u0142o odbi\u0107 kilka pi\u0142ek (i nie odebra\u0107 \u017cadnego z serwis\u00f3w). Trzymam kciuki za Tw\u00f3j sezon i do zobaczenia na jakim\u015b wy\u015bcigu\u201d\u00a0<\/a>\u2013 napisa\u0142 na Facebooku Kwiatkowski (Ineos Grenadiers).<\/p>\n<p>Oczywi\u015bcie spotkaniem z Kwiatkowskim w mediach spo\u0142eczno\u015bciowych pochwali\u0142a si\u0119 r\u00f3wnie\u017c \u015awi\u0105tek.<\/p>\n<p><a href=\"https:\/\/www.instagram.com\/p\/ClemaG7gRk1\/\">\u201ePoznajcie mojego nowego, utalentowanego hitting partnera. Jedno jest pewne: solidnie pracuje na nogach. Dzi\u0119ki za wsp\u00f3lne popo\u0142udnie, Kwiato! By\u0142o super\u201d\u00a0<\/a>\u2013 napisa\u0142a \u015awi\u0105tek.<\/p>\n<p>Przerwa mi\u0119dzy sezonami to dla Kwiatkowskiego nie tylko czas na trening i specjalne spotkania, ale tak\u017ce moment na planowanie nadchodz\u0105cego roku. Czo\u0142owy polski zawodnik w rozmowie z Onetem przyzna\u0142, \u017ce w pierwszej cz\u0119\u015bci 2023 r. skoncentruje si\u0119 g\u0142\u00f3wnie na wy\u015bcigach jednodniowych, cho\u0107 pewnie nie da si\u0119 wykluczy\u0107, \u017ce zobaczymy go w kt\u00f3rym\u015b z wielkich tour\u00f3w.<\/p>\n<h2><strong>Mordercze nadrabianie straconego czasu<\/strong><\/h2>\n<p>Zupe\u0142nie inaczej do kolejnego sezonu przygotowuje si\u0119 Egan Bernal. Wszystko dlatego, \u017ce zawodnik Ineos Grenadiers pr\u00f3buje nadrobi\u0107 czas, kt\u00f3ry straci\u0142 przez kontuzj\u0119. I trzeba przyzna\u0107, \u017ce Kolumbijczyk ma w sobie naprawd\u0119 du\u017co ambicji, skoro nie odpuszcza nawet w takich warunkach.<\/p>\n<div class=\"embed-controller-wrapper\">\n<blockquote class=\"twitter-tweet\" data-width=\"500\" data-dnt=\"true\">\n<p lang=\"es\" dir=\"ltr\">Yo no soy nadie para decirles esto pero\u2026 si tienen un objetivo, no importan las condiciones, ni que tan abajo o arriba est\u00e9n\u2026 L\u00fachenla!! Por mal que les vaya, quedar\u00e1n tranquilos con ustedes mismos, y eso es lo mas importante \ud83d\ude09 <a href=\"https:\/\/t.co\/kkt5x3mcEI\">pic.twitter.com\/kkt5x3mcEI<\/a><\/p>\n<p>&mdash; Egan Arley Bernal (@Eganbernal) <a href=\"https:\/\/twitter.com\/Eganbernal\/status\/1600489624446574593?ref_src=twsrc%5Etfw\">December 7, 2022<\/a><\/p><\/blockquote>\n<p><script async data-src=\"https:\/\/platform.twitter.com\/widgets.js\" charset=\"utf-8\"><\/script><\/div>\n<p>\u201eJe\u015bli wyznaczasz sobie cel, to warunki treningu nie maj\u0105 znaczenia. Trzeba walczy\u0107\u201d \u2013 napisa\u0142 Bernal.<\/p>\n<p>Okazuje si\u0119 jednak, \u017ce zim\u0105 wi\u0119cej mi\u0142o\u015bnik\u00f3w kolarstwa swoj\u0105 pasj\u0119 realizuje w warunkach dalekich od idealnych. Na przyk\u0142ad w Dublinie odby\u0142 si\u0119 Prze\u0142ajowy Puchar \u015awiata, kt\u00f3ry r\u00f3wnie dobrze m\u00f3g\u0142by nazywa\u0107 si\u0119 zawodami w b\u0142ocie. W\u015br\u00f3d kobiet wygra\u0142a Fem van Empel (Pauwels Sauzen-Bingoal), a w\u015br\u00f3d m\u0119\u017cczyzn Wout van Aert (Jumbo \u2013 Visma). Rywalizacja w skr\u00f3cie wygl\u0105da\u0142a tak:<\/p>\n<div class=\"embed-controller-wrapper\">\n<blockquote class=\"twitter-tweet\" data-width=\"500\" data-dnt=\"true\">\n<p lang=\"en\" dir=\"ltr\">\ud83d\ude4c Relive the two super thrilling <a href=\"https:\/\/twitter.com\/hashtag\/CXWorldCup?src=hash&amp;ref_src=twsrc%5Etfw\">#CXWorldCup<\/a> races of last Sunday! \ud83d\ude0d We were spoiled in Dublin, what a fantastic day! \ud83c\uddee\ud83c\uddea\ud83c\udfc6 <a href=\"https:\/\/t.co\/wL99Xld55F\">pic.twitter.com\/wL99Xld55F<\/a><\/p>\n<p>&mdash; UCI Cyclo-cross World Cup (@UCIcyclocrossWC) <a href=\"https:\/\/twitter.com\/UCIcyclocrossWC\/status\/1602288092513173504?ref_src=twsrc%5Etfw\">December 12, 2022<\/a><\/p><\/blockquote>\n<p><script async data-src=\"https:\/\/platform.twitter.com\/widgets.js\" charset=\"utf-8\"><\/script><\/div>\n<h2><strong>Cel jest jeden<\/strong><\/h2>\n<p>Plany na przysz\u0142y sezon snuje ju\u017c Tadej Pogacar (UAE Team Emirates), dwukrotny zwyci\u0119zca Tour de France, kt\u00f3ry w tym roku musia\u0142 uzna\u0107 wy\u017cszo\u015b\u0107 Jonasa Vingegaarda (Jumbo \u2013 Visma). \u2013 Moim zadaniem b\u0119dzie wygranie po raz kolejny Wielkiej P\u0119tli, ale wiem, \u017ce to nie b\u0119dzie \u0142atwe \u2013 przyzna\u0142 Pogacar w wywiadzie dla \u201eLa Gazzetta dello Sport\u201d.<\/p>\n<p><a href=\"https:\/\/www.instagram.com\/p\/ClvOkI8sONW\/\">Teraz jednak S\u0142oweniec znajduje czas na \u0142adowanie akumulator\u00f3w, a najlepiej robi si\u0119 to w towarzystwie najbli\u017cszych.<\/a><\/p>\n<h2><strong>Rewolucyjna zmiana w Tour de France<\/strong><\/h2>\n<p>Podczas przerwy od wy\u015bcig\u00f3w kibicom kolarstwa nie pozwalaj\u0105 nudzi\u0107 si\u0119 tak\u017ce organizatorzy Tour de France. Faktem bowiem sta\u0142o si\u0119 to, o czym m\u00f3wi\u0142o si\u0119 od miesi\u0119cy, czyli przeniesienie mety Wielkiej P\u0119tli w 2024 r.<\/p>\n<p>Tego roku w Pary\u017cu odb\u0119d\u0105 si\u0119 bowiem igrzyska olimpijskie, wi\u0119c niemo\u017cliwe b\u0119dzie zlokalizowanie ostatniego etapu na Polach Elizejskich. W tej sytuacji poszukiwano innej lokalizacji i wyb\u00f3r pad\u0142 na Nice\u0119 oraz Monako, a dok\u0142adnie na czas\u00f3wk\u0119 mi\u0119dzy tymi miejscami (21 lipca).<\/p>\n<div class=\"embed-controller-wrapper\">\n<blockquote class=\"twitter-tweet\" data-width=\"500\" data-dnt=\"true\">\n<p lang=\"fr\" dir=\"ltr\">\u23f1 <a href=\"https:\/\/twitter.com\/hashtag\/TDF2024?src=hash&amp;ref_src=twsrc%5Etfw\">#TDF2024<\/a> : le chrono final entre Monaco et Nice<\/p>\n<p>\ud83c\uddf2\ud83c\udde8  Le 21 juillet 2024, la principaut\u00e9 accueillera le Tour de France pour la 7\u00e8me fois de son histoire, et comme lors du Grand D\u00e9part en 2009, c&#39;est un contre-la-montre, vers <a href=\"https:\/\/twitter.com\/VilledeNice?ref_src=twsrc%5Etfw\">@VilledeNice<\/a> cette fois, qui attendra les coureurs ! <a href=\"https:\/\/t.co\/npH6JE8oaV\">pic.twitter.com\/npH6JE8oaV<\/a><\/p>\n<p>&mdash; Tour de France\u2122 (@LeTour) <a href=\"https:\/\/twitter.com\/LeTour\/status\/1598995046438576128?ref_src=twsrc%5Etfw\">December 3, 2022<\/a><\/p><\/blockquote>\n<p><script async data-src=\"https:\/\/platform.twitter.com\/widgets.js\" charset=\"utf-8\"><\/script><\/div>\n<p>Zanim jednak kibice stan\u0105 si\u0119 \u015bwiadkami tej rewolucyjnej zmiany, przed nami jeszcze Tour de France 2023, kt\u00f3ry rozpocznie si\u0119 1 lipca w Bilbao, a zako\u0144czy 23 lipca w Pary\u017c.<\/p>\n<p><span data-sheets-value=\"{&quot;1&quot;:2,&quot;2&quot;:&quot;Artyku\u0142 powsta\u0142 we wsp\u00f3\u0142pracy ze skoda-auto.pl&quot;}\" data-sheets-userformat=\"{&quot;2&quot;:1,&quot;3&quot;:{&quot;1&quot;:0}}\" data-sheets-hyperlink=\"http:\/\/www.skoda-auto.pl\/\"><a class=\"in-cell-link\" href=\"http:\/\/www.skoda-auto.pl\/\" target=\"_blank\" rel=\"noopener noreferrer\">Artyku\u0142 powsta\u0142 we wsp\u00f3\u0142pracy ze skoda-auto.pl<\/a><\/span><\/p>\n<p><a href=\"https:\/\/www.skoda-auto.pl\/modele\/superb\"><img loading=\"lazy\" decoding=\"async\" class=\"alignnone size-full wp-image-11628 aligncenter\" src=\"https:\/\/d2p6e6u75xmxt8.cloudfront.net\/5\/2021\/12\/640x350-2-1.jpg\" alt=\"\" width=\"640\" height=\"350\" srcset=\"https:\/\/d2p6e6u75xmxt8.cloudfront.net\/5\/2021\/12\/640x350-2-1.jpg 640w, https:\/\/d2p6e6u75xmxt8.cloudfront.net\/5\/2021\/12\/640x350-2-1-300x164.jpg 300w\" sizes=\"auto, (max-width: 640px) 100vw, 640px\" \/><\/a><\/p>\n","protected":false},"excerpt":{"rendered":"<p>Mordercze treningi, sportowe przyjemno\u015bci i zaskakuj\u0105ce informacje o Tour de France. Ko\u0144c\u00f3wka roku przynosi wiele ciekawych wie\u015bci z kolarskiego \u015bwiata. [&hellip;]<\/p>\n","protected":false},"author":153,"featured_media":13392,"comment_status":"open","ping_status":"open","sticky":false,"template":"","format":"standard","meta":{"footnotes":""},"categories":[6],"tags":[362],"global-categories":[303],"class_list":["post-13425","post","type-post","status-publish","format-standard","has-post-thumbnail","hentry","category-kolarstwo-szosowe","tag-piotr-nowik","global-categories-cycling"],"yoast_head":"<!-- This site is optimized with the Yoast SEO Premium plugin v25.3 (Yoast SEO v25.9) - https:\/\/yoast.com\/wordpress\/plugins\/seo\/ -->\n<title>Czas na zimowy sen? Na pewno nie w kolarstwie! - \u0160koda We Love Cycling - Poland<\/title>\n<meta name=\"robots\" content=\"index, follow, max-snippet:-1, max-image-preview:large, max-video-preview:-1\" \/>\n<link rel=\"canonical\" href=\"https:\/\/www.welovecycling.com\/pl\/2022\/12\/16\/czas-na-zimowy-sen-na-pewno-nie-w-kolarstwie\/\" \/>\n<meta property=\"og:locale\" content=\"pl_PL\" \/>\n<meta property=\"og:type\" content=\"article\" \/>\n<meta property=\"og:title\" content=\"Czas na zimowy sen? Na pewno nie w kolarstwie!\" \/>\n<meta property=\"og:description\" content=\"Mordercze treningi, sportowe przyjemno\u015bci i zaskakuj\u0105ce informacje o Tour de France. Ko\u0144c\u00f3wka roku przynosi wiele ciekawych wie\u015bci z kolarskiego \u015bwiata. [&hellip;]\" \/>\n<meta property=\"og:url\" content=\"https:\/\/www.welovecycling.com\/pl\/2022\/12\/16\/czas-na-zimowy-sen-na-pewno-nie-w-kolarstwie\/\" \/>\n<meta property=\"og:site_name\" content=\"\u0160koda We Love Cycling - Poland\" \/>\n<meta property=\"article:published_time\" content=\"2022-12-16T14:31:05+00:00\" \/>\n<meta property=\"article:modified_time\" content=\"2022-12-16T14:33:59+00:00\" \/>\n<meta property=\"og:image\" content=\"https:\/\/d2p6e6u75xmxt8.cloudfront.net\/5\/2022\/12\/Egan-Bernal-profimedia-0693079822-CVR.webp\" \/>\n\t<meta property=\"og:image:width\" content=\"990\" \/>\n\t<meta property=\"og:image:height\" content=\"660\" \/>\n\t<meta property=\"og:image:type\" content=\"image\/webp\" \/>\n<meta name=\"author\" content=\"rafal\" \/>\n<meta name=\"twitter:card\" content=\"summary_large_image\" \/>\n<meta name=\"twitter:label1\" content=\"Written by\" \/>\n\t<meta name=\"twitter:data1\" content=\"Piotr Nowik\" \/>\n\t<meta name=\"twitter:label2\" content=\"Est. reading time\" \/>\n\t<meta name=\"twitter:data2\" content=\"3\" \/>\n<script type=\"application\/ld+json\" class=\"yoast-schema-graph\">{\"@context\":\"https:\/\/schema.org\",\"@graph\":[{\"@type\":\"WebPage\",\"@id\":\"https:\/\/www.welovecycling.com\/pl\/2022\/12\/16\/czas-na-zimowy-sen-na-pewno-nie-w-kolarstwie\/\",\"url\":\"https:\/\/www.welovecycling.com\/pl\/2022\/12\/16\/czas-na-zimowy-sen-na-pewno-nie-w-kolarstwie\/\",\"name\":\"Czas na zimowy sen? Na pewno nie w kolarstwie! - \u0160koda We Love Cycling - Poland\",\"isPartOf\":{\"@id\":\"https:\/\/www.welovecycling.com\/pl\/#website\"},\"primaryImageOfPage\":{\"@id\":\"https:\/\/www.welovecycling.com\/pl\/2022\/12\/16\/czas-na-zimowy-sen-na-pewno-nie-w-kolarstwie\/#primaryimage\"},\"image\":{\"@id\":\"https:\/\/www.welovecycling.com\/pl\/2022\/12\/16\/czas-na-zimowy-sen-na-pewno-nie-w-kolarstwie\/#primaryimage\"},\"thumbnailUrl\":\"https:\/\/d2p6e6u75xmxt8.cloudfront.net\/5\/2022\/12\/Egan-Bernal-profimedia-0693079822-CVR.webp\",\"datePublished\":\"2022-12-16T14:31:05+00:00\",\"dateModified\":\"2022-12-16T14:33:59+00:00\",\"author\":{\"@id\":\"https:\/\/www.welovecycling.com\/pl\/#\/schema\/person\/bf06ed916a1ef16618807fb60d2ebe42\"},\"breadcrumb\":{\"@id\":\"https:\/\/www.welovecycling.com\/pl\/2022\/12\/16\/czas-na-zimowy-sen-na-pewno-nie-w-kolarstwie\/#breadcrumb\"},\"inLanguage\":\"pl-PL\",\"potentialAction\":[{\"@type\":\"ReadAction\",\"target\":[\"https:\/\/www.welovecycling.com\/pl\/2022\/12\/16\/czas-na-zimowy-sen-na-pewno-nie-w-kolarstwie\/\"]}]},{\"@type\":\"ImageObject\",\"inLanguage\":\"pl-PL\",\"@id\":\"https:\/\/www.welovecycling.com\/pl\/2022\/12\/16\/czas-na-zimowy-sen-na-pewno-nie-w-kolarstwie\/#primaryimage\",\"url\":\"https:\/\/d2p6e6u75xmxt8.cloudfront.net\/5\/2022\/12\/Egan-Bernal-profimedia-0693079822-CVR.webp\",\"contentUrl\":\"https:\/\/d2p6e6u75xmxt8.cloudfront.net\/5\/2022\/12\/Egan-Bernal-profimedia-0693079822-CVR.webp\",\"width\":990,\"height\":660},{\"@type\":\"BreadcrumbList\",\"@id\":\"https:\/\/www.welovecycling.com\/pl\/2022\/12\/16\/czas-na-zimowy-sen-na-pewno-nie-w-kolarstwie\/#breadcrumb\",\"itemListElement\":[{\"@type\":\"ListItem\",\"position\":1,\"name\":\"Home\",\"item\":\"https:\/\/www.welovecycling.com\/pl\/\"},{\"@type\":\"ListItem\",\"position\":2,\"name\":\"Czas na zimowy sen? Na pewno nie w kolarstwie!\"}]},{\"@type\":\"WebSite\",\"@id\":\"https:\/\/www.welovecycling.com\/pl\/#website\",\"url\":\"https:\/\/www.welovecycling.com\/pl\/\",\"name\":\"\u0160koda We Love Cycling - Poland\",\"description\":\"\",\"potentialAction\":[{\"@type\":\"SearchAction\",\"target\":{\"@type\":\"EntryPoint\",\"urlTemplate\":\"https:\/\/www.welovecycling.com\/pl\/?s={search_term_string}\"},\"query-input\":{\"@type\":\"PropertyValueSpecification\",\"valueRequired\":true,\"valueName\":\"search_term_string\"}}],\"inLanguage\":\"pl-PL\"},{\"@type\":\"Person\",\"@id\":\"https:\/\/www.welovecycling.com\/pl\/#\/schema\/person\/bf06ed916a1ef16618807fb60d2ebe42\",\"name\":\"rafal\",\"image\":{\"@type\":\"ImageObject\",\"inLanguage\":\"pl-PL\",\"@id\":\"https:\/\/www.welovecycling.com\/pl\/#\/schema\/person\/image\/\",\"url\":\"https:\/\/secure.gravatar.com\/avatar\/203f240e63bee214f6f3a0dacbeb600c7829c09716c2b9ee3230c6961debcde2?s=96&d=mm&r=g\",\"contentUrl\":\"https:\/\/secure.gravatar.com\/avatar\/203f240e63bee214f6f3a0dacbeb600c7829c09716c2b9ee3230c6961debcde2?s=96&d=mm&r=g\",\"caption\":\"rafal\"},\"url\":\"https:\/\/www.welovecycling.com\/pl\/author\/rafal\/\"}]}<\/script>\n<!-- \/ Yoast SEO Premium plugin. -->","yoast_head_json":{"title":"Czas na zimowy sen? Na pewno nie w kolarstwie! - \u0160koda We Love Cycling - Poland","robots":{"index":"index","follow":"follow","max-snippet":"max-snippet:-1","max-image-preview":"max-image-preview:large","max-video-preview":"max-video-preview:-1"},"canonical":"https:\/\/www.welovecycling.com\/pl\/2022\/12\/16\/czas-na-zimowy-sen-na-pewno-nie-w-kolarstwie\/","og_locale":"pl_PL","og_type":"article","og_title":"Czas na zimowy sen? Na pewno nie w kolarstwie!","og_description":"Mordercze treningi, sportowe przyjemno\u015bci i zaskakuj\u0105ce informacje o Tour de France. Ko\u0144c\u00f3wka roku przynosi wiele ciekawych wie\u015bci z kolarskiego \u015bwiata. [&hellip;]","og_url":"https:\/\/www.welovecycling.com\/pl\/2022\/12\/16\/czas-na-zimowy-sen-na-pewno-nie-w-kolarstwie\/","og_site_name":"\u0160koda We Love Cycling - Poland","article_published_time":"2022-12-16T14:31:05+00:00","article_modified_time":"2022-12-16T14:33:59+00:00","og_image":[{"width":990,"height":660,"url":"https:\/\/d2p6e6u75xmxt8.cloudfront.net\/5\/2022\/12\/Egan-Bernal-profimedia-0693079822-CVR.webp","type":"image\/webp"}],"author":"rafal","twitter_card":"summary_large_image","twitter_misc":{"Written by":"Piotr Nowik","Est. reading time":"3"},"schema":{"@context":"https:\/\/schema.org","@graph":[{"@type":"WebPage","@id":"https:\/\/www.welovecycling.com\/pl\/2022\/12\/16\/czas-na-zimowy-sen-na-pewno-nie-w-kolarstwie\/","url":"https:\/\/www.welovecycling.com\/pl\/2022\/12\/16\/czas-na-zimowy-sen-na-pewno-nie-w-kolarstwie\/","name":"Czas na zimowy sen? Na pewno nie w kolarstwie! - \u0160koda We Love Cycling - Poland","isPartOf":{"@id":"https:\/\/www.welovecycling.com\/pl\/#website"},"primaryImageOfPage":{"@id":"https:\/\/www.welovecycling.com\/pl\/2022\/12\/16\/czas-na-zimowy-sen-na-pewno-nie-w-kolarstwie\/#primaryimage"},"image":{"@id":"https:\/\/www.welovecycling.com\/pl\/2022\/12\/16\/czas-na-zimowy-sen-na-pewno-nie-w-kolarstwie\/#primaryimage"},"thumbnailUrl":"https:\/\/d2p6e6u75xmxt8.cloudfront.net\/5\/2022\/12\/Egan-Bernal-profimedia-0693079822-CVR.webp","datePublished":"2022-12-16T14:31:05+00:00","dateModified":"2022-12-16T14:33:59+00:00","author":{"@id":"https:\/\/www.welovecycling.com\/pl\/#\/schema\/person\/bf06ed916a1ef16618807fb60d2ebe42"},"breadcrumb":{"@id":"https:\/\/www.welovecycling.com\/pl\/2022\/12\/16\/czas-na-zimowy-sen-na-pewno-nie-w-kolarstwie\/#breadcrumb"},"inLanguage":"pl-PL","potentialAction":[{"@type":"ReadAction","target":["https:\/\/www.welovecycling.com\/pl\/2022\/12\/16\/czas-na-zimowy-sen-na-pewno-nie-w-kolarstwie\/"]}]},{"@type":"ImageObject","inLanguage":"pl-PL","@id":"https:\/\/www.welovecycling.com\/pl\/2022\/12\/16\/czas-na-zimowy-sen-na-pewno-nie-w-kolarstwie\/#primaryimage","url":"https:\/\/d2p6e6u75xmxt8.cloudfront.net\/5\/2022\/12\/Egan-Bernal-profimedia-0693079822-CVR.webp","contentUrl":"https:\/\/d2p6e6u75xmxt8.cloudfront.net\/5\/2022\/12\/Egan-Bernal-profimedia-0693079822-CVR.webp","width":990,"height":660},{"@type":"BreadcrumbList","@id":"https:\/\/www.welovecycling.com\/pl\/2022\/12\/16\/czas-na-zimowy-sen-na-pewno-nie-w-kolarstwie\/#breadcrumb","itemListElement":[{"@type":"ListItem","position":1,"name":"Home","item":"https:\/\/www.welovecycling.com\/pl\/"},{"@type":"ListItem","position":2,"name":"Czas na zimowy sen? Na pewno nie w kolarstwie!"}]},{"@type":"WebSite","@id":"https:\/\/www.welovecycling.com\/pl\/#website","url":"https:\/\/www.welovecycling.com\/pl\/","name":"\u0160koda We Love Cycling - Poland","description":"","potentialAction":[{"@type":"SearchAction","target":{"@type":"EntryPoint","urlTemplate":"https:\/\/www.welovecycling.com\/pl\/?s={search_term_string}"},"query-input":{"@type":"PropertyValueSpecification","valueRequired":true,"valueName":"search_term_string"}}],"inLanguage":"pl-PL"},{"@type":"Person","@id":"https:\/\/www.welovecycling.com\/pl\/#\/schema\/person\/bf06ed916a1ef16618807fb60d2ebe42","name":"rafal","image":{"@type":"ImageObject","inLanguage":"pl-PL","@id":"https:\/\/www.welovecycling.com\/pl\/#\/schema\/person\/image\/","url":"https:\/\/secure.gravatar.com\/avatar\/203f240e63bee214f6f3a0dacbeb600c7829c09716c2b9ee3230c6961debcde2?s=96&d=mm&r=g","contentUrl":"https:\/\/secure.gravatar.com\/avatar\/203f240e63bee214f6f3a0dacbeb600c7829c09716c2b9ee3230c6961debcde2?s=96&d=mm&r=g","caption":"rafal"},"url":"https:\/\/www.welovecycling.com\/pl\/author\/rafal\/"}]}},"_links":{"self":[{"href":"https:\/\/www.welovecycling.com\/pl\/wp-json\/wp\/v2\/posts\/13425","targetHints":{"allow":["GET"]}}],"collection":[{"href":"https:\/\/www.welovecycling.com\/pl\/wp-json\/wp\/v2\/posts"}],"about":[{"href":"https:\/\/www.welovecycling.com\/pl\/wp-json\/wp\/v2\/types\/post"}],"author":[{"embeddable":true,"href":"https:\/\/www.welovecycling.com\/pl\/wp-json\/wp\/v2\/users\/153"}],"replies":[{"embeddable":true,"href":"https:\/\/www.welovecycling.com\/pl\/wp-json\/wp\/v2\/comments?post=13425"}],"version-history":[{"count":2,"href":"https:\/\/www.welovecycling.com\/pl\/wp-json\/wp\/v2\/posts\/13425\/revisions"}],"predecessor-version":[{"id":13435,"href":"https:\/\/www.welovecycling.com\/pl\/wp-json\/wp\/v2\/posts\/13425\/revisions\/13435"}],"wp:featuredmedia":[{"embeddable":true,"href":"https:\/\/www.welovecycling.com\/pl\/wp-json\/wp\/v2\/media\/13392"}],"wp:attachment":[{"href":"https:\/\/www.welovecycling.com\/pl\/wp-json\/wp\/v2\/media?parent=13425"}],"wp:term":[{"taxonomy":"category","embeddable":true,"href":"https:\/\/www.welovecycling.com\/pl\/wp-json\/wp\/v2\/categories?post=13425"},{"taxonomy":"post_tag","embeddable":true,"href":"https:\/\/www.welovecycling.com\/pl\/wp-json\/wp\/v2\/tags?post=13425"},{"taxonomy":"global-categories","embeddable":true,"href":"https:\/\/www.welovecycling.com\/pl\/wp-json\/wp\/v2\/global-categories?post=13425"}],"curies":[{"name":"wp","href":"https:\/\/api.w.org\/{rel}","templated":true}]}}