{"id":13386,"date":"2022-12-12T14:26:36","date_gmt":"2022-12-12T14:26:36","guid":{"rendered":"https:\/\/www.welovecycling.com\/pl\/?p=13386"},"modified":"2022-12-12T14:26:36","modified_gmt":"2022-12-12T14:26:36","slug":"czym-zajmuja-sie-zawodowi-kolarze-po-zakonczeniu-kariery","status":"publish","type":"post","link":"https:\/\/www.welovecycling.com\/pl\/2022\/12\/12\/czym-zajmuja-sie-zawodowi-kolarze-po-zakonczeniu-kariery\/","title":{"rendered":"Czym zajmuj\u0105 si\u0119 zawodowi kolarze  po zako\u0144czeniu kariery?"},"content":{"rendered":"<p><strong>Podobnie jak wielu zawodowych sportowc\u00f3w, jedynie nieliczni kolarze (z kilkoma godnymi uwagi wyj\u0105tkami) kontynuuj\u0105 karier\u0119 do p\u00f3\u017anej staro\u015bci. Wi\u0119kszo\u015b\u0107 z nich ju\u017c w wieku nastoletnim podlega rygorystycznym programom treningowym, a po dwu\u00addziest\u00adce rozpoczyna wy\u015bcigow\u0105 karier\u0119 \u201ena pe\u0142en etat\u201d. W doros\u00ad\u0142o\u015b\u0107 wchodz\u0105 nawykli do podporz\u0105dkowywania swojego rozk\u0142adu zaj\u0119\u0107 kalendarzowi zawod\u00f3w i konkretnym celom stawianym w ka\u017cdym sezonie.<\/strong><\/p>\n<p>Ze wzgl\u0119du na absorbuj\u0105cy tryb \u017cycia kr\u0105g towarzyski zawodowych kolarzy na og\u00f3\u0142 skupia si\u0119 wok\u00f3\u0142 ludzi z bran\u017cy. Nie wspominaj\u0105c o tym, \u017ce wi\u0119k\u00adszo\u015b\u0107 z nich przenosi si\u0119 do takich o\u015brodk\u00f3w jak Manchester, Girona, Nicea czy Oudenaarde, aby mie\u0107 \u0142atwy dost\u0119p do obiekt\u00f3w treningowych.<\/p>\n<p>Nic wi\u0119c dziwnego, \u017ce kiedy tak bardzo podporz\u0105dkowuje si\u0119 \u017cycie jednemu zaj\u0119ciu, przej\u015bcie na sportow\u0105 emerytur\u0119 mo\u017ce okaza\u0107 si\u0119 szokuj\u0105ce. Nie\u0142atwo jest nagle znale\u017a\u0107 sobie now\u0105 to\u017csamo\u015b\u0107 i powr\u00f3ci\u0107 do \u201enormalnego\u201d \u017cycia. A jednak niekt\u00f3rzy byli zawodnicy odkrywaj\u0105 w sobie nowe mo\u017cliwo\u015bci, a nawet znajduj\u0105 spos\u00f3b na w\u0142\u0105czenie si\u0119 w \u017cycie kolarskiego \u015bwiatka. Poznamy dzi\u015b historie pi\u0119ciu kolarzy, kt\u00f3rzy po zako\u0144czeniu kariery zdobyli nowe, wyj\u0105tkowe do\u015bwiadczenia.<\/p>\n<h2><strong>Ted King: Ponowne odkrycie, ile rado\u015bci daj\u0105 dwa k\u00f3\u0142ka<\/strong><\/h2>\n<p>Ted King, by\u0142y ameryka\u0144ski kolarz szosowy, kt\u00f3ry ostatnio je\u017adzi\u0142 dla UCI ProTeam Cannondale, przeszed\u0142 na zawodowstwo w 2006 roku i \u015bciga\u0142 si\u0119 przez dekad\u0119. W 2015 roku zako\u0144czy\u0142 karier\u0119. Wci\u0105\u017c sp\u0119dza mn\u00f3stwo czasu na rowerze, ale obecnie zupe\u0142nie inaczej cieszy si\u0119 jazd\u0105. King ch\u0119tnie uczestniczy w takich wy\u015bcigach jak Dirty Kanza i Leadville 100, ale o jego nowym podej\u015bciu najlepiej \u015bwiadczy fakt, \u017ce przerzuci\u0142 si\u0119 ze specja\u00adlis\u00adtycznych napoj\u00f3w regeneracyjnych na piwo.<\/p>\n<p>King nie wstydzi si\u0119 otwarcie m\u00f3wi\u0107 o trudno\u015bciach, jakich do\u015bwiadczy\u0142 podczas zawodowych trening\u00f3w. Tak opisa\u0142 ten okres: \u201eAscetyczna egzystencja z rygorystyczn\u0105, \u015bcis\u0142\u0105 diet\u0105, re\u017cimem interwa\u0142\u00f3w i nieus\u00adtannym kr\u0105\u017ceniem pomi\u0119dzy obozami treningowymi. Przyjaci\u00f3\u0142 widuje si\u0119 rzadko. Powodzenia \u017cycz\u0119 tym, kt\u00f3rzy maj\u0105 rodziny!\u201d. Nie b\u0119dzie wi\u0119c zaskoczeniem, \u017ce po dekadzie takiego \u017cycia ucieszy\u0142a go perspektywa nieco wi\u0119kszej swobody.<\/p>\n<p><a href=\"https:\/\/www.google.com\/url?q=https:\/\/www.outsideonline.com\/outdoor-gear\/bikes-and-biking\/why-life-got-more-fun-after-i-retired-pro-cycling\/&amp;sa=D&amp;source=docs&amp;ust=1669189993970637&amp;usg=AOvVaw11AVYpFM2zVwpyDY2NSw6Q\">Sam uj\u0105\u0142<\/a> to nast\u0119puj\u0105co: \u201eNie zrozumcie mnie \u017ale: nadal kocham kolarstwo, spo\u0142eczno\u015b\u0107 i atmosfer\u0119. Inaczej ni\u017c dawniej, podczas wy\u015bcig\u00f3w szoso\u00adwych, gdy o wszystkie szczeg\u00f3\u0142y troszczy\u0142 si\u0119 m\u00f3j zesp\u00f3\u0142, ten rok (i udzia\u0142 w Leadville 100) by\u0142 dla mnie powrotem do czas\u00f3w amatorskich wy\u015bcig\u00f3w, kiedy musia\u0142em sam zadba\u0107 o ca\u0142\u0105 logistyk\u0119 \u2013 i ch\u0119tnie podj\u0105\u0142em to wyzwanie\u201d.<\/p>\n<h2><strong>Gracie Elvin: Wsparcie innych kolarzy w przej\u015bciu na sportow\u0105 emerytur\u0119<\/strong><\/h2>\n<p>Gracie Elvin rozpocz\u0119\u0142a karier\u0119 w 2012 roku we w\u0142oskiej dru\u017cynie Faren-Honda, z kt\u00f3r\u0105 zdoby\u0142a tytu\u0142 w wy\u015bcigu szosowym podczas Mistrzostw Oceanii i srebro w je\u017adzie na czas. Po przej\u015bciu do Mitchelton-Scott australijska kolarka konsekwentnie odnosi\u0142a sukcesy w kolejnych latach, a w 2017 roku zdoby\u0142a drugie miejsce w Tour of Flanders. W 2020 roku Elvin mia\u0142a ju\u017c jednak do\u015b\u0107 \u017cycia w trasie \u2013 og\u0142osi\u0142a, \u017ce po zako\u0144czeniu sezonu przechodzi na kolarsk\u0105 emerytur\u0119.<\/p>\n<p>Obecnie jest wa\u017cn\u0105 cz\u0142onkini\u0105 kobiecego zwi\u0105zku kolarskiego, The Cyclists\u2019 Alliance (TCA), kt\u00f3ry niedawno uruchomi\u0142 program mentorski maj\u0105cy na celu pomoc kolarzom w powrocie do pozakolarskiego \u017cycia. \u201eWidzimy, jak wielu sportowc\u00f3w z r\u00f3\u017cnych dyscyplin zmaga si\u0119 z codzienno\u015bci\u0105 po przej\u015bciu na emerytur\u0119\u201d, <a href=\"https:\/\/www.velonews.com\/news\/road\/life-after-cycling-inside-the-program-that-wants-to-help-riders-retire\/\">zauwa\u017cy\u0142a w VeloNews<\/a> Elvin. \u201eNiekt\u00f3rzy kolarze po zako\u0144czeniu kariery po prostu znikaj\u0105 \u2013 niekiedy z uzasadnionych powod\u00f3w, poniewa\u017c za\u0142o\u017cyli rodzin\u0119 lub faktycznie nie chc\u0105 ju\u017c uczestniczy\u0107 w sportowych zmaganiach\u201d.<\/p>\n<p>Elvin wie, co m\u00f3wi. Jest w stanie zaoferowa\u0107 im wsparcie, poniewa\u017c sama nie bez trudno\u015bci uczy\u0142a si\u0119 \u017cycia bez nieustannego stawiania sobie cel\u00f3w. W przemianie pomog\u0142y jej wsparcie rodziny, praca w TCA i wy\u017csze wykszta\u0142cenie. Mimo to otwarcie przyznaje, \u017ce by\u0142 to dla niej ogromny krok w nieznane \u2013 st\u0105d te\u017c, mi\u0119dzy innymi, jej ogromne zaanga\u017cowanie w utrzymanie programu.<\/p>\n<figure style=\"width: 1000px\" class=\"wp-caption alignnone\"><img loading=\"lazy\" decoding=\"async\" src=\"https:\/\/d2p6e6u75xmxt8.cloudfront.net\/2\/2022\/11\/Elvin-Rivera-van-Vleuten-profimedia-0327481295.webp\" alt=\"\" width=\"1000\" height=\"666\" \/><figcaption class=\"wp-caption-text\">Gracie Elvin, Coryn Rivera i Annemiek van Vleuten \u015bwi\u0119tuj\u0105 na podium wy\u015bcigu kobiet Tour of Flanders 2017 \u00a9 Profimedia<\/figcaption><\/figure>\n<h2><strong>David Millar: Od kolarza do projektanta<\/strong><\/h2>\n<p>By\u0142y zawodowy kolarz szosowy David Millar je\u017adzi\u0142 dla Cofidis (1997\u20132004) i Garmin-Sharp (2008\u20132014). Wygra\u0142 cztery etapy Tour de France, pi\u0119\u0107 etap\u00f3w <a href=\"https:\/\/www.welovecycling.com\/wide\/la-vuelta-2022\/\">Vuelta a Espa\u00f1a<\/a>\u00a0i jeden etap Giro d\u2019Italia.<\/p>\n<p>Bez w\u0105tpienia s\u0105 to imponuj\u0105ce osi\u0105gni\u0119cia. Niemniej jednak zako\u0144czenie kariery sk\u0142oni\u0142o go do podj\u0119cia dzia\u0142a\u0144, kt\u00f3re rozszerzy\u0142y jego zainteresowa\u00adnia poza rower. Po opuszczeniu peletonu Szkot postanowi\u0142 powr\u00f3ci\u0107 do swoich wcze\u015bniejszych hobby. Jego konikiem sta\u0142o si\u0119 projektowanie \u2013 obecnie aktywnie uczestniczy w tworzeniu i komercjalizacji odzie\u017cy.<\/p>\n<p>Dzi\u015b \u015bwietnie sobie radzi. Podkre\u015bla jednak, \u017ce zmiana nie przysz\u0142a mu \u0142atwo, zw\u0142aszcza je\u015bli chodzi o \u017cycie rodzinne. \u201ePierwszy rok by\u0142 naprawd\u0119 trudny. Od czasu, gdy by\u0142em nastolatkiem, moje \u017cycie uk\u0142ada\u0142o si\u0119 wed\u0142ug p\u00f3r roku, miesi\u0119cy, tygodni. Musia\u0142em przyzwyczai\u0107 si\u0119 do domowej rutyny, poniewa\u017c moja rodzina przywyk\u0142a do moich cz\u0119stych nieobecno\u015bci. Czu\u0142em si\u0119 tak, jakbym musia\u0142 dopasowa\u0107 si\u0119 do domu mojej \u017cony i jej systemu\u201d.<\/p>\n<h2><strong>Lucy van der Haar: Z roweru do studia paznokci<\/strong><\/h2>\n<p>Gdy decydowa\u0142a si\u0119 na sportow\u0105 emerytur\u0119 w wieku 26 lat, Lucy van der Haar mia\u0142a na koncie imponuj\u0105ce osi\u0105gni\u0119cia jako zdobywczyni dw\u00f3ch pierwszych miejsc w mistrzostwach \u015bwiata i tytu\u0142u w wy\u015bcigu etapowym UCI. W 2020 roku Brytyjka og\u0142osi\u0142a, \u017ce obecny sezon b\u0119dzie jej ostatnim profesjonalnym wyst\u0119pem, wie\u0144cz\u0105cym dwa lata sp\u0119dzone z Hitec Products-Birk.<\/p>\n<p>Zako\u0144czy\u0142a karier\u0119 w imponuj\u0105cym stylu, zdobywaj\u0105c tytu\u0142 w klasyfikacji generalnej i punktowej podczas inauguracyjnego Dubai Women\u2019s Tour. Wygra\u0142a pierwszy etap i przez kr\u00f3tki czas nosi\u0142a koszulk\u0119 liderki, kt\u00f3r\u0105 odzyska\u0142a ostatniego dnia.<\/p>\n<p>Zapragn\u0119\u0142a jednak stabilizacji. Wraz z m\u0119\u017cem, zawodowym kolarzem Larsem van der Haarem, zaplanowali za\u0142o\u017cenie rodziny. Obecnie Lucy prowadzi w\u0142asne studio paznokci w Holandii i opiekuje si\u0119 dzieckiem. Oczywi\u015bcie nadal od czasu do czasu wskakuje na sw\u00f3j rower prze\u0142ajowy i towarzyszy m\u0119\u017cowi w treningu.<\/p>\n<h2><strong>Daniel Lloyd: Przypomina nam wszystkim, \u017ce nie zawsze jest \u0142atwo<\/strong><\/h2>\n<p>Mimo \u017ce u niekt\u00f3rych kolarzy zmiana tempa \u017cycia wydaje si\u0119 przebiega\u0107 ca\u0142kiem g\u0142adko, u cz\u0119\u015bci mo\u017ce mie\u0107 negatywne konsekwencje. By\u0142y zawodowy kolarz szosowy Daniel Lloyd mia\u0142 zaledwie 13 lat, gdy zacz\u0105\u0142 startowa\u0107 w zawodach. Wyczynowa kariera Lloyda trwa\u0142a od 2001 do 2012 roku, a jego najwi\u0119ksze sukcesy przypad\u0142y na lata 2006\u20132009. Dzi\u015b jest cenionym sprawozdawc\u0105 sportowym. Nie ukrywa jednak, \u017ce zawieszenie kariery na ko\u0142ku przysz\u0142o mu z trudem \u2013 martwi\u0142 si\u0119, czy po rezygnacji ze start\u00f3w ludzie o nim nie zapomn\u0105.<\/p>\n<p>W w\u0105tku na Twitterze, kt\u00f3ry odbi\u0142 si\u0119 szerokim echem w\u015br\u00f3d kibic\u00f3w i za\u00adwo\u00addowc\u00f3w, Lloyd zdradzi\u0142, co sprawia, \u017ce okres przej\u015bciowy jest tak problematyczny: \u201eKa\u017cdy zawodowy kolarz musi co\u015b robi\u0107 po zako\u0144czeniu kariery. Jedynie nieliczni mog\u0105 odcina\u0107 kupony od s\u0142awy. Reszta musi si\u0119 zaj\u0105\u0107 czym\u015b innym, w sporcie lub poza nim\u201d, <a href=\"https:\/\/www.google.com\/url?q=https:\/\/twitter.com\/daniellloyd1\/status\/1449132689014108164&amp;sa=D&amp;source=docs&amp;ust=1669190142328654&amp;usg=AOvVaw3Zt6YQPNJAtA_BDKV9Brh6\">napisa\u0142.<\/a><\/p>\n<p>Przyzna\u0142, \u017ce nawet po udanej karierze ludzie maj\u0105 tendencj\u0119 do zapominania o zawodnikach, o ile nie dokonali czego\u015b niezwyk\u0142ego. \u201eZawsze my\u015bl\u0119 o tych sportowcach, bo ta zmiana jest trudna. Wszyscy dokonali czego\u015b, o czym wielu jedynie marzy, ale to tylko utrudnia spraw\u0119\u201d.<\/p>\n<p>\u201eChodzi o utrat\u0119 celu. Ca\u0142e \u017cycie jest podporz\u0105dkowane kolarstwu. Kiedy to si\u0119 ko\u0144czy, cz\u0142owiek czuje si\u0119, jakby stan\u0105\u0142 na skraju przepa\u015bci\u201d, odpisa\u0142 Lloyd zapytany, co uwa\u017ca za najwi\u0119ksze wyzwanie.<\/p>\n<p>Refleksja Lloyda przypomina nam, \u017ce w ostatecznym rozrachunku nawet nasi ulubie\u0144cy s\u0105 takimi samymi lud\u017ami jak my: mierz\u0105 si\u0119 z w\u0142asnymi wyzwaniami, zar\u00f3wno w kolarstwie, jak i poza nim. Dla wielu os\u00f3b jazda na rowerze mo\u017ce by\u0107 wyzwalaj\u0105ca i wzmacniaj\u0105ca \u2013 ale nawet ci, kt\u00f3rzy podchodz\u0105 do niej z mniejszym poczuciem rywalizacji, czasami musz\u0105 powalczy\u0107, by zachowa\u0107 z ni\u0105 zdrow\u0105 relacj\u0119. Miejmy nadziej\u0119, \u017ce dzi\u0119ki takim organizacjom jak <a href=\"https:\/\/www.google.com\/search?client=safari&amp;rls=en&amp;q=The+Cyclists'+Alliance&amp;ie=UTF-8&amp;oe=UTF-8\">The Cyclists\u2019 Alliance<\/a> i inne nadal b\u0119dziemy znajdowa\u0107 sposoby, aby rowerowa spo\u0142eczno\u015b\u0107 by\u0142a miejscem przyjaznym dla wszystkich.<\/p>\n<p><span data-sheets-value=\"{&quot;1&quot;:2,&quot;2&quot;:&quot;Artyku\u0142 powsta\u0142 we wsp\u00f3\u0142pracy ze skoda-auto.pl&quot;}\" data-sheets-userformat=\"{&quot;2&quot;:1,&quot;3&quot;:{&quot;1&quot;:0}}\" data-sheets-hyperlink=\"http:\/\/www.skoda-auto.pl\/\"><a class=\"in-cell-link\" href=\"http:\/\/www.skoda-auto.pl\/\" target=\"_blank\" rel=\"noopener noreferrer\">Artyku\u0142 powsta\u0142 we wsp\u00f3\u0142pracy ze skoda-auto.pl<\/a><\/span><\/p>\n<p><a href=\"https:\/\/sklep.skoda.pl\/pl\/sklep\/b\/331\/rowery-i-akcesoria-rowery.html\"><img loading=\"lazy\" decoding=\"async\" class=\"aligncenter wp-image-9608 size-full loading\" src=\"https:\/\/d2p6e6u75xmxt8.cloudfront.net\/5\/2019\/08\/baner_WLC_640x350_3.png\" sizes=\"auto, (max-width: 640px) 100vw, 640px\" srcset=\"https:\/\/d2p6e6u75xmxt8.cloudfront.net\/5\/2019\/08\/baner_WLC_640x350_3.png 640w, https:\/\/d2p6e6u75xmxt8.cloudfront.net\/5\/2019\/08\/baner_WLC_640x350_3-300x164.png 300w\" alt=\"\" width=\"640\" height=\"350\" data-was-processed=\"true\" \/><\/a><\/p>\n","protected":false},"excerpt":{"rendered":"<p>Podobnie jak wielu zawodowych sportowc\u00f3w, jedynie nieliczni kolarze (z kilkoma godnymi uwagi wyj\u0105tkami) kontynuuj\u0105 karier\u0119 do p\u00f3\u017anej staro\u015bci. Wi\u0119kszo\u015b\u0107 z [&hellip;]<\/p>\n","protected":false},"author":153,"featured_media":13387,"comment_status":"open","ping_status":"open","sticky":false,"template":"","format":"standard","meta":{"footnotes":""},"categories":[226],"tags":[],"global-categories":[303],"class_list":["post-13386","post","type-post","status-publish","format-standard","has-post-thumbnail","hentry","category-ciekawostki","global-categories-cycling"],"yoast_head":"<!-- This site is optimized with the Yoast SEO Premium plugin v25.3 (Yoast SEO v25.9) - https:\/\/yoast.com\/wordpress\/plugins\/seo\/ -->\n<title>Czym zajmuj\u0105 si\u0119 zawodowi kolarze po zako\u0144czeniu kariery? - \u0160koda We Love Cycling - Poland<\/title>\n<meta name=\"robots\" content=\"index, follow, max-snippet:-1, max-image-preview:large, max-video-preview:-1\" \/>\n<link rel=\"canonical\" href=\"https:\/\/www.welovecycling.com\/pl\/2022\/12\/12\/czym-zajmuja-sie-zawodowi-kolarze-po-zakonczeniu-kariery\/\" \/>\n<meta property=\"og:locale\" content=\"pl_PL\" \/>\n<meta property=\"og:type\" content=\"article\" \/>\n<meta property=\"og:title\" content=\"Czym zajmuj\u0105 si\u0119 zawodowi kolarze po zako\u0144czeniu kariery?\" \/>\n<meta property=\"og:description\" content=\"Podobnie jak wielu zawodowych sportowc\u00f3w, jedynie nieliczni kolarze (z kilkoma godnymi uwagi wyj\u0105tkami) kontynuuj\u0105 karier\u0119 do p\u00f3\u017anej staro\u015bci. Wi\u0119kszo\u015b\u0107 z [&hellip;]\" \/>\n<meta property=\"og:url\" content=\"https:\/\/www.welovecycling.com\/pl\/2022\/12\/12\/czym-zajmuja-sie-zawodowi-kolarze-po-zakonczeniu-kariery\/\" \/>\n<meta property=\"og:site_name\" content=\"\u0160koda We Love Cycling - Poland\" \/>\n<meta property=\"article:published_time\" content=\"2022-12-12T14:26:36+00:00\" \/>\n<meta property=\"og:image\" content=\"https:\/\/d2p6e6u75xmxt8.cloudfront.net\/5\/2022\/12\/Women39s-Peloton-Tour-de-Romandie-profimedia-0729334102-CVR.webp\" \/>\n\t<meta property=\"og:image:width\" content=\"990\" \/>\n\t<meta property=\"og:image:height\" content=\"660\" \/>\n\t<meta property=\"og:image:type\" content=\"image\/webp\" \/>\n<meta name=\"author\" content=\"rafal\" \/>\n<meta name=\"twitter:card\" content=\"summary_large_image\" \/>\n<meta name=\"twitter:label1\" content=\"Written by\" \/>\n\t<meta name=\"twitter:data1\" content=\"Megan Flottorp\" \/>\n\t<meta name=\"twitter:label2\" content=\"Est. reading time\" \/>\n\t<meta name=\"twitter:data2\" content=\"6\" \/>\n<script type=\"application\/ld+json\" class=\"yoast-schema-graph\">{\"@context\":\"https:\/\/schema.org\",\"@graph\":[{\"@type\":\"WebPage\",\"@id\":\"https:\/\/www.welovecycling.com\/pl\/2022\/12\/12\/czym-zajmuja-sie-zawodowi-kolarze-po-zakonczeniu-kariery\/\",\"url\":\"https:\/\/www.welovecycling.com\/pl\/2022\/12\/12\/czym-zajmuja-sie-zawodowi-kolarze-po-zakonczeniu-kariery\/\",\"name\":\"Czym zajmuj\u0105 si\u0119 zawodowi kolarze po zako\u0144czeniu kariery? - \u0160koda We Love Cycling - Poland\",\"isPartOf\":{\"@id\":\"https:\/\/www.welovecycling.com\/pl\/#website\"},\"primaryImageOfPage\":{\"@id\":\"https:\/\/www.welovecycling.com\/pl\/2022\/12\/12\/czym-zajmuja-sie-zawodowi-kolarze-po-zakonczeniu-kariery\/#primaryimage\"},\"image\":{\"@id\":\"https:\/\/www.welovecycling.com\/pl\/2022\/12\/12\/czym-zajmuja-sie-zawodowi-kolarze-po-zakonczeniu-kariery\/#primaryimage\"},\"thumbnailUrl\":\"https:\/\/d2p6e6u75xmxt8.cloudfront.net\/5\/2022\/12\/Women39s-Peloton-Tour-de-Romandie-profimedia-0729334102-CVR.webp\",\"datePublished\":\"2022-12-12T14:26:36+00:00\",\"author\":{\"@id\":\"https:\/\/www.welovecycling.com\/pl\/#\/schema\/person\/bf06ed916a1ef16618807fb60d2ebe42\"},\"breadcrumb\":{\"@id\":\"https:\/\/www.welovecycling.com\/pl\/2022\/12\/12\/czym-zajmuja-sie-zawodowi-kolarze-po-zakonczeniu-kariery\/#breadcrumb\"},\"inLanguage\":\"pl-PL\",\"potentialAction\":[{\"@type\":\"ReadAction\",\"target\":[\"https:\/\/www.welovecycling.com\/pl\/2022\/12\/12\/czym-zajmuja-sie-zawodowi-kolarze-po-zakonczeniu-kariery\/\"]}]},{\"@type\":\"ImageObject\",\"inLanguage\":\"pl-PL\",\"@id\":\"https:\/\/www.welovecycling.com\/pl\/2022\/12\/12\/czym-zajmuja-sie-zawodowi-kolarze-po-zakonczeniu-kariery\/#primaryimage\",\"url\":\"https:\/\/d2p6e6u75xmxt8.cloudfront.net\/5\/2022\/12\/Women39s-Peloton-Tour-de-Romandie-profimedia-0729334102-CVR.webp\",\"contentUrl\":\"https:\/\/d2p6e6u75xmxt8.cloudfront.net\/5\/2022\/12\/Women39s-Peloton-Tour-de-Romandie-profimedia-0729334102-CVR.webp\",\"width\":990,\"height\":660},{\"@type\":\"BreadcrumbList\",\"@id\":\"https:\/\/www.welovecycling.com\/pl\/2022\/12\/12\/czym-zajmuja-sie-zawodowi-kolarze-po-zakonczeniu-kariery\/#breadcrumb\",\"itemListElement\":[{\"@type\":\"ListItem\",\"position\":1,\"name\":\"Home\",\"item\":\"https:\/\/www.welovecycling.com\/pl\/\"},{\"@type\":\"ListItem\",\"position\":2,\"name\":\"Czym zajmuj\u0105 si\u0119 zawodowi kolarze po zako\u0144czeniu kariery?\"}]},{\"@type\":\"WebSite\",\"@id\":\"https:\/\/www.welovecycling.com\/pl\/#website\",\"url\":\"https:\/\/www.welovecycling.com\/pl\/\",\"name\":\"\u0160koda We Love Cycling - Poland\",\"description\":\"\",\"potentialAction\":[{\"@type\":\"SearchAction\",\"target\":{\"@type\":\"EntryPoint\",\"urlTemplate\":\"https:\/\/www.welovecycling.com\/pl\/?s={search_term_string}\"},\"query-input\":{\"@type\":\"PropertyValueSpecification\",\"valueRequired\":true,\"valueName\":\"search_term_string\"}}],\"inLanguage\":\"pl-PL\"},{\"@type\":\"Person\",\"@id\":\"https:\/\/www.welovecycling.com\/pl\/#\/schema\/person\/bf06ed916a1ef16618807fb60d2ebe42\",\"name\":\"rafal\",\"image\":{\"@type\":\"ImageObject\",\"inLanguage\":\"pl-PL\",\"@id\":\"https:\/\/www.welovecycling.com\/pl\/#\/schema\/person\/image\/\",\"url\":\"https:\/\/secure.gravatar.com\/avatar\/203f240e63bee214f6f3a0dacbeb600c7829c09716c2b9ee3230c6961debcde2?s=96&d=mm&r=g\",\"contentUrl\":\"https:\/\/secure.gravatar.com\/avatar\/203f240e63bee214f6f3a0dacbeb600c7829c09716c2b9ee3230c6961debcde2?s=96&d=mm&r=g\",\"caption\":\"rafal\"},\"url\":\"https:\/\/www.welovecycling.com\/pl\/author\/rafal\/\"}]}<\/script>\n<!-- \/ Yoast SEO Premium plugin. -->","yoast_head_json":{"title":"Czym zajmuj\u0105 si\u0119 zawodowi kolarze po zako\u0144czeniu kariery? - \u0160koda We Love Cycling - Poland","robots":{"index":"index","follow":"follow","max-snippet":"max-snippet:-1","max-image-preview":"max-image-preview:large","max-video-preview":"max-video-preview:-1"},"canonical":"https:\/\/www.welovecycling.com\/pl\/2022\/12\/12\/czym-zajmuja-sie-zawodowi-kolarze-po-zakonczeniu-kariery\/","og_locale":"pl_PL","og_type":"article","og_title":"Czym zajmuj\u0105 si\u0119 zawodowi kolarze po zako\u0144czeniu kariery?","og_description":"Podobnie jak wielu zawodowych sportowc\u00f3w, jedynie nieliczni kolarze (z kilkoma godnymi uwagi wyj\u0105tkami) kontynuuj\u0105 karier\u0119 do p\u00f3\u017anej staro\u015bci. Wi\u0119kszo\u015b\u0107 z [&hellip;]","og_url":"https:\/\/www.welovecycling.com\/pl\/2022\/12\/12\/czym-zajmuja-sie-zawodowi-kolarze-po-zakonczeniu-kariery\/","og_site_name":"\u0160koda We Love Cycling - Poland","article_published_time":"2022-12-12T14:26:36+00:00","og_image":[{"width":990,"height":660,"url":"https:\/\/d2p6e6u75xmxt8.cloudfront.net\/5\/2022\/12\/Women39s-Peloton-Tour-de-Romandie-profimedia-0729334102-CVR.webp","type":"image\/webp"}],"author":"rafal","twitter_card":"summary_large_image","twitter_misc":{"Written by":"Megan Flottorp","Est. reading time":"6"},"schema":{"@context":"https:\/\/schema.org","@graph":[{"@type":"WebPage","@id":"https:\/\/www.welovecycling.com\/pl\/2022\/12\/12\/czym-zajmuja-sie-zawodowi-kolarze-po-zakonczeniu-kariery\/","url":"https:\/\/www.welovecycling.com\/pl\/2022\/12\/12\/czym-zajmuja-sie-zawodowi-kolarze-po-zakonczeniu-kariery\/","name":"Czym zajmuj\u0105 si\u0119 zawodowi kolarze po zako\u0144czeniu kariery? - \u0160koda We Love Cycling - Poland","isPartOf":{"@id":"https:\/\/www.welovecycling.com\/pl\/#website"},"primaryImageOfPage":{"@id":"https:\/\/www.welovecycling.com\/pl\/2022\/12\/12\/czym-zajmuja-sie-zawodowi-kolarze-po-zakonczeniu-kariery\/#primaryimage"},"image":{"@id":"https:\/\/www.welovecycling.com\/pl\/2022\/12\/12\/czym-zajmuja-sie-zawodowi-kolarze-po-zakonczeniu-kariery\/#primaryimage"},"thumbnailUrl":"https:\/\/d2p6e6u75xmxt8.cloudfront.net\/5\/2022\/12\/Women39s-Peloton-Tour-de-Romandie-profimedia-0729334102-CVR.webp","datePublished":"2022-12-12T14:26:36+00:00","author":{"@id":"https:\/\/www.welovecycling.com\/pl\/#\/schema\/person\/bf06ed916a1ef16618807fb60d2ebe42"},"breadcrumb":{"@id":"https:\/\/www.welovecycling.com\/pl\/2022\/12\/12\/czym-zajmuja-sie-zawodowi-kolarze-po-zakonczeniu-kariery\/#breadcrumb"},"inLanguage":"pl-PL","potentialAction":[{"@type":"ReadAction","target":["https:\/\/www.welovecycling.com\/pl\/2022\/12\/12\/czym-zajmuja-sie-zawodowi-kolarze-po-zakonczeniu-kariery\/"]}]},{"@type":"ImageObject","inLanguage":"pl-PL","@id":"https:\/\/www.welovecycling.com\/pl\/2022\/12\/12\/czym-zajmuja-sie-zawodowi-kolarze-po-zakonczeniu-kariery\/#primaryimage","url":"https:\/\/d2p6e6u75xmxt8.cloudfront.net\/5\/2022\/12\/Women39s-Peloton-Tour-de-Romandie-profimedia-0729334102-CVR.webp","contentUrl":"https:\/\/d2p6e6u75xmxt8.cloudfront.net\/5\/2022\/12\/Women39s-Peloton-Tour-de-Romandie-profimedia-0729334102-CVR.webp","width":990,"height":660},{"@type":"BreadcrumbList","@id":"https:\/\/www.welovecycling.com\/pl\/2022\/12\/12\/czym-zajmuja-sie-zawodowi-kolarze-po-zakonczeniu-kariery\/#breadcrumb","itemListElement":[{"@type":"ListItem","position":1,"name":"Home","item":"https:\/\/www.welovecycling.com\/pl\/"},{"@type":"ListItem","position":2,"name":"Czym zajmuj\u0105 si\u0119 zawodowi kolarze po zako\u0144czeniu kariery?"}]},{"@type":"WebSite","@id":"https:\/\/www.welovecycling.com\/pl\/#website","url":"https:\/\/www.welovecycling.com\/pl\/","name":"\u0160koda We Love Cycling - Poland","description":"","potentialAction":[{"@type":"SearchAction","target":{"@type":"EntryPoint","urlTemplate":"https:\/\/www.welovecycling.com\/pl\/?s={search_term_string}"},"query-input":{"@type":"PropertyValueSpecification","valueRequired":true,"valueName":"search_term_string"}}],"inLanguage":"pl-PL"},{"@type":"Person","@id":"https:\/\/www.welovecycling.com\/pl\/#\/schema\/person\/bf06ed916a1ef16618807fb60d2ebe42","name":"rafal","image":{"@type":"ImageObject","inLanguage":"pl-PL","@id":"https:\/\/www.welovecycling.com\/pl\/#\/schema\/person\/image\/","url":"https:\/\/secure.gravatar.com\/avatar\/203f240e63bee214f6f3a0dacbeb600c7829c09716c2b9ee3230c6961debcde2?s=96&d=mm&r=g","contentUrl":"https:\/\/secure.gravatar.com\/avatar\/203f240e63bee214f6f3a0dacbeb600c7829c09716c2b9ee3230c6961debcde2?s=96&d=mm&r=g","caption":"rafal"},"url":"https:\/\/www.welovecycling.com\/pl\/author\/rafal\/"}]}},"_links":{"self":[{"href":"https:\/\/www.welovecycling.com\/pl\/wp-json\/wp\/v2\/posts\/13386","targetHints":{"allow":["GET"]}}],"collection":[{"href":"https:\/\/www.welovecycling.com\/pl\/wp-json\/wp\/v2\/posts"}],"about":[{"href":"https:\/\/www.welovecycling.com\/pl\/wp-json\/wp\/v2\/types\/post"}],"author":[{"embeddable":true,"href":"https:\/\/www.welovecycling.com\/pl\/wp-json\/wp\/v2\/users\/153"}],"replies":[{"embeddable":true,"href":"https:\/\/www.welovecycling.com\/pl\/wp-json\/wp\/v2\/comments?post=13386"}],"version-history":[{"count":2,"href":"https:\/\/www.welovecycling.com\/pl\/wp-json\/wp\/v2\/posts\/13386\/revisions"}],"predecessor-version":[{"id":13389,"href":"https:\/\/www.welovecycling.com\/pl\/wp-json\/wp\/v2\/posts\/13386\/revisions\/13389"}],"wp:featuredmedia":[{"embeddable":true,"href":"https:\/\/www.welovecycling.com\/pl\/wp-json\/wp\/v2\/media\/13387"}],"wp:attachment":[{"href":"https:\/\/www.welovecycling.com\/pl\/wp-json\/wp\/v2\/media?parent=13386"}],"wp:term":[{"taxonomy":"category","embeddable":true,"href":"https:\/\/www.welovecycling.com\/pl\/wp-json\/wp\/v2\/categories?post=13386"},{"taxonomy":"post_tag","embeddable":true,"href":"https:\/\/www.welovecycling.com\/pl\/wp-json\/wp\/v2\/tags?post=13386"},{"taxonomy":"global-categories","embeddable":true,"href":"https:\/\/www.welovecycling.com\/pl\/wp-json\/wp\/v2\/global-categories?post=13386"}],"curies":[{"name":"wp","href":"https:\/\/api.w.org\/{rel}","templated":true}]}}