{"id":1335,"date":"2016-07-04T11:43:28","date_gmt":"2016-07-04T11:43:28","guid":{"rendered":"http:\/\/skoda-rowery.pl\/?p=1335"},"modified":"2016-12-05T08:49:35","modified_gmt":"2016-12-05T08:49:35","slug":"laczy-nas-kolarska-pasja-rozpoczynamy-cykl-artykulow-historia-somy-youm","status":"publish","type":"post","link":"https:\/\/www.welovecycling.com\/pl\/2016\/07\/04\/laczy-nas-kolarska-pasja-rozpoczynamy-cykl-artykulow-historia-somy-youm\/","title":{"rendered":"\u0141\u0105czy nas kolarska pasja: rozpoczynamy cykl artyku\u0142\u00f3w! Historia Somy Youm"},"content":{"rendered":"<p style=\"text-align: justify\">Co \u0142\u0105czy mi\u0142o\u015bnik\u00f3w dw\u00f3ch k\u00f3\u0142ek? Ka\u017cdy kolarz ma swoj\u0105 osobn\u0105, unikaln\u0105 histori\u0119 pe\u0142n\u0105 fascynuj\u0105cych prze\u017cy\u0107 i wyj\u0105tkowych do\u015bwiadcze\u0144, kt\u00f3re warto poznawa\u0107. Rozpoczynamy nowy cykl inspiruj\u0105cych artyku\u0142\u00f3w o niezwyk\u0142ych postaciach, kt\u00f3re \u0142\u0105czy kolarska pasja. Odkrywaj j\u0105 razem z nami!\u00a0<!--more--><\/p>\n<p style=\"text-align: justify\"><strong>Zaczynamy: poznaj histori\u0119 Somy Youm, kt\u00f3ra przemierza \u015bwiat na swojej szos\u00f3wce.<\/strong><\/p>\n<p style=\"text-align: justify\">Soma Youm to m\u0142oda kobieta, kt\u00f3rej \u017cycie kr\u0119ci si\u0119 wok\u00f3\u0142 jazdy na rowerze. Z pochodzenia Koreanka z po\u0142udnia, wychowa\u0142a si\u0119 w Nowej Zelandii, a studiowa\u0142a i pracowa\u0142a w Stanach Zjednoczonych, Francji i Japonii. Gdziekolwiek si\u0119 nie uda, jej rower szosowy podr\u00f3\u017cuje razem z ni\u0105. Kolarstwo nadaje prawdziwego sensu jej doros\u0142emu \u017cyciu. Soma jest zdania, \u017ce \u201ejazda na rowerze to najlepszy spos\u00f3b na poznawanie ludzi\u201d.<\/p>\n<p style=\"text-align: justify\">Gdy obejmowa\u0142a swoj\u0105 ostatni\u0105 posad\u0119 w Pradze, jej obawy zwi\u0105zane z przeprowadzk\u0105 do Czech wi\u0105za\u0142y si\u0119 przede wszystkim z tym, czy nowe miejsce da jej mo\u017cliwo\u015b\u0107 realizowania swojej pasji. Dlatego te\u017c, zanim ostatecznie przyj\u0119\u0142a ofert\u0119 pracodawcy, przetestowa\u0142a okoliczne trasy rowerowe. \u201eUwielbiam Prag\u0119. Gdy mieszkasz w Tokio, aby tylko wydosta\u0107 si\u0119 z miasta musisz przejecha\u0107 jakie\u015b 40 kilometr\u00f3w. Tutaj przyrod\u0119 masz na wyci\u0105gni\u0119cie r\u0119ki i jest doprawdy pi\u0119knie. A drogi utwardzone w pobli\u017cu Pragi s\u0105 naprawd\u0119 dobrej jako\u015bci. Co prawda jest tu kilka wzniesie\u0144, ale nie ma du\u017cych szczyt\u00f3w, dlatego jazda jest relatywnie \u0142atwa\u201d, twierdzi Soma. Pomimo wymagaj\u0105cej pracy, daje rad\u0119 przejecha\u0107 oko\u0142o 250 km tygodniowo, staraj\u0105c si\u0119 sp\u0119dzi\u0107 w siode\u0142ku mo\u017cliwie jak najwi\u0119cej czasu.<\/p>\n<p style=\"text-align: justify\"><strong>Zlodowacenie<\/strong><\/p>\n<p style=\"text-align: justify\">W tym sezonie zacz\u0119\u0142a je\u017adzi\u0107 w marcu i jak dot\u0105d pokona\u0142a ju\u017c 2700 km. Jako, \u017ce podr\u00f3\u017cuje po ca\u0142ym \u015bwiecie, ma spore trudno\u015bci w zaznajomieniu si\u0119 z lokalnymi warunkami pogodowymi. St\u0105d czasem przytrafi\u0107 si\u0119 jej mog\u0105 sytuacje jak ta z listopada ubieg\u0142ego roku: robi\u0142o si\u0119 coraz ch\u0142odniej, lecz Soma nie mia\u0142a pewno\u015bci, jak niskiej temperatury si\u0119 spodziewa\u0107. O poranku opu\u015bci\u0142a swoje mieszkanie ubrana zbyt lekko, bowiem zarzuci\u0142a na siebie ledwie bluz\u0119 z kr\u00f3tkim r\u0119kawem i cienk\u0105 kurtk\u0119. Temperatura oscylowa\u0142a w granicach zera. By\u0142a w\u0142a\u015bnie w drodze do zamku Karl\u0161tejn oddalonego o jakie\u015b 50 km od centrum miasta, gdy nagle uzmys\u0142owi\u0142a sobie, \u017ce jej palce, stopy, a w\u0142a\u015bciwie ca\u0142e cia\u0142o po prostu zamarz\u0142o. \u201eTo by\u0142o pocz\u0105tkowe stadium hipotermii. Nie by\u0142am w stanie peda\u0142owa\u0107, czy cho\u0107by normalnie funkcjonowa\u0107. Stan\u0119\u0142am, trz\u0119s\u0105c si\u0119 jak osika, i zacz\u0119\u0142am si\u0119 zastanawia\u0107, gdzie w\u0142a\u015bciwie jestem. Dooko\u0142a nie widzia\u0142am jakiegokolwiek lokalu, ani \u015bladu miejsca, gdzie mog\u0142abym si\u0119 uda\u0107. Nie by\u0142am w stanie cho\u0107by wydusi\u0107 z siebie s\u0142owa, jak wi\u0119c mia\u0142am zadzwoni\u0107 po taks\u00f3wk\u0119? Ostatecznie uda\u0142o mi si\u0119 dodzwoni\u0107 do kolegi z pracy i poprosi\u0107, by mnie stamt\u0105d zabra\u0142. Nadal jestem przekonana, \u017ce uratowa\u0142 mi wtedy \u017cycie\u201d, wspomina Soma.<\/p>\n<p style=\"text-align: justify\">Cho\u0107 na rowerze zacz\u0119\u0142a je\u017adzi\u0107 ledwie kilka lat temu, dzi\u015b nie wyobra\u017ca sobie \u017cycia bez dw\u00f3ch k\u00f3\u0142ek. Kr\u00f3tsze trasy pokonuje w tygodniu, na d\u0142u\u017csze dystanse decyduje si\u0119 weekendami. Wracaj\u0105c z sobotniej wycieczki z przyjaci\u00f3\u0142mi na odleg\u0142o\u015b\u0107 cz\u0119sto przekraczaj\u0105c\u0105 100 km, zazwyczaj mo\u017cna j\u0105 zobaczy\u0107 na czele grupy sk\u0142adaj\u0105cej si\u0119 z os\u00f3b raczej nie przypominaj\u0105cych wyczynowc\u00f3w. Nigdy si\u0119 nie podaje, nawet gdy czasem dopada j\u0105 b\u00f3l.<\/p>\n<p style=\"text-align: justify\">\u201eMierzy\u0142am si\u0119 te\u017c z kolarstwem g\u00f3rskim, jednak gdybym mia\u0142a wybiera\u0107, stwierdzi\u0142abym, \u017ce jazda szosowa jest w\u0142a\u015bnie dla mnie. Uwielbiam czu\u0107, jak ca\u0142a moja energia przenosi si\u0119 na jazd\u0119 po drodze\u201d, twierdzi nasza bohaterka.<\/p>\n<p style=\"text-align: justify\"><strong>Mi\u0119dzy s\u0142owami<\/strong><\/p>\n<p style=\"text-align: justify\">Jej przygoda z dwoma k\u00f3\u0142kami zacz\u0119\u0142a si\u0119 w czasie, gdy pracowa\u0142a w Japonii. Odk\u0105d zobaczy\u0142a film pt. \u201eMi\u0119dzy s\u0142owami\u201d wiedzia\u0142a, \u017ce w\u0142a\u015bnie tam znajdzie dla siebie wymarzone miejsce do pracy i \u017cycia. W\u00f3wczas kolega z pracy zapyta\u0142 j\u0105, czy je\u017adzi na rowerze.<\/p>\n<p style=\"text-align: justify\">\u201eNa rowerze?\u201d, odpar\u0142a zaskoczona.<\/p>\n<p style=\"text-align: justify\">Soma nie mia\u0142a nawet poj\u0119cia, \u017ce istnieje taka dyscyplina sportu jak kolarstwo. Dla niej rower by\u0142 po prostu \u015brodkiem transportu. Kolega zabra\u0142 j\u0105 do sklepu rowerowego w dzielnicy Shinjuku i pokaza\u0142 r\u00f3\u017cne typy rower\u00f3w. W\u0142a\u015bnie wtedy kupi\u0142a swojego pierwszego Scotta z ram\u0105 wykonan\u0105 z w\u0142\u00f3kna w\u0119glowego.<\/p>\n<p style=\"text-align: justify\">\n<p style=\"text-align: justify\"><img loading=\"lazy\" decoding=\"async\" class=\"alignnone size-large wp-image-1337\" src=\"http:\/\/skoda-rowery.pl\/wp-content\/uploads\/2016\/07\/AG9C0082_Fotor-1024x683.jpg\" alt=\"AG9C0082_Fotor\" width=\"1024\" height=\"683\" srcset=\"https:\/\/d2p6e6u75xmxt8.cloudfront.net\/5\/2016\/07\/AG9C0082_Fotor-1024x683.jpg 1024w, https:\/\/d2p6e6u75xmxt8.cloudfront.net\/5\/2016\/07\/AG9C0082_Fotor-300x200.jpg 300w, https:\/\/d2p6e6u75xmxt8.cloudfront.net\/5\/2016\/07\/AG9C0082_Fotor-768x512.jpg 768w, https:\/\/d2p6e6u75xmxt8.cloudfront.net\/5\/2016\/07\/AG9C0082_Fotor-272x182.jpg 272w\" sizes=\"auto, (max-width: 1024px) 100vw, 1024px\" \/><\/p>\n<p style=\"text-align: justify\">\n<p style=\"text-align: justify\"><strong>Pierwsza jazda<\/strong><\/p>\n<p style=\"text-align: justify\">Pierwsz\u0105 jazd\u0119 oby\u0142a z Tokio do Hakone, miejscowo\u015bci znanej z gor\u0105cych \u017ar\u00f3de\u0142. Aby dosta\u0107 si\u0119 do niej trzeba by\u0142o pokona\u0107 sto kilometr\u00f3w. Soma zawsze by\u0142a ambitn\u0105 osob\u0105 i uwa\u017ca\u0142a, \u017ce da rad\u0119. Zaplanowa\u0142a sp\u0119dzi\u0107 noc na miejscu i wraca\u0107 nast\u0119pnego dnia. Jednak zachowa\u0142a si\u0119 jak kompletny \u017c\u00f3\u0142todzi\u00f3b, zapominaj\u0105c o prawid\u0142owym od\u017cywianiu si\u0119 w trasie. Przez pierwsze pi\u0119\u0107dziesi\u0105t kilometr\u00f3w wszystko sz\u0142o zgodnie z planem, lecz potem ca\u0142kowicie p\u0119k\u0142a. Do celu zosta\u0142o jej ledwie 20 km, a mimo to Soma nie by\u0142a w stanie ruszy\u0107 si\u0119 z miejsca. Dos\u0142ownie wyrzuci\u0142a sw\u00f3j nowiutki rower w las i postanowi\u0142a, \u017ce nigdy wi\u0119cej nie wsi\u0105dzie na \u017caden inny. Robi\u0142o si\u0119 coraz ciemniej. Soma nie by\u0142a w stanie wsta\u0107 o w\u0142asnych si\u0142ach i zwr\u00f3ci\u0142a si\u0119 do swego towarzysza, by ten zostawi\u0142 j\u0105 w lesie. Ostatecznie jako\u015b da\u0142a rad\u0119 dotrze\u0107 do celu. Kolejnego dnia jad\u0142a ju\u017c co godzin\u0119 i regularnie przyjmowa\u0142a napoje.<\/p>\n<p style=\"text-align: justify\">Kolejnym krokiem by\u0142o do\u0142\u0105czenie do klubu kolarskiego w Japonii, gdzie pozna\u0142a wszystkich swoich najlepszych przyjaci\u00f3\u0142. \u201eUwielbia\u0142am to, a z moimi nowymi znajomymi sp\u0119dza\u0142am wspania\u0142e chwile. By\u0142am naprawd\u0119 szcz\u0119\u015bliwa. I wtedy szefowa oznajmi\u0142a mi, \u017ce moja firma otwiera du\u017cy o\u015brodek w czeskiej Pradze. Da\u0142a mi do zrozumienia, \u017ce to dla mnie du\u017ca szansa na rozw\u00f3j kariery zawodowej\u201d, wyja\u015bnia Soma.<\/p>\n<p style=\"text-align: justify\"><strong>Rowerem po Pradze<\/strong><\/p>\n<p style=\"text-align: justify\"><img loading=\"lazy\" decoding=\"async\" class=\"alignnone size-large wp-image-1338\" src=\"http:\/\/skoda-rowery.pl\/wp-content\/uploads\/2016\/07\/AG9C0091_Fotor-1024x683.jpg\" alt=\"AG9C0091_Fotor\" width=\"1024\" height=\"683\" srcset=\"https:\/\/d2p6e6u75xmxt8.cloudfront.net\/5\/2016\/07\/AG9C0091_Fotor-1024x683.jpg 1024w, https:\/\/d2p6e6u75xmxt8.cloudfront.net\/5\/2016\/07\/AG9C0091_Fotor-300x200.jpg 300w, https:\/\/d2p6e6u75xmxt8.cloudfront.net\/5\/2016\/07\/AG9C0091_Fotor-768x512.jpg 768w, https:\/\/d2p6e6u75xmxt8.cloudfront.net\/5\/2016\/07\/AG9C0091_Fotor-272x182.jpg 272w\" sizes=\"auto, (max-width: 1024px) 100vw, 1024px\" \/><\/p>\n<p style=\"text-align: justify\">\n<p style=\"text-align: justify\">Wys\u0142ano j\u0105 do Pragi na delegacj\u0119, aby bez zb\u0119dnej presji mog\u0142a zapozna\u0107 si\u0119 z tym miejscem. W pierwszej kolejno\u015bci w Google wpisa\u0142a has\u0142o \u201erowerem po Pradze\u201d i jednym z wynik\u00f3w wyszukiwania by\u0142a strona internetowa Biko. Jest to serwis, kt\u00f3ry oferuje organizacj\u0119 wycieczek rowerowych z przewodnikiem po okolicy. \u201ePrzyznam, \u017ce w mojej hierarchii wa\u017cno\u015bci praca zesz\u0142a na drugi plan. Przede wszystkim musia\u0142am si\u0119 zorientowa\u0107, czy Praga jest dobrym miejscem do jazdy na rowerze, dlatego dwukrotnie wybra\u0142am si\u0119 z nimi w tras\u0119. Podczas wycieczki stwierdzi\u0142am, \u017ce to miejsce, w kt\u00f3rym mog\u0142abym zamieszka\u0107\u201d, wyznaje Soma. P\u00f3\u017aniej zast\u0105pi\u0142a swojego Scotta rowerem z ram\u0105 z w\u0142\u00f3kna w\u0119glowego wykonanym r\u0119cznie na zam\u00f3wienie przez firm\u0119 Festka \u2013 niewielkie lokalne przedsi\u0119biorstwo znane z produkcji jednych z najlepszych rower\u00f3w szosowych w Europie. Wraz z za\u0142o\u017cycielem firmy, Michaelem Mourecekiem, stworzyli dla niej zindywidualizowany projekt zainspirowany motywami z kolekcji producenta odzie\u017cy kolarskiej Rapha, z detalami nawi\u0105zuj\u0105cymi do jej ukochanego miasta \u2013 Tokio.<\/p>\n<p style=\"text-align: justify\">\n<p style=\"text-align: justify\"><img loading=\"lazy\" decoding=\"async\" class=\"alignnone size-large wp-image-1339\" src=\"http:\/\/skoda-rowery.pl\/wp-content\/uploads\/2016\/07\/AG9C0088_Fotor-1024x683.jpg\" alt=\"AG9C0088_Fotor\" width=\"1024\" height=\"683\" srcset=\"https:\/\/d2p6e6u75xmxt8.cloudfront.net\/5\/2016\/07\/AG9C0088_Fotor-1024x683.jpg 1024w, https:\/\/d2p6e6u75xmxt8.cloudfront.net\/5\/2016\/07\/AG9C0088_Fotor-300x200.jpg 300w, https:\/\/d2p6e6u75xmxt8.cloudfront.net\/5\/2016\/07\/AG9C0088_Fotor-768x512.jpg 768w, https:\/\/d2p6e6u75xmxt8.cloudfront.net\/5\/2016\/07\/AG9C0088_Fotor-272x182.jpg 272w\" sizes=\"auto, (max-width: 1024px) 100vw, 1024px\" \/><\/p>\n<p style=\"text-align: justify\"><img loading=\"lazy\" decoding=\"async\" class=\"alignnone size-large wp-image-1340\" src=\"http:\/\/skoda-rowery.pl\/wp-content\/uploads\/2016\/07\/AG9C0087_Fotor-1024x683.jpg\" alt=\"AG9C0087_Fotor\" width=\"1024\" height=\"683\" srcset=\"https:\/\/d2p6e6u75xmxt8.cloudfront.net\/5\/2016\/07\/AG9C0087_Fotor-1024x683.jpg 1024w, https:\/\/d2p6e6u75xmxt8.cloudfront.net\/5\/2016\/07\/AG9C0087_Fotor-300x200.jpg 300w, https:\/\/d2p6e6u75xmxt8.cloudfront.net\/5\/2016\/07\/AG9C0087_Fotor-768x512.jpg 768w, https:\/\/d2p6e6u75xmxt8.cloudfront.net\/5\/2016\/07\/AG9C0087_Fotor-272x182.jpg 272w\" sizes=\"auto, (max-width: 1024px) 100vw, 1024px\" \/><\/p>\n<p style=\"text-align: justify\"><img loading=\"lazy\" decoding=\"async\" class=\"alignnone size-large wp-image-1341\" src=\"http:\/\/skoda-rowery.pl\/wp-content\/uploads\/2016\/07\/AG9C0090_Fotor-1024x683.jpg\" alt=\"AG9C0090_Fotor\" width=\"1024\" height=\"683\" srcset=\"https:\/\/d2p6e6u75xmxt8.cloudfront.net\/5\/2016\/07\/AG9C0090_Fotor-1024x683.jpg 1024w, https:\/\/d2p6e6u75xmxt8.cloudfront.net\/5\/2016\/07\/AG9C0090_Fotor-300x200.jpg 300w, https:\/\/d2p6e6u75xmxt8.cloudfront.net\/5\/2016\/07\/AG9C0090_Fotor-768x512.jpg 768w, https:\/\/d2p6e6u75xmxt8.cloudfront.net\/5\/2016\/07\/AG9C0090_Fotor-272x182.jpg 272w\" sizes=\"auto, (max-width: 1024px) 100vw, 1024px\" \/><\/p>\n<p style=\"text-align: justify\">Pocz\u0105tkowo Soma bezskutecznie poszukiwa\u0142a klubu rowerowego o profilu podobnym do tego, kt\u00f3rego cz\u0142onkiem by\u0142a w Japonii, lecz ostatecznie znalaz\u0142a w Pradze grup\u0119 mi\u0142o\u015bnik\u00f3w kolarstwa pos\u0142uguj\u0105cych si\u0119 j\u0119zykiem angielskim i odt\u0105d niemal codziennie korzysta z mo\u017cliwo\u015bci wsp\u00f3lnych porannych eskapad.<\/p>\n<p style=\"text-align: justify\">\u201eLudzie pytaj\u0105 mnie, dlaczego uprawiam kolarstwo. Musz\u0119 szczerze przyzna\u0107, \u017ce zacz\u0119\u0142am je\u017adzi\u0107, bo chcia\u0142am zrzuci\u0107 kilka kilogram\u00f3w. Dziewczyny tak maj\u0105 \u2013 jeste\u015bmy nieustannie na diecie. Jednak teraz po prostu kocham jazd\u0119 na rowerze. Nie mam poj\u0119cia jak, ale przerodzi\u0142a si\u0119 ona w prawdziw\u0105 obsesj\u0119. Ka\u017cdy dzie\u0144 bez kontaktu z dwoma k\u00f3\u0142kami powoduje u mnie wyrzuty sumienia. Jestem uzale\u017cniona. Jazda na rowerze daje mi poczucie wolno\u015bci, a poza tym jest znakomit\u0105 wym\u00f3wk\u0105 je\u015bli kto\u015b lubi sobie poje\u015b\u0107. Na pocz\u0105tku w og\u00f3le nie mia\u0142am ochoty przeprowadza\u0107 si\u0119 od Pragi, ale z perspektywy czasu musz\u0119 przyzna\u0107, \u017ce moja szefowa mia\u0142a racj\u0119. Teraz uwielbiam to miejsce\u201d, wyznaje Soma.<\/p>\n<p style=\"text-align: justify\">Z ka\u017cdym, kto lubi je\u017adzi\u0107 na rowerze \u0142\u0105czy nas kolarska pasja. \u0160koda nap\u0119dza rowery.<\/p>\n","protected":false},"excerpt":{"rendered":"<p>Co \u0142\u0105czy mi\u0142o\u015bnik\u00f3w dw\u00f3ch k\u00f3\u0142ek? Ka\u017cdy kolarz ma swoj\u0105 osobn\u0105, unikaln\u0105 histori\u0119 pe\u0142n\u0105 fascynuj\u0105cych prze\u017cy\u0107 i wyj\u0105tkowych do\u015bwiadcze\u0144, kt\u00f3re warto [&hellip;]<\/p>\n","protected":false},"author":1,"featured_media":1336,"comment_status":"open","ping_status":"closed","sticky":false,"template":"","format":"standard","meta":{"footnotes":""},"categories":[1],"tags":[66,77],"global-categories":[],"class_list":["post-1335","post","type-post","status-publish","format-standard","has-post-thumbnail","hentry","category-uncategorized","tag-skodanapedzarowery","tag-tour-de-france"],"yoast_head":"<!-- This site is optimized with the Yoast SEO Premium plugin v25.3 (Yoast SEO v25.9) - https:\/\/yoast.com\/wordpress\/plugins\/seo\/ -->\n<title>\u0141\u0105czy nas kolarska pasja: rozpoczynamy cykl artyku\u0142\u00f3w! Historia Somy Youm - \u0160koda We Love Cycling - Poland<\/title>\n<meta name=\"robots\" content=\"index, follow, max-snippet:-1, max-image-preview:large, max-video-preview:-1\" \/>\n<link rel=\"canonical\" href=\"https:\/\/www.welovecycling.com\/pl\/2016\/07\/04\/laczy-nas-kolarska-pasja-rozpoczynamy-cykl-artykulow-historia-somy-youm\/\" \/>\n<meta property=\"og:locale\" content=\"pl_PL\" \/>\n<meta property=\"og:type\" content=\"article\" \/>\n<meta property=\"og:title\" content=\"\u0141\u0105czy nas kolarska pasja: rozpoczynamy cykl artyku\u0142\u00f3w! Historia Somy Youm\" \/>\n<meta property=\"og:description\" content=\"Co \u0142\u0105czy mi\u0142o\u015bnik\u00f3w dw\u00f3ch k\u00f3\u0142ek? Ka\u017cdy kolarz ma swoj\u0105 osobn\u0105, unikaln\u0105 histori\u0119 pe\u0142n\u0105 fascynuj\u0105cych prze\u017cy\u0107 i wyj\u0105tkowych do\u015bwiadcze\u0144, kt\u00f3re warto [&hellip;]\" \/>\n<meta property=\"og:url\" content=\"https:\/\/www.welovecycling.com\/pl\/2016\/07\/04\/laczy-nas-kolarska-pasja-rozpoczynamy-cykl-artykulow-historia-somy-youm\/\" \/>\n<meta property=\"og:site_name\" content=\"\u0160koda We Love Cycling - Poland\" \/>\n<meta property=\"article:published_time\" content=\"2016-07-04T11:43:28+00:00\" \/>\n<meta property=\"article:modified_time\" content=\"2016-12-05T08:49:35+00:00\" \/>\n<meta property=\"og:image\" content=\"https:\/\/d2p6e6u75xmxt8.cloudfront.net\/5\/2016\/07\/146464161_4894489984.jpg\" \/>\n\t<meta property=\"og:image:width\" content=\"1375\" \/>\n\t<meta property=\"og:image:height\" content=\"600\" \/>\n\t<meta property=\"og:image:type\" content=\"image\/jpeg\" \/>\n<meta name=\"author\" content=\"WeLoveCycling\" \/>\n<meta name=\"twitter:card\" content=\"summary_large_image\" \/>\n<meta name=\"twitter:label1\" content=\"Written by\" \/>\n\t<meta name=\"twitter:data1\" content=\"WeLoveCycling\" \/>\n\t<meta name=\"twitter:label2\" content=\"Est. reading time\" \/>\n\t<meta name=\"twitter:data2\" content=\"7 minutes\" \/>\n<script type=\"application\/ld+json\" class=\"yoast-schema-graph\">{\"@context\":\"https:\/\/schema.org\",\"@graph\":[{\"@type\":\"WebPage\",\"@id\":\"https:\/\/www.welovecycling.com\/pl\/2016\/07\/04\/laczy-nas-kolarska-pasja-rozpoczynamy-cykl-artykulow-historia-somy-youm\/\",\"url\":\"https:\/\/www.welovecycling.com\/pl\/2016\/07\/04\/laczy-nas-kolarska-pasja-rozpoczynamy-cykl-artykulow-historia-somy-youm\/\",\"name\":\"\u0141\u0105czy nas kolarska pasja: rozpoczynamy cykl artyku\u0142\u00f3w! Historia Somy Youm - \u0160koda We Love Cycling - Poland\",\"isPartOf\":{\"@id\":\"https:\/\/www.welovecycling.com\/pl\/#website\"},\"primaryImageOfPage\":{\"@id\":\"https:\/\/www.welovecycling.com\/pl\/2016\/07\/04\/laczy-nas-kolarska-pasja-rozpoczynamy-cykl-artykulow-historia-somy-youm\/#primaryimage\"},\"image\":{\"@id\":\"https:\/\/www.welovecycling.com\/pl\/2016\/07\/04\/laczy-nas-kolarska-pasja-rozpoczynamy-cykl-artykulow-historia-somy-youm\/#primaryimage\"},\"thumbnailUrl\":\"https:\/\/d2p6e6u75xmxt8.cloudfront.net\/5\/2016\/07\/146464161_4894489984.jpg\",\"datePublished\":\"2016-07-04T11:43:28+00:00\",\"dateModified\":\"2016-12-05T08:49:35+00:00\",\"author\":{\"@id\":\"https:\/\/www.welovecycling.com\/pl\/#\/schema\/person\/e5187c9cac8dd619ebc7b41bd73c2fd9\"},\"breadcrumb\":{\"@id\":\"https:\/\/www.welovecycling.com\/pl\/2016\/07\/04\/laczy-nas-kolarska-pasja-rozpoczynamy-cykl-artykulow-historia-somy-youm\/#breadcrumb\"},\"inLanguage\":\"pl-PL\",\"potentialAction\":[{\"@type\":\"ReadAction\",\"target\":[\"https:\/\/www.welovecycling.com\/pl\/2016\/07\/04\/laczy-nas-kolarska-pasja-rozpoczynamy-cykl-artykulow-historia-somy-youm\/\"]}]},{\"@type\":\"ImageObject\",\"inLanguage\":\"pl-PL\",\"@id\":\"https:\/\/www.welovecycling.com\/pl\/2016\/07\/04\/laczy-nas-kolarska-pasja-rozpoczynamy-cykl-artykulow-historia-somy-youm\/#primaryimage\",\"url\":\"https:\/\/d2p6e6u75xmxt8.cloudfront.net\/5\/2016\/07\/146464161_4894489984.jpg\",\"contentUrl\":\"https:\/\/d2p6e6u75xmxt8.cloudfront.net\/5\/2016\/07\/146464161_4894489984.jpg\",\"width\":1375,\"height\":600},{\"@type\":\"BreadcrumbList\",\"@id\":\"https:\/\/www.welovecycling.com\/pl\/2016\/07\/04\/laczy-nas-kolarska-pasja-rozpoczynamy-cykl-artykulow-historia-somy-youm\/#breadcrumb\",\"itemListElement\":[{\"@type\":\"ListItem\",\"position\":1,\"name\":\"Home\",\"item\":\"https:\/\/www.welovecycling.com\/pl\/\"},{\"@type\":\"ListItem\",\"position\":2,\"name\":\"\u0141\u0105czy nas kolarska pasja: rozpoczynamy cykl artyku\u0142\u00f3w! Historia Somy Youm\"}]},{\"@type\":\"WebSite\",\"@id\":\"https:\/\/www.welovecycling.com\/pl\/#website\",\"url\":\"https:\/\/www.welovecycling.com\/pl\/\",\"name\":\"\u0160koda We Love Cycling - Poland\",\"description\":\"\",\"potentialAction\":[{\"@type\":\"SearchAction\",\"target\":{\"@type\":\"EntryPoint\",\"urlTemplate\":\"https:\/\/www.welovecycling.com\/pl\/?s={search_term_string}\"},\"query-input\":{\"@type\":\"PropertyValueSpecification\",\"valueRequired\":true,\"valueName\":\"search_term_string\"}}],\"inLanguage\":\"pl-PL\"},{\"@type\":\"Person\",\"@id\":\"https:\/\/www.welovecycling.com\/pl\/#\/schema\/person\/e5187c9cac8dd619ebc7b41bd73c2fd9\",\"name\":\"WeLoveCycling\",\"image\":{\"@type\":\"ImageObject\",\"inLanguage\":\"pl-PL\",\"@id\":\"https:\/\/www.welovecycling.com\/pl\/#\/schema\/person\/image\/\",\"url\":\"https:\/\/secure.gravatar.com\/avatar\/7e1ee0ecc5e294b19ef32b9f6086e0afbb9da00c3cb0d465ba4695331f4a9187?s=96&d=mm&r=g\",\"contentUrl\":\"https:\/\/secure.gravatar.com\/avatar\/7e1ee0ecc5e294b19ef32b9f6086e0afbb9da00c3cb0d465ba4695331f4a9187?s=96&d=mm&r=g\",\"caption\":\"WeLoveCycling\"},\"url\":\"https:\/\/www.welovecycling.com\/pl\/author\/lukascech\/\"}]}<\/script>\n<!-- \/ Yoast SEO Premium plugin. -->","yoast_head_json":{"title":"\u0141\u0105czy nas kolarska pasja: rozpoczynamy cykl artyku\u0142\u00f3w! Historia Somy Youm - \u0160koda We Love Cycling - Poland","robots":{"index":"index","follow":"follow","max-snippet":"max-snippet:-1","max-image-preview":"max-image-preview:large","max-video-preview":"max-video-preview:-1"},"canonical":"https:\/\/www.welovecycling.com\/pl\/2016\/07\/04\/laczy-nas-kolarska-pasja-rozpoczynamy-cykl-artykulow-historia-somy-youm\/","og_locale":"pl_PL","og_type":"article","og_title":"\u0141\u0105czy nas kolarska pasja: rozpoczynamy cykl artyku\u0142\u00f3w! Historia Somy Youm","og_description":"Co \u0142\u0105czy mi\u0142o\u015bnik\u00f3w dw\u00f3ch k\u00f3\u0142ek? Ka\u017cdy kolarz ma swoj\u0105 osobn\u0105, unikaln\u0105 histori\u0119 pe\u0142n\u0105 fascynuj\u0105cych prze\u017cy\u0107 i wyj\u0105tkowych do\u015bwiadcze\u0144, kt\u00f3re warto [&hellip;]","og_url":"https:\/\/www.welovecycling.com\/pl\/2016\/07\/04\/laczy-nas-kolarska-pasja-rozpoczynamy-cykl-artykulow-historia-somy-youm\/","og_site_name":"\u0160koda We Love Cycling - Poland","article_published_time":"2016-07-04T11:43:28+00:00","article_modified_time":"2016-12-05T08:49:35+00:00","og_image":[{"width":1375,"height":600,"url":"https:\/\/d2p6e6u75xmxt8.cloudfront.net\/5\/2016\/07\/146464161_4894489984.jpg","type":"image\/jpeg"}],"author":"WeLoveCycling","twitter_card":"summary_large_image","twitter_misc":{"Written by":"WeLoveCycling","Est. reading time":"7 minutes"},"schema":{"@context":"https:\/\/schema.org","@graph":[{"@type":"WebPage","@id":"https:\/\/www.welovecycling.com\/pl\/2016\/07\/04\/laczy-nas-kolarska-pasja-rozpoczynamy-cykl-artykulow-historia-somy-youm\/","url":"https:\/\/www.welovecycling.com\/pl\/2016\/07\/04\/laczy-nas-kolarska-pasja-rozpoczynamy-cykl-artykulow-historia-somy-youm\/","name":"\u0141\u0105czy nas kolarska pasja: rozpoczynamy cykl artyku\u0142\u00f3w! Historia Somy Youm - \u0160koda We Love Cycling - Poland","isPartOf":{"@id":"https:\/\/www.welovecycling.com\/pl\/#website"},"primaryImageOfPage":{"@id":"https:\/\/www.welovecycling.com\/pl\/2016\/07\/04\/laczy-nas-kolarska-pasja-rozpoczynamy-cykl-artykulow-historia-somy-youm\/#primaryimage"},"image":{"@id":"https:\/\/www.welovecycling.com\/pl\/2016\/07\/04\/laczy-nas-kolarska-pasja-rozpoczynamy-cykl-artykulow-historia-somy-youm\/#primaryimage"},"thumbnailUrl":"https:\/\/d2p6e6u75xmxt8.cloudfront.net\/5\/2016\/07\/146464161_4894489984.jpg","datePublished":"2016-07-04T11:43:28+00:00","dateModified":"2016-12-05T08:49:35+00:00","author":{"@id":"https:\/\/www.welovecycling.com\/pl\/#\/schema\/person\/e5187c9cac8dd619ebc7b41bd73c2fd9"},"breadcrumb":{"@id":"https:\/\/www.welovecycling.com\/pl\/2016\/07\/04\/laczy-nas-kolarska-pasja-rozpoczynamy-cykl-artykulow-historia-somy-youm\/#breadcrumb"},"inLanguage":"pl-PL","potentialAction":[{"@type":"ReadAction","target":["https:\/\/www.welovecycling.com\/pl\/2016\/07\/04\/laczy-nas-kolarska-pasja-rozpoczynamy-cykl-artykulow-historia-somy-youm\/"]}]},{"@type":"ImageObject","inLanguage":"pl-PL","@id":"https:\/\/www.welovecycling.com\/pl\/2016\/07\/04\/laczy-nas-kolarska-pasja-rozpoczynamy-cykl-artykulow-historia-somy-youm\/#primaryimage","url":"https:\/\/d2p6e6u75xmxt8.cloudfront.net\/5\/2016\/07\/146464161_4894489984.jpg","contentUrl":"https:\/\/d2p6e6u75xmxt8.cloudfront.net\/5\/2016\/07\/146464161_4894489984.jpg","width":1375,"height":600},{"@type":"BreadcrumbList","@id":"https:\/\/www.welovecycling.com\/pl\/2016\/07\/04\/laczy-nas-kolarska-pasja-rozpoczynamy-cykl-artykulow-historia-somy-youm\/#breadcrumb","itemListElement":[{"@type":"ListItem","position":1,"name":"Home","item":"https:\/\/www.welovecycling.com\/pl\/"},{"@type":"ListItem","position":2,"name":"\u0141\u0105czy nas kolarska pasja: rozpoczynamy cykl artyku\u0142\u00f3w! Historia Somy Youm"}]},{"@type":"WebSite","@id":"https:\/\/www.welovecycling.com\/pl\/#website","url":"https:\/\/www.welovecycling.com\/pl\/","name":"\u0160koda We Love Cycling - Poland","description":"","potentialAction":[{"@type":"SearchAction","target":{"@type":"EntryPoint","urlTemplate":"https:\/\/www.welovecycling.com\/pl\/?s={search_term_string}"},"query-input":{"@type":"PropertyValueSpecification","valueRequired":true,"valueName":"search_term_string"}}],"inLanguage":"pl-PL"},{"@type":"Person","@id":"https:\/\/www.welovecycling.com\/pl\/#\/schema\/person\/e5187c9cac8dd619ebc7b41bd73c2fd9","name":"WeLoveCycling","image":{"@type":"ImageObject","inLanguage":"pl-PL","@id":"https:\/\/www.welovecycling.com\/pl\/#\/schema\/person\/image\/","url":"https:\/\/secure.gravatar.com\/avatar\/7e1ee0ecc5e294b19ef32b9f6086e0afbb9da00c3cb0d465ba4695331f4a9187?s=96&d=mm&r=g","contentUrl":"https:\/\/secure.gravatar.com\/avatar\/7e1ee0ecc5e294b19ef32b9f6086e0afbb9da00c3cb0d465ba4695331f4a9187?s=96&d=mm&r=g","caption":"WeLoveCycling"},"url":"https:\/\/www.welovecycling.com\/pl\/author\/lukascech\/"}]}},"_links":{"self":[{"href":"https:\/\/www.welovecycling.com\/pl\/wp-json\/wp\/v2\/posts\/1335","targetHints":{"allow":["GET"]}}],"collection":[{"href":"https:\/\/www.welovecycling.com\/pl\/wp-json\/wp\/v2\/posts"}],"about":[{"href":"https:\/\/www.welovecycling.com\/pl\/wp-json\/wp\/v2\/types\/post"}],"author":[{"embeddable":true,"href":"https:\/\/www.welovecycling.com\/pl\/wp-json\/wp\/v2\/users\/1"}],"replies":[{"embeddable":true,"href":"https:\/\/www.welovecycling.com\/pl\/wp-json\/wp\/v2\/comments?post=1335"}],"version-history":[{"count":1,"href":"https:\/\/www.welovecycling.com\/pl\/wp-json\/wp\/v2\/posts\/1335\/revisions"}],"predecessor-version":[{"id":2441,"href":"https:\/\/www.welovecycling.com\/pl\/wp-json\/wp\/v2\/posts\/1335\/revisions\/2441"}],"wp:featuredmedia":[{"embeddable":true,"href":"https:\/\/www.welovecycling.com\/pl\/wp-json\/wp\/v2\/media\/1336"}],"wp:attachment":[{"href":"https:\/\/www.welovecycling.com\/pl\/wp-json\/wp\/v2\/media?parent=1335"}],"wp:term":[{"taxonomy":"category","embeddable":true,"href":"https:\/\/www.welovecycling.com\/pl\/wp-json\/wp\/v2\/categories?post=1335"},{"taxonomy":"post_tag","embeddable":true,"href":"https:\/\/www.welovecycling.com\/pl\/wp-json\/wp\/v2\/tags?post=1335"},{"taxonomy":"global-categories","embeddable":true,"href":"https:\/\/www.welovecycling.com\/pl\/wp-json\/wp\/v2\/global-categories?post=1335"}],"curies":[{"name":"wp","href":"https:\/\/api.w.org\/{rel}","templated":true}]}}