{"id":13341,"date":"2022-11-22T12:51:32","date_gmt":"2022-11-22T12:51:32","guid":{"rendered":"https:\/\/www.welovecycling.com\/pl\/?p=13341"},"modified":"2022-11-22T12:51:32","modified_gmt":"2022-11-22T12:51:32","slug":"karuzela-juz-sie-kreci-jak-z-wirtualnego-swiata-wskoczyc-do-peletonu","status":"publish","type":"post","link":"https:\/\/www.welovecycling.com\/pl\/2022\/11\/22\/karuzela-juz-sie-kreci-jak-z-wirtualnego-swiata-wskoczyc-do-peletonu\/","title":{"rendered":"Karuzela ju\u017c si\u0119 kr\u0119ci! Jak z wirtualnego \u015bwiata wskoczy\u0107 do peletonu?"},"content":{"rendered":"<p><strong>Gdy kolarze zje\u017cd\u017caj\u0105 z tras, do gry wchodz\u0105 dyrektorzy ekip, kt\u00f3rzy dbaj\u0105 o to, by poza sezonem kibice r\u00f3wnie\u017c mieli o czym dyskutowa\u0107. W ostatnich tygodniach podrzucili ju\u017c kilka ciekawych temat\u00f3w.<\/strong><\/p>\n<p>Powoli rozkr\u0119ca si\u0119 karuzela transferowa. Cz\u0119\u015b\u0107 zespo\u0142\u00f3w si\u0119 zbroi, cz\u0119\u015b\u0107 dopad\u0142 kryzys i musz\u0105 uszczupla\u0107 bud\u017cety. Swoje ambicje i wymagania maj\u0105 tak\u017ce zawodnicy. Jedni uwa\u017caj\u0105, \u017ce powinni by\u0107 lepiej op\u0142acani, inni walcz\u0105 o jak najwa\u017cniejsze miejsce w dru\u017cynie. A to wszystko sprawia, \u017ce nawet po sezonie na nud\u0119 nie mo\u017cna narzeka\u0107.<\/p>\n<h2><strong>Peleton coraz bli\u017cej wirtualnego \u015bwiata<\/strong><\/h2>\n<p>Co prawda jeszcze nie odpalono \u017cadnej transferowej bomby, ale na rynku ju\u017c jest ciekawie. Aktywna jest ekipa UAE Team Emirates. Do zespo\u0142u Rafa\u0142a Majki do\u0142\u0105czy Jay Vine, kt\u00f3ry rozwi\u0105za\u0142 kontrakt z Alpecin-Deceuninck. 26-letni zawodnik b\u0142ysn\u0105\u0142 na tegorocznej Vuelta a Espa\u00f1a (wygra\u0142 dwa etapy) i teraz jego zadaniem b\u0119dzie m.in. pomoc Tadejowi Pogacarowi w wygraniu Tour de France po raz trzeci. Nie mo\u017cna jednak wykluczy\u0107, \u017ce przed Vinem zostan\u0105 te\u017c postawione indywidualne cele.<\/p>\n<div class=\"embed-controller-wrapper\">\n<blockquote class=\"twitter-tweet\" data-width=\"500\" data-dnt=\"true\">\n<p lang=\"en\" dir=\"ltr\">\u270d\ufe0f We&#39;re delighted to announce the signing of <a href=\"https:\/\/twitter.com\/JayVine3?ref_src=twsrc%5Etfw\">@JayVine3<\/a> \ud83c\udde6\ud83c\uddfa on a two-year deal. <\/p>\n<p>Welcome Jay! <\/p>\n<p>Full story\ud83d\udc47<a href=\"https:\/\/t.co\/geBmd6HmZc\">https:\/\/t.co\/geBmd6HmZc<\/a><a href=\"https:\/\/twitter.com\/hashtag\/UAETeamEmirates?src=hash&amp;ref_src=twsrc%5Etfw\">#UAETeamEmirates<\/a> <a href=\"https:\/\/twitter.com\/hashtag\/WeAreUAE?src=hash&amp;ref_src=twsrc%5Etfw\">#WeAreUAE<\/a> <a href=\"https:\/\/t.co\/Rw3TRI3lnv\">pic.twitter.com\/Rw3TRI3lnv<\/a><\/p>\n<p>&mdash; @UAE-TeamEmirates (@TeamEmiratesUAE) <a href=\"https:\/\/twitter.com\/TeamEmiratesUAE\/status\/1588125848808423425?ref_src=twsrc%5Etfw\">November 3, 2022<\/a><\/p><\/blockquote>\n<p><script async data-src=\"https:\/\/platform.twitter.com\/widgets.js\" charset=\"utf-8\"><\/script><\/div>\n<p>Do UAE Team Emirates do\u0142\u0105czy r\u00f3wnie\u017c Michael Vink, a ten transfer jest potwierdzeniem, \u017ce nawet profesjonalny sport tradycyjny coraz mocniej zbli\u017ca si\u0119 do wirtualnego. Dow\u00f3d? Vink ostatnio da\u0142 si\u0119 pozna\u0107 \u015bwiatu w\u0142a\u015bnie dzi\u0119ki \u015bwietnym wynikom na jednej z\u2026 wirtualnych platform treningowych!<\/p>\n<p>\u2013 Nasz\u0105 uwag\u0119 przyku\u0142 dzi\u0119ki je\u017adzie na \u201eWhoosh\u201d, a z tej platformy korzystaj\u0105 te\u017c nasi zawodnicy. Dobre wyniki Michaela zwr\u00f3ci\u0142y nasz\u0105 uwag\u0119 \u2013 przyzna\u0142 Mauro Gianetti, dyrektor zespo\u0142u.<\/p>\n<h2><strong>Inwestuj\u0105 w m\u0142odzie\u017c<\/strong><\/h2>\n<p>Za trendami, cho\u0107 troch\u0119 innymi, pod\u0105\u017ca r\u00f3wnie\u017c Jumbo \u2013 Visma. Jako \u017ce coraz mocniej do g\u0142osu dochodz\u0105 zawodnicy m\u0142odego pokolenia, to ekipa Primo\u017ca Roglicia postanowi\u0142a postawi\u0107 na Jorgena Nordhagena. Norweg dopiero za dwa miesi\u0105ce osi\u0105gnie pe\u0142noletno\u015b\u0107, a ju\u017c otrzyma\u0142 profesjonalny kontrakt. Najpierw b\u0119dzie je\u017adzi\u0142 w m\u0142odzie\u017cowej ekipie, po czym zasili pierwszy zesp\u00f3\u0142.<\/p>\n<p>\u2013 Moje wspania\u0142e marzenie staje si\u0119 rzeczywisto\u015bci\u0105! Nie by\u0142oby to jednak mo\u017cliwe bez ca\u0142ego wsparcia, kt\u00f3re otrzyma\u0142em na mojej drodze \u2013 napisa\u0142 Nordhagen na Instagramie.<\/p>\n<p>https:\/\/www.instagram.com\/p\/CkFtJgaqvrN\/?utm_source=ig_web_copy_link<\/p>\n<p>M\u0142odzie\u017c potrzebuje do\u015bwiadczonych nauczycieli, a kim\u015b takim w nadchodz\u0105cym sezonie w ekipie Movistar ma by\u0107 Alejandro Valverde. Po wielu latach sp\u0119dzonych na trasach, Hiszpan w ko\u0144cu powiedzia\u0142: \u201eDo\u015b\u0107\u201d.<\/p>\n<div class=\"embed-controller-wrapper\">\n<blockquote class=\"twitter-tweet\" data-width=\"500\" data-dnt=\"true\">\n<p lang=\"es\" dir=\"ltr\">\ud83d\udea8 El momento de la retirada <a href=\"https:\/\/twitter.com\/hashtag\/IlLombard%C3%ADa?src=hash&amp;ref_src=twsrc%5Etfw\">#IlLombard\u00eda<\/a> <br \/>\ud83d\udeb2 Tras cruzar la meta en su \u00faltima carrera como profesional (6\u00ba), el primer abrazo de <a href=\"https:\/\/twitter.com\/alejanvalverde?ref_src=twsrc%5Etfw\">@alejanvalverde<\/a> fue con <a href=\"https:\/\/twitter.com\/EnricMasNicolau?ref_src=twsrc%5Etfw\">@EnricMasNicolau<\/a> (2\u00ba)<br \/>\ud83d\udc4f El segundo, con su fiel fisio, <a href=\"https:\/\/twitter.com\/Escamez81?ref_src=twsrc%5Etfw\">@Escamez81<\/a>. Emoci\u00f3n, risas, recuerdos&#8230;<br \/>\ud83d\udcdd <a href=\"https:\/\/twitter.com\/danimiranda9?ref_src=twsrc%5Etfw\">@danimiranda9<\/a> desde Como <a href=\"https:\/\/t.co\/N7o5wvjw2w\">pic.twitter.com\/N7o5wvjw2w<\/a><\/p>\n<p>&mdash; AS Ciclismo (@As_Ciclismo) <a href=\"https:\/\/twitter.com\/As_Ciclismo\/status\/1578763265278373890?ref_src=twsrc%5Etfw\">October 8, 2022<\/a><\/p><\/blockquote>\n<p><script async data-src=\"https:\/\/platform.twitter.com\/widgets.js\" charset=\"utf-8\"><\/script><\/div>\n<p>Valverde szybko jednak przekona\u0142 si\u0119, \u017ce z kolarstwa nie da si\u0119 tak \u0142atwo zrezygnowa\u0107, wi\u0119c ju\u017c ma now\u0105 funkcj\u0119.<\/p>\n<p>\u2013 Moim zadaniem b\u0119dzie usprawnienie komunikacji mi\u0119dzy kolarzami, dyrektorami sportowymi i trenerami. Na niekt\u00f3rych wy\u015bcigach mam by\u0107 tak\u017ce obecny w samochodzie naszej ekipy \u2013 powiedzia\u0142 42-letni, by\u0142y ju\u017c zawodnik.<\/p>\n<h2><strong>Co s\u0142ycha\u0107 w polskim kolarstwie?<\/strong><\/h2>\n<p>Ciekawe rzeczy dziej\u0105 si\u0119 r\u00f3wnie\u017c w polskim kolarstwie. Ostatnim transferem jest przej\u015bcie Kamila Ma\u0142eckiego do Santic \u2013 Wibatech. 26-letni zawodnik b\u0119dzie pr\u00f3bowa\u0142 si\u0119 tam odbudowa\u0107 po trudnym sezonie, w kt\u00f3rym musia\u0142 zmaga\u0107 si\u0119 z kontuzj\u0105.<\/p>\n<p>Dobre wiadomo\u015bci dla polskiego kolarstwa nadesz\u0142y z ekipy Ceratizit-WNT, kt\u00f3ra poinformowa\u0142a, \u017ce przed\u0142u\u017cy\u0142a umow\u0119 z Mart\u0105 Lach. Polka zas\u0142u\u017cy\u0142a sobie na to m.in. wygraniem etapu w Tour de Romandie.<\/p>\n<p>https:\/\/www.instagram.com\/p\/CjgG6Yps3P8\/<\/p>\n<p><span data-sheets-value=\"{&quot;1&quot;:2,&quot;2&quot;:&quot;Artyku\u0142 powsta\u0142 we wsp\u00f3\u0142pracy ze skoda-auto.pl&quot;}\" data-sheets-userformat=\"{&quot;2&quot;:1,&quot;3&quot;:{&quot;1&quot;:0}}\" data-sheets-hyperlink=\"http:\/\/www.skoda-auto.pl\/\"><a class=\"in-cell-link\" href=\"http:\/\/www.skoda-auto.pl\/\" target=\"_blank\" rel=\"noopener noreferrer\">Artyku\u0142 powsta\u0142 we wsp\u00f3\u0142pracy ze skoda-auto.pl<\/a><\/span><\/p>\n<p><a href=\"https:\/\/sklep.skoda.pl\/pl\/sklep\/b\/331\/rowery-i-akcesoria-rowery.html\"><img loading=\"lazy\" decoding=\"async\" class=\"aligncenter wp-image-9608 size-full loading\" src=\"https:\/\/d2p6e6u75xmxt8.cloudfront.net\/5\/2019\/08\/baner_WLC_640x350_3.png\" sizes=\"auto, (max-width: 640px) 100vw, 640px\" srcset=\"https:\/\/d2p6e6u75xmxt8.cloudfront.net\/5\/2019\/08\/baner_WLC_640x350_3.png 640w, https:\/\/d2p6e6u75xmxt8.cloudfront.net\/5\/2019\/08\/baner_WLC_640x350_3-300x164.png 300w\" alt=\"\" width=\"640\" height=\"350\" data-was-processed=\"true\" \/><\/a><\/p>\n","protected":false},"excerpt":{"rendered":"<p>Gdy kolarze zje\u017cd\u017caj\u0105 z tras, do gry wchodz\u0105 dyrektorzy ekip, kt\u00f3rzy dbaj\u0105 o to, by poza sezonem kibice r\u00f3wnie\u017c mieli [&hellip;]<\/p>\n","protected":false},"author":153,"featured_media":13342,"comment_status":"open","ping_status":"open","sticky":false,"template":"","format":"standard","meta":{"footnotes":""},"categories":[6,1],"tags":[362],"global-categories":[303],"class_list":["post-13341","post","type-post","status-publish","format-standard","has-post-thumbnail","hentry","category-kolarstwo-szosowe","category-uncategorized","tag-piotr-nowik","global-categories-cycling"],"yoast_head":"<!-- This site is optimized with the Yoast SEO Premium plugin v25.3 (Yoast SEO v25.9) - https:\/\/yoast.com\/wordpress\/plugins\/seo\/ -->\n<title>Karuzela ju\u017c si\u0119 kr\u0119ci! Jak z wirtualnego \u015bwiata wskoczy\u0107 do peletonu? - \u0160koda We Love Cycling - Poland<\/title>\n<meta name=\"robots\" content=\"index, follow, max-snippet:-1, max-image-preview:large, max-video-preview:-1\" \/>\n<link rel=\"canonical\" href=\"https:\/\/www.welovecycling.com\/pl\/2022\/11\/22\/karuzela-juz-sie-kreci-jak-z-wirtualnego-swiata-wskoczyc-do-peletonu\/\" \/>\n<meta property=\"og:locale\" content=\"pl_PL\" \/>\n<meta property=\"og:type\" content=\"article\" \/>\n<meta property=\"og:title\" content=\"Karuzela ju\u017c si\u0119 kr\u0119ci! Jak z wirtualnego \u015bwiata wskoczy\u0107 do peletonu?\" \/>\n<meta property=\"og:description\" content=\"Gdy kolarze zje\u017cd\u017caj\u0105 z tras, do gry wchodz\u0105 dyrektorzy ekip, kt\u00f3rzy dbaj\u0105 o to, by poza sezonem kibice r\u00f3wnie\u017c mieli [&hellip;]\" \/>\n<meta property=\"og:url\" content=\"https:\/\/www.welovecycling.com\/pl\/2022\/11\/22\/karuzela-juz-sie-kreci-jak-z-wirtualnego-swiata-wskoczyc-do-peletonu\/\" \/>\n<meta property=\"og:site_name\" content=\"\u0160koda We Love Cycling - Poland\" \/>\n<meta property=\"article:published_time\" content=\"2022-11-22T12:51:32+00:00\" \/>\n<meta property=\"og:image\" content=\"https:\/\/d2p6e6u75xmxt8.cloudfront.net\/5\/2022\/11\/Jumbo-Visma-profimedia-0715666537-CVR.webp\" \/>\n\t<meta property=\"og:image:width\" content=\"990\" \/>\n\t<meta property=\"og:image:height\" content=\"660\" \/>\n\t<meta property=\"og:image:type\" content=\"image\/webp\" \/>\n<meta name=\"author\" content=\"rafal\" \/>\n<meta name=\"twitter:card\" content=\"summary_large_image\" \/>\n<meta name=\"twitter:label1\" content=\"Written by\" \/>\n\t<meta name=\"twitter:data1\" content=\"Piotr Nowik\" \/>\n\t<meta name=\"twitter:label2\" content=\"Est. reading time\" \/>\n\t<meta name=\"twitter:data2\" content=\"3\" \/>\n<script type=\"application\/ld+json\" class=\"yoast-schema-graph\">{\"@context\":\"https:\/\/schema.org\",\"@graph\":[{\"@type\":\"WebPage\",\"@id\":\"https:\/\/www.welovecycling.com\/pl\/2022\/11\/22\/karuzela-juz-sie-kreci-jak-z-wirtualnego-swiata-wskoczyc-do-peletonu\/\",\"url\":\"https:\/\/www.welovecycling.com\/pl\/2022\/11\/22\/karuzela-juz-sie-kreci-jak-z-wirtualnego-swiata-wskoczyc-do-peletonu\/\",\"name\":\"Karuzela ju\u017c si\u0119 kr\u0119ci! Jak z wirtualnego \u015bwiata wskoczy\u0107 do peletonu? - \u0160koda We Love Cycling - Poland\",\"isPartOf\":{\"@id\":\"https:\/\/www.welovecycling.com\/pl\/#website\"},\"primaryImageOfPage\":{\"@id\":\"https:\/\/www.welovecycling.com\/pl\/2022\/11\/22\/karuzela-juz-sie-kreci-jak-z-wirtualnego-swiata-wskoczyc-do-peletonu\/#primaryimage\"},\"image\":{\"@id\":\"https:\/\/www.welovecycling.com\/pl\/2022\/11\/22\/karuzela-juz-sie-kreci-jak-z-wirtualnego-swiata-wskoczyc-do-peletonu\/#primaryimage\"},\"thumbnailUrl\":\"https:\/\/d2p6e6u75xmxt8.cloudfront.net\/5\/2022\/11\/Jumbo-Visma-profimedia-0715666537-CVR.webp\",\"datePublished\":\"2022-11-22T12:51:32+00:00\",\"author\":{\"@id\":\"https:\/\/www.welovecycling.com\/pl\/#\/schema\/person\/bf06ed916a1ef16618807fb60d2ebe42\"},\"breadcrumb\":{\"@id\":\"https:\/\/www.welovecycling.com\/pl\/2022\/11\/22\/karuzela-juz-sie-kreci-jak-z-wirtualnego-swiata-wskoczyc-do-peletonu\/#breadcrumb\"},\"inLanguage\":\"pl-PL\",\"potentialAction\":[{\"@type\":\"ReadAction\",\"target\":[\"https:\/\/www.welovecycling.com\/pl\/2022\/11\/22\/karuzela-juz-sie-kreci-jak-z-wirtualnego-swiata-wskoczyc-do-peletonu\/\"]}]},{\"@type\":\"ImageObject\",\"inLanguage\":\"pl-PL\",\"@id\":\"https:\/\/www.welovecycling.com\/pl\/2022\/11\/22\/karuzela-juz-sie-kreci-jak-z-wirtualnego-swiata-wskoczyc-do-peletonu\/#primaryimage\",\"url\":\"https:\/\/d2p6e6u75xmxt8.cloudfront.net\/5\/2022\/11\/Jumbo-Visma-profimedia-0715666537-CVR.webp\",\"contentUrl\":\"https:\/\/d2p6e6u75xmxt8.cloudfront.net\/5\/2022\/11\/Jumbo-Visma-profimedia-0715666537-CVR.webp\",\"width\":990,\"height\":660},{\"@type\":\"BreadcrumbList\",\"@id\":\"https:\/\/www.welovecycling.com\/pl\/2022\/11\/22\/karuzela-juz-sie-kreci-jak-z-wirtualnego-swiata-wskoczyc-do-peletonu\/#breadcrumb\",\"itemListElement\":[{\"@type\":\"ListItem\",\"position\":1,\"name\":\"Home\",\"item\":\"https:\/\/www.welovecycling.com\/pl\/\"},{\"@type\":\"ListItem\",\"position\":2,\"name\":\"Karuzela ju\u017c si\u0119 kr\u0119ci! Jak z wirtualnego \u015bwiata wskoczy\u0107 do peletonu?\"}]},{\"@type\":\"WebSite\",\"@id\":\"https:\/\/www.welovecycling.com\/pl\/#website\",\"url\":\"https:\/\/www.welovecycling.com\/pl\/\",\"name\":\"\u0160koda We Love Cycling - Poland\",\"description\":\"\",\"potentialAction\":[{\"@type\":\"SearchAction\",\"target\":{\"@type\":\"EntryPoint\",\"urlTemplate\":\"https:\/\/www.welovecycling.com\/pl\/?s={search_term_string}\"},\"query-input\":{\"@type\":\"PropertyValueSpecification\",\"valueRequired\":true,\"valueName\":\"search_term_string\"}}],\"inLanguage\":\"pl-PL\"},{\"@type\":\"Person\",\"@id\":\"https:\/\/www.welovecycling.com\/pl\/#\/schema\/person\/bf06ed916a1ef16618807fb60d2ebe42\",\"name\":\"rafal\",\"image\":{\"@type\":\"ImageObject\",\"inLanguage\":\"pl-PL\",\"@id\":\"https:\/\/www.welovecycling.com\/pl\/#\/schema\/person\/image\/\",\"url\":\"https:\/\/secure.gravatar.com\/avatar\/203f240e63bee214f6f3a0dacbeb600c7829c09716c2b9ee3230c6961debcde2?s=96&d=mm&r=g\",\"contentUrl\":\"https:\/\/secure.gravatar.com\/avatar\/203f240e63bee214f6f3a0dacbeb600c7829c09716c2b9ee3230c6961debcde2?s=96&d=mm&r=g\",\"caption\":\"rafal\"},\"url\":\"https:\/\/www.welovecycling.com\/pl\/author\/rafal\/\"}]}<\/script>\n<!-- \/ Yoast SEO Premium plugin. -->","yoast_head_json":{"title":"Karuzela ju\u017c si\u0119 kr\u0119ci! Jak z wirtualnego \u015bwiata wskoczy\u0107 do peletonu? - \u0160koda We Love Cycling - Poland","robots":{"index":"index","follow":"follow","max-snippet":"max-snippet:-1","max-image-preview":"max-image-preview:large","max-video-preview":"max-video-preview:-1"},"canonical":"https:\/\/www.welovecycling.com\/pl\/2022\/11\/22\/karuzela-juz-sie-kreci-jak-z-wirtualnego-swiata-wskoczyc-do-peletonu\/","og_locale":"pl_PL","og_type":"article","og_title":"Karuzela ju\u017c si\u0119 kr\u0119ci! Jak z wirtualnego \u015bwiata wskoczy\u0107 do peletonu?","og_description":"Gdy kolarze zje\u017cd\u017caj\u0105 z tras, do gry wchodz\u0105 dyrektorzy ekip, kt\u00f3rzy dbaj\u0105 o to, by poza sezonem kibice r\u00f3wnie\u017c mieli [&hellip;]","og_url":"https:\/\/www.welovecycling.com\/pl\/2022\/11\/22\/karuzela-juz-sie-kreci-jak-z-wirtualnego-swiata-wskoczyc-do-peletonu\/","og_site_name":"\u0160koda We Love Cycling - Poland","article_published_time":"2022-11-22T12:51:32+00:00","og_image":[{"width":990,"height":660,"url":"https:\/\/d2p6e6u75xmxt8.cloudfront.net\/5\/2022\/11\/Jumbo-Visma-profimedia-0715666537-CVR.webp","type":"image\/webp"}],"author":"rafal","twitter_card":"summary_large_image","twitter_misc":{"Written by":"Piotr Nowik","Est. reading time":"3"},"schema":{"@context":"https:\/\/schema.org","@graph":[{"@type":"WebPage","@id":"https:\/\/www.welovecycling.com\/pl\/2022\/11\/22\/karuzela-juz-sie-kreci-jak-z-wirtualnego-swiata-wskoczyc-do-peletonu\/","url":"https:\/\/www.welovecycling.com\/pl\/2022\/11\/22\/karuzela-juz-sie-kreci-jak-z-wirtualnego-swiata-wskoczyc-do-peletonu\/","name":"Karuzela ju\u017c si\u0119 kr\u0119ci! Jak z wirtualnego \u015bwiata wskoczy\u0107 do peletonu? - \u0160koda We Love Cycling - Poland","isPartOf":{"@id":"https:\/\/www.welovecycling.com\/pl\/#website"},"primaryImageOfPage":{"@id":"https:\/\/www.welovecycling.com\/pl\/2022\/11\/22\/karuzela-juz-sie-kreci-jak-z-wirtualnego-swiata-wskoczyc-do-peletonu\/#primaryimage"},"image":{"@id":"https:\/\/www.welovecycling.com\/pl\/2022\/11\/22\/karuzela-juz-sie-kreci-jak-z-wirtualnego-swiata-wskoczyc-do-peletonu\/#primaryimage"},"thumbnailUrl":"https:\/\/d2p6e6u75xmxt8.cloudfront.net\/5\/2022\/11\/Jumbo-Visma-profimedia-0715666537-CVR.webp","datePublished":"2022-11-22T12:51:32+00:00","author":{"@id":"https:\/\/www.welovecycling.com\/pl\/#\/schema\/person\/bf06ed916a1ef16618807fb60d2ebe42"},"breadcrumb":{"@id":"https:\/\/www.welovecycling.com\/pl\/2022\/11\/22\/karuzela-juz-sie-kreci-jak-z-wirtualnego-swiata-wskoczyc-do-peletonu\/#breadcrumb"},"inLanguage":"pl-PL","potentialAction":[{"@type":"ReadAction","target":["https:\/\/www.welovecycling.com\/pl\/2022\/11\/22\/karuzela-juz-sie-kreci-jak-z-wirtualnego-swiata-wskoczyc-do-peletonu\/"]}]},{"@type":"ImageObject","inLanguage":"pl-PL","@id":"https:\/\/www.welovecycling.com\/pl\/2022\/11\/22\/karuzela-juz-sie-kreci-jak-z-wirtualnego-swiata-wskoczyc-do-peletonu\/#primaryimage","url":"https:\/\/d2p6e6u75xmxt8.cloudfront.net\/5\/2022\/11\/Jumbo-Visma-profimedia-0715666537-CVR.webp","contentUrl":"https:\/\/d2p6e6u75xmxt8.cloudfront.net\/5\/2022\/11\/Jumbo-Visma-profimedia-0715666537-CVR.webp","width":990,"height":660},{"@type":"BreadcrumbList","@id":"https:\/\/www.welovecycling.com\/pl\/2022\/11\/22\/karuzela-juz-sie-kreci-jak-z-wirtualnego-swiata-wskoczyc-do-peletonu\/#breadcrumb","itemListElement":[{"@type":"ListItem","position":1,"name":"Home","item":"https:\/\/www.welovecycling.com\/pl\/"},{"@type":"ListItem","position":2,"name":"Karuzela ju\u017c si\u0119 kr\u0119ci! Jak z wirtualnego \u015bwiata wskoczy\u0107 do peletonu?"}]},{"@type":"WebSite","@id":"https:\/\/www.welovecycling.com\/pl\/#website","url":"https:\/\/www.welovecycling.com\/pl\/","name":"\u0160koda We Love Cycling - Poland","description":"","potentialAction":[{"@type":"SearchAction","target":{"@type":"EntryPoint","urlTemplate":"https:\/\/www.welovecycling.com\/pl\/?s={search_term_string}"},"query-input":{"@type":"PropertyValueSpecification","valueRequired":true,"valueName":"search_term_string"}}],"inLanguage":"pl-PL"},{"@type":"Person","@id":"https:\/\/www.welovecycling.com\/pl\/#\/schema\/person\/bf06ed916a1ef16618807fb60d2ebe42","name":"rafal","image":{"@type":"ImageObject","inLanguage":"pl-PL","@id":"https:\/\/www.welovecycling.com\/pl\/#\/schema\/person\/image\/","url":"https:\/\/secure.gravatar.com\/avatar\/203f240e63bee214f6f3a0dacbeb600c7829c09716c2b9ee3230c6961debcde2?s=96&d=mm&r=g","contentUrl":"https:\/\/secure.gravatar.com\/avatar\/203f240e63bee214f6f3a0dacbeb600c7829c09716c2b9ee3230c6961debcde2?s=96&d=mm&r=g","caption":"rafal"},"url":"https:\/\/www.welovecycling.com\/pl\/author\/rafal\/"}]}},"_links":{"self":[{"href":"https:\/\/www.welovecycling.com\/pl\/wp-json\/wp\/v2\/posts\/13341","targetHints":{"allow":["GET"]}}],"collection":[{"href":"https:\/\/www.welovecycling.com\/pl\/wp-json\/wp\/v2\/posts"}],"about":[{"href":"https:\/\/www.welovecycling.com\/pl\/wp-json\/wp\/v2\/types\/post"}],"author":[{"embeddable":true,"href":"https:\/\/www.welovecycling.com\/pl\/wp-json\/wp\/v2\/users\/153"}],"replies":[{"embeddable":true,"href":"https:\/\/www.welovecycling.com\/pl\/wp-json\/wp\/v2\/comments?post=13341"}],"version-history":[{"count":2,"href":"https:\/\/www.welovecycling.com\/pl\/wp-json\/wp\/v2\/posts\/13341\/revisions"}],"predecessor-version":[{"id":13352,"href":"https:\/\/www.welovecycling.com\/pl\/wp-json\/wp\/v2\/posts\/13341\/revisions\/13352"}],"wp:featuredmedia":[{"embeddable":true,"href":"https:\/\/www.welovecycling.com\/pl\/wp-json\/wp\/v2\/media\/13342"}],"wp:attachment":[{"href":"https:\/\/www.welovecycling.com\/pl\/wp-json\/wp\/v2\/media?parent=13341"}],"wp:term":[{"taxonomy":"category","embeddable":true,"href":"https:\/\/www.welovecycling.com\/pl\/wp-json\/wp\/v2\/categories?post=13341"},{"taxonomy":"post_tag","embeddable":true,"href":"https:\/\/www.welovecycling.com\/pl\/wp-json\/wp\/v2\/tags?post=13341"},{"taxonomy":"global-categories","embeddable":true,"href":"https:\/\/www.welovecycling.com\/pl\/wp-json\/wp\/v2\/global-categories?post=13341"}],"curies":[{"name":"wp","href":"https:\/\/api.w.org\/{rel}","templated":true}]}}