{"id":13321,"date":"2022-11-15T13:58:42","date_gmt":"2022-11-15T13:58:42","guid":{"rendered":"https:\/\/www.welovecycling.com\/pl\/?p=13321"},"modified":"2022-11-15T13:58:42","modified_gmt":"2022-11-15T13:58:42","slug":"zapowiadaja-sie-wielkie-kolarskie-emocje-poprzeczka-idzie-w-gore","status":"publish","type":"post","link":"https:\/\/www.welovecycling.com\/pl\/2022\/11\/15\/zapowiadaja-sie-wielkie-kolarskie-emocje-poprzeczka-idzie-w-gore\/","title":{"rendered":"Zapowiadaj\u0105 si\u0119 wielkie kolarskie emocje! \u201ePoprzeczka idzie w g\u00f3r\u0119\u201d"},"content":{"rendered":"<p><strong>Przez wiele lat mog\u0142y czu\u0107 si\u0119 pomijane, ale w ko\u0144cu nadszed\u0142 ich czas! Ubieg\u0142oroczny Tour de France Femmes pokaza\u0142, \u017ce wy\u015bcigi kobiet potrafi\u0105 by\u0107 bardzo emocjonuj\u0105ce, i podobnie ma by\u0107 w przysz\u0142ym roku.<\/strong><\/p>\n<p>Przez wiele lat do \u017ce\u0144skiego Tour de France podchodzono z rezerw\u0105. Czasem kobiety w og\u00f3le nie startowa\u0142y, innym razem ich rywalizacja rozgrywa\u0142a si\u0119 tylko jednego dnia. Od tego sezonu wiele si\u0119 jednak zmieni\u0142o \u2013 zawodniczki otrzyma\u0142y wy\u015bcig wieloetapowy i zosta\u0142y przyj\u0119te we Francji z nale\u017cytymi honorami, a w zamian odwdzi\u0119czy\u0142y si\u0119 \u015bwietnym \u015bciganiem. Efekt? Tour de France Femmes avec Zwift odb\u0119dzie si\u0119 tak\u017ce w 2023 r. i mo\u017cna zak\u0142ada\u0107, \u017ce na dobre rozgo\u015bci si\u0119 w kolarskim kalendarzu.<\/p>\n<div class=\"embed-controller-wrapper\">\n<blockquote class=\"twitter-tweet\" data-width=\"500\" data-dnt=\"true\">\n<p lang=\"en\" dir=\"ltr\">Looking so much forward to this! \ud83e\udd29\ud83d\udc9b  <a href=\"https:\/\/twitter.com\/LeTourFemmes?ref_src=twsrc%5Etfw\">@LeTourFemmes<\/a> <a href=\"https:\/\/twitter.com\/hashtag\/TDFF2023?src=hash&amp;ref_src=twsrc%5Etfw\">#TDFF2023<\/a> <a href=\"https:\/\/t.co\/tKxrWlFF2E\">pic.twitter.com\/tKxrWlFF2E<\/a><\/p>\n<p>&mdash; Movistar Team (@Movistar_Team) <a href=\"https:\/\/twitter.com\/Movistar_Team\/status\/1585580256353820675?ref_src=twsrc%5Etfw\">October 27, 2022<\/a><\/p><\/blockquote>\n<p><script async data-src=\"https:\/\/platform.twitter.com\/widgets.js\" charset=\"utf-8\"><\/script><\/div>\n<p>\u2013 Bardzo si\u0119 ciesz\u0119, \u017ce Tour de France Femmes otrzyma\u0142 tak wielkie wsparcie i przyku\u0142 tak wielk\u0105 uwag\u0119. To bardzo wa\u017cne, szczeg\u00f3lnie w perspektywie przysz\u0142o\u015bci naszej dyscypliny \u2013 podkre\u015bli\u0142a Katarzyna Niewiadoma (Canyon\/SRAM), kt\u00f3ra w tym roku zaj\u0119\u0142a trzecie miejsce w klasyfikacji generalnej.<\/p>\n<p><strong>Do przejechania prawie 1000 km<\/strong><\/p>\n<p>Kobiet nie mog\u0142o zabrakn\u0105\u0107 tak\u017ce na prezentacji przysz\u0142orocznej Wielkiej P\u0119tli, a Holenderka Annemiek van Vleuten (Movistar), zwyci\u0119\u017cczyni Tour de France Femmes 2022, zosta\u0142a przyj\u0119ta w Palais des Congres w Pary\u017cu tak samo gor\u0105co jak Tadej Pogacar (UAE Team Emirates), drugi zawodnik Wielkiej P\u0119tli (zwyci\u0119zca Jonas Vingegaard z ekipy Jumbo-Visma nie m\u00f3g\u0142 zjawi\u0107 si\u0119 na gali).<\/p>\n<div class=\"embed-controller-wrapper\">\n<blockquote class=\"twitter-tweet\" data-width=\"500\" data-dnt=\"true\">\n<p lang=\"fr\" dir=\"ltr\">\ud83d\udc9b Ready to find out where they&#39;ll be battling for glory next year.<\/p>\n<p>\ud83d\udc9b Pr\u00eats \u00e0 d\u00e9couvrir leur terrain de jeu de 2023 <\/p>\n<p> <a href=\"https:\/\/twitter.com\/hashtag\/TDF2023?src=hash&amp;ref_src=twsrc%5Etfw\">#TDF2023<\/a> | <a href=\"https:\/\/twitter.com\/hashtag\/TDFF2023?src=hash&amp;ref_src=twsrc%5Etfw\">#TDFF2023<\/a> <a href=\"https:\/\/t.co\/JEvL8dpdwU\">pic.twitter.com\/JEvL8dpdwU<\/a><\/p>\n<p>&mdash; Tour de France\u2122 (@LeTour) <a href=\"https:\/\/twitter.com\/LeTour\/status\/1585567110092275712?ref_src=twsrc%5Etfw\">October 27, 2022<\/a><\/p><\/blockquote>\n<p><script async data-src=\"https:\/\/platform.twitter.com\/widgets.js\" charset=\"utf-8\"><\/script><\/div>\n<p>R\u00f3wnie emocjonuj\u0105co by\u0142o tak\u017ce podczas prezentacji przysz\u0142orocznej trasy. Kobiety wystartuj\u0105 23 lipca (tego samego dnia sko\u0144czy si\u0119 Tour de France m\u0119\u017cczyzn) i po o\u015bmiu dniach \u015bcigania (\u0142\u0105cznie 956 km) zamelduj\u0105 si\u0119 na mecie wy\u015bcigu w Pau.<\/p>\n<p>Tour de France Femmes 2023 b\u0119dzie wi\u0119c liczy\u0142 tyle samo etap\u00f3w co tegoroczny, ale dojdzie do jednej istotnej zmiany \u2013 ka\u017cda ekipa b\u0119dzie mog\u0142a wystawi\u0107 nie sze\u015b\u0107, ale siedem zawodniczek.<\/p>\n<div class=\"embed-controller-wrapper\">\n<blockquote class=\"twitter-tweet\" data-width=\"500\" data-dnt=\"true\">\n<p lang=\"fr\" dir=\"ltr\">\ud83d\udd1d From 6 to 7! In 2022, teams were composed of 6 riders. They will be 7 per team in 2023.<\/p>\n<p>\ud83d\udd1d De 6 \u00e0 7 ! En 2022, les \u00e9quipes \u00e9taient compos\u00e9es de 6 coureuses. Elles seront d\u00e9sormais 7 par \u00e9quipe en 2023.<\/p>\n<p> <a href=\"https:\/\/twitter.com\/hashtag\/TDFF2023?src=hash&amp;ref_src=twsrc%5Etfw\">#TDFF2023<\/a> <a href=\"https:\/\/twitter.com\/hashtag\/GoZwift?src=hash&amp;ref_src=twsrc%5Etfw\">#GoZwift<\/a> <a href=\"https:\/\/twitter.com\/hashtag\/WatchTheFemmes?src=hash&amp;ref_src=twsrc%5Etfw\">#WatchTheFemmes<\/a> <a href=\"https:\/\/t.co\/dlYDVkqeFS\">pic.twitter.com\/dlYDVkqeFS<\/a><\/p>\n<p>&mdash; Le Tour de France Femmes avec Zwift (@LeTourFemmes) <a href=\"https:\/\/twitter.com\/LeTourFemmes\/status\/1585576275871137794?ref_src=twsrc%5Etfw\">October 27, 2022<\/a><\/p><\/blockquote>\n<p><script async data-src=\"https:\/\/platform.twitter.com\/widgets.js\" charset=\"utf-8\"><\/script><\/div>\n<p>\u2013 Wszyscy wiedz\u0105, \u017ce w tym wy\u015bcigu jest co\u015b wyj\u0105tkowego, co\u015b magicznego. Wyj\u0105tkowa jest atmosfera, przebieg, organizacja, kibice, a przede wszystkim emocje \u2013 powiedzia\u0142a Niewiadoma.<\/p>\n<p><strong>Na wygran\u0105 mog\u0105 liczy\u0107 tylko najlepsze zawodniczki<\/strong><\/p>\n<p>Wiele wskazuje, \u017ce Tour de France Femmes 2023 w napi\u0119ciu b\u0119dzie trzyma\u0142 do ostatniego dnia. Na pocz\u0105tku etapy p\u0142askie b\u0119d\u0105 przeplatane etapami pag\u00f3rkowatymi (najd\u0142u\u017cszy \u2013 z Cahors do Rodez \u2013 b\u0119dzie liczy\u0142 177 km), ale przedostatniego dnia kobiety zmierz\u0105 si\u0119 na morderczych podjazdach z Lannemezan do Tourmalet. \u201eW tym miejscu tylko najlepsze specjalistki od jazdy po g\u00f3rach mog\u0105 liczy\u0107 na zwyci\u0119stwo\u201d \u2013 poda\u0142a oficjalna strona wy\u015bcigu.<\/p>\n<p>Niewykluczone jednak, \u017ce wszystko rozstrzygnie si\u0119 dopiero ostatniego dnia, gdy zawodniczki b\u0119d\u0105 \u015bciga\u0142y si\u0119 podczas licz\u0105cej 22 km jazdy na czas w Pau.<\/p>\n<p>\u2013 Jedno jest pewne: w przysz\u0142ym roku poprzeczka idzie w g\u00f3r\u0119 \u2013 podkre\u015bli\u0142a Marion Rousse, dyrektorka imprezy.<\/p>\n<div class=\"embed-controller-wrapper\">\n<blockquote class=\"twitter-tweet\" data-width=\"500\" data-dnt=\"true\">\n<p lang=\"en\" dir=\"ltr\">\ud83e\udd29 Here it is, the official route of the <a href=\"https:\/\/twitter.com\/hashtag\/TDF2023?src=hash&amp;ref_src=twsrc%5Etfw\">#TDF2023<\/a>!<\/p>\n<p>\ud83e\udd29 Voici le parcours officiel du <a href=\"https:\/\/twitter.com\/hashtag\/TDF2023?src=hash&amp;ref_src=twsrc%5Etfw\">#TDF2023<\/a> ! <a href=\"https:\/\/t.co\/QPwvs91Ar6\">pic.twitter.com\/QPwvs91Ar6<\/a><\/p>\n<p>&mdash; Tour de France\u2122 (@LeTour) <a href=\"https:\/\/twitter.com\/LeTour\/status\/1585581067444146176?ref_src=twsrc%5Etfw\">October 27, 2022<\/a><\/p><\/blockquote>\n<p><script async data-src=\"https:\/\/platform.twitter.com\/widgets.js\" charset=\"utf-8\"><\/script><\/div>\n<p><span data-sheets-value=\"{&quot;1&quot;:2,&quot;2&quot;:&quot;Artyku\u0142 powsta\u0142 we wsp\u00f3\u0142pracy ze skoda-auto.pl&quot;}\" data-sheets-userformat=\"{&quot;2&quot;:1,&quot;3&quot;:{&quot;1&quot;:0}}\" data-sheets-hyperlink=\"http:\/\/www.skoda-auto.pl\/\"><a class=\"in-cell-link\" href=\"http:\/\/www.skoda-auto.pl\/\" target=\"_blank\" rel=\"noopener noreferrer\">Artyku\u0142 powsta\u0142 we wsp\u00f3\u0142pracy ze skoda-auto.pl<\/a><\/span><\/p>\n<p><a href=\"https:\/\/www.skoda-auto.pl\/modele\/superb\"><img loading=\"lazy\" decoding=\"async\" class=\"alignnone size-full wp-image-11628 aligncenter\" src=\"https:\/\/d2p6e6u75xmxt8.cloudfront.net\/5\/2021\/12\/640x350-2-1.jpg\" alt=\"\" width=\"640\" height=\"350\" srcset=\"https:\/\/d2p6e6u75xmxt8.cloudfront.net\/5\/2021\/12\/640x350-2-1.jpg 640w, https:\/\/d2p6e6u75xmxt8.cloudfront.net\/5\/2021\/12\/640x350-2-1-300x164.jpg 300w\" sizes=\"auto, (max-width: 640px) 100vw, 640px\" \/><\/a><\/p>\n<p>&nbsp;<\/p>\n","protected":false},"excerpt":{"rendered":"<p>Przez wiele lat mog\u0142y czu\u0107 si\u0119 pomijane, ale w ko\u0144cu nadszed\u0142 ich czas! Ubieg\u0142oroczny Tour de France Femmes pokaza\u0142, \u017ce [&hellip;]<\/p>\n","protected":false},"author":153,"featured_media":13322,"comment_status":"open","ping_status":"open","sticky":false,"template":"","format":"standard","meta":{"footnotes":""},"categories":[6],"tags":[362],"global-categories":[303],"class_list":["post-13321","post","type-post","status-publish","format-standard","has-post-thumbnail","hentry","category-kolarstwo-szosowe","tag-piotr-nowik","global-categories-cycling"],"yoast_head":"<!-- This site is optimized with the Yoast SEO Premium plugin v25.3 (Yoast SEO v25.9) - https:\/\/yoast.com\/wordpress\/plugins\/seo\/ -->\n<title>Zapowiadaj\u0105 si\u0119 wielkie kolarskie emocje! \u201ePoprzeczka idzie w g\u00f3r\u0119\u201d - \u0160koda We Love Cycling - Poland<\/title>\n<meta name=\"robots\" content=\"index, follow, max-snippet:-1, max-image-preview:large, max-video-preview:-1\" \/>\n<link rel=\"canonical\" href=\"https:\/\/www.welovecycling.com\/pl\/2022\/11\/15\/zapowiadaja-sie-wielkie-kolarskie-emocje-poprzeczka-idzie-w-gore\/\" \/>\n<meta property=\"og:locale\" content=\"pl_PL\" \/>\n<meta property=\"og:type\" content=\"article\" \/>\n<meta property=\"og:title\" content=\"Zapowiadaj\u0105 si\u0119 wielkie kolarskie emocje! \u201ePoprzeczka idzie w g\u00f3r\u0119\u201d\" \/>\n<meta property=\"og:description\" content=\"Przez wiele lat mog\u0142y czu\u0107 si\u0119 pomijane, ale w ko\u0144cu nadszed\u0142 ich czas! Ubieg\u0142oroczny Tour de France Femmes pokaza\u0142, \u017ce [&hellip;]\" \/>\n<meta property=\"og:url\" content=\"https:\/\/www.welovecycling.com\/pl\/2022\/11\/15\/zapowiadaja-sie-wielkie-kolarskie-emocje-poprzeczka-idzie-w-gore\/\" \/>\n<meta property=\"og:site_name\" content=\"\u0160koda We Love Cycling - Poland\" \/>\n<meta property=\"article:published_time\" content=\"2022-11-15T13:58:42+00:00\" \/>\n<meta property=\"og:image\" content=\"https:\/\/d2p6e6u75xmxt8.cloudfront.net\/5\/2022\/11\/Kasia-Niewiadoma-profimedia-0447866964-CVR.webp\" \/>\n\t<meta property=\"og:image:width\" content=\"990\" \/>\n\t<meta property=\"og:image:height\" content=\"660\" \/>\n\t<meta property=\"og:image:type\" content=\"image\/webp\" \/>\n<meta name=\"author\" content=\"rafal\" \/>\n<meta name=\"twitter:card\" content=\"summary_large_image\" \/>\n<meta name=\"twitter:label1\" content=\"Written by\" \/>\n\t<meta name=\"twitter:data1\" content=\"Piotr Nowik\" \/>\n\t<meta name=\"twitter:label2\" content=\"Est. reading time\" \/>\n\t<meta name=\"twitter:data2\" content=\"3\" \/>\n<script type=\"application\/ld+json\" class=\"yoast-schema-graph\">{\"@context\":\"https:\/\/schema.org\",\"@graph\":[{\"@type\":\"WebPage\",\"@id\":\"https:\/\/www.welovecycling.com\/pl\/2022\/11\/15\/zapowiadaja-sie-wielkie-kolarskie-emocje-poprzeczka-idzie-w-gore\/\",\"url\":\"https:\/\/www.welovecycling.com\/pl\/2022\/11\/15\/zapowiadaja-sie-wielkie-kolarskie-emocje-poprzeczka-idzie-w-gore\/\",\"name\":\"Zapowiadaj\u0105 si\u0119 wielkie kolarskie emocje! \u201ePoprzeczka idzie w g\u00f3r\u0119\u201d - \u0160koda We Love Cycling - Poland\",\"isPartOf\":{\"@id\":\"https:\/\/www.welovecycling.com\/pl\/#website\"},\"primaryImageOfPage\":{\"@id\":\"https:\/\/www.welovecycling.com\/pl\/2022\/11\/15\/zapowiadaja-sie-wielkie-kolarskie-emocje-poprzeczka-idzie-w-gore\/#primaryimage\"},\"image\":{\"@id\":\"https:\/\/www.welovecycling.com\/pl\/2022\/11\/15\/zapowiadaja-sie-wielkie-kolarskie-emocje-poprzeczka-idzie-w-gore\/#primaryimage\"},\"thumbnailUrl\":\"https:\/\/d2p6e6u75xmxt8.cloudfront.net\/5\/2022\/11\/Kasia-Niewiadoma-profimedia-0447866964-CVR.webp\",\"datePublished\":\"2022-11-15T13:58:42+00:00\",\"author\":{\"@id\":\"https:\/\/www.welovecycling.com\/pl\/#\/schema\/person\/bf06ed916a1ef16618807fb60d2ebe42\"},\"breadcrumb\":{\"@id\":\"https:\/\/www.welovecycling.com\/pl\/2022\/11\/15\/zapowiadaja-sie-wielkie-kolarskie-emocje-poprzeczka-idzie-w-gore\/#breadcrumb\"},\"inLanguage\":\"pl-PL\",\"potentialAction\":[{\"@type\":\"ReadAction\",\"target\":[\"https:\/\/www.welovecycling.com\/pl\/2022\/11\/15\/zapowiadaja-sie-wielkie-kolarskie-emocje-poprzeczka-idzie-w-gore\/\"]}]},{\"@type\":\"ImageObject\",\"inLanguage\":\"pl-PL\",\"@id\":\"https:\/\/www.welovecycling.com\/pl\/2022\/11\/15\/zapowiadaja-sie-wielkie-kolarskie-emocje-poprzeczka-idzie-w-gore\/#primaryimage\",\"url\":\"https:\/\/d2p6e6u75xmxt8.cloudfront.net\/5\/2022\/11\/Kasia-Niewiadoma-profimedia-0447866964-CVR.webp\",\"contentUrl\":\"https:\/\/d2p6e6u75xmxt8.cloudfront.net\/5\/2022\/11\/Kasia-Niewiadoma-profimedia-0447866964-CVR.webp\",\"width\":990,\"height\":660},{\"@type\":\"BreadcrumbList\",\"@id\":\"https:\/\/www.welovecycling.com\/pl\/2022\/11\/15\/zapowiadaja-sie-wielkie-kolarskie-emocje-poprzeczka-idzie-w-gore\/#breadcrumb\",\"itemListElement\":[{\"@type\":\"ListItem\",\"position\":1,\"name\":\"Home\",\"item\":\"https:\/\/www.welovecycling.com\/pl\/\"},{\"@type\":\"ListItem\",\"position\":2,\"name\":\"Zapowiadaj\u0105 si\u0119 wielkie kolarskie emocje! \u201ePoprzeczka idzie w g\u00f3r\u0119\u201d\"}]},{\"@type\":\"WebSite\",\"@id\":\"https:\/\/www.welovecycling.com\/pl\/#website\",\"url\":\"https:\/\/www.welovecycling.com\/pl\/\",\"name\":\"\u0160koda We Love Cycling - Poland\",\"description\":\"\",\"potentialAction\":[{\"@type\":\"SearchAction\",\"target\":{\"@type\":\"EntryPoint\",\"urlTemplate\":\"https:\/\/www.welovecycling.com\/pl\/?s={search_term_string}\"},\"query-input\":{\"@type\":\"PropertyValueSpecification\",\"valueRequired\":true,\"valueName\":\"search_term_string\"}}],\"inLanguage\":\"pl-PL\"},{\"@type\":\"Person\",\"@id\":\"https:\/\/www.welovecycling.com\/pl\/#\/schema\/person\/bf06ed916a1ef16618807fb60d2ebe42\",\"name\":\"rafal\",\"image\":{\"@type\":\"ImageObject\",\"inLanguage\":\"pl-PL\",\"@id\":\"https:\/\/www.welovecycling.com\/pl\/#\/schema\/person\/image\/\",\"url\":\"https:\/\/secure.gravatar.com\/avatar\/203f240e63bee214f6f3a0dacbeb600c7829c09716c2b9ee3230c6961debcde2?s=96&d=mm&r=g\",\"contentUrl\":\"https:\/\/secure.gravatar.com\/avatar\/203f240e63bee214f6f3a0dacbeb600c7829c09716c2b9ee3230c6961debcde2?s=96&d=mm&r=g\",\"caption\":\"rafal\"},\"url\":\"https:\/\/www.welovecycling.com\/pl\/author\/rafal\/\"}]}<\/script>\n<!-- \/ Yoast SEO Premium plugin. -->","yoast_head_json":{"title":"Zapowiadaj\u0105 si\u0119 wielkie kolarskie emocje! \u201ePoprzeczka idzie w g\u00f3r\u0119\u201d - \u0160koda We Love Cycling - Poland","robots":{"index":"index","follow":"follow","max-snippet":"max-snippet:-1","max-image-preview":"max-image-preview:large","max-video-preview":"max-video-preview:-1"},"canonical":"https:\/\/www.welovecycling.com\/pl\/2022\/11\/15\/zapowiadaja-sie-wielkie-kolarskie-emocje-poprzeczka-idzie-w-gore\/","og_locale":"pl_PL","og_type":"article","og_title":"Zapowiadaj\u0105 si\u0119 wielkie kolarskie emocje! \u201ePoprzeczka idzie w g\u00f3r\u0119\u201d","og_description":"Przez wiele lat mog\u0142y czu\u0107 si\u0119 pomijane, ale w ko\u0144cu nadszed\u0142 ich czas! Ubieg\u0142oroczny Tour de France Femmes pokaza\u0142, \u017ce [&hellip;]","og_url":"https:\/\/www.welovecycling.com\/pl\/2022\/11\/15\/zapowiadaja-sie-wielkie-kolarskie-emocje-poprzeczka-idzie-w-gore\/","og_site_name":"\u0160koda We Love Cycling - Poland","article_published_time":"2022-11-15T13:58:42+00:00","og_image":[{"width":990,"height":660,"url":"https:\/\/d2p6e6u75xmxt8.cloudfront.net\/5\/2022\/11\/Kasia-Niewiadoma-profimedia-0447866964-CVR.webp","type":"image\/webp"}],"author":"rafal","twitter_card":"summary_large_image","twitter_misc":{"Written by":"Piotr Nowik","Est. reading time":"3"},"schema":{"@context":"https:\/\/schema.org","@graph":[{"@type":"WebPage","@id":"https:\/\/www.welovecycling.com\/pl\/2022\/11\/15\/zapowiadaja-sie-wielkie-kolarskie-emocje-poprzeczka-idzie-w-gore\/","url":"https:\/\/www.welovecycling.com\/pl\/2022\/11\/15\/zapowiadaja-sie-wielkie-kolarskie-emocje-poprzeczka-idzie-w-gore\/","name":"Zapowiadaj\u0105 si\u0119 wielkie kolarskie emocje! \u201ePoprzeczka idzie w g\u00f3r\u0119\u201d - \u0160koda We Love Cycling - Poland","isPartOf":{"@id":"https:\/\/www.welovecycling.com\/pl\/#website"},"primaryImageOfPage":{"@id":"https:\/\/www.welovecycling.com\/pl\/2022\/11\/15\/zapowiadaja-sie-wielkie-kolarskie-emocje-poprzeczka-idzie-w-gore\/#primaryimage"},"image":{"@id":"https:\/\/www.welovecycling.com\/pl\/2022\/11\/15\/zapowiadaja-sie-wielkie-kolarskie-emocje-poprzeczka-idzie-w-gore\/#primaryimage"},"thumbnailUrl":"https:\/\/d2p6e6u75xmxt8.cloudfront.net\/5\/2022\/11\/Kasia-Niewiadoma-profimedia-0447866964-CVR.webp","datePublished":"2022-11-15T13:58:42+00:00","author":{"@id":"https:\/\/www.welovecycling.com\/pl\/#\/schema\/person\/bf06ed916a1ef16618807fb60d2ebe42"},"breadcrumb":{"@id":"https:\/\/www.welovecycling.com\/pl\/2022\/11\/15\/zapowiadaja-sie-wielkie-kolarskie-emocje-poprzeczka-idzie-w-gore\/#breadcrumb"},"inLanguage":"pl-PL","potentialAction":[{"@type":"ReadAction","target":["https:\/\/www.welovecycling.com\/pl\/2022\/11\/15\/zapowiadaja-sie-wielkie-kolarskie-emocje-poprzeczka-idzie-w-gore\/"]}]},{"@type":"ImageObject","inLanguage":"pl-PL","@id":"https:\/\/www.welovecycling.com\/pl\/2022\/11\/15\/zapowiadaja-sie-wielkie-kolarskie-emocje-poprzeczka-idzie-w-gore\/#primaryimage","url":"https:\/\/d2p6e6u75xmxt8.cloudfront.net\/5\/2022\/11\/Kasia-Niewiadoma-profimedia-0447866964-CVR.webp","contentUrl":"https:\/\/d2p6e6u75xmxt8.cloudfront.net\/5\/2022\/11\/Kasia-Niewiadoma-profimedia-0447866964-CVR.webp","width":990,"height":660},{"@type":"BreadcrumbList","@id":"https:\/\/www.welovecycling.com\/pl\/2022\/11\/15\/zapowiadaja-sie-wielkie-kolarskie-emocje-poprzeczka-idzie-w-gore\/#breadcrumb","itemListElement":[{"@type":"ListItem","position":1,"name":"Home","item":"https:\/\/www.welovecycling.com\/pl\/"},{"@type":"ListItem","position":2,"name":"Zapowiadaj\u0105 si\u0119 wielkie kolarskie emocje! \u201ePoprzeczka idzie w g\u00f3r\u0119\u201d"}]},{"@type":"WebSite","@id":"https:\/\/www.welovecycling.com\/pl\/#website","url":"https:\/\/www.welovecycling.com\/pl\/","name":"\u0160koda We Love Cycling - Poland","description":"","potentialAction":[{"@type":"SearchAction","target":{"@type":"EntryPoint","urlTemplate":"https:\/\/www.welovecycling.com\/pl\/?s={search_term_string}"},"query-input":{"@type":"PropertyValueSpecification","valueRequired":true,"valueName":"search_term_string"}}],"inLanguage":"pl-PL"},{"@type":"Person","@id":"https:\/\/www.welovecycling.com\/pl\/#\/schema\/person\/bf06ed916a1ef16618807fb60d2ebe42","name":"rafal","image":{"@type":"ImageObject","inLanguage":"pl-PL","@id":"https:\/\/www.welovecycling.com\/pl\/#\/schema\/person\/image\/","url":"https:\/\/secure.gravatar.com\/avatar\/203f240e63bee214f6f3a0dacbeb600c7829c09716c2b9ee3230c6961debcde2?s=96&d=mm&r=g","contentUrl":"https:\/\/secure.gravatar.com\/avatar\/203f240e63bee214f6f3a0dacbeb600c7829c09716c2b9ee3230c6961debcde2?s=96&d=mm&r=g","caption":"rafal"},"url":"https:\/\/www.welovecycling.com\/pl\/author\/rafal\/"}]}},"_links":{"self":[{"href":"https:\/\/www.welovecycling.com\/pl\/wp-json\/wp\/v2\/posts\/13321","targetHints":{"allow":["GET"]}}],"collection":[{"href":"https:\/\/www.welovecycling.com\/pl\/wp-json\/wp\/v2\/posts"}],"about":[{"href":"https:\/\/www.welovecycling.com\/pl\/wp-json\/wp\/v2\/types\/post"}],"author":[{"embeddable":true,"href":"https:\/\/www.welovecycling.com\/pl\/wp-json\/wp\/v2\/users\/153"}],"replies":[{"embeddable":true,"href":"https:\/\/www.welovecycling.com\/pl\/wp-json\/wp\/v2\/comments?post=13321"}],"version-history":[{"count":2,"href":"https:\/\/www.welovecycling.com\/pl\/wp-json\/wp\/v2\/posts\/13321\/revisions"}],"predecessor-version":[{"id":13327,"href":"https:\/\/www.welovecycling.com\/pl\/wp-json\/wp\/v2\/posts\/13321\/revisions\/13327"}],"wp:featuredmedia":[{"embeddable":true,"href":"https:\/\/www.welovecycling.com\/pl\/wp-json\/wp\/v2\/media\/13322"}],"wp:attachment":[{"href":"https:\/\/www.welovecycling.com\/pl\/wp-json\/wp\/v2\/media?parent=13321"}],"wp:term":[{"taxonomy":"category","embeddable":true,"href":"https:\/\/www.welovecycling.com\/pl\/wp-json\/wp\/v2\/categories?post=13321"},{"taxonomy":"post_tag","embeddable":true,"href":"https:\/\/www.welovecycling.com\/pl\/wp-json\/wp\/v2\/tags?post=13321"},{"taxonomy":"global-categories","embeddable":true,"href":"https:\/\/www.welovecycling.com\/pl\/wp-json\/wp\/v2\/global-categories?post=13321"}],"curies":[{"name":"wp","href":"https:\/\/api.w.org\/{rel}","templated":true}]}}