{"id":13300,"date":"2022-11-07T09:28:25","date_gmt":"2022-11-07T09:28:25","guid":{"rendered":"https:\/\/www.welovecycling.com\/pl\/?p=13300"},"modified":"2022-11-07T09:39:46","modified_gmt":"2022-11-07T09:39:46","slug":"szybciej-wyzej-dalej-tak-sie-bije-niesamowite-rowerowe-rekordy","status":"publish","type":"post","link":"https:\/\/www.welovecycling.com\/pl\/2022\/11\/07\/szybciej-wyzej-dalej-tak-sie-bije-niesamowite-rowerowe-rekordy\/","title":{"rendered":"Szybciej, wy\u017cej, dalej\u2026 Tak si\u0119 bije niesamowite rowerowe rekordy!"},"content":{"rendered":"<p><strong>Gdy najlepsi kolarze \u015bwiata chwilowo usuwaj\u0105 si\u0119 na drugi plan, na rowerowej scenie zaczynaj\u0105 pojawia\u0107 si\u0119 \u015bmia\u0142kowie od bicia rekord\u00f3w. Jeden z nich \u2013 Filippo Ganna \u2013 niedawno ustanowi\u0142 rekord \u015bwiata w je\u017adzie godzinnej.<\/strong><\/p>\n<p>Kolarski sezon mo\u017cna praktycznie uzna\u0107 za zako\u0144czony. Za nami ju\u017c wszystkie najwi\u0119ksze toury i wszystkie wy\u015bcigi z cyklu UCI World Tour, wi\u0119c zawodnicy powoli zaczynaj\u0105 my\u015ble\u0107 o roztrenowaniu i urlopach. Nie oznacza to jednak, \u017ce w kolarskim \u015bwiecie nie dzieje si\u0119 nic ciekawego.<\/p>\n<h2><strong>Rower jak motor lub choinka<\/strong><\/h2>\n<p>\u015amia\u0142kowie bij\u0105cy rowerowe rekordy cz\u0119sto nawet nie s\u0105 zawodowymi kolarzami. Zdarzaj\u0105 si\u0119 w\u015br\u00f3d nich konstruktorzy czy nawet kaskaderzy, jak np. Elias Schw\u00e4rzler, kt\u00f3ry kilka miesi\u0119cy temu pobi\u0142 rekord \u015bwiata w pr\u0119dko\u015bci jazdy na rowerze. Austriak rozp\u0119dzi\u0142 maszyn\u0119 do 272 km\/h, ale pod nazw\u0105 \u201emaszyna\u201d kryje si\u0119 co\u015b wi\u0119cej ni\u017c rower, poniewa\u017c jego jedno\u015blad ci\u0105gni\u0119ty by\u0142 przez motocykl. A wygl\u0105da\u0142o to tak:<\/p>\n<div class=\"embed-controller-wrapper\">\n<div class=\"embed-wrapper\"><iframe title=\"272km\/h (169mph) on a Bicycle - New Guinness World Record \ud83d\ude80 \/\/ Elias Schw\u00e4rzler\" width=\"500\" height=\"281\" data-src=\"https:\/\/www.youtube.com\/embed\/jNtpEDnOn48?feature=oembed\" frameborder=\"0\" allow=\"accelerometer; autoplay; clipboard-write; encrypted-media; gyroscope; picture-in-picture; web-share\" referrerpolicy=\"strict-origin-when-cross-origin\" allowfullscreen><\/iframe><\/div>\n<\/div>\n<p>Wielu fan\u00f3w kolarstwa wyczyn Schw\u00e4rzlera traktuje z przymru\u017ceniem oka, bo z si\u0142\u0105 n\u00f3g ma on niewiele wsp\u00f3lnego. Niewiele wsp\u00f3lnego z zawodowym kolarstwem ma te\u017c rower skonstruowany przez Adama Zdanowicza, cho\u0107 Polakowi pomys\u0142owo\u015bci nie mo\u017cna odm\u00f3wi\u0107.<\/p>\n<p>Absolwent i Honorowy Ambasador Politechniki Bia\u0142ostockiej pobi\u0142 bowiem rekord Guinnessa w kategorii \u201eNajwy\u017cszy je\u017cd\u017c\u0105cy rower na \u015bwiecie\u201d.<\/p>\n<p>\u2013 Na rowerze w kszta\u0142cie kolorowej, pod\u015bwietlanej choinki o wysoko\u015bci 7 metr\u00f3w przejecha\u0142 ponad 100 metr\u00f3w \u2013 mo\u017cna przeczyta\u0107 na stronie uczelni.<\/p>\n<p>Rower powsta\u0142 w ramach projektu \u201e\u015amie\u0107 dla jednego, skarb dla drugiego\u201d, a bicie rekordu mia\u0142o r\u00f3wnie\u017c cel charytatywny.<\/p>\n<lite-youtube videoid=3q9jVVhyRdQ params=\"enablejsapi=1\" style=\"background-image: url('https:\/\/i.ytimg.com\/vi_webp\/3q9jVVhyRdQ\/maxresdefault.webp');\"><\/lite-youtube>\n<p><strong>Zawodowy kolarz z presti\u017cowym rekordem<\/strong><\/p>\n<p>Rekord, kt\u00f3ry jest najbli\u017cszy fanom zawodowego kolarstwa, zosta\u0142 z kolei pobity przez w\u0142oskiego zawodnika Filippa Gann\u0119. Niespe\u0142na miesi\u0105c temu kolarz grupy Ineos Grenadiers zmierzy\u0142 si\u0119 z rekordem w je\u017adzie godzinnej. Na miejsce rywalizacji wybra\u0142 tor w Grenchen, a zasady by\u0142y proste \u2013 W\u0142och przez godzin\u0119 peda\u0142owa\u0142 ile si\u0142 w nogach, a celem by\u0142o pobicie osi\u0105gni\u0119cia Brytyjczyka Daniela Bighama, kt\u00f3ry w poprzednim roku na tym samym obiekcie w godzin\u0119 przejecha\u0142 55,548 km.<\/p>\n<p>Pr\u00f3ba Ganny zako\u0144czy\u0142a si\u0119 sukcesem, bo w 60 minut pokona\u0142 56,792 km, czyli pobi\u0142 rekord o ponad kilometr.<\/p>\n<div class=\"embed-controller-wrapper\">\n<blockquote class=\"twitter-tweet\" data-width=\"500\" data-dnt=\"true\">\n<p lang=\"pl\" dir=\"ltr\">ZROBI\u0141 TO \ud83d\udd25 \ud83d\udd25<\/p>\n<p>Superpippo <a href=\"https:\/\/twitter.com\/GannaFilippo?ref_src=twsrc%5Etfw\">@GannaFilippo<\/a> pofrun\u0105\u0142 w godzin\u0119 po rekordowe 56 kilometr\u00f3w i 792 metry \ud83e\uddb8\u200d\u2642\ufe0f<a href=\"https:\/\/twitter.com\/hashtag\/GannaTime?src=hash&amp;ref_src=twsrc%5Etfw\">#GannaTime<\/a> <a href=\"https:\/\/twitter.com\/hashtag\/HomeOfCycling?src=hash&amp;ref_src=twsrc%5Etfw\">#HomeOfCycling<\/a> <a href=\"https:\/\/t.co\/tWFOplONJ3\">pic.twitter.com\/tWFOplONJ3<\/a><\/p>\n<p>&mdash; Eurosport Polska (@Eurosport_PL) <a href=\"https:\/\/twitter.com\/Eurosport_PL\/status\/1578828072173780992?ref_src=twsrc%5Etfw\">October 8, 2022<\/a><\/p><\/blockquote>\n<p><script async data-src=\"https:\/\/platform.twitter.com\/widgets.js\" charset=\"utf-8\"><\/script><\/div>\n<p>Nale\u017cy jednak pami\u0119ta\u0107, \u017ce bicie rekordu przez Gann\u0119 to nie by\u0142a kolarska zachcianka poprzedzona zwyk\u0142ym okresem przygotowawczym, ale wieloletni proces przystosowywania organizmu do nadludzkich wysi\u0142k\u00f3w. 26-letni zawodnik to bowiem dwukrotny mistrz \u015bwiata w je\u017adzie indywidualnej na czas (2020, 2021), czterokrotny z\u0142oty medalista M\u015a w torowym wy\u015bcigu na 4 km na dochodzenie oraz mistrz olimpijski z Tokio w torowym wy\u015bcigu dru\u017cynowym. W\u0142och jest zreszt\u0105 tak szybki, \u017ce od rywali z peletonu otrzyma\u0142 przydomek \u201eTop Ganna\u201d.<\/p>\n<p>\u2013 Dzi\u0119kuj\u0119 wszystkim za wspania\u0142e wsparcie. Pobicie tego rekordu to co\u015b niesamowitego \u2013 przyzna\u0142 Ganna, gdy m\u00f3g\u0142 si\u0119 ju\u017c poszczyci\u0107 tytu\u0142em rekordzisty w je\u017adzie godzinnej.<\/p>\n<p><span data-sheets-value=\"{&quot;1&quot;:2,&quot;2&quot;:&quot;Artyku\u0142 powsta\u0142 we wsp\u00f3\u0142pracy ze skoda-auto.pl&quot;}\" data-sheets-userformat=\"{&quot;2&quot;:1,&quot;3&quot;:{&quot;1&quot;:0}}\" data-sheets-hyperlink=\"http:\/\/www.skoda-auto.pl\/\"><a class=\"in-cell-link\" href=\"http:\/\/www.skoda-auto.pl\/\" target=\"_blank\" rel=\"noopener noreferrer\">Artyku\u0142 powsta\u0142 we wsp\u00f3\u0142pracy ze skoda-auto.pl<\/a><\/span><\/p>\n<p><a href=\"https:\/\/sklep.skoda.pl\/pl\/sklep\/b\/331\/rowery-i-akcesoria-rowery.html\"><img loading=\"lazy\" decoding=\"async\" class=\"aligncenter wp-image-9608 size-full loading\" src=\"https:\/\/d2p6e6u75xmxt8.cloudfront.net\/5\/2019\/08\/baner_WLC_640x350_3.png\" sizes=\"auto, (max-width: 640px) 100vw, 640px\" srcset=\"https:\/\/d2p6e6u75xmxt8.cloudfront.net\/5\/2019\/08\/baner_WLC_640x350_3.png 640w, https:\/\/d2p6e6u75xmxt8.cloudfront.net\/5\/2019\/08\/baner_WLC_640x350_3-300x164.png 300w\" alt=\"\" width=\"640\" height=\"350\" data-was-processed=\"true\" \/><\/a><\/p>\n","protected":false},"excerpt":{"rendered":"<p>Gdy najlepsi kolarze \u015bwiata chwilowo usuwaj\u0105 si\u0119 na drugi plan, na rowerowej scenie zaczynaj\u0105 pojawia\u0107 si\u0119 \u015bmia\u0142kowie od bicia rekord\u00f3w. [&hellip;]<\/p>\n","protected":false},"author":153,"featured_media":13301,"comment_status":"open","ping_status":"open","sticky":false,"template":"","format":"standard","meta":{"footnotes":""},"categories":[6,1],"tags":[362],"global-categories":[303],"class_list":["post-13300","post","type-post","status-publish","format-standard","has-post-thumbnail","hentry","category-kolarstwo-szosowe","category-uncategorized","tag-piotr-nowik","global-categories-cycling"],"yoast_head":"<!-- This site is optimized with the Yoast SEO Premium plugin v25.3 (Yoast SEO v25.9) - https:\/\/yoast.com\/wordpress\/plugins\/seo\/ -->\n<title>Szybciej, wy\u017cej, dalej\u2026 Tak si\u0119 bije niesamowite rowerowe rekordy! - \u0160koda We Love Cycling - Poland<\/title>\n<meta name=\"robots\" content=\"index, follow, max-snippet:-1, max-image-preview:large, max-video-preview:-1\" \/>\n<link rel=\"canonical\" href=\"https:\/\/www.welovecycling.com\/pl\/2022\/11\/07\/szybciej-wyzej-dalej-tak-sie-bije-niesamowite-rowerowe-rekordy\/\" \/>\n<meta property=\"og:locale\" content=\"pl_PL\" \/>\n<meta property=\"og:type\" content=\"article\" \/>\n<meta property=\"og:title\" content=\"Szybciej, wy\u017cej, dalej\u2026 Tak si\u0119 bije niesamowite rowerowe rekordy!\" \/>\n<meta property=\"og:description\" content=\"Gdy najlepsi kolarze \u015bwiata chwilowo usuwaj\u0105 si\u0119 na drugi plan, na rowerowej scenie zaczynaj\u0105 pojawia\u0107 si\u0119 \u015bmia\u0142kowie od bicia rekord\u00f3w. [&hellip;]\" \/>\n<meta property=\"og:url\" content=\"https:\/\/www.welovecycling.com\/pl\/2022\/11\/07\/szybciej-wyzej-dalej-tak-sie-bije-niesamowite-rowerowe-rekordy\/\" \/>\n<meta property=\"og:site_name\" content=\"\u0160koda We Love Cycling - Poland\" \/>\n<meta property=\"article:published_time\" content=\"2022-11-07T09:28:25+00:00\" \/>\n<meta property=\"article:modified_time\" content=\"2022-11-07T09:39:46+00:00\" \/>\n<meta property=\"og:image\" content=\"https:\/\/d2p6e6u75xmxt8.cloudfront.net\/5\/2022\/11\/Filippo-Ganna-CVR-profimedia-0632877043-1.webp\" \/>\n\t<meta property=\"og:image:width\" content=\"1366\" \/>\n\t<meta property=\"og:image:height\" content=\"600\" \/>\n\t<meta property=\"og:image:type\" content=\"image\/webp\" \/>\n<meta name=\"author\" content=\"rafal\" \/>\n<meta name=\"twitter:card\" content=\"summary_large_image\" \/>\n<meta name=\"twitter:label1\" content=\"Written by\" \/>\n\t<meta name=\"twitter:data1\" content=\"Piotr Nowik\" \/>\n\t<meta name=\"twitter:label2\" content=\"Est. reading time\" \/>\n\t<meta name=\"twitter:data2\" content=\"3\" \/>\n<script type=\"application\/ld+json\" class=\"yoast-schema-graph\">{\"@context\":\"https:\/\/schema.org\",\"@graph\":[{\"@type\":\"WebPage\",\"@id\":\"https:\/\/www.welovecycling.com\/pl\/2022\/11\/07\/szybciej-wyzej-dalej-tak-sie-bije-niesamowite-rowerowe-rekordy\/\",\"url\":\"https:\/\/www.welovecycling.com\/pl\/2022\/11\/07\/szybciej-wyzej-dalej-tak-sie-bije-niesamowite-rowerowe-rekordy\/\",\"name\":\"Szybciej, wy\u017cej, dalej\u2026 Tak si\u0119 bije niesamowite rowerowe rekordy! - \u0160koda We Love Cycling - Poland\",\"isPartOf\":{\"@id\":\"https:\/\/www.welovecycling.com\/pl\/#website\"},\"primaryImageOfPage\":{\"@id\":\"https:\/\/www.welovecycling.com\/pl\/2022\/11\/07\/szybciej-wyzej-dalej-tak-sie-bije-niesamowite-rowerowe-rekordy\/#primaryimage\"},\"image\":{\"@id\":\"https:\/\/www.welovecycling.com\/pl\/2022\/11\/07\/szybciej-wyzej-dalej-tak-sie-bije-niesamowite-rowerowe-rekordy\/#primaryimage\"},\"thumbnailUrl\":\"https:\/\/d2p6e6u75xmxt8.cloudfront.net\/5\/2022\/11\/Filippo-Ganna-CVR-profimedia-0632877043-1.webp\",\"datePublished\":\"2022-11-07T09:28:25+00:00\",\"dateModified\":\"2022-11-07T09:39:46+00:00\",\"author\":{\"@id\":\"https:\/\/www.welovecycling.com\/pl\/#\/schema\/person\/bf06ed916a1ef16618807fb60d2ebe42\"},\"breadcrumb\":{\"@id\":\"https:\/\/www.welovecycling.com\/pl\/2022\/11\/07\/szybciej-wyzej-dalej-tak-sie-bije-niesamowite-rowerowe-rekordy\/#breadcrumb\"},\"inLanguage\":\"pl-PL\",\"potentialAction\":[{\"@type\":\"ReadAction\",\"target\":[\"https:\/\/www.welovecycling.com\/pl\/2022\/11\/07\/szybciej-wyzej-dalej-tak-sie-bije-niesamowite-rowerowe-rekordy\/\"]}]},{\"@type\":\"ImageObject\",\"inLanguage\":\"pl-PL\",\"@id\":\"https:\/\/www.welovecycling.com\/pl\/2022\/11\/07\/szybciej-wyzej-dalej-tak-sie-bije-niesamowite-rowerowe-rekordy\/#primaryimage\",\"url\":\"https:\/\/d2p6e6u75xmxt8.cloudfront.net\/5\/2022\/11\/Filippo-Ganna-CVR-profimedia-0632877043-1.webp\",\"contentUrl\":\"https:\/\/d2p6e6u75xmxt8.cloudfront.net\/5\/2022\/11\/Filippo-Ganna-CVR-profimedia-0632877043-1.webp\",\"width\":1366,\"height\":600},{\"@type\":\"BreadcrumbList\",\"@id\":\"https:\/\/www.welovecycling.com\/pl\/2022\/11\/07\/szybciej-wyzej-dalej-tak-sie-bije-niesamowite-rowerowe-rekordy\/#breadcrumb\",\"itemListElement\":[{\"@type\":\"ListItem\",\"position\":1,\"name\":\"Home\",\"item\":\"https:\/\/www.welovecycling.com\/pl\/\"},{\"@type\":\"ListItem\",\"position\":2,\"name\":\"Szybciej, wy\u017cej, dalej\u2026 Tak si\u0119 bije niesamowite rowerowe rekordy!\"}]},{\"@type\":\"WebSite\",\"@id\":\"https:\/\/www.welovecycling.com\/pl\/#website\",\"url\":\"https:\/\/www.welovecycling.com\/pl\/\",\"name\":\"\u0160koda We Love Cycling - Poland\",\"description\":\"\",\"potentialAction\":[{\"@type\":\"SearchAction\",\"target\":{\"@type\":\"EntryPoint\",\"urlTemplate\":\"https:\/\/www.welovecycling.com\/pl\/?s={search_term_string}\"},\"query-input\":{\"@type\":\"PropertyValueSpecification\",\"valueRequired\":true,\"valueName\":\"search_term_string\"}}],\"inLanguage\":\"pl-PL\"},{\"@type\":\"Person\",\"@id\":\"https:\/\/www.welovecycling.com\/pl\/#\/schema\/person\/bf06ed916a1ef16618807fb60d2ebe42\",\"name\":\"rafal\",\"image\":{\"@type\":\"ImageObject\",\"inLanguage\":\"pl-PL\",\"@id\":\"https:\/\/www.welovecycling.com\/pl\/#\/schema\/person\/image\/\",\"url\":\"https:\/\/secure.gravatar.com\/avatar\/203f240e63bee214f6f3a0dacbeb600c7829c09716c2b9ee3230c6961debcde2?s=96&d=mm&r=g\",\"contentUrl\":\"https:\/\/secure.gravatar.com\/avatar\/203f240e63bee214f6f3a0dacbeb600c7829c09716c2b9ee3230c6961debcde2?s=96&d=mm&r=g\",\"caption\":\"rafal\"},\"url\":\"https:\/\/www.welovecycling.com\/pl\/author\/rafal\/\"}]}<\/script>\n<!-- \/ Yoast SEO Premium plugin. -->","yoast_head_json":{"title":"Szybciej, wy\u017cej, dalej\u2026 Tak si\u0119 bije niesamowite rowerowe rekordy! - \u0160koda We Love Cycling - Poland","robots":{"index":"index","follow":"follow","max-snippet":"max-snippet:-1","max-image-preview":"max-image-preview:large","max-video-preview":"max-video-preview:-1"},"canonical":"https:\/\/www.welovecycling.com\/pl\/2022\/11\/07\/szybciej-wyzej-dalej-tak-sie-bije-niesamowite-rowerowe-rekordy\/","og_locale":"pl_PL","og_type":"article","og_title":"Szybciej, wy\u017cej, dalej\u2026 Tak si\u0119 bije niesamowite rowerowe rekordy!","og_description":"Gdy najlepsi kolarze \u015bwiata chwilowo usuwaj\u0105 si\u0119 na drugi plan, na rowerowej scenie zaczynaj\u0105 pojawia\u0107 si\u0119 \u015bmia\u0142kowie od bicia rekord\u00f3w. [&hellip;]","og_url":"https:\/\/www.welovecycling.com\/pl\/2022\/11\/07\/szybciej-wyzej-dalej-tak-sie-bije-niesamowite-rowerowe-rekordy\/","og_site_name":"\u0160koda We Love Cycling - Poland","article_published_time":"2022-11-07T09:28:25+00:00","article_modified_time":"2022-11-07T09:39:46+00:00","og_image":[{"width":1366,"height":600,"url":"https:\/\/d2p6e6u75xmxt8.cloudfront.net\/5\/2022\/11\/Filippo-Ganna-CVR-profimedia-0632877043-1.webp","type":"image\/webp"}],"author":"rafal","twitter_card":"summary_large_image","twitter_misc":{"Written by":"Piotr Nowik","Est. reading time":"3"},"schema":{"@context":"https:\/\/schema.org","@graph":[{"@type":"WebPage","@id":"https:\/\/www.welovecycling.com\/pl\/2022\/11\/07\/szybciej-wyzej-dalej-tak-sie-bije-niesamowite-rowerowe-rekordy\/","url":"https:\/\/www.welovecycling.com\/pl\/2022\/11\/07\/szybciej-wyzej-dalej-tak-sie-bije-niesamowite-rowerowe-rekordy\/","name":"Szybciej, wy\u017cej, dalej\u2026 Tak si\u0119 bije niesamowite rowerowe rekordy! - \u0160koda We Love Cycling - Poland","isPartOf":{"@id":"https:\/\/www.welovecycling.com\/pl\/#website"},"primaryImageOfPage":{"@id":"https:\/\/www.welovecycling.com\/pl\/2022\/11\/07\/szybciej-wyzej-dalej-tak-sie-bije-niesamowite-rowerowe-rekordy\/#primaryimage"},"image":{"@id":"https:\/\/www.welovecycling.com\/pl\/2022\/11\/07\/szybciej-wyzej-dalej-tak-sie-bije-niesamowite-rowerowe-rekordy\/#primaryimage"},"thumbnailUrl":"https:\/\/d2p6e6u75xmxt8.cloudfront.net\/5\/2022\/11\/Filippo-Ganna-CVR-profimedia-0632877043-1.webp","datePublished":"2022-11-07T09:28:25+00:00","dateModified":"2022-11-07T09:39:46+00:00","author":{"@id":"https:\/\/www.welovecycling.com\/pl\/#\/schema\/person\/bf06ed916a1ef16618807fb60d2ebe42"},"breadcrumb":{"@id":"https:\/\/www.welovecycling.com\/pl\/2022\/11\/07\/szybciej-wyzej-dalej-tak-sie-bije-niesamowite-rowerowe-rekordy\/#breadcrumb"},"inLanguage":"pl-PL","potentialAction":[{"@type":"ReadAction","target":["https:\/\/www.welovecycling.com\/pl\/2022\/11\/07\/szybciej-wyzej-dalej-tak-sie-bije-niesamowite-rowerowe-rekordy\/"]}]},{"@type":"ImageObject","inLanguage":"pl-PL","@id":"https:\/\/www.welovecycling.com\/pl\/2022\/11\/07\/szybciej-wyzej-dalej-tak-sie-bije-niesamowite-rowerowe-rekordy\/#primaryimage","url":"https:\/\/d2p6e6u75xmxt8.cloudfront.net\/5\/2022\/11\/Filippo-Ganna-CVR-profimedia-0632877043-1.webp","contentUrl":"https:\/\/d2p6e6u75xmxt8.cloudfront.net\/5\/2022\/11\/Filippo-Ganna-CVR-profimedia-0632877043-1.webp","width":1366,"height":600},{"@type":"BreadcrumbList","@id":"https:\/\/www.welovecycling.com\/pl\/2022\/11\/07\/szybciej-wyzej-dalej-tak-sie-bije-niesamowite-rowerowe-rekordy\/#breadcrumb","itemListElement":[{"@type":"ListItem","position":1,"name":"Home","item":"https:\/\/www.welovecycling.com\/pl\/"},{"@type":"ListItem","position":2,"name":"Szybciej, wy\u017cej, dalej\u2026 Tak si\u0119 bije niesamowite rowerowe rekordy!"}]},{"@type":"WebSite","@id":"https:\/\/www.welovecycling.com\/pl\/#website","url":"https:\/\/www.welovecycling.com\/pl\/","name":"\u0160koda We Love Cycling - Poland","description":"","potentialAction":[{"@type":"SearchAction","target":{"@type":"EntryPoint","urlTemplate":"https:\/\/www.welovecycling.com\/pl\/?s={search_term_string}"},"query-input":{"@type":"PropertyValueSpecification","valueRequired":true,"valueName":"search_term_string"}}],"inLanguage":"pl-PL"},{"@type":"Person","@id":"https:\/\/www.welovecycling.com\/pl\/#\/schema\/person\/bf06ed916a1ef16618807fb60d2ebe42","name":"rafal","image":{"@type":"ImageObject","inLanguage":"pl-PL","@id":"https:\/\/www.welovecycling.com\/pl\/#\/schema\/person\/image\/","url":"https:\/\/secure.gravatar.com\/avatar\/203f240e63bee214f6f3a0dacbeb600c7829c09716c2b9ee3230c6961debcde2?s=96&d=mm&r=g","contentUrl":"https:\/\/secure.gravatar.com\/avatar\/203f240e63bee214f6f3a0dacbeb600c7829c09716c2b9ee3230c6961debcde2?s=96&d=mm&r=g","caption":"rafal"},"url":"https:\/\/www.welovecycling.com\/pl\/author\/rafal\/"}]}},"_links":{"self":[{"href":"https:\/\/www.welovecycling.com\/pl\/wp-json\/wp\/v2\/posts\/13300","targetHints":{"allow":["GET"]}}],"collection":[{"href":"https:\/\/www.welovecycling.com\/pl\/wp-json\/wp\/v2\/posts"}],"about":[{"href":"https:\/\/www.welovecycling.com\/pl\/wp-json\/wp\/v2\/types\/post"}],"author":[{"embeddable":true,"href":"https:\/\/www.welovecycling.com\/pl\/wp-json\/wp\/v2\/users\/153"}],"replies":[{"embeddable":true,"href":"https:\/\/www.welovecycling.com\/pl\/wp-json\/wp\/v2\/comments?post=13300"}],"version-history":[{"count":2,"href":"https:\/\/www.welovecycling.com\/pl\/wp-json\/wp\/v2\/posts\/13300\/revisions"}],"predecessor-version":[{"id":13306,"href":"https:\/\/www.welovecycling.com\/pl\/wp-json\/wp\/v2\/posts\/13300\/revisions\/13306"}],"wp:featuredmedia":[{"embeddable":true,"href":"https:\/\/www.welovecycling.com\/pl\/wp-json\/wp\/v2\/media\/13301"}],"wp:attachment":[{"href":"https:\/\/www.welovecycling.com\/pl\/wp-json\/wp\/v2\/media?parent=13300"}],"wp:term":[{"taxonomy":"category","embeddable":true,"href":"https:\/\/www.welovecycling.com\/pl\/wp-json\/wp\/v2\/categories?post=13300"},{"taxonomy":"post_tag","embeddable":true,"href":"https:\/\/www.welovecycling.com\/pl\/wp-json\/wp\/v2\/tags?post=13300"},{"taxonomy":"global-categories","embeddable":true,"href":"https:\/\/www.welovecycling.com\/pl\/wp-json\/wp\/v2\/global-categories?post=13300"}],"curies":[{"name":"wp","href":"https:\/\/api.w.org\/{rel}","templated":true}]}}