{"id":13295,"date":"2022-11-03T14:03:35","date_gmt":"2022-11-03T14:03:35","guid":{"rendered":"https:\/\/www.welovecycling.com\/pl\/?p=13295"},"modified":"2022-11-03T14:03:35","modified_gmt":"2022-11-03T14:03:35","slug":"odwieczny-problem-w-kolarstwie-jak-wrocic-na-szczyt","status":"publish","type":"post","link":"https:\/\/www.welovecycling.com\/pl\/2022\/11\/03\/odwieczny-problem-w-kolarstwie-jak-wrocic-na-szczyt\/","title":{"rendered":"Odwieczny problem w kolarstwie \u2013 jak wr\u00f3ci\u0107 na szczyt?"},"content":{"rendered":"<p>U jednych wyzwala jeszcze wi\u0119ksz\u0105 motywacj\u0119, u innych \u2013 wywo\u0142uje zniech\u0119cenie. Pora\u017cka w kolarstwie cz\u0119sto zmienia zawodnika, a rewan\u017c wcale nie jest prost\u0105 spraw\u0105. Teraz na szans\u0119, by wr\u00f3ci\u0107 na szczyt Tour de France, czeka Tadej Poga\u010dar.<\/p>\n<p>\u2013 B\u0119d\u0119 jeszcze ci\u0119\u017cej trenowa\u0142 i wr\u00f3c\u0119 silniejszy. Przekuj\u0119 t\u0119 pora\u017ck\u0119 w sukces. \u2013 Takie zapowiedzi s\u0142ycha\u0107 z ust wielu sportowc\u00f3w, gdy nie uda im si\u0119 osi\u0105gn\u0105\u0107 zak\u0142adanego celu. Czas jednak weryfikuje te s\u0142owa: jedni rzeczywi\u015bcie osi\u0105gaj\u0105 szczyt mo\u017cliwo\u015bci, ale inni ju\u017c nie potrafi\u0105 wr\u00f3ci\u0107 do mistrzowskiej dyspozycji.<\/p>\n<h2><strong>Wystarczy\u0142 jeden krok\u2026<\/strong><\/h2>\n<p>Kilka lat temu wydawa\u0142o si\u0119, \u017ce Christopher Froome mia\u0142 wszystko, by do\u0142\u0105czy\u0107 do legend Tour de France. Jacques Anquetil, Eddy Merckx, Bernard Hinault i Miguel Indurain wygrali Wielk\u0105 P\u0119tl\u0119 pi\u0119ciokrotnie, ale w XXI w. nikt nie potrafi\u0142 wybi\u0107 si\u0119 a\u017c tak wysoko nad reszt\u0119 peletonu (nie licz\u0105c zdyskwalifikowanego na lata Lance\u2019a Armstronga). Alberto Contador wygra\u0142 Tour de France dwukrotnie (w 2007 i 2009 r.), ale przed nim i po nim zawodnik\u00f3w sta\u0107 by\u0142o tylko na jeden triumf w Wielkiej P\u0119tli.<\/p>\n<p>A\u017c w ko\u0144cu nadszed\u0142 czas panowania Froome\u2019a. Wygra\u0142 w 2013, 2015, 2016 oraz 2017 r. i wrota do galerii s\u0142aw Tour de France stan\u0119\u0142y przed nim otworem. Nale\u017ca\u0142o tylko wykona\u0107 ten jeden krok\u2026<\/p>\n<div class=\"embed-controller-wrapper\">\n<blockquote class=\"twitter-tweet\" data-width=\"500\" data-dnt=\"true\">\n<p lang=\"en\" dir=\"ltr\">Chris Froome f\u00eate son 4e titre en famille ! \/ It&#39;s time to celebrate with the family for <a href=\"https:\/\/twitter.com\/chrisfroome?ref_src=twsrc%5Etfw\">@chrisfroome<\/a> <a href=\"https:\/\/twitter.com\/hashtag\/TDF2017?src=hash&amp;ref_src=twsrc%5Etfw\">#TDF2017<\/a> <a href=\"https:\/\/t.co\/glzBO8kzZJ\">pic.twitter.com\/glzBO8kzZJ<\/a><\/p>\n<p>&mdash; Tour de France\u2122 (@LeTour) <a href=\"https:\/\/twitter.com\/LeTour\/status\/889173979373731841?ref_src=twsrc%5Etfw\">July 23, 2017<\/a><\/p><\/blockquote>\n<p><script async data-src=\"https:\/\/platform.twitter.com\/widgets.js\" charset=\"utf-8\"><\/script><\/div>\n<h2><strong>Tragiczne\u2026 wydmuchiwanie nosa<\/strong><\/h2>\n<p>Froome mia\u0142 33 lata, gdy rozpocz\u0105\u0142 przygotowania do walki o pi\u0105ty triumf w Wielkiej P\u0119tli. Ani za du\u017co, ani za ma\u0142o \u2013 wiek na pewno nie by\u0142 tu przeszkod\u0105. Okaza\u0142o si\u0119 jednak, \u017ce ostatni krok wcale nie musi by\u0107 naj\u0142atwiejszy, i po latach dominacji Brytyjczyk musia\u0142 uzna\u0107 wy\u017cszo\u015b\u0107 Gerainta Thomasa, kolegi z zespo\u0142u Ineos Grenadiers. W\u00f3wczas pad\u0142o jednak tradycyjne \u201ewr\u00f3c\u0119 silniejszy\u201d i Froome zacz\u0105\u0142 przygotowania do Tour de France 2019, by wej\u015b\u0107 do historii.<\/p>\n<p>Plan leg\u0142 w gruzach, gdy podczas treningu Brytyjczyk postanowi\u0142\u2026 wydmucha\u0107 nos. Straci\u0142 czujno\u015b\u0107 i z impetem wjecha\u0142 w \u015bcian\u0119. Z\u0142ama\u0142 ko\u015b\u0107 udow\u0105 i \u2013 jak si\u0119 okaza\u0142o \u2013 straci\u0142 szans\u0119 na spe\u0142nienie marze\u0144. D\u0142ugie leczenie, rehabilitacja, zmiana zespo\u0142u i w efekcie koniec nadziei na legendarny wynik w Tour de France.<\/p>\n<h2><strong>Poga\u010dar: \u201eWiem, co mam teraz zrobi\u0107\u201d<\/strong><\/h2>\n<p>Dzi\u015b z\u0119by na legendarny wynik ostrzy sobie Tadej Poga\u010dar (UAE Team Emirates), ale on r\u00f3wnie\u017c znalaz\u0142 si\u0119 na zakr\u0119cie. Po dw\u00f3ch triumfach w Tour de France jego celem by\u0142a trzecia wygrana, jednak okaza\u0142o si\u0119, \u017ce seryjne wygrywanie najwi\u0119kszego wy\u015bcigu \u015bwiata wcale nie jest takie proste.<\/p>\n<div class=\"embed-controller-wrapper\">\n<blockquote class=\"twitter-tweet\" data-width=\"500\" data-dnt=\"true\">\n<p lang=\"en\" dir=\"ltr\">\ud83d\udc9bA new golden chapter in Slovenian cycling history! \ud83d\udc9b<\/p>\n<p>\ud83d\udc49Learn more about <a href=\"https:\/\/twitter.com\/TamauPogi?ref_src=twsrc%5Etfw\">@TamauPogi<\/a>: <a href=\"https:\/\/t.co\/eTeTVHPKO4\">https:\/\/t.co\/eTeTVHPKO4<\/a><a href=\"https:\/\/twitter.com\/hashtag\/ifeelsLOVEnia?src=hash&amp;ref_src=twsrc%5Etfw\">#ifeelsLOVEnia<\/a> <a href=\"https:\/\/twitter.com\/hashtag\/TDF2021?src=hash&amp;ref_src=twsrc%5Etfw\">#TDF2021<\/a> <a href=\"https:\/\/t.co\/wEdETOrSAf\">pic.twitter.com\/wEdETOrSAf<\/a><\/p>\n<p>&mdash; Feel Slovenia (@SloveniaInfo) <a href=\"https:\/\/twitter.com\/SloveniaInfo\/status\/1416675709838405632?ref_src=twsrc%5Etfw\">July 18, 2021<\/a><\/p><\/blockquote>\n<p><script async data-src=\"https:\/\/platform.twitter.com\/widgets.js\" charset=\"utf-8\"><\/script><\/div>\n<p>W tym roku 24-letni S\u0142oweniec przegra\u0142 z Jonasem Vingegaardem (Jumbo Visma), cho\u0107 sam jak ognia unika s\u0142owa \u201epora\u017cka\u201d. Teraz Poga\u010dar staje przed dylematem, kt\u00f3ry mieli najwi\u0119ksi kolarze \u015bwiata \u2013 jak wr\u00f3ci\u0107 do wygrywania Wielkiej P\u0119tli? Poga\u010dar \u2013 przynajmniej teoretycznie \u2013 wie, co musi zrobi\u0107.<\/p>\n<p>\u2013 Zwyci\u0119stwo zmienia cz\u0142owieka. Buduje pewno\u015b\u0107 siebie. Pora\u017cka te\u017c mo\u017ce by\u0107 dobra, bo sprowadza na ziemi\u0119\u2026 Podczas Tour de France 2022 pope\u0142ni\u0142em wiele drobnych b\u0142\u0119d\u00f3w, cho\u0107 w kolarstwie nie da si\u0119 zrobi\u0107 wszystkiego perfekcyjnie. Gdybym umia\u0142 cofn\u0105\u0107 czas, par\u0119 rzeczy bym zmieni\u0142, ale b\u0142\u0119dy s\u0105 wpisane w nasz\u0105 dyscyplin\u0119. Teraz jednak wiem, co zrobi\u0107 lepiej \u2013 zapewnia S\u0142oweniec w rozmowie z \u201eCyclingTips\u201d.<\/p>\n<p>Czy mu si\u0119 to uda? Przekonamy si\u0119 ju\u017c w lipcu, gdy wystartuje Tour de France 2023.<\/p>\n<div class=\"embed-controller-wrapper\">\n<blockquote class=\"twitter-tweet\" data-width=\"500\" data-dnt=\"true\">\n<p lang=\"en\" dir=\"ltr\">\ud83e\udd29 Here it is, the official route of the <a href=\"https:\/\/twitter.com\/hashtag\/TDF2023?src=hash&amp;ref_src=twsrc%5Etfw\">#TDF2023<\/a>!<\/p>\n<p>\ud83e\udd29 Voici le parcours officiel du <a href=\"https:\/\/twitter.com\/hashtag\/TDF2023?src=hash&amp;ref_src=twsrc%5Etfw\">#TDF2023<\/a> ! <a href=\"https:\/\/t.co\/QPwvs91Ar6\">pic.twitter.com\/QPwvs91Ar6<\/a><\/p>\n<p>&mdash; Tour de France\u2122 (@LeTour) <a href=\"https:\/\/twitter.com\/LeTour\/status\/1585581067444146176?ref_src=twsrc%5Etfw\">October 27, 2022<\/a><\/p><\/blockquote>\n<p><script async data-src=\"https:\/\/platform.twitter.com\/widgets.js\" charset=\"utf-8\"><\/script><\/div>\n<p><span data-sheets-value=\"{&quot;1&quot;:2,&quot;2&quot;:&quot;Artyku\u0142 powsta\u0142 we wsp\u00f3\u0142pracy ze skoda-auto.pl&quot;}\" data-sheets-userformat=\"{&quot;2&quot;:1,&quot;3&quot;:{&quot;1&quot;:0}}\" data-sheets-hyperlink=\"http:\/\/www.skoda-auto.pl\/\"><a class=\"in-cell-link\" href=\"http:\/\/www.skoda-auto.pl\/\" target=\"_blank\" rel=\"noopener noreferrer\">Artyku\u0142 powsta\u0142 we wsp\u00f3\u0142pracy ze skoda-auto.pl<\/a><\/span><\/p>\n<p><a href=\"https:\/\/www.skoda-auto.pl\/modele\/nowa-octavia\"><img loading=\"lazy\" decoding=\"async\" class=\"alignnone size-full wp-image-11630 aligncenter\" src=\"https:\/\/d2p6e6u75xmxt8.cloudfront.net\/5\/2021\/12\/640x350-1.jpg\" alt=\"\" width=\"640\" height=\"350\" srcset=\"https:\/\/d2p6e6u75xmxt8.cloudfront.net\/5\/2021\/12\/640x350-1.jpg 640w, https:\/\/d2p6e6u75xmxt8.cloudfront.net\/5\/2021\/12\/640x350-1-300x164.jpg 300w\" sizes=\"auto, (max-width: 640px) 100vw, 640px\" \/><\/a><\/p>\n","protected":false},"excerpt":{"rendered":"<p>U jednych wyzwala jeszcze wi\u0119ksz\u0105 motywacj\u0119, u innych \u2013 wywo\u0142uje zniech\u0119cenie. Pora\u017cka w kolarstwie cz\u0119sto zmienia zawodnika, a rewan\u017c wcale [&hellip;]<\/p>\n","protected":false},"author":153,"featured_media":13297,"comment_status":"open","ping_status":"open","sticky":false,"template":"","format":"standard","meta":{"footnotes":""},"categories":[6],"tags":[362],"global-categories":[303],"class_list":["post-13295","post","type-post","status-publish","format-standard","has-post-thumbnail","hentry","category-kolarstwo-szosowe","tag-piotr-nowik","global-categories-cycling"],"yoast_head":"<!-- This site is optimized with the Yoast SEO Premium plugin v25.3 (Yoast SEO v25.9) - https:\/\/yoast.com\/wordpress\/plugins\/seo\/ -->\n<title>Odwieczny problem w kolarstwie \u2013 jak wr\u00f3ci\u0107 na szczyt? - \u0160koda We Love Cycling - Poland<\/title>\n<meta name=\"robots\" content=\"index, follow, max-snippet:-1, max-image-preview:large, max-video-preview:-1\" \/>\n<link rel=\"canonical\" href=\"https:\/\/www.welovecycling.com\/pl\/2022\/11\/03\/odwieczny-problem-w-kolarstwie-jak-wrocic-na-szczyt\/\" \/>\n<meta property=\"og:locale\" content=\"pl_PL\" \/>\n<meta property=\"og:type\" content=\"article\" \/>\n<meta property=\"og:title\" content=\"Odwieczny problem w kolarstwie \u2013 jak wr\u00f3ci\u0107 na szczyt?\" \/>\n<meta property=\"og:description\" content=\"U jednych wyzwala jeszcze wi\u0119ksz\u0105 motywacj\u0119, u innych \u2013 wywo\u0142uje zniech\u0119cenie. Pora\u017cka w kolarstwie cz\u0119sto zmienia zawodnika, a rewan\u017c wcale [&hellip;]\" \/>\n<meta property=\"og:url\" content=\"https:\/\/www.welovecycling.com\/pl\/2022\/11\/03\/odwieczny-problem-w-kolarstwie-jak-wrocic-na-szczyt\/\" \/>\n<meta property=\"og:site_name\" content=\"\u0160koda We Love Cycling - Poland\" \/>\n<meta property=\"article:published_time\" content=\"2022-11-03T14:03:35+00:00\" \/>\n<meta property=\"og:image\" content=\"https:\/\/d2p6e6u75xmxt8.cloudfront.net\/5\/2022\/11\/Pogacar-Tour-profimedia-0558807037-CVR.webp\" \/>\n\t<meta property=\"og:image:width\" content=\"1366\" \/>\n\t<meta property=\"og:image:height\" content=\"600\" \/>\n\t<meta property=\"og:image:type\" content=\"image\/webp\" \/>\n<meta name=\"author\" content=\"rafal\" \/>\n<meta name=\"twitter:card\" content=\"summary_large_image\" \/>\n<meta name=\"twitter:label1\" content=\"Written by\" \/>\n\t<meta name=\"twitter:data1\" content=\"Piotr Nowik\" \/>\n\t<meta name=\"twitter:label2\" content=\"Est. reading time\" \/>\n\t<meta name=\"twitter:data2\" content=\"3\" \/>\n<script type=\"application\/ld+json\" class=\"yoast-schema-graph\">{\"@context\":\"https:\/\/schema.org\",\"@graph\":[{\"@type\":\"WebPage\",\"@id\":\"https:\/\/www.welovecycling.com\/pl\/2022\/11\/03\/odwieczny-problem-w-kolarstwie-jak-wrocic-na-szczyt\/\",\"url\":\"https:\/\/www.welovecycling.com\/pl\/2022\/11\/03\/odwieczny-problem-w-kolarstwie-jak-wrocic-na-szczyt\/\",\"name\":\"Odwieczny problem w kolarstwie \u2013 jak wr\u00f3ci\u0107 na szczyt? - \u0160koda We Love Cycling - Poland\",\"isPartOf\":{\"@id\":\"https:\/\/www.welovecycling.com\/pl\/#website\"},\"primaryImageOfPage\":{\"@id\":\"https:\/\/www.welovecycling.com\/pl\/2022\/11\/03\/odwieczny-problem-w-kolarstwie-jak-wrocic-na-szczyt\/#primaryimage\"},\"image\":{\"@id\":\"https:\/\/www.welovecycling.com\/pl\/2022\/11\/03\/odwieczny-problem-w-kolarstwie-jak-wrocic-na-szczyt\/#primaryimage\"},\"thumbnailUrl\":\"https:\/\/d2p6e6u75xmxt8.cloudfront.net\/5\/2022\/11\/Pogacar-Tour-profimedia-0558807037-CVR.webp\",\"datePublished\":\"2022-11-03T14:03:35+00:00\",\"author\":{\"@id\":\"https:\/\/www.welovecycling.com\/pl\/#\/schema\/person\/bf06ed916a1ef16618807fb60d2ebe42\"},\"breadcrumb\":{\"@id\":\"https:\/\/www.welovecycling.com\/pl\/2022\/11\/03\/odwieczny-problem-w-kolarstwie-jak-wrocic-na-szczyt\/#breadcrumb\"},\"inLanguage\":\"pl-PL\",\"potentialAction\":[{\"@type\":\"ReadAction\",\"target\":[\"https:\/\/www.welovecycling.com\/pl\/2022\/11\/03\/odwieczny-problem-w-kolarstwie-jak-wrocic-na-szczyt\/\"]}]},{\"@type\":\"ImageObject\",\"inLanguage\":\"pl-PL\",\"@id\":\"https:\/\/www.welovecycling.com\/pl\/2022\/11\/03\/odwieczny-problem-w-kolarstwie-jak-wrocic-na-szczyt\/#primaryimage\",\"url\":\"https:\/\/d2p6e6u75xmxt8.cloudfront.net\/5\/2022\/11\/Pogacar-Tour-profimedia-0558807037-CVR.webp\",\"contentUrl\":\"https:\/\/d2p6e6u75xmxt8.cloudfront.net\/5\/2022\/11\/Pogacar-Tour-profimedia-0558807037-CVR.webp\",\"width\":1366,\"height\":600},{\"@type\":\"BreadcrumbList\",\"@id\":\"https:\/\/www.welovecycling.com\/pl\/2022\/11\/03\/odwieczny-problem-w-kolarstwie-jak-wrocic-na-szczyt\/#breadcrumb\",\"itemListElement\":[{\"@type\":\"ListItem\",\"position\":1,\"name\":\"Home\",\"item\":\"https:\/\/www.welovecycling.com\/pl\/\"},{\"@type\":\"ListItem\",\"position\":2,\"name\":\"Odwieczny problem w kolarstwie \u2013 jak wr\u00f3ci\u0107 na szczyt?\"}]},{\"@type\":\"WebSite\",\"@id\":\"https:\/\/www.welovecycling.com\/pl\/#website\",\"url\":\"https:\/\/www.welovecycling.com\/pl\/\",\"name\":\"\u0160koda We Love Cycling - Poland\",\"description\":\"\",\"potentialAction\":[{\"@type\":\"SearchAction\",\"target\":{\"@type\":\"EntryPoint\",\"urlTemplate\":\"https:\/\/www.welovecycling.com\/pl\/?s={search_term_string}\"},\"query-input\":{\"@type\":\"PropertyValueSpecification\",\"valueRequired\":true,\"valueName\":\"search_term_string\"}}],\"inLanguage\":\"pl-PL\"},{\"@type\":\"Person\",\"@id\":\"https:\/\/www.welovecycling.com\/pl\/#\/schema\/person\/bf06ed916a1ef16618807fb60d2ebe42\",\"name\":\"rafal\",\"image\":{\"@type\":\"ImageObject\",\"inLanguage\":\"pl-PL\",\"@id\":\"https:\/\/www.welovecycling.com\/pl\/#\/schema\/person\/image\/\",\"url\":\"https:\/\/secure.gravatar.com\/avatar\/203f240e63bee214f6f3a0dacbeb600c7829c09716c2b9ee3230c6961debcde2?s=96&d=mm&r=g\",\"contentUrl\":\"https:\/\/secure.gravatar.com\/avatar\/203f240e63bee214f6f3a0dacbeb600c7829c09716c2b9ee3230c6961debcde2?s=96&d=mm&r=g\",\"caption\":\"rafal\"},\"url\":\"https:\/\/www.welovecycling.com\/pl\/author\/rafal\/\"}]}<\/script>\n<!-- \/ Yoast SEO Premium plugin. -->","yoast_head_json":{"title":"Odwieczny problem w kolarstwie \u2013 jak wr\u00f3ci\u0107 na szczyt? - \u0160koda We Love Cycling - Poland","robots":{"index":"index","follow":"follow","max-snippet":"max-snippet:-1","max-image-preview":"max-image-preview:large","max-video-preview":"max-video-preview:-1"},"canonical":"https:\/\/www.welovecycling.com\/pl\/2022\/11\/03\/odwieczny-problem-w-kolarstwie-jak-wrocic-na-szczyt\/","og_locale":"pl_PL","og_type":"article","og_title":"Odwieczny problem w kolarstwie \u2013 jak wr\u00f3ci\u0107 na szczyt?","og_description":"U jednych wyzwala jeszcze wi\u0119ksz\u0105 motywacj\u0119, u innych \u2013 wywo\u0142uje zniech\u0119cenie. Pora\u017cka w kolarstwie cz\u0119sto zmienia zawodnika, a rewan\u017c wcale [&hellip;]","og_url":"https:\/\/www.welovecycling.com\/pl\/2022\/11\/03\/odwieczny-problem-w-kolarstwie-jak-wrocic-na-szczyt\/","og_site_name":"\u0160koda We Love Cycling - Poland","article_published_time":"2022-11-03T14:03:35+00:00","og_image":[{"width":1366,"height":600,"url":"https:\/\/d2p6e6u75xmxt8.cloudfront.net\/5\/2022\/11\/Pogacar-Tour-profimedia-0558807037-CVR.webp","type":"image\/webp"}],"author":"rafal","twitter_card":"summary_large_image","twitter_misc":{"Written by":"Piotr Nowik","Est. reading time":"3"},"schema":{"@context":"https:\/\/schema.org","@graph":[{"@type":"WebPage","@id":"https:\/\/www.welovecycling.com\/pl\/2022\/11\/03\/odwieczny-problem-w-kolarstwie-jak-wrocic-na-szczyt\/","url":"https:\/\/www.welovecycling.com\/pl\/2022\/11\/03\/odwieczny-problem-w-kolarstwie-jak-wrocic-na-szczyt\/","name":"Odwieczny problem w kolarstwie \u2013 jak wr\u00f3ci\u0107 na szczyt? - \u0160koda We Love Cycling - Poland","isPartOf":{"@id":"https:\/\/www.welovecycling.com\/pl\/#website"},"primaryImageOfPage":{"@id":"https:\/\/www.welovecycling.com\/pl\/2022\/11\/03\/odwieczny-problem-w-kolarstwie-jak-wrocic-na-szczyt\/#primaryimage"},"image":{"@id":"https:\/\/www.welovecycling.com\/pl\/2022\/11\/03\/odwieczny-problem-w-kolarstwie-jak-wrocic-na-szczyt\/#primaryimage"},"thumbnailUrl":"https:\/\/d2p6e6u75xmxt8.cloudfront.net\/5\/2022\/11\/Pogacar-Tour-profimedia-0558807037-CVR.webp","datePublished":"2022-11-03T14:03:35+00:00","author":{"@id":"https:\/\/www.welovecycling.com\/pl\/#\/schema\/person\/bf06ed916a1ef16618807fb60d2ebe42"},"breadcrumb":{"@id":"https:\/\/www.welovecycling.com\/pl\/2022\/11\/03\/odwieczny-problem-w-kolarstwie-jak-wrocic-na-szczyt\/#breadcrumb"},"inLanguage":"pl-PL","potentialAction":[{"@type":"ReadAction","target":["https:\/\/www.welovecycling.com\/pl\/2022\/11\/03\/odwieczny-problem-w-kolarstwie-jak-wrocic-na-szczyt\/"]}]},{"@type":"ImageObject","inLanguage":"pl-PL","@id":"https:\/\/www.welovecycling.com\/pl\/2022\/11\/03\/odwieczny-problem-w-kolarstwie-jak-wrocic-na-szczyt\/#primaryimage","url":"https:\/\/d2p6e6u75xmxt8.cloudfront.net\/5\/2022\/11\/Pogacar-Tour-profimedia-0558807037-CVR.webp","contentUrl":"https:\/\/d2p6e6u75xmxt8.cloudfront.net\/5\/2022\/11\/Pogacar-Tour-profimedia-0558807037-CVR.webp","width":1366,"height":600},{"@type":"BreadcrumbList","@id":"https:\/\/www.welovecycling.com\/pl\/2022\/11\/03\/odwieczny-problem-w-kolarstwie-jak-wrocic-na-szczyt\/#breadcrumb","itemListElement":[{"@type":"ListItem","position":1,"name":"Home","item":"https:\/\/www.welovecycling.com\/pl\/"},{"@type":"ListItem","position":2,"name":"Odwieczny problem w kolarstwie \u2013 jak wr\u00f3ci\u0107 na szczyt?"}]},{"@type":"WebSite","@id":"https:\/\/www.welovecycling.com\/pl\/#website","url":"https:\/\/www.welovecycling.com\/pl\/","name":"\u0160koda We Love Cycling - Poland","description":"","potentialAction":[{"@type":"SearchAction","target":{"@type":"EntryPoint","urlTemplate":"https:\/\/www.welovecycling.com\/pl\/?s={search_term_string}"},"query-input":{"@type":"PropertyValueSpecification","valueRequired":true,"valueName":"search_term_string"}}],"inLanguage":"pl-PL"},{"@type":"Person","@id":"https:\/\/www.welovecycling.com\/pl\/#\/schema\/person\/bf06ed916a1ef16618807fb60d2ebe42","name":"rafal","image":{"@type":"ImageObject","inLanguage":"pl-PL","@id":"https:\/\/www.welovecycling.com\/pl\/#\/schema\/person\/image\/","url":"https:\/\/secure.gravatar.com\/avatar\/203f240e63bee214f6f3a0dacbeb600c7829c09716c2b9ee3230c6961debcde2?s=96&d=mm&r=g","contentUrl":"https:\/\/secure.gravatar.com\/avatar\/203f240e63bee214f6f3a0dacbeb600c7829c09716c2b9ee3230c6961debcde2?s=96&d=mm&r=g","caption":"rafal"},"url":"https:\/\/www.welovecycling.com\/pl\/author\/rafal\/"}]}},"_links":{"self":[{"href":"https:\/\/www.welovecycling.com\/pl\/wp-json\/wp\/v2\/posts\/13295","targetHints":{"allow":["GET"]}}],"collection":[{"href":"https:\/\/www.welovecycling.com\/pl\/wp-json\/wp\/v2\/posts"}],"about":[{"href":"https:\/\/www.welovecycling.com\/pl\/wp-json\/wp\/v2\/types\/post"}],"author":[{"embeddable":true,"href":"https:\/\/www.welovecycling.com\/pl\/wp-json\/wp\/v2\/users\/153"}],"replies":[{"embeddable":true,"href":"https:\/\/www.welovecycling.com\/pl\/wp-json\/wp\/v2\/comments?post=13295"}],"version-history":[{"count":1,"href":"https:\/\/www.welovecycling.com\/pl\/wp-json\/wp\/v2\/posts\/13295\/revisions"}],"predecessor-version":[{"id":13298,"href":"https:\/\/www.welovecycling.com\/pl\/wp-json\/wp\/v2\/posts\/13295\/revisions\/13298"}],"wp:featuredmedia":[{"embeddable":true,"href":"https:\/\/www.welovecycling.com\/pl\/wp-json\/wp\/v2\/media\/13297"}],"wp:attachment":[{"href":"https:\/\/www.welovecycling.com\/pl\/wp-json\/wp\/v2\/media?parent=13295"}],"wp:term":[{"taxonomy":"category","embeddable":true,"href":"https:\/\/www.welovecycling.com\/pl\/wp-json\/wp\/v2\/categories?post=13295"},{"taxonomy":"post_tag","embeddable":true,"href":"https:\/\/www.welovecycling.com\/pl\/wp-json\/wp\/v2\/tags?post=13295"},{"taxonomy":"global-categories","embeddable":true,"href":"https:\/\/www.welovecycling.com\/pl\/wp-json\/wp\/v2\/global-categories?post=13295"}],"curies":[{"name":"wp","href":"https:\/\/api.w.org\/{rel}","templated":true}]}}