{"id":13288,"date":"2022-10-31T13:25:43","date_gmt":"2022-10-31T13:25:43","guid":{"rendered":"https:\/\/www.welovecycling.com\/pl\/?p=13288"},"modified":"2023-07-19T07:35:58","modified_gmt":"2023-07-19T07:35:58","slug":"machina-ruszyla-co-przyniesie-najwiekszy-wyscig-swiata","status":"publish","type":"post","link":"https:\/\/www.welovecycling.com\/pl\/2022\/10\/31\/machina-ruszyla-co-przyniesie-najwiekszy-wyscig-swiata\/","title":{"rendered":"Machina ruszy\u0142a! Co przyniesie najwi\u0119kszy wy\u015bcig \u015bwiata?"},"content":{"rendered":"<p>Ciekawa, zaskakuj\u0105ca, zapowiadaj\u0105ca emocje \u2013 tak w skr\u00f3cie oceniana jest trasa Tour de France 2023, kt\u00f3r\u0105 zaprezentowano w Pary\u017cu.<\/p>\n<p>Dla wielu kibic\u00f3w prezentacja etap\u00f3w Wielkiej P\u0119tli to medialny show, tymczasem dla najlepszych kolarskich ekip \u015bwiata to punkt wyj\u015bcia do rysowania plan\u00f3w na przysz\u0142y sezon. Analizowanie szans, wskazywanie faworyt\u00f3w i dopasowywanie konkretnego zawodnika pod profil wy\u015bcigu sprawia, \u017ce trasa Tour the France towarzyszy mened\u017cerom dru\u017cyn przez d\u0142ugie tygodnie. Wszystko po to, by zdecydowa\u0107, kt\u00f3rych kolarzy pos\u0142a\u0107 na Wielk\u0105 P\u0119tl\u0119, a kt\u00f3rym bardziej odpowiada\u0107 b\u0119dzie Giro d\u2019Italia czy Vuelta a Espa\u00f1a.<\/p>\n<div class=\"embed-controller-wrapper\">\n<blockquote class=\"twitter-tweet\" data-width=\"500\" data-dnt=\"true\">\n<p lang=\"en\" dir=\"ltr\">\ud83e\udd29 Here it is, the official route of the <a href=\"https:\/\/twitter.com\/hashtag\/TDF2023?src=hash&amp;ref_src=twsrc%5Etfw\">#TDF2023<\/a>!<\/p>\n<p>\ud83e\udd29 Voici le parcours officiel du <a href=\"https:\/\/twitter.com\/hashtag\/TDF2023?src=hash&amp;ref_src=twsrc%5Etfw\">#TDF2023<\/a> ! <a href=\"https:\/\/t.co\/QPwvs91Ar6\">pic.twitter.com\/QPwvs91Ar6<\/a><\/p>\n<p>&mdash; Tour de France\u2122 (@LeTour) <a href=\"https:\/\/twitter.com\/LeTour\/status\/1585581067444146176?ref_src=twsrc%5Etfw\">October 27, 2022<\/a><\/p><\/blockquote>\n<p><script async data-src=\"https:\/\/platform.twitter.com\/widgets.js\" charset=\"utf-8\"><\/script><\/div>\n<h2><strong>W pogodni za rekordem<\/strong><\/h2>\n<p>W przypadku niekt\u00f3rych zawodnik\u00f3w jest ju\u017c niemal pewne, \u017ce to w\u0142a\u015bnie Wielka P\u0119tla b\u0119dzie ich celem. Do takich kolarzy zalicza si\u0119 m.in. Tadej Pogacar (UAE Team Emirates), kt\u00f3ry wygra\u0142 Tour de France w 2020 i 2021 r., ale w tym sezonie musia\u0142 uzna\u0107 wy\u017cszo\u015b\u0107 Jonasa Vingegaarda (Jumbo-Visma). W przysz\u0142ym sezonie S\u0142oweniec chce jednak wr\u00f3ci\u0107 do triumf\u00f3w w Wielkiej P\u0119tli, by goni\u0107 rekord legendarnych zawodnik\u00f3w (Jacques Anquetil, Eddy Merckx, Bernard Hinault i Miguel Indurain wygrali Tour de France pi\u0119ciokrotnie).<\/p>\n<p>\u2013 Podoba mi si\u0119 ta trasa, zapowiada si\u0119 niez\u0142a zabawa. Pierwszy tydzie\u0144 b\u0119dzie ci\u0119\u017cki, a trzeci bardzo, bardzo ci\u0119\u017cki. B\u0119dzie trudno od samego startu, ale podobaj\u0105 mi si\u0119 etapy, w kt\u00f3rych zaplanowano wiele podjazd\u00f3w. Do startu jeszcze sporo czasu, ale jestem pewien, \u017ce to b\u0119dzie kolejna wspania\u0142a edycja. Ju\u017c jestem podekscytowany! \u2013 podkre\u015bli\u0142 Pogacar.<\/p>\n<div class=\"embed-controller-wrapper\">\n<blockquote class=\"twitter-tweet\" data-width=\"500\" data-dnt=\"true\">\n<p lang=\"fr\" dir=\"ltr\">\ud83c\udf99\ufe0f- <a href=\"https:\/\/twitter.com\/TamauPogi?ref_src=twsrc%5Etfw\">@TamauPogi<\/a> : &quot;J&#39;ai beaucoup aim\u00e9 le parcours, cela va \u00eatre tr\u00e8s chouette. C\u2019est tr\u00e8s bien que les \u00e9tapes difficiles arrivent t\u00f4t !&quot;<a href=\"https:\/\/twitter.com\/hashtag\/TDF2023?src=hash&amp;ref_src=twsrc%5Etfw\">#TDF2023<\/a> <a href=\"https:\/\/t.co\/gzPCQ2mqEr\">pic.twitter.com\/gzPCQ2mqEr<\/a><\/p>\n<p>&mdash; Tour de France\u2122 (@LeTour) <a href=\"https:\/\/twitter.com\/LeTour\/status\/1585596701431271426?ref_src=twsrc%5Etfw\">October 27, 2022<\/a><\/p><\/blockquote>\n<p><script async data-src=\"https:\/\/platform.twitter.com\/widgets.js\" charset=\"utf-8\"><\/script><\/div>\n<p>Wiele wskazuje, \u017ce podczas przysz\u0142orocznego Tour de France dojdzie do rewan\u017cu za tegoroczny wy\u015bcig. Zwyci\u0119zca Vingegaard pozytywnie oceni\u0142 bowiem zaprezentowan\u0105 tras\u0119, a jego ekipa marzy, by po raz kolejny pi\u0107 szampana zwyci\u0119zc\u00f3w na Polach Elizejskich.<\/p>\n<p>\u2013 Chcia\u0142bym wygra\u0107 wszystkie wielkie toury, ale w przysz\u0142ym roku nie b\u0119d\u0119 jeszcze gotowy, aby wystartowa\u0107 zar\u00f3wno w Giro d\u2019Italia, jak i w Tour de France. Zobaczymy, czego b\u0119dzie potrzebowa\u0142a moja dru\u017cyna \u2013 stwierdzi\u0142 Vingegaard w rozmowie Cyclingnews.com.<\/p>\n<p>Du\u0144czyk opowiedzia\u0142 r\u00f3wnie\u017c o swoich odczuciach zwi\u0105zanych z zaprezentowanymi etapami.<\/p>\n<p>\u2013 Trasa jest ciekawa, ma wszystkiego po trochu: d\u0142ugie podjazdy, jazda na czas. Wydaje si\u0119, \u017ce jest dobrze zbalansowana. No, mo\u017ce wola\u0142bym, \u017ceby by\u0142o troch\u0119 wi\u0119cej czas\u00f3wek \u2013 zaznaczy\u0142 Vingegaard.<\/p>\n<p>Mimo tylko jednej jazdy na czas, Mark Cavendish, specjalista od sprint\u00f3w, nie narzeka.<\/p>\n<p>\u2013 Podczas Tour de France 2023 b\u0119dzie wiele okazji do sprintu \u2013 oceni\u0142 zawodnik Deceuninck-Quick Step.<\/p>\n<p>S\u0105 jednak kolarze, kt\u00f3rzy ju\u017c teraz jasno wskazali, co w 2023 r. b\u0119dzie dla nich najwa\u017cniejsze.<\/p>\n<p>\u2013 14 lipca chcia\u0142bym zwyci\u0119\u017cy\u0107 na szczycie Grand Colombier \u2013 zdradzi\u0142 David Gaudu z Groupama FDJ.<\/p>\n<div class=\"embed-controller-wrapper\">\n<blockquote class=\"twitter-tweet\" data-width=\"500\" data-dnt=\"true\">\n<p lang=\"fr\" dir=\"ltr\">\ud83e\udd29 Cycling royalty in Paris today for the <a href=\"https:\/\/twitter.com\/hashtag\/TDFF2023?src=hash&amp;ref_src=twsrc%5Etfw\">#TDFF2023<\/a> and <a href=\"https:\/\/twitter.com\/hashtag\/TDF2023?src=hash&amp;ref_src=twsrc%5Etfw\">#TDF2023<\/a> presentations.<\/p>\n<p>\ud83e\udd29 Des sommit\u00e9s du cyclisme en visite \u00e0 Paris pour les pr\u00e9sentations du <a href=\"https:\/\/twitter.com\/hashtag\/TDFF2023?src=hash&amp;ref_src=twsrc%5Etfw\">#TDFF2023<\/a> et du <a href=\"https:\/\/twitter.com\/hashtag\/TDF2023?src=hash&amp;ref_src=twsrc%5Etfw\">#TDF2023<\/a>. <a href=\"https:\/\/t.co\/WDz93nE8ee\">pic.twitter.com\/WDz93nE8ee<\/a><\/p>\n<p>&mdash; Tour de France\u2122 (@LeTour) <a href=\"https:\/\/twitter.com\/LeTour\/status\/1585721500489089024?ref_src=twsrc%5Etfw\">October 27, 2022<\/a><\/p><\/blockquote>\n<p><script async data-src=\"https:\/\/platform.twitter.com\/widgets.js\" charset=\"utf-8\"><\/script><\/div>\n<p>Przypomnijmy, \u017ce przysz\u0142oroczna Wielka P\u0119tla zostanie rozegrana w dniach 1\u201323 lipca.<\/p>\n<h2><strong>Podczas wy\u015bcigu kobiet wszystko mo\u017ce si\u0119 zdarzy\u0107<\/strong><\/h2>\n<p>Ciekawie zapowiada si\u0119 r\u00f3wnie\u017c Tour de France Femmes. Kobiety b\u0119d\u0105 rywalizowa\u0142y w dniach 23\u201330 lipca i do przejechania b\u0119d\u0105 mia\u0142y osiem etap\u00f3w.<\/p>\n<p>\u2013 Trasa jest bardzo zr\u00f3\u017cnicowana, co oznacza, \u017ce wy\u015bcig b\u0119dzie bardzo emocjonuj\u0105cy. To motywuje, by jeszcze ci\u0119\u017cej pracowa\u0107 na treningach. Podczas Tour de France 2023 wszystko mo\u017ce si\u0119 zdarzy\u0107 \u2013 oceni\u0142a tras\u0119 Katarzyna Niewiadoma, kt\u00f3ra w tegorocznym wy\u015bcigu zaj\u0119\u0142a trzecie miejsce.<\/p>\n<div class=\"embed-controller-wrapper\">\n<blockquote class=\"twitter-tweet\" data-width=\"500\" data-dnt=\"true\">\n<p lang=\"fr\" dir=\"ltr\">\ud83e\udd29The official route of the <a href=\"https:\/\/twitter.com\/hashtag\/TDFF2023?src=hash&amp;ref_src=twsrc%5Etfw\">#TDFF2023<\/a> avec <a href=\"https:\/\/twitter.com\/GoZwift?ref_src=twsrc%5Etfw\">@GoZwift<\/a>!<\/p>\n<p>\ud83e\udd29 Voici le parcours officiel du <a href=\"https:\/\/twitter.com\/hashtag\/TDFF2023?src=hash&amp;ref_src=twsrc%5Etfw\">#TDFF2023<\/a> avec Zwift !<a href=\"https:\/\/twitter.com\/hashtag\/WatchTheFemmes?src=hash&amp;ref_src=twsrc%5Etfw\">#WatchTheFemmes<\/a> <a href=\"https:\/\/t.co\/A7PJNR1UUI\">pic.twitter.com\/A7PJNR1UUI<\/a><\/p>\n<p>&mdash; Le Tour de France Femmes avec Zwift (@LeTourFemmes) <a href=\"https:\/\/twitter.com\/LeTourFemmes\/status\/1585571254823624704?ref_src=twsrc%5Etfw\">October 27, 2022<\/a><\/p><\/blockquote>\n<p><script async data-src=\"https:\/\/platform.twitter.com\/widgets.js\" charset=\"utf-8\"><\/script><\/div>\n<p><span data-sheets-value=\"{&quot;1&quot;:2,&quot;2&quot;:&quot;Artyku\u0142 powsta\u0142 we wsp\u00f3\u0142pracy ze skoda-auto.pl&quot;}\" data-sheets-userformat=\"{&quot;2&quot;:1,&quot;3&quot;:{&quot;1&quot;:0}}\" data-sheets-hyperlink=\"http:\/\/www.skoda-auto.pl\/\"><a class=\"in-cell-link\" href=\"http:\/\/www.skoda-auto.pl\/\" target=\"_blank\" rel=\"noopener noreferrer\">Artyku\u0142 powsta\u0142 we wsp\u00f3\u0142pracy ze skoda-auto.pl<\/a><\/span><\/p>\n<p><a href=\"https:\/\/www.skoda-auto.pl\/modele\/superb\"><img loading=\"lazy\" decoding=\"async\" class=\"alignnone size-full wp-image-11628 aligncenter\" src=\"https:\/\/d2p6e6u75xmxt8.cloudfront.net\/5\/2021\/12\/640x350-2-1.jpg\" alt=\"\" width=\"640\" height=\"350\" srcset=\"https:\/\/d2p6e6u75xmxt8.cloudfront.net\/5\/2021\/12\/640x350-2-1.jpg 640w, https:\/\/d2p6e6u75xmxt8.cloudfront.net\/5\/2021\/12\/640x350-2-1-300x164.jpg 300w\" sizes=\"auto, (max-width: 640px) 100vw, 640px\" \/><\/a><\/p>\n","protected":false},"excerpt":{"rendered":"<p>Ciekawa, zaskakuj\u0105ca, zapowiadaj\u0105ca emocje \u2013 tak w skr\u00f3cie oceniana jest trasa Tour de France 2023, kt\u00f3r\u0105 zaprezentowano w Pary\u017cu. Dla [&hellip;]<\/p>\n","protected":false},"author":153,"featured_media":13289,"comment_status":"open","ping_status":"open","sticky":false,"template":"","format":"standard","meta":{"footnotes":""},"categories":[6,337],"tags":[176,362,77,399,181,146],"global-categories":[303],"class_list":["post-13288","post","type-post","status-publish","format-standard","has-post-thumbnail","hentry","category-kolarstwo-szosowe","category-tour-de-france","tag-kolarstwo","tag-piotr-nowik","tag-tour-de-france","tag-tour-de-france-2023","tag-trasa-tour-de-france","tag-wyscig","global-categories-cycling"],"yoast_head":"<!-- This site is optimized with the Yoast SEO Premium plugin v25.3 (Yoast SEO v25.9) - https:\/\/yoast.com\/wordpress\/plugins\/seo\/ -->\n<title>Machina ruszy\u0142a! Co przyniesie najwi\u0119kszy wy\u015bcig \u015bwiata? - \u0160koda We Love Cycling - Poland<\/title>\n<meta name=\"robots\" content=\"index, follow, max-snippet:-1, max-image-preview:large, max-video-preview:-1\" \/>\n<link rel=\"canonical\" href=\"https:\/\/www.welovecycling.com\/pl\/2022\/10\/31\/machina-ruszyla-co-przyniesie-najwiekszy-wyscig-swiata\/\" \/>\n<meta property=\"og:locale\" content=\"pl_PL\" \/>\n<meta property=\"og:type\" content=\"article\" \/>\n<meta property=\"og:title\" content=\"Machina ruszy\u0142a! Co przyniesie najwi\u0119kszy wy\u015bcig \u015bwiata?\" \/>\n<meta property=\"og:description\" content=\"Ciekawa, zaskakuj\u0105ca, zapowiadaj\u0105ca emocje \u2013 tak w skr\u00f3cie oceniana jest trasa Tour de France 2023, kt\u00f3r\u0105 zaprezentowano w Pary\u017cu. Dla [&hellip;]\" \/>\n<meta property=\"og:url\" content=\"https:\/\/www.welovecycling.com\/pl\/2022\/10\/31\/machina-ruszyla-co-przyniesie-najwiekszy-wyscig-swiata\/\" \/>\n<meta property=\"og:site_name\" content=\"\u0160koda We Love Cycling - Poland\" \/>\n<meta property=\"article:published_time\" content=\"2022-10-31T13:25:43+00:00\" \/>\n<meta property=\"article:modified_time\" content=\"2023-07-19T07:35:58+00:00\" \/>\n<meta property=\"og:image\" content=\"https:\/\/d2p6e6u75xmxt8.cloudfront.net\/5\/2022\/10\/Marion-Rousse-CVR-profimedia-0733549086.webp\" \/>\n\t<meta property=\"og:image:width\" content=\"990\" \/>\n\t<meta property=\"og:image:height\" content=\"660\" \/>\n\t<meta property=\"og:image:type\" content=\"image\/webp\" \/>\n<meta name=\"author\" content=\"rafal\" \/>\n<meta name=\"twitter:card\" content=\"summary_large_image\" \/>\n<meta name=\"twitter:label1\" content=\"Written by\" \/>\n\t<meta name=\"twitter:data1\" content=\"Piotr Nowik\" \/>\n\t<meta name=\"twitter:label2\" content=\"Est. reading time\" \/>\n\t<meta name=\"twitter:data2\" content=\"3\" \/>\n<script type=\"application\/ld+json\" class=\"yoast-schema-graph\">{\"@context\":\"https:\/\/schema.org\",\"@graph\":[{\"@type\":\"WebPage\",\"@id\":\"https:\/\/www.welovecycling.com\/pl\/2022\/10\/31\/machina-ruszyla-co-przyniesie-najwiekszy-wyscig-swiata\/\",\"url\":\"https:\/\/www.welovecycling.com\/pl\/2022\/10\/31\/machina-ruszyla-co-przyniesie-najwiekszy-wyscig-swiata\/\",\"name\":\"Machina ruszy\u0142a! Co przyniesie najwi\u0119kszy wy\u015bcig \u015bwiata? - \u0160koda We Love Cycling - Poland\",\"isPartOf\":{\"@id\":\"https:\/\/www.welovecycling.com\/pl\/#website\"},\"primaryImageOfPage\":{\"@id\":\"https:\/\/www.welovecycling.com\/pl\/2022\/10\/31\/machina-ruszyla-co-przyniesie-najwiekszy-wyscig-swiata\/#primaryimage\"},\"image\":{\"@id\":\"https:\/\/www.welovecycling.com\/pl\/2022\/10\/31\/machina-ruszyla-co-przyniesie-najwiekszy-wyscig-swiata\/#primaryimage\"},\"thumbnailUrl\":\"https:\/\/d2p6e6u75xmxt8.cloudfront.net\/5\/2022\/10\/Marion-Rousse-CVR-profimedia-0733549086.webp\",\"datePublished\":\"2022-10-31T13:25:43+00:00\",\"dateModified\":\"2023-07-19T07:35:58+00:00\",\"author\":{\"@id\":\"https:\/\/www.welovecycling.com\/pl\/#\/schema\/person\/bf06ed916a1ef16618807fb60d2ebe42\"},\"breadcrumb\":{\"@id\":\"https:\/\/www.welovecycling.com\/pl\/2022\/10\/31\/machina-ruszyla-co-przyniesie-najwiekszy-wyscig-swiata\/#breadcrumb\"},\"inLanguage\":\"pl-PL\",\"potentialAction\":[{\"@type\":\"ReadAction\",\"target\":[\"https:\/\/www.welovecycling.com\/pl\/2022\/10\/31\/machina-ruszyla-co-przyniesie-najwiekszy-wyscig-swiata\/\"]}]},{\"@type\":\"ImageObject\",\"inLanguage\":\"pl-PL\",\"@id\":\"https:\/\/www.welovecycling.com\/pl\/2022\/10\/31\/machina-ruszyla-co-przyniesie-najwiekszy-wyscig-swiata\/#primaryimage\",\"url\":\"https:\/\/d2p6e6u75xmxt8.cloudfront.net\/5\/2022\/10\/Marion-Rousse-CVR-profimedia-0733549086.webp\",\"contentUrl\":\"https:\/\/d2p6e6u75xmxt8.cloudfront.net\/5\/2022\/10\/Marion-Rousse-CVR-profimedia-0733549086.webp\",\"width\":990,\"height\":660},{\"@type\":\"BreadcrumbList\",\"@id\":\"https:\/\/www.welovecycling.com\/pl\/2022\/10\/31\/machina-ruszyla-co-przyniesie-najwiekszy-wyscig-swiata\/#breadcrumb\",\"itemListElement\":[{\"@type\":\"ListItem\",\"position\":1,\"name\":\"Home\",\"item\":\"https:\/\/www.welovecycling.com\/pl\/\"},{\"@type\":\"ListItem\",\"position\":2,\"name\":\"Machina ruszy\u0142a! Co przyniesie najwi\u0119kszy wy\u015bcig \u015bwiata?\"}]},{\"@type\":\"WebSite\",\"@id\":\"https:\/\/www.welovecycling.com\/pl\/#website\",\"url\":\"https:\/\/www.welovecycling.com\/pl\/\",\"name\":\"\u0160koda We Love Cycling - Poland\",\"description\":\"\",\"potentialAction\":[{\"@type\":\"SearchAction\",\"target\":{\"@type\":\"EntryPoint\",\"urlTemplate\":\"https:\/\/www.welovecycling.com\/pl\/?s={search_term_string}\"},\"query-input\":{\"@type\":\"PropertyValueSpecification\",\"valueRequired\":true,\"valueName\":\"search_term_string\"}}],\"inLanguage\":\"pl-PL\"},{\"@type\":\"Person\",\"@id\":\"https:\/\/www.welovecycling.com\/pl\/#\/schema\/person\/bf06ed916a1ef16618807fb60d2ebe42\",\"name\":\"rafal\",\"image\":{\"@type\":\"ImageObject\",\"inLanguage\":\"pl-PL\",\"@id\":\"https:\/\/www.welovecycling.com\/pl\/#\/schema\/person\/image\/\",\"url\":\"https:\/\/secure.gravatar.com\/avatar\/203f240e63bee214f6f3a0dacbeb600c7829c09716c2b9ee3230c6961debcde2?s=96&d=mm&r=g\",\"contentUrl\":\"https:\/\/secure.gravatar.com\/avatar\/203f240e63bee214f6f3a0dacbeb600c7829c09716c2b9ee3230c6961debcde2?s=96&d=mm&r=g\",\"caption\":\"rafal\"},\"url\":\"https:\/\/www.welovecycling.com\/pl\/author\/rafal\/\"}]}<\/script>\n<!-- \/ Yoast SEO Premium plugin. -->","yoast_head_json":{"title":"Machina ruszy\u0142a! Co przyniesie najwi\u0119kszy wy\u015bcig \u015bwiata? - \u0160koda We Love Cycling - Poland","robots":{"index":"index","follow":"follow","max-snippet":"max-snippet:-1","max-image-preview":"max-image-preview:large","max-video-preview":"max-video-preview:-1"},"canonical":"https:\/\/www.welovecycling.com\/pl\/2022\/10\/31\/machina-ruszyla-co-przyniesie-najwiekszy-wyscig-swiata\/","og_locale":"pl_PL","og_type":"article","og_title":"Machina ruszy\u0142a! Co przyniesie najwi\u0119kszy wy\u015bcig \u015bwiata?","og_description":"Ciekawa, zaskakuj\u0105ca, zapowiadaj\u0105ca emocje \u2013 tak w skr\u00f3cie oceniana jest trasa Tour de France 2023, kt\u00f3r\u0105 zaprezentowano w Pary\u017cu. Dla [&hellip;]","og_url":"https:\/\/www.welovecycling.com\/pl\/2022\/10\/31\/machina-ruszyla-co-przyniesie-najwiekszy-wyscig-swiata\/","og_site_name":"\u0160koda We Love Cycling - Poland","article_published_time":"2022-10-31T13:25:43+00:00","article_modified_time":"2023-07-19T07:35:58+00:00","og_image":[{"width":990,"height":660,"url":"https:\/\/d2p6e6u75xmxt8.cloudfront.net\/5\/2022\/10\/Marion-Rousse-CVR-profimedia-0733549086.webp","type":"image\/webp"}],"author":"rafal","twitter_card":"summary_large_image","twitter_misc":{"Written by":"Piotr Nowik","Est. reading time":"3"},"schema":{"@context":"https:\/\/schema.org","@graph":[{"@type":"WebPage","@id":"https:\/\/www.welovecycling.com\/pl\/2022\/10\/31\/machina-ruszyla-co-przyniesie-najwiekszy-wyscig-swiata\/","url":"https:\/\/www.welovecycling.com\/pl\/2022\/10\/31\/machina-ruszyla-co-przyniesie-najwiekszy-wyscig-swiata\/","name":"Machina ruszy\u0142a! Co przyniesie najwi\u0119kszy wy\u015bcig \u015bwiata? - \u0160koda We Love Cycling - Poland","isPartOf":{"@id":"https:\/\/www.welovecycling.com\/pl\/#website"},"primaryImageOfPage":{"@id":"https:\/\/www.welovecycling.com\/pl\/2022\/10\/31\/machina-ruszyla-co-przyniesie-najwiekszy-wyscig-swiata\/#primaryimage"},"image":{"@id":"https:\/\/www.welovecycling.com\/pl\/2022\/10\/31\/machina-ruszyla-co-przyniesie-najwiekszy-wyscig-swiata\/#primaryimage"},"thumbnailUrl":"https:\/\/d2p6e6u75xmxt8.cloudfront.net\/5\/2022\/10\/Marion-Rousse-CVR-profimedia-0733549086.webp","datePublished":"2022-10-31T13:25:43+00:00","dateModified":"2023-07-19T07:35:58+00:00","author":{"@id":"https:\/\/www.welovecycling.com\/pl\/#\/schema\/person\/bf06ed916a1ef16618807fb60d2ebe42"},"breadcrumb":{"@id":"https:\/\/www.welovecycling.com\/pl\/2022\/10\/31\/machina-ruszyla-co-przyniesie-najwiekszy-wyscig-swiata\/#breadcrumb"},"inLanguage":"pl-PL","potentialAction":[{"@type":"ReadAction","target":["https:\/\/www.welovecycling.com\/pl\/2022\/10\/31\/machina-ruszyla-co-przyniesie-najwiekszy-wyscig-swiata\/"]}]},{"@type":"ImageObject","inLanguage":"pl-PL","@id":"https:\/\/www.welovecycling.com\/pl\/2022\/10\/31\/machina-ruszyla-co-przyniesie-najwiekszy-wyscig-swiata\/#primaryimage","url":"https:\/\/d2p6e6u75xmxt8.cloudfront.net\/5\/2022\/10\/Marion-Rousse-CVR-profimedia-0733549086.webp","contentUrl":"https:\/\/d2p6e6u75xmxt8.cloudfront.net\/5\/2022\/10\/Marion-Rousse-CVR-profimedia-0733549086.webp","width":990,"height":660},{"@type":"BreadcrumbList","@id":"https:\/\/www.welovecycling.com\/pl\/2022\/10\/31\/machina-ruszyla-co-przyniesie-najwiekszy-wyscig-swiata\/#breadcrumb","itemListElement":[{"@type":"ListItem","position":1,"name":"Home","item":"https:\/\/www.welovecycling.com\/pl\/"},{"@type":"ListItem","position":2,"name":"Machina ruszy\u0142a! Co przyniesie najwi\u0119kszy wy\u015bcig \u015bwiata?"}]},{"@type":"WebSite","@id":"https:\/\/www.welovecycling.com\/pl\/#website","url":"https:\/\/www.welovecycling.com\/pl\/","name":"\u0160koda We Love Cycling - Poland","description":"","potentialAction":[{"@type":"SearchAction","target":{"@type":"EntryPoint","urlTemplate":"https:\/\/www.welovecycling.com\/pl\/?s={search_term_string}"},"query-input":{"@type":"PropertyValueSpecification","valueRequired":true,"valueName":"search_term_string"}}],"inLanguage":"pl-PL"},{"@type":"Person","@id":"https:\/\/www.welovecycling.com\/pl\/#\/schema\/person\/bf06ed916a1ef16618807fb60d2ebe42","name":"rafal","image":{"@type":"ImageObject","inLanguage":"pl-PL","@id":"https:\/\/www.welovecycling.com\/pl\/#\/schema\/person\/image\/","url":"https:\/\/secure.gravatar.com\/avatar\/203f240e63bee214f6f3a0dacbeb600c7829c09716c2b9ee3230c6961debcde2?s=96&d=mm&r=g","contentUrl":"https:\/\/secure.gravatar.com\/avatar\/203f240e63bee214f6f3a0dacbeb600c7829c09716c2b9ee3230c6961debcde2?s=96&d=mm&r=g","caption":"rafal"},"url":"https:\/\/www.welovecycling.com\/pl\/author\/rafal\/"}]}},"_links":{"self":[{"href":"https:\/\/www.welovecycling.com\/pl\/wp-json\/wp\/v2\/posts\/13288","targetHints":{"allow":["GET"]}}],"collection":[{"href":"https:\/\/www.welovecycling.com\/pl\/wp-json\/wp\/v2\/posts"}],"about":[{"href":"https:\/\/www.welovecycling.com\/pl\/wp-json\/wp\/v2\/types\/post"}],"author":[{"embeddable":true,"href":"https:\/\/www.welovecycling.com\/pl\/wp-json\/wp\/v2\/users\/153"}],"replies":[{"embeddable":true,"href":"https:\/\/www.welovecycling.com\/pl\/wp-json\/wp\/v2\/comments?post=13288"}],"version-history":[{"count":2,"href":"https:\/\/www.welovecycling.com\/pl\/wp-json\/wp\/v2\/posts\/13288\/revisions"}],"predecessor-version":[{"id":13294,"href":"https:\/\/www.welovecycling.com\/pl\/wp-json\/wp\/v2\/posts\/13288\/revisions\/13294"}],"wp:featuredmedia":[{"embeddable":true,"href":"https:\/\/www.welovecycling.com\/pl\/wp-json\/wp\/v2\/media\/13289"}],"wp:attachment":[{"href":"https:\/\/www.welovecycling.com\/pl\/wp-json\/wp\/v2\/media?parent=13288"}],"wp:term":[{"taxonomy":"category","embeddable":true,"href":"https:\/\/www.welovecycling.com\/pl\/wp-json\/wp\/v2\/categories?post=13288"},{"taxonomy":"post_tag","embeddable":true,"href":"https:\/\/www.welovecycling.com\/pl\/wp-json\/wp\/v2\/tags?post=13288"},{"taxonomy":"global-categories","embeddable":true,"href":"https:\/\/www.welovecycling.com\/pl\/wp-json\/wp\/v2\/global-categories?post=13288"}],"curies":[{"name":"wp","href":"https:\/\/api.w.org\/{rel}","templated":true}]}}