{"id":13282,"date":"2022-10-28T14:38:21","date_gmt":"2022-10-28T14:38:21","guid":{"rendered":"https:\/\/www.welovecycling.com\/pl\/?p=13282"},"modified":"2023-07-19T07:36:47","modified_gmt":"2023-07-19T07:36:47","slug":"znow-zaskoczyli-wlasnie-tak-pojedzie-najwiekszy-wyscig-swiata","status":"publish","type":"post","link":"https:\/\/www.welovecycling.com\/pl\/2022\/10\/28\/znow-zaskoczyli-wlasnie-tak-pojedzie-najwiekszy-wyscig-swiata\/","title":{"rendered":"Zn\u00f3w zaskoczyli! W\u0142a\u015bnie tak pojedzie najwi\u0119kszy wy\u015bcig \u015bwiata"},"content":{"rendered":"<p>Niecodzienny start, piekielne g\u00f3ry, tylko jedna jazda na czas i tradycyjna lampka szampana na Polach Elizejskich \u2013 w\u0142a\u015bnie tak w skr\u00f3cie wygl\u0105da trasa przysz\u0142orocznego Tour de France. W Pary\u017cu zaprezentowano r\u00f3wnie\u017c plan najbli\u017cszego Tour de France Femmes.<\/p>\n<p>To jedno z ciekawszych kolarskich wydarze\u0144 po finale sezonu. Gdy zawodnicy zako\u0144cz\u0105 ju\u017c najwa\u017cniejsze wy\u015bcigi i powoli my\u015bl\u0105 o urlopach, szefostwo Tour de France daje kibicom kolarstwa atrakcje na d\u0142ugi jesienne wieczory. Wygodny fotel, gor\u0105ca herbata i&#8230; analiza trasy przysz\u0142orocznej Wielkiej P\u0119tli.<\/p>\n<div class=\"embed-controller-wrapper\">\n<blockquote class=\"twitter-tweet\" data-width=\"500\" data-dnt=\"true\">\n<p lang=\"en\" dir=\"ltr\">\ud83e\udd29 Here it is, the official route of the <a href=\"https:\/\/twitter.com\/hashtag\/TDF2023?src=hash&amp;ref_src=twsrc%5Etfw\">#TDF2023<\/a>!<\/p>\n<p>\ud83e\udd29 Voici le parcours officiel du <a href=\"https:\/\/twitter.com\/hashtag\/TDF2023?src=hash&amp;ref_src=twsrc%5Etfw\">#TDF2023<\/a> ! <a href=\"https:\/\/t.co\/QPwvs91Ar6\">pic.twitter.com\/QPwvs91Ar6<\/a><\/p>\n<p>&mdash; Tour de France\u2122 (@LeTour) <a href=\"https:\/\/twitter.com\/LeTour\/status\/1585581067444146176?ref_src=twsrc%5Etfw\">October 27, 2022<\/a><\/p><\/blockquote>\n<p><script async data-src=\"https:\/\/platform.twitter.com\/widgets.js\" charset=\"utf-8\"><\/script><\/div>\n<h2><strong>\u201eJeste\u015bmy pe\u0142ni entuzjazmu\u201d<\/strong><\/h2>\n<p>Prezentacja 110. edycji Tour de France tradycyjnie odby\u0142a si\u0119 w Palais de Congres w Pary\u017cu. Na widowni zasiad\u0142y s\u0142awy i legendy kolarstwa, by etap po etapie dowiadywa\u0107 si\u0119, jak w lipcu 2023 r. b\u0119d\u0105 rywalizowali zawodnicy w najwi\u0119kszej imprezie kolarskiej na \u015bwiecie.<\/p>\n<p>Od ponad p\u00f3\u0142 roku wiadomo, \u017ce wy\u015bcig zacznie si\u0119 w Kraju Bask\u00f3w. \u2013 Dzi\u0119ki Tour de France nasz region stanie si\u0119 jeszcze bardziej atrakcyjny. Jeste\u015bmy pe\u0142ni entuzjazmu i gotowi, by powita\u0107 u siebie 110. edycj\u0119 Wielkiej P\u0119tli. Lipiec 2023 r. to b\u0119dzie historyczny i wyj\u0105tkowy moment. Liczymy na wspania\u0142\u0105 atmosfer\u0119 podczas ca\u0142ego przejazdu przez Kraj Bask\u00f3w \u2013 podkre\u015bla\u0142 Urkullu Renteria, prezydent regionu.<\/p>\n<p>Tour de France 2023 wystartuje 1 lipca w Bilbao \u015bciganiem po pag\u00f3rkowatych terenach w okolicach miasta. Nazajutrz zaplanowany jest etap z Vitoria-Gasteiz do San Sebastian, a trzeciego dnia zawodnicy zn\u00f3w wystartuj\u0105 z Kraju Bask\u00f3w (Amorebieta-Etxano), ale po 185 km zamelduj\u0105 si\u0119 ju\u017c we francuskim Bayonne.<\/p>\n<h2><strong>Walka z g\u00f3rami<\/strong><\/h2>\n<p>Od pi\u0105tego etapu zacznie si\u0119 walka w g\u00f3rach, kt\u00f3re b\u0119d\u0105 towarzyszy\u0142y zawodnikom a\u017c do pierwszego dnia przerwy. Po nim kolarzy czekaj\u0105 trzy dni jazdy po terenach p\u0142askich i pag\u00f3rkowatych, a p\u00f3\u017aniej zn\u00f3w walka ze wzniesieniami, gdzie powinni\u015bmy ju\u017c pozna\u0107 g\u0142\u00f3wnych faworyt\u00f3w do wygrania ca\u0142ego wy\u015bcigu.<\/p>\n<p>Szczeg\u00f3lnie ciekawie rysuje si\u0119 etap 13., kt\u00f3ry odb\u0119dzie si\u0119 podczas \u015bwi\u0119ta narodowego Francji. Jego fina\u0142 zaplanowany jest na legendarnym Grand Colombier, wi\u0119c zapowiada si\u0119 nie tylko niesamowita walka, ale te\u017c kapitalna atmosfera.<\/p>\n<p>R\u00f3wnie emocjonuj\u0105co mo\u017ce by\u0107 dwa dni p\u00f3\u017aniej, podczas fina\u0142owej wspinaczki na Saint Gervais Mont Blanc. Inna sprawa, \u017ce etap skonstruowany jest w taki spos\u00f3b, \u017ce ju\u017c dotarcie na sam szczyt b\u0119dzie sporym osi\u0105gni\u0119ciem.<\/p>\n<h2><strong>Tak\u017ce co\u015b dla fan\u00f3w&#8230; narciarstwa<\/strong><\/h2>\n<p>Ostatni tydzie\u0144 Tour de France 2023 rozpocznie pierwsza i ostatnia jazda na czas \u2013 22 kilometry z Passy do Combloux. P\u00f3\u017aniej b\u0119dzie g\u00f3rski etap z met\u0105 w doskonale znanym fanom narciarstwa Courchevel. Nast\u0119pnie na zawodnik\u00f3w czekaj\u0105 etapy pag\u00f3rkowate i p\u0142askie, a wygrana w ca\u0142ym wy\u015bcigu by\u0107 mo\u017ce rozstrzygnie si\u0119 przedostatniego dnia, na g\u00f3rskim etapie z Belfort do Le Markstein Fellering.<\/p>\n<p>Koniec wy\u015bcigu zaplanowano na 23 lipca, tradycyjnie na Polach Elizejskich.<\/p>\n<lite-youtube videoid=PbnybqY39uU params=\"enablejsapi=1\" style=\"background-image: url('https:\/\/i.ytimg.com\/vi_webp\/PbnybqY39uU\/maxresdefault.webp');\"><\/lite-youtube>\n<h2><strong>8 dni trudnego \u015bcigania dla pa\u0144<\/strong><\/h2>\n<p>Podczas gali w Palais de Congres w Pary\u017cu poznali\u015bmy r\u00f3wnie\u017c tras\u0119 Tour de France Femmes. Kobiety \u015bciganie rozpoczn\u0105 23 lipca, czyli tego samego dnia, w kt\u00f3rym ko\u0144czy si\u0119 Tour de France m\u0119\u017cczyzn.<\/p>\n<p>Pierwszy etap b\u0119dzie mia\u0142 miejsce w Clermont-Ferrand. W kolejnym okazj\u0119 do wykazania si\u0119 b\u0119d\u0105 mia\u0142y specjalistki od jazdy po g\u00f3rach, a trzeciego dnia rz\u0105dzi\u0142y b\u0119d\u0105 sprinterki. P\u00f3\u017aniej zaplanowana jest 177-kilometrowa przeprawa z Cahors do Rodez, a nazajutrz do Albi.<\/p>\n<p>Sz\u00f3sty dzie\u0144 to ostatnia szansa na pokazanie si\u0119 dla sprinterek, a si\u00f3dmy etap to prawdziwe g\u00f3rskie m\u0119czarnie, kt\u00f3re zako\u0144cz\u0105 si\u0119 ponad 2000 m n.p.m., czyli na Col du Tourmalet.<\/p>\n<p>Tour de France Femmes zako\u0144czy si\u0119 30 lipca 22-kilometrow\u0105 czas\u00f3wk\u0105 po ulicach Pau.<\/p>\n<div class=\"embed-controller-wrapper\">\n<blockquote class=\"twitter-tweet\" data-width=\"500\" data-dnt=\"true\">\n<p lang=\"fr\" dir=\"ltr\">\ud83e\udd29The official route of the <a href=\"https:\/\/twitter.com\/hashtag\/TDFF2023?src=hash&amp;ref_src=twsrc%5Etfw\">#TDFF2023<\/a> avec <a href=\"https:\/\/twitter.com\/GoZwift?ref_src=twsrc%5Etfw\">@GoZwift<\/a>!<\/p>\n<p>\ud83e\udd29 Voici le parcours officiel du <a href=\"https:\/\/twitter.com\/hashtag\/TDFF2023?src=hash&amp;ref_src=twsrc%5Etfw\">#TDFF2023<\/a> avec Zwift !<a href=\"https:\/\/twitter.com\/hashtag\/WatchTheFemmes?src=hash&amp;ref_src=twsrc%5Etfw\">#WatchTheFemmes<\/a> <a href=\"https:\/\/t.co\/A7PJNR1UUI\">pic.twitter.com\/A7PJNR1UUI<\/a><\/p>\n<p>&mdash; Le Tour de France Femmes avec Zwift (@LeTourFemmes) <a href=\"https:\/\/twitter.com\/LeTourFemmes\/status\/1585571254823624704?ref_src=twsrc%5Etfw\">October 27, 2022<\/a><\/p><\/blockquote>\n<p><script async data-src=\"https:\/\/platform.twitter.com\/widgets.js\" charset=\"utf-8\"><\/script><\/div>\n<p><span data-sheets-value=\"{&quot;1&quot;:2,&quot;2&quot;:&quot;Artyku\u0142 powsta\u0142 we wsp\u00f3\u0142pracy ze skoda-auto.pl&quot;}\" data-sheets-userformat=\"{&quot;2&quot;:1,&quot;3&quot;:{&quot;1&quot;:0}}\" data-sheets-hyperlink=\"http:\/\/www.skoda-auto.pl\/\"><a class=\"in-cell-link\" href=\"http:\/\/www.skoda-auto.pl\/\" target=\"_blank\" rel=\"noopener noreferrer\">Artyku\u0142 powsta\u0142 we wsp\u00f3\u0142pracy ze skoda-auto.pl<\/a><\/span><\/p>\n<p><a href=\"https:\/\/sklep.skoda.pl\/pl\/sklep\/b\/331\/rowery-i-akcesoria-rowery.html\"><img loading=\"lazy\" decoding=\"async\" class=\"aligncenter wp-image-9608 size-full loading\" src=\"https:\/\/d2p6e6u75xmxt8.cloudfront.net\/5\/2019\/08\/baner_WLC_640x350_3.png\" sizes=\"auto, (max-width: 640px) 100vw, 640px\" srcset=\"https:\/\/d2p6e6u75xmxt8.cloudfront.net\/5\/2019\/08\/baner_WLC_640x350_3.png 640w, https:\/\/d2p6e6u75xmxt8.cloudfront.net\/5\/2019\/08\/baner_WLC_640x350_3-300x164.png 300w\" alt=\"\" width=\"640\" height=\"350\" data-was-processed=\"true\" \/><\/a><\/p>\n","protected":false},"excerpt":{"rendered":"<p>Niecodzienny start, piekielne g\u00f3ry, tylko jedna jazda na czas i tradycyjna lampka szampana na Polach Elizejskich \u2013 w\u0142a\u015bnie tak w [&hellip;]<\/p>\n","protected":false},"author":153,"featured_media":13283,"comment_status":"open","ping_status":"open","sticky":false,"template":"","format":"standard","meta":{"footnotes":""},"categories":[6,337],"tags":[176,362,77,399,181,146],"global-categories":[303],"class_list":["post-13282","post","type-post","status-publish","format-standard","has-post-thumbnail","hentry","category-kolarstwo-szosowe","category-tour-de-france","tag-kolarstwo","tag-piotr-nowik","tag-tour-de-france","tag-tour-de-france-2023","tag-trasa-tour-de-france","tag-wyscig","global-categories-cycling"],"yoast_head":"<!-- This site is optimized with the Yoast SEO Premium plugin v25.3 (Yoast SEO v25.9) - https:\/\/yoast.com\/wordpress\/plugins\/seo\/ -->\n<title>Zn\u00f3w zaskoczyli! W\u0142a\u015bnie tak pojedzie najwi\u0119kszy wy\u015bcig \u015bwiata - \u0160koda We Love Cycling - Poland<\/title>\n<meta name=\"robots\" content=\"index, follow, max-snippet:-1, max-image-preview:large, max-video-preview:-1\" \/>\n<link rel=\"canonical\" href=\"https:\/\/www.welovecycling.com\/pl\/2022\/10\/28\/znow-zaskoczyli-wlasnie-tak-pojedzie-najwiekszy-wyscig-swiata\/\" \/>\n<meta property=\"og:locale\" content=\"pl_PL\" \/>\n<meta property=\"og:type\" content=\"article\" \/>\n<meta property=\"og:title\" content=\"Zn\u00f3w zaskoczyli! W\u0142a\u015bnie tak pojedzie najwi\u0119kszy wy\u015bcig \u015bwiata\" \/>\n<meta property=\"og:description\" content=\"Niecodzienny start, piekielne g\u00f3ry, tylko jedna jazda na czas i tradycyjna lampka szampana na Polach Elizejskich \u2013 w\u0142a\u015bnie tak w [&hellip;]\" \/>\n<meta property=\"og:url\" content=\"https:\/\/www.welovecycling.com\/pl\/2022\/10\/28\/znow-zaskoczyli-wlasnie-tak-pojedzie-najwiekszy-wyscig-swiata\/\" \/>\n<meta property=\"og:site_name\" content=\"\u0160koda We Love Cycling - Poland\" \/>\n<meta property=\"article:published_time\" content=\"2022-10-28T14:38:21+00:00\" \/>\n<meta property=\"article:modified_time\" content=\"2023-07-19T07:36:47+00:00\" \/>\n<meta property=\"og:image\" content=\"https:\/\/d2p6e6u75xmxt8.cloudfront.net\/5\/2022\/10\/Christian-Prudhomme-CVR-profimedia-0733548897.webp\" \/>\n\t<meta property=\"og:image:width\" content=\"990\" \/>\n\t<meta property=\"og:image:height\" content=\"660\" \/>\n\t<meta property=\"og:image:type\" content=\"image\/webp\" \/>\n<meta name=\"author\" content=\"rafal\" \/>\n<meta name=\"twitter:card\" content=\"summary_large_image\" \/>\n<meta name=\"twitter:label1\" content=\"Written by\" \/>\n\t<meta name=\"twitter:data1\" content=\"Piotr Nowik\" \/>\n\t<meta name=\"twitter:label2\" content=\"Est. reading time\" \/>\n\t<meta name=\"twitter:data2\" content=\"3\" \/>\n<script type=\"application\/ld+json\" class=\"yoast-schema-graph\">{\"@context\":\"https:\/\/schema.org\",\"@graph\":[{\"@type\":\"WebPage\",\"@id\":\"https:\/\/www.welovecycling.com\/pl\/2022\/10\/28\/znow-zaskoczyli-wlasnie-tak-pojedzie-najwiekszy-wyscig-swiata\/\",\"url\":\"https:\/\/www.welovecycling.com\/pl\/2022\/10\/28\/znow-zaskoczyli-wlasnie-tak-pojedzie-najwiekszy-wyscig-swiata\/\",\"name\":\"Zn\u00f3w zaskoczyli! W\u0142a\u015bnie tak pojedzie najwi\u0119kszy wy\u015bcig \u015bwiata - \u0160koda We Love Cycling - Poland\",\"isPartOf\":{\"@id\":\"https:\/\/www.welovecycling.com\/pl\/#website\"},\"primaryImageOfPage\":{\"@id\":\"https:\/\/www.welovecycling.com\/pl\/2022\/10\/28\/znow-zaskoczyli-wlasnie-tak-pojedzie-najwiekszy-wyscig-swiata\/#primaryimage\"},\"image\":{\"@id\":\"https:\/\/www.welovecycling.com\/pl\/2022\/10\/28\/znow-zaskoczyli-wlasnie-tak-pojedzie-najwiekszy-wyscig-swiata\/#primaryimage\"},\"thumbnailUrl\":\"https:\/\/d2p6e6u75xmxt8.cloudfront.net\/5\/2022\/10\/Christian-Prudhomme-CVR-profimedia-0733548897.webp\",\"datePublished\":\"2022-10-28T14:38:21+00:00\",\"dateModified\":\"2023-07-19T07:36:47+00:00\",\"author\":{\"@id\":\"https:\/\/www.welovecycling.com\/pl\/#\/schema\/person\/bf06ed916a1ef16618807fb60d2ebe42\"},\"breadcrumb\":{\"@id\":\"https:\/\/www.welovecycling.com\/pl\/2022\/10\/28\/znow-zaskoczyli-wlasnie-tak-pojedzie-najwiekszy-wyscig-swiata\/#breadcrumb\"},\"inLanguage\":\"pl-PL\",\"potentialAction\":[{\"@type\":\"ReadAction\",\"target\":[\"https:\/\/www.welovecycling.com\/pl\/2022\/10\/28\/znow-zaskoczyli-wlasnie-tak-pojedzie-najwiekszy-wyscig-swiata\/\"]}]},{\"@type\":\"ImageObject\",\"inLanguage\":\"pl-PL\",\"@id\":\"https:\/\/www.welovecycling.com\/pl\/2022\/10\/28\/znow-zaskoczyli-wlasnie-tak-pojedzie-najwiekszy-wyscig-swiata\/#primaryimage\",\"url\":\"https:\/\/d2p6e6u75xmxt8.cloudfront.net\/5\/2022\/10\/Christian-Prudhomme-CVR-profimedia-0733548897.webp\",\"contentUrl\":\"https:\/\/d2p6e6u75xmxt8.cloudfront.net\/5\/2022\/10\/Christian-Prudhomme-CVR-profimedia-0733548897.webp\",\"width\":990,\"height\":660},{\"@type\":\"BreadcrumbList\",\"@id\":\"https:\/\/www.welovecycling.com\/pl\/2022\/10\/28\/znow-zaskoczyli-wlasnie-tak-pojedzie-najwiekszy-wyscig-swiata\/#breadcrumb\",\"itemListElement\":[{\"@type\":\"ListItem\",\"position\":1,\"name\":\"Home\",\"item\":\"https:\/\/www.welovecycling.com\/pl\/\"},{\"@type\":\"ListItem\",\"position\":2,\"name\":\"Zn\u00f3w zaskoczyli! W\u0142a\u015bnie tak pojedzie najwi\u0119kszy wy\u015bcig \u015bwiata\"}]},{\"@type\":\"WebSite\",\"@id\":\"https:\/\/www.welovecycling.com\/pl\/#website\",\"url\":\"https:\/\/www.welovecycling.com\/pl\/\",\"name\":\"\u0160koda We Love Cycling - Poland\",\"description\":\"\",\"potentialAction\":[{\"@type\":\"SearchAction\",\"target\":{\"@type\":\"EntryPoint\",\"urlTemplate\":\"https:\/\/www.welovecycling.com\/pl\/?s={search_term_string}\"},\"query-input\":{\"@type\":\"PropertyValueSpecification\",\"valueRequired\":true,\"valueName\":\"search_term_string\"}}],\"inLanguage\":\"pl-PL\"},{\"@type\":\"Person\",\"@id\":\"https:\/\/www.welovecycling.com\/pl\/#\/schema\/person\/bf06ed916a1ef16618807fb60d2ebe42\",\"name\":\"rafal\",\"image\":{\"@type\":\"ImageObject\",\"inLanguage\":\"pl-PL\",\"@id\":\"https:\/\/www.welovecycling.com\/pl\/#\/schema\/person\/image\/\",\"url\":\"https:\/\/secure.gravatar.com\/avatar\/203f240e63bee214f6f3a0dacbeb600c7829c09716c2b9ee3230c6961debcde2?s=96&d=mm&r=g\",\"contentUrl\":\"https:\/\/secure.gravatar.com\/avatar\/203f240e63bee214f6f3a0dacbeb600c7829c09716c2b9ee3230c6961debcde2?s=96&d=mm&r=g\",\"caption\":\"rafal\"},\"url\":\"https:\/\/www.welovecycling.com\/pl\/author\/rafal\/\"}]}<\/script>\n<!-- \/ Yoast SEO Premium plugin. -->","yoast_head_json":{"title":"Zn\u00f3w zaskoczyli! W\u0142a\u015bnie tak pojedzie najwi\u0119kszy wy\u015bcig \u015bwiata - \u0160koda We Love Cycling - Poland","robots":{"index":"index","follow":"follow","max-snippet":"max-snippet:-1","max-image-preview":"max-image-preview:large","max-video-preview":"max-video-preview:-1"},"canonical":"https:\/\/www.welovecycling.com\/pl\/2022\/10\/28\/znow-zaskoczyli-wlasnie-tak-pojedzie-najwiekszy-wyscig-swiata\/","og_locale":"pl_PL","og_type":"article","og_title":"Zn\u00f3w zaskoczyli! W\u0142a\u015bnie tak pojedzie najwi\u0119kszy wy\u015bcig \u015bwiata","og_description":"Niecodzienny start, piekielne g\u00f3ry, tylko jedna jazda na czas i tradycyjna lampka szampana na Polach Elizejskich \u2013 w\u0142a\u015bnie tak w [&hellip;]","og_url":"https:\/\/www.welovecycling.com\/pl\/2022\/10\/28\/znow-zaskoczyli-wlasnie-tak-pojedzie-najwiekszy-wyscig-swiata\/","og_site_name":"\u0160koda We Love Cycling - Poland","article_published_time":"2022-10-28T14:38:21+00:00","article_modified_time":"2023-07-19T07:36:47+00:00","og_image":[{"width":990,"height":660,"url":"https:\/\/d2p6e6u75xmxt8.cloudfront.net\/5\/2022\/10\/Christian-Prudhomme-CVR-profimedia-0733548897.webp","type":"image\/webp"}],"author":"rafal","twitter_card":"summary_large_image","twitter_misc":{"Written by":"Piotr Nowik","Est. reading time":"3"},"schema":{"@context":"https:\/\/schema.org","@graph":[{"@type":"WebPage","@id":"https:\/\/www.welovecycling.com\/pl\/2022\/10\/28\/znow-zaskoczyli-wlasnie-tak-pojedzie-najwiekszy-wyscig-swiata\/","url":"https:\/\/www.welovecycling.com\/pl\/2022\/10\/28\/znow-zaskoczyli-wlasnie-tak-pojedzie-najwiekszy-wyscig-swiata\/","name":"Zn\u00f3w zaskoczyli! W\u0142a\u015bnie tak pojedzie najwi\u0119kszy wy\u015bcig \u015bwiata - \u0160koda We Love Cycling - Poland","isPartOf":{"@id":"https:\/\/www.welovecycling.com\/pl\/#website"},"primaryImageOfPage":{"@id":"https:\/\/www.welovecycling.com\/pl\/2022\/10\/28\/znow-zaskoczyli-wlasnie-tak-pojedzie-najwiekszy-wyscig-swiata\/#primaryimage"},"image":{"@id":"https:\/\/www.welovecycling.com\/pl\/2022\/10\/28\/znow-zaskoczyli-wlasnie-tak-pojedzie-najwiekszy-wyscig-swiata\/#primaryimage"},"thumbnailUrl":"https:\/\/d2p6e6u75xmxt8.cloudfront.net\/5\/2022\/10\/Christian-Prudhomme-CVR-profimedia-0733548897.webp","datePublished":"2022-10-28T14:38:21+00:00","dateModified":"2023-07-19T07:36:47+00:00","author":{"@id":"https:\/\/www.welovecycling.com\/pl\/#\/schema\/person\/bf06ed916a1ef16618807fb60d2ebe42"},"breadcrumb":{"@id":"https:\/\/www.welovecycling.com\/pl\/2022\/10\/28\/znow-zaskoczyli-wlasnie-tak-pojedzie-najwiekszy-wyscig-swiata\/#breadcrumb"},"inLanguage":"pl-PL","potentialAction":[{"@type":"ReadAction","target":["https:\/\/www.welovecycling.com\/pl\/2022\/10\/28\/znow-zaskoczyli-wlasnie-tak-pojedzie-najwiekszy-wyscig-swiata\/"]}]},{"@type":"ImageObject","inLanguage":"pl-PL","@id":"https:\/\/www.welovecycling.com\/pl\/2022\/10\/28\/znow-zaskoczyli-wlasnie-tak-pojedzie-najwiekszy-wyscig-swiata\/#primaryimage","url":"https:\/\/d2p6e6u75xmxt8.cloudfront.net\/5\/2022\/10\/Christian-Prudhomme-CVR-profimedia-0733548897.webp","contentUrl":"https:\/\/d2p6e6u75xmxt8.cloudfront.net\/5\/2022\/10\/Christian-Prudhomme-CVR-profimedia-0733548897.webp","width":990,"height":660},{"@type":"BreadcrumbList","@id":"https:\/\/www.welovecycling.com\/pl\/2022\/10\/28\/znow-zaskoczyli-wlasnie-tak-pojedzie-najwiekszy-wyscig-swiata\/#breadcrumb","itemListElement":[{"@type":"ListItem","position":1,"name":"Home","item":"https:\/\/www.welovecycling.com\/pl\/"},{"@type":"ListItem","position":2,"name":"Zn\u00f3w zaskoczyli! W\u0142a\u015bnie tak pojedzie najwi\u0119kszy wy\u015bcig \u015bwiata"}]},{"@type":"WebSite","@id":"https:\/\/www.welovecycling.com\/pl\/#website","url":"https:\/\/www.welovecycling.com\/pl\/","name":"\u0160koda We Love Cycling - Poland","description":"","potentialAction":[{"@type":"SearchAction","target":{"@type":"EntryPoint","urlTemplate":"https:\/\/www.welovecycling.com\/pl\/?s={search_term_string}"},"query-input":{"@type":"PropertyValueSpecification","valueRequired":true,"valueName":"search_term_string"}}],"inLanguage":"pl-PL"},{"@type":"Person","@id":"https:\/\/www.welovecycling.com\/pl\/#\/schema\/person\/bf06ed916a1ef16618807fb60d2ebe42","name":"rafal","image":{"@type":"ImageObject","inLanguage":"pl-PL","@id":"https:\/\/www.welovecycling.com\/pl\/#\/schema\/person\/image\/","url":"https:\/\/secure.gravatar.com\/avatar\/203f240e63bee214f6f3a0dacbeb600c7829c09716c2b9ee3230c6961debcde2?s=96&d=mm&r=g","contentUrl":"https:\/\/secure.gravatar.com\/avatar\/203f240e63bee214f6f3a0dacbeb600c7829c09716c2b9ee3230c6961debcde2?s=96&d=mm&r=g","caption":"rafal"},"url":"https:\/\/www.welovecycling.com\/pl\/author\/rafal\/"}]}},"_links":{"self":[{"href":"https:\/\/www.welovecycling.com\/pl\/wp-json\/wp\/v2\/posts\/13282","targetHints":{"allow":["GET"]}}],"collection":[{"href":"https:\/\/www.welovecycling.com\/pl\/wp-json\/wp\/v2\/posts"}],"about":[{"href":"https:\/\/www.welovecycling.com\/pl\/wp-json\/wp\/v2\/types\/post"}],"author":[{"embeddable":true,"href":"https:\/\/www.welovecycling.com\/pl\/wp-json\/wp\/v2\/users\/153"}],"replies":[{"embeddable":true,"href":"https:\/\/www.welovecycling.com\/pl\/wp-json\/wp\/v2\/comments?post=13282"}],"version-history":[{"count":1,"href":"https:\/\/www.welovecycling.com\/pl\/wp-json\/wp\/v2\/posts\/13282\/revisions"}],"predecessor-version":[{"id":13287,"href":"https:\/\/www.welovecycling.com\/pl\/wp-json\/wp\/v2\/posts\/13282\/revisions\/13287"}],"wp:featuredmedia":[{"embeddable":true,"href":"https:\/\/www.welovecycling.com\/pl\/wp-json\/wp\/v2\/media\/13283"}],"wp:attachment":[{"href":"https:\/\/www.welovecycling.com\/pl\/wp-json\/wp\/v2\/media?parent=13282"}],"wp:term":[{"taxonomy":"category","embeddable":true,"href":"https:\/\/www.welovecycling.com\/pl\/wp-json\/wp\/v2\/categories?post=13282"},{"taxonomy":"post_tag","embeddable":true,"href":"https:\/\/www.welovecycling.com\/pl\/wp-json\/wp\/v2\/tags?post=13282"},{"taxonomy":"global-categories","embeddable":true,"href":"https:\/\/www.welovecycling.com\/pl\/wp-json\/wp\/v2\/global-categories?post=13282"}],"curies":[{"name":"wp","href":"https:\/\/api.w.org\/{rel}","templated":true}]}}