{"id":13255,"date":"2022-10-12T14:59:22","date_gmt":"2022-10-12T14:59:22","guid":{"rendered":"https:\/\/www.welovecycling.com\/pl\/?p=13255"},"modified":"2022-10-12T15:01:45","modified_gmt":"2022-10-12T15:01:45","slug":"tak-blisko-a-jednak-tak-daleko-kolarze-powoli-zapadaja-w-zimowy-sen","status":"publish","type":"post","link":"https:\/\/www.welovecycling.com\/pl\/2022\/10\/12\/tak-blisko-a-jednak-tak-daleko-kolarze-powoli-zapadaja-w-zimowy-sen\/","title":{"rendered":"Tak blisko, a jednak tak daleko\u2026 Kolarze powoli zapadaj\u0105 w zimowy sen"},"content":{"rendered":"<p><strong>Tadej Pogacar wydaje si\u0119 najwi\u0119kszym wygranym UCI World Tour 2022, cho\u0107 niekt\u00f3rzy twierdz\u0105, \u017ce to w\u0142a\u015bnie S\u0142oweniec prze\u017cy\u0142 najwi\u0119ksze rozczarowanie w tym sezonie\u2026 Kto ma racj\u0119? Czas na podsumowanie tegorocznego \u015bcigania w \u015bwiatowym kolarstwie.<\/strong><\/p>\n<p>Na og\u00f3\u0142 zawody z cyklu UCI World Tour ko\u0144cz\u0105 si\u0119 w pa\u017adzierniku w Chinach, ale w tym roku azjatyckie \u015bciganie odwo\u0142ano z powodu pandemii koronawirusa. To oznacza, \u017ce wy\u015bcig Il Lombardia zamkn\u0105\u0142 seri\u0119 zawod\u00f3w z najwy\u017cszej p\u00f3\u0142ki, kt\u00f3re w tym roku by\u0142y wyj\u0105tkowo pasjonuj\u0105ce.<\/p>\n<h2><strong><b>Ma\u0142a S\u0142owenia deklasuje wielkie pa\u0144stwa<\/b><\/strong><\/h2>\n<p>Teoretycznie najszcz\u0119\u015bliwszymi kibicami na ca\u0142ym \u015bwiecie byli S\u0142owe\u0144cy. Ten niewielki, licz\u0105cy niewiele ponad 2 mln mieszka\u0144c\u00f3w kraj da\u0142 \u015bwiatowemu kolarstwu a\u017c dw\u00f3ch zawodnik\u00f3w najwy\u017cszej klasy. Podczas gdy to Belgowie, Francuzi, W\u0142osi i Hiszpanie przekonuj\u0105 o swojej kolarskiej wy\u017cszo\u015bci, S\u0142owe\u0144cy po prostu seryjnie wygrywaj\u0105 najwa\u017cniejsze wy\u015bcigi.<\/p>\n<div class=\"embed-controller-wrapper\">\n<blockquote class=\"twitter-tweet\" data-width=\"500\" data-dnt=\"true\">\n<p lang=\"en\" dir=\"ltr\">We gave it a good shot!<br \/>&#39;La Primavera&#39; was a nice race but I&#39;m glad every stage is not 300km like today \ud83d\ude05\ud83d\ude02<\/p>\n<p>Thanks to my teammates who gave it everything and congrats to my compatriot <a href=\"https:\/\/twitter.com\/matmohoric?ref_src=twsrc%5Etfw\">@matmohoric<\/a> on the win.<br \/>Now time for a rest before the next races ! <a href=\"https:\/\/t.co\/UyKzNa2pYG\">pic.twitter.com\/UyKzNa2pYG<\/a><\/p>\n<p>&mdash; Tadej Poga\u010dar (@TamauPogi) <a href=\"https:\/\/twitter.com\/TamauPogi\/status\/1505249278763094021?ref_src=twsrc%5Etfw\">March 19, 2022<\/a><\/p><\/blockquote>\n<p><script async data-src=\"https:\/\/platform.twitter.com\/widgets.js\" charset=\"utf-8\"><\/script><\/div>\n<p>Fenomenem jest Tadej Pogacar (UAE Team Emirates), kt\u00f3ry w tym sezonie wygra\u0142 a\u017c pi\u0119\u0107 zawod\u00f3w z cyklu UCI World Tour. Ju\u017c na pocz\u0105tku roku 24-letni S\u0142oweniec da\u0142 do zrozumienia, \u017ce nie spu\u015bci z tonu, gdy wygra\u0142 trzy z pi\u0119ciu zawod\u00f3w otwieraj\u0105cych kalendarz (UAE Tour, Strade Bianche oraz Tirreno \u2013 Adriatico). A jakby tego by\u0142o ma\u0142o, kolejne zwyci\u0119stwo dorzuci\u0142 jego rodak Primo\u017c Rogli\u0107 (Jumbo \u2013 Visma), kt\u00f3ry wygra\u0142 presti\u017cowy wy\u015bcig Pary\u017c \u2013 Nicea. Dominacj\u0119 S\u0142owe\u0144c\u00f3w uda\u0142o si\u0119 przerwa\u0107 tylko Wout van Aertowi (Jumbo \u2013 Visma), kt\u00f3ry triumfowa\u0142 w belgijskim Omloop Het Nieuwsblad.<\/p>\n<h2><strong><b>Pora\u017cki w Grand Tourach<\/b><\/strong><\/h2>\n<p>Pocz\u0105tek sezonu nie zapowiada\u0142 jednak tego, co wydarzy\u0142o si\u0119 podczas najbardziej presti\u017cowych wy\u015bcig\u00f3w. Pogacar od pocz\u0105tku nie ukrywa\u0142, \u017ce jego celem jest trzecie z rz\u0119du zwyci\u0119stwo w Tour de France. By to osi\u0105gn\u0105\u0107, na jaki\u015b czas zaszy\u0142 si\u0119 w Alpach, gdzie ci\u0119\u017cko trenowa\u0142 przed najwi\u0119kszym wy\u015bcigiem \u015bwiata. Czasu w g\u00f3rach nie zmarnowa\u0142, ale mimo wszystko musia\u0142 uzna\u0107 wy\u017cszo\u015b\u0107 Du\u0144czyka Jonasa Vingegaarda (Jumbo \u2013 Visma). S\u0142oweniec by\u0142 drugi, co oznacza\u0142o dla niego pora\u017ck\u0119.<\/p>\n<div class=\"embed-controller-wrapper\">\n<blockquote class=\"twitter-tweet\" data-width=\"500\" data-dnt=\"true\">\n<p lang=\"nl\" dir=\"ltr\">\ud83d\udc9b\ud83c\udde9\ud83c\uddf0 Jonas Vingegaard wins the <a href=\"https:\/\/twitter.com\/hashtag\/TDF2022?src=hash&amp;ref_src=twsrc%5Etfw\">#TDF2022<\/a>!<\/p>\n<p>\ud83d\udc9b\ud83c\udde9\ud83c\uddf0 Jonas Vingegaard remporte le <a href=\"https:\/\/twitter.com\/hashtag\/TDF2022?src=hash&amp;ref_src=twsrc%5Etfw\">#TDF2022<\/a> ! <a href=\"https:\/\/t.co\/QTd4ipsxNH\">pic.twitter.com\/QTd4ipsxNH<\/a><\/p>\n<p>&mdash; Tour de France\u2122 (@LeTour) <a href=\"https:\/\/twitter.com\/LeTour\/status\/1551263515993833472?ref_src=twsrc%5Etfw\">July 24, 2022<\/a><\/p><\/blockquote>\n<p><script async data-src=\"https:\/\/platform.twitter.com\/widgets.js\" charset=\"utf-8\"><\/script><\/div>\n<p>Kolejny raz w Tour de France przegra\u0142 tak\u017ce Rogli\u0107. Apetyty kibic\u00f3w rozbudzi\u0142 wygran\u0105 w Criterium du Dauphine, ale z Wielkiej P\u0119tli musia\u0142 si\u0119 wycofa\u0107 z powodu kontuzji. W tej sytuacji S\u0142owe\u0144cy zostali najcz\u0119\u015bciej triumfuj\u0105cym narodem w UCI World Tour, ale te\u017c najwi\u0119kszymi przegranymi, poniewa\u017c nie wygrali \u017cadnego z Grand Tour\u00f3w. Rogli\u0107 liczy\u0142 jeszcze na wygran\u0105 w Vuelta a Espa\u00f1a, ale tu zn\u00f3w musia\u0142 si\u0119 wycofa\u0107, a triumfowa\u0142 Remco Evenepoel (Quick-Step Alpha Vinyl). Z kolei w Giro d\u2019Italia klasyfikacj\u0119 generaln\u0105 wygra\u0142 Jai Hindley (Bora\u2013Hansgrohe).<\/p>\n<h2><strong><b>Polki da\u0142y nadziej\u0119<\/b><\/strong><\/h2>\n<p>Nie by\u0142 to specjalnie udany sezon dla polskich zawodnik\u00f3w, kt\u00f3rzy odgrywali raczej role drugoplanowe. Wybi\u0142 si\u0119 tylko Micha\u0142 Kwiatkowski, kt\u00f3ry w niesamowitym stylu wygra\u0142 Amstel Gold Race.<\/p>\n<p>Zadowolone z minionych miesi\u0119cy mog\u0105 by\u0107 jednak polskie zawodniczki. Katarzyna Niewiadoma (Canyon SRAM Racing) kapitalnie spisa\u0142a si\u0119 podczas odradzaj\u0105cego si\u0119 Tour de France Femmes i zako\u0144czy\u0142a wy\u015bcig na doskona\u0142ym trzecim miejscu w klasyfikacji generalnej.<\/p>\n<p>https:\/\/www.instagram.com\/p\/CgsBDb-Lbwt\/?hl=pl<\/p>\n<p>Z kolei Marta Lach (Ceratizit\u2013WNT Pro Cycling) z przytupem zako\u0144czy\u0142a sezon wygran\u0105 w ostatnim etapie Tour de Romandie Feminin, a tym samym zaliczy\u0142a najwi\u0119kszy sukces w karierze.<\/p>\n<p>\u201eOby niegasn\u0105ca wiara i ci\u0119\u017cka praca sprawi\u0142y, by ka\u017cdy wy\u015bcig w przysz\u0142ym sezonie wygl\u0105da\u0142 jak ten ostatni w tym sezonie\u201d \u2013 podsumowa\u0142a Polka na Instagramie.<\/p>\n<p><span data-sheets-value=\"{&quot;1&quot;:2,&quot;2&quot;:&quot;Artyku\u0142 powsta\u0142 we wsp\u00f3\u0142pracy ze skoda-auto.pl&quot;}\" data-sheets-userformat=\"{&quot;2&quot;:1,&quot;3&quot;:{&quot;1&quot;:0}}\" data-sheets-hyperlink=\"http:\/\/www.skoda-auto.pl\/\"><a class=\"in-cell-link\" href=\"http:\/\/www.skoda-auto.pl\/\" target=\"_blank\" rel=\"noopener noreferrer\">Artyku\u0142 powsta\u0142 we wsp\u00f3\u0142pracy ze skoda-auto.pl<\/a><\/span><\/p>\n<p><a href=\"https:\/\/sklep.skoda.pl\/pl\/sklep\/b\/331\/rowery-i-akcesoria-rowery.html\"><img loading=\"lazy\" decoding=\"async\" class=\"aligncenter wp-image-9608 size-full loading\" src=\"https:\/\/d2p6e6u75xmxt8.cloudfront.net\/5\/2019\/08\/baner_WLC_640x350_3.png\" sizes=\"auto, (max-width: 640px) 100vw, 640px\" srcset=\"https:\/\/d2p6e6u75xmxt8.cloudfront.net\/5\/2019\/08\/baner_WLC_640x350_3.png 640w, https:\/\/d2p6e6u75xmxt8.cloudfront.net\/5\/2019\/08\/baner_WLC_640x350_3-300x164.png 300w\" alt=\"\" width=\"640\" height=\"350\" data-was-processed=\"true\" \/><\/a><\/p>\n","protected":false},"excerpt":{"rendered":"<p>Tadej Pogacar wydaje si\u0119 najwi\u0119kszym wygranym UCI World Tour 2022, cho\u0107 niekt\u00f3rzy twierdz\u0105, \u017ce to w\u0142a\u015bnie S\u0142oweniec prze\u017cy\u0142 najwi\u0119ksze rozczarowanie [&hellip;]<\/p>\n","protected":false},"author":153,"featured_media":13262,"comment_status":"open","ping_status":"open","sticky":false,"template":"","format":"standard","meta":{"footnotes":""},"categories":[6,295],"tags":[362],"global-categories":[303],"class_list":["post-13255","post","type-post","status-publish","format-standard","has-post-thumbnail","hentry","category-kolarstwo-szosowe","category-zawody","tag-piotr-nowik","global-categories-cycling"],"yoast_head":"<!-- This site is optimized with the Yoast SEO Premium plugin v25.3 (Yoast SEO v25.9) - https:\/\/yoast.com\/wordpress\/plugins\/seo\/ -->\n<title>Tak blisko, a jednak tak daleko\u2026 Kolarze powoli zapadaj\u0105 w zimowy sen - \u0160koda We Love Cycling - Poland<\/title>\n<meta name=\"robots\" content=\"index, follow, max-snippet:-1, max-image-preview:large, max-video-preview:-1\" \/>\n<link rel=\"canonical\" href=\"https:\/\/www.welovecycling.com\/pl\/2022\/10\/12\/tak-blisko-a-jednak-tak-daleko-kolarze-powoli-zapadaja-w-zimowy-sen\/\" \/>\n<meta property=\"og:locale\" content=\"pl_PL\" \/>\n<meta property=\"og:type\" content=\"article\" \/>\n<meta property=\"og:title\" content=\"Tak blisko, a jednak tak daleko\u2026 Kolarze powoli zapadaj\u0105 w zimowy sen\" \/>\n<meta property=\"og:description\" content=\"Tadej Pogacar wydaje si\u0119 najwi\u0119kszym wygranym UCI World Tour 2022, cho\u0107 niekt\u00f3rzy twierdz\u0105, \u017ce to w\u0142a\u015bnie S\u0142oweniec prze\u017cy\u0142 najwi\u0119ksze rozczarowanie [&hellip;]\" \/>\n<meta property=\"og:url\" content=\"https:\/\/www.welovecycling.com\/pl\/2022\/10\/12\/tak-blisko-a-jednak-tak-daleko-kolarze-powoli-zapadaja-w-zimowy-sen\/\" \/>\n<meta property=\"og:site_name\" content=\"\u0160koda We Love Cycling - Poland\" \/>\n<meta property=\"article:published_time\" content=\"2022-10-12T14:59:22+00:00\" \/>\n<meta property=\"article:modified_time\" content=\"2022-10-12T15:01:45+00:00\" \/>\n<meta property=\"og:image\" content=\"https:\/\/d2p6e6u75xmxt8.cloudfront.net\/5\/2022\/10\/68851_fcyrxmhxgaykixb.jpg\" \/>\n\t<meta property=\"og:image:width\" content=\"780\" \/>\n\t<meta property=\"og:image:height\" content=\"520\" \/>\n\t<meta property=\"og:image:type\" content=\"image\/jpeg\" \/>\n<meta name=\"author\" content=\"rafal\" \/>\n<meta name=\"twitter:card\" content=\"summary_large_image\" \/>\n<meta name=\"twitter:label1\" content=\"Written by\" \/>\n\t<meta name=\"twitter:data1\" content=\"Piotr Nowik\" \/>\n\t<meta name=\"twitter:label2\" content=\"Est. reading time\" \/>\n\t<meta name=\"twitter:data2\" content=\"3\" \/>\n<script type=\"application\/ld+json\" class=\"yoast-schema-graph\">{\"@context\":\"https:\/\/schema.org\",\"@graph\":[{\"@type\":\"WebPage\",\"@id\":\"https:\/\/www.welovecycling.com\/pl\/2022\/10\/12\/tak-blisko-a-jednak-tak-daleko-kolarze-powoli-zapadaja-w-zimowy-sen\/\",\"url\":\"https:\/\/www.welovecycling.com\/pl\/2022\/10\/12\/tak-blisko-a-jednak-tak-daleko-kolarze-powoli-zapadaja-w-zimowy-sen\/\",\"name\":\"Tak blisko, a jednak tak daleko\u2026 Kolarze powoli zapadaj\u0105 w zimowy sen - \u0160koda We Love Cycling - Poland\",\"isPartOf\":{\"@id\":\"https:\/\/www.welovecycling.com\/pl\/#website\"},\"primaryImageOfPage\":{\"@id\":\"https:\/\/www.welovecycling.com\/pl\/2022\/10\/12\/tak-blisko-a-jednak-tak-daleko-kolarze-powoli-zapadaja-w-zimowy-sen\/#primaryimage\"},\"image\":{\"@id\":\"https:\/\/www.welovecycling.com\/pl\/2022\/10\/12\/tak-blisko-a-jednak-tak-daleko-kolarze-powoli-zapadaja-w-zimowy-sen\/#primaryimage\"},\"thumbnailUrl\":\"https:\/\/d2p6e6u75xmxt8.cloudfront.net\/5\/2022\/10\/68851_fcyrxmhxgaykixb.jpg\",\"datePublished\":\"2022-10-12T14:59:22+00:00\",\"dateModified\":\"2022-10-12T15:01:45+00:00\",\"author\":{\"@id\":\"https:\/\/www.welovecycling.com\/pl\/#\/schema\/person\/bf06ed916a1ef16618807fb60d2ebe42\"},\"breadcrumb\":{\"@id\":\"https:\/\/www.welovecycling.com\/pl\/2022\/10\/12\/tak-blisko-a-jednak-tak-daleko-kolarze-powoli-zapadaja-w-zimowy-sen\/#breadcrumb\"},\"inLanguage\":\"pl-PL\",\"potentialAction\":[{\"@type\":\"ReadAction\",\"target\":[\"https:\/\/www.welovecycling.com\/pl\/2022\/10\/12\/tak-blisko-a-jednak-tak-daleko-kolarze-powoli-zapadaja-w-zimowy-sen\/\"]}]},{\"@type\":\"ImageObject\",\"inLanguage\":\"pl-PL\",\"@id\":\"https:\/\/www.welovecycling.com\/pl\/2022\/10\/12\/tak-blisko-a-jednak-tak-daleko-kolarze-powoli-zapadaja-w-zimowy-sen\/#primaryimage\",\"url\":\"https:\/\/d2p6e6u75xmxt8.cloudfront.net\/5\/2022\/10\/68851_fcyrxmhxgaykixb.jpg\",\"contentUrl\":\"https:\/\/d2p6e6u75xmxt8.cloudfront.net\/5\/2022\/10\/68851_fcyrxmhxgaykixb.jpg\",\"width\":780,\"height\":520},{\"@type\":\"BreadcrumbList\",\"@id\":\"https:\/\/www.welovecycling.com\/pl\/2022\/10\/12\/tak-blisko-a-jednak-tak-daleko-kolarze-powoli-zapadaja-w-zimowy-sen\/#breadcrumb\",\"itemListElement\":[{\"@type\":\"ListItem\",\"position\":1,\"name\":\"Home\",\"item\":\"https:\/\/www.welovecycling.com\/pl\/\"},{\"@type\":\"ListItem\",\"position\":2,\"name\":\"Tak blisko, a jednak tak daleko\u2026 Kolarze powoli zapadaj\u0105 w zimowy sen\"}]},{\"@type\":\"WebSite\",\"@id\":\"https:\/\/www.welovecycling.com\/pl\/#website\",\"url\":\"https:\/\/www.welovecycling.com\/pl\/\",\"name\":\"\u0160koda We Love Cycling - Poland\",\"description\":\"\",\"potentialAction\":[{\"@type\":\"SearchAction\",\"target\":{\"@type\":\"EntryPoint\",\"urlTemplate\":\"https:\/\/www.welovecycling.com\/pl\/?s={search_term_string}\"},\"query-input\":{\"@type\":\"PropertyValueSpecification\",\"valueRequired\":true,\"valueName\":\"search_term_string\"}}],\"inLanguage\":\"pl-PL\"},{\"@type\":\"Person\",\"@id\":\"https:\/\/www.welovecycling.com\/pl\/#\/schema\/person\/bf06ed916a1ef16618807fb60d2ebe42\",\"name\":\"rafal\",\"image\":{\"@type\":\"ImageObject\",\"inLanguage\":\"pl-PL\",\"@id\":\"https:\/\/www.welovecycling.com\/pl\/#\/schema\/person\/image\/\",\"url\":\"https:\/\/secure.gravatar.com\/avatar\/203f240e63bee214f6f3a0dacbeb600c7829c09716c2b9ee3230c6961debcde2?s=96&d=mm&r=g\",\"contentUrl\":\"https:\/\/secure.gravatar.com\/avatar\/203f240e63bee214f6f3a0dacbeb600c7829c09716c2b9ee3230c6961debcde2?s=96&d=mm&r=g\",\"caption\":\"rafal\"},\"url\":\"https:\/\/www.welovecycling.com\/pl\/author\/rafal\/\"}]}<\/script>\n<!-- \/ Yoast SEO Premium plugin. -->","yoast_head_json":{"title":"Tak blisko, a jednak tak daleko\u2026 Kolarze powoli zapadaj\u0105 w zimowy sen - \u0160koda We Love Cycling - Poland","robots":{"index":"index","follow":"follow","max-snippet":"max-snippet:-1","max-image-preview":"max-image-preview:large","max-video-preview":"max-video-preview:-1"},"canonical":"https:\/\/www.welovecycling.com\/pl\/2022\/10\/12\/tak-blisko-a-jednak-tak-daleko-kolarze-powoli-zapadaja-w-zimowy-sen\/","og_locale":"pl_PL","og_type":"article","og_title":"Tak blisko, a jednak tak daleko\u2026 Kolarze powoli zapadaj\u0105 w zimowy sen","og_description":"Tadej Pogacar wydaje si\u0119 najwi\u0119kszym wygranym UCI World Tour 2022, cho\u0107 niekt\u00f3rzy twierdz\u0105, \u017ce to w\u0142a\u015bnie S\u0142oweniec prze\u017cy\u0142 najwi\u0119ksze rozczarowanie [&hellip;]","og_url":"https:\/\/www.welovecycling.com\/pl\/2022\/10\/12\/tak-blisko-a-jednak-tak-daleko-kolarze-powoli-zapadaja-w-zimowy-sen\/","og_site_name":"\u0160koda We Love Cycling - Poland","article_published_time":"2022-10-12T14:59:22+00:00","article_modified_time":"2022-10-12T15:01:45+00:00","og_image":[{"width":780,"height":520,"url":"https:\/\/d2p6e6u75xmxt8.cloudfront.net\/5\/2022\/10\/68851_fcyrxmhxgaykixb.jpg","type":"image\/jpeg"}],"author":"rafal","twitter_card":"summary_large_image","twitter_misc":{"Written by":"Piotr Nowik","Est. reading time":"3"},"schema":{"@context":"https:\/\/schema.org","@graph":[{"@type":"WebPage","@id":"https:\/\/www.welovecycling.com\/pl\/2022\/10\/12\/tak-blisko-a-jednak-tak-daleko-kolarze-powoli-zapadaja-w-zimowy-sen\/","url":"https:\/\/www.welovecycling.com\/pl\/2022\/10\/12\/tak-blisko-a-jednak-tak-daleko-kolarze-powoli-zapadaja-w-zimowy-sen\/","name":"Tak blisko, a jednak tak daleko\u2026 Kolarze powoli zapadaj\u0105 w zimowy sen - \u0160koda We Love Cycling - Poland","isPartOf":{"@id":"https:\/\/www.welovecycling.com\/pl\/#website"},"primaryImageOfPage":{"@id":"https:\/\/www.welovecycling.com\/pl\/2022\/10\/12\/tak-blisko-a-jednak-tak-daleko-kolarze-powoli-zapadaja-w-zimowy-sen\/#primaryimage"},"image":{"@id":"https:\/\/www.welovecycling.com\/pl\/2022\/10\/12\/tak-blisko-a-jednak-tak-daleko-kolarze-powoli-zapadaja-w-zimowy-sen\/#primaryimage"},"thumbnailUrl":"https:\/\/d2p6e6u75xmxt8.cloudfront.net\/5\/2022\/10\/68851_fcyrxmhxgaykixb.jpg","datePublished":"2022-10-12T14:59:22+00:00","dateModified":"2022-10-12T15:01:45+00:00","author":{"@id":"https:\/\/www.welovecycling.com\/pl\/#\/schema\/person\/bf06ed916a1ef16618807fb60d2ebe42"},"breadcrumb":{"@id":"https:\/\/www.welovecycling.com\/pl\/2022\/10\/12\/tak-blisko-a-jednak-tak-daleko-kolarze-powoli-zapadaja-w-zimowy-sen\/#breadcrumb"},"inLanguage":"pl-PL","potentialAction":[{"@type":"ReadAction","target":["https:\/\/www.welovecycling.com\/pl\/2022\/10\/12\/tak-blisko-a-jednak-tak-daleko-kolarze-powoli-zapadaja-w-zimowy-sen\/"]}]},{"@type":"ImageObject","inLanguage":"pl-PL","@id":"https:\/\/www.welovecycling.com\/pl\/2022\/10\/12\/tak-blisko-a-jednak-tak-daleko-kolarze-powoli-zapadaja-w-zimowy-sen\/#primaryimage","url":"https:\/\/d2p6e6u75xmxt8.cloudfront.net\/5\/2022\/10\/68851_fcyrxmhxgaykixb.jpg","contentUrl":"https:\/\/d2p6e6u75xmxt8.cloudfront.net\/5\/2022\/10\/68851_fcyrxmhxgaykixb.jpg","width":780,"height":520},{"@type":"BreadcrumbList","@id":"https:\/\/www.welovecycling.com\/pl\/2022\/10\/12\/tak-blisko-a-jednak-tak-daleko-kolarze-powoli-zapadaja-w-zimowy-sen\/#breadcrumb","itemListElement":[{"@type":"ListItem","position":1,"name":"Home","item":"https:\/\/www.welovecycling.com\/pl\/"},{"@type":"ListItem","position":2,"name":"Tak blisko, a jednak tak daleko\u2026 Kolarze powoli zapadaj\u0105 w zimowy sen"}]},{"@type":"WebSite","@id":"https:\/\/www.welovecycling.com\/pl\/#website","url":"https:\/\/www.welovecycling.com\/pl\/","name":"\u0160koda We Love Cycling - Poland","description":"","potentialAction":[{"@type":"SearchAction","target":{"@type":"EntryPoint","urlTemplate":"https:\/\/www.welovecycling.com\/pl\/?s={search_term_string}"},"query-input":{"@type":"PropertyValueSpecification","valueRequired":true,"valueName":"search_term_string"}}],"inLanguage":"pl-PL"},{"@type":"Person","@id":"https:\/\/www.welovecycling.com\/pl\/#\/schema\/person\/bf06ed916a1ef16618807fb60d2ebe42","name":"rafal","image":{"@type":"ImageObject","inLanguage":"pl-PL","@id":"https:\/\/www.welovecycling.com\/pl\/#\/schema\/person\/image\/","url":"https:\/\/secure.gravatar.com\/avatar\/203f240e63bee214f6f3a0dacbeb600c7829c09716c2b9ee3230c6961debcde2?s=96&d=mm&r=g","contentUrl":"https:\/\/secure.gravatar.com\/avatar\/203f240e63bee214f6f3a0dacbeb600c7829c09716c2b9ee3230c6961debcde2?s=96&d=mm&r=g","caption":"rafal"},"url":"https:\/\/www.welovecycling.com\/pl\/author\/rafal\/"}]}},"_links":{"self":[{"href":"https:\/\/www.welovecycling.com\/pl\/wp-json\/wp\/v2\/posts\/13255","targetHints":{"allow":["GET"]}}],"collection":[{"href":"https:\/\/www.welovecycling.com\/pl\/wp-json\/wp\/v2\/posts"}],"about":[{"href":"https:\/\/www.welovecycling.com\/pl\/wp-json\/wp\/v2\/types\/post"}],"author":[{"embeddable":true,"href":"https:\/\/www.welovecycling.com\/pl\/wp-json\/wp\/v2\/users\/153"}],"replies":[{"embeddable":true,"href":"https:\/\/www.welovecycling.com\/pl\/wp-json\/wp\/v2\/comments?post=13255"}],"version-history":[{"count":2,"href":"https:\/\/www.welovecycling.com\/pl\/wp-json\/wp\/v2\/posts\/13255\/revisions"}],"predecessor-version":[{"id":13266,"href":"https:\/\/www.welovecycling.com\/pl\/wp-json\/wp\/v2\/posts\/13255\/revisions\/13266"}],"wp:featuredmedia":[{"embeddable":true,"href":"https:\/\/www.welovecycling.com\/pl\/wp-json\/wp\/v2\/media\/13262"}],"wp:attachment":[{"href":"https:\/\/www.welovecycling.com\/pl\/wp-json\/wp\/v2\/media?parent=13255"}],"wp:term":[{"taxonomy":"category","embeddable":true,"href":"https:\/\/www.welovecycling.com\/pl\/wp-json\/wp\/v2\/categories?post=13255"},{"taxonomy":"post_tag","embeddable":true,"href":"https:\/\/www.welovecycling.com\/pl\/wp-json\/wp\/v2\/tags?post=13255"},{"taxonomy":"global-categories","embeddable":true,"href":"https:\/\/www.welovecycling.com\/pl\/wp-json\/wp\/v2\/global-categories?post=13255"}],"curies":[{"name":"wp","href":"https:\/\/api.w.org\/{rel}","templated":true}]}}