{"id":13208,"date":"2022-09-26T12:34:38","date_gmt":"2022-09-26T12:34:38","guid":{"rendered":"https:\/\/www.welovecycling.com\/pl\/?p=13208"},"modified":"2022-09-26T12:34:38","modified_gmt":"2022-09-26T12:34:38","slug":"po-czym-poznac-ze-jestesmy-wypoczeci","status":"publish","type":"post","link":"https:\/\/www.welovecycling.com\/pl\/2022\/09\/26\/po-czym-poznac-ze-jestesmy-wypoczeci\/","title":{"rendered":"Po czym pozna\u0107, \u017ce jeste\u015bmy wypocz\u0119ci?"},"content":{"rendered":"<p><strong>W dzisiejszym \u015bwiecie fitness tracker\u00f3w i watomierzy mo\u017ce si\u0119 wydawa\u0107, \u017ce nie\u00adtrudno stwierdzi\u0107, kiedy kontynuowa\u0107 dokr\u0119canie \u015bruby, a kiedy odpocz\u0105\u0107. Nies\u00adte\u00adty \u2013 technologia i dane to tylko po\u0142owa sukcesu. Mo\u017cemy \u015bledzi\u0107 wskaza\u00adnia naszych urz\u0105dze\u0144 i pod\u0105\u017ca\u0107 za ich radami dotycz\u0105cymi odpoczynku, a mimo to si\u0119 przetrenowa\u0107. Nale\u017cy zawsze por\u00f3wnywa\u0107 dane z postrzeganym przez siebie wysi\u0142kiem i samopoczuciem \u2013 zar\u00f3wno na rowe\u00adrze, jak i poza nim. Zapoznajmy si\u0119 z gar\u015bci\u0105 wskaz\u00f3wek, jak zrobi\u0107 to najlepiej.<\/strong><\/p>\n<h2><strong>Jak nasze t\u0119tno reaguje na zmiany w wysi\u0142ku?<\/strong><\/h2>\n<p>Gdy jeste\u015bmy dobrze wypocz\u0119ci, nasze t\u0119tno powinno szybko rosn\u0105\u0107 i spada\u0107 wraz ze zmieniaj\u0105cymi si\u0119 poziomami wysi\u0142ku. Nie istniej\u0105 uniwersalne warto\u015bci, kt\u00f3rych nale\u017cy si\u0119 trzyma\u0107. Musimy zwraca\u0107 na to uwag\u0119 i nauczy\u0107 si\u0119, co jest dla nas norm\u0105, aby m\u00f3c wychwyci\u0107 potencjalny problem. Na przyk\u0142ad cz\u0119st\u0105 konsekwencj\u0105 zm\u0119czenia jest spowolnienie pracy serca. Je\u015bli zauwa\u017cymy, \u017ce jeste\u015bmy w stanie powt\u00f3rzy\u0107 szybk\u0105 cz\u0119\u015b\u0107 interwa\u0142u z t\u0105 sam\u0105 moc\u0105 i tym samym wysi\u0142kiem, ale przy ni\u017cszym t\u0119tnie podczas drugiej cz\u0119\u015bci, mo\u017ce to by\u0107 znak, \u017ce potrzebujemy wi\u0119cej odpoczynku.<\/p>\n<figure style=\"width: 1000px\" class=\"wp-caption alignnone\"><img loading=\"lazy\" decoding=\"async\" src=\"https:\/\/d2p6e6u75xmxt8.cloudfront.net\/2\/2021\/06\/Cyclist-training-profimedia-0614192494.jpg\" alt=\"Cyclist training\" width=\"1000\" height=\"666\" \/><figcaption class=\"wp-caption-text\">Mo\u017cemy \u015bledzi\u0107 wskazania naszych urz\u0105dze\u0144 i pod\u0105\u017ca\u0107 za ich radami dotycz\u0105cymi odpoczynku, a mimo to si\u0119 przetrenowa\u0107. \u00a9 Profimedia<\/figcaption><\/figure>\n<h2><strong>Jak mocno odczuwalne s\u0105 przyspieszenia?<\/strong><\/h2>\n<p>Gdy jeste\u015bmy zm\u0119czeni, przyspieszenia wydaj\u0105 si\u0119 uci\u0105\u017cliwe. Mo\u017cna zwi\u0119kszy\u0107 pr\u0119dko\u015b\u0107, ale jest to nieprzyjemne i przebiega powoli. Kiedy jeste\u015bmy wypocz\u0119ci, przyspieszenia nie sprawiaj\u0105 trudno\u015bci \u2013 do tego stopnia, \u017ce nawet ich nie zauwa\u017camy. Na przyk\u0142ad doganiaj\u0105c reszt\u0119 grupy lub przyspieszaj\u0105c po zatrzymaniu si\u0119 na czerwonym \u015bwietle. Je\u015bli czujemy brak tego przy\u015bpieszenia albo podczas rozp\u0119dzania si\u0119 nogi nam ci\u0105\u017c\u0105 \u2013 \u00a0to kolejny znak, \u017ce nie jeste\u015bmy odpowiednio wypocz\u0119ci.<\/p>\n<h2><strong>Masz ch\u0119\u0107 na szybk\u0105 jazd\u0119?<\/strong><\/h2>\n<p>Je\u015bli wybieramy si\u0119 na przeja\u017cd\u017ck\u0119 i sama my\u015bl o <a href=\"https:\/\/www.youtube.com\/watch?v=ldxDb8a1NxU&amp;t=118s&amp;ab_channel=WeLoveCycling\">sprincie pod g\u00f3rk\u0119 <\/a>lub wyprzedzeniu kolarza przed nami brzmi m\u0119cz\u0105co, to zapewne brakuje nam odpoczynku. Tak samo gdy musimy w\u0142o\u017cy\u0107 znaczny wysi\u0142ek psychiczny, by zmusi\u0107 si\u0119 do <a href=\"https:\/\/www.welovecycling.com\/wide\/2021\/06\/15\/breaking-through-a-training-plateau-intensity\/\">interwa\u0142\u00f3w o du\u017cej intensywno\u015bci<\/a>, kt\u00f3rych wymaga harmonogram treningowy. Wyra\u017an\u0105 oznak\u0105 dostatecznego wypoczynku jest p\u0142yn\u0105ce z cia\u0142a uczucie ch\u0119ci, by zn\u00f3w zwi\u0119kszy\u0107 tempo.<\/p>\n<h2><strong>Czy cieszysz si\u0119 na trening?<\/strong><\/h2>\n<p>Amatorzy trenuj\u0105, bo maj\u0105 na to ochot\u0119. Chc\u0105 osi\u0105gn\u0105\u0107 co\u015b, co da im rado\u015b\u0107 \u2013 a nie dlatego, \u017ce to ich praca. Trening nie zawsze jest przyjemny, bywaj\u0105 dni, kiedy wszyscy woleliby\u015bmy robi\u0107 co\u015b innego. To ca\u0142kiem normalne, \u017ce czasem tak si\u0119 czujemy. Je\u015bli jednak trening wydaje si\u0119 przykrym obowi\u0105zkiem i trzeba si\u0119 do niego przymusza\u0107 kilka razy z rz\u0119du, mo\u017ce to oznacza\u0107, \u017ce nadszed\u0142 czas na d\u0142u\u017csz\u0105 przerw\u0119.<\/p>\n<p>Zwr\u00f3\u0107my uwag\u0119 na to, jak czujemy si\u0119 na my\u015bl o peda\u0142owaniu, nawet kiedy nie siedzimy na rowerze. To bardzo wa\u017cne <a href=\"https:\/\/www.welovecycling.com\/wide\/2021\/06\/22\/breaking-through-a-training-plateau-recovery\/\">z perspektywy odpoczynku<\/a>. Gdy jeste\u015bmy wypocz\u0119ci, czujemy si\u0119 pe\u0142ni energii, kreatywni i szukamy sobie zaj\u0119cia. Je\u015bli robimy sobie przerw\u0119, aby w pe\u0142ni si\u0119 zregenerowa\u0107, zwr\u00f3\u0107my uwag\u0119 na sygna\u0142y, jakie wysy\u0142a nam nasz organizm \u2013 on nas poinformuje, kiedy nast\u0105pi dobry moment, aby wr\u00f3ci\u0107 do trening\u00f3w.<\/p>\n<p><span data-sheets-value=\"{&quot;1&quot;:2,&quot;2&quot;:&quot;Artyku\u0142 powsta\u0142 we wsp\u00f3\u0142pracy ze skoda-auto.pl&quot;}\" data-sheets-userformat=\"{&quot;2&quot;:1,&quot;3&quot;:{&quot;1&quot;:0}}\" data-sheets-hyperlink=\"http:\/\/www.skoda-auto.pl\/\"><a class=\"in-cell-link\" href=\"http:\/\/www.skoda-auto.pl\/\" target=\"_blank\" rel=\"noopener noreferrer\">Artyku\u0142 powsta\u0142 we wsp\u00f3\u0142pracy ze skoda-auto.pl<\/a><\/span><\/p>\n<p><a href=\"https:\/\/www.skoda-auto.pl\/modele\/superb\"><img loading=\"lazy\" decoding=\"async\" class=\"alignnone size-full wp-image-11628 aligncenter\" src=\"https:\/\/d2p6e6u75xmxt8.cloudfront.net\/5\/2021\/12\/640x350-2-1.jpg\" alt=\"\" width=\"640\" height=\"350\" srcset=\"https:\/\/d2p6e6u75xmxt8.cloudfront.net\/5\/2021\/12\/640x350-2-1.jpg 640w, https:\/\/d2p6e6u75xmxt8.cloudfront.net\/5\/2021\/12\/640x350-2-1-300x164.jpg 300w\" sizes=\"auto, (max-width: 640px) 100vw, 640px\" \/><\/a><\/p>\n","protected":false},"excerpt":{"rendered":"<p>W dzisiejszym \u015bwiecie fitness tracker\u00f3w i watomierzy mo\u017ce si\u0119 wydawa\u0107, \u017ce nie\u00adtrudno stwierdzi\u0107, kiedy kontynuowa\u0107 dokr\u0119canie \u015bruby, a kiedy odpocz\u0105\u0107. [&hellip;]<\/p>\n","protected":false},"author":153,"featured_media":13209,"comment_status":"open","ping_status":"open","sticky":false,"template":"","format":"standard","meta":{"footnotes":""},"categories":[4],"tags":[],"global-categories":[303],"class_list":["post-13208","post","type-post","status-publish","format-standard","has-post-thumbnail","hentry","category-zdrowie-i-trening","global-categories-cycling"],"yoast_head":"<!-- This site is optimized with the Yoast SEO Premium plugin v25.3 (Yoast SEO v25.9) - https:\/\/yoast.com\/wordpress\/plugins\/seo\/ -->\n<title>Po czym pozna\u0107, \u017ce jeste\u015bmy wypocz\u0119ci? - \u0160koda We Love Cycling - Poland<\/title>\n<meta name=\"robots\" content=\"index, follow, max-snippet:-1, max-image-preview:large, max-video-preview:-1\" \/>\n<link rel=\"canonical\" href=\"https:\/\/www.welovecycling.com\/pl\/2022\/09\/26\/po-czym-poznac-ze-jestesmy-wypoczeci\/\" \/>\n<meta property=\"og:locale\" content=\"pl_PL\" \/>\n<meta property=\"og:type\" content=\"article\" \/>\n<meta property=\"og:title\" content=\"Po czym pozna\u0107, \u017ce jeste\u015bmy wypocz\u0119ci?\" \/>\n<meta property=\"og:description\" content=\"W dzisiejszym \u015bwiecie fitness tracker\u00f3w i watomierzy mo\u017ce si\u0119 wydawa\u0107, \u017ce nie\u00adtrudno stwierdzi\u0107, kiedy kontynuowa\u0107 dokr\u0119canie \u015bruby, a kiedy odpocz\u0105\u0107. [&hellip;]\" \/>\n<meta property=\"og:url\" content=\"https:\/\/www.welovecycling.com\/pl\/2022\/09\/26\/po-czym-poznac-ze-jestesmy-wypoczeci\/\" \/>\n<meta property=\"og:site_name\" content=\"\u0160koda We Love Cycling - Poland\" \/>\n<meta property=\"article:published_time\" content=\"2022-09-26T12:34:38+00:00\" \/>\n<meta property=\"og:image\" content=\"https:\/\/d2p6e6u75xmxt8.cloudfront.net\/5\/2022\/09\/Cyclist-resting-profimedia-0657804963-CVR.jpg\" \/>\n\t<meta property=\"og:image:width\" content=\"1366\" \/>\n\t<meta property=\"og:image:height\" content=\"600\" \/>\n\t<meta property=\"og:image:type\" content=\"image\/jpeg\" \/>\n<meta name=\"author\" content=\"rafal\" \/>\n<meta name=\"twitter:card\" content=\"summary_large_image\" \/>\n<meta name=\"twitter:label1\" content=\"Written by\" \/>\n\t<meta name=\"twitter:data1\" content=\"Jiri Kaloc\" \/>\n\t<meta name=\"twitter:label2\" content=\"Est. reading time\" \/>\n\t<meta name=\"twitter:data2\" content=\"5\" \/>\n<script type=\"application\/ld+json\" class=\"yoast-schema-graph\">{\"@context\":\"https:\/\/schema.org\",\"@graph\":[{\"@type\":\"WebPage\",\"@id\":\"https:\/\/www.welovecycling.com\/pl\/2022\/09\/26\/po-czym-poznac-ze-jestesmy-wypoczeci\/\",\"url\":\"https:\/\/www.welovecycling.com\/pl\/2022\/09\/26\/po-czym-poznac-ze-jestesmy-wypoczeci\/\",\"name\":\"Po czym pozna\u0107, \u017ce jeste\u015bmy wypocz\u0119ci? - \u0160koda We Love Cycling - Poland\",\"isPartOf\":{\"@id\":\"https:\/\/www.welovecycling.com\/pl\/#website\"},\"primaryImageOfPage\":{\"@id\":\"https:\/\/www.welovecycling.com\/pl\/2022\/09\/26\/po-czym-poznac-ze-jestesmy-wypoczeci\/#primaryimage\"},\"image\":{\"@id\":\"https:\/\/www.welovecycling.com\/pl\/2022\/09\/26\/po-czym-poznac-ze-jestesmy-wypoczeci\/#primaryimage\"},\"thumbnailUrl\":\"https:\/\/d2p6e6u75xmxt8.cloudfront.net\/5\/2022\/09\/Cyclist-resting-profimedia-0657804963-CVR.jpg\",\"datePublished\":\"2022-09-26T12:34:38+00:00\",\"author\":{\"@id\":\"https:\/\/www.welovecycling.com\/pl\/#\/schema\/person\/bf06ed916a1ef16618807fb60d2ebe42\"},\"breadcrumb\":{\"@id\":\"https:\/\/www.welovecycling.com\/pl\/2022\/09\/26\/po-czym-poznac-ze-jestesmy-wypoczeci\/#breadcrumb\"},\"inLanguage\":\"pl-PL\",\"potentialAction\":[{\"@type\":\"ReadAction\",\"target\":[\"https:\/\/www.welovecycling.com\/pl\/2022\/09\/26\/po-czym-poznac-ze-jestesmy-wypoczeci\/\"]}]},{\"@type\":\"ImageObject\",\"inLanguage\":\"pl-PL\",\"@id\":\"https:\/\/www.welovecycling.com\/pl\/2022\/09\/26\/po-czym-poznac-ze-jestesmy-wypoczeci\/#primaryimage\",\"url\":\"https:\/\/d2p6e6u75xmxt8.cloudfront.net\/5\/2022\/09\/Cyclist-resting-profimedia-0657804963-CVR.jpg\",\"contentUrl\":\"https:\/\/d2p6e6u75xmxt8.cloudfront.net\/5\/2022\/09\/Cyclist-resting-profimedia-0657804963-CVR.jpg\",\"width\":1366,\"height\":600},{\"@type\":\"BreadcrumbList\",\"@id\":\"https:\/\/www.welovecycling.com\/pl\/2022\/09\/26\/po-czym-poznac-ze-jestesmy-wypoczeci\/#breadcrumb\",\"itemListElement\":[{\"@type\":\"ListItem\",\"position\":1,\"name\":\"Home\",\"item\":\"https:\/\/www.welovecycling.com\/pl\/\"},{\"@type\":\"ListItem\",\"position\":2,\"name\":\"Po czym pozna\u0107, \u017ce jeste\u015bmy wypocz\u0119ci?\"}]},{\"@type\":\"WebSite\",\"@id\":\"https:\/\/www.welovecycling.com\/pl\/#website\",\"url\":\"https:\/\/www.welovecycling.com\/pl\/\",\"name\":\"\u0160koda We Love Cycling - Poland\",\"description\":\"\",\"potentialAction\":[{\"@type\":\"SearchAction\",\"target\":{\"@type\":\"EntryPoint\",\"urlTemplate\":\"https:\/\/www.welovecycling.com\/pl\/?s={search_term_string}\"},\"query-input\":{\"@type\":\"PropertyValueSpecification\",\"valueRequired\":true,\"valueName\":\"search_term_string\"}}],\"inLanguage\":\"pl-PL\"},{\"@type\":\"Person\",\"@id\":\"https:\/\/www.welovecycling.com\/pl\/#\/schema\/person\/bf06ed916a1ef16618807fb60d2ebe42\",\"name\":\"rafal\",\"image\":{\"@type\":\"ImageObject\",\"inLanguage\":\"pl-PL\",\"@id\":\"https:\/\/www.welovecycling.com\/pl\/#\/schema\/person\/image\/\",\"url\":\"https:\/\/secure.gravatar.com\/avatar\/203f240e63bee214f6f3a0dacbeb600c7829c09716c2b9ee3230c6961debcde2?s=96&d=mm&r=g\",\"contentUrl\":\"https:\/\/secure.gravatar.com\/avatar\/203f240e63bee214f6f3a0dacbeb600c7829c09716c2b9ee3230c6961debcde2?s=96&d=mm&r=g\",\"caption\":\"rafal\"},\"url\":\"https:\/\/www.welovecycling.com\/pl\/author\/rafal\/\"}]}<\/script>\n<!-- \/ Yoast SEO Premium plugin. -->","yoast_head_json":{"title":"Po czym pozna\u0107, \u017ce jeste\u015bmy wypocz\u0119ci? - \u0160koda We Love Cycling - Poland","robots":{"index":"index","follow":"follow","max-snippet":"max-snippet:-1","max-image-preview":"max-image-preview:large","max-video-preview":"max-video-preview:-1"},"canonical":"https:\/\/www.welovecycling.com\/pl\/2022\/09\/26\/po-czym-poznac-ze-jestesmy-wypoczeci\/","og_locale":"pl_PL","og_type":"article","og_title":"Po czym pozna\u0107, \u017ce jeste\u015bmy wypocz\u0119ci?","og_description":"W dzisiejszym \u015bwiecie fitness tracker\u00f3w i watomierzy mo\u017ce si\u0119 wydawa\u0107, \u017ce nie\u00adtrudno stwierdzi\u0107, kiedy kontynuowa\u0107 dokr\u0119canie \u015bruby, a kiedy odpocz\u0105\u0107. [&hellip;]","og_url":"https:\/\/www.welovecycling.com\/pl\/2022\/09\/26\/po-czym-poznac-ze-jestesmy-wypoczeci\/","og_site_name":"\u0160koda We Love Cycling - Poland","article_published_time":"2022-09-26T12:34:38+00:00","og_image":[{"width":1366,"height":600,"url":"https:\/\/d2p6e6u75xmxt8.cloudfront.net\/5\/2022\/09\/Cyclist-resting-profimedia-0657804963-CVR.jpg","type":"image\/jpeg"}],"author":"rafal","twitter_card":"summary_large_image","twitter_misc":{"Written by":"Jiri Kaloc","Est. reading time":"5"},"schema":{"@context":"https:\/\/schema.org","@graph":[{"@type":"WebPage","@id":"https:\/\/www.welovecycling.com\/pl\/2022\/09\/26\/po-czym-poznac-ze-jestesmy-wypoczeci\/","url":"https:\/\/www.welovecycling.com\/pl\/2022\/09\/26\/po-czym-poznac-ze-jestesmy-wypoczeci\/","name":"Po czym pozna\u0107, \u017ce jeste\u015bmy wypocz\u0119ci? - \u0160koda We Love Cycling - Poland","isPartOf":{"@id":"https:\/\/www.welovecycling.com\/pl\/#website"},"primaryImageOfPage":{"@id":"https:\/\/www.welovecycling.com\/pl\/2022\/09\/26\/po-czym-poznac-ze-jestesmy-wypoczeci\/#primaryimage"},"image":{"@id":"https:\/\/www.welovecycling.com\/pl\/2022\/09\/26\/po-czym-poznac-ze-jestesmy-wypoczeci\/#primaryimage"},"thumbnailUrl":"https:\/\/d2p6e6u75xmxt8.cloudfront.net\/5\/2022\/09\/Cyclist-resting-profimedia-0657804963-CVR.jpg","datePublished":"2022-09-26T12:34:38+00:00","author":{"@id":"https:\/\/www.welovecycling.com\/pl\/#\/schema\/person\/bf06ed916a1ef16618807fb60d2ebe42"},"breadcrumb":{"@id":"https:\/\/www.welovecycling.com\/pl\/2022\/09\/26\/po-czym-poznac-ze-jestesmy-wypoczeci\/#breadcrumb"},"inLanguage":"pl-PL","potentialAction":[{"@type":"ReadAction","target":["https:\/\/www.welovecycling.com\/pl\/2022\/09\/26\/po-czym-poznac-ze-jestesmy-wypoczeci\/"]}]},{"@type":"ImageObject","inLanguage":"pl-PL","@id":"https:\/\/www.welovecycling.com\/pl\/2022\/09\/26\/po-czym-poznac-ze-jestesmy-wypoczeci\/#primaryimage","url":"https:\/\/d2p6e6u75xmxt8.cloudfront.net\/5\/2022\/09\/Cyclist-resting-profimedia-0657804963-CVR.jpg","contentUrl":"https:\/\/d2p6e6u75xmxt8.cloudfront.net\/5\/2022\/09\/Cyclist-resting-profimedia-0657804963-CVR.jpg","width":1366,"height":600},{"@type":"BreadcrumbList","@id":"https:\/\/www.welovecycling.com\/pl\/2022\/09\/26\/po-czym-poznac-ze-jestesmy-wypoczeci\/#breadcrumb","itemListElement":[{"@type":"ListItem","position":1,"name":"Home","item":"https:\/\/www.welovecycling.com\/pl\/"},{"@type":"ListItem","position":2,"name":"Po czym pozna\u0107, \u017ce jeste\u015bmy wypocz\u0119ci?"}]},{"@type":"WebSite","@id":"https:\/\/www.welovecycling.com\/pl\/#website","url":"https:\/\/www.welovecycling.com\/pl\/","name":"\u0160koda We Love Cycling - Poland","description":"","potentialAction":[{"@type":"SearchAction","target":{"@type":"EntryPoint","urlTemplate":"https:\/\/www.welovecycling.com\/pl\/?s={search_term_string}"},"query-input":{"@type":"PropertyValueSpecification","valueRequired":true,"valueName":"search_term_string"}}],"inLanguage":"pl-PL"},{"@type":"Person","@id":"https:\/\/www.welovecycling.com\/pl\/#\/schema\/person\/bf06ed916a1ef16618807fb60d2ebe42","name":"rafal","image":{"@type":"ImageObject","inLanguage":"pl-PL","@id":"https:\/\/www.welovecycling.com\/pl\/#\/schema\/person\/image\/","url":"https:\/\/secure.gravatar.com\/avatar\/203f240e63bee214f6f3a0dacbeb600c7829c09716c2b9ee3230c6961debcde2?s=96&d=mm&r=g","contentUrl":"https:\/\/secure.gravatar.com\/avatar\/203f240e63bee214f6f3a0dacbeb600c7829c09716c2b9ee3230c6961debcde2?s=96&d=mm&r=g","caption":"rafal"},"url":"https:\/\/www.welovecycling.com\/pl\/author\/rafal\/"}]}},"_links":{"self":[{"href":"https:\/\/www.welovecycling.com\/pl\/wp-json\/wp\/v2\/posts\/13208","targetHints":{"allow":["GET"]}}],"collection":[{"href":"https:\/\/www.welovecycling.com\/pl\/wp-json\/wp\/v2\/posts"}],"about":[{"href":"https:\/\/www.welovecycling.com\/pl\/wp-json\/wp\/v2\/types\/post"}],"author":[{"embeddable":true,"href":"https:\/\/www.welovecycling.com\/pl\/wp-json\/wp\/v2\/users\/153"}],"replies":[{"embeddable":true,"href":"https:\/\/www.welovecycling.com\/pl\/wp-json\/wp\/v2\/comments?post=13208"}],"version-history":[{"count":2,"href":"https:\/\/www.welovecycling.com\/pl\/wp-json\/wp\/v2\/posts\/13208\/revisions"}],"predecessor-version":[{"id":13211,"href":"https:\/\/www.welovecycling.com\/pl\/wp-json\/wp\/v2\/posts\/13208\/revisions\/13211"}],"wp:featuredmedia":[{"embeddable":true,"href":"https:\/\/www.welovecycling.com\/pl\/wp-json\/wp\/v2\/media\/13209"}],"wp:attachment":[{"href":"https:\/\/www.welovecycling.com\/pl\/wp-json\/wp\/v2\/media?parent=13208"}],"wp:term":[{"taxonomy":"category","embeddable":true,"href":"https:\/\/www.welovecycling.com\/pl\/wp-json\/wp\/v2\/categories?post=13208"},{"taxonomy":"post_tag","embeddable":true,"href":"https:\/\/www.welovecycling.com\/pl\/wp-json\/wp\/v2\/tags?post=13208"},{"taxonomy":"global-categories","embeddable":true,"href":"https:\/\/www.welovecycling.com\/pl\/wp-json\/wp\/v2\/global-categories?post=13208"}],"curies":[{"name":"wp","href":"https:\/\/api.w.org\/{rel}","templated":true}]}}