{"id":13175,"date":"2022-09-12T11:20:27","date_gmt":"2022-09-12T11:20:27","guid":{"rendered":"https:\/\/www.welovecycling.com\/pl\/?p=13175"},"modified":"2022-09-12T11:20:27","modified_gmt":"2022-09-12T11:20:27","slug":"marzenia-sie-spelniaja-niedoszly-pilkarz-wygrywa-vuelta-a-espana","status":"publish","type":"post","link":"https:\/\/www.welovecycling.com\/pl\/2022\/09\/12\/marzenia-sie-spelniaja-niedoszly-pilkarz-wygrywa-vuelta-a-espana\/","title":{"rendered":"Marzenia si\u0119 spe\u0142niaj\u0105! Niedosz\u0142y pi\u0142karz wygrywa Vuelta a Espa\u00f1a"},"content":{"rendered":"<p><strong>Zaczyna\u0142 jako dobrze zapowiadaj\u0105cy si\u0119 pi\u0142karz, a dzi\u015b jest\u2026 zwyci\u0119zc\u0105 Vuelta a Espa\u00f1a! Remco Evenepoel zadziwi\u0142 \u015bwiat i wygra\u0142 jeden z najbardziej presti\u017cowych wy\u015bcig\u00f3w.<\/strong><\/p>\n<p>22-letni Belg napisa\u0142 kolejn\u0105 pi\u0119kn\u0105 kolarsk\u0105 histori\u0119. Jeszcze kilka lat temu nawet nie my\u015bla\u0142, \u017ce b\u0119dzie zawodowo je\u017adzi\u0142 na rowerze, a p\u00f3\u017aniej jego kariera stan\u0119\u0142a pod znakiem zapytania z powodu powa\u017cnej kontuzji. Dzi\u015b jednak zwr\u00f3cone s\u0105 na niego oczy wszystkich fan\u00f3w kolarstwa.<\/p>\n<h2><strong>Nag\u0142a zmiana plan\u00f3w<\/strong><\/h2>\n<p>Marzeniem m\u0142odego Remco by\u0142o zostanie pi\u0142karzem. Te marzenia nie ko\u0144czy\u0142y si\u0119 tylko na ogl\u0105daniu mecz\u00f3w i wieszaniu nad \u0142\u00f3\u017ckiem plakat\u00f3w ze s\u0142ynnymi zawodnikami, ale z dnia na dzie\u0144 stawa\u0142y si\u0119 coraz bardziej realne.<\/p>\n<p>Evenepoel gra\u0142 w m\u0142odzie\u017cowych dru\u017cynach s\u0142ynnych klub\u00f3w: PSV Eindhoven, Anderlecht Bruksela i KV Mechelen. Co wi\u0119cej, wyst\u0119powa\u0142 r\u00f3wnie\u017c w m\u0142odzie\u017cowej reprezentacji Belgii i m\u00f3g\u0142 mie\u0107 nadziej\u0119, \u017ce to w\u0142a\u015bnie futbol b\u0119dzie jego sposobem na \u017cycie. W pewnym momencie uzna\u0142 jednak, \u017ce karier\u0119 woli sp\u0119dzi\u0107 na uciekaniu przed rywalami ni\u017c gonieniu za pi\u0142k\u0105.<\/p>\n<div class=\"embed-controller-wrapper\">\n<blockquote class=\"twitter-tweet\" data-width=\"500\" data-dnt=\"true\">\n<p lang=\"en\" dir=\"ltr\">We did this, together!!! \ud83d\udd34\ud83d\udc3a\ud83c\uddea\ud83c\uddf8<\/p>\n<p>Making history. \u2764\ufe0f <a href=\"https:\/\/twitter.com\/hashtag\/TheWolfpack?src=hash&amp;ref_src=twsrc%5Etfw\">#TheWolfpack<\/a> <a href=\"https:\/\/t.co\/Dm98WMk5x1\">pic.twitter.com\/Dm98WMk5x1<\/a><\/p>\n<p>&mdash; Remco Evenepoel (@EvenepoelRemco) <a href=\"https:\/\/twitter.com\/EvenepoelRemco\/status\/1569045105163599882?ref_src=twsrc%5Etfw\">September 11, 2022<\/a><\/p><\/blockquote>\n<p><script async data-src=\"https:\/\/platform.twitter.com\/widgets.js\" charset=\"utf-8\"><\/script><\/div>\n<p>Pierwsze kolarskie sukcesy zacz\u0105\u0142 osi\u0105ga\u0107 jeszcze przed uzyskaniem pe\u0142noletno\u015bci. Szybko zosta\u0142 mistrzem Europy junior\u00f3w, a w 2019 r. podpisa\u0142 zawodowy kontrakt z Quick-Step Alpha Vinyl Team. Wszystko uk\u0142ada\u0142o si\u0119 jak w bajce a\u017c do 2020 r. Podczas Giro di Lombardia powa\u017cnie upad\u0142, z\u0142ama\u0142 miednic\u0119 i do ko\u0144ca sezonu ju\u017c nie wsiad\u0142 na rower. Szybko jednak si\u0119 pozbiera\u0142 i osi\u0105gn\u0105\u0142 form\u0119, kt\u00f3ra w niedziel\u0119 pozwoli\u0142a mu wygra\u0107 77. wy\u015bcig Vuelta a Espa\u00f1a!<\/p>\n<p>Prowadzenie w klasyfikacji generalnej obj\u0105\u0142 po sz\u00f3stym etapie, ale czerwona koszulka lidera w og\u00f3le mu nie ci\u0105\u017cy\u0142a. Cho\u0107 bardziej do\u015bwiadczeni rywale atakowali i szukali sposobu na przechytrzenie m\u0142odego Belga, ten ca\u0142y czas sun\u0105\u0142 ku mecie w Madrycie. Lekki kryzys dopad\u0142 go pod koniec drugiego tygodnia, ale wyszed\u0142 z niego obronn\u0105 r\u0119k\u0105.<\/p>\n<div class=\"embed-controller-wrapper\">\n<blockquote class=\"twitter-tweet\" data-width=\"500\" data-dnt=\"true\">\n<p lang=\"es\" dir=\"ltr\">\ud83c\udfc6 \ud835\udc02\ud835\udc25\ud835\udc1a\ud835\udc2c\ud835\udc22\ud835\udc1f\ud835\udc22\ud835\udc1c\ud835\udc1a\ud835\udc1c\ud835\udc22\ud835\udc28\u0301\ud835\udc27 \ud835\udc06\ud835\udc1e\ud835\udc27\ud835\udc1e\ud835\udc2b\ud835\udc1a\ud835\udc25 \/ \ud835\udc06\ud835\udc1e\ud835\udc27\ud835\udc1e\ud835\udc2b\ud835\udc1a\ud835\udc25 \ud835\udc02\ud835\udc25\ud835\udc1a\ud835\udc2c\ud835\udc2c\ud835\udc22\ud835\udc1f\ud835\udc22\ud835\udc1c\ud835\udc1a\ud835\udc2d\ud835\udc22\ud835\udc28\ud835\udc27<\/p>\n<p>\u2764\ufe0f \ud83c\udde7\ud83c\uddea <a href=\"https:\/\/twitter.com\/EvenepoelRemco?ref_src=twsrc%5Etfw\">@EvenepoelRemco<\/a> &#8211; <a href=\"https:\/\/twitter.com\/qst_alphavinyl?ref_src=twsrc%5Etfw\">@qst_alphavinyl<\/a> <br \/> <a href=\"https:\/\/twitter.com\/hashtag\/LaVuelta22?src=hash&amp;ref_src=twsrc%5Etfw\">#LaVuelta22<\/a> <a href=\"https:\/\/twitter.com\/CarrefourES?ref_src=twsrc%5Etfw\">@CarrefourES<\/a> <a href=\"https:\/\/twitter.com\/hashtag\/CarrefourConLaVuelta22?src=hash&amp;ref_src=twsrc%5Etfw\">#CarrefourConLaVuelta22<\/a> <a href=\"https:\/\/t.co\/NqL3JqpqMo\">pic.twitter.com\/NqL3JqpqMo<\/a><\/p>\n<p>&mdash; La Vuelta (@lavuelta) <a href=\"https:\/\/twitter.com\/lavuelta\/status\/1569044483932553217?ref_src=twsrc%5Etfw\">September 11, 2022<\/a><\/p><\/blockquote>\n<p><script async data-src=\"https:\/\/platform.twitter.com\/widgets.js\" charset=\"utf-8\"><\/script><\/div>\n<p>Do tego z wy\u015bcigu musia\u0142 wycofa\u0107 si\u0119 najwi\u0119kszy rywal Evenepoela \u2013 Primo\u017c Rogli\u0107 (Jumbo-Visma). S\u0142oweniec upad\u0142 na finiszu 17. etapu, a za t\u0119 sytuacj\u0119 obwini\u0142 Freda Wrighta (Bahrain-Victorious). Brytyjski kolarz do winy si\u0119 jednak nie poczuwa\u0142, a ca\u0142e zaj\u015bcie nazwa\u0142 incydentem wynikaj\u0105cym z rywalizacji.<\/p>\n<p>Przed kraks\u0105 Rogli\u0107 zajmowa\u0142 drugie miejsce w klasyfikacji, traci\u0142 do Evenepoela niespe\u0142na p\u00f3\u0142torej minuty i ca\u0142y czas mia\u0142 nadziej\u0119 na czwart\u0105 wygran\u0105 w Vuelta a Espa\u00f1a.<\/p>\n<p>Po wycofaniu S\u0142owe\u0144ca na drugie miejsce wskoczy\u0142 Hiszpan Enric Mas (Movistar), kt\u00f3ry do Belga traci\u0142 dwie minuty. Tak\u0105 przewag\u0119 Evenepoel utrzyma\u0142a do ko\u0144ca wy\u015bcigu i w Madrycie zameldowa\u0142 si\u0119 w czerwonej koszulce.<\/p>\n<div class=\"embed-controller-wrapper\">\n<blockquote class=\"twitter-tweet\" data-width=\"500\" data-dnt=\"true\">\n<p lang=\"en\" dir=\"ltr\">\ud83e\udd73\ud83c\udf89 Una etapa repleta de celebraciones en las carreteras de Madrid y un ganador de etapa sorpresa. \u00a1Todo en 1&#39;!<\/p>\n<p>\u26a1\ufe0f\ud83c\udf7e Celebrations on the road to Madrid and a surprise stage winner! The best of Stage 21 in 60 seconds!<a href=\"https:\/\/twitter.com\/gorouvy?ref_src=twsrc%5Etfw\">@gorouvy<\/a> <a href=\"https:\/\/twitter.com\/hashtag\/LaVuelta22?src=hash&amp;ref_src=twsrc%5Etfw\">#LaVuelta22<\/a> <a href=\"https:\/\/t.co\/RUFh1lKetv\">pic.twitter.com\/RUFh1lKetv<\/a><\/p>\n<p>&mdash; La Vuelta (@lavuelta) <a href=\"https:\/\/twitter.com\/lavuelta\/status\/1569058321608441858?ref_src=twsrc%5Etfw\">September 11, 2022<\/a><\/p><\/blockquote>\n<p><script async data-src=\"https:\/\/platform.twitter.com\/widgets.js\" charset=\"utf-8\"><\/script><\/div>\n<p>\u2013 Jestem naprawd\u0119 szcz\u0119\u015bliwy, teraz mo\u017cemy ju\u017c \u015bwi\u0119towa\u0107. W peletonie by\u0142o sporo nerwowo\u015bci, ale ciesz\u0119 si\u0119, \u017ce uda\u0142o nam si\u0119 to przetrwa\u0107. Czuj\u0119, \u017ce zrobi\u0142em co\u015b historycznego dla siebie, dla dru\u017cyny i dla mojego kraju. Mo\u017cemy by\u0107 naprawd\u0119 dumni z tego, co osi\u0105gn\u0119li\u015bmy w ostatnich trzech tygodniach \u2013 cieszy\u0142 si\u0119 Evenepoel przed kamerami Eurosportu.<\/p>\n<p>Podium uzupe\u0142nili Hiszpanie: drugie miejsce zaj\u0105\u0142 Mas, a trzecie \u2013 Juan Ayuso (UAE Team Emirates). Klasyfikacj\u0119 punktow\u0105 wygra\u0142 Mads Pedersen (Trek-Segafredo), g\u00f3rsk\u0105 \u2013 Richard Carapaz (Ineos Grenadiers), m\u0142odzie\u017cow\u0105 \u2013 Evenepoel, dru\u017cynow\u0105 \u2013 UAE Team Emirates, a najaktywniejszym zawodnikiem zosta\u0142 Marc Soler (UAE Team Emirates).<\/p>\n<div class=\"embed-controller-wrapper\">\n<blockquote class=\"twitter-tweet\" data-width=\"500\" data-dnt=\"true\">\n<p lang=\"es\" dir=\"ltr\">\ud83c\udfc6 Los ganadores de <a href=\"https:\/\/twitter.com\/hashtag\/LaVuelta22?src=hash&amp;ref_src=twsrc%5Etfw\">#LaVuelta22<\/a> \ud83c\udfc6 The winners of La Vuelta 22<\/p>\n<p>\u2764\ufe0f \ud83c\udde7\ud83c\uddea <a href=\"https:\/\/twitter.com\/EvenepoelRemco?ref_src=twsrc%5Etfw\">@EvenepoelRemco<\/a> &#8211; <a href=\"https:\/\/twitter.com\/qst_alphavinyl?ref_src=twsrc%5Etfw\">@qst_alphavinyl<\/a><br \/>\ud83d\udc9a \ud83c\udde9\ud83c\uddf0 <a href=\"https:\/\/twitter.com\/Mads__Pedersen?ref_src=twsrc%5Etfw\">@Mads__Pedersen<\/a> &#8211; @TrekSegafredo<br \/>\ud83d\udc99 \ud83c\uddea\ud83c\udde8 <a href=\"https:\/\/twitter.com\/RichardCarapazM?ref_src=twsrc%5Etfw\">@RichardCarapazM<\/a> &#8211; <a href=\"https:\/\/twitter.com\/INEOSGrenadiers?ref_src=twsrc%5Etfw\">@INEOSGrenadiers<\/a><br \/>\ud83e\udd0d \ud83c\udde7\ud83c\uddea Evenepoel &#8211; QST AV<\/p>\n<p> \ud83d\udeb4\ud83d\udeb4\ud83d\udeb4<a href=\"https:\/\/twitter.com\/TeamEmiratesUAE?ref_src=twsrc%5Etfw\">@TeamEmiratesUAE<\/a><br \/>\ud83d\udc4a\ud83c\uddea\ud83c\uddf8 <a href=\"https:\/\/twitter.com\/solermarc93?ref_src=twsrc%5Etfw\">@solermarc93<\/a> &#8211; UAE Emirates<a href=\"https:\/\/twitter.com\/hashtag\/LaVuelta22?src=hash&amp;ref_src=twsrc%5Etfw\">#LaVuelta22<\/a> <a href=\"https:\/\/t.co\/gdIsJ1HdKj\">pic.twitter.com\/gdIsJ1HdKj<\/a><\/p>\n<p>&mdash; La Vuelta (@lavuelta) <a href=\"https:\/\/twitter.com\/lavuelta\/status\/1569054701165113344?ref_src=twsrc%5Etfw\">September 11, 2022<\/a><\/p><\/blockquote>\n<p><script async data-src=\"https:\/\/platform.twitter.com\/widgets.js\" charset=\"utf-8\"><\/script><\/div>\n<h2><strong>Sezon powoli si\u0119 ko\u0144czy<\/strong><\/h2>\n<p>Rozstrzygni\u0119cie Vuelta a Espa\u00f1a oznacza, \u017ce sezon kolarski powoli dobiega ko\u0144ca. Z wy\u015bcig\u00f3w UCI World Tour pozosta\u0142o Giro di Lombardia (8 pa\u017adziernika), a wcze\u015bniej odb\u0119d\u0105 si\u0119 jeszcze mistrzostwa \u015bwiata w kolarstwie szosowym (18\u201325 wrze\u015bnia).<\/p>\n<p><span data-sheets-value=\"{&quot;1&quot;:2,&quot;2&quot;:&quot;Artyku\u0142 powsta\u0142 we wsp\u00f3\u0142pracy ze skoda-auto.pl&quot;}\" data-sheets-userformat=\"{&quot;2&quot;:1,&quot;3&quot;:{&quot;1&quot;:0}}\" data-sheets-hyperlink=\"http:\/\/www.skoda-auto.pl\/\"><a class=\"in-cell-link\" href=\"http:\/\/www.skoda-auto.pl\/\" target=\"_blank\" rel=\"noopener noreferrer\">Artyku\u0142 powsta\u0142 we wsp\u00f3\u0142pracy ze skoda-auto.pl<\/a><\/span><\/p>\n<p><a href=\"https:\/\/sklep.skoda.pl\/pl\/sklep\/b\/331\/rowery-i-akcesoria-rowery.html\"><img loading=\"lazy\" decoding=\"async\" class=\"aligncenter wp-image-9608 size-full loading\" src=\"https:\/\/d2p6e6u75xmxt8.cloudfront.net\/5\/2019\/08\/baner_WLC_640x350_3.png\" sizes=\"auto, (max-width: 640px) 100vw, 640px\" srcset=\"https:\/\/d2p6e6u75xmxt8.cloudfront.net\/5\/2019\/08\/baner_WLC_640x350_3.png 640w, https:\/\/d2p6e6u75xmxt8.cloudfront.net\/5\/2019\/08\/baner_WLC_640x350_3-300x164.png 300w\" alt=\"\" width=\"640\" height=\"350\" data-was-processed=\"true\" \/><\/a><\/p>\n","protected":false},"excerpt":{"rendered":"<p>Zaczyna\u0142 jako dobrze zapowiadaj\u0105cy si\u0119 pi\u0142karz, a dzi\u015b jest\u2026 zwyci\u0119zc\u0105 Vuelta a Espa\u00f1a! Remco Evenepoel zadziwi\u0142 \u015bwiat i wygra\u0142 jeden [&hellip;]<\/p>\n","protected":false},"author":153,"featured_media":13182,"comment_status":"open","ping_status":"open","sticky":false,"template":"","format":"standard","meta":{"footnotes":""},"categories":[6,295],"tags":[],"global-categories":[303],"class_list":["post-13175","post","type-post","status-publish","format-standard","has-post-thumbnail","hentry","category-kolarstwo-szosowe","category-zawody","global-categories-cycling"],"yoast_head":"<!-- This site is optimized with the Yoast SEO Premium plugin v25.3 (Yoast SEO v25.9) - https:\/\/yoast.com\/wordpress\/plugins\/seo\/ -->\n<title>Marzenia si\u0119 spe\u0142niaj\u0105! Niedosz\u0142y pi\u0142karz wygrywa Vuelta a Espa\u00f1a - \u0160koda We Love Cycling - Poland<\/title>\n<meta name=\"robots\" content=\"index, follow, max-snippet:-1, max-image-preview:large, max-video-preview:-1\" \/>\n<link rel=\"canonical\" href=\"https:\/\/www.welovecycling.com\/pl\/2022\/09\/12\/marzenia-sie-spelniaja-niedoszly-pilkarz-wygrywa-vuelta-a-espana\/\" \/>\n<meta property=\"og:locale\" content=\"pl_PL\" \/>\n<meta property=\"og:type\" content=\"article\" \/>\n<meta property=\"og:title\" content=\"Marzenia si\u0119 spe\u0142niaj\u0105! Niedosz\u0142y pi\u0142karz wygrywa Vuelta a Espa\u00f1a\" \/>\n<meta property=\"og:description\" content=\"Zaczyna\u0142 jako dobrze zapowiadaj\u0105cy si\u0119 pi\u0142karz, a dzi\u015b jest\u2026 zwyci\u0119zc\u0105 Vuelta a Espa\u00f1a! Remco Evenepoel zadziwi\u0142 \u015bwiat i wygra\u0142 jeden [&hellip;]\" \/>\n<meta property=\"og:url\" content=\"https:\/\/www.welovecycling.com\/pl\/2022\/09\/12\/marzenia-sie-spelniaja-niedoszly-pilkarz-wygrywa-vuelta-a-espana\/\" \/>\n<meta property=\"og:site_name\" content=\"\u0160koda We Love Cycling - Poland\" \/>\n<meta property=\"article:published_time\" content=\"2022-09-12T11:20:27+00:00\" \/>\n<meta property=\"og:image\" content=\"https:\/\/d2p6e6u75xmxt8.cloudfront.net\/5\/2022\/09\/Remco-Evenepoel-La-Vuelta-profimedia-0721801875-CVR.jpg\" \/>\n\t<meta property=\"og:image:width\" content=\"990\" \/>\n\t<meta property=\"og:image:height\" content=\"660\" \/>\n\t<meta property=\"og:image:type\" content=\"image\/jpeg\" \/>\n<meta name=\"author\" content=\"rafal\" \/>\n<meta name=\"twitter:card\" content=\"summary_large_image\" \/>\n<meta name=\"twitter:label1\" content=\"Written by\" \/>\n\t<meta name=\"twitter:data1\" content=\"Piotr Nowik\" \/>\n\t<meta name=\"twitter:label2\" content=\"Est. reading time\" \/>\n\t<meta name=\"twitter:data2\" content=\"3\" \/>\n<script type=\"application\/ld+json\" class=\"yoast-schema-graph\">{\"@context\":\"https:\/\/schema.org\",\"@graph\":[{\"@type\":\"WebPage\",\"@id\":\"https:\/\/www.welovecycling.com\/pl\/2022\/09\/12\/marzenia-sie-spelniaja-niedoszly-pilkarz-wygrywa-vuelta-a-espana\/\",\"url\":\"https:\/\/www.welovecycling.com\/pl\/2022\/09\/12\/marzenia-sie-spelniaja-niedoszly-pilkarz-wygrywa-vuelta-a-espana\/\",\"name\":\"Marzenia si\u0119 spe\u0142niaj\u0105! Niedosz\u0142y pi\u0142karz wygrywa Vuelta a Espa\u00f1a - \u0160koda We Love Cycling - Poland\",\"isPartOf\":{\"@id\":\"https:\/\/www.welovecycling.com\/pl\/#website\"},\"primaryImageOfPage\":{\"@id\":\"https:\/\/www.welovecycling.com\/pl\/2022\/09\/12\/marzenia-sie-spelniaja-niedoszly-pilkarz-wygrywa-vuelta-a-espana\/#primaryimage\"},\"image\":{\"@id\":\"https:\/\/www.welovecycling.com\/pl\/2022\/09\/12\/marzenia-sie-spelniaja-niedoszly-pilkarz-wygrywa-vuelta-a-espana\/#primaryimage\"},\"thumbnailUrl\":\"https:\/\/d2p6e6u75xmxt8.cloudfront.net\/5\/2022\/09\/Remco-Evenepoel-La-Vuelta-profimedia-0721801875-CVR.jpg\",\"datePublished\":\"2022-09-12T11:20:27+00:00\",\"author\":{\"@id\":\"https:\/\/www.welovecycling.com\/pl\/#\/schema\/person\/bf06ed916a1ef16618807fb60d2ebe42\"},\"breadcrumb\":{\"@id\":\"https:\/\/www.welovecycling.com\/pl\/2022\/09\/12\/marzenia-sie-spelniaja-niedoszly-pilkarz-wygrywa-vuelta-a-espana\/#breadcrumb\"},\"inLanguage\":\"pl-PL\",\"potentialAction\":[{\"@type\":\"ReadAction\",\"target\":[\"https:\/\/www.welovecycling.com\/pl\/2022\/09\/12\/marzenia-sie-spelniaja-niedoszly-pilkarz-wygrywa-vuelta-a-espana\/\"]}]},{\"@type\":\"ImageObject\",\"inLanguage\":\"pl-PL\",\"@id\":\"https:\/\/www.welovecycling.com\/pl\/2022\/09\/12\/marzenia-sie-spelniaja-niedoszly-pilkarz-wygrywa-vuelta-a-espana\/#primaryimage\",\"url\":\"https:\/\/d2p6e6u75xmxt8.cloudfront.net\/5\/2022\/09\/Remco-Evenepoel-La-Vuelta-profimedia-0721801875-CVR.jpg\",\"contentUrl\":\"https:\/\/d2p6e6u75xmxt8.cloudfront.net\/5\/2022\/09\/Remco-Evenepoel-La-Vuelta-profimedia-0721801875-CVR.jpg\",\"width\":990,\"height\":660},{\"@type\":\"BreadcrumbList\",\"@id\":\"https:\/\/www.welovecycling.com\/pl\/2022\/09\/12\/marzenia-sie-spelniaja-niedoszly-pilkarz-wygrywa-vuelta-a-espana\/#breadcrumb\",\"itemListElement\":[{\"@type\":\"ListItem\",\"position\":1,\"name\":\"Home\",\"item\":\"https:\/\/www.welovecycling.com\/pl\/\"},{\"@type\":\"ListItem\",\"position\":2,\"name\":\"Marzenia si\u0119 spe\u0142niaj\u0105! Niedosz\u0142y pi\u0142karz wygrywa Vuelta a Espa\u00f1a\"}]},{\"@type\":\"WebSite\",\"@id\":\"https:\/\/www.welovecycling.com\/pl\/#website\",\"url\":\"https:\/\/www.welovecycling.com\/pl\/\",\"name\":\"\u0160koda We Love Cycling - Poland\",\"description\":\"\",\"potentialAction\":[{\"@type\":\"SearchAction\",\"target\":{\"@type\":\"EntryPoint\",\"urlTemplate\":\"https:\/\/www.welovecycling.com\/pl\/?s={search_term_string}\"},\"query-input\":{\"@type\":\"PropertyValueSpecification\",\"valueRequired\":true,\"valueName\":\"search_term_string\"}}],\"inLanguage\":\"pl-PL\"},{\"@type\":\"Person\",\"@id\":\"https:\/\/www.welovecycling.com\/pl\/#\/schema\/person\/bf06ed916a1ef16618807fb60d2ebe42\",\"name\":\"rafal\",\"image\":{\"@type\":\"ImageObject\",\"inLanguage\":\"pl-PL\",\"@id\":\"https:\/\/www.welovecycling.com\/pl\/#\/schema\/person\/image\/\",\"url\":\"https:\/\/secure.gravatar.com\/avatar\/203f240e63bee214f6f3a0dacbeb600c7829c09716c2b9ee3230c6961debcde2?s=96&d=mm&r=g\",\"contentUrl\":\"https:\/\/secure.gravatar.com\/avatar\/203f240e63bee214f6f3a0dacbeb600c7829c09716c2b9ee3230c6961debcde2?s=96&d=mm&r=g\",\"caption\":\"rafal\"},\"url\":\"https:\/\/www.welovecycling.com\/pl\/author\/rafal\/\"}]}<\/script>\n<!-- \/ Yoast SEO Premium plugin. -->","yoast_head_json":{"title":"Marzenia si\u0119 spe\u0142niaj\u0105! Niedosz\u0142y pi\u0142karz wygrywa Vuelta a Espa\u00f1a - \u0160koda We Love Cycling - Poland","robots":{"index":"index","follow":"follow","max-snippet":"max-snippet:-1","max-image-preview":"max-image-preview:large","max-video-preview":"max-video-preview:-1"},"canonical":"https:\/\/www.welovecycling.com\/pl\/2022\/09\/12\/marzenia-sie-spelniaja-niedoszly-pilkarz-wygrywa-vuelta-a-espana\/","og_locale":"pl_PL","og_type":"article","og_title":"Marzenia si\u0119 spe\u0142niaj\u0105! Niedosz\u0142y pi\u0142karz wygrywa Vuelta a Espa\u00f1a","og_description":"Zaczyna\u0142 jako dobrze zapowiadaj\u0105cy si\u0119 pi\u0142karz, a dzi\u015b jest\u2026 zwyci\u0119zc\u0105 Vuelta a Espa\u00f1a! Remco Evenepoel zadziwi\u0142 \u015bwiat i wygra\u0142 jeden [&hellip;]","og_url":"https:\/\/www.welovecycling.com\/pl\/2022\/09\/12\/marzenia-sie-spelniaja-niedoszly-pilkarz-wygrywa-vuelta-a-espana\/","og_site_name":"\u0160koda We Love Cycling - Poland","article_published_time":"2022-09-12T11:20:27+00:00","og_image":[{"width":990,"height":660,"url":"https:\/\/d2p6e6u75xmxt8.cloudfront.net\/5\/2022\/09\/Remco-Evenepoel-La-Vuelta-profimedia-0721801875-CVR.jpg","type":"image\/jpeg"}],"author":"rafal","twitter_card":"summary_large_image","twitter_misc":{"Written by":"Piotr Nowik","Est. reading time":"3"},"schema":{"@context":"https:\/\/schema.org","@graph":[{"@type":"WebPage","@id":"https:\/\/www.welovecycling.com\/pl\/2022\/09\/12\/marzenia-sie-spelniaja-niedoszly-pilkarz-wygrywa-vuelta-a-espana\/","url":"https:\/\/www.welovecycling.com\/pl\/2022\/09\/12\/marzenia-sie-spelniaja-niedoszly-pilkarz-wygrywa-vuelta-a-espana\/","name":"Marzenia si\u0119 spe\u0142niaj\u0105! Niedosz\u0142y pi\u0142karz wygrywa Vuelta a Espa\u00f1a - \u0160koda We Love Cycling - Poland","isPartOf":{"@id":"https:\/\/www.welovecycling.com\/pl\/#website"},"primaryImageOfPage":{"@id":"https:\/\/www.welovecycling.com\/pl\/2022\/09\/12\/marzenia-sie-spelniaja-niedoszly-pilkarz-wygrywa-vuelta-a-espana\/#primaryimage"},"image":{"@id":"https:\/\/www.welovecycling.com\/pl\/2022\/09\/12\/marzenia-sie-spelniaja-niedoszly-pilkarz-wygrywa-vuelta-a-espana\/#primaryimage"},"thumbnailUrl":"https:\/\/d2p6e6u75xmxt8.cloudfront.net\/5\/2022\/09\/Remco-Evenepoel-La-Vuelta-profimedia-0721801875-CVR.jpg","datePublished":"2022-09-12T11:20:27+00:00","author":{"@id":"https:\/\/www.welovecycling.com\/pl\/#\/schema\/person\/bf06ed916a1ef16618807fb60d2ebe42"},"breadcrumb":{"@id":"https:\/\/www.welovecycling.com\/pl\/2022\/09\/12\/marzenia-sie-spelniaja-niedoszly-pilkarz-wygrywa-vuelta-a-espana\/#breadcrumb"},"inLanguage":"pl-PL","potentialAction":[{"@type":"ReadAction","target":["https:\/\/www.welovecycling.com\/pl\/2022\/09\/12\/marzenia-sie-spelniaja-niedoszly-pilkarz-wygrywa-vuelta-a-espana\/"]}]},{"@type":"ImageObject","inLanguage":"pl-PL","@id":"https:\/\/www.welovecycling.com\/pl\/2022\/09\/12\/marzenia-sie-spelniaja-niedoszly-pilkarz-wygrywa-vuelta-a-espana\/#primaryimage","url":"https:\/\/d2p6e6u75xmxt8.cloudfront.net\/5\/2022\/09\/Remco-Evenepoel-La-Vuelta-profimedia-0721801875-CVR.jpg","contentUrl":"https:\/\/d2p6e6u75xmxt8.cloudfront.net\/5\/2022\/09\/Remco-Evenepoel-La-Vuelta-profimedia-0721801875-CVR.jpg","width":990,"height":660},{"@type":"BreadcrumbList","@id":"https:\/\/www.welovecycling.com\/pl\/2022\/09\/12\/marzenia-sie-spelniaja-niedoszly-pilkarz-wygrywa-vuelta-a-espana\/#breadcrumb","itemListElement":[{"@type":"ListItem","position":1,"name":"Home","item":"https:\/\/www.welovecycling.com\/pl\/"},{"@type":"ListItem","position":2,"name":"Marzenia si\u0119 spe\u0142niaj\u0105! Niedosz\u0142y pi\u0142karz wygrywa Vuelta a Espa\u00f1a"}]},{"@type":"WebSite","@id":"https:\/\/www.welovecycling.com\/pl\/#website","url":"https:\/\/www.welovecycling.com\/pl\/","name":"\u0160koda We Love Cycling - Poland","description":"","potentialAction":[{"@type":"SearchAction","target":{"@type":"EntryPoint","urlTemplate":"https:\/\/www.welovecycling.com\/pl\/?s={search_term_string}"},"query-input":{"@type":"PropertyValueSpecification","valueRequired":true,"valueName":"search_term_string"}}],"inLanguage":"pl-PL"},{"@type":"Person","@id":"https:\/\/www.welovecycling.com\/pl\/#\/schema\/person\/bf06ed916a1ef16618807fb60d2ebe42","name":"rafal","image":{"@type":"ImageObject","inLanguage":"pl-PL","@id":"https:\/\/www.welovecycling.com\/pl\/#\/schema\/person\/image\/","url":"https:\/\/secure.gravatar.com\/avatar\/203f240e63bee214f6f3a0dacbeb600c7829c09716c2b9ee3230c6961debcde2?s=96&d=mm&r=g","contentUrl":"https:\/\/secure.gravatar.com\/avatar\/203f240e63bee214f6f3a0dacbeb600c7829c09716c2b9ee3230c6961debcde2?s=96&d=mm&r=g","caption":"rafal"},"url":"https:\/\/www.welovecycling.com\/pl\/author\/rafal\/"}]}},"_links":{"self":[{"href":"https:\/\/www.welovecycling.com\/pl\/wp-json\/wp\/v2\/posts\/13175","targetHints":{"allow":["GET"]}}],"collection":[{"href":"https:\/\/www.welovecycling.com\/pl\/wp-json\/wp\/v2\/posts"}],"about":[{"href":"https:\/\/www.welovecycling.com\/pl\/wp-json\/wp\/v2\/types\/post"}],"author":[{"embeddable":true,"href":"https:\/\/www.welovecycling.com\/pl\/wp-json\/wp\/v2\/users\/153"}],"replies":[{"embeddable":true,"href":"https:\/\/www.welovecycling.com\/pl\/wp-json\/wp\/v2\/comments?post=13175"}],"version-history":[{"count":1,"href":"https:\/\/www.welovecycling.com\/pl\/wp-json\/wp\/v2\/posts\/13175\/revisions"}],"predecessor-version":[{"id":13183,"href":"https:\/\/www.welovecycling.com\/pl\/wp-json\/wp\/v2\/posts\/13175\/revisions\/13183"}],"wp:featuredmedia":[{"embeddable":true,"href":"https:\/\/www.welovecycling.com\/pl\/wp-json\/wp\/v2\/media\/13182"}],"wp:attachment":[{"href":"https:\/\/www.welovecycling.com\/pl\/wp-json\/wp\/v2\/media?parent=13175"}],"wp:term":[{"taxonomy":"category","embeddable":true,"href":"https:\/\/www.welovecycling.com\/pl\/wp-json\/wp\/v2\/categories?post=13175"},{"taxonomy":"post_tag","embeddable":true,"href":"https:\/\/www.welovecycling.com\/pl\/wp-json\/wp\/v2\/tags?post=13175"},{"taxonomy":"global-categories","embeddable":true,"href":"https:\/\/www.welovecycling.com\/pl\/wp-json\/wp\/v2\/global-categories?post=13175"}],"curies":[{"name":"wp","href":"https:\/\/api.w.org\/{rel}","templated":true}]}}