{"id":1316,"date":"2016-07-01T08:33:17","date_gmt":"2016-07-01T08:33:17","guid":{"rendered":"http:\/\/skoda-rowery.pl\/?p=1316"},"modified":"2016-12-05T08:49:59","modified_gmt":"2016-12-05T08:49:59","slug":"skoda-napedza-tour-de-france-3","status":"publish","type":"post","link":"https:\/\/www.welovecycling.com\/pl\/2016\/07\/01\/skoda-napedza-tour-de-france-3\/","title":{"rendered":"\u0160koda nap\u0119dza Tour de France\u00a0"},"content":{"rendered":"<p>To ju\u017c jutro! Ca\u0142y rok czekali\u015bmy na to wielkie kolarskie \u015bwi\u0119to. Tour de France 2016 czas zacz\u0105\u0107!<\/p>\n<p>Sprawd\u017a, dlaczego jak co roku nap\u0119dzamy Tour de France:<\/p>\n<p>Ju\u017c 13 raz (ale nie pechowy!) z rz\u0119du jeste\u015bmy oficjalnym sponsorem i\u00a0oficjalnym partnerem wy\u015bcigu Tour de France, kt\u00f3remu\u00a0od 2015 roku przewodzi czerwona \u0160koda Superb. Ka\u017cdego roku ponad 250 samochod\u00f3w \u0160KODY pokonuje blisko 2,8 miliona kilometr\u00f3w podczas najwa\u017cniejszej imprezy rowerowej we\u00a0Francji. To\u00a0dla nas doskona\u0142y test niezawodno\u015bci, kt\u00f3ry\u00a0modele\u00a0 \u0160KODY zdaj\u0105 celuj\u0105co.<\/p>\n<p><strong>\u0141\u0105czy nas kolarska pasja <\/strong>\u2013 to my\u015bl przewodnia naszych tegorocznych dzia\u0142a\u0144 w ramach Tour de France. W tym roku celebrujemy najwi\u0119ksze \u015bwi\u0119to kolarskie wszyscy razem i z dum\u0105 podkre\u015blamy, \u017ce ka\u017cdy z nas nale\u017cy do wielkiej, kolarskiej rodziny. Chocia\u017c ka\u017cdy je\u017adzi inaczej, lubi inne dystanse i podejmuje r\u00f3\u017cne wyzwania, wszystkich nas \u0142\u0105czy pasja do rower\u00f3w. Kim jeste\u015b w naszej rowerowej dru\u017cynie? We\u017a udzia\u0142 w quizie <a href=\"https:\/\/www.welovecycling.com\/tour-de-france\/pl\/personality-test\/\">[klik]<\/a> i przekonaj si\u0119 sam. Zapraszamy!<\/p>\n<p><strong>Co nas czeka podczas tegorocznej Wielkiej P\u0119tli? <\/strong>Przez ca\u0142y czas trwania wy\u015bcigu mo\u017cesz liczy\u0107 na spor\u0105 dawk\u0119 \u015bwie\u017cych, kolarskich emocji na naszej stronie. \u015aled\u017a \u0160koda nap\u0119dza rowery! B\u0105d\u017a z nami.<\/p>\n","protected":false},"excerpt":{"rendered":"<p>To ju\u017c jutro! Ca\u0142y rok czekali\u015bmy na to wielkie kolarskie \u015bwi\u0119to. Tour de France 2016 czas zacz\u0105\u0107! Sprawd\u017a, dlaczego jak [&hellip;]<\/p>\n","protected":false},"author":1,"featured_media":1309,"comment_status":"open","ping_status":"closed","sticky":false,"template":"","format":"standard","meta":{"footnotes":""},"categories":[1],"tags":[66,77],"global-categories":[],"class_list":["post-1316","post","type-post","status-publish","format-standard","has-post-thumbnail","hentry","category-uncategorized","tag-skodanapedzarowery","tag-tour-de-france"],"yoast_head":"<!-- This site is optimized with the Yoast SEO Premium plugin v25.3 (Yoast SEO v25.9) - https:\/\/yoast.com\/wordpress\/plugins\/seo\/ -->\n<title>\u0160koda nap\u0119dza Tour de France\u00a0 - \u0160koda We Love Cycling - Poland<\/title>\n<meta name=\"robots\" content=\"index, follow, max-snippet:-1, max-image-preview:large, max-video-preview:-1\" \/>\n<link rel=\"canonical\" href=\"https:\/\/www.welovecycling.com\/pl\/2016\/07\/01\/skoda-napedza-tour-de-france-3\/\" \/>\n<meta property=\"og:locale\" content=\"pl_PL\" \/>\n<meta property=\"og:type\" content=\"article\" \/>\n<meta property=\"og:title\" content=\"\u0160koda nap\u0119dza Tour de France\u00a0\" \/>\n<meta property=\"og:description\" content=\"To ju\u017c jutro! Ca\u0142y rok czekali\u015bmy na to wielkie kolarskie \u015bwi\u0119to. Tour de France 2016 czas zacz\u0105\u0107! Sprawd\u017a, dlaczego jak [&hellip;]\" \/>\n<meta property=\"og:url\" content=\"https:\/\/www.welovecycling.com\/pl\/2016\/07\/01\/skoda-napedza-tour-de-france-3\/\" \/>\n<meta property=\"og:site_name\" content=\"\u0160koda We Love Cycling - Poland\" \/>\n<meta property=\"article:published_time\" content=\"2016-07-01T08:33:17+00:00\" \/>\n<meta property=\"article:modified_time\" content=\"2016-12-05T08:49:59+00:00\" \/>\n<meta property=\"og:image\" content=\"https:\/\/d2p6e6u75xmxt8.cloudfront.net\/5\/2016\/07\/650x435.jpg\" \/>\n\t<meta property=\"og:image:width\" content=\"650\" \/>\n\t<meta property=\"og:image:height\" content=\"435\" \/>\n\t<meta property=\"og:image:type\" content=\"image\/jpeg\" \/>\n<meta name=\"author\" content=\"WeLoveCycling\" \/>\n<meta name=\"twitter:card\" content=\"summary_large_image\" \/>\n<meta name=\"twitter:label1\" content=\"Written by\" \/>\n\t<meta name=\"twitter:data1\" content=\"WeLoveCycling\" \/>\n\t<meta name=\"twitter:label2\" content=\"Est. reading time\" \/>\n\t<meta name=\"twitter:data2\" content=\"1 minute\" \/>\n<script type=\"application\/ld+json\" class=\"yoast-schema-graph\">{\"@context\":\"https:\/\/schema.org\",\"@graph\":[{\"@type\":\"WebPage\",\"@id\":\"https:\/\/www.welovecycling.com\/pl\/2016\/07\/01\/skoda-napedza-tour-de-france-3\/\",\"url\":\"https:\/\/www.welovecycling.com\/pl\/2016\/07\/01\/skoda-napedza-tour-de-france-3\/\",\"name\":\"\u0160koda nap\u0119dza Tour de France\u00a0 - \u0160koda We Love Cycling - Poland\",\"isPartOf\":{\"@id\":\"https:\/\/www.welovecycling.com\/pl\/#website\"},\"primaryImageOfPage\":{\"@id\":\"https:\/\/www.welovecycling.com\/pl\/2016\/07\/01\/skoda-napedza-tour-de-france-3\/#primaryimage\"},\"image\":{\"@id\":\"https:\/\/www.welovecycling.com\/pl\/2016\/07\/01\/skoda-napedza-tour-de-france-3\/#primaryimage\"},\"thumbnailUrl\":\"https:\/\/d2p6e6u75xmxt8.cloudfront.net\/5\/2016\/07\/650x435.jpg\",\"datePublished\":\"2016-07-01T08:33:17+00:00\",\"dateModified\":\"2016-12-05T08:49:59+00:00\",\"author\":{\"@id\":\"https:\/\/www.welovecycling.com\/pl\/#\/schema\/person\/e5187c9cac8dd619ebc7b41bd73c2fd9\"},\"breadcrumb\":{\"@id\":\"https:\/\/www.welovecycling.com\/pl\/2016\/07\/01\/skoda-napedza-tour-de-france-3\/#breadcrumb\"},\"inLanguage\":\"pl-PL\",\"potentialAction\":[{\"@type\":\"ReadAction\",\"target\":[\"https:\/\/www.welovecycling.com\/pl\/2016\/07\/01\/skoda-napedza-tour-de-france-3\/\"]}]},{\"@type\":\"ImageObject\",\"inLanguage\":\"pl-PL\",\"@id\":\"https:\/\/www.welovecycling.com\/pl\/2016\/07\/01\/skoda-napedza-tour-de-france-3\/#primaryimage\",\"url\":\"https:\/\/d2p6e6u75xmxt8.cloudfront.net\/5\/2016\/07\/650x435.jpg\",\"contentUrl\":\"https:\/\/d2p6e6u75xmxt8.cloudfront.net\/5\/2016\/07\/650x435.jpg\",\"width\":650,\"height\":435},{\"@type\":\"BreadcrumbList\",\"@id\":\"https:\/\/www.welovecycling.com\/pl\/2016\/07\/01\/skoda-napedza-tour-de-france-3\/#breadcrumb\",\"itemListElement\":[{\"@type\":\"ListItem\",\"position\":1,\"name\":\"Home\",\"item\":\"https:\/\/www.welovecycling.com\/pl\/\"},{\"@type\":\"ListItem\",\"position\":2,\"name\":\"\u0160koda nap\u0119dza Tour de France\u00a0\"}]},{\"@type\":\"WebSite\",\"@id\":\"https:\/\/www.welovecycling.com\/pl\/#website\",\"url\":\"https:\/\/www.welovecycling.com\/pl\/\",\"name\":\"\u0160koda We Love Cycling - Poland\",\"description\":\"\",\"potentialAction\":[{\"@type\":\"SearchAction\",\"target\":{\"@type\":\"EntryPoint\",\"urlTemplate\":\"https:\/\/www.welovecycling.com\/pl\/?s={search_term_string}\"},\"query-input\":{\"@type\":\"PropertyValueSpecification\",\"valueRequired\":true,\"valueName\":\"search_term_string\"}}],\"inLanguage\":\"pl-PL\"},{\"@type\":\"Person\",\"@id\":\"https:\/\/www.welovecycling.com\/pl\/#\/schema\/person\/e5187c9cac8dd619ebc7b41bd73c2fd9\",\"name\":\"WeLoveCycling\",\"image\":{\"@type\":\"ImageObject\",\"inLanguage\":\"pl-PL\",\"@id\":\"https:\/\/www.welovecycling.com\/pl\/#\/schema\/person\/image\/\",\"url\":\"https:\/\/secure.gravatar.com\/avatar\/7e1ee0ecc5e294b19ef32b9f6086e0afbb9da00c3cb0d465ba4695331f4a9187?s=96&d=mm&r=g\",\"contentUrl\":\"https:\/\/secure.gravatar.com\/avatar\/7e1ee0ecc5e294b19ef32b9f6086e0afbb9da00c3cb0d465ba4695331f4a9187?s=96&d=mm&r=g\",\"caption\":\"WeLoveCycling\"},\"url\":\"https:\/\/www.welovecycling.com\/pl\/author\/lukascech\/\"}]}<\/script>\n<!-- \/ Yoast SEO Premium plugin. -->","yoast_head_json":{"title":"\u0160koda nap\u0119dza Tour de France\u00a0 - \u0160koda We Love Cycling - Poland","robots":{"index":"index","follow":"follow","max-snippet":"max-snippet:-1","max-image-preview":"max-image-preview:large","max-video-preview":"max-video-preview:-1"},"canonical":"https:\/\/www.welovecycling.com\/pl\/2016\/07\/01\/skoda-napedza-tour-de-france-3\/","og_locale":"pl_PL","og_type":"article","og_title":"\u0160koda nap\u0119dza Tour de France\u00a0","og_description":"To ju\u017c jutro! Ca\u0142y rok czekali\u015bmy na to wielkie kolarskie \u015bwi\u0119to. Tour de France 2016 czas zacz\u0105\u0107! Sprawd\u017a, dlaczego jak [&hellip;]","og_url":"https:\/\/www.welovecycling.com\/pl\/2016\/07\/01\/skoda-napedza-tour-de-france-3\/","og_site_name":"\u0160koda We Love Cycling - Poland","article_published_time":"2016-07-01T08:33:17+00:00","article_modified_time":"2016-12-05T08:49:59+00:00","og_image":[{"width":650,"height":435,"url":"https:\/\/d2p6e6u75xmxt8.cloudfront.net\/5\/2016\/07\/650x435.jpg","type":"image\/jpeg"}],"author":"WeLoveCycling","twitter_card":"summary_large_image","twitter_misc":{"Written by":"WeLoveCycling","Est. reading time":"1 minute"},"schema":{"@context":"https:\/\/schema.org","@graph":[{"@type":"WebPage","@id":"https:\/\/www.welovecycling.com\/pl\/2016\/07\/01\/skoda-napedza-tour-de-france-3\/","url":"https:\/\/www.welovecycling.com\/pl\/2016\/07\/01\/skoda-napedza-tour-de-france-3\/","name":"\u0160koda nap\u0119dza Tour de France\u00a0 - \u0160koda We Love Cycling - Poland","isPartOf":{"@id":"https:\/\/www.welovecycling.com\/pl\/#website"},"primaryImageOfPage":{"@id":"https:\/\/www.welovecycling.com\/pl\/2016\/07\/01\/skoda-napedza-tour-de-france-3\/#primaryimage"},"image":{"@id":"https:\/\/www.welovecycling.com\/pl\/2016\/07\/01\/skoda-napedza-tour-de-france-3\/#primaryimage"},"thumbnailUrl":"https:\/\/d2p6e6u75xmxt8.cloudfront.net\/5\/2016\/07\/650x435.jpg","datePublished":"2016-07-01T08:33:17+00:00","dateModified":"2016-12-05T08:49:59+00:00","author":{"@id":"https:\/\/www.welovecycling.com\/pl\/#\/schema\/person\/e5187c9cac8dd619ebc7b41bd73c2fd9"},"breadcrumb":{"@id":"https:\/\/www.welovecycling.com\/pl\/2016\/07\/01\/skoda-napedza-tour-de-france-3\/#breadcrumb"},"inLanguage":"pl-PL","potentialAction":[{"@type":"ReadAction","target":["https:\/\/www.welovecycling.com\/pl\/2016\/07\/01\/skoda-napedza-tour-de-france-3\/"]}]},{"@type":"ImageObject","inLanguage":"pl-PL","@id":"https:\/\/www.welovecycling.com\/pl\/2016\/07\/01\/skoda-napedza-tour-de-france-3\/#primaryimage","url":"https:\/\/d2p6e6u75xmxt8.cloudfront.net\/5\/2016\/07\/650x435.jpg","contentUrl":"https:\/\/d2p6e6u75xmxt8.cloudfront.net\/5\/2016\/07\/650x435.jpg","width":650,"height":435},{"@type":"BreadcrumbList","@id":"https:\/\/www.welovecycling.com\/pl\/2016\/07\/01\/skoda-napedza-tour-de-france-3\/#breadcrumb","itemListElement":[{"@type":"ListItem","position":1,"name":"Home","item":"https:\/\/www.welovecycling.com\/pl\/"},{"@type":"ListItem","position":2,"name":"\u0160koda nap\u0119dza Tour de France\u00a0"}]},{"@type":"WebSite","@id":"https:\/\/www.welovecycling.com\/pl\/#website","url":"https:\/\/www.welovecycling.com\/pl\/","name":"\u0160koda We Love Cycling - Poland","description":"","potentialAction":[{"@type":"SearchAction","target":{"@type":"EntryPoint","urlTemplate":"https:\/\/www.welovecycling.com\/pl\/?s={search_term_string}"},"query-input":{"@type":"PropertyValueSpecification","valueRequired":true,"valueName":"search_term_string"}}],"inLanguage":"pl-PL"},{"@type":"Person","@id":"https:\/\/www.welovecycling.com\/pl\/#\/schema\/person\/e5187c9cac8dd619ebc7b41bd73c2fd9","name":"WeLoveCycling","image":{"@type":"ImageObject","inLanguage":"pl-PL","@id":"https:\/\/www.welovecycling.com\/pl\/#\/schema\/person\/image\/","url":"https:\/\/secure.gravatar.com\/avatar\/7e1ee0ecc5e294b19ef32b9f6086e0afbb9da00c3cb0d465ba4695331f4a9187?s=96&d=mm&r=g","contentUrl":"https:\/\/secure.gravatar.com\/avatar\/7e1ee0ecc5e294b19ef32b9f6086e0afbb9da00c3cb0d465ba4695331f4a9187?s=96&d=mm&r=g","caption":"WeLoveCycling"},"url":"https:\/\/www.welovecycling.com\/pl\/author\/lukascech\/"}]}},"_links":{"self":[{"href":"https:\/\/www.welovecycling.com\/pl\/wp-json\/wp\/v2\/posts\/1316","targetHints":{"allow":["GET"]}}],"collection":[{"href":"https:\/\/www.welovecycling.com\/pl\/wp-json\/wp\/v2\/posts"}],"about":[{"href":"https:\/\/www.welovecycling.com\/pl\/wp-json\/wp\/v2\/types\/post"}],"author":[{"embeddable":true,"href":"https:\/\/www.welovecycling.com\/pl\/wp-json\/wp\/v2\/users\/1"}],"replies":[{"embeddable":true,"href":"https:\/\/www.welovecycling.com\/pl\/wp-json\/wp\/v2\/comments?post=1316"}],"version-history":[{"count":1,"href":"https:\/\/www.welovecycling.com\/pl\/wp-json\/wp\/v2\/posts\/1316\/revisions"}],"predecessor-version":[{"id":2444,"href":"https:\/\/www.welovecycling.com\/pl\/wp-json\/wp\/v2\/posts\/1316\/revisions\/2444"}],"wp:featuredmedia":[{"embeddable":true,"href":"https:\/\/www.welovecycling.com\/pl\/wp-json\/wp\/v2\/media\/1309"}],"wp:attachment":[{"href":"https:\/\/www.welovecycling.com\/pl\/wp-json\/wp\/v2\/media?parent=1316"}],"wp:term":[{"taxonomy":"category","embeddable":true,"href":"https:\/\/www.welovecycling.com\/pl\/wp-json\/wp\/v2\/categories?post=1316"},{"taxonomy":"post_tag","embeddable":true,"href":"https:\/\/www.welovecycling.com\/pl\/wp-json\/wp\/v2\/tags?post=1316"},{"taxonomy":"global-categories","embeddable":true,"href":"https:\/\/www.welovecycling.com\/pl\/wp-json\/wp\/v2\/global-categories?post=1316"}],"curies":[{"name":"wp","href":"https:\/\/api.w.org\/{rel}","templated":true}]}}