{"id":13155,"date":"2022-09-05T12:54:03","date_gmt":"2022-09-05T12:54:03","guid":{"rendered":"https:\/\/www.welovecycling.com\/pl\/?p=13155"},"modified":"2022-09-05T12:54:03","modified_gmt":"2022-09-05T12:54:03","slug":"kolarski-deser-czy-kolejny-mlodzian-wytrzyma","status":"publish","type":"post","link":"https:\/\/www.welovecycling.com\/pl\/2022\/09\/05\/kolarski-deser-czy-kolejny-mlodzian-wytrzyma\/","title":{"rendered":"Kolarski deser! Czy kolejny m\u0142odzian wytrzyma?"},"content":{"rendered":"<p><strong>Gdyby wycisn\u0105\u0107 z kolarstwa wszystko, co najpi\u0119kniejsze, to wyszed\u0142by z tego\u2026 miniony tydzie\u0144 wy\u015bcigu Vuelta a Espa\u00f1a. Kapitalna jazda na czas, upadek, mordercze podjazdy i odpieranie kolejnych atak\u00f3w. Je\u015bli 22-letni Remco Evenepoel utrzyma prowadzenie w klasyfikacji generalnej, to sprawi jedn\u0105 z wi\u0119kszych niespodzianek w tym roku.<\/strong><\/p>\n<p>Gdyby trwaj\u0105c\u0105 blisko miesi\u0105c Vuelta a Espa\u00f1a okroi\u0107 do zaledwie jednego tygodnia, to pewnie by\u0142by to tydzie\u0144, kt\u00f3ry zawodnicy w\u0142a\u015bnie zako\u0144czyli. Prowadz\u0105cy Evenepoel (Quick-Step Alpha Viny Team) straci\u0142 w nim troch\u0119 przewagi, ale ci\u0105gle jest faworytem wy\u015bcigu.<\/p>\n<h2><strong>Koncert podczas czas\u00f3wki<\/strong><\/h2>\n<p>Organizatorzy zaserwowali uczt\u0119 fanom kolarstwa. Nie do\u015b\u0107, \u017ce zagwarantowali emocje, to jeszcze wszystko okrasili pi\u0119knymi hiszpa\u0144skimi krajobrazami.<\/p>\n<div class=\"embed-controller-wrapper\">\n<blockquote class=\"twitter-tweet\" data-width=\"500\" data-dnt=\"true\">\n<p lang=\"es\" dir=\"ltr\">\ud83d\ude0d\u00a1Aqu\u00ed ten\u00e9is las mejores fotos de la etapa 1\u20e35\u20e3!<\/p>\n<p>\ud83d\udcf8 A selection of the best photos from stage  1\u20e35\u20e3!<\/p>\n<p>\ud83d\udcf2 M\u00e1s fotos \/ More photos on <a href=\"https:\/\/t.co\/rCn67bhhG6\">https:\/\/t.co\/rCn67bhhG6<\/a><a href=\"https:\/\/twitter.com\/hashtag\/LaVuelta22?src=hash&amp;ref_src=twsrc%5Etfw\">#LaVuelta22<\/a> &#8211; \ud83d\udcf8 <a href=\"https:\/\/twitter.com\/charlylopezph?ref_src=twsrc%5Etfw\">@Charlylopezph<\/a> <a href=\"https:\/\/t.co\/DbGnMIZSeQ\">pic.twitter.com\/DbGnMIZSeQ<\/a><\/p>\n<p>&mdash; La Vuelta (@lavuelta) <a href=\"https:\/\/twitter.com\/lavuelta\/status\/1566516447500767233?ref_src=twsrc%5Etfw\">September 4, 2022<\/a><\/p><\/blockquote>\n<p><script async data-src=\"https:\/\/platform.twitter.com\/widgets.js\" charset=\"utf-8\"><\/script><\/div>\n<p>Tydzie\u0144 zacz\u0105\u0142 si\u0119 od jazdy indywidualnej na czas, w trakcie kt\u00f3rej koncert zn\u00f3w da\u0142 Evenepoel. Jego rower mkn\u0105\u0142 jak nap\u0119dzany paliwem rakietowym, a rywale tylko z niedowierzaniem patrzyli, jak po\u0142yka kolejne kilometry. Efekt? Wygrana, i to z blisko minutow\u0105 przewag\u0105 nad najwi\u0119kszym rywalem \u2013 Primo\u017cem Rogliciem (Jumbo-Visma).<\/p>\n<p>W tym momencie notowania Belga niemal wystrzeli\u0142y, ale okaza\u0142o si\u0119, \u017ce rywale nie powiedzieli jeszcze ostatniego s\u0142owa. Kolejne trzy z czterech etap\u00f3w to by\u0142y bowiem powa\u017cne g\u00f3ry, a w takich okoliczno\u015bciach ka\u017cdy pr\u00f3buje dorwa\u0107 prowadz\u0105cego w klasyfikacji generalnej.<\/p>\n<h2><strong>Ostrze\u017cenia dla lidera <\/strong><\/h2>\n<p>\u017b\u00f3\u0142te \u015bwiat\u0142o dla Evenepoela rozb\u0142ys\u0142o ju\u017c w \u015brod\u0119. Tym razem nie za\u015bwiecili go rywale, ale sam Belg. 22-letni zawodnik podczas kr\u00f3tkiego zjazdu pope\u0142ni\u0142 b\u0142\u0105d i zaliczy\u0142 upadek. W ekipie Evenepoela wszyscy zamarli, bo dzie\u0144 wcze\u015bniej z powodu upadku musia\u0142 wycofa\u0107 si\u0119 inny zawodnik Quick-Step Alpha Viny Team, Julian Alaphilippe. Lider klasyfikacji generalnej szybko si\u0119 jednak pozbiera\u0142 i zd\u0105\u017cy\u0142 jeszcze dogoni\u0107 rywali.<\/p>\n<p>\u2013 Troch\u0119 przesadzi\u0142em na zje\u017adzie, ale na szcz\u0119\u015bcie tylko zrani\u0142em nog\u0119. W gorszym stanie jest m\u00f3j rower \u2013 przyzna\u0142 Belg na mecie.<\/p>\n<div class=\"embed-controller-wrapper\">\n<blockquote class=\"twitter-tweet\" data-width=\"500\" data-dnt=\"true\">\n<p lang=\"es\" dir=\"ltr\">\ud83d\ude0d\u00a1Aqu\u00ed ten\u00e9is las mejores fotos de la etapa 14!<\/p>\n<p>\ud83d\udcf8 A selection of the best photos from stage 14!<\/p>\n<p>\ud83d\udcf2 M\u00e1s fotos \/ More photos on <a href=\"https:\/\/t.co\/rCn67bhhG6\">https:\/\/t.co\/rCn67bhhG6<\/a><a href=\"https:\/\/twitter.com\/hashtag\/LaVuelta22?src=hash&amp;ref_src=twsrc%5Etfw\">#LaVuelta22<\/a> &#8211; \ud83d\udcf8 <a href=\"https:\/\/twitter.com\/charlylopezph?ref_src=twsrc%5Etfw\">@Charlylopezph<\/a> <a href=\"https:\/\/t.co\/wBJ2Va7Ovy\">pic.twitter.com\/wBJ2Va7Ovy<\/a><\/p>\n<p>&mdash; La Vuelta (@lavuelta) <a href=\"https:\/\/twitter.com\/lavuelta\/status\/1566154064643211264?ref_src=twsrc%5Etfw\">September 3, 2022<\/a><\/p><\/blockquote>\n<p><script async data-src=\"https:\/\/platform.twitter.com\/widgets.js\" charset=\"utf-8\"><\/script><\/div>\n<p>Drugie ostrze\u017cenie Evenepoel otrzyma\u0142 w sobot\u0119, ale tym razem ju\u017c od rywali. Lidera dopad\u0142 kryzys, a w takich sytuacjach peleton potrafi by\u0107 bezlitosny. Co prawda zesp\u00f3\u0142 Evenepoela dobrze pracowa\u0142, ale tego dnia 22-letni kolarz z\u0142apa\u0142 zadyszk\u0119. W ko\u0144c\u00f3wce zdo\u0142a\u0142 si\u0119 jednak pozbiera\u0107 i zminimalizowa\u0142 straty wobec najwi\u0119kszych rywali.<\/p>\n<h2><strong>Nerwowa noc<\/strong><\/h2>\n<p>Noc z soboty na niedziel\u0119 w ekipie Quick-Step Alpha Viny by\u0142a jednak bardzo nerwowa. Szefostwo zachodzi\u0142o w g\u0142ow\u0119, czy to tylko jednodniowy kryzys, czy te\u017c Evenepoel w tegorocznej Vuelcie da\u0142 ju\u017c z siebie wszystko. Odpowied\u017a mia\u0142a przyj\u015b\u0107 na kr\u00f3lewskim etapie Martos \u2013 Sierra Nevada. I przysz\u0142a, cho\u0107 niejednoznaczna. Evenepoel zn\u00f3w sko\u0144czy\u0142 bowiem za plecami Roglicia, ale by\u0142 tylko o 15 sekund wolniejszy.<\/p>\n<div class=\"embed-controller-wrapper\">\n<blockquote class=\"twitter-tweet\" data-width=\"500\" data-dnt=\"true\">\n<p lang=\"es\" dir=\"ltr\">\ud83e\udd0d Evenepoel llega al 2\u00ba d\u00eda de descanso como mejor joven. \u00a1Disfruta del minuto del jersey blanco!<\/p>\n<p>\ud83e\udd0d Evenepoel will go into the final week of <a href=\"https:\/\/twitter.com\/hashtag\/LaVuelta22?src=hash&amp;ref_src=twsrc%5Etfw\">#LaVuelta22<\/a> the clear leader of the young riders&#39; classification. Enjoy the white jersey minute!<a href=\"https:\/\/twitter.com\/hashtag\/LaVuelta22?src=hash&amp;ref_src=twsrc%5Etfw\">#LaVuelta22<\/a> <a href=\"https:\/\/twitter.com\/hashtag\/Plenitude?src=hash&amp;ref_src=twsrc%5Etfw\">#Plenitude<\/a> <a href=\"https:\/\/t.co\/AX4Gps1nTw\">pic.twitter.com\/AX4Gps1nTw<\/a><\/p>\n<p>&mdash; La Vuelta (@lavuelta) <a href=\"https:\/\/twitter.com\/lavuelta\/status\/1566481225421934594?ref_src=twsrc%5Etfw\">September 4, 2022<\/a><\/p><\/blockquote>\n<p><script async data-src=\"https:\/\/platform.twitter.com\/widgets.js\" charset=\"utf-8\"><\/script><\/div>\n<p>\u2013 Ten etap u\u0142o\u017cy\u0142 si\u0119 lepiej od sobotniego. Pierwszy raz ko\u0144czy\u0142em \u015bciganie na takiej wysoko\u015bci, wi\u0119c wydaje mi si\u0119, \u017ce spisa\u0142em si\u0119 ca\u0142kiem nie\u017ale. Teraz jednak ciesz\u0119 si\u0119, \u017ce przed nami dzie\u0144 przerwy \u2013 powiedzia\u0142 Belg.<\/p>\n<p>W klasyfikacji generalnej Evenepoel ma 1 minut\u0119 i 34 sekundy przewagi na Rogliciem, a Enric Mas (Movistar) traci do lidera dwie minuty. W klasyfikacji punktowej prowadzi Mads Pedersen (Trek-Segafredo), w g\u00f3rskiej Jay Vine (Alpecin-Deceuninck), a w m\u0142odzie\u017cowej \u2013 Evenepoel. Z kolei najlepszym zespo\u0142em jest UAE Team Emirates.<\/p>\n<div class=\"embed-controller-wrapper\">\n<blockquote class=\"twitter-tweet\" data-width=\"500\" data-dnt=\"true\">\n<p lang=\"ht\" dir=\"ltr\">\ud83c\udfc6 Podio etapa 1\u20e35\u20e3 | Podium stage 1\u20e35\u20e3<\/p>\n<p>\u2764\ufe0f \ud83c\udde7\ud83c\uddea <a href=\"https:\/\/twitter.com\/EvenepoelRemco?ref_src=twsrc%5Etfw\">@EvenepoelRemco<\/a> &#8211; <a href=\"https:\/\/twitter.com\/qst_alphavinyl?ref_src=twsrc%5Etfw\">@qst_alphavinyl<\/a><br \/>\ud83d\udc9a \ud83c\udde9\ud83c\uddf0 <a href=\"https:\/\/twitter.com\/Mads__Pedersen?ref_src=twsrc%5Etfw\">@Mads__Pedersen<\/a> &#8211; @TrekSegafredo<br \/>\ud83d\udc99 \ud83c\udde6\ud83c\uddfa <a href=\"https:\/\/twitter.com\/JayVine3?ref_src=twsrc%5Etfw\">@JayVine3<\/a> &#8211; <a href=\"https:\/\/twitter.com\/AlpecinDCK?ref_src=twsrc%5Etfw\">@AlpecinDCK<\/a><br \/>\ud83e\udd0d \ud83c\udde7\ud83c\uddea Evenepoel &#8211; QST Alpha Vinyl<a href=\"https:\/\/twitter.com\/hashtag\/LaVuelta22?src=hash&amp;ref_src=twsrc%5Etfw\">#LaVuelta22<\/a> <a href=\"https:\/\/t.co\/0fF7b2juhH\">pic.twitter.com\/0fF7b2juhH<\/a><\/p>\n<p>&mdash; La Vuelta (@lavuelta) <a href=\"https:\/\/twitter.com\/lavuelta\/status\/1566500517261594626?ref_src=twsrc%5Etfw\">September 4, 2022<\/a><\/p><\/blockquote>\n<p><script async data-src=\"https:\/\/platform.twitter.com\/widgets.js\" charset=\"utf-8\"><\/script><\/div>\n<h2><strong>W oczekiwaniu na Madryt<\/strong><\/h2>\n<p>We wtorek zawodnicy rozpoczn\u0105 ostatni tydzie\u0144 zmaga\u0144. Czeka ich jeden p\u0142aski etap, dwa pag\u00f3rkowate i dwa g\u00f3rskie. Zako\u0144czenie w niedziel\u0119 w Madrycie.<\/p>\n<p>\u2013 Mam nadziej\u0119, \u017ce tam za\u0142o\u017c\u0119 czerwon\u0105 koszulk\u0119 lidera \u2013 podkre\u015bli\u0142 Evenepoel.<\/p>\n<p><span data-sheets-value=\"{&quot;1&quot;:2,&quot;2&quot;:&quot;Artyku\u0142 powsta\u0142 we wsp\u00f3\u0142pracy ze skoda-auto.pl&quot;}\" data-sheets-userformat=\"{&quot;2&quot;:1,&quot;3&quot;:{&quot;1&quot;:0}}\" data-sheets-hyperlink=\"http:\/\/www.skoda-auto.pl\/\"><a class=\"in-cell-link\" href=\"http:\/\/www.skoda-auto.pl\/\" target=\"_blank\" rel=\"noopener noreferrer\">Artyku\u0142 powsta\u0142 we wsp\u00f3\u0142pracy ze skoda-auto.pl<\/a><\/span><\/p>\n<p><a href=\"https:\/\/www.skoda-auto.pl\/modele\/superb\"><img loading=\"lazy\" decoding=\"async\" class=\"alignnone size-full wp-image-11628 aligncenter\" src=\"https:\/\/d2p6e6u75xmxt8.cloudfront.net\/5\/2021\/12\/640x350-2-1.jpg\" alt=\"\" width=\"640\" height=\"350\" srcset=\"https:\/\/d2p6e6u75xmxt8.cloudfront.net\/5\/2021\/12\/640x350-2-1.jpg 640w, https:\/\/d2p6e6u75xmxt8.cloudfront.net\/5\/2021\/12\/640x350-2-1-300x164.jpg 300w\" sizes=\"auto, (max-width: 640px) 100vw, 640px\" \/><\/a><\/p>\n","protected":false},"excerpt":{"rendered":"<p>Gdyby wycisn\u0105\u0107 z kolarstwa wszystko, co najpi\u0119kniejsze, to wyszed\u0142by z tego\u2026 miniony tydzie\u0144 wy\u015bcigu Vuelta a Espa\u00f1a. Kapitalna jazda na [&hellip;]<\/p>\n","protected":false},"author":153,"featured_media":13160,"comment_status":"open","ping_status":"open","sticky":false,"template":"","format":"standard","meta":{"footnotes":""},"categories":[6,295],"tags":[],"global-categories":[303],"class_list":["post-13155","post","type-post","status-publish","format-standard","has-post-thumbnail","hentry","category-kolarstwo-szosowe","category-zawody","global-categories-cycling"],"yoast_head":"<!-- This site is optimized with the Yoast SEO Premium plugin v25.3 (Yoast SEO v25.9) - https:\/\/yoast.com\/wordpress\/plugins\/seo\/ -->\n<title>Kolarski deser! Czy kolejny m\u0142odzian wytrzyma? - \u0160koda We Love Cycling - Poland<\/title>\n<meta name=\"robots\" content=\"index, follow, max-snippet:-1, max-image-preview:large, max-video-preview:-1\" \/>\n<link rel=\"canonical\" href=\"https:\/\/www.welovecycling.com\/pl\/2022\/09\/05\/kolarski-deser-czy-kolejny-mlodzian-wytrzyma\/\" \/>\n<meta property=\"og:locale\" content=\"pl_PL\" \/>\n<meta property=\"og:type\" content=\"article\" \/>\n<meta property=\"og:title\" content=\"Kolarski deser! Czy kolejny m\u0142odzian wytrzyma?\" \/>\n<meta property=\"og:description\" content=\"Gdyby wycisn\u0105\u0107 z kolarstwa wszystko, co najpi\u0119kniejsze, to wyszed\u0142by z tego\u2026 miniony tydzie\u0144 wy\u015bcigu Vuelta a Espa\u00f1a. Kapitalna jazda na [&hellip;]\" \/>\n<meta property=\"og:url\" content=\"https:\/\/www.welovecycling.com\/pl\/2022\/09\/05\/kolarski-deser-czy-kolejny-mlodzian-wytrzyma\/\" \/>\n<meta property=\"og:site_name\" content=\"\u0160koda We Love Cycling - Poland\" \/>\n<meta property=\"article:published_time\" content=\"2022-09-05T12:54:03+00:00\" \/>\n<meta property=\"og:image\" content=\"https:\/\/d2p6e6u75xmxt8.cloudfront.net\/5\/2022\/09\/Primoz-Roglic-profimedia-0719481643-CVR.jpg\" \/>\n\t<meta property=\"og:image:width\" content=\"990\" \/>\n\t<meta property=\"og:image:height\" content=\"660\" \/>\n\t<meta property=\"og:image:type\" content=\"image\/jpeg\" \/>\n<meta name=\"author\" content=\"rafal\" \/>\n<meta name=\"twitter:card\" content=\"summary_large_image\" \/>\n<meta name=\"twitter:label1\" content=\"Written by\" \/>\n\t<meta name=\"twitter:data1\" content=\"Piotr Nowik\" \/>\n\t<meta name=\"twitter:label2\" content=\"Est. reading time\" \/>\n\t<meta name=\"twitter:data2\" content=\"3\" \/>\n<script type=\"application\/ld+json\" class=\"yoast-schema-graph\">{\"@context\":\"https:\/\/schema.org\",\"@graph\":[{\"@type\":\"WebPage\",\"@id\":\"https:\/\/www.welovecycling.com\/pl\/2022\/09\/05\/kolarski-deser-czy-kolejny-mlodzian-wytrzyma\/\",\"url\":\"https:\/\/www.welovecycling.com\/pl\/2022\/09\/05\/kolarski-deser-czy-kolejny-mlodzian-wytrzyma\/\",\"name\":\"Kolarski deser! Czy kolejny m\u0142odzian wytrzyma? - \u0160koda We Love Cycling - Poland\",\"isPartOf\":{\"@id\":\"https:\/\/www.welovecycling.com\/pl\/#website\"},\"primaryImageOfPage\":{\"@id\":\"https:\/\/www.welovecycling.com\/pl\/2022\/09\/05\/kolarski-deser-czy-kolejny-mlodzian-wytrzyma\/#primaryimage\"},\"image\":{\"@id\":\"https:\/\/www.welovecycling.com\/pl\/2022\/09\/05\/kolarski-deser-czy-kolejny-mlodzian-wytrzyma\/#primaryimage\"},\"thumbnailUrl\":\"https:\/\/d2p6e6u75xmxt8.cloudfront.net\/5\/2022\/09\/Primoz-Roglic-profimedia-0719481643-CVR.jpg\",\"datePublished\":\"2022-09-05T12:54:03+00:00\",\"author\":{\"@id\":\"https:\/\/www.welovecycling.com\/pl\/#\/schema\/person\/bf06ed916a1ef16618807fb60d2ebe42\"},\"breadcrumb\":{\"@id\":\"https:\/\/www.welovecycling.com\/pl\/2022\/09\/05\/kolarski-deser-czy-kolejny-mlodzian-wytrzyma\/#breadcrumb\"},\"inLanguage\":\"pl-PL\",\"potentialAction\":[{\"@type\":\"ReadAction\",\"target\":[\"https:\/\/www.welovecycling.com\/pl\/2022\/09\/05\/kolarski-deser-czy-kolejny-mlodzian-wytrzyma\/\"]}]},{\"@type\":\"ImageObject\",\"inLanguage\":\"pl-PL\",\"@id\":\"https:\/\/www.welovecycling.com\/pl\/2022\/09\/05\/kolarski-deser-czy-kolejny-mlodzian-wytrzyma\/#primaryimage\",\"url\":\"https:\/\/d2p6e6u75xmxt8.cloudfront.net\/5\/2022\/09\/Primoz-Roglic-profimedia-0719481643-CVR.jpg\",\"contentUrl\":\"https:\/\/d2p6e6u75xmxt8.cloudfront.net\/5\/2022\/09\/Primoz-Roglic-profimedia-0719481643-CVR.jpg\",\"width\":990,\"height\":660},{\"@type\":\"BreadcrumbList\",\"@id\":\"https:\/\/www.welovecycling.com\/pl\/2022\/09\/05\/kolarski-deser-czy-kolejny-mlodzian-wytrzyma\/#breadcrumb\",\"itemListElement\":[{\"@type\":\"ListItem\",\"position\":1,\"name\":\"Home\",\"item\":\"https:\/\/www.welovecycling.com\/pl\/\"},{\"@type\":\"ListItem\",\"position\":2,\"name\":\"Kolarski deser! Czy kolejny m\u0142odzian wytrzyma?\"}]},{\"@type\":\"WebSite\",\"@id\":\"https:\/\/www.welovecycling.com\/pl\/#website\",\"url\":\"https:\/\/www.welovecycling.com\/pl\/\",\"name\":\"\u0160koda We Love Cycling - Poland\",\"description\":\"\",\"potentialAction\":[{\"@type\":\"SearchAction\",\"target\":{\"@type\":\"EntryPoint\",\"urlTemplate\":\"https:\/\/www.welovecycling.com\/pl\/?s={search_term_string}\"},\"query-input\":{\"@type\":\"PropertyValueSpecification\",\"valueRequired\":true,\"valueName\":\"search_term_string\"}}],\"inLanguage\":\"pl-PL\"},{\"@type\":\"Person\",\"@id\":\"https:\/\/www.welovecycling.com\/pl\/#\/schema\/person\/bf06ed916a1ef16618807fb60d2ebe42\",\"name\":\"rafal\",\"image\":{\"@type\":\"ImageObject\",\"inLanguage\":\"pl-PL\",\"@id\":\"https:\/\/www.welovecycling.com\/pl\/#\/schema\/person\/image\/\",\"url\":\"https:\/\/secure.gravatar.com\/avatar\/203f240e63bee214f6f3a0dacbeb600c7829c09716c2b9ee3230c6961debcde2?s=96&d=mm&r=g\",\"contentUrl\":\"https:\/\/secure.gravatar.com\/avatar\/203f240e63bee214f6f3a0dacbeb600c7829c09716c2b9ee3230c6961debcde2?s=96&d=mm&r=g\",\"caption\":\"rafal\"},\"url\":\"https:\/\/www.welovecycling.com\/pl\/author\/rafal\/\"}]}<\/script>\n<!-- \/ Yoast SEO Premium plugin. -->","yoast_head_json":{"title":"Kolarski deser! Czy kolejny m\u0142odzian wytrzyma? - \u0160koda We Love Cycling - Poland","robots":{"index":"index","follow":"follow","max-snippet":"max-snippet:-1","max-image-preview":"max-image-preview:large","max-video-preview":"max-video-preview:-1"},"canonical":"https:\/\/www.welovecycling.com\/pl\/2022\/09\/05\/kolarski-deser-czy-kolejny-mlodzian-wytrzyma\/","og_locale":"pl_PL","og_type":"article","og_title":"Kolarski deser! Czy kolejny m\u0142odzian wytrzyma?","og_description":"Gdyby wycisn\u0105\u0107 z kolarstwa wszystko, co najpi\u0119kniejsze, to wyszed\u0142by z tego\u2026 miniony tydzie\u0144 wy\u015bcigu Vuelta a Espa\u00f1a. Kapitalna jazda na [&hellip;]","og_url":"https:\/\/www.welovecycling.com\/pl\/2022\/09\/05\/kolarski-deser-czy-kolejny-mlodzian-wytrzyma\/","og_site_name":"\u0160koda We Love Cycling - Poland","article_published_time":"2022-09-05T12:54:03+00:00","og_image":[{"width":990,"height":660,"url":"https:\/\/d2p6e6u75xmxt8.cloudfront.net\/5\/2022\/09\/Primoz-Roglic-profimedia-0719481643-CVR.jpg","type":"image\/jpeg"}],"author":"rafal","twitter_card":"summary_large_image","twitter_misc":{"Written by":"Piotr Nowik","Est. reading time":"3"},"schema":{"@context":"https:\/\/schema.org","@graph":[{"@type":"WebPage","@id":"https:\/\/www.welovecycling.com\/pl\/2022\/09\/05\/kolarski-deser-czy-kolejny-mlodzian-wytrzyma\/","url":"https:\/\/www.welovecycling.com\/pl\/2022\/09\/05\/kolarski-deser-czy-kolejny-mlodzian-wytrzyma\/","name":"Kolarski deser! Czy kolejny m\u0142odzian wytrzyma? - \u0160koda We Love Cycling - Poland","isPartOf":{"@id":"https:\/\/www.welovecycling.com\/pl\/#website"},"primaryImageOfPage":{"@id":"https:\/\/www.welovecycling.com\/pl\/2022\/09\/05\/kolarski-deser-czy-kolejny-mlodzian-wytrzyma\/#primaryimage"},"image":{"@id":"https:\/\/www.welovecycling.com\/pl\/2022\/09\/05\/kolarski-deser-czy-kolejny-mlodzian-wytrzyma\/#primaryimage"},"thumbnailUrl":"https:\/\/d2p6e6u75xmxt8.cloudfront.net\/5\/2022\/09\/Primoz-Roglic-profimedia-0719481643-CVR.jpg","datePublished":"2022-09-05T12:54:03+00:00","author":{"@id":"https:\/\/www.welovecycling.com\/pl\/#\/schema\/person\/bf06ed916a1ef16618807fb60d2ebe42"},"breadcrumb":{"@id":"https:\/\/www.welovecycling.com\/pl\/2022\/09\/05\/kolarski-deser-czy-kolejny-mlodzian-wytrzyma\/#breadcrumb"},"inLanguage":"pl-PL","potentialAction":[{"@type":"ReadAction","target":["https:\/\/www.welovecycling.com\/pl\/2022\/09\/05\/kolarski-deser-czy-kolejny-mlodzian-wytrzyma\/"]}]},{"@type":"ImageObject","inLanguage":"pl-PL","@id":"https:\/\/www.welovecycling.com\/pl\/2022\/09\/05\/kolarski-deser-czy-kolejny-mlodzian-wytrzyma\/#primaryimage","url":"https:\/\/d2p6e6u75xmxt8.cloudfront.net\/5\/2022\/09\/Primoz-Roglic-profimedia-0719481643-CVR.jpg","contentUrl":"https:\/\/d2p6e6u75xmxt8.cloudfront.net\/5\/2022\/09\/Primoz-Roglic-profimedia-0719481643-CVR.jpg","width":990,"height":660},{"@type":"BreadcrumbList","@id":"https:\/\/www.welovecycling.com\/pl\/2022\/09\/05\/kolarski-deser-czy-kolejny-mlodzian-wytrzyma\/#breadcrumb","itemListElement":[{"@type":"ListItem","position":1,"name":"Home","item":"https:\/\/www.welovecycling.com\/pl\/"},{"@type":"ListItem","position":2,"name":"Kolarski deser! Czy kolejny m\u0142odzian wytrzyma?"}]},{"@type":"WebSite","@id":"https:\/\/www.welovecycling.com\/pl\/#website","url":"https:\/\/www.welovecycling.com\/pl\/","name":"\u0160koda We Love Cycling - Poland","description":"","potentialAction":[{"@type":"SearchAction","target":{"@type":"EntryPoint","urlTemplate":"https:\/\/www.welovecycling.com\/pl\/?s={search_term_string}"},"query-input":{"@type":"PropertyValueSpecification","valueRequired":true,"valueName":"search_term_string"}}],"inLanguage":"pl-PL"},{"@type":"Person","@id":"https:\/\/www.welovecycling.com\/pl\/#\/schema\/person\/bf06ed916a1ef16618807fb60d2ebe42","name":"rafal","image":{"@type":"ImageObject","inLanguage":"pl-PL","@id":"https:\/\/www.welovecycling.com\/pl\/#\/schema\/person\/image\/","url":"https:\/\/secure.gravatar.com\/avatar\/203f240e63bee214f6f3a0dacbeb600c7829c09716c2b9ee3230c6961debcde2?s=96&d=mm&r=g","contentUrl":"https:\/\/secure.gravatar.com\/avatar\/203f240e63bee214f6f3a0dacbeb600c7829c09716c2b9ee3230c6961debcde2?s=96&d=mm&r=g","caption":"rafal"},"url":"https:\/\/www.welovecycling.com\/pl\/author\/rafal\/"}]}},"_links":{"self":[{"href":"https:\/\/www.welovecycling.com\/pl\/wp-json\/wp\/v2\/posts\/13155","targetHints":{"allow":["GET"]}}],"collection":[{"href":"https:\/\/www.welovecycling.com\/pl\/wp-json\/wp\/v2\/posts"}],"about":[{"href":"https:\/\/www.welovecycling.com\/pl\/wp-json\/wp\/v2\/types\/post"}],"author":[{"embeddable":true,"href":"https:\/\/www.welovecycling.com\/pl\/wp-json\/wp\/v2\/users\/153"}],"replies":[{"embeddable":true,"href":"https:\/\/www.welovecycling.com\/pl\/wp-json\/wp\/v2\/comments?post=13155"}],"version-history":[{"count":1,"href":"https:\/\/www.welovecycling.com\/pl\/wp-json\/wp\/v2\/posts\/13155\/revisions"}],"predecessor-version":[{"id":13161,"href":"https:\/\/www.welovecycling.com\/pl\/wp-json\/wp\/v2\/posts\/13155\/revisions\/13161"}],"wp:featuredmedia":[{"embeddable":true,"href":"https:\/\/www.welovecycling.com\/pl\/wp-json\/wp\/v2\/media\/13160"}],"wp:attachment":[{"href":"https:\/\/www.welovecycling.com\/pl\/wp-json\/wp\/v2\/media?parent=13155"}],"wp:term":[{"taxonomy":"category","embeddable":true,"href":"https:\/\/www.welovecycling.com\/pl\/wp-json\/wp\/v2\/categories?post=13155"},{"taxonomy":"post_tag","embeddable":true,"href":"https:\/\/www.welovecycling.com\/pl\/wp-json\/wp\/v2\/tags?post=13155"},{"taxonomy":"global-categories","embeddable":true,"href":"https:\/\/www.welovecycling.com\/pl\/wp-json\/wp\/v2\/global-categories?post=13155"}],"curies":[{"name":"wp","href":"https:\/\/api.w.org\/{rel}","templated":true}]}}