{"id":13144,"date":"2022-08-29T13:28:37","date_gmt":"2022-08-29T13:28:37","guid":{"rendered":"https:\/\/www.welovecycling.com\/pl\/?p=13144"},"modified":"2022-08-29T13:28:37","modified_gmt":"2022-08-29T13:28:37","slug":"kolejny-mlodzian-szaleje-w-peletonie-wytrzyma","status":"publish","type":"post","link":"https:\/\/www.welovecycling.com\/pl\/2022\/08\/29\/kolejny-mlodzian-szaleje-w-peletonie-wytrzyma\/","title":{"rendered":"Kolejny m\u0142odzian szaleje w peletonie. Wytrzyma?"},"content":{"rendered":"<p><strong>Taki tydzie\u0144 s\u0105 w stanie przetrwa\u0107 tylko kolarscy twardziele, a najwi\u0119kszym z nich na razie jest Remco Evenepoel. 22-letni Belg prowadzi w klasyfikacji generalnej Vuleta a Espana, powi\u0119ksza przewag\u0119 i coraz mocniej ostrzy sobie z\u0119by na wielki sukces. Tyle, \u017ce do ko\u0144ca zosta\u0142y jeszcze dwa tygodnie.<\/strong><\/p>\n<p>Kibice podczas tegorocznej Vuelta a Espana na brak emocji narzeka\u0107 nie mog\u0105. Wy\u015bcig po raz kolejny pr\u00f3buje udowodni\u0107, \u017ce cho\u0107 w\u015br\u00f3d wielkich tour\u00f3w w kalendarzu jest ostatni, to rang\u0105 i poziomem wcale nie ust\u0119puje Giro d\u2019Italia oraz Tour de France.<\/p>\n<h2><strong>Rozgrzewka w Holandii<\/strong><\/h2>\n<p>W tym roku Wy\u015bcig dooko\u0142a Hiszpanii rozpocz\u0105\u0142 si\u0119 w\u2026 Holandii. Najpierw by\u0142a czas\u00f3wka, a nast\u0119pnie dwa p\u0142askie etapy. To \u015bciganie szczeg\u00f3lnie wspomina\u0142 b\u0119dzie Sam Bennet (Bora hansgrohe), kt\u00f3ry wygra\u0142 drugiego i trzeciego dnia.<\/p>\n<div class=\"embed-controller-wrapper\">\n<blockquote class=\"twitter-tweet\" data-width=\"500\" data-dnt=\"true\">\n<p lang=\"es\" dir=\"ltr\">\ud83d\udcf8 FOTO DEL D\u00cdA | PIC OF THE DAY \ud83d\ude0d  <br \/>Powered by Plenitude  <a href=\"https:\/\/twitter.com\/hashtag\/LaVuelta22?src=hash&amp;ref_src=twsrc%5Etfw\">#LaVuelta22<\/a> &#8211; \ud83d\udcf8 <a href=\"https:\/\/twitter.com\/charlylopezph?ref_src=twsrc%5Etfw\">@Charlylopezph<\/a> <a href=\"https:\/\/t.co\/8poBWjPeXr\">pic.twitter.com\/8poBWjPeXr<\/a><\/p>\n<p>&mdash; La Vuelta (@lavuelta) <a href=\"https:\/\/twitter.com\/lavuelta\/status\/1561088179184095233?ref_src=twsrc%5Etfw\">August 20, 2022<\/a><\/p><\/blockquote>\n<p><script async data-src=\"https:\/\/platform.twitter.com\/widgets.js\" charset=\"utf-8\"><\/script><\/div>\n<p>P\u00f3\u017aniej kolarze przenie\u015bli si\u0119 ju\u017c do Hiszpanii, kt\u00f3ra od pocz\u0105tku nie zamierza\u0142a ich rozpieszcza\u0107. Tydzie\u0144 zacz\u0105\u0142 si\u0119 od mocnych podjazd\u00f3w, a sko\u0144czy\u0142 na kator\u017cniczej walce w g\u00f3rach.<\/p>\n<p>Niemal ka\u017cdy etap ko\u0144czy\u0142 si\u0119 zwyci\u0119stwem innego zawodnika, a dubletem m\u00f3g\u0142 pochwali\u0107 si\u0119 tylko Australijczyk Jay Vine (Alpecin Deceuninck). \u2013 Te wygrane to co\u015b niesamowitego. Pierwsze zwyci\u0119stwo da\u0142o mi ogromn\u0105 pewno\u015b\u0107 siebie. Dzi\u0119ki niemu zdj\u0105\u0142em z siebie presj\u0119, wi\u0119c dzi\u015b mog\u0142em \u015bciga\u0107 si\u0119 z przyjemno\u015bci\u0105. To by\u0142a naprawd\u0119 dobra zabawa! \u2013 m\u00f3wi\u0142 po drugiej wygranej Vine.<\/p>\n<h2><strong>\u201eWidz\u0119, w jaki spos\u00f3b koledzy si\u0119 po\u015bwi\u0119caj\u0105\u201d <\/strong><\/h2>\n<p>Od czterech dni to jednak Remco Evenepoel (Quick-Step Alpha Vinyl Team) jedzie w czerwonej koszulce lidera.<\/p>\n<div class=\"embed-controller-wrapper\">\n<blockquote class=\"twitter-tweet\" data-width=\"500\" data-dnt=\"true\">\n<p lang=\"en\" dir=\"ltr\">Another day of incredible teamwork and a great feeling to go into the rest day! \ud83d\udc3a\ud83d\udd34<\/p>\n<p>A special mention for <a href=\"https:\/\/twitter.com\/Pieter_Serry?ref_src=twsrc%5Etfw\">@Pieter_Serry<\/a>, wishing you a good recovery mate! \ud83d\udc99<\/p>\n<p>Looking forward to the TT on Tuesday! \ud83d\ude4c\ud83c\udffc\ud83d\udd25 <a href=\"https:\/\/twitter.com\/hashtag\/TheWolfpack?src=hash&amp;ref_src=twsrc%5Etfw\">#TheWolfpack<\/a> <a href=\"https:\/\/t.co\/eTxy6lPlOW\">pic.twitter.com\/eTxy6lPlOW<\/a><\/p>\n<p>&mdash; Remco Evenepoel (@EvenepoelRemco) <a href=\"https:\/\/twitter.com\/EvenepoelRemco\/status\/1563932118484279296?ref_src=twsrc%5Etfw\">August 28, 2022<\/a><\/p><\/blockquote>\n<p><script async data-src=\"https:\/\/platform.twitter.com\/widgets.js\" charset=\"utf-8\"><\/script><\/div>\n<p>Belg w g\u00f3rach dzielnie broni pozycji lidera, cho\u0107 konkurenci mocno naciskaj\u0105. W niedziel\u0119 Evenepoel zako\u0144czy\u0142 etap tu\u017c poza podium, ale w klasyfikacji generalnej uzyska\u0142 kolejne sekundy przewagi nad najgro\u017aniejszymi rywalami. Drugi Enric Mas (Movistar) traci do niego 1 minut\u0119 i 12 sekund, a trzeci Primo\u017c Rogli\u0107 (Jumbo Visma) 1 minut\u0119 i 53 sekundy.<\/p>\n<div class=\"embed-controller-wrapper\">\n<blockquote class=\"twitter-tweet\" data-width=\"500\" data-dnt=\"true\">\n<p lang=\"es\" dir=\"ltr\">\ud83d\ude0d\u00a1Aqu\u00ed ten\u00e9is las mejores fotos de la etapa 9\u20e3!<\/p>\n<p>\ud83d\udcf8 A selection of the best photos from stage 9\u20e3!<\/p>\n<p>\ud83d\udcf2 M\u00e1s fotos \/ More photos on <a href=\"https:\/\/t.co\/rCn67bhhG6\">https:\/\/t.co\/rCn67bhhG6<\/a><a href=\"https:\/\/twitter.com\/hashtag\/LaVuelta22?src=hash&amp;ref_src=twsrc%5Etfw\">#LaVuelta22<\/a> &#8211; \ud83d\udcf8<a href=\"https:\/\/twitter.com\/charlylopezph?ref_src=twsrc%5Etfw\">@Charlylopezph<\/a> <a href=\"https:\/\/t.co\/p77E7FtOEP\">pic.twitter.com\/p77E7FtOEP<\/a><\/p>\n<p>&mdash; La Vuelta (@lavuelta) <a href=\"https:\/\/twitter.com\/lavuelta\/status\/1563979732508712962?ref_src=twsrc%5Etfw\">August 28, 2022<\/a><\/p><\/blockquote>\n<p><script async data-src=\"https:\/\/platform.twitter.com\/widgets.js\" charset=\"utf-8\"><\/script><\/div>\n<p>&#8211; To by\u0142 kolejny dzie\u0144 niesamowitej pracy zespo\u0142owej. Jestem pod wra\u017ceniem moich koleg\u00f3w. Widz\u0119, w jaki spos\u00f3b si\u0119 dla mnie po\u015bwi\u0119caj\u0105\u2026 Jestem zadowolony z tego, jak to wszystko si\u0119 uk\u0142ada. Mam czerwon\u0105 koszulk\u0119 lidera. Nie spodziewa\u0142em si\u0119 jednak, \u017ce przed jazd\u0105 indywidualn\u0105 na czas b\u0119d\u0119 mia\u0142 a\u017c tak\u0105 przewag\u0119 \u2013 podkre\u015bla Evenepoel.<\/p>\n<p>Po dziewi\u0119ciu etapach Belg prowadzi tak\u017ce w klasyfikacji m\u0142odzie\u017cowej, punktowej przewodzi Mads Pedersen (Trek \u2013 Segafredo), g\u00f3rskiej Jay Vine, a dru\u017cynowej UAE Team Emirates.<\/p>\n<div class=\"embed-controller-wrapper\">\n<blockquote class=\"twitter-tweet\" data-width=\"500\" data-dnt=\"true\">\n<p lang=\"und\" dir=\"ltr\">\ud83c\udfc6 Podio etapa 9\u20e3 | Podium stage 9\u20e3<\/p>\n<p>\u2764\ufe0f \ud83c\udde7\ud83c\uddea<a href=\"https:\/\/twitter.com\/EvenepoelRemco?ref_src=twsrc%5Etfw\">@EvenepoelRemco<\/a> &#8211; <a href=\"https:\/\/twitter.com\/qst_alphavinyl?ref_src=twsrc%5Etfw\">@qst_alphavinyl<\/a><br \/>\ud83d\udc9a \ud83c\udde9\ud83c\uddf0 <a href=\"https:\/\/twitter.com\/Mads__Pedersen?ref_src=twsrc%5Etfw\">@Mads__Pedersen<\/a> &#8211; @TrekSegafredo<br \/>\ud83d\udc99 \ud83c\udde6\ud83c\uddfa <a href=\"https:\/\/twitter.com\/JayVine3?ref_src=twsrc%5Etfw\">@JayVine3<\/a> &#8211; <a href=\"https:\/\/twitter.com\/AlpecinDCK?ref_src=twsrc%5Etfw\">@AlpecinDCK<\/a><br \/>\ud83e\udd0d \ud83c\udde7\ud83c\uddea Remco Evenepoel &#8211; QST AlphaVinyl<a href=\"https:\/\/twitter.com\/hashtag\/LaVuelta22?src=hash&amp;ref_src=twsrc%5Etfw\">#LaVuelta22<\/a> <a href=\"https:\/\/t.co\/QnHGY6VPI1\">pic.twitter.com\/QnHGY6VPI1<\/a><\/p>\n<p>&mdash; La Vuelta (@lavuelta) <a href=\"https:\/\/twitter.com\/lavuelta\/status\/1563948630880436227?ref_src=twsrc%5Etfw\">August 28, 2022<\/a><\/p><\/blockquote>\n<p><script async data-src=\"https:\/\/platform.twitter.com\/widgets.js\" charset=\"utf-8\"><\/script><\/div>\n<h2><strong>Koncentracja i motywacja do samego ko\u0144ca<\/strong><\/h2>\n<p>Dzi\u015b zawodnicy odpoczywaj\u0105, ale od wtorku czekaj\u0105 ich nowe wyzwania. Zacznie si\u0119 od czas\u00f3wki Elche \u2013 Alicante, a p\u00f3\u017aniej chwila oddechu na mniej g\u00f3rzystych trasach. Weekend jednak zn\u00f3w przyniesie mordercze wspinaczki, po kt\u00f3rych zawodnik\u00f3w czeka ostatni dzie\u0144 przerwy przed decyduj\u0105cym tygodniem. Zako\u0144czenie wy\u015bcigu 11 wrze\u015bnia w Madrycie.<\/p>\n<p>&#8211; Zdaj\u0119 sobie spraw\u0119, \u017ce do ko\u0144ca jeszcze daleko, wi\u0119c ca\u0142y czas musz\u0119 by\u0107 skoncentrowany i zmotywowany \u2013 nie ma w\u0105tpliwo\u015bci Evenepoel.<\/p>\n<p><span data-sheets-value=\"{&quot;1&quot;:2,&quot;2&quot;:&quot;Artyku\u0142 powsta\u0142 we wsp\u00f3\u0142pracy ze skoda-auto.pl&quot;}\" data-sheets-userformat=\"{&quot;2&quot;:1,&quot;3&quot;:{&quot;1&quot;:0}}\" data-sheets-hyperlink=\"http:\/\/www.skoda-auto.pl\/\"><a class=\"in-cell-link\" href=\"http:\/\/www.skoda-auto.pl\/\" target=\"_blank\" rel=\"noopener noreferrer\">Artyku\u0142 powsta\u0142 we wsp\u00f3\u0142pracy ze skoda-auto.pl<\/a><\/span><\/p>\n<p><a href=\"https:\/\/sklep.skoda.pl\/pl\/sklep\/b\/331\/rowery-i-akcesoria-rowery.html\"><img loading=\"lazy\" decoding=\"async\" class=\"aligncenter wp-image-9608 size-full loading\" src=\"https:\/\/d2p6e6u75xmxt8.cloudfront.net\/5\/2019\/08\/baner_WLC_640x350_3.png\" sizes=\"auto, (max-width: 640px) 100vw, 640px\" srcset=\"https:\/\/d2p6e6u75xmxt8.cloudfront.net\/5\/2019\/08\/baner_WLC_640x350_3.png 640w, https:\/\/d2p6e6u75xmxt8.cloudfront.net\/5\/2019\/08\/baner_WLC_640x350_3-300x164.png 300w\" alt=\"\" width=\"640\" height=\"350\" data-was-processed=\"true\" \/><\/a><\/p>\n","protected":false},"excerpt":{"rendered":"<p>Taki tydzie\u0144 s\u0105 w stanie przetrwa\u0107 tylko kolarscy twardziele, a najwi\u0119kszym z nich na razie jest Remco Evenepoel. 22-letni Belg [&hellip;]<\/p>\n","protected":false},"author":153,"featured_media":13151,"comment_status":"open","ping_status":"open","sticky":false,"template":"","format":"standard","meta":{"footnotes":""},"categories":[6,295],"tags":[],"global-categories":[303],"class_list":["post-13144","post","type-post","status-publish","format-standard","has-post-thumbnail","hentry","category-kolarstwo-szosowe","category-zawody","global-categories-cycling"],"yoast_head":"<!-- This site is optimized with the Yoast SEO Premium plugin v25.3 (Yoast SEO v25.9) - https:\/\/yoast.com\/wordpress\/plugins\/seo\/ -->\n<title>Kolejny m\u0142odzian szaleje w peletonie. Wytrzyma? - \u0160koda We Love Cycling - Poland<\/title>\n<meta name=\"robots\" content=\"index, follow, max-snippet:-1, max-image-preview:large, max-video-preview:-1\" \/>\n<link rel=\"canonical\" href=\"https:\/\/www.welovecycling.com\/pl\/2022\/08\/29\/kolejny-mlodzian-szaleje-w-peletonie-wytrzyma\/\" \/>\n<meta property=\"og:locale\" content=\"pl_PL\" \/>\n<meta property=\"og:type\" content=\"article\" \/>\n<meta property=\"og:title\" content=\"Kolejny m\u0142odzian szaleje w peletonie. Wytrzyma?\" \/>\n<meta property=\"og:description\" content=\"Taki tydzie\u0144 s\u0105 w stanie przetrwa\u0107 tylko kolarscy twardziele, a najwi\u0119kszym z nich na razie jest Remco Evenepoel. 22-letni Belg [&hellip;]\" \/>\n<meta property=\"og:url\" content=\"https:\/\/www.welovecycling.com\/pl\/2022\/08\/29\/kolejny-mlodzian-szaleje-w-peletonie-wytrzyma\/\" \/>\n<meta property=\"og:site_name\" content=\"\u0160koda We Love Cycling - Poland\" \/>\n<meta property=\"article:published_time\" content=\"2022-08-29T13:28:37+00:00\" \/>\n<meta property=\"og:image\" content=\"https:\/\/d2p6e6u75xmxt8.cloudfront.net\/5\/2022\/08\/Remco-Evenepoel-profimedia-0717209209-CVR.jpg\" \/>\n\t<meta property=\"og:image:width\" content=\"990\" \/>\n\t<meta property=\"og:image:height\" content=\"660\" \/>\n\t<meta property=\"og:image:type\" content=\"image\/jpeg\" \/>\n<meta name=\"author\" content=\"rafal\" \/>\n<meta name=\"twitter:card\" content=\"summary_large_image\" \/>\n<meta name=\"twitter:label1\" content=\"Written by\" \/>\n\t<meta name=\"twitter:data1\" content=\"Piotr Nowik\" \/>\n\t<meta name=\"twitter:label2\" content=\"Est. reading time\" \/>\n\t<meta name=\"twitter:data2\" content=\"3\" \/>\n<script type=\"application\/ld+json\" class=\"yoast-schema-graph\">{\"@context\":\"https:\/\/schema.org\",\"@graph\":[{\"@type\":\"WebPage\",\"@id\":\"https:\/\/www.welovecycling.com\/pl\/2022\/08\/29\/kolejny-mlodzian-szaleje-w-peletonie-wytrzyma\/\",\"url\":\"https:\/\/www.welovecycling.com\/pl\/2022\/08\/29\/kolejny-mlodzian-szaleje-w-peletonie-wytrzyma\/\",\"name\":\"Kolejny m\u0142odzian szaleje w peletonie. Wytrzyma? - \u0160koda We Love Cycling - Poland\",\"isPartOf\":{\"@id\":\"https:\/\/www.welovecycling.com\/pl\/#website\"},\"primaryImageOfPage\":{\"@id\":\"https:\/\/www.welovecycling.com\/pl\/2022\/08\/29\/kolejny-mlodzian-szaleje-w-peletonie-wytrzyma\/#primaryimage\"},\"image\":{\"@id\":\"https:\/\/www.welovecycling.com\/pl\/2022\/08\/29\/kolejny-mlodzian-szaleje-w-peletonie-wytrzyma\/#primaryimage\"},\"thumbnailUrl\":\"https:\/\/d2p6e6u75xmxt8.cloudfront.net\/5\/2022\/08\/Remco-Evenepoel-profimedia-0717209209-CVR.jpg\",\"datePublished\":\"2022-08-29T13:28:37+00:00\",\"author\":{\"@id\":\"https:\/\/www.welovecycling.com\/pl\/#\/schema\/person\/bf06ed916a1ef16618807fb60d2ebe42\"},\"breadcrumb\":{\"@id\":\"https:\/\/www.welovecycling.com\/pl\/2022\/08\/29\/kolejny-mlodzian-szaleje-w-peletonie-wytrzyma\/#breadcrumb\"},\"inLanguage\":\"pl-PL\",\"potentialAction\":[{\"@type\":\"ReadAction\",\"target\":[\"https:\/\/www.welovecycling.com\/pl\/2022\/08\/29\/kolejny-mlodzian-szaleje-w-peletonie-wytrzyma\/\"]}]},{\"@type\":\"ImageObject\",\"inLanguage\":\"pl-PL\",\"@id\":\"https:\/\/www.welovecycling.com\/pl\/2022\/08\/29\/kolejny-mlodzian-szaleje-w-peletonie-wytrzyma\/#primaryimage\",\"url\":\"https:\/\/d2p6e6u75xmxt8.cloudfront.net\/5\/2022\/08\/Remco-Evenepoel-profimedia-0717209209-CVR.jpg\",\"contentUrl\":\"https:\/\/d2p6e6u75xmxt8.cloudfront.net\/5\/2022\/08\/Remco-Evenepoel-profimedia-0717209209-CVR.jpg\",\"width\":990,\"height\":660},{\"@type\":\"BreadcrumbList\",\"@id\":\"https:\/\/www.welovecycling.com\/pl\/2022\/08\/29\/kolejny-mlodzian-szaleje-w-peletonie-wytrzyma\/#breadcrumb\",\"itemListElement\":[{\"@type\":\"ListItem\",\"position\":1,\"name\":\"Home\",\"item\":\"https:\/\/www.welovecycling.com\/pl\/\"},{\"@type\":\"ListItem\",\"position\":2,\"name\":\"Kolejny m\u0142odzian szaleje w peletonie. Wytrzyma?\"}]},{\"@type\":\"WebSite\",\"@id\":\"https:\/\/www.welovecycling.com\/pl\/#website\",\"url\":\"https:\/\/www.welovecycling.com\/pl\/\",\"name\":\"\u0160koda We Love Cycling - Poland\",\"description\":\"\",\"potentialAction\":[{\"@type\":\"SearchAction\",\"target\":{\"@type\":\"EntryPoint\",\"urlTemplate\":\"https:\/\/www.welovecycling.com\/pl\/?s={search_term_string}\"},\"query-input\":{\"@type\":\"PropertyValueSpecification\",\"valueRequired\":true,\"valueName\":\"search_term_string\"}}],\"inLanguage\":\"pl-PL\"},{\"@type\":\"Person\",\"@id\":\"https:\/\/www.welovecycling.com\/pl\/#\/schema\/person\/bf06ed916a1ef16618807fb60d2ebe42\",\"name\":\"rafal\",\"image\":{\"@type\":\"ImageObject\",\"inLanguage\":\"pl-PL\",\"@id\":\"https:\/\/www.welovecycling.com\/pl\/#\/schema\/person\/image\/\",\"url\":\"https:\/\/secure.gravatar.com\/avatar\/203f240e63bee214f6f3a0dacbeb600c7829c09716c2b9ee3230c6961debcde2?s=96&d=mm&r=g\",\"contentUrl\":\"https:\/\/secure.gravatar.com\/avatar\/203f240e63bee214f6f3a0dacbeb600c7829c09716c2b9ee3230c6961debcde2?s=96&d=mm&r=g\",\"caption\":\"rafal\"},\"url\":\"https:\/\/www.welovecycling.com\/pl\/author\/rafal\/\"}]}<\/script>\n<!-- \/ Yoast SEO Premium plugin. -->","yoast_head_json":{"title":"Kolejny m\u0142odzian szaleje w peletonie. Wytrzyma? - \u0160koda We Love Cycling - Poland","robots":{"index":"index","follow":"follow","max-snippet":"max-snippet:-1","max-image-preview":"max-image-preview:large","max-video-preview":"max-video-preview:-1"},"canonical":"https:\/\/www.welovecycling.com\/pl\/2022\/08\/29\/kolejny-mlodzian-szaleje-w-peletonie-wytrzyma\/","og_locale":"pl_PL","og_type":"article","og_title":"Kolejny m\u0142odzian szaleje w peletonie. Wytrzyma?","og_description":"Taki tydzie\u0144 s\u0105 w stanie przetrwa\u0107 tylko kolarscy twardziele, a najwi\u0119kszym z nich na razie jest Remco Evenepoel. 22-letni Belg [&hellip;]","og_url":"https:\/\/www.welovecycling.com\/pl\/2022\/08\/29\/kolejny-mlodzian-szaleje-w-peletonie-wytrzyma\/","og_site_name":"\u0160koda We Love Cycling - Poland","article_published_time":"2022-08-29T13:28:37+00:00","og_image":[{"width":990,"height":660,"url":"https:\/\/d2p6e6u75xmxt8.cloudfront.net\/5\/2022\/08\/Remco-Evenepoel-profimedia-0717209209-CVR.jpg","type":"image\/jpeg"}],"author":"rafal","twitter_card":"summary_large_image","twitter_misc":{"Written by":"Piotr Nowik","Est. reading time":"3"},"schema":{"@context":"https:\/\/schema.org","@graph":[{"@type":"WebPage","@id":"https:\/\/www.welovecycling.com\/pl\/2022\/08\/29\/kolejny-mlodzian-szaleje-w-peletonie-wytrzyma\/","url":"https:\/\/www.welovecycling.com\/pl\/2022\/08\/29\/kolejny-mlodzian-szaleje-w-peletonie-wytrzyma\/","name":"Kolejny m\u0142odzian szaleje w peletonie. Wytrzyma? - \u0160koda We Love Cycling - Poland","isPartOf":{"@id":"https:\/\/www.welovecycling.com\/pl\/#website"},"primaryImageOfPage":{"@id":"https:\/\/www.welovecycling.com\/pl\/2022\/08\/29\/kolejny-mlodzian-szaleje-w-peletonie-wytrzyma\/#primaryimage"},"image":{"@id":"https:\/\/www.welovecycling.com\/pl\/2022\/08\/29\/kolejny-mlodzian-szaleje-w-peletonie-wytrzyma\/#primaryimage"},"thumbnailUrl":"https:\/\/d2p6e6u75xmxt8.cloudfront.net\/5\/2022\/08\/Remco-Evenepoel-profimedia-0717209209-CVR.jpg","datePublished":"2022-08-29T13:28:37+00:00","author":{"@id":"https:\/\/www.welovecycling.com\/pl\/#\/schema\/person\/bf06ed916a1ef16618807fb60d2ebe42"},"breadcrumb":{"@id":"https:\/\/www.welovecycling.com\/pl\/2022\/08\/29\/kolejny-mlodzian-szaleje-w-peletonie-wytrzyma\/#breadcrumb"},"inLanguage":"pl-PL","potentialAction":[{"@type":"ReadAction","target":["https:\/\/www.welovecycling.com\/pl\/2022\/08\/29\/kolejny-mlodzian-szaleje-w-peletonie-wytrzyma\/"]}]},{"@type":"ImageObject","inLanguage":"pl-PL","@id":"https:\/\/www.welovecycling.com\/pl\/2022\/08\/29\/kolejny-mlodzian-szaleje-w-peletonie-wytrzyma\/#primaryimage","url":"https:\/\/d2p6e6u75xmxt8.cloudfront.net\/5\/2022\/08\/Remco-Evenepoel-profimedia-0717209209-CVR.jpg","contentUrl":"https:\/\/d2p6e6u75xmxt8.cloudfront.net\/5\/2022\/08\/Remco-Evenepoel-profimedia-0717209209-CVR.jpg","width":990,"height":660},{"@type":"BreadcrumbList","@id":"https:\/\/www.welovecycling.com\/pl\/2022\/08\/29\/kolejny-mlodzian-szaleje-w-peletonie-wytrzyma\/#breadcrumb","itemListElement":[{"@type":"ListItem","position":1,"name":"Home","item":"https:\/\/www.welovecycling.com\/pl\/"},{"@type":"ListItem","position":2,"name":"Kolejny m\u0142odzian szaleje w peletonie. Wytrzyma?"}]},{"@type":"WebSite","@id":"https:\/\/www.welovecycling.com\/pl\/#website","url":"https:\/\/www.welovecycling.com\/pl\/","name":"\u0160koda We Love Cycling - Poland","description":"","potentialAction":[{"@type":"SearchAction","target":{"@type":"EntryPoint","urlTemplate":"https:\/\/www.welovecycling.com\/pl\/?s={search_term_string}"},"query-input":{"@type":"PropertyValueSpecification","valueRequired":true,"valueName":"search_term_string"}}],"inLanguage":"pl-PL"},{"@type":"Person","@id":"https:\/\/www.welovecycling.com\/pl\/#\/schema\/person\/bf06ed916a1ef16618807fb60d2ebe42","name":"rafal","image":{"@type":"ImageObject","inLanguage":"pl-PL","@id":"https:\/\/www.welovecycling.com\/pl\/#\/schema\/person\/image\/","url":"https:\/\/secure.gravatar.com\/avatar\/203f240e63bee214f6f3a0dacbeb600c7829c09716c2b9ee3230c6961debcde2?s=96&d=mm&r=g","contentUrl":"https:\/\/secure.gravatar.com\/avatar\/203f240e63bee214f6f3a0dacbeb600c7829c09716c2b9ee3230c6961debcde2?s=96&d=mm&r=g","caption":"rafal"},"url":"https:\/\/www.welovecycling.com\/pl\/author\/rafal\/"}]}},"_links":{"self":[{"href":"https:\/\/www.welovecycling.com\/pl\/wp-json\/wp\/v2\/posts\/13144","targetHints":{"allow":["GET"]}}],"collection":[{"href":"https:\/\/www.welovecycling.com\/pl\/wp-json\/wp\/v2\/posts"}],"about":[{"href":"https:\/\/www.welovecycling.com\/pl\/wp-json\/wp\/v2\/types\/post"}],"author":[{"embeddable":true,"href":"https:\/\/www.welovecycling.com\/pl\/wp-json\/wp\/v2\/users\/153"}],"replies":[{"embeddable":true,"href":"https:\/\/www.welovecycling.com\/pl\/wp-json\/wp\/v2\/comments?post=13144"}],"version-history":[{"count":1,"href":"https:\/\/www.welovecycling.com\/pl\/wp-json\/wp\/v2\/posts\/13144\/revisions"}],"predecessor-version":[{"id":13150,"href":"https:\/\/www.welovecycling.com\/pl\/wp-json\/wp\/v2\/posts\/13144\/revisions\/13150"}],"wp:featuredmedia":[{"embeddable":true,"href":"https:\/\/www.welovecycling.com\/pl\/wp-json\/wp\/v2\/media\/13151"}],"wp:attachment":[{"href":"https:\/\/www.welovecycling.com\/pl\/wp-json\/wp\/v2\/media?parent=13144"}],"wp:term":[{"taxonomy":"category","embeddable":true,"href":"https:\/\/www.welovecycling.com\/pl\/wp-json\/wp\/v2\/categories?post=13144"},{"taxonomy":"post_tag","embeddable":true,"href":"https:\/\/www.welovecycling.com\/pl\/wp-json\/wp\/v2\/tags?post=13144"},{"taxonomy":"global-categories","embeddable":true,"href":"https:\/\/www.welovecycling.com\/pl\/wp-json\/wp\/v2\/global-categories?post=13144"}],"curies":[{"name":"wp","href":"https:\/\/api.w.org\/{rel}","templated":true}]}}