{"id":13107,"date":"2022-08-05T20:13:45","date_gmt":"2022-08-05T20:13:45","guid":{"rendered":"https:\/\/www.welovecycling.com\/pl\/?p=13107"},"modified":"2022-08-08T14:45:27","modified_gmt":"2022-08-08T14:45:27","slug":"marion-rousse-dyrektorka-tour-de-france-femmes-opowiada-o-znaczeniu-swojej-roli","status":"publish","type":"post","link":"https:\/\/www.welovecycling.com\/pl\/2022\/08\/05\/marion-rousse-dyrektorka-tour-de-france-femmes-opowiada-o-znaczeniu-swojej-roli\/","title":{"rendered":"Marion Rousse, dyrektorka Tour de France Femmes, opowiada o znaczeniu swojej roli"},"content":{"rendered":"<p><strong>Na wst\u0119pie chcia\u0142abym pogratulowa\u0107 Pani obj\u0119cia tej niezwyk\u0142ej roli! Co oznacza dla Pani stanowisko dyrektorki TdF Femmes?<\/strong><\/p>\n<p>To znaczy dla mnie tak du\u017co! Gdy Christian Prudhomme zadzwoni\u0142 do mnie z propozycj\u0105 obj\u0119cia tego stanowiska, a ja po sko\u0144czonej rozmowie od\u0142o\u017cy\u0142am s\u0142uchawk\u0119, przypomnia\u0142am sobie sam\u0105 siebie, kiedy by\u0142am ma\u0142\u0105, sze\u015bcioletni\u0105 dziewczynk\u0105 i zaczyna\u0142am je\u017adzi\u0107 na rowerze. To u\u015bwiadomi\u0142o mi, jak daleko zasz\u0142am. Tour de France ma ogromne znaczenie \u2013 wykracza poza granice sportu. Jest wydarzeniem, z kt\u00f3rym wi\u0105\u017ce si\u0119 mn\u00f3stwo oczekiwa\u0144. Dlatego te\u017c mo\u017cliwo\u015b\u0107 obj\u0119cia tej roli to dla mnie naprawd\u0119 wielki zaszczyt.<\/p>\n<p><strong>Przez wi\u0119kszo\u015b\u0107 swojej kariery pracowa\u0142a Pani w dziedzinie zdominowanej przez m\u0119\u017cczyzn. Z jakimi wyzwaniami przysz\u0142o si\u0119 Pani zmierzy\u0107?<\/strong><\/p>\n<p>Szczerze m\u00f3wi\u0105c, nie mia\u0142am \u017cadnych problem\u00f3w z prac\u0105 w sporcie zdominowanym przez m\u0119\u017cczyzn, poniewa\u017c odk\u0105d zacz\u0119\u0142am swoj\u0105 karier\u0119 kolarsk\u0105 w wieku sze\u015bciu lat, bardzo cz\u0119sto by\u0142am jedyn\u0105 dziewczyn\u0105 na starcie \u2013 w takim w\u0142a\u015bnie \u015brodowisku rozwija\u0142am swoje umiej\u0119tno\u015bci i szybko si\u0119 do tego przyzwyczai\u0142am. Co wi\u0119cej, zawsze dba\u0142am o to, by znajdowa\u0107 si\u0119 jedynie tam, gdzie powinnam i gdzie na to zas\u0142uguj\u0119. Nigdy nie oczekiwa\u0142am specjalnego traktowania. Ci\u0119\u017cko pracowa\u0142am, aby zdoby\u0107 szacunek.<\/p>\n<p><strong>Czyta\u0142am, \u017ce chocia\u017c dorasta\u0142a Pani, ogl\u0105daj\u0105c Tour de France, zawsze Pani czu\u0142a, \u017ce ze wzgl\u0119du na p\u0142e\u0107 nigdy nie b\u0119dzie mog\u0142a uczestniczy\u0107 w tym wy\u015bcigu. Jakie by\u0142y Pani przemy\u015blenia na temat nier\u00f3wnych mo\u017cliwo\u015bci dost\u0119pnych dla m\u0119\u017cczyzn i kobiet na r\u00f3\u017cnych etapach Pani profesjonalnej kariery kolarskiej?<\/strong><\/p>\n<p>Tak, cz\u0119sto my\u015bla\u0142am o tym, \u017ce jest to niesprawiedliwe. Rzeczywi\u015bcie, kiedy z pozosta\u0142ymi kolarkami by\u0142y\u015bmy w reprezentacji Francji podczas mistrzostw Europy czy \u015bwiata, mieszka\u0142y\u015bmy w tym samym hotelu co m\u0119\u017cczy\u017ani. Mog\u0142y\u015bmy wtedy wyra\u017anie dostrzec r\u00f3\u017cnic\u0119 w traktowaniu, co by\u0142o dla nas naprawd\u0119 trudne. Ostatecznie jednak podj\u0119\u0142y\u015bmy walk\u0119 i teraz nie jeste\u015bmy nikomu nic winne. Stworzenie wy\u015bcigu <a href=\"https:\/\/www.letourfemmes.fr\/en\/\">Tour de France Femmes avec Zwift<\/a> nie by\u0142o prezentem dla kolarek, ale czym\u015b, o co walczy\u0142y i na co zas\u0142uguj\u0105.<\/p>\n<div class=\"embed-controller-wrapper\">\n<blockquote class=\"twitter-tweet\" data-width=\"500\" data-dnt=\"true\">\n<p lang=\"fr\" dir=\"ltr\">\ud83d\udea9 The real start has been given, the race is on! <\/p>\n<p>\ud83d\udea9 Le d\u00e9part r\u00e9el est donn\u00e9, la course est lanc\u00e9e ! <a href=\"https:\/\/twitter.com\/hashtag\/TDFF?src=hash&amp;ref_src=twsrc%5Etfw\">#TDFF<\/a> <a href=\"https:\/\/twitter.com\/hashtag\/WatchTheFemmes?src=hash&amp;ref_src=twsrc%5Etfw\">#WatchTheFemmes<\/a> <a href=\"https:\/\/t.co\/I8wMW8aAUC\">pic.twitter.com\/I8wMW8aAUC<\/a><\/p>\n<p>&mdash; Le Tour de France Femmes avec Zwift (@LeTourFemmes) <a href=\"https:\/\/twitter.com\/LeTourFemmes\/status\/1551174539157053441?ref_src=twsrc%5Etfw\">July 24, 2022<\/a><\/p><\/blockquote>\n<p><script async data-src=\"https:\/\/platform.twitter.com\/widgets.js\" charset=\"utf-8\"><\/script><\/div>\n<p><strong>Jak opisa\u0142aby Pani ewolucj\u0119 kolarstwa kobiecego w ci\u0105gu ostatniej dekady czy dw\u00f3ch?<\/strong><\/p>\n<p>Bez w\u0105tpienia nast\u0105pi\u0142a drastyczna zmiana. Gdy ja by\u0142am kolark\u0105, wi\u0119kszo\u015b\u0107 z nas nie dostawa\u0142a pensji. Nie mia\u0142y\u015bmy dost\u0119pu do \u017cadnych autobus\u00f3w, w kt\u00f3rych mog\u0142yby\u015bmy si\u0119 przebra\u0107, wi\u0119c musia\u0142y\u015bmy zmienia\u0107 ubranie za ci\u0119\u017car\u00f3wkami \u2013 podobnie jak robi si\u0119 to na wy\u015bcigach dla amator\u00f3w. Na szcz\u0119\u015bcie Mi\u0119dzynarodowa Unia Kolarska podj\u0119\u0142a odpowiednie kroki, wprowadzaj\u0105c minimalne p\u0142ace \u2013 dzi\u015b wszystkie kolarki bior\u0105ce udzia\u0142 w World Tour uznaje si\u0119 za zatrudnione. Znacznie poprawi\u0142o to poziom konkurencji, dzi\u0119ki czemu mo\u017cemy teraz ogl\u0105da\u0107 kilka naprawd\u0119 niesamowitych wy\u015bcig\u00f3w. Ja mam dodatkowo to szcz\u0119\u015bcie, \u017ce mog\u0119 przez ca\u0142y rok komentowa\u0107 takie zawody dla France TV. To jest naprawd\u0119 wspania\u0142e!<\/p>\n<p><strong>Rozumiem, \u017ce zrezygnowa\u0142a Pani z profesjonalnego kolarstwa, poniewa\u017c w tamtych czasach trudno si\u0119 by\u0142o z niego utrzyma\u0107. Sytuacja uleg\u0142a poprawie, ale przed nami wci\u0105\u017c d\u0142uga droga. Jak Pani my\u015bli, co jest obecnie najwi\u0119kszym wyzwaniem, z kt\u00f3rym mierz\u0105 si\u0119 kolarki?<\/strong><\/p>\n<p>Jak ju\u017c wspomnia\u0142am, wprowadzono w ko\u0144cu pensj\u0119 minimaln\u0105. Jednak nadal jest o wiele ni\u017csza ni\u017c ta, kt\u00f3r\u0105 otrzymuj\u0105 m\u0119\u017cczy\u017ani, wi\u0119c by\u0107 mo\u017ce to powinno by\u0107 jednym z pierwszych problem\u00f3w do rozwi\u0105zania. Kolejn\u0105 kluczow\u0105 kwesti\u0105 jest zapewnienie odpowiedniej obecno\u015bci kobiecego kolarstwa w mediach, co pomo\u017ce w wypracowaniu w\u0142a\u015bciwego poziomu wynagrodze\u0144. To w\u0142a\u015bnie pr\u00f3buje osi\u0105gn\u0105\u0107 wy\u015bcig Tour de France Femmes avec Zwift, kt\u00f3ry jest transmitowany w 190 krajach \u015bwiata. Stworzono plan biznesowy dla kolarstwa kobiet, jednak on r\u00f3wnie\u017c wymaga znacznego dopracowania. Za pomoc\u0105 Tour de France Femmes avec Zwift chcemy przyci\u0105gn\u0105\u0107 nowych inwestor\u00f3w do tego sportu.<\/p>\n<p><strong>Jaki do tej pory by\u0142 najbardziej satysfakcjonuj\u0105cy aspekt szefowania Tour de France Femmes? Czy w tej pracy spotka\u0142y Pani\u0105 jakie\u015b znacz\u0105ce niespodzianki?<\/strong><\/p>\n<p>W pracy na tym stanowisku bardzo lubi\u0119 mo\u017cliwo\u015b\u0107 kierowania projektem przez ca\u0142y okres jego trwania. Ceni\u0119 tak\u017ce spotkania z przedstawicielami lokalnych w\u0142adz b\u0119d\u0105cych gospodarzami wy\u015bcigu \u2013 bez nich organizacja tego wydarzenia nie by\u0142aby mo\u017cliwa. Moja rola pozwala mi si\u0119 spe\u0142nia\u0107 tak\u017ce ze sportowego punktu widzenia \u2013 uwielbiam by\u0107 na miejscu i pracowa\u0107 nad poszczeg\u00f3lnymi etapami. Mo\u017cna zatem powiedzie\u0107, \u017ce tak naprawd\u0119 podobaj\u0105 mi si\u0119 wszystkie aspekty mojej pracy.<\/p>\n<p><strong>Jak zmieni\u0142 si\u0119 Pani pogl\u0105d na rol\u0119 samochod\u00f3w w wy\u015bcigach, odk\u0105d zamieni\u0142a Pani karier\u0119 zawodowej kolarki na gabinet dyrektorski?<\/strong><\/p>\n<p>W <a href=\"https:\/\/www.welovecycling.com\/wide\/2022\/07\/04\/a-primer-on-the-red-skoda-enyaq-iv-the-tour-de-frances-leading-car\/\">samochodzie prowadz\u0105cym<\/a> mam najwa\u017cniejsze miejsce. Znajdujemy si\u0119 tu\u017c za ucieczkami. Z tego wzgl\u0119du musimy by\u0107 w stanie ci\u0105g\u0142ej gotowo\u015bci. Nasz zesp\u00f3\u0142 dzia\u0142a na drodze, wi\u0119c je\u015bli zdarzy si\u0119 wypadek lub wyst\u0105pi jakakolwiek inna niespodziewana sytuacja, kt\u00f3ra nie jest cz\u0119\u015bci\u0105 wy\u015bcigu, musimy by\u0107 gotowi do natychmiastowej reakcji. Przez ca\u0142y czas trwania wydarzenia jestem w kontakcie telefonicznym i radiowym ze wszystkimi zespo\u0142ami kieruj\u0105cymi wy\u015bcigiem, aby mie\u0107 pewno\u015b\u0107, \u017ce odpowiednio si\u0119 w danej sytuacji zachowamy.<\/p>\n<p><strong>Jaka jest Pani wizja przysz\u0142o\u015bci Tour de France Femmes?<\/strong><\/p>\n<p>Chcemy, aby to wydarzenie stale si\u0119 rozwija\u0142o i by\u0142o popularne nawet za 100 lat! Dlatego robimy wszystko, co w naszej mocy, aby uczyni\u0107 t\u0119 d\u0142ugowieczno\u015b\u0107 realn\u0105 \u2013 jeste\u015bmy pewni, \u017ce nam si\u0119 uda. Nasz wy\u015bcig nie jest ta\u0144sz\u0105 wersj\u0105 Tour de France, ale osobnym, r\u00f3wnowa\u017cnym wydarzeniem. Wierzymy, \u017ce kolarki i ich si\u0142a woli zapewni\u0105 niesamowite widowisko, kt\u00f3re szybko przekona do siebie ludzi. A co do przysz\u0142o\u015bci, nie wykluczamy \u017cadnych mo\u017cliwo\u015bci \u2013 chcemy dalej rozwija\u0107 nasz wy\u015bcig. Dzi\u015b sk\u0142ada si\u0119 z o\u015bmiu etap\u00f3w, co gwarantuje r\u00f3wnowag\u0119, ale naszym zamierzeniem jest nieustanne zwi\u0119kszanie skali dzia\u0142ania. Mo\u017cemy to osi\u0105gn\u0105\u0107 na przyk\u0142ad przez dodawanie kolejnych etap\u00f3w.<\/p>\n<p><span data-sheets-value=\"{&quot;1&quot;:2,&quot;2&quot;:&quot;Artyku\u0142 powsta\u0142 we wsp\u00f3\u0142pracy ze skoda-auto.pl&quot;}\" data-sheets-userformat=\"{&quot;2&quot;:1,&quot;3&quot;:{&quot;1&quot;:0}}\" data-sheets-hyperlink=\"http:\/\/www.skoda-auto.pl\/\"><a class=\"in-cell-link\" href=\"http:\/\/www.skoda-auto.pl\/\" target=\"_blank\" rel=\"noopener noreferrer\">Artyku\u0142 powsta\u0142 we wsp\u00f3\u0142pracy ze skoda-auto.pl<\/a><\/span><\/p>\n<p><a href=\"https:\/\/www.skoda-auto.pl\/modele\/superb\"><img loading=\"lazy\" decoding=\"async\" class=\"alignnone size-full wp-image-11628 aligncenter\" src=\"https:\/\/d2p6e6u75xmxt8.cloudfront.net\/5\/2021\/12\/640x350-2-1.jpg\" alt=\"\" width=\"640\" height=\"350\" srcset=\"https:\/\/d2p6e6u75xmxt8.cloudfront.net\/5\/2021\/12\/640x350-2-1.jpg 640w, https:\/\/d2p6e6u75xmxt8.cloudfront.net\/5\/2021\/12\/640x350-2-1-300x164.jpg 300w\" sizes=\"auto, (max-width: 640px) 100vw, 640px\" \/><\/a><\/p>\n","protected":false},"excerpt":{"rendered":"<p>Na wst\u0119pie chcia\u0142abym pogratulowa\u0107 Pani obj\u0119cia tej niezwyk\u0142ej roli! Co oznacza dla Pani stanowisko dyrektorki TdF Femmes? To znaczy dla [&hellip;]<\/p>\n","protected":false},"author":153,"featured_media":13109,"comment_status":"open","ping_status":"open","sticky":false,"template":"","format":"standard","meta":{"footnotes":""},"categories":[6,364],"tags":[366],"global-categories":[303],"class_list":["post-13107","post","type-post","status-publish","format-standard","has-post-thumbnail","hentry","category-kolarstwo-szosowe","category-tour-de-france-2022","tag-tour-de-france-2022","global-categories-cycling"],"yoast_head":"<!-- This site is optimized with the Yoast SEO Premium plugin v25.3 (Yoast SEO v25.9) - https:\/\/yoast.com\/wordpress\/plugins\/seo\/ -->\n<title>Marion Rousse, dyrektorka Tour de France Femmes, opowiada o znaczeniu swojej roli - \u0160koda We Love Cycling - Poland<\/title>\n<meta name=\"robots\" content=\"index, follow, max-snippet:-1, max-image-preview:large, max-video-preview:-1\" \/>\n<link rel=\"canonical\" href=\"https:\/\/www.welovecycling.com\/pl\/2022\/08\/05\/marion-rousse-dyrektorka-tour-de-france-femmes-opowiada-o-znaczeniu-swojej-roli\/\" \/>\n<meta property=\"og:locale\" content=\"pl_PL\" \/>\n<meta property=\"og:type\" content=\"article\" \/>\n<meta property=\"og:title\" content=\"Marion Rousse, dyrektorka Tour de France Femmes, opowiada o znaczeniu swojej roli\" \/>\n<meta property=\"og:description\" content=\"Na wst\u0119pie chcia\u0142abym pogratulowa\u0107 Pani obj\u0119cia tej niezwyk\u0142ej roli! Co oznacza dla Pani stanowisko dyrektorki TdF Femmes? To znaczy dla [&hellip;]\" \/>\n<meta property=\"og:url\" content=\"https:\/\/www.welovecycling.com\/pl\/2022\/08\/05\/marion-rousse-dyrektorka-tour-de-france-femmes-opowiada-o-znaczeniu-swojej-roli\/\" \/>\n<meta property=\"og:site_name\" content=\"\u0160koda We Love Cycling - Poland\" \/>\n<meta property=\"article:published_time\" content=\"2022-08-05T20:13:45+00:00\" \/>\n<meta property=\"article:modified_time\" content=\"2022-08-08T14:45:27+00:00\" \/>\n<meta property=\"og:image\" content=\"https:\/\/d2p6e6u75xmxt8.cloudfront.net\/5\/2022\/08\/Marion-Rousse-profimedia-0709716085-CVR.jpg\" \/>\n\t<meta property=\"og:image:width\" content=\"990\" \/>\n\t<meta property=\"og:image:height\" content=\"660\" \/>\n\t<meta property=\"og:image:type\" content=\"image\/jpeg\" \/>\n<meta name=\"author\" content=\"rafal\" \/>\n<meta name=\"twitter:card\" content=\"summary_large_image\" \/>\n<meta name=\"twitter:label1\" content=\"Written by\" \/>\n\t<meta name=\"twitter:data1\" content=\"Megan Flottorp\" \/>\n\t<meta name=\"twitter:label2\" content=\"Est. reading time\" \/>\n\t<meta name=\"twitter:data2\" content=\"6\" \/>\n<script type=\"application\/ld+json\" class=\"yoast-schema-graph\">{\"@context\":\"https:\/\/schema.org\",\"@graph\":[{\"@type\":\"WebPage\",\"@id\":\"https:\/\/www.welovecycling.com\/pl\/2022\/08\/05\/marion-rousse-dyrektorka-tour-de-france-femmes-opowiada-o-znaczeniu-swojej-roli\/\",\"url\":\"https:\/\/www.welovecycling.com\/pl\/2022\/08\/05\/marion-rousse-dyrektorka-tour-de-france-femmes-opowiada-o-znaczeniu-swojej-roli\/\",\"name\":\"Marion Rousse, dyrektorka Tour de France Femmes, opowiada o znaczeniu swojej roli - \u0160koda We Love Cycling - Poland\",\"isPartOf\":{\"@id\":\"https:\/\/www.welovecycling.com\/pl\/#website\"},\"primaryImageOfPage\":{\"@id\":\"https:\/\/www.welovecycling.com\/pl\/2022\/08\/05\/marion-rousse-dyrektorka-tour-de-france-femmes-opowiada-o-znaczeniu-swojej-roli\/#primaryimage\"},\"image\":{\"@id\":\"https:\/\/www.welovecycling.com\/pl\/2022\/08\/05\/marion-rousse-dyrektorka-tour-de-france-femmes-opowiada-o-znaczeniu-swojej-roli\/#primaryimage\"},\"thumbnailUrl\":\"https:\/\/d2p6e6u75xmxt8.cloudfront.net\/5\/2022\/08\/Marion-Rousse-profimedia-0709716085-CVR.jpg\",\"datePublished\":\"2022-08-05T20:13:45+00:00\",\"dateModified\":\"2022-08-08T14:45:27+00:00\",\"author\":{\"@id\":\"https:\/\/www.welovecycling.com\/pl\/#\/schema\/person\/bf06ed916a1ef16618807fb60d2ebe42\"},\"breadcrumb\":{\"@id\":\"https:\/\/www.welovecycling.com\/pl\/2022\/08\/05\/marion-rousse-dyrektorka-tour-de-france-femmes-opowiada-o-znaczeniu-swojej-roli\/#breadcrumb\"},\"inLanguage\":\"pl-PL\",\"potentialAction\":[{\"@type\":\"ReadAction\",\"target\":[\"https:\/\/www.welovecycling.com\/pl\/2022\/08\/05\/marion-rousse-dyrektorka-tour-de-france-femmes-opowiada-o-znaczeniu-swojej-roli\/\"]}]},{\"@type\":\"ImageObject\",\"inLanguage\":\"pl-PL\",\"@id\":\"https:\/\/www.welovecycling.com\/pl\/2022\/08\/05\/marion-rousse-dyrektorka-tour-de-france-femmes-opowiada-o-znaczeniu-swojej-roli\/#primaryimage\",\"url\":\"https:\/\/d2p6e6u75xmxt8.cloudfront.net\/5\/2022\/08\/Marion-Rousse-profimedia-0709716085-CVR.jpg\",\"contentUrl\":\"https:\/\/d2p6e6u75xmxt8.cloudfront.net\/5\/2022\/08\/Marion-Rousse-profimedia-0709716085-CVR.jpg\",\"width\":990,\"height\":660},{\"@type\":\"BreadcrumbList\",\"@id\":\"https:\/\/www.welovecycling.com\/pl\/2022\/08\/05\/marion-rousse-dyrektorka-tour-de-france-femmes-opowiada-o-znaczeniu-swojej-roli\/#breadcrumb\",\"itemListElement\":[{\"@type\":\"ListItem\",\"position\":1,\"name\":\"Home\",\"item\":\"https:\/\/www.welovecycling.com\/pl\/\"},{\"@type\":\"ListItem\",\"position\":2,\"name\":\"Marion Rousse, dyrektorka Tour de France Femmes, opowiada o znaczeniu swojej roli\"}]},{\"@type\":\"WebSite\",\"@id\":\"https:\/\/www.welovecycling.com\/pl\/#website\",\"url\":\"https:\/\/www.welovecycling.com\/pl\/\",\"name\":\"\u0160koda We Love Cycling - Poland\",\"description\":\"\",\"potentialAction\":[{\"@type\":\"SearchAction\",\"target\":{\"@type\":\"EntryPoint\",\"urlTemplate\":\"https:\/\/www.welovecycling.com\/pl\/?s={search_term_string}\"},\"query-input\":{\"@type\":\"PropertyValueSpecification\",\"valueRequired\":true,\"valueName\":\"search_term_string\"}}],\"inLanguage\":\"pl-PL\"},{\"@type\":\"Person\",\"@id\":\"https:\/\/www.welovecycling.com\/pl\/#\/schema\/person\/bf06ed916a1ef16618807fb60d2ebe42\",\"name\":\"rafal\",\"image\":{\"@type\":\"ImageObject\",\"inLanguage\":\"pl-PL\",\"@id\":\"https:\/\/www.welovecycling.com\/pl\/#\/schema\/person\/image\/\",\"url\":\"https:\/\/secure.gravatar.com\/avatar\/203f240e63bee214f6f3a0dacbeb600c7829c09716c2b9ee3230c6961debcde2?s=96&d=mm&r=g\",\"contentUrl\":\"https:\/\/secure.gravatar.com\/avatar\/203f240e63bee214f6f3a0dacbeb600c7829c09716c2b9ee3230c6961debcde2?s=96&d=mm&r=g\",\"caption\":\"rafal\"},\"url\":\"https:\/\/www.welovecycling.com\/pl\/author\/rafal\/\"}]}<\/script>\n<!-- \/ Yoast SEO Premium plugin. -->","yoast_head_json":{"title":"Marion Rousse, dyrektorka Tour de France Femmes, opowiada o znaczeniu swojej roli - \u0160koda We Love Cycling - Poland","robots":{"index":"index","follow":"follow","max-snippet":"max-snippet:-1","max-image-preview":"max-image-preview:large","max-video-preview":"max-video-preview:-1"},"canonical":"https:\/\/www.welovecycling.com\/pl\/2022\/08\/05\/marion-rousse-dyrektorka-tour-de-france-femmes-opowiada-o-znaczeniu-swojej-roli\/","og_locale":"pl_PL","og_type":"article","og_title":"Marion Rousse, dyrektorka Tour de France Femmes, opowiada o znaczeniu swojej roli","og_description":"Na wst\u0119pie chcia\u0142abym pogratulowa\u0107 Pani obj\u0119cia tej niezwyk\u0142ej roli! Co oznacza dla Pani stanowisko dyrektorki TdF Femmes? To znaczy dla [&hellip;]","og_url":"https:\/\/www.welovecycling.com\/pl\/2022\/08\/05\/marion-rousse-dyrektorka-tour-de-france-femmes-opowiada-o-znaczeniu-swojej-roli\/","og_site_name":"\u0160koda We Love Cycling - Poland","article_published_time":"2022-08-05T20:13:45+00:00","article_modified_time":"2022-08-08T14:45:27+00:00","og_image":[{"width":990,"height":660,"url":"https:\/\/d2p6e6u75xmxt8.cloudfront.net\/5\/2022\/08\/Marion-Rousse-profimedia-0709716085-CVR.jpg","type":"image\/jpeg"}],"author":"rafal","twitter_card":"summary_large_image","twitter_misc":{"Written by":"Megan Flottorp","Est. reading time":"6"},"schema":{"@context":"https:\/\/schema.org","@graph":[{"@type":"WebPage","@id":"https:\/\/www.welovecycling.com\/pl\/2022\/08\/05\/marion-rousse-dyrektorka-tour-de-france-femmes-opowiada-o-znaczeniu-swojej-roli\/","url":"https:\/\/www.welovecycling.com\/pl\/2022\/08\/05\/marion-rousse-dyrektorka-tour-de-france-femmes-opowiada-o-znaczeniu-swojej-roli\/","name":"Marion Rousse, dyrektorka Tour de France Femmes, opowiada o znaczeniu swojej roli - \u0160koda We Love Cycling - Poland","isPartOf":{"@id":"https:\/\/www.welovecycling.com\/pl\/#website"},"primaryImageOfPage":{"@id":"https:\/\/www.welovecycling.com\/pl\/2022\/08\/05\/marion-rousse-dyrektorka-tour-de-france-femmes-opowiada-o-znaczeniu-swojej-roli\/#primaryimage"},"image":{"@id":"https:\/\/www.welovecycling.com\/pl\/2022\/08\/05\/marion-rousse-dyrektorka-tour-de-france-femmes-opowiada-o-znaczeniu-swojej-roli\/#primaryimage"},"thumbnailUrl":"https:\/\/d2p6e6u75xmxt8.cloudfront.net\/5\/2022\/08\/Marion-Rousse-profimedia-0709716085-CVR.jpg","datePublished":"2022-08-05T20:13:45+00:00","dateModified":"2022-08-08T14:45:27+00:00","author":{"@id":"https:\/\/www.welovecycling.com\/pl\/#\/schema\/person\/bf06ed916a1ef16618807fb60d2ebe42"},"breadcrumb":{"@id":"https:\/\/www.welovecycling.com\/pl\/2022\/08\/05\/marion-rousse-dyrektorka-tour-de-france-femmes-opowiada-o-znaczeniu-swojej-roli\/#breadcrumb"},"inLanguage":"pl-PL","potentialAction":[{"@type":"ReadAction","target":["https:\/\/www.welovecycling.com\/pl\/2022\/08\/05\/marion-rousse-dyrektorka-tour-de-france-femmes-opowiada-o-znaczeniu-swojej-roli\/"]}]},{"@type":"ImageObject","inLanguage":"pl-PL","@id":"https:\/\/www.welovecycling.com\/pl\/2022\/08\/05\/marion-rousse-dyrektorka-tour-de-france-femmes-opowiada-o-znaczeniu-swojej-roli\/#primaryimage","url":"https:\/\/d2p6e6u75xmxt8.cloudfront.net\/5\/2022\/08\/Marion-Rousse-profimedia-0709716085-CVR.jpg","contentUrl":"https:\/\/d2p6e6u75xmxt8.cloudfront.net\/5\/2022\/08\/Marion-Rousse-profimedia-0709716085-CVR.jpg","width":990,"height":660},{"@type":"BreadcrumbList","@id":"https:\/\/www.welovecycling.com\/pl\/2022\/08\/05\/marion-rousse-dyrektorka-tour-de-france-femmes-opowiada-o-znaczeniu-swojej-roli\/#breadcrumb","itemListElement":[{"@type":"ListItem","position":1,"name":"Home","item":"https:\/\/www.welovecycling.com\/pl\/"},{"@type":"ListItem","position":2,"name":"Marion Rousse, dyrektorka Tour de France Femmes, opowiada o znaczeniu swojej roli"}]},{"@type":"WebSite","@id":"https:\/\/www.welovecycling.com\/pl\/#website","url":"https:\/\/www.welovecycling.com\/pl\/","name":"\u0160koda We Love Cycling - Poland","description":"","potentialAction":[{"@type":"SearchAction","target":{"@type":"EntryPoint","urlTemplate":"https:\/\/www.welovecycling.com\/pl\/?s={search_term_string}"},"query-input":{"@type":"PropertyValueSpecification","valueRequired":true,"valueName":"search_term_string"}}],"inLanguage":"pl-PL"},{"@type":"Person","@id":"https:\/\/www.welovecycling.com\/pl\/#\/schema\/person\/bf06ed916a1ef16618807fb60d2ebe42","name":"rafal","image":{"@type":"ImageObject","inLanguage":"pl-PL","@id":"https:\/\/www.welovecycling.com\/pl\/#\/schema\/person\/image\/","url":"https:\/\/secure.gravatar.com\/avatar\/203f240e63bee214f6f3a0dacbeb600c7829c09716c2b9ee3230c6961debcde2?s=96&d=mm&r=g","contentUrl":"https:\/\/secure.gravatar.com\/avatar\/203f240e63bee214f6f3a0dacbeb600c7829c09716c2b9ee3230c6961debcde2?s=96&d=mm&r=g","caption":"rafal"},"url":"https:\/\/www.welovecycling.com\/pl\/author\/rafal\/"}]}},"_links":{"self":[{"href":"https:\/\/www.welovecycling.com\/pl\/wp-json\/wp\/v2\/posts\/13107","targetHints":{"allow":["GET"]}}],"collection":[{"href":"https:\/\/www.welovecycling.com\/pl\/wp-json\/wp\/v2\/posts"}],"about":[{"href":"https:\/\/www.welovecycling.com\/pl\/wp-json\/wp\/v2\/types\/post"}],"author":[{"embeddable":true,"href":"https:\/\/www.welovecycling.com\/pl\/wp-json\/wp\/v2\/users\/153"}],"replies":[{"embeddable":true,"href":"https:\/\/www.welovecycling.com\/pl\/wp-json\/wp\/v2\/comments?post=13107"}],"version-history":[{"count":2,"href":"https:\/\/www.welovecycling.com\/pl\/wp-json\/wp\/v2\/posts\/13107\/revisions"}],"predecessor-version":[{"id":13120,"href":"https:\/\/www.welovecycling.com\/pl\/wp-json\/wp\/v2\/posts\/13107\/revisions\/13120"}],"wp:featuredmedia":[{"embeddable":true,"href":"https:\/\/www.welovecycling.com\/pl\/wp-json\/wp\/v2\/media\/13109"}],"wp:attachment":[{"href":"https:\/\/www.welovecycling.com\/pl\/wp-json\/wp\/v2\/media?parent=13107"}],"wp:term":[{"taxonomy":"category","embeddable":true,"href":"https:\/\/www.welovecycling.com\/pl\/wp-json\/wp\/v2\/categories?post=13107"},{"taxonomy":"post_tag","embeddable":true,"href":"https:\/\/www.welovecycling.com\/pl\/wp-json\/wp\/v2\/tags?post=13107"},{"taxonomy":"global-categories","embeddable":true,"href":"https:\/\/www.welovecycling.com\/pl\/wp-json\/wp\/v2\/global-categories?post=13107"}],"curies":[{"name":"wp","href":"https:\/\/api.w.org\/{rel}","templated":true}]}}