{"id":13094,"date":"2022-08-01T13:52:34","date_gmt":"2022-08-01T13:52:34","guid":{"rendered":"https:\/\/www.welovecycling.com\/pl\/?p=13094"},"modified":"2023-09-19T09:54:29","modified_gmt":"2023-09-19T09:54:29","slug":"fantastyczny-wyczyn-polskiej-kolarki-niewiadoma-na-podium-tour-de-france","status":"publish","type":"post","link":"https:\/\/www.welovecycling.com\/pl\/2022\/08\/01\/fantastyczny-wyczyn-polskiej-kolarki-niewiadoma-na-podium-tour-de-france\/","title":{"rendered":"Niewiadoma na podium Tour de France Femmes"},"content":{"rendered":"<p><strong>\u2013 To by\u0142o moje marzenie \u2013 nie kry\u0142a szcz\u0119\u015bcia Katarzyna Niewiadoma.<\/strong><\/p>\n<p>Polka zaj\u0119\u0142a trzecie miejsce w klasyfikacji generalnej Tour de France Femmes i zapisa\u0142a si\u0119 w historii \u015bwiatowego kolarstwa.<\/p>\n<p>To by\u0142 pi\u0119kny wy\u015bcig, o kt\u00f3rym b\u0119dzie m\u00f3wi\u0142o si\u0119 latami. Kobiety d\u0142ugo bowiem czeka\u0142y na to, by \u2013 podobnie jak panowie \u2013 pojecha\u0107 Wielk\u0105 P\u0119tl\u0119 z prawdziwego zdarzenia. Wcze\u015bniej legendarny Tour de France w \u017ce\u0144skim wydaniu odbywa\u0142 si\u0119 jako jednodniowy wy\u015bcig, ale tym razem by\u0142o inaczej.<\/p>\n<div class=\"embed-controller-wrapper\">\n<blockquote class=\"twitter-tweet\" data-width=\"500\" data-dnt=\"true\">\n<p lang=\"fr\" dir=\"ltr\">\ud83c\udfa5 Relive stage 8\ufe0f\u20e3 from inside the pack!<\/p>\n<p>\ud83c\udfa5 Revivez l&#39;\u00e9tape 8\ufe0f\u20e3 de l&#39;int\u00e9rieur du peloton !<a href=\"https:\/\/twitter.com\/hashtag\/TDFF?src=hash&amp;ref_src=twsrc%5Etfw\">#TDFF<\/a> <a href=\"https:\/\/twitter.com\/hashtag\/WatchTheFemmes?src=hash&amp;ref_src=twsrc%5Etfw\">#WatchTheFemmes<\/a> <a href=\"https:\/\/t.co\/eIMlP5NKqh\">pic.twitter.com\/eIMlP5NKqh<\/a><\/p>\n<p>&mdash; Le Tour de France Femmes avec Zwift (@LeTourFemmes) <a href=\"https:\/\/twitter.com\/LeTourFemmes\/status\/1553823585847967747?ref_src=twsrc%5Etfw\">July 31, 2022<\/a><\/p><\/blockquote>\n<p><script async data-src=\"https:\/\/platform.twitter.com\/widgets.js\" charset=\"utf-8\"><\/script><\/div>\n<h2><strong>Czas historii i wielkich zmian<\/strong><\/h2>\n<p>Zawodniczki zacz\u0119\u0142y rywalizacj\u0119 w Pary\u017cu, \u015bciga\u0142y si\u0119 przez osiem dni, mierzy\u0142y si\u0119 z g\u00f3rami, rywalizowa\u0142y w sprincie. Za tak zorganizowany wy\u015bcig odwdzi\u0119czy\u0142y si\u0119 \u015bwietn\u0105 jazd\u0105 i wielkimi emocjami, a na ko\u0144cu przyzna\u0142y, \u017ce w\u0142a\u015bnie tak powinien wygl\u0105da\u0107 legendarny wy\u015bcig w \u017ce\u0144skim wydaniu.<\/p>\n<p>\u2013 Czuj\u0119 si\u0119 cz\u0119\u015bci\u0105 historii i zachodz\u0105cych zmian. Pewnego dnia ka\u017cda z nas powie swoim dzieciom lub wnukom: \u201eBra\u0142am udzia\u0142 w Wielkiej P\u0119tli\u201d \u2013 podkre\u015bla\u0142a jeszcze przed wy\u015bcigiem Katarzyna Niewiadoma (Canyon\/\/SRAM Racing) w rozmowie z Cyclingnews.com.<\/p>\n<p>Polka b\u0119dzie mog\u0142a opowiada\u0107 nie tylko o udziale, ale tak\u017ce o \u015bwietnym wyst\u0119pie. Od pocz\u0105tku spisywa\u0142a si\u0119 kapitalnie \u2013 zaj\u0119\u0142a trzecie miejsce na drugim etapie i ju\u017c wtedy wskoczy\u0142a na podium klasyfikacji generalnej. Po sz\u00f3stym dniu by\u0142a nawet druga, a na dw\u00f3ch g\u00f3rskich etapach obroni\u0142a podium i zako\u0144czy\u0142a wy\u015bcig na trzecim miejscu!<\/p>\n<p>\u2013 Trudno mi uwierzy\u0107 w ten wynik. Jestem bardzo, bardzo szcz\u0119\u015bliwa. Miejsce w czo\u0142owej tr\u00f3jce by\u0142o moim celem i marzeniem. Nie zawsze udaje mi si\u0119 osi\u0105gn\u0105\u0107 to, co sobie zaplanuj\u0119. Tym razem dopi\u0119\u0142am swego \u2013 powiedzia\u0142a Niewiadoma na antenie Eurosportu.<\/p>\n<p>https:\/\/www.instagram.com\/p\/CgsBDb-Lbwt\/<\/p>\n<p>\u2013 To by\u0142 niesamowity tydzie\u0144 \u015bcigania. Dzi\u0119kuj\u0119 wszystkim za wsparcie \u2013 napisa\u0142a p\u00f3\u017aniej Polka na Instagramie.<\/p>\n<h2><strong>Kapitalne Holenderki<\/strong><\/h2>\n<p>Wy\u015bcig wygra\u0142a Annemiek van Vleuten (Movistar), kt\u00f3ra zaatakowa\u0142a z drugiego szeregu. Holenderka po sze\u015bciu etapach zajmowa\u0142a dopiero \u00f3sme miejsce, ale w g\u00f3rach nie da\u0142a rywalkom szans, wygra\u0142a dwa ostatnie etapy i wy\u015bcig sko\u0144czy\u0142a w \u017c\u00f3\u0142tej koszulce liderki z przewag\u0105 3 minut i 48 sekund nad swoj\u0105 rodaczk\u0105 Demi Vollering (Team SD Worx) oraz 6 minut i 35 sekund nad Niewiadom\u0105.<\/p>\n<div class=\"embed-controller-wrapper\">\n<blockquote class=\"twitter-tweet\" data-width=\"500\" data-dnt=\"true\">\n<p lang=\"qme\" dir=\"ltr\">\ud83e\udd47 <a href=\"https:\/\/twitter.com\/AvVleuten?ref_src=twsrc%5Etfw\">@AvVleuten<\/a> <br \/>\ud83e\udd48 <a href=\"https:\/\/twitter.com\/demivollering?ref_src=twsrc%5Etfw\">@demivollering<\/a> <br \/>\ud83e\udd49 <a href=\"https:\/\/twitter.com\/KNiewiadoma?ref_src=twsrc%5Etfw\">@KNiewiadoma<\/a> <a href=\"https:\/\/twitter.com\/hashtag\/TDFF?src=hash&amp;ref_src=twsrc%5Etfw\">#TDFF<\/a> <a href=\"https:\/\/twitter.com\/hashtag\/WatchTheFemmes?src=hash&amp;ref_src=twsrc%5Etfw\">#WatchTheFemmes<\/a> <a href=\"https:\/\/t.co\/PgGDGqKVgj\">pic.twitter.com\/PgGDGqKVgj<\/a><\/p>\n<p>&mdash; Le Tour de France Femmes avec Zwift (@LeTourFemmes) <a href=\"https:\/\/twitter.com\/LeTourFemmes\/status\/1553802146948292608?ref_src=twsrc%5Etfw\">July 31, 2022<\/a><\/p><\/blockquote>\n<p><script async data-src=\"https:\/\/platform.twitter.com\/widgets.js\" charset=\"utf-8\"><\/script><\/div>\n<p>Zielon\u0105 koszulk\u0119 za wygranie klasyfikacji punktowej zgarn\u0119\u0142a legendarna Holenderka Marianne Vos (Jumbo Visma), klasyfikacj\u0119 g\u00f3rsk\u0105 wygra\u0142a van Vleuten, a najlepsz\u0105 m\u0142odzie\u017cow\u0105 zawodniczk\u0105 zosta\u0142a tak\u017ce Holenderka \u2013 Shirin van Anrooij (Trek Segafredo). Najlepsz\u0105 dru\u017cyna okaza\u0142a si\u0119 ekipa Niewiadomej \u2013 Canyon\/\/SRAM Racing.<\/p>\n<div class=\"embed-controller-wrapper\">\n<blockquote class=\"twitter-tweet\" data-width=\"500\" data-dnt=\"true\">\n<p lang=\"en\" dir=\"ltr\">\ud83d\ude0d PIC OF THE DAY \ud83d\ude0d<br \/>By <a href=\"https:\/\/twitter.com\/century21fr?ref_src=twsrc%5Etfw\">@century21fr<\/a> <a href=\"https:\/\/twitter.com\/hashtag\/TDFF?src=hash&amp;ref_src=twsrc%5Etfw\">#TDFF<\/a> <a href=\"https:\/\/twitter.com\/hashtag\/WatchTheFemmes?src=hash&amp;ref_src=twsrc%5Etfw\">#WatchTheFemmes<\/a> <br \/>\ud83d\udcf8 ASO \/\u00a0<a href=\"https:\/\/twitter.com\/ThomasMaheux?ref_src=twsrc%5Etfw\">@ThomasMaheux<\/a> <a href=\"https:\/\/t.co\/7oEbg09Kfb\">pic.twitter.com\/7oEbg09Kfb<\/a><\/p>\n<p>&mdash; Le Tour de France Femmes avec Zwift (@LeTourFemmes) <a href=\"https:\/\/twitter.com\/LeTourFemmes\/status\/1553855524080328704?ref_src=twsrc%5Etfw\">July 31, 2022<\/a><\/p><\/blockquote>\n<p><script async data-src=\"https:\/\/platform.twitter.com\/widgets.js\" charset=\"utf-8\"><\/script><\/div>\n<h2><strong>Czas na Tour de Pologne<\/strong><\/h2>\n<p>Teraz oczy kolarskiego \u015bwiata skierowane s\u0105 ju\u017c na\u2026 Polsk\u0119, bo w\u0142a\u015bnie wystartowa\u0142a kolejna impreza z cyklu UCI World Tour, czyli Tour de Pologne. Pierwszy etap wygra\u0142 Holender Olav Kooij (Jumbo Visma), a drugi \u2013 Belg Gerben Thijssen (Intermarche-Wanty-Gobert Materiaux). W klasyfikacji generalnej prowadzi Norweg Jonas Abrahamsen (Uno-X Pro Cycling Team), a najlepszy z Polak\u00f3w \u2013 Stanis\u0142aw Anio\u0142kowski \u2013 jest na 20. pozycji.<\/p>\n<p>Przed zawodnikami jeszcze pi\u0119\u0107 etap\u00f3w: dwa pag\u00f3rkowate (z Kra\u015bnika do Przemy\u015bla i z Leska do Sanoka), nast\u0119pnie p\u0142aski z \u0141a\u0144cuta do Rzeszowa oraz czas\u00f3wka Szaflary \u2013 Termy Bukowina Tatrza\u0144ska. Wy\u015bcig zako\u0144czy pi\u0105tkowe \u015bciganie ze Skawiny do Krakowa.<\/p>\n<div class=\"embed-controller-wrapper\">\n<blockquote class=\"twitter-tweet\" data-width=\"500\" data-dnt=\"true\">\n<p lang=\"en\" dir=\"ltr\">Let\u2019s get another day started \ud83d\ude0e \ud83d\udeb4\ud83c\udffc\ud83d\udd25<a href=\"https:\/\/twitter.com\/hashtag\/TdP22?src=hash&amp;ref_src=twsrc%5Etfw\">#TdP22<\/a> <a href=\"https:\/\/twitter.com\/hashtag\/RaceForPeace?src=hash&amp;ref_src=twsrc%5Etfw\">#RaceForPeace<\/a><br \/>\ud83d\udcf7 <a href=\"https:\/\/twitter.com\/gruchaseven?ref_src=twsrc%5Etfw\">@gruchaseven<\/a> <a href=\"https:\/\/t.co\/Z0bhenFURy\">pic.twitter.com\/Z0bhenFURy<\/a><\/p>\n<p>&mdash; Tour de Pologne (@Tour_de_Pologne) <a href=\"https:\/\/twitter.com\/Tour_de_Pologne\/status\/1554002629520494592?ref_src=twsrc%5Etfw\">August 1, 2022<\/a><\/p><\/blockquote>\n<p><script async data-src=\"https:\/\/platform.twitter.com\/widgets.js\" charset=\"utf-8\"><\/script><\/div>\n<p><span data-sheets-value=\"{&quot;1&quot;:2,&quot;2&quot;:&quot;Artyku\u0142 powsta\u0142 we wsp\u00f3\u0142pracy ze skoda-auto.pl&quot;}\" data-sheets-userformat=\"{&quot;2&quot;:1,&quot;3&quot;:{&quot;1&quot;:0}}\" data-sheets-hyperlink=\"http:\/\/www.skoda-auto.pl\/\"><a class=\"in-cell-link\" href=\"http:\/\/www.skoda-auto.pl\/\" target=\"_blank\" rel=\"noopener noreferrer\">Artyku\u0142 powsta\u0142 we wsp\u00f3\u0142pracy ze skoda-auto.pl<\/a><\/span><\/p>\n<p><a href=\"https:\/\/sklep.skoda.pl\/pl\/sklep\/b\/331\/rowery-i-akcesoria-rowery.html\"><img loading=\"lazy\" decoding=\"async\" class=\"aligncenter wp-image-9608 size-full loading\" src=\"https:\/\/d2p6e6u75xmxt8.cloudfront.net\/5\/2019\/08\/baner_WLC_640x350_3.png\" sizes=\"auto, (max-width: 640px) 100vw, 640px\" srcset=\"https:\/\/d2p6e6u75xmxt8.cloudfront.net\/5\/2019\/08\/baner_WLC_640x350_3.png 640w, https:\/\/d2p6e6u75xmxt8.cloudfront.net\/5\/2019\/08\/baner_WLC_640x350_3-300x164.png 300w\" alt=\"\" width=\"640\" height=\"350\" data-was-processed=\"true\" \/><\/a><\/p>\n","protected":false},"excerpt":{"rendered":"<p>\u2013 To by\u0142o moje marzenie \u2013 nie kry\u0142a szcz\u0119\u015bcia Katarzyna Niewiadoma. Polka zaj\u0119\u0142a trzecie miejsce w klasyfikacji generalnej Tour de [&hellip;]<\/p>\n","protected":false},"author":153,"featured_media":13101,"comment_status":"open","ping_status":"open","sticky":false,"template":"","format":"standard","meta":{"footnotes":""},"categories":[407,364],"tags":[369,362,77,366,399],"global-categories":[303],"class_list":["post-13094","post","type-post","status-publish","format-standard","has-post-thumbnail","hentry","category-kasia-niewiadoma","category-tour-de-france-2022","tag-kasia-niewiadoma","tag-piotr-nowik","tag-tour-de-france","tag-tour-de-france-2022","tag-tour-de-france-2023","global-categories-cycling"],"yoast_head":"<!-- This site is optimized with the Yoast SEO Premium plugin v25.3 (Yoast SEO v25.9) - https:\/\/yoast.com\/wordpress\/plugins\/seo\/ -->\n<title>Niewiadoma na podium Tour de France Femmes - \u0160koda We Love Cycling - Poland<\/title>\n<meta name=\"robots\" content=\"index, follow, max-snippet:-1, max-image-preview:large, max-video-preview:-1\" \/>\n<link rel=\"canonical\" href=\"https:\/\/www.welovecycling.com\/pl\/2022\/08\/01\/fantastyczny-wyczyn-polskiej-kolarki-niewiadoma-na-podium-tour-de-france\/\" \/>\n<meta property=\"og:locale\" content=\"pl_PL\" \/>\n<meta property=\"og:type\" content=\"article\" \/>\n<meta property=\"og:title\" content=\"Niewiadoma na podium Tour de France Femmes\" \/>\n<meta property=\"og:description\" content=\"\u2013 To by\u0142o moje marzenie \u2013 nie kry\u0142a szcz\u0119\u015bcia Katarzyna Niewiadoma. Polka zaj\u0119\u0142a trzecie miejsce w klasyfikacji generalnej Tour de [&hellip;]\" \/>\n<meta property=\"og:url\" content=\"https:\/\/www.welovecycling.com\/pl\/2022\/08\/01\/fantastyczny-wyczyn-polskiej-kolarki-niewiadoma-na-podium-tour-de-france\/\" \/>\n<meta property=\"og:site_name\" content=\"\u0160koda We Love Cycling - Poland\" \/>\n<meta property=\"article:published_time\" content=\"2022-08-01T13:52:34+00:00\" \/>\n<meta property=\"article:modified_time\" content=\"2023-09-19T09:54:29+00:00\" \/>\n<meta property=\"og:image\" content=\"https:\/\/d2p6e6u75xmxt8.cloudfront.net\/5\/2022\/08\/Tour-de-Femmes-CVR-profimedia-0711015873.jpg\" \/>\n\t<meta property=\"og:image:width\" content=\"990\" \/>\n\t<meta property=\"og:image:height\" content=\"660\" \/>\n\t<meta property=\"og:image:type\" content=\"image\/jpeg\" \/>\n<meta name=\"author\" content=\"rafal\" \/>\n<meta name=\"twitter:card\" content=\"summary_large_image\" \/>\n<meta name=\"twitter:label1\" content=\"Written by\" \/>\n\t<meta name=\"twitter:data1\" content=\"Piotr Nowik\" \/>\n\t<meta name=\"twitter:label2\" content=\"Est. reading time\" \/>\n\t<meta name=\"twitter:data2\" content=\"3 minutes\" \/>\n<script type=\"application\/ld+json\" class=\"yoast-schema-graph\">{\"@context\":\"https:\/\/schema.org\",\"@graph\":[{\"@type\":\"WebPage\",\"@id\":\"https:\/\/www.welovecycling.com\/pl\/2022\/08\/01\/fantastyczny-wyczyn-polskiej-kolarki-niewiadoma-na-podium-tour-de-france\/\",\"url\":\"https:\/\/www.welovecycling.com\/pl\/2022\/08\/01\/fantastyczny-wyczyn-polskiej-kolarki-niewiadoma-na-podium-tour-de-france\/\",\"name\":\"Niewiadoma na podium Tour de France Femmes - \u0160koda We Love Cycling - Poland\",\"isPartOf\":{\"@id\":\"https:\/\/www.welovecycling.com\/pl\/#website\"},\"primaryImageOfPage\":{\"@id\":\"https:\/\/www.welovecycling.com\/pl\/2022\/08\/01\/fantastyczny-wyczyn-polskiej-kolarki-niewiadoma-na-podium-tour-de-france\/#primaryimage\"},\"image\":{\"@id\":\"https:\/\/www.welovecycling.com\/pl\/2022\/08\/01\/fantastyczny-wyczyn-polskiej-kolarki-niewiadoma-na-podium-tour-de-france\/#primaryimage\"},\"thumbnailUrl\":\"https:\/\/d2p6e6u75xmxt8.cloudfront.net\/5\/2022\/08\/Tour-de-Femmes-CVR-profimedia-0711015873.jpg\",\"datePublished\":\"2022-08-01T13:52:34+00:00\",\"dateModified\":\"2023-09-19T09:54:29+00:00\",\"author\":{\"@id\":\"https:\/\/www.welovecycling.com\/pl\/#\/schema\/person\/bf06ed916a1ef16618807fb60d2ebe42\"},\"breadcrumb\":{\"@id\":\"https:\/\/www.welovecycling.com\/pl\/2022\/08\/01\/fantastyczny-wyczyn-polskiej-kolarki-niewiadoma-na-podium-tour-de-france\/#breadcrumb\"},\"inLanguage\":\"pl-PL\",\"potentialAction\":[{\"@type\":\"ReadAction\",\"target\":[\"https:\/\/www.welovecycling.com\/pl\/2022\/08\/01\/fantastyczny-wyczyn-polskiej-kolarki-niewiadoma-na-podium-tour-de-france\/\"]}]},{\"@type\":\"ImageObject\",\"inLanguage\":\"pl-PL\",\"@id\":\"https:\/\/www.welovecycling.com\/pl\/2022\/08\/01\/fantastyczny-wyczyn-polskiej-kolarki-niewiadoma-na-podium-tour-de-france\/#primaryimage\",\"url\":\"https:\/\/d2p6e6u75xmxt8.cloudfront.net\/5\/2022\/08\/Tour-de-Femmes-CVR-profimedia-0711015873.jpg\",\"contentUrl\":\"https:\/\/d2p6e6u75xmxt8.cloudfront.net\/5\/2022\/08\/Tour-de-Femmes-CVR-profimedia-0711015873.jpg\",\"width\":990,\"height\":660},{\"@type\":\"BreadcrumbList\",\"@id\":\"https:\/\/www.welovecycling.com\/pl\/2022\/08\/01\/fantastyczny-wyczyn-polskiej-kolarki-niewiadoma-na-podium-tour-de-france\/#breadcrumb\",\"itemListElement\":[{\"@type\":\"ListItem\",\"position\":1,\"name\":\"Home\",\"item\":\"https:\/\/www.welovecycling.com\/pl\/\"},{\"@type\":\"ListItem\",\"position\":2,\"name\":\"Niewiadoma na podium Tour de France Femmes\"}]},{\"@type\":\"WebSite\",\"@id\":\"https:\/\/www.welovecycling.com\/pl\/#website\",\"url\":\"https:\/\/www.welovecycling.com\/pl\/\",\"name\":\"\u0160koda We Love Cycling - Poland\",\"description\":\"\",\"potentialAction\":[{\"@type\":\"SearchAction\",\"target\":{\"@type\":\"EntryPoint\",\"urlTemplate\":\"https:\/\/www.welovecycling.com\/pl\/?s={search_term_string}\"},\"query-input\":{\"@type\":\"PropertyValueSpecification\",\"valueRequired\":true,\"valueName\":\"search_term_string\"}}],\"inLanguage\":\"pl-PL\"},{\"@type\":\"Person\",\"@id\":\"https:\/\/www.welovecycling.com\/pl\/#\/schema\/person\/bf06ed916a1ef16618807fb60d2ebe42\",\"name\":\"rafal\",\"image\":{\"@type\":\"ImageObject\",\"inLanguage\":\"pl-PL\",\"@id\":\"https:\/\/www.welovecycling.com\/pl\/#\/schema\/person\/image\/\",\"url\":\"https:\/\/secure.gravatar.com\/avatar\/203f240e63bee214f6f3a0dacbeb600c7829c09716c2b9ee3230c6961debcde2?s=96&d=mm&r=g\",\"contentUrl\":\"https:\/\/secure.gravatar.com\/avatar\/203f240e63bee214f6f3a0dacbeb600c7829c09716c2b9ee3230c6961debcde2?s=96&d=mm&r=g\",\"caption\":\"rafal\"},\"url\":\"https:\/\/www.welovecycling.com\/pl\/author\/rafal\/\"}]}<\/script>\n<!-- \/ Yoast SEO Premium plugin. -->","yoast_head_json":{"title":"Niewiadoma na podium Tour de France Femmes - \u0160koda We Love Cycling - Poland","robots":{"index":"index","follow":"follow","max-snippet":"max-snippet:-1","max-image-preview":"max-image-preview:large","max-video-preview":"max-video-preview:-1"},"canonical":"https:\/\/www.welovecycling.com\/pl\/2022\/08\/01\/fantastyczny-wyczyn-polskiej-kolarki-niewiadoma-na-podium-tour-de-france\/","og_locale":"pl_PL","og_type":"article","og_title":"Niewiadoma na podium Tour de France Femmes","og_description":"\u2013 To by\u0142o moje marzenie \u2013 nie kry\u0142a szcz\u0119\u015bcia Katarzyna Niewiadoma. Polka zaj\u0119\u0142a trzecie miejsce w klasyfikacji generalnej Tour de [&hellip;]","og_url":"https:\/\/www.welovecycling.com\/pl\/2022\/08\/01\/fantastyczny-wyczyn-polskiej-kolarki-niewiadoma-na-podium-tour-de-france\/","og_site_name":"\u0160koda We Love Cycling - Poland","article_published_time":"2022-08-01T13:52:34+00:00","article_modified_time":"2023-09-19T09:54:29+00:00","og_image":[{"width":990,"height":660,"url":"https:\/\/d2p6e6u75xmxt8.cloudfront.net\/5\/2022\/08\/Tour-de-Femmes-CVR-profimedia-0711015873.jpg","type":"image\/jpeg"}],"author":"rafal","twitter_card":"summary_large_image","twitter_misc":{"Written by":"Piotr Nowik","Est. reading time":"3 minutes"},"schema":{"@context":"https:\/\/schema.org","@graph":[{"@type":"WebPage","@id":"https:\/\/www.welovecycling.com\/pl\/2022\/08\/01\/fantastyczny-wyczyn-polskiej-kolarki-niewiadoma-na-podium-tour-de-france\/","url":"https:\/\/www.welovecycling.com\/pl\/2022\/08\/01\/fantastyczny-wyczyn-polskiej-kolarki-niewiadoma-na-podium-tour-de-france\/","name":"Niewiadoma na podium Tour de France Femmes - \u0160koda We Love Cycling - Poland","isPartOf":{"@id":"https:\/\/www.welovecycling.com\/pl\/#website"},"primaryImageOfPage":{"@id":"https:\/\/www.welovecycling.com\/pl\/2022\/08\/01\/fantastyczny-wyczyn-polskiej-kolarki-niewiadoma-na-podium-tour-de-france\/#primaryimage"},"image":{"@id":"https:\/\/www.welovecycling.com\/pl\/2022\/08\/01\/fantastyczny-wyczyn-polskiej-kolarki-niewiadoma-na-podium-tour-de-france\/#primaryimage"},"thumbnailUrl":"https:\/\/d2p6e6u75xmxt8.cloudfront.net\/5\/2022\/08\/Tour-de-Femmes-CVR-profimedia-0711015873.jpg","datePublished":"2022-08-01T13:52:34+00:00","dateModified":"2023-09-19T09:54:29+00:00","author":{"@id":"https:\/\/www.welovecycling.com\/pl\/#\/schema\/person\/bf06ed916a1ef16618807fb60d2ebe42"},"breadcrumb":{"@id":"https:\/\/www.welovecycling.com\/pl\/2022\/08\/01\/fantastyczny-wyczyn-polskiej-kolarki-niewiadoma-na-podium-tour-de-france\/#breadcrumb"},"inLanguage":"pl-PL","potentialAction":[{"@type":"ReadAction","target":["https:\/\/www.welovecycling.com\/pl\/2022\/08\/01\/fantastyczny-wyczyn-polskiej-kolarki-niewiadoma-na-podium-tour-de-france\/"]}]},{"@type":"ImageObject","inLanguage":"pl-PL","@id":"https:\/\/www.welovecycling.com\/pl\/2022\/08\/01\/fantastyczny-wyczyn-polskiej-kolarki-niewiadoma-na-podium-tour-de-france\/#primaryimage","url":"https:\/\/d2p6e6u75xmxt8.cloudfront.net\/5\/2022\/08\/Tour-de-Femmes-CVR-profimedia-0711015873.jpg","contentUrl":"https:\/\/d2p6e6u75xmxt8.cloudfront.net\/5\/2022\/08\/Tour-de-Femmes-CVR-profimedia-0711015873.jpg","width":990,"height":660},{"@type":"BreadcrumbList","@id":"https:\/\/www.welovecycling.com\/pl\/2022\/08\/01\/fantastyczny-wyczyn-polskiej-kolarki-niewiadoma-na-podium-tour-de-france\/#breadcrumb","itemListElement":[{"@type":"ListItem","position":1,"name":"Home","item":"https:\/\/www.welovecycling.com\/pl\/"},{"@type":"ListItem","position":2,"name":"Niewiadoma na podium Tour de France Femmes"}]},{"@type":"WebSite","@id":"https:\/\/www.welovecycling.com\/pl\/#website","url":"https:\/\/www.welovecycling.com\/pl\/","name":"\u0160koda We Love Cycling - Poland","description":"","potentialAction":[{"@type":"SearchAction","target":{"@type":"EntryPoint","urlTemplate":"https:\/\/www.welovecycling.com\/pl\/?s={search_term_string}"},"query-input":{"@type":"PropertyValueSpecification","valueRequired":true,"valueName":"search_term_string"}}],"inLanguage":"pl-PL"},{"@type":"Person","@id":"https:\/\/www.welovecycling.com\/pl\/#\/schema\/person\/bf06ed916a1ef16618807fb60d2ebe42","name":"rafal","image":{"@type":"ImageObject","inLanguage":"pl-PL","@id":"https:\/\/www.welovecycling.com\/pl\/#\/schema\/person\/image\/","url":"https:\/\/secure.gravatar.com\/avatar\/203f240e63bee214f6f3a0dacbeb600c7829c09716c2b9ee3230c6961debcde2?s=96&d=mm&r=g","contentUrl":"https:\/\/secure.gravatar.com\/avatar\/203f240e63bee214f6f3a0dacbeb600c7829c09716c2b9ee3230c6961debcde2?s=96&d=mm&r=g","caption":"rafal"},"url":"https:\/\/www.welovecycling.com\/pl\/author\/rafal\/"}]}},"_links":{"self":[{"href":"https:\/\/www.welovecycling.com\/pl\/wp-json\/wp\/v2\/posts\/13094","targetHints":{"allow":["GET"]}}],"collection":[{"href":"https:\/\/www.welovecycling.com\/pl\/wp-json\/wp\/v2\/posts"}],"about":[{"href":"https:\/\/www.welovecycling.com\/pl\/wp-json\/wp\/v2\/types\/post"}],"author":[{"embeddable":true,"href":"https:\/\/www.welovecycling.com\/pl\/wp-json\/wp\/v2\/users\/153"}],"replies":[{"embeddable":true,"href":"https:\/\/www.welovecycling.com\/pl\/wp-json\/wp\/v2\/comments?post=13094"}],"version-history":[{"count":2,"href":"https:\/\/www.welovecycling.com\/pl\/wp-json\/wp\/v2\/posts\/13094\/revisions"}],"predecessor-version":[{"id":14262,"href":"https:\/\/www.welovecycling.com\/pl\/wp-json\/wp\/v2\/posts\/13094\/revisions\/14262"}],"wp:featuredmedia":[{"embeddable":true,"href":"https:\/\/www.welovecycling.com\/pl\/wp-json\/wp\/v2\/media\/13101"}],"wp:attachment":[{"href":"https:\/\/www.welovecycling.com\/pl\/wp-json\/wp\/v2\/media?parent=13094"}],"wp:term":[{"taxonomy":"category","embeddable":true,"href":"https:\/\/www.welovecycling.com\/pl\/wp-json\/wp\/v2\/categories?post=13094"},{"taxonomy":"post_tag","embeddable":true,"href":"https:\/\/www.welovecycling.com\/pl\/wp-json\/wp\/v2\/tags?post=13094"},{"taxonomy":"global-categories","embeddable":true,"href":"https:\/\/www.welovecycling.com\/pl\/wp-json\/wp\/v2\/global-categories?post=13094"}],"curies":[{"name":"wp","href":"https:\/\/api.w.org\/{rel}","templated":true}]}}