{"id":13091,"date":"2022-07-29T17:03:38","date_gmt":"2022-07-29T17:03:38","guid":{"rendered":"https:\/\/www.welovecycling.com\/pl\/?p=13091"},"modified":"2022-07-29T17:03:38","modified_gmt":"2022-07-29T17:03:38","slug":"rowerem-do-pracy-kilka-wskazowek","status":"publish","type":"post","link":"https:\/\/www.welovecycling.com\/pl\/2022\/07\/29\/rowerem-do-pracy-kilka-wskazowek\/","title":{"rendered":"Rowerem do pracy \u2013 kilka wskaz\u00f3wek"},"content":{"rendered":"<p><strong>Teraz, gdy mo\u017cna ju\u017c bezpiecznie wr\u00f3ci\u0107 do biura, a \u015bnieg dawno znikn\u0105\u0142, wielu z nas zn\u00f3w zacz\u0119\u0142o je\u017adzi\u0107 do pracy rowerem. Je\u017celi jeszcze nie nale\u017cysz do tego zacnego grona, zdecydowanie warto tego typu decyzj\u0119 rozwa\u017cy\u0107 \u2013 jazda na rowerze do pracy i z powrotem ma bardzo wiele zalet. Po pierwsze, umo\u017cliwia utrzymanie dobrej kondycji. Po drugie, pozwala zaoszcz\u0119dzi\u0107 pieni\u0105dze. Po trzecie, przyczynia si\u0119 do ochrony naszej planety. Wreszcie po czwarte, daje nam du\u017co rado\u015bci \u2013 zw\u0142aszcza je\u015bli mamy w mie\u015bcie bezpieczn\u0105 infrastruktur\u0119 rowerow\u0105. <\/strong><\/p>\n<p>Mo\u017ce wi\u0119c warto by jednak spr\u00f3bowa\u0107? A mo\u017ce masz ju\u017c w tym pewne do\u015bwiadczenie? Zastanawiasz si\u0119, czy istnieje jaki\u015b w\u0142a\u015bciwszy lub lepszy spos\u00f3b? Oto kilka wskaz\u00f3wek, kt\u00f3re sprawi\u0105, \u017ce przeja\u017cd\u017cki do pracy i z powrotem do domu stan\u0105 si\u0119 bezpieczniejsze i przyjemniejsze.<\/p>\n<p>Jak wiadomo, najwa\u017cniejszym elementem jazdy na rowerze jest sam rower, zw\u0142aszcza je\u015bli nasza podr\u00f3\u017c jest ograniczona czasowo. Bardzo istotne zatem b\u0119dzie sprawdzenie, czy wszystkie cz\u0119\u015bci naszego pojazdu s\u0105 w dobrym stanie \u2013 hamulce, opony, \u0142a\u0144cuch, peda\u0142y, \u015bwiat\u0142a i system przek\u0142adni. Warto wybra\u0107 si\u0119 do zaufanego warsztatu (mo\u017cesz poprosi\u0107 o rad\u0119 znajomych, kt\u00f3rzy ju\u017c od lat je\u017cd\u017c\u0105 na rowerach) i zleci\u0107 przegl\u0105d swojego dwuko\u0142owca, a w razie potrzeby \u2013 napraw\u0119. Z czasem by\u0107 mo\u017ce zdecydujesz si\u0119 zaj\u0105\u0107 takimi przegl\u0105dami na w\u0142asn\u0105 r\u0119k\u0119, dlatego zamieszczamy tutaj <a href=\"https:\/\/www.bikeradar.com\/advice\/workshop\/how-to-safety-check-your-bike\/\">instrukta\u017c<\/a>, jak bezpiecznie przeprowadzi\u0107 samodzieln\u0105 konserwacj\u0119 swojego roweru.<\/p>\n<figure style=\"width: 1000px\" class=\"wp-caption alignnone\"><img loading=\"lazy\" decoding=\"async\" src=\"https:\/\/d2p6e6u75xmxt8.cloudfront.net\/2\/2022\/05\/Cykelslangen-profimedia-0635992191.jpg\" alt=\"Cykelslangen\" width=\"1000\" height=\"666\" \/><figcaption class=\"wp-caption-text\">Rowerzy\u015bci na k\u0142adce dla rower\u00f3w i pieszych Cykelslangen w Kopenhadze. \u00a9 Profimedia<\/figcaption><\/figure>\n<p>Znajd\u017a najlepsz\u0105 \u2013 czyli najbezpieczniejsz\u0105 \u2013 tras\u0119 z domu do miejsca pracy. Wybierz si\u0119 na jazd\u0119 pr\u00f3bn\u0105, najlepiej w weekend. Nie decyduj si\u0119 na najszybsz\u0105 opcj\u0119, je\u015bli obejmuje potencjalnie niebezpieczne skrzy\u017cowania lub d\u0142u\u017csze odcinki bez \u015bcie\u017cek rowerowych. Istnieje wiele sprawdzonych aplikacji i narz\u0119dzi dla rowerzyst\u00f3w, kt\u00f3re pomog\u0105 w wyznaczaniu trasy, np. Komoot czy Ride with GPS. Standardowe mapy internetowe, takie jak <a href=\"https:\/\/www.google.co.uk\/maps\/\">Google Maps<\/a>, r\u00f3wnie\u017c dobrze sprawdz\u0105 si\u0119 w tej roli. Polecamy jednak zapozna\u0107 si\u0119 z dan\u0105 tras\u0105 osobi\u015bcie (zw\u0142aszcza w przypadku stosunkowo d\u0142ugich przejazd\u00f3w). Umo\u017cliwi to poznanie jej specyfiki i pozwoli upewni\u0107 si\u0119, \u017ce rzeczywi\u015bcie jest tak dobra, jak wskazywa\u0142 internet. Pami\u0119tajmy, \u017ce mniejszy ruch na drodze jest pod wieloma wzgl\u0119dami lepszy ni\u017c oszcz\u0119d\u00adno\u015b\u0107 czasu \u2013 stres to ostatnia rzecz, kt\u00f3rej potrzebujemy przed rozpocz\u0119ciem pracy.<\/p>\n<p>Nale\u017cy r\u00f3wnie\u017c wzi\u0105\u0107 pod uwag\u0119 prawo Murphy\u2019ego, kt\u00f3re powiada, \u017ce je\u015bli co\u015b mo\u017ce p\u00f3j\u015b\u0107 \u017ale, to tak si\u0119 w\u0142a\u015bnie stanie. Ta zasada sprawdza si\u0119 w szczeg\u00f3lno\u015bci w godzinach szczytu, dlatego zawsze uwzgl\u0119dnij co najmniej pi\u0119\u0107 minut na przestoje, a tak\u017ce na takie sytuacje, w kt\u00f3rych korek lub jakie\u015b zagro\u017cenie zmusi Ci\u0119 do zmniejszenia pr\u0119dko\u015bci lub znalezienia alternatywnej trasy. Nawet je\u015bli nic si\u0119 nie wydarzy, dodatkowy czas pozwoli na komfortow\u0105 podr\u00f3\u017c w spokojnym tempie, a tym samym uratuje Ci\u0119 od niepotrzebnego potu i zm\u0119czenia. Na dobr\u0105 spraw\u0119 warto mie\u0107 zapas nawet do 10 minut \u2013 tak dla bezpiecze\u0144stwa, poniewa\u017c podczas jazdy na rowerze <a href=\"https:\/\/www.welovecycling.com\/wide\/2019\/04\/09\/stay-on-the-safe-side-a-mission-to-share-the-road-responsibly\/\">ma ono du\u017ce znaczenie<\/a>.<\/p>\n<p>Zabierz ze sob\u0105 ubranie na zmian\u0119 i dla pewno\u015bci dodatkow\u0105 d\u0119tk\u0119 oraz narz\u0119dzia potrzebne do naprawy przebitej opony. Je\u015bli jeszcze nie wiesz, jak to si\u0119 robi, warto si\u0119 tego mo\u017cliwie jak najszybciej nauczy\u0107. Dobrym pomys\u00ad\u0142em b\u0119dzie te\u017c znalezienie towarzystwa do jazdy \u2013 rowerzyst\u00f3w, kt\u00f3rzy znacz\u00adn\u0105 cz\u0119\u015b\u0107 trasy pokonaj\u0105 razem z Tob\u0105. Najlepiej by\u0142oby je\u017adzi\u0107 z osobami, kt\u00f3re doje\u017cd\u017caj\u0105 rowerem do pracy od wielu lat i dobrze znaj\u0105 si\u0119 na wszystkim, czego Ty dopiero musisz si\u0119 nauczy\u0107. Wsp\u00f3lna jazda nie tylko sprawi Ci wi\u0119ksz\u0105 przyjemno\u015b\u0107, ale tak\u017ce pomo\u017ce si\u0119 zrelaksowa\u0107 \u2013 \u00a0dop\u00f3ki nie poczujesz, \u017ce znasz ju\u017c wszystkie podstawowe zasady dojazdu do pracy na rowerze. By\u0107 mo\u017ce warto r\u00f3wnie\u017c pomy\u015ble\u0107 o odpowiednim ubezpieczeniu \u2013 tak na wszelki wypadek.<\/p>\n<p>Miej tak\u017ce na uwadze pogod\u0119 \u2013 bywa kapry\u015bna i mo\u017ce si\u0119 zmieni\u0107 w mgnie\u00adniu oka. Zanim wyruszysz w drog\u0119, zapoznaj si\u0119 z najnowsz\u0105 prognoz\u0105 dla danego obszaru. Jednak niezale\u017cnie od przewidywa\u0144 zawsze miej przy sobie co\u015b do ochrony przed zimnem i zmokni\u0119ciem. Bo je\u015bli co\u015b mo\u017ce p\u00f3j\u015b\u0107 nie po naszej my\u015bli, zazwyczaj b\u0119dzie mia\u0142a co\u015b z tym wsp\u00f3lnego w\u0142a\u015bnie pogoda.<\/p>\n<p><span data-sheets-value=\"{&quot;1&quot;:2,&quot;2&quot;:&quot;Artyku\u0142 powsta\u0142 we wsp\u00f3\u0142pracy ze skoda-auto.pl&quot;}\" data-sheets-userformat=\"{&quot;2&quot;:1,&quot;3&quot;:{&quot;1&quot;:0}}\" data-sheets-hyperlink=\"http:\/\/www.skoda-auto.pl\/\"><a class=\"in-cell-link\" href=\"http:\/\/www.skoda-auto.pl\/\" target=\"_blank\" rel=\"noopener noreferrer\">Artyku\u0142 powsta\u0142 we wsp\u00f3\u0142pracy ze skoda-auto.pl<\/a><\/span><\/p>\n<p><a href=\"https:\/\/www.skoda-auto.pl\/modele\/nowa-octavia\"><img loading=\"lazy\" decoding=\"async\" class=\"alignnone size-full wp-image-11630 aligncenter\" src=\"https:\/\/d2p6e6u75xmxt8.cloudfront.net\/5\/2021\/12\/640x350-1.jpg\" alt=\"\" width=\"640\" height=\"350\" srcset=\"https:\/\/d2p6e6u75xmxt8.cloudfront.net\/5\/2021\/12\/640x350-1.jpg 640w, https:\/\/d2p6e6u75xmxt8.cloudfront.net\/5\/2021\/12\/640x350-1-300x164.jpg 300w\" sizes=\"auto, (max-width: 640px) 100vw, 640px\" \/><\/a><\/p>\n","protected":false},"excerpt":{"rendered":"<p>Teraz, gdy mo\u017cna ju\u017c bezpiecznie wr\u00f3ci\u0107 do biura, a \u015bnieg dawno znikn\u0105\u0142, wielu z nas zn\u00f3w zacz\u0119\u0142o je\u017adzi\u0107 do pracy [&hellip;]<\/p>\n","protected":false},"author":153,"featured_media":13092,"comment_status":"open","ping_status":"open","sticky":false,"template":"","format":"standard","meta":{"footnotes":""},"categories":[332],"tags":[],"global-categories":[303],"class_list":["post-13091","post","type-post","status-publish","format-standard","has-post-thumbnail","hentry","category-lifestyle","global-categories-cycling"],"yoast_head":"<!-- This site is optimized with the Yoast SEO Premium plugin v25.3 (Yoast SEO v25.9) - https:\/\/yoast.com\/wordpress\/plugins\/seo\/ -->\n<title>Rowerem do pracy \u2013 kilka wskaz\u00f3wek - \u0160koda We Love Cycling - Poland<\/title>\n<meta name=\"robots\" content=\"index, follow, max-snippet:-1, max-image-preview:large, max-video-preview:-1\" \/>\n<link rel=\"canonical\" href=\"https:\/\/www.welovecycling.com\/pl\/2022\/07\/29\/rowerem-do-pracy-kilka-wskazowek\/\" \/>\n<meta property=\"og:locale\" content=\"pl_PL\" \/>\n<meta property=\"og:type\" content=\"article\" \/>\n<meta property=\"og:title\" content=\"Rowerem do pracy \u2013 kilka wskaz\u00f3wek\" \/>\n<meta property=\"og:description\" content=\"Teraz, gdy mo\u017cna ju\u017c bezpiecznie wr\u00f3ci\u0107 do biura, a \u015bnieg dawno znikn\u0105\u0142, wielu z nas zn\u00f3w zacz\u0119\u0142o je\u017adzi\u0107 do pracy [&hellip;]\" \/>\n<meta property=\"og:url\" content=\"https:\/\/www.welovecycling.com\/pl\/2022\/07\/29\/rowerem-do-pracy-kilka-wskazowek\/\" \/>\n<meta property=\"og:site_name\" content=\"\u0160koda We Love Cycling - Poland\" \/>\n<meta property=\"article:published_time\" content=\"2022-07-29T17:03:38+00:00\" \/>\n<meta property=\"og:image\" content=\"https:\/\/d2p6e6u75xmxt8.cloudfront.net\/5\/2022\/07\/Bicycle-Commuters-profimedia-0693070763-CVR.jpg\" \/>\n\t<meta property=\"og:image:width\" content=\"990\" \/>\n\t<meta property=\"og:image:height\" content=\"660\" \/>\n\t<meta property=\"og:image:type\" content=\"image\/jpeg\" \/>\n<meta name=\"author\" content=\"rafal\" \/>\n<meta name=\"twitter:card\" content=\"summary_large_image\" \/>\n<meta name=\"twitter:label1\" content=\"Written by\" \/>\n\t<meta name=\"twitter:data1\" content=\"Siegfried Mortkowitz\" \/>\n\t<meta name=\"twitter:label2\" content=\"Est. reading time\" \/>\n\t<meta name=\"twitter:data2\" content=\"5\" \/>\n<script type=\"application\/ld+json\" class=\"yoast-schema-graph\">{\"@context\":\"https:\/\/schema.org\",\"@graph\":[{\"@type\":\"WebPage\",\"@id\":\"https:\/\/www.welovecycling.com\/pl\/2022\/07\/29\/rowerem-do-pracy-kilka-wskazowek\/\",\"url\":\"https:\/\/www.welovecycling.com\/pl\/2022\/07\/29\/rowerem-do-pracy-kilka-wskazowek\/\",\"name\":\"Rowerem do pracy \u2013 kilka wskaz\u00f3wek - \u0160koda We Love Cycling - Poland\",\"isPartOf\":{\"@id\":\"https:\/\/www.welovecycling.com\/pl\/#website\"},\"primaryImageOfPage\":{\"@id\":\"https:\/\/www.welovecycling.com\/pl\/2022\/07\/29\/rowerem-do-pracy-kilka-wskazowek\/#primaryimage\"},\"image\":{\"@id\":\"https:\/\/www.welovecycling.com\/pl\/2022\/07\/29\/rowerem-do-pracy-kilka-wskazowek\/#primaryimage\"},\"thumbnailUrl\":\"https:\/\/d2p6e6u75xmxt8.cloudfront.net\/5\/2022\/07\/Bicycle-Commuters-profimedia-0693070763-CVR.jpg\",\"datePublished\":\"2022-07-29T17:03:38+00:00\",\"author\":{\"@id\":\"https:\/\/www.welovecycling.com\/pl\/#\/schema\/person\/bf06ed916a1ef16618807fb60d2ebe42\"},\"breadcrumb\":{\"@id\":\"https:\/\/www.welovecycling.com\/pl\/2022\/07\/29\/rowerem-do-pracy-kilka-wskazowek\/#breadcrumb\"},\"inLanguage\":\"pl-PL\",\"potentialAction\":[{\"@type\":\"ReadAction\",\"target\":[\"https:\/\/www.welovecycling.com\/pl\/2022\/07\/29\/rowerem-do-pracy-kilka-wskazowek\/\"]}]},{\"@type\":\"ImageObject\",\"inLanguage\":\"pl-PL\",\"@id\":\"https:\/\/www.welovecycling.com\/pl\/2022\/07\/29\/rowerem-do-pracy-kilka-wskazowek\/#primaryimage\",\"url\":\"https:\/\/d2p6e6u75xmxt8.cloudfront.net\/5\/2022\/07\/Bicycle-Commuters-profimedia-0693070763-CVR.jpg\",\"contentUrl\":\"https:\/\/d2p6e6u75xmxt8.cloudfront.net\/5\/2022\/07\/Bicycle-Commuters-profimedia-0693070763-CVR.jpg\",\"width\":990,\"height\":660},{\"@type\":\"BreadcrumbList\",\"@id\":\"https:\/\/www.welovecycling.com\/pl\/2022\/07\/29\/rowerem-do-pracy-kilka-wskazowek\/#breadcrumb\",\"itemListElement\":[{\"@type\":\"ListItem\",\"position\":1,\"name\":\"Home\",\"item\":\"https:\/\/www.welovecycling.com\/pl\/\"},{\"@type\":\"ListItem\",\"position\":2,\"name\":\"Rowerem do pracy \u2013 kilka wskaz\u00f3wek\"}]},{\"@type\":\"WebSite\",\"@id\":\"https:\/\/www.welovecycling.com\/pl\/#website\",\"url\":\"https:\/\/www.welovecycling.com\/pl\/\",\"name\":\"\u0160koda We Love Cycling - Poland\",\"description\":\"\",\"potentialAction\":[{\"@type\":\"SearchAction\",\"target\":{\"@type\":\"EntryPoint\",\"urlTemplate\":\"https:\/\/www.welovecycling.com\/pl\/?s={search_term_string}\"},\"query-input\":{\"@type\":\"PropertyValueSpecification\",\"valueRequired\":true,\"valueName\":\"search_term_string\"}}],\"inLanguage\":\"pl-PL\"},{\"@type\":\"Person\",\"@id\":\"https:\/\/www.welovecycling.com\/pl\/#\/schema\/person\/bf06ed916a1ef16618807fb60d2ebe42\",\"name\":\"rafal\",\"image\":{\"@type\":\"ImageObject\",\"inLanguage\":\"pl-PL\",\"@id\":\"https:\/\/www.welovecycling.com\/pl\/#\/schema\/person\/image\/\",\"url\":\"https:\/\/secure.gravatar.com\/avatar\/203f240e63bee214f6f3a0dacbeb600c7829c09716c2b9ee3230c6961debcde2?s=96&d=mm&r=g\",\"contentUrl\":\"https:\/\/secure.gravatar.com\/avatar\/203f240e63bee214f6f3a0dacbeb600c7829c09716c2b9ee3230c6961debcde2?s=96&d=mm&r=g\",\"caption\":\"rafal\"},\"url\":\"https:\/\/www.welovecycling.com\/pl\/author\/rafal\/\"}]}<\/script>\n<!-- \/ Yoast SEO Premium plugin. -->","yoast_head_json":{"title":"Rowerem do pracy \u2013 kilka wskaz\u00f3wek - \u0160koda We Love Cycling - Poland","robots":{"index":"index","follow":"follow","max-snippet":"max-snippet:-1","max-image-preview":"max-image-preview:large","max-video-preview":"max-video-preview:-1"},"canonical":"https:\/\/www.welovecycling.com\/pl\/2022\/07\/29\/rowerem-do-pracy-kilka-wskazowek\/","og_locale":"pl_PL","og_type":"article","og_title":"Rowerem do pracy \u2013 kilka wskaz\u00f3wek","og_description":"Teraz, gdy mo\u017cna ju\u017c bezpiecznie wr\u00f3ci\u0107 do biura, a \u015bnieg dawno znikn\u0105\u0142, wielu z nas zn\u00f3w zacz\u0119\u0142o je\u017adzi\u0107 do pracy [&hellip;]","og_url":"https:\/\/www.welovecycling.com\/pl\/2022\/07\/29\/rowerem-do-pracy-kilka-wskazowek\/","og_site_name":"\u0160koda We Love Cycling - Poland","article_published_time":"2022-07-29T17:03:38+00:00","og_image":[{"width":990,"height":660,"url":"https:\/\/d2p6e6u75xmxt8.cloudfront.net\/5\/2022\/07\/Bicycle-Commuters-profimedia-0693070763-CVR.jpg","type":"image\/jpeg"}],"author":"rafal","twitter_card":"summary_large_image","twitter_misc":{"Written by":"Siegfried Mortkowitz","Est. reading time":"5"},"schema":{"@context":"https:\/\/schema.org","@graph":[{"@type":"WebPage","@id":"https:\/\/www.welovecycling.com\/pl\/2022\/07\/29\/rowerem-do-pracy-kilka-wskazowek\/","url":"https:\/\/www.welovecycling.com\/pl\/2022\/07\/29\/rowerem-do-pracy-kilka-wskazowek\/","name":"Rowerem do pracy \u2013 kilka wskaz\u00f3wek - \u0160koda We Love Cycling - Poland","isPartOf":{"@id":"https:\/\/www.welovecycling.com\/pl\/#website"},"primaryImageOfPage":{"@id":"https:\/\/www.welovecycling.com\/pl\/2022\/07\/29\/rowerem-do-pracy-kilka-wskazowek\/#primaryimage"},"image":{"@id":"https:\/\/www.welovecycling.com\/pl\/2022\/07\/29\/rowerem-do-pracy-kilka-wskazowek\/#primaryimage"},"thumbnailUrl":"https:\/\/d2p6e6u75xmxt8.cloudfront.net\/5\/2022\/07\/Bicycle-Commuters-profimedia-0693070763-CVR.jpg","datePublished":"2022-07-29T17:03:38+00:00","author":{"@id":"https:\/\/www.welovecycling.com\/pl\/#\/schema\/person\/bf06ed916a1ef16618807fb60d2ebe42"},"breadcrumb":{"@id":"https:\/\/www.welovecycling.com\/pl\/2022\/07\/29\/rowerem-do-pracy-kilka-wskazowek\/#breadcrumb"},"inLanguage":"pl-PL","potentialAction":[{"@type":"ReadAction","target":["https:\/\/www.welovecycling.com\/pl\/2022\/07\/29\/rowerem-do-pracy-kilka-wskazowek\/"]}]},{"@type":"ImageObject","inLanguage":"pl-PL","@id":"https:\/\/www.welovecycling.com\/pl\/2022\/07\/29\/rowerem-do-pracy-kilka-wskazowek\/#primaryimage","url":"https:\/\/d2p6e6u75xmxt8.cloudfront.net\/5\/2022\/07\/Bicycle-Commuters-profimedia-0693070763-CVR.jpg","contentUrl":"https:\/\/d2p6e6u75xmxt8.cloudfront.net\/5\/2022\/07\/Bicycle-Commuters-profimedia-0693070763-CVR.jpg","width":990,"height":660},{"@type":"BreadcrumbList","@id":"https:\/\/www.welovecycling.com\/pl\/2022\/07\/29\/rowerem-do-pracy-kilka-wskazowek\/#breadcrumb","itemListElement":[{"@type":"ListItem","position":1,"name":"Home","item":"https:\/\/www.welovecycling.com\/pl\/"},{"@type":"ListItem","position":2,"name":"Rowerem do pracy \u2013 kilka wskaz\u00f3wek"}]},{"@type":"WebSite","@id":"https:\/\/www.welovecycling.com\/pl\/#website","url":"https:\/\/www.welovecycling.com\/pl\/","name":"\u0160koda We Love Cycling - Poland","description":"","potentialAction":[{"@type":"SearchAction","target":{"@type":"EntryPoint","urlTemplate":"https:\/\/www.welovecycling.com\/pl\/?s={search_term_string}"},"query-input":{"@type":"PropertyValueSpecification","valueRequired":true,"valueName":"search_term_string"}}],"inLanguage":"pl-PL"},{"@type":"Person","@id":"https:\/\/www.welovecycling.com\/pl\/#\/schema\/person\/bf06ed916a1ef16618807fb60d2ebe42","name":"rafal","image":{"@type":"ImageObject","inLanguage":"pl-PL","@id":"https:\/\/www.welovecycling.com\/pl\/#\/schema\/person\/image\/","url":"https:\/\/secure.gravatar.com\/avatar\/203f240e63bee214f6f3a0dacbeb600c7829c09716c2b9ee3230c6961debcde2?s=96&d=mm&r=g","contentUrl":"https:\/\/secure.gravatar.com\/avatar\/203f240e63bee214f6f3a0dacbeb600c7829c09716c2b9ee3230c6961debcde2?s=96&d=mm&r=g","caption":"rafal"},"url":"https:\/\/www.welovecycling.com\/pl\/author\/rafal\/"}]}},"_links":{"self":[{"href":"https:\/\/www.welovecycling.com\/pl\/wp-json\/wp\/v2\/posts\/13091","targetHints":{"allow":["GET"]}}],"collection":[{"href":"https:\/\/www.welovecycling.com\/pl\/wp-json\/wp\/v2\/posts"}],"about":[{"href":"https:\/\/www.welovecycling.com\/pl\/wp-json\/wp\/v2\/types\/post"}],"author":[{"embeddable":true,"href":"https:\/\/www.welovecycling.com\/pl\/wp-json\/wp\/v2\/users\/153"}],"replies":[{"embeddable":true,"href":"https:\/\/www.welovecycling.com\/pl\/wp-json\/wp\/v2\/comments?post=13091"}],"version-history":[{"count":1,"href":"https:\/\/www.welovecycling.com\/pl\/wp-json\/wp\/v2\/posts\/13091\/revisions"}],"predecessor-version":[{"id":13093,"href":"https:\/\/www.welovecycling.com\/pl\/wp-json\/wp\/v2\/posts\/13091\/revisions\/13093"}],"wp:featuredmedia":[{"embeddable":true,"href":"https:\/\/www.welovecycling.com\/pl\/wp-json\/wp\/v2\/media\/13092"}],"wp:attachment":[{"href":"https:\/\/www.welovecycling.com\/pl\/wp-json\/wp\/v2\/media?parent=13091"}],"wp:term":[{"taxonomy":"category","embeddable":true,"href":"https:\/\/www.welovecycling.com\/pl\/wp-json\/wp\/v2\/categories?post=13091"},{"taxonomy":"post_tag","embeddable":true,"href":"https:\/\/www.welovecycling.com\/pl\/wp-json\/wp\/v2\/tags?post=13091"},{"taxonomy":"global-categories","embeddable":true,"href":"https:\/\/www.welovecycling.com\/pl\/wp-json\/wp\/v2\/global-categories?post=13091"}],"curies":[{"name":"wp","href":"https:\/\/api.w.org\/{rel}","templated":true}]}}